{"id":21990,"date":"2025-04-12T21:12:06","date_gmt":"2025-04-13T00:12:06","guid":{"rendered":"https:\/\/serrafm879.com.br\/serrafm\/?p=21990"},"modified":"2025-04-13T21:14:55","modified_gmt":"2025-04-14T00:14:55","slug":"flores-pe-lanca-programacao-oficial-da-74a-festa-das-rosas","status":"publish","type":"post","link":"https:\/\/serrafm879.com.br\/serrafm\/2025\/04\/flores-pe-lanca-programacao-oficial-da-74a-festa-das-rosas\/","title":{"rendered":"Flores-PE lan\u00e7a programa\u00e7\u00e3o oficial da 74\u00aa Festa das Rosas"},"content":{"rendered":"<p>A Prefeitura de Flores anunciou oficialmente a programa\u00e7\u00e3o da 74\u00aa edi\u00e7\u00e3o da Festa das Rosas, um dos eventos mais aguardados do munic\u00edpio e de toda a regi\u00e3o. A divulga\u00e7\u00e3o foi feita pelo prefeito Gilberto Ribeiro, ao lado dos secret\u00e1rios Marconi Santana (Governo) e Lucila Santana (Infraestrutura), refor\u00e7ando o compromisso da gest\u00e3o com a valoriza\u00e7\u00e3o das tradi\u00e7\u00f5es e o lazer da popula\u00e7\u00e3o.<\/p>\n<p>A festa acontecer\u00e1 nos dias 22 e 23 de maio, na sede do munic\u00edpio, e no dia 31 de maio, no distrito de F\u00e1tima, com uma grade de atra\u00e7\u00f5es que promete movimentar a cidade, aquecer a economia local e oferecer momentos de grande entretenimento ao p\u00fablico florense e visitantes.<\/p>\n<p>Entre as atra\u00e7\u00f5es confirmadas est\u00e3o:<\/p>\n<p>Dia 22\/05 \u2013 Sede de Flores<\/p>\n<p>Natanzinho Lima<\/p>\n<p>Kelvy Pablo<\/p>\n<p>Dia 23\/05 \u2013 Sede de Flores<\/p>\n<p>Tropyk\u00e1lia<\/p>\n<p>Raphaela Santos<\/p>\n<p>Dia 31\/05 \u2013 Distrito de F\u00e1tima<\/p>\n<p>Nuzio Medeiros<\/p>\n<p>Guilherme Ferri<\/p>\n<p>Renatto Pires<\/p>\n<p>Durante o an\u00fancio, o prefeito Gilberto Ribeiro destacou a import\u00e2ncia da Festa das Rosas como s\u00edmbolo da identidade de Flores. \u201cEssa festa vai muito al\u00e9m do palco e da m\u00fasica. Ela representa a alegria do nosso povo, o reencontro de fam\u00edlias e amigos, o fortalecimento da nossa cultura e o impulso ao com\u00e9rcio local. Preparamos tudo com muito carinho e responsabilidade para que mais uma vez Flores viva esse grande momento com seguran\u00e7a, organiza\u00e7\u00e3o e emo\u00e7\u00e3o\u201d, afirmou.<\/p>\n<p>Os secret\u00e1rios Marconi Santana e Lucila Santana tamb\u00e9m refor\u00e7aram o esfor\u00e7o conjunto da gest\u00e3o para oferecer uma festa \u00e0 altura da hist\u00f3ria e da expectativa da popula\u00e7\u00e3o. \u201cA Festa das Rosas \u00e9 um patrim\u00f4nio do nosso povo. Trabalhamos para manter essa tradi\u00e7\u00e3o viva, valorizando o que somos e projetando Flores para o futuro\u201d, disse Marconi Santana.<\/p>\n<p>A expectativa \u00e9 de que o evento atraia milhares de pessoas \u00e0 cidade, movimentando hot\u00e9is, restaurantes, ambulantes e toda a cadeia produtiva do munic\u00edpio. A Prefeitura j\u00e1 est\u00e1 organizando toda a estrutura de seguran\u00e7a, mobilidade, sa\u00fade e log\u00edstica para garantir conforto e tranquilidade durante os dias de festa.<\/p>\n","protected":false},"excerpt":{"rendered":"<p>A Prefeitura de Flores anunciou oficialmente a programa\u00e7\u00e3o da 74\u00aa edi\u00e7\u00e3o da Festa das Rosas, um dos eventos mais aguardados do munic\u00edpio e de toda a regi\u00e3o. A divulga\u00e7\u00e3o foi feita pelo prefeito Gilberto Ribeiro, ao lado dos secret\u00e1rios Marconi Santana (Governo) e Lucila Santana (Infraestrutura), refor\u00e7ando o compromisso da gest\u00e3o com a valoriza\u00e7\u00e3o das tradi\u00e7\u00f5es e o lazer da popula\u00e7\u00e3o. A festa acontecer\u00e1 nos dias 22 e 23 de maio, na sede do munic\u00edpio, e no dia 31 de maio, no distrito de F\u00e1tima, com uma grade de atra\u00e7\u00f5es que promete movimentar a cidade, aquecer a economia local e [&hellip;]<\/p>\n","protected":false},"author":2,"featured_media":21991,"comment_status":"open","ping_status":"open","sticky":false,"template":"","format":"standard","meta":{"_jetpack_memberships_contains_paid_content":false,"footnotes":"","jetpack_publicize_message":"","jetpack_publicize_feature_enabled":true,"jetpack_social_post_already_shared":true,"jetpack_social_options":{"image_generator_settings":{"template":"highway","enabled":false},"version":2}},"categories":[1],"tags":[],"class_list":["post-21990","post","type-post","status-publish","format-standard","has-post-thumbnail","hentry","category-uncategorized"],"jetpack_publicize_connections":[],"yoast_head":"<!-- This site is optimized with the Yoast SEO plugin v24.7 - https:\/\/yoast.com\/wordpress\/plugins\/seo\/ -->\n<title>Flores-PE lan\u00e7a programa\u00e7\u00e3o oficial da 74\u00aa Festa das Rosas - Serra FM 87,9<\/title>\n<meta name=\"robots\" content=\"index, follow, max-snippet:-1, max-image-preview:large, max-video-preview:-1\" \/>\n<link rel=\"canonical\" href=\"https:\/\/serrafm879.com.br\/serrafm\/2025\/04\/flores-pe-lanca-programacao-oficial-da-74a-festa-das-rosas\/\" \/>\n<meta property=\"og:locale\" content=\"pt_BR\" \/>\n<meta property=\"og:type\" content=\"article\" \/>\n<meta property=\"og:title\" content=\"Flores-PE lan\u00e7a programa\u00e7\u00e3o oficial da 74\u00aa Festa das Rosas - Serra FM 87,9\" \/>\n<meta property=\"og:description\" content=\"A Prefeitura de Flores anunciou oficialmente a programa\u00e7\u00e3o da 74\u00aa edi\u00e7\u00e3o da Festa das Rosas, um dos eventos mais aguardados do munic\u00edpio e de toda a regi\u00e3o. A divulga\u00e7\u00e3o foi feita pelo prefeito Gilberto Ribeiro, ao lado dos secret\u00e1rios Marconi Santana (Governo) e Lucila Santana (Infraestrutura), refor\u00e7ando o compromisso da gest\u00e3o com a valoriza\u00e7\u00e3o das tradi\u00e7\u00f5es e o lazer da popula\u00e7\u00e3o. A festa acontecer\u00e1 nos dias 22 e 23 de maio, na sede do munic\u00edpio, e no dia 31 de maio, no distrito de F\u00e1tima, com uma grade de atra\u00e7\u00f5es que promete movimentar a cidade, aquecer a economia local e [&hellip;]\" \/>\n<meta property=\"og:url\" content=\"https:\/\/serrafm879.com.br\/serrafm\/2025\/04\/flores-pe-lanca-programacao-oficial-da-74a-festa-das-rosas\/\" \/>\n<meta property=\"og:site_name\" content=\"Serra FM 87,9\" \/>\n<meta property=\"article:published_time\" content=\"2025-04-13T00:12:06+00:00\" \/>\n<meta property=\"article:modified_time\" content=\"2025-04-14T00:14:55+00:00\" \/>\n<meta property=\"og:image\" content=\"https:\/\/serrafm879.com.br\/serrafm\/wp-content\/uploads\/2025\/04\/Captura-de-tela-2025-04-13-211320.png\" \/>\n\t<meta property=\"og:image:width\" content=\"314\" \/>\n\t<meta property=\"og:image:height\" content=\"395\" \/>\n\t<meta property=\"og:image:type\" content=\"image\/png\" \/>\n<meta name=\"author\" content=\"serrafm87\" \/>\n<meta name=\"twitter:card\" content=\"summary_large_image\" \/>\n<meta name=\"twitter:label1\" content=\"Escrito por\" \/>\n\t<meta name=\"twitter:data1\" content=\"serrafm87\" \/>\n\t<meta name=\"twitter:label2\" content=\"Est. tempo de leitura\" \/>\n\t<meta name=\"twitter:data2\" content=\"2 minutos\" \/>\n<script type=\"application\/ld+json\" class=\"yoast-schema-graph\">{\"@context\":\"https:\/\/schema.org\",\"@graph\":[{\"@type\":\"WebPage\",\"@id\":\"https:\/\/serrafm879.com.br\/serrafm\/2025\/04\/flores-pe-lanca-programacao-oficial-da-74a-festa-das-rosas\/\",\"url\":\"https:\/\/serrafm879.com.br\/serrafm\/2025\/04\/flores-pe-lanca-programacao-oficial-da-74a-festa-das-rosas\/\",\"name\":\"Flores-PE lan\u00e7a programa\u00e7\u00e3o oficial da 74\u00aa Festa das Rosas - Serra FM 87,9\",\"isPartOf\":{\"@id\":\"https:\/\/serrafm879.com.br\/serrafm\/#website\"},\"primaryImageOfPage\":{\"@id\":\"https:\/\/serrafm879.com.br\/serrafm\/2025\/04\/flores-pe-lanca-programacao-oficial-da-74a-festa-das-rosas\/#primaryimage\"},\"image\":{\"@id\":\"https:\/\/serrafm879.com.br\/serrafm\/2025\/04\/flores-pe-lanca-programacao-oficial-da-74a-festa-das-rosas\/#primaryimage\"},\"thumbnailUrl\":\"https:\/\/serrafm879.com.br\/serrafm\/wp-content\/uploads\/2025\/04\/Captura-de-tela-2025-04-13-211320.png\",\"datePublished\":\"2025-04-13T00:12:06+00:00\",\"dateModified\":\"2025-04-14T00:14:55+00:00\",\"author\":{\"@id\":\"https:\/\/serrafm879.com.br\/serrafm\/#\/schema\/person\/c028a197030ff8b1c03c68dfba4a787a\"},\"breadcrumb\":{\"@id\":\"https:\/\/serrafm879.com.br\/serrafm\/2025\/04\/flores-pe-lanca-programacao-oficial-da-74a-festa-das-rosas\/#breadcrumb\"},\"inLanguage\":\"pt-BR\",\"potentialAction\":[{\"@type\":\"ReadAction\",\"target\":[\"https:\/\/serrafm879.com.br\/serrafm\/2025\/04\/flores-pe-lanca-programacao-oficial-da-74a-festa-das-rosas\/\"]}]},{\"@type\":\"ImageObject\",\"inLanguage\":\"pt-BR\",\"@id\":\"https:\/\/serrafm879.com.br\/serrafm\/2025\/04\/flores-pe-lanca-programacao-oficial-da-74a-festa-das-rosas\/#primaryimage\",\"url\":\"https:\/\/serrafm879.com.br\/serrafm\/wp-content\/uploads\/2025\/04\/Captura-de-tela-2025-04-13-211320.png\",\"contentUrl\":\"https:\/\/serrafm879.com.br\/serrafm\/wp-content\/uploads\/2025\/04\/Captura-de-tela-2025-04-13-211320.png\",\"width\":314,\"height\":395},{\"@type\":\"BreadcrumbList\",\"@id\":\"https:\/\/serrafm879.com.br\/serrafm\/2025\/04\/flores-pe-lanca-programacao-oficial-da-74a-festa-das-rosas\/#breadcrumb\",\"itemListElement\":[{\"@type\":\"ListItem\",\"position\":1,\"name\":\"In\u00edcio\",\"item\":\"https:\/\/serrafm879.com.br\/serrafm\/\"},{\"@type\":\"ListItem\",\"position\":2,\"name\":\"Flores-PE lan\u00e7a programa\u00e7\u00e3o oficial da 74\u00aa Festa das Rosas\"}]},{\"@type\":\"WebSite\",\"@id\":\"https:\/\/serrafm879.com.br\/serrafm\/#website\",\"url\":\"https:\/\/serrafm879.com.br\/serrafm\/\",\"name\":\"Serra FM 87,9\",\"description\":\"O seu novo amor!\",\"potentialAction\":[{\"@type\":\"SearchAction\",\"target\":{\"@type\":\"EntryPoint\",\"urlTemplate\":\"https:\/\/serrafm879.com.br\/serrafm\/?s={search_term_string}\"},\"query-input\":{\"@type\":\"PropertyValueSpecification\",\"valueRequired\":true,\"valueName\":\"search_term_string\"}}],\"inLanguage\":\"pt-BR\"},{\"@type\":\"Person\",\"@id\":\"https:\/\/serrafm879.com.br\/serrafm\/#\/schema\/person\/c028a197030ff8b1c03c68dfba4a787a\",\"name\":\"serrafm87\",\"image\":{\"@type\":\"ImageObject\",\"inLanguage\":\"pt-BR\",\"@id\":\"https:\/\/serrafm879.com.br\/serrafm\/#\/schema\/person\/image\/\",\"url\":\"https:\/\/secure.gravatar.com\/avatar\/a743233f1112d34f48bb3dc9559b76eb930bab8b27175856cba6362608736235?s=96&d=mm&r=g\",\"contentUrl\":\"https:\/\/secure.gravatar.com\/avatar\/a743233f1112d34f48bb3dc9559b76eb930bab8b27175856cba6362608736235?s=96&d=mm&r=g\",\"caption\":\"serrafm87\"},\"sameAs\":[\"http:\/\/serrafm879.com.br\/\"],\"url\":\"https:\/\/serrafm879.com.br\/serrafm\/author\/serrafm87\/\"}]}<\/script>\n<!-- \/ Yoast SEO plugin. -->","yoast_head_json":{"title":"Flores-PE lan\u00e7a programa\u00e7\u00e3o oficial da 74\u00aa Festa das Rosas - Serra FM 87,9","robots":{"index":"index","follow":"follow","max-snippet":"max-snippet:-1","max-image-preview":"max-image-preview:large","max-video-preview":"max-video-preview:-1"},"canonical":"https:\/\/serrafm879.com.br\/serrafm\/2025\/04\/flores-pe-lanca-programacao-oficial-da-74a-festa-das-rosas\/","og_locale":"pt_BR","og_type":"article","og_title":"Flores-PE lan\u00e7a programa\u00e7\u00e3o oficial da 74\u00aa Festa das Rosas - Serra FM 87,9","og_description":"A Prefeitura de Flores anunciou oficialmente a programa\u00e7\u00e3o da 74\u00aa edi\u00e7\u00e3o da Festa das Rosas, um dos eventos mais aguardados do munic\u00edpio e de toda a regi\u00e3o. A divulga\u00e7\u00e3o foi feita pelo prefeito Gilberto Ribeiro, ao lado dos secret\u00e1rios Marconi Santana (Governo) e Lucila Santana (Infraestrutura), refor\u00e7ando o compromisso da gest\u00e3o com a valoriza\u00e7\u00e3o das tradi\u00e7\u00f5es e o lazer da popula\u00e7\u00e3o. A festa acontecer\u00e1 nos dias 22 e 23 de maio, na sede do munic\u00edpio, e no dia 31 de maio, no distrito de F\u00e1tima, com uma grade de atra\u00e7\u00f5es que promete movimentar a cidade, aquecer a economia local e [&hellip;]","og_url":"https:\/\/serrafm879.com.br\/serrafm\/2025\/04\/flores-pe-lanca-programacao-oficial-da-74a-festa-das-rosas\/","og_site_name":"Serra FM 87,9","article_published_time":"2025-04-13T00:12:06+00:00","article_modified_time":"2025-04-14T00:14:55+00:00","og_image":[{"width":314,"height":395,"url":"https:\/\/serrafm879.com.br\/serrafm\/wp-content\/uploads\/2025\/04\/Captura-de-tela-2025-04-13-211320.png","type":"image\/png"}],"author":"serrafm87","twitter_card":"summary_large_image","twitter_misc":{"Escrito por":"serrafm87","Est. tempo de leitura":"2 minutos"},"schema":{"@context":"https:\/\/schema.org","@graph":[{"@type":"WebPage","@id":"https:\/\/serrafm879.com.br\/serrafm\/2025\/04\/flores-pe-lanca-programacao-oficial-da-74a-festa-das-rosas\/","url":"https:\/\/serrafm879.com.br\/serrafm\/2025\/04\/flores-pe-lanca-programacao-oficial-da-74a-festa-das-rosas\/","name":"Flores-PE lan\u00e7a programa\u00e7\u00e3o oficial da 74\u00aa Festa das Rosas - Serra FM 87,9","isPartOf":{"@id":"https:\/\/serrafm879.com.br\/serrafm\/#website"},"primaryImageOfPage":{"@id":"https:\/\/serrafm879.com.br\/serrafm\/2025\/04\/flores-pe-lanca-programacao-oficial-da-74a-festa-das-rosas\/#primaryimage"},"image":{"@id":"https:\/\/serrafm879.com.br\/serrafm\/2025\/04\/flores-pe-lanca-programacao-oficial-da-74a-festa-das-rosas\/#primaryimage"},"thumbnailUrl":"https:\/\/serrafm879.com.br\/serrafm\/wp-content\/uploads\/2025\/04\/Captura-de-tela-2025-04-13-211320.png","datePublished":"2025-04-13T00:12:06+00:00","dateModified":"2025-04-14T00:14:55+00:00","author":{"@id":"https:\/\/serrafm879.com.br\/serrafm\/#\/schema\/person\/c028a197030ff8b1c03c68dfba4a787a"},"breadcrumb":{"@id":"https:\/\/serrafm879.com.br\/serrafm\/2025\/04\/flores-pe-lanca-programacao-oficial-da-74a-festa-das-rosas\/#breadcrumb"},"inLanguage":"pt-BR","potentialAction":[{"@type":"ReadAction","target":["https:\/\/serrafm879.com.br\/serrafm\/2025\/04\/flores-pe-lanca-programacao-oficial-da-74a-festa-das-rosas\/"]}]},{"@type":"ImageObject","inLanguage":"pt-BR","@id":"https:\/\/serrafm879.com.br\/serrafm\/2025\/04\/flores-pe-lanca-programacao-oficial-da-74a-festa-das-rosas\/#primaryimage","url":"https:\/\/serrafm879.com.br\/serrafm\/wp-content\/uploads\/2025\/04\/Captura-de-tela-2025-04-13-211320.png","contentUrl":"https:\/\/serrafm879.com.br\/serrafm\/wp-content\/uploads\/2025\/04\/Captura-de-tela-2025-04-13-211320.png","width":314,"height":395},{"@type":"BreadcrumbList","@id":"https:\/\/serrafm879.com.br\/serrafm\/2025\/04\/flores-pe-lanca-programacao-oficial-da-74a-festa-das-rosas\/#breadcrumb","itemListElement":[{"@type":"ListItem","position":1,"name":"In\u00edcio","item":"https:\/\/serrafm879.com.br\/serrafm\/"},{"@type":"ListItem","position":2,"name":"Flores-PE lan\u00e7a programa\u00e7\u00e3o oficial da 74\u00aa Festa das Rosas"}]},{"@type":"WebSite","@id":"https:\/\/serrafm879.com.br\/serrafm\/#website","url":"https:\/\/serrafm879.com.br\/serrafm\/","name":"Serra FM 87,9","description":"O seu novo amor!","potentialAction":[{"@type":"SearchAction","target":{"@type":"EntryPoint","urlTemplate":"https:\/\/serrafm879.com.br\/serrafm\/?s={search_term_string}"},"query-input":{"@type":"PropertyValueSpecification","valueRequired":true,"valueName":"search_term_string"}}],"inLanguage":"pt-BR"},{"@type":"Person","@id":"https:\/\/serrafm879.com.br\/serrafm\/#\/schema\/person\/c028a197030ff8b1c03c68dfba4a787a","name":"serrafm87","image":{"@type":"ImageObject","inLanguage":"pt-BR","@id":"https:\/\/serrafm879.com.br\/serrafm\/#\/schema\/person\/image\/","url":"https:\/\/secure.gravatar.com\/avatar\/a743233f1112d34f48bb3dc9559b76eb930bab8b27175856cba6362608736235?s=96&d=mm&r=g","contentUrl":"https:\/\/secure.gravatar.com\/avatar\/a743233f1112d34f48bb3dc9559b76eb930bab8b27175856cba6362608736235?s=96&d=mm&r=g","caption":"serrafm87"},"sameAs":["http:\/\/serrafm879.com.br\/"],"url":"https:\/\/serrafm879.com.br\/serrafm\/author\/serrafm87\/"}]}},"jetpack_featured_media_url":"https:\/\/serrafm879.com.br\/serrafm\/wp-content\/uploads\/2025\/04\/Captura-de-tela-2025-04-13-211320.png","jetpack_shortlink":"https:\/\/wp.me\/p7HyXg-5IG","jetpack_sharing_enabled":true,"_links":{"self":[{"href":"https:\/\/serrafm879.com.br\/serrafm\/wp-json\/wp\/v2\/posts\/21990","targetHints":{"allow":["GET"]}}],"collection":[{"href":"https:\/\/serrafm879.com.br\/serrafm\/wp-json\/wp\/v2\/posts"}],"about":[{"href":"https:\/\/serrafm879.com.br\/serrafm\/wp-json\/wp\/v2\/types\/post"}],"author":[{"embeddable":true,"href":"https:\/\/serrafm879.com.br\/serrafm\/wp-json\/wp\/v2\/users\/2"}],"replies":[{"embeddable":true,"href":"https:\/\/serrafm879.com.br\/serrafm\/wp-json\/wp\/v2\/comments?post=21990"}],"version-history":[{"count":1,"href":"https:\/\/serrafm879.com.br\/serrafm\/wp-json\/wp\/v2\/posts\/21990\/revisions"}],"predecessor-version":[{"id":21992,"href":"https:\/\/serrafm879.com.br\/serrafm\/wp-json\/wp\/v2\/posts\/21990\/revisions\/21992"}],"wp:featuredmedia":[{"embeddable":true,"href":"https:\/\/serrafm879.com.br\/serrafm\/wp-json\/wp\/v2\/media\/21991"}],"wp:attachment":[{"href":"https:\/\/serrafm879.com.br\/serrafm\/wp-json\/wp\/v2\/media?parent=21990"}],"wp:term":[{"taxonomy":"category","embeddable":true,"href":"https:\/\/serrafm879.com.br\/serrafm\/wp-json\/wp\/v2\/categories?post=21990"},{"taxonomy":"post_tag","embeddable":true,"href":"https:\/\/serrafm879.com.br\/serrafm\/wp-json\/wp\/v2\/tags?post=21990"}],"curies":[{"name":"wp","href":"https:\/\/api.w.org\/{rel}","templated":true}]}}