{"id":21995,"date":"2025-04-14T05:00:49","date_gmt":"2025-04-14T08:00:49","guid":{"rendered":"https:\/\/serrafm879.com.br\/serrafm\/?p=21995"},"modified":"2025-04-13T21:32:19","modified_gmt":"2025-04-14T00:32:19","slug":"marcia-distribui-4-toneladas-de-peixes-e-mil-cestas-basicas-em-serra-talhada","status":"publish","type":"post","link":"https:\/\/serrafm879.com.br\/serrafm\/2025\/04\/marcia-distribui-4-toneladas-de-peixes-e-mil-cestas-basicas-em-serra-talhada\/","title":{"rendered":"M\u00e1rcia distribui 4 toneladas de peixes e mil cestas b\u00e1sicas em Serra Talhada"},"content":{"rendered":"<p>A prefeita de\u00a0Serra Talhada, M\u00e1rcia Conrado (PT), participou no \u00faltimo s\u00e1bado (12) do in\u00edcio da entrega de mais de 4 toneladas de peixes e 1.000 cestas b\u00e1sicas para fam\u00edlias em situa\u00e7\u00e3o de vulnerabilidade social no munic\u00edpio. A a\u00e7\u00e3o faz parte do projeto <strong>Alimento para Todos<\/strong>, que integra a programa\u00e7\u00e3o da Semana Santa e re\u00fane esfor\u00e7os da gest\u00e3o municipal e de empres\u00e1rios locais para garantir alimento na mesa de quem mais precisa.<\/p>\n<p>\u201cAmanh\u00e3 damos in\u00edcio \u00e0 Semana Santa, um momento de f\u00e9, reflex\u00e3o e solidariedade. E \u00e9 com muito orgulho que colocamos em pr\u00e1tica o projeto Alimento para Todos, uma a\u00e7\u00e3o que leva dignidade e cuidado \u00e0s fam\u00edlias acompanhadas pelos nossos CRAS. Gratid\u00e3o a todos que fizeram doa\u00e7\u00f5es e se uniram a essa corrente do bem\u201d, destacou a prefeita M\u00e1rcia Conrado.<\/p>\n<p>A distribui\u00e7\u00e3o seguir\u00e1 at\u00e9 esta quarta-feira (16), alcan\u00e7ando todas as regi\u00f5es do munic\u00edpio. Os peixes foram adquiridos de produtores locais, fortalecendo a agricultura familiar e movimentando a economia serra-talhadense. A log\u00edstica da a\u00e7\u00e3o est\u00e1 sendo coordenada pelas equipes da Secretaria Municipal de Assist\u00eancia Social e Cidadania, com apoio dos Centros de Refer\u00eancia de Assist\u00eancia Social (CRAS).<\/p>\n<p>\u201cEsse \u00e9 um trabalho constru\u00eddo com muito cuidado e planejamento para que cada fam\u00edlia assistida possa viver a Semana Santa com mais dignidade. Nosso objetivo \u00e9 garantir seguran\u00e7a alimentar e tamb\u00e9m valorizar o trabalho dos nossos produtores locais\u201d, afirmou M\u00e1rcio Oliveira, secret\u00e1rio de Assist\u00eancia Social e Cidadania.<\/p>\n","protected":false},"excerpt":{"rendered":"<p>A prefeita de\u00a0Serra Talhada, M\u00e1rcia Conrado (PT), participou no \u00faltimo s\u00e1bado (12) do in\u00edcio da entrega de mais de 4 toneladas de peixes e 1.000 cestas b\u00e1sicas para fam\u00edlias em situa\u00e7\u00e3o de vulnerabilidade social no munic\u00edpio. A a\u00e7\u00e3o faz parte do projeto Alimento para Todos, que integra a programa\u00e7\u00e3o da Semana Santa e re\u00fane esfor\u00e7os da gest\u00e3o municipal e de empres\u00e1rios locais para garantir alimento na mesa de quem mais precisa. \u201cAmanh\u00e3 damos in\u00edcio \u00e0 Semana Santa, um momento de f\u00e9, reflex\u00e3o e solidariedade. E \u00e9 com muito orgulho que colocamos em pr\u00e1tica o projeto Alimento para Todos, uma a\u00e7\u00e3o [&hellip;]<\/p>\n","protected":false},"author":2,"featured_media":21997,"comment_status":"open","ping_status":"open","sticky":false,"template":"","format":"standard","meta":{"_jetpack_memberships_contains_paid_content":false,"footnotes":"","jetpack_publicize_message":"","jetpack_publicize_feature_enabled":true,"jetpack_social_post_already_shared":true,"jetpack_social_options":{"image_generator_settings":{"template":"highway","enabled":false},"version":2}},"categories":[1],"tags":[],"class_list":["post-21995","post","type-post","status-publish","format-standard","has-post-thumbnail","hentry","category-uncategorized"],"jetpack_publicize_connections":[],"yoast_head":"<!-- This site is optimized with the Yoast SEO plugin v24.7 - https:\/\/yoast.com\/wordpress\/plugins\/seo\/ -->\n<title>M\u00e1rcia distribui 4 toneladas de peixes e mil cestas b\u00e1sicas em Serra Talhada - Serra FM 87,9<\/title>\n<meta name=\"robots\" content=\"index, follow, max-snippet:-1, max-image-preview:large, max-video-preview:-1\" \/>\n<link rel=\"canonical\" href=\"https:\/\/serrafm879.com.br\/serrafm\/2025\/04\/marcia-distribui-4-toneladas-de-peixes-e-mil-cestas-basicas-em-serra-talhada\/\" \/>\n<meta property=\"og:locale\" content=\"pt_BR\" \/>\n<meta property=\"og:type\" content=\"article\" \/>\n<meta property=\"og:title\" content=\"M\u00e1rcia distribui 4 toneladas de peixes e mil cestas b\u00e1sicas em Serra Talhada - Serra FM 87,9\" \/>\n<meta property=\"og:description\" content=\"A prefeita de\u00a0Serra Talhada, M\u00e1rcia Conrado (PT), participou no \u00faltimo s\u00e1bado (12) do in\u00edcio da entrega de mais de 4 toneladas de peixes e 1.000 cestas b\u00e1sicas para fam\u00edlias em situa\u00e7\u00e3o de vulnerabilidade social no munic\u00edpio. A a\u00e7\u00e3o faz parte do projeto Alimento para Todos, que integra a programa\u00e7\u00e3o da Semana Santa e re\u00fane esfor\u00e7os da gest\u00e3o municipal e de empres\u00e1rios locais para garantir alimento na mesa de quem mais precisa. \u201cAmanh\u00e3 damos in\u00edcio \u00e0 Semana Santa, um momento de f\u00e9, reflex\u00e3o e solidariedade. E \u00e9 com muito orgulho que colocamos em pr\u00e1tica o projeto Alimento para Todos, uma a\u00e7\u00e3o [&hellip;]\" \/>\n<meta property=\"og:url\" content=\"https:\/\/serrafm879.com.br\/serrafm\/2025\/04\/marcia-distribui-4-toneladas-de-peixes-e-mil-cestas-basicas-em-serra-talhada\/\" \/>\n<meta property=\"og:site_name\" content=\"Serra FM 87,9\" \/>\n<meta property=\"article:published_time\" content=\"2025-04-14T08:00:49+00:00\" \/>\n<meta property=\"og:image\" content=\"https:\/\/serrafm879.com.br\/serrafm\/wp-content\/uploads\/2025\/04\/WhatsApp-Image-2025-04-13-at-09.49.29-scaled-1.jpeg\" \/>\n\t<meta property=\"og:image:width\" content=\"2560\" \/>\n\t<meta property=\"og:image:height\" content=\"1706\" \/>\n\t<meta property=\"og:image:type\" content=\"image\/jpeg\" \/>\n<meta name=\"author\" content=\"serrafm87\" \/>\n<meta name=\"twitter:card\" content=\"summary_large_image\" \/>\n<meta name=\"twitter:label1\" content=\"Escrito por\" \/>\n\t<meta name=\"twitter:data1\" content=\"serrafm87\" \/>\n\t<meta name=\"twitter:label2\" content=\"Est. tempo de leitura\" \/>\n\t<meta name=\"twitter:data2\" content=\"2 minutos\" \/>\n<script type=\"application\/ld+json\" class=\"yoast-schema-graph\">{\"@context\":\"https:\/\/schema.org\",\"@graph\":[{\"@type\":\"WebPage\",\"@id\":\"https:\/\/serrafm879.com.br\/serrafm\/2025\/04\/marcia-distribui-4-toneladas-de-peixes-e-mil-cestas-basicas-em-serra-talhada\/\",\"url\":\"https:\/\/serrafm879.com.br\/serrafm\/2025\/04\/marcia-distribui-4-toneladas-de-peixes-e-mil-cestas-basicas-em-serra-talhada\/\",\"name\":\"M\u00e1rcia distribui 4 toneladas de peixes e mil cestas b\u00e1sicas em Serra Talhada - Serra FM 87,9\",\"isPartOf\":{\"@id\":\"https:\/\/serrafm879.com.br\/serrafm\/#website\"},\"primaryImageOfPage\":{\"@id\":\"https:\/\/serrafm879.com.br\/serrafm\/2025\/04\/marcia-distribui-4-toneladas-de-peixes-e-mil-cestas-basicas-em-serra-talhada\/#primaryimage\"},\"image\":{\"@id\":\"https:\/\/serrafm879.com.br\/serrafm\/2025\/04\/marcia-distribui-4-toneladas-de-peixes-e-mil-cestas-basicas-em-serra-talhada\/#primaryimage\"},\"thumbnailUrl\":\"https:\/\/serrafm879.com.br\/serrafm\/wp-content\/uploads\/2025\/04\/WhatsApp-Image-2025-04-13-at-09.49.29-scaled-1.jpeg\",\"datePublished\":\"2025-04-14T08:00:49+00:00\",\"author\":{\"@id\":\"https:\/\/serrafm879.com.br\/serrafm\/#\/schema\/person\/c028a197030ff8b1c03c68dfba4a787a\"},\"breadcrumb\":{\"@id\":\"https:\/\/serrafm879.com.br\/serrafm\/2025\/04\/marcia-distribui-4-toneladas-de-peixes-e-mil-cestas-basicas-em-serra-talhada\/#breadcrumb\"},\"inLanguage\":\"pt-BR\",\"potentialAction\":[{\"@type\":\"ReadAction\",\"target\":[\"https:\/\/serrafm879.com.br\/serrafm\/2025\/04\/marcia-distribui-4-toneladas-de-peixes-e-mil-cestas-basicas-em-serra-talhada\/\"]}]},{\"@type\":\"ImageObject\",\"inLanguage\":\"pt-BR\",\"@id\":\"https:\/\/serrafm879.com.br\/serrafm\/2025\/04\/marcia-distribui-4-toneladas-de-peixes-e-mil-cestas-basicas-em-serra-talhada\/#primaryimage\",\"url\":\"https:\/\/serrafm879.com.br\/serrafm\/wp-content\/uploads\/2025\/04\/WhatsApp-Image-2025-04-13-at-09.49.29-scaled-1.jpeg\",\"contentUrl\":\"https:\/\/serrafm879.com.br\/serrafm\/wp-content\/uploads\/2025\/04\/WhatsApp-Image-2025-04-13-at-09.49.29-scaled-1.jpeg\",\"width\":2560,\"height\":1706,\"caption\":\"Foto - Dudu Teles\"},{\"@type\":\"BreadcrumbList\",\"@id\":\"https:\/\/serrafm879.com.br\/serrafm\/2025\/04\/marcia-distribui-4-toneladas-de-peixes-e-mil-cestas-basicas-em-serra-talhada\/#breadcrumb\",\"itemListElement\":[{\"@type\":\"ListItem\",\"position\":1,\"name\":\"In\u00edcio\",\"item\":\"https:\/\/serrafm879.com.br\/serrafm\/\"},{\"@type\":\"ListItem\",\"position\":2,\"name\":\"M\u00e1rcia distribui 4 toneladas de peixes e mil cestas b\u00e1sicas em Serra Talhada\"}]},{\"@type\":\"WebSite\",\"@id\":\"https:\/\/serrafm879.com.br\/serrafm\/#website\",\"url\":\"https:\/\/serrafm879.com.br\/serrafm\/\",\"name\":\"Serra FM 87,9\",\"description\":\"O seu novo amor!\",\"potentialAction\":[{\"@type\":\"SearchAction\",\"target\":{\"@type\":\"EntryPoint\",\"urlTemplate\":\"https:\/\/serrafm879.com.br\/serrafm\/?s={search_term_string}\"},\"query-input\":{\"@type\":\"PropertyValueSpecification\",\"valueRequired\":true,\"valueName\":\"search_term_string\"}}],\"inLanguage\":\"pt-BR\"},{\"@type\":\"Person\",\"@id\":\"https:\/\/serrafm879.com.br\/serrafm\/#\/schema\/person\/c028a197030ff8b1c03c68dfba4a787a\",\"name\":\"serrafm87\",\"image\":{\"@type\":\"ImageObject\",\"inLanguage\":\"pt-BR\",\"@id\":\"https:\/\/serrafm879.com.br\/serrafm\/#\/schema\/person\/image\/\",\"url\":\"https:\/\/secure.gravatar.com\/avatar\/a743233f1112d34f48bb3dc9559b76eb930bab8b27175856cba6362608736235?s=96&d=mm&r=g\",\"contentUrl\":\"https:\/\/secure.gravatar.com\/avatar\/a743233f1112d34f48bb3dc9559b76eb930bab8b27175856cba6362608736235?s=96&d=mm&r=g\",\"caption\":\"serrafm87\"},\"sameAs\":[\"http:\/\/serrafm879.com.br\/\"],\"url\":\"https:\/\/serrafm879.com.br\/serrafm\/author\/serrafm87\/\"}]}<\/script>\n<!-- \/ Yoast SEO plugin. -->","yoast_head_json":{"title":"M\u00e1rcia distribui 4 toneladas de peixes e mil cestas b\u00e1sicas em Serra Talhada - Serra FM 87,9","robots":{"index":"index","follow":"follow","max-snippet":"max-snippet:-1","max-image-preview":"max-image-preview:large","max-video-preview":"max-video-preview:-1"},"canonical":"https:\/\/serrafm879.com.br\/serrafm\/2025\/04\/marcia-distribui-4-toneladas-de-peixes-e-mil-cestas-basicas-em-serra-talhada\/","og_locale":"pt_BR","og_type":"article","og_title":"M\u00e1rcia distribui 4 toneladas de peixes e mil cestas b\u00e1sicas em Serra Talhada - Serra FM 87,9","og_description":"A prefeita de\u00a0Serra Talhada, M\u00e1rcia Conrado (PT), participou no \u00faltimo s\u00e1bado (12) do in\u00edcio da entrega de mais de 4 toneladas de peixes e 1.000 cestas b\u00e1sicas para fam\u00edlias em situa\u00e7\u00e3o de vulnerabilidade social no munic\u00edpio. A a\u00e7\u00e3o faz parte do projeto Alimento para Todos, que integra a programa\u00e7\u00e3o da Semana Santa e re\u00fane esfor\u00e7os da gest\u00e3o municipal e de empres\u00e1rios locais para garantir alimento na mesa de quem mais precisa. \u201cAmanh\u00e3 damos in\u00edcio \u00e0 Semana Santa, um momento de f\u00e9, reflex\u00e3o e solidariedade. E \u00e9 com muito orgulho que colocamos em pr\u00e1tica o projeto Alimento para Todos, uma a\u00e7\u00e3o [&hellip;]","og_url":"https:\/\/serrafm879.com.br\/serrafm\/2025\/04\/marcia-distribui-4-toneladas-de-peixes-e-mil-cestas-basicas-em-serra-talhada\/","og_site_name":"Serra FM 87,9","article_published_time":"2025-04-14T08:00:49+00:00","og_image":[{"width":2560,"height":1706,"url":"https:\/\/serrafm879.com.br\/serrafm\/wp-content\/uploads\/2025\/04\/WhatsApp-Image-2025-04-13-at-09.49.29-scaled-1.jpeg","type":"image\/jpeg"}],"author":"serrafm87","twitter_card":"summary_large_image","twitter_misc":{"Escrito por":"serrafm87","Est. tempo de leitura":"2 minutos"},"schema":{"@context":"https:\/\/schema.org","@graph":[{"@type":"WebPage","@id":"https:\/\/serrafm879.com.br\/serrafm\/2025\/04\/marcia-distribui-4-toneladas-de-peixes-e-mil-cestas-basicas-em-serra-talhada\/","url":"https:\/\/serrafm879.com.br\/serrafm\/2025\/04\/marcia-distribui-4-toneladas-de-peixes-e-mil-cestas-basicas-em-serra-talhada\/","name":"M\u00e1rcia distribui 4 toneladas de peixes e mil cestas b\u00e1sicas em Serra Talhada - Serra FM 87,9","isPartOf":{"@id":"https:\/\/serrafm879.com.br\/serrafm\/#website"},"primaryImageOfPage":{"@id":"https:\/\/serrafm879.com.br\/serrafm\/2025\/04\/marcia-distribui-4-toneladas-de-peixes-e-mil-cestas-basicas-em-serra-talhada\/#primaryimage"},"image":{"@id":"https:\/\/serrafm879.com.br\/serrafm\/2025\/04\/marcia-distribui-4-toneladas-de-peixes-e-mil-cestas-basicas-em-serra-talhada\/#primaryimage"},"thumbnailUrl":"https:\/\/serrafm879.com.br\/serrafm\/wp-content\/uploads\/2025\/04\/WhatsApp-Image-2025-04-13-at-09.49.29-scaled-1.jpeg","datePublished":"2025-04-14T08:00:49+00:00","author":{"@id":"https:\/\/serrafm879.com.br\/serrafm\/#\/schema\/person\/c028a197030ff8b1c03c68dfba4a787a"},"breadcrumb":{"@id":"https:\/\/serrafm879.com.br\/serrafm\/2025\/04\/marcia-distribui-4-toneladas-de-peixes-e-mil-cestas-basicas-em-serra-talhada\/#breadcrumb"},"inLanguage":"pt-BR","potentialAction":[{"@type":"ReadAction","target":["https:\/\/serrafm879.com.br\/serrafm\/2025\/04\/marcia-distribui-4-toneladas-de-peixes-e-mil-cestas-basicas-em-serra-talhada\/"]}]},{"@type":"ImageObject","inLanguage":"pt-BR","@id":"https:\/\/serrafm879.com.br\/serrafm\/2025\/04\/marcia-distribui-4-toneladas-de-peixes-e-mil-cestas-basicas-em-serra-talhada\/#primaryimage","url":"https:\/\/serrafm879.com.br\/serrafm\/wp-content\/uploads\/2025\/04\/WhatsApp-Image-2025-04-13-at-09.49.29-scaled-1.jpeg","contentUrl":"https:\/\/serrafm879.com.br\/serrafm\/wp-content\/uploads\/2025\/04\/WhatsApp-Image-2025-04-13-at-09.49.29-scaled-1.jpeg","width":2560,"height":1706,"caption":"Foto - Dudu Teles"},{"@type":"BreadcrumbList","@id":"https:\/\/serrafm879.com.br\/serrafm\/2025\/04\/marcia-distribui-4-toneladas-de-peixes-e-mil-cestas-basicas-em-serra-talhada\/#breadcrumb","itemListElement":[{"@type":"ListItem","position":1,"name":"In\u00edcio","item":"https:\/\/serrafm879.com.br\/serrafm\/"},{"@type":"ListItem","position":2,"name":"M\u00e1rcia distribui 4 toneladas de peixes e mil cestas b\u00e1sicas em Serra Talhada"}]},{"@type":"WebSite","@id":"https:\/\/serrafm879.com.br\/serrafm\/#website","url":"https:\/\/serrafm879.com.br\/serrafm\/","name":"Serra FM 87,9","description":"O seu novo amor!","potentialAction":[{"@type":"SearchAction","target":{"@type":"EntryPoint","urlTemplate":"https:\/\/serrafm879.com.br\/serrafm\/?s={search_term_string}"},"query-input":{"@type":"PropertyValueSpecification","valueRequired":true,"valueName":"search_term_string"}}],"inLanguage":"pt-BR"},{"@type":"Person","@id":"https:\/\/serrafm879.com.br\/serrafm\/#\/schema\/person\/c028a197030ff8b1c03c68dfba4a787a","name":"serrafm87","image":{"@type":"ImageObject","inLanguage":"pt-BR","@id":"https:\/\/serrafm879.com.br\/serrafm\/#\/schema\/person\/image\/","url":"https:\/\/secure.gravatar.com\/avatar\/a743233f1112d34f48bb3dc9559b76eb930bab8b27175856cba6362608736235?s=96&d=mm&r=g","contentUrl":"https:\/\/secure.gravatar.com\/avatar\/a743233f1112d34f48bb3dc9559b76eb930bab8b27175856cba6362608736235?s=96&d=mm&r=g","caption":"serrafm87"},"sameAs":["http:\/\/serrafm879.com.br\/"],"url":"https:\/\/serrafm879.com.br\/serrafm\/author\/serrafm87\/"}]}},"jetpack_featured_media_url":"https:\/\/serrafm879.com.br\/serrafm\/wp-content\/uploads\/2025\/04\/WhatsApp-Image-2025-04-13-at-09.49.29-scaled-1.jpeg","jetpack_shortlink":"https:\/\/wp.me\/p7HyXg-5IL","jetpack_sharing_enabled":true,"_links":{"self":[{"href":"https:\/\/serrafm879.com.br\/serrafm\/wp-json\/wp\/v2\/posts\/21995","targetHints":{"allow":["GET"]}}],"collection":[{"href":"https:\/\/serrafm879.com.br\/serrafm\/wp-json\/wp\/v2\/posts"}],"about":[{"href":"https:\/\/serrafm879.com.br\/serrafm\/wp-json\/wp\/v2\/types\/post"}],"author":[{"embeddable":true,"href":"https:\/\/serrafm879.com.br\/serrafm\/wp-json\/wp\/v2\/users\/2"}],"replies":[{"embeddable":true,"href":"https:\/\/serrafm879.com.br\/serrafm\/wp-json\/wp\/v2\/comments?post=21995"}],"version-history":[{"count":1,"href":"https:\/\/serrafm879.com.br\/serrafm\/wp-json\/wp\/v2\/posts\/21995\/revisions"}],"predecessor-version":[{"id":21998,"href":"https:\/\/serrafm879.com.br\/serrafm\/wp-json\/wp\/v2\/posts\/21995\/revisions\/21998"}],"wp:featuredmedia":[{"embeddable":true,"href":"https:\/\/serrafm879.com.br\/serrafm\/wp-json\/wp\/v2\/media\/21997"}],"wp:attachment":[{"href":"https:\/\/serrafm879.com.br\/serrafm\/wp-json\/wp\/v2\/media?parent=21995"}],"wp:term":[{"taxonomy":"category","embeddable":true,"href":"https:\/\/serrafm879.com.br\/serrafm\/wp-json\/wp\/v2\/categories?post=21995"},{"taxonomy":"post_tag","embeddable":true,"href":"https:\/\/serrafm879.com.br\/serrafm\/wp-json\/wp\/v2\/tags?post=21995"}],"curies":[{"name":"wp","href":"https:\/\/api.w.org\/{rel}","templated":true}]}}