{"id":21999,"date":"2025-04-14T05:29:12","date_gmt":"2025-04-14T08:29:12","guid":{"rendered":"https:\/\/serrafm879.com.br\/serrafm\/?p=21999"},"modified":"2025-04-13T21:31:35","modified_gmt":"2025-04-14T00:31:35","slug":"operacao-lei-seca-intensifica-fiscalizacao-no-feriado","status":"publish","type":"post","link":"https:\/\/serrafm879.com.br\/serrafm\/2025\/04\/operacao-lei-seca-intensifica-fiscalizacao-no-feriado\/","title":{"rendered":"Opera\u00e7\u00e3o Lei Seca intensifica fiscaliza\u00e7\u00e3o no feriado"},"content":{"rendered":"<p><em>Com informa\u00e7\u00f5es do Di\u00e1rio de Pernambuco<\/em><\/p>\n<p>Com o objetivo de garantir mais seguran\u00e7a vi\u00e1ria e preservar vidas durante um dos per\u00edodos de maior movimenta\u00e7\u00e3o nas estradas do Estado, a Opera\u00e7\u00e3o Lei Seca (OLS) iniciou nesta quinta-feira (antes mesmo do in\u00edcio oficial do feriado) um refor\u00e7o na fiscaliza\u00e7\u00e3o e nas a\u00e7\u00f5es educativas em\u00a0<a href=\"https:\/\/faroldenoticias.com.br\/categoria\/pernambuco\/\">Pernambuco<\/a>.<\/p>\n<p>A mobiliza\u00e7\u00e3o segue at\u00e9 o dia 20 de abril e vai atuar de forma estrat\u00e9gica em pontos de grande fluxo de ve\u00edculos e pedestres.<\/p>\n<p>Ao todo, est\u00e3o previstas 54 blitze de fiscaliza\u00e7\u00e3o e 12 a\u00e7\u00f5es educativas, que ser\u00e3o distribu\u00eddas em munic\u00edpios com programa\u00e7\u00e3o religiosa e tur\u00edstica durante a Semana Santa.<\/p>\n<p>Entre as cidades que receber\u00e3o aten\u00e7\u00e3o especial da OLS est\u00e3o Brejo da Madre de Deus, Caruaru e Gravat\u00e1, no Agreste, al\u00e9m de localidades do Litoral Norte e Sul, como Itamarac\u00e1, Ponta de Pedras, Tamandar\u00e9 e Porto de Galinhas. A Regi\u00e3o Metropolitana do Recife (RMR) tamb\u00e9m contar\u00e1 com barreiras em locais de grande circula\u00e7\u00e3o.<\/p>\n<p>De acordo com o tenente-coronel Hugo Alexandre, coordenador da Opera\u00e7\u00e3o Lei Seca em Pernambuco, o foco da opera\u00e7\u00e3o vai al\u00e9m da fiscaliza\u00e7\u00e3o.<\/p>\n<p>\u201cNosso objetivo \u00e9 preservar vidas. Durante a Semana Santa, refor\u00e7amos a presen\u00e7a da Opera\u00e7\u00e3o Lei Seca nas rodovias e nas \u00e1reas de grande circula\u00e7\u00e3o para garantir mais seguran\u00e7a \u00e0 popula\u00e7\u00e3o.<\/p>\n<p>Al\u00e9m das fiscaliza\u00e7\u00f5es, levamos tamb\u00e9m a\u00e7\u00f5es educativas que alertam sobre os perigos da mistura entre \u00e1lcool e dire\u00e7\u00e3o, promovendo uma mudan\u00e7a de comportamento e mais responsabilidade no tr\u00e2nsito\u201d, afirmou.<\/p>\n<p>O aumento no n\u00famero de viagens durante o feriado prolongado, impulsionado pelo deslocamento de turistas e fi\u00e9is, demanda maior aten\u00e7\u00e3o das autoridades de tr\u00e2nsito. A Opera\u00e7\u00e3o Lei Seca busca, com essa mobiliza\u00e7\u00e3o, reduzir acidentes e salvar vidas.<\/p>\n","protected":false},"excerpt":{"rendered":"<p>Com informa\u00e7\u00f5es do Di\u00e1rio de Pernambuco Com o objetivo de garantir mais seguran\u00e7a vi\u00e1ria e preservar vidas durante um dos per\u00edodos de maior movimenta\u00e7\u00e3o nas estradas do Estado, a Opera\u00e7\u00e3o Lei Seca (OLS) iniciou nesta quinta-feira (antes mesmo do in\u00edcio oficial do feriado) um refor\u00e7o na fiscaliza\u00e7\u00e3o e nas a\u00e7\u00f5es educativas em\u00a0Pernambuco. A mobiliza\u00e7\u00e3o segue at\u00e9 o dia 20 de abril e vai atuar de forma estrat\u00e9gica em pontos de grande fluxo de ve\u00edculos e pedestres. Ao todo, est\u00e3o previstas 54 blitze de fiscaliza\u00e7\u00e3o e 12 a\u00e7\u00f5es educativas, que ser\u00e3o distribu\u00eddas em munic\u00edpios com programa\u00e7\u00e3o religiosa e tur\u00edstica durante a [&hellip;]<\/p>\n","protected":false},"author":2,"featured_media":22000,"comment_status":"open","ping_status":"open","sticky":false,"template":"","format":"standard","meta":{"_jetpack_memberships_contains_paid_content":false,"footnotes":"","jetpack_publicize_message":"","jetpack_publicize_feature_enabled":true,"jetpack_social_post_already_shared":true,"jetpack_social_options":{"image_generator_settings":{"template":"highway","enabled":false},"version":2}},"categories":[1],"tags":[],"class_list":["post-21999","post","type-post","status-publish","format-standard","has-post-thumbnail","hentry","category-uncategorized"],"jetpack_publicize_connections":[],"yoast_head":"<!-- This site is optimized with the Yoast SEO plugin v24.7 - https:\/\/yoast.com\/wordpress\/plugins\/seo\/ -->\n<title>Opera\u00e7\u00e3o Lei Seca intensifica fiscaliza\u00e7\u00e3o no feriado - Serra FM 87,9<\/title>\n<meta name=\"robots\" content=\"index, follow, max-snippet:-1, max-image-preview:large, max-video-preview:-1\" \/>\n<link rel=\"canonical\" href=\"https:\/\/serrafm879.com.br\/serrafm\/2025\/04\/operacao-lei-seca-intensifica-fiscalizacao-no-feriado\/\" \/>\n<meta property=\"og:locale\" content=\"pt_BR\" \/>\n<meta property=\"og:type\" content=\"article\" \/>\n<meta property=\"og:title\" content=\"Opera\u00e7\u00e3o Lei Seca intensifica fiscaliza\u00e7\u00e3o no feriado - Serra FM 87,9\" \/>\n<meta property=\"og:description\" content=\"Com informa\u00e7\u00f5es do Di\u00e1rio de Pernambuco Com o objetivo de garantir mais seguran\u00e7a vi\u00e1ria e preservar vidas durante um dos per\u00edodos de maior movimenta\u00e7\u00e3o nas estradas do Estado, a Opera\u00e7\u00e3o Lei Seca (OLS) iniciou nesta quinta-feira (antes mesmo do in\u00edcio oficial do feriado) um refor\u00e7o na fiscaliza\u00e7\u00e3o e nas a\u00e7\u00f5es educativas em\u00a0Pernambuco. A mobiliza\u00e7\u00e3o segue at\u00e9 o dia 20 de abril e vai atuar de forma estrat\u00e9gica em pontos de grande fluxo de ve\u00edculos e pedestres. Ao todo, est\u00e3o previstas 54 blitze de fiscaliza\u00e7\u00e3o e 12 a\u00e7\u00f5es educativas, que ser\u00e3o distribu\u00eddas em munic\u00edpios com programa\u00e7\u00e3o religiosa e tur\u00edstica durante a [&hellip;]\" \/>\n<meta property=\"og:url\" content=\"https:\/\/serrafm879.com.br\/serrafm\/2025\/04\/operacao-lei-seca-intensifica-fiscalizacao-no-feriado\/\" \/>\n<meta property=\"og:site_name\" content=\"Serra FM 87,9\" \/>\n<meta property=\"article:published_time\" content=\"2025-04-14T08:29:12+00:00\" \/>\n<meta property=\"og:image\" content=\"https:\/\/serrafm879.com.br\/serrafm\/wp-content\/uploads\/2025\/04\/Captura-de-tela-2025-04-13-213049.png\" \/>\n\t<meta property=\"og:image:width\" content=\"809\" \/>\n\t<meta property=\"og:image:height\" content=\"570\" \/>\n\t<meta property=\"og:image:type\" content=\"image\/png\" \/>\n<meta name=\"author\" content=\"serrafm87\" \/>\n<meta name=\"twitter:card\" content=\"summary_large_image\" \/>\n<meta name=\"twitter:label1\" content=\"Escrito por\" \/>\n\t<meta name=\"twitter:data1\" content=\"serrafm87\" \/>\n\t<meta name=\"twitter:label2\" content=\"Est. tempo de leitura\" \/>\n\t<meta name=\"twitter:data2\" content=\"2 minutos\" \/>\n<script type=\"application\/ld+json\" class=\"yoast-schema-graph\">{\"@context\":\"https:\/\/schema.org\",\"@graph\":[{\"@type\":\"WebPage\",\"@id\":\"https:\/\/serrafm879.com.br\/serrafm\/2025\/04\/operacao-lei-seca-intensifica-fiscalizacao-no-feriado\/\",\"url\":\"https:\/\/serrafm879.com.br\/serrafm\/2025\/04\/operacao-lei-seca-intensifica-fiscalizacao-no-feriado\/\",\"name\":\"Opera\u00e7\u00e3o Lei Seca intensifica fiscaliza\u00e7\u00e3o no feriado - Serra FM 87,9\",\"isPartOf\":{\"@id\":\"https:\/\/serrafm879.com.br\/serrafm\/#website\"},\"primaryImageOfPage\":{\"@id\":\"https:\/\/serrafm879.com.br\/serrafm\/2025\/04\/operacao-lei-seca-intensifica-fiscalizacao-no-feriado\/#primaryimage\"},\"image\":{\"@id\":\"https:\/\/serrafm879.com.br\/serrafm\/2025\/04\/operacao-lei-seca-intensifica-fiscalizacao-no-feriado\/#primaryimage\"},\"thumbnailUrl\":\"https:\/\/serrafm879.com.br\/serrafm\/wp-content\/uploads\/2025\/04\/Captura-de-tela-2025-04-13-213049.png\",\"datePublished\":\"2025-04-14T08:29:12+00:00\",\"author\":{\"@id\":\"https:\/\/serrafm879.com.br\/serrafm\/#\/schema\/person\/c028a197030ff8b1c03c68dfba4a787a\"},\"breadcrumb\":{\"@id\":\"https:\/\/serrafm879.com.br\/serrafm\/2025\/04\/operacao-lei-seca-intensifica-fiscalizacao-no-feriado\/#breadcrumb\"},\"inLanguage\":\"pt-BR\",\"potentialAction\":[{\"@type\":\"ReadAction\",\"target\":[\"https:\/\/serrafm879.com.br\/serrafm\/2025\/04\/operacao-lei-seca-intensifica-fiscalizacao-no-feriado\/\"]}]},{\"@type\":\"ImageObject\",\"inLanguage\":\"pt-BR\",\"@id\":\"https:\/\/serrafm879.com.br\/serrafm\/2025\/04\/operacao-lei-seca-intensifica-fiscalizacao-no-feriado\/#primaryimage\",\"url\":\"https:\/\/serrafm879.com.br\/serrafm\/wp-content\/uploads\/2025\/04\/Captura-de-tela-2025-04-13-213049.png\",\"contentUrl\":\"https:\/\/serrafm879.com.br\/serrafm\/wp-content\/uploads\/2025\/04\/Captura-de-tela-2025-04-13-213049.png\",\"width\":809,\"height\":570},{\"@type\":\"BreadcrumbList\",\"@id\":\"https:\/\/serrafm879.com.br\/serrafm\/2025\/04\/operacao-lei-seca-intensifica-fiscalizacao-no-feriado\/#breadcrumb\",\"itemListElement\":[{\"@type\":\"ListItem\",\"position\":1,\"name\":\"In\u00edcio\",\"item\":\"https:\/\/serrafm879.com.br\/serrafm\/\"},{\"@type\":\"ListItem\",\"position\":2,\"name\":\"Opera\u00e7\u00e3o Lei Seca intensifica fiscaliza\u00e7\u00e3o no feriado\"}]},{\"@type\":\"WebSite\",\"@id\":\"https:\/\/serrafm879.com.br\/serrafm\/#website\",\"url\":\"https:\/\/serrafm879.com.br\/serrafm\/\",\"name\":\"Serra FM 87,9\",\"description\":\"O seu novo amor!\",\"potentialAction\":[{\"@type\":\"SearchAction\",\"target\":{\"@type\":\"EntryPoint\",\"urlTemplate\":\"https:\/\/serrafm879.com.br\/serrafm\/?s={search_term_string}\"},\"query-input\":{\"@type\":\"PropertyValueSpecification\",\"valueRequired\":true,\"valueName\":\"search_term_string\"}}],\"inLanguage\":\"pt-BR\"},{\"@type\":\"Person\",\"@id\":\"https:\/\/serrafm879.com.br\/serrafm\/#\/schema\/person\/c028a197030ff8b1c03c68dfba4a787a\",\"name\":\"serrafm87\",\"image\":{\"@type\":\"ImageObject\",\"inLanguage\":\"pt-BR\",\"@id\":\"https:\/\/serrafm879.com.br\/serrafm\/#\/schema\/person\/image\/\",\"url\":\"https:\/\/secure.gravatar.com\/avatar\/a743233f1112d34f48bb3dc9559b76eb930bab8b27175856cba6362608736235?s=96&d=mm&r=g\",\"contentUrl\":\"https:\/\/secure.gravatar.com\/avatar\/a743233f1112d34f48bb3dc9559b76eb930bab8b27175856cba6362608736235?s=96&d=mm&r=g\",\"caption\":\"serrafm87\"},\"sameAs\":[\"http:\/\/serrafm879.com.br\/\"],\"url\":\"https:\/\/serrafm879.com.br\/serrafm\/author\/serrafm87\/\"}]}<\/script>\n<!-- \/ Yoast SEO plugin. -->","yoast_head_json":{"title":"Opera\u00e7\u00e3o Lei Seca intensifica fiscaliza\u00e7\u00e3o no feriado - Serra FM 87,9","robots":{"index":"index","follow":"follow","max-snippet":"max-snippet:-1","max-image-preview":"max-image-preview:large","max-video-preview":"max-video-preview:-1"},"canonical":"https:\/\/serrafm879.com.br\/serrafm\/2025\/04\/operacao-lei-seca-intensifica-fiscalizacao-no-feriado\/","og_locale":"pt_BR","og_type":"article","og_title":"Opera\u00e7\u00e3o Lei Seca intensifica fiscaliza\u00e7\u00e3o no feriado - Serra FM 87,9","og_description":"Com informa\u00e7\u00f5es do Di\u00e1rio de Pernambuco Com o objetivo de garantir mais seguran\u00e7a vi\u00e1ria e preservar vidas durante um dos per\u00edodos de maior movimenta\u00e7\u00e3o nas estradas do Estado, a Opera\u00e7\u00e3o Lei Seca (OLS) iniciou nesta quinta-feira (antes mesmo do in\u00edcio oficial do feriado) um refor\u00e7o na fiscaliza\u00e7\u00e3o e nas a\u00e7\u00f5es educativas em\u00a0Pernambuco. A mobiliza\u00e7\u00e3o segue at\u00e9 o dia 20 de abril e vai atuar de forma estrat\u00e9gica em pontos de grande fluxo de ve\u00edculos e pedestres. Ao todo, est\u00e3o previstas 54 blitze de fiscaliza\u00e7\u00e3o e 12 a\u00e7\u00f5es educativas, que ser\u00e3o distribu\u00eddas em munic\u00edpios com programa\u00e7\u00e3o religiosa e tur\u00edstica durante a [&hellip;]","og_url":"https:\/\/serrafm879.com.br\/serrafm\/2025\/04\/operacao-lei-seca-intensifica-fiscalizacao-no-feriado\/","og_site_name":"Serra FM 87,9","article_published_time":"2025-04-14T08:29:12+00:00","og_image":[{"width":809,"height":570,"url":"https:\/\/serrafm879.com.br\/serrafm\/wp-content\/uploads\/2025\/04\/Captura-de-tela-2025-04-13-213049.png","type":"image\/png"}],"author":"serrafm87","twitter_card":"summary_large_image","twitter_misc":{"Escrito por":"serrafm87","Est. tempo de leitura":"2 minutos"},"schema":{"@context":"https:\/\/schema.org","@graph":[{"@type":"WebPage","@id":"https:\/\/serrafm879.com.br\/serrafm\/2025\/04\/operacao-lei-seca-intensifica-fiscalizacao-no-feriado\/","url":"https:\/\/serrafm879.com.br\/serrafm\/2025\/04\/operacao-lei-seca-intensifica-fiscalizacao-no-feriado\/","name":"Opera\u00e7\u00e3o Lei Seca intensifica fiscaliza\u00e7\u00e3o no feriado - Serra FM 87,9","isPartOf":{"@id":"https:\/\/serrafm879.com.br\/serrafm\/#website"},"primaryImageOfPage":{"@id":"https:\/\/serrafm879.com.br\/serrafm\/2025\/04\/operacao-lei-seca-intensifica-fiscalizacao-no-feriado\/#primaryimage"},"image":{"@id":"https:\/\/serrafm879.com.br\/serrafm\/2025\/04\/operacao-lei-seca-intensifica-fiscalizacao-no-feriado\/#primaryimage"},"thumbnailUrl":"https:\/\/serrafm879.com.br\/serrafm\/wp-content\/uploads\/2025\/04\/Captura-de-tela-2025-04-13-213049.png","datePublished":"2025-04-14T08:29:12+00:00","author":{"@id":"https:\/\/serrafm879.com.br\/serrafm\/#\/schema\/person\/c028a197030ff8b1c03c68dfba4a787a"},"breadcrumb":{"@id":"https:\/\/serrafm879.com.br\/serrafm\/2025\/04\/operacao-lei-seca-intensifica-fiscalizacao-no-feriado\/#breadcrumb"},"inLanguage":"pt-BR","potentialAction":[{"@type":"ReadAction","target":["https:\/\/serrafm879.com.br\/serrafm\/2025\/04\/operacao-lei-seca-intensifica-fiscalizacao-no-feriado\/"]}]},{"@type":"ImageObject","inLanguage":"pt-BR","@id":"https:\/\/serrafm879.com.br\/serrafm\/2025\/04\/operacao-lei-seca-intensifica-fiscalizacao-no-feriado\/#primaryimage","url":"https:\/\/serrafm879.com.br\/serrafm\/wp-content\/uploads\/2025\/04\/Captura-de-tela-2025-04-13-213049.png","contentUrl":"https:\/\/serrafm879.com.br\/serrafm\/wp-content\/uploads\/2025\/04\/Captura-de-tela-2025-04-13-213049.png","width":809,"height":570},{"@type":"BreadcrumbList","@id":"https:\/\/serrafm879.com.br\/serrafm\/2025\/04\/operacao-lei-seca-intensifica-fiscalizacao-no-feriado\/#breadcrumb","itemListElement":[{"@type":"ListItem","position":1,"name":"In\u00edcio","item":"https:\/\/serrafm879.com.br\/serrafm\/"},{"@type":"ListItem","position":2,"name":"Opera\u00e7\u00e3o Lei Seca intensifica fiscaliza\u00e7\u00e3o no feriado"}]},{"@type":"WebSite","@id":"https:\/\/serrafm879.com.br\/serrafm\/#website","url":"https:\/\/serrafm879.com.br\/serrafm\/","name":"Serra FM 87,9","description":"O seu novo amor!","potentialAction":[{"@type":"SearchAction","target":{"@type":"EntryPoint","urlTemplate":"https:\/\/serrafm879.com.br\/serrafm\/?s={search_term_string}"},"query-input":{"@type":"PropertyValueSpecification","valueRequired":true,"valueName":"search_term_string"}}],"inLanguage":"pt-BR"},{"@type":"Person","@id":"https:\/\/serrafm879.com.br\/serrafm\/#\/schema\/person\/c028a197030ff8b1c03c68dfba4a787a","name":"serrafm87","image":{"@type":"ImageObject","inLanguage":"pt-BR","@id":"https:\/\/serrafm879.com.br\/serrafm\/#\/schema\/person\/image\/","url":"https:\/\/secure.gravatar.com\/avatar\/a743233f1112d34f48bb3dc9559b76eb930bab8b27175856cba6362608736235?s=96&d=mm&r=g","contentUrl":"https:\/\/secure.gravatar.com\/avatar\/a743233f1112d34f48bb3dc9559b76eb930bab8b27175856cba6362608736235?s=96&d=mm&r=g","caption":"serrafm87"},"sameAs":["http:\/\/serrafm879.com.br\/"],"url":"https:\/\/serrafm879.com.br\/serrafm\/author\/serrafm87\/"}]}},"jetpack_featured_media_url":"https:\/\/serrafm879.com.br\/serrafm\/wp-content\/uploads\/2025\/04\/Captura-de-tela-2025-04-13-213049.png","jetpack_shortlink":"https:\/\/wp.me\/p7HyXg-5IP","jetpack_sharing_enabled":true,"_links":{"self":[{"href":"https:\/\/serrafm879.com.br\/serrafm\/wp-json\/wp\/v2\/posts\/21999","targetHints":{"allow":["GET"]}}],"collection":[{"href":"https:\/\/serrafm879.com.br\/serrafm\/wp-json\/wp\/v2\/posts"}],"about":[{"href":"https:\/\/serrafm879.com.br\/serrafm\/wp-json\/wp\/v2\/types\/post"}],"author":[{"embeddable":true,"href":"https:\/\/serrafm879.com.br\/serrafm\/wp-json\/wp\/v2\/users\/2"}],"replies":[{"embeddable":true,"href":"https:\/\/serrafm879.com.br\/serrafm\/wp-json\/wp\/v2\/comments?post=21999"}],"version-history":[{"count":1,"href":"https:\/\/serrafm879.com.br\/serrafm\/wp-json\/wp\/v2\/posts\/21999\/revisions"}],"predecessor-version":[{"id":22001,"href":"https:\/\/serrafm879.com.br\/serrafm\/wp-json\/wp\/v2\/posts\/21999\/revisions\/22001"}],"wp:featuredmedia":[{"embeddable":true,"href":"https:\/\/serrafm879.com.br\/serrafm\/wp-json\/wp\/v2\/media\/22000"}],"wp:attachment":[{"href":"https:\/\/serrafm879.com.br\/serrafm\/wp-json\/wp\/v2\/media?parent=21999"}],"wp:term":[{"taxonomy":"category","embeddable":true,"href":"https:\/\/serrafm879.com.br\/serrafm\/wp-json\/wp\/v2\/categories?post=21999"},{"taxonomy":"post_tag","embeddable":true,"href":"https:\/\/serrafm879.com.br\/serrafm\/wp-json\/wp\/v2\/tags?post=21999"}],"curies":[{"name":"wp","href":"https:\/\/api.w.org\/{rel}","templated":true}]}}