{"id":22008,"date":"2025-04-15T12:27:26","date_gmt":"2025-04-15T15:27:26","guid":{"rendered":"https:\/\/serrafm879.com.br\/serrafm\/?p=22008"},"modified":"2025-04-15T12:27:26","modified_gmt":"2025-04-15T15:27:26","slug":"camara-de-serra-talhada-rejeita-proposta-de-titulo-de-cidadao-serra-talhadense-ao-advogado-wendell-oliveira","status":"publish","type":"post","link":"https:\/\/serrafm879.com.br\/serrafm\/2025\/04\/camara-de-serra-talhada-rejeita-proposta-de-titulo-de-cidadao-serra-talhadense-ao-advogado-wendell-oliveira\/","title":{"rendered":"C\u00e2mara de Serra Talhada rejeita proposta de t\u00edtulo de Cidad\u00e3o Serra-talhadense ao advogado Wendell Oliveira."},"content":{"rendered":"<p class=\"p1\">O vereador Andr\u00e9 Maio (Avante) sofreu dois reveses pol\u00edticos na C\u00e2mara Municipal de Serra Talhada nesta ter\u00e7a-feira (15). Em vota\u00e7\u00f5es distintas, o parlamentar viu sua proposta de cria\u00e7\u00e3o de cursinhos online gratuitos para estudantes de baixa renda ser vetada e teve ainda rejeitado o t\u00edtulo de Cidad\u00e3o Serra-talhadense ao advogado Wendell Oliveira.<\/p>\n<p class=\"p1\">No primeiro embate, os vereadores mantiveram, por ampla maioria, o veto da prefeita M\u00e1rcia Conrado (PT) ao Projeto de Lei n\u00ba 005\/2025, de autoria de Maio. A mat\u00e9ria previa a oferta de aulas online gratuitas, mas foi vetada sob alega\u00e7\u00e3o de v\u00edcio de inconstitucionalidade, com o argumento de que a proposta invadia compet\u00eancias do Executivo e comprometia a legalidade na destina\u00e7\u00e3o de recursos p\u00fablicos. Apenas os vereadores de oposi\u00e7\u00e3o, Lindomar Diniz e Ant\u00f4nio de Antenor, votaram com Andr\u00e9 pela derrubada do veto \u2014 revelando o isolamento pol\u00edtico do parlamentar no plen\u00e1rio.<\/p>\n<p class=\"p1\">A segunda derrota veio com a rejei\u00e7\u00e3o da proposta de t\u00edtulo de Cidad\u00e3o Serra-talhadense ao advogado Wendell Oliveira. A decis\u00e3o provocou forte rea\u00e7\u00e3o de Andr\u00e9 Maio, que classificou a postura da C\u00e2mara como \u201cmesquinha\u201d e lamentou o que considerou uma retalia\u00e7\u00e3o pol\u00edtica.<\/p>\n<p class=\"p1\">\u201cEu recebi com tristeza. A pol\u00edtica de Serra Talhada, com essa demonstra\u00e7\u00e3o, mostra a pequenez que \u00e9. Um avi\u00e3o na m\u00e3o de pessoas desgovernadas. O Dr. Wendell n\u00e3o \u00e9 qualquer um. Trouxe a fam\u00edlia de fora, prestigiou essa Casa e, mesmo assim, foi desprestigiado. Isso nunca aconteceu em lugar nenhum, nem em Pernambuco, muito menos em Serra Talhada. \u00c9 lament\u00e1vel\u201d, disse o vereador.<\/p>\n<p class=\"p1\">Maio tamb\u00e9m alfinetou colegas de plen\u00e1rio, ao afirmar que jamais votou contra qualquer t\u00edtulo de cidad\u00e3o proposto por outro parlamentar. \u201cNunca votei contra. Inclusive, j\u00e1 votei em t\u00edtulo para gente que nem conhe\u00e7o. Isso aqui foi pura politicagem\u201d, disparou.<\/p>\n<p class=\"p1\">Sobre a manuten\u00e7\u00e3o do veto da prefeita, embora tenha dito respeitar a decis\u00e3o da maioria, ele n\u00e3o poupou cr\u00edticas \u00e0 base governista. \u201c\u00c9 sin\u00f4nimo de vereadores acorporados e de joelhos para uma gest\u00e3o desgastada e falida. Uma gest\u00e3o que manda e desmanda at\u00e9 no voto dos parlamentares\u201d, afirmou. \u201cFiquei enojado da pol\u00edtica e de pessoas que se dizem novas na pol\u00edtica, mas fazem esse tipo de coisa. \u00c9 triste.\u201d<\/p>\n<p>&nbsp;<\/p>\n<p>Fonte: Blog J\u00fanior Campos<\/p>\n","protected":false},"excerpt":{"rendered":"<p>O vereador Andr\u00e9 Maio (Avante) sofreu dois reveses pol\u00edticos na C\u00e2mara Municipal de Serra Talhada nesta ter\u00e7a-feira (15). Em vota\u00e7\u00f5es distintas, o parlamentar viu sua proposta de cria\u00e7\u00e3o de cursinhos online gratuitos para estudantes de baixa renda ser vetada e teve ainda rejeitado o t\u00edtulo de Cidad\u00e3o Serra-talhadense ao advogado Wendell Oliveira. No primeiro embate, os vereadores mantiveram, por ampla maioria, o veto da prefeita M\u00e1rcia Conrado (PT) ao Projeto de Lei n\u00ba 005\/2025, de autoria de Maio. A mat\u00e9ria previa a oferta de aulas online gratuitas, mas foi vetada sob alega\u00e7\u00e3o de v\u00edcio de inconstitucionalidade, com o argumento de [&hellip;]<\/p>\n","protected":false},"author":2,"featured_media":22009,"comment_status":"open","ping_status":"open","sticky":false,"template":"","format":"standard","meta":{"_jetpack_memberships_contains_paid_content":false,"footnotes":"","jetpack_publicize_message":"","jetpack_publicize_feature_enabled":true,"jetpack_social_post_already_shared":true,"jetpack_social_options":{"image_generator_settings":{"template":"highway","enabled":false},"version":2}},"categories":[1],"tags":[],"class_list":["post-22008","post","type-post","status-publish","format-standard","has-post-thumbnail","hentry","category-uncategorized"],"jetpack_publicize_connections":[],"yoast_head":"<!-- This site is optimized with the Yoast SEO plugin v24.7 - https:\/\/yoast.com\/wordpress\/plugins\/seo\/ -->\n<title>C\u00e2mara de Serra Talhada rejeita proposta de t\u00edtulo de Cidad\u00e3o Serra-talhadense ao advogado Wendell Oliveira. - Serra FM 87,9<\/title>\n<meta name=\"robots\" content=\"index, follow, max-snippet:-1, max-image-preview:large, max-video-preview:-1\" \/>\n<link rel=\"canonical\" href=\"https:\/\/serrafm879.com.br\/serrafm\/2025\/04\/camara-de-serra-talhada-rejeita-proposta-de-titulo-de-cidadao-serra-talhadense-ao-advogado-wendell-oliveira\/\" \/>\n<meta property=\"og:locale\" content=\"pt_BR\" \/>\n<meta property=\"og:type\" content=\"article\" \/>\n<meta property=\"og:title\" content=\"C\u00e2mara de Serra Talhada rejeita proposta de t\u00edtulo de Cidad\u00e3o Serra-talhadense ao advogado Wendell Oliveira. - Serra FM 87,9\" \/>\n<meta property=\"og:description\" content=\"O vereador Andr\u00e9 Maio (Avante) sofreu dois reveses pol\u00edticos na C\u00e2mara Municipal de Serra Talhada nesta ter\u00e7a-feira (15). Em vota\u00e7\u00f5es distintas, o parlamentar viu sua proposta de cria\u00e7\u00e3o de cursinhos online gratuitos para estudantes de baixa renda ser vetada e teve ainda rejeitado o t\u00edtulo de Cidad\u00e3o Serra-talhadense ao advogado Wendell Oliveira. No primeiro embate, os vereadores mantiveram, por ampla maioria, o veto da prefeita M\u00e1rcia Conrado (PT) ao Projeto de Lei n\u00ba 005\/2025, de autoria de Maio. A mat\u00e9ria previa a oferta de aulas online gratuitas, mas foi vetada sob alega\u00e7\u00e3o de v\u00edcio de inconstitucionalidade, com o argumento de [&hellip;]\" \/>\n<meta property=\"og:url\" content=\"https:\/\/serrafm879.com.br\/serrafm\/2025\/04\/camara-de-serra-talhada-rejeita-proposta-de-titulo-de-cidadao-serra-talhadense-ao-advogado-wendell-oliveira\/\" \/>\n<meta property=\"og:site_name\" content=\"Serra FM 87,9\" \/>\n<meta property=\"article:published_time\" content=\"2025-04-15T15:27:26+00:00\" \/>\n<meta property=\"og:image\" content=\"https:\/\/serrafm879.com.br\/serrafm\/wp-content\/uploads\/2025\/04\/img_4543-1-1024x576-1.jpg\" \/>\n\t<meta property=\"og:image:width\" content=\"1024\" \/>\n\t<meta property=\"og:image:height\" content=\"576\" \/>\n\t<meta property=\"og:image:type\" content=\"image\/jpeg\" \/>\n<meta name=\"author\" content=\"serrafm87\" \/>\n<meta name=\"twitter:card\" content=\"summary_large_image\" \/>\n<meta name=\"twitter:label1\" content=\"Escrito por\" \/>\n\t<meta name=\"twitter:data1\" content=\"serrafm87\" \/>\n\t<meta name=\"twitter:label2\" content=\"Est. tempo de leitura\" \/>\n\t<meta name=\"twitter:data2\" content=\"3 minutos\" \/>\n<script type=\"application\/ld+json\" class=\"yoast-schema-graph\">{\"@context\":\"https:\/\/schema.org\",\"@graph\":[{\"@type\":\"WebPage\",\"@id\":\"https:\/\/serrafm879.com.br\/serrafm\/2025\/04\/camara-de-serra-talhada-rejeita-proposta-de-titulo-de-cidadao-serra-talhadense-ao-advogado-wendell-oliveira\/\",\"url\":\"https:\/\/serrafm879.com.br\/serrafm\/2025\/04\/camara-de-serra-talhada-rejeita-proposta-de-titulo-de-cidadao-serra-talhadense-ao-advogado-wendell-oliveira\/\",\"name\":\"C\u00e2mara de Serra Talhada rejeita proposta de t\u00edtulo de Cidad\u00e3o Serra-talhadense ao advogado Wendell Oliveira. - Serra FM 87,9\",\"isPartOf\":{\"@id\":\"https:\/\/serrafm879.com.br\/serrafm\/#website\"},\"primaryImageOfPage\":{\"@id\":\"https:\/\/serrafm879.com.br\/serrafm\/2025\/04\/camara-de-serra-talhada-rejeita-proposta-de-titulo-de-cidadao-serra-talhadense-ao-advogado-wendell-oliveira\/#primaryimage\"},\"image\":{\"@id\":\"https:\/\/serrafm879.com.br\/serrafm\/2025\/04\/camara-de-serra-talhada-rejeita-proposta-de-titulo-de-cidadao-serra-talhadense-ao-advogado-wendell-oliveira\/#primaryimage\"},\"thumbnailUrl\":\"https:\/\/serrafm879.com.br\/serrafm\/wp-content\/uploads\/2025\/04\/img_4543-1-1024x576-1.jpg\",\"datePublished\":\"2025-04-15T15:27:26+00:00\",\"author\":{\"@id\":\"https:\/\/serrafm879.com.br\/serrafm\/#\/schema\/person\/c028a197030ff8b1c03c68dfba4a787a\"},\"breadcrumb\":{\"@id\":\"https:\/\/serrafm879.com.br\/serrafm\/2025\/04\/camara-de-serra-talhada-rejeita-proposta-de-titulo-de-cidadao-serra-talhadense-ao-advogado-wendell-oliveira\/#breadcrumb\"},\"inLanguage\":\"pt-BR\",\"potentialAction\":[{\"@type\":\"ReadAction\",\"target\":[\"https:\/\/serrafm879.com.br\/serrafm\/2025\/04\/camara-de-serra-talhada-rejeita-proposta-de-titulo-de-cidadao-serra-talhadense-ao-advogado-wendell-oliveira\/\"]}]},{\"@type\":\"ImageObject\",\"inLanguage\":\"pt-BR\",\"@id\":\"https:\/\/serrafm879.com.br\/serrafm\/2025\/04\/camara-de-serra-talhada-rejeita-proposta-de-titulo-de-cidadao-serra-talhadense-ao-advogado-wendell-oliveira\/#primaryimage\",\"url\":\"https:\/\/serrafm879.com.br\/serrafm\/wp-content\/uploads\/2025\/04\/img_4543-1-1024x576-1.jpg\",\"contentUrl\":\"https:\/\/serrafm879.com.br\/serrafm\/wp-content\/uploads\/2025\/04\/img_4543-1-1024x576-1.jpg\",\"width\":1024,\"height\":576},{\"@type\":\"BreadcrumbList\",\"@id\":\"https:\/\/serrafm879.com.br\/serrafm\/2025\/04\/camara-de-serra-talhada-rejeita-proposta-de-titulo-de-cidadao-serra-talhadense-ao-advogado-wendell-oliveira\/#breadcrumb\",\"itemListElement\":[{\"@type\":\"ListItem\",\"position\":1,\"name\":\"In\u00edcio\",\"item\":\"https:\/\/serrafm879.com.br\/serrafm\/\"},{\"@type\":\"ListItem\",\"position\":2,\"name\":\"C\u00e2mara de Serra Talhada rejeita proposta de t\u00edtulo de Cidad\u00e3o Serra-talhadense ao advogado Wendell Oliveira.\"}]},{\"@type\":\"WebSite\",\"@id\":\"https:\/\/serrafm879.com.br\/serrafm\/#website\",\"url\":\"https:\/\/serrafm879.com.br\/serrafm\/\",\"name\":\"Serra FM 87,9\",\"description\":\"O seu novo amor!\",\"potentialAction\":[{\"@type\":\"SearchAction\",\"target\":{\"@type\":\"EntryPoint\",\"urlTemplate\":\"https:\/\/serrafm879.com.br\/serrafm\/?s={search_term_string}\"},\"query-input\":{\"@type\":\"PropertyValueSpecification\",\"valueRequired\":true,\"valueName\":\"search_term_string\"}}],\"inLanguage\":\"pt-BR\"},{\"@type\":\"Person\",\"@id\":\"https:\/\/serrafm879.com.br\/serrafm\/#\/schema\/person\/c028a197030ff8b1c03c68dfba4a787a\",\"name\":\"serrafm87\",\"image\":{\"@type\":\"ImageObject\",\"inLanguage\":\"pt-BR\",\"@id\":\"https:\/\/serrafm879.com.br\/serrafm\/#\/schema\/person\/image\/\",\"url\":\"https:\/\/secure.gravatar.com\/avatar\/a743233f1112d34f48bb3dc9559b76eb930bab8b27175856cba6362608736235?s=96&d=mm&r=g\",\"contentUrl\":\"https:\/\/secure.gravatar.com\/avatar\/a743233f1112d34f48bb3dc9559b76eb930bab8b27175856cba6362608736235?s=96&d=mm&r=g\",\"caption\":\"serrafm87\"},\"sameAs\":[\"http:\/\/serrafm879.com.br\/\"],\"url\":\"https:\/\/serrafm879.com.br\/serrafm\/author\/serrafm87\/\"}]}<\/script>\n<!-- \/ Yoast SEO plugin. -->","yoast_head_json":{"title":"C\u00e2mara de Serra Talhada rejeita proposta de t\u00edtulo de Cidad\u00e3o Serra-talhadense ao advogado Wendell Oliveira. - Serra FM 87,9","robots":{"index":"index","follow":"follow","max-snippet":"max-snippet:-1","max-image-preview":"max-image-preview:large","max-video-preview":"max-video-preview:-1"},"canonical":"https:\/\/serrafm879.com.br\/serrafm\/2025\/04\/camara-de-serra-talhada-rejeita-proposta-de-titulo-de-cidadao-serra-talhadense-ao-advogado-wendell-oliveira\/","og_locale":"pt_BR","og_type":"article","og_title":"C\u00e2mara de Serra Talhada rejeita proposta de t\u00edtulo de Cidad\u00e3o Serra-talhadense ao advogado Wendell Oliveira. - Serra FM 87,9","og_description":"O vereador Andr\u00e9 Maio (Avante) sofreu dois reveses pol\u00edticos na C\u00e2mara Municipal de Serra Talhada nesta ter\u00e7a-feira (15). Em vota\u00e7\u00f5es distintas, o parlamentar viu sua proposta de cria\u00e7\u00e3o de cursinhos online gratuitos para estudantes de baixa renda ser vetada e teve ainda rejeitado o t\u00edtulo de Cidad\u00e3o Serra-talhadense ao advogado Wendell Oliveira. No primeiro embate, os vereadores mantiveram, por ampla maioria, o veto da prefeita M\u00e1rcia Conrado (PT) ao Projeto de Lei n\u00ba 005\/2025, de autoria de Maio. A mat\u00e9ria previa a oferta de aulas online gratuitas, mas foi vetada sob alega\u00e7\u00e3o de v\u00edcio de inconstitucionalidade, com o argumento de [&hellip;]","og_url":"https:\/\/serrafm879.com.br\/serrafm\/2025\/04\/camara-de-serra-talhada-rejeita-proposta-de-titulo-de-cidadao-serra-talhadense-ao-advogado-wendell-oliveira\/","og_site_name":"Serra FM 87,9","article_published_time":"2025-04-15T15:27:26+00:00","og_image":[{"width":1024,"height":576,"url":"https:\/\/serrafm879.com.br\/serrafm\/wp-content\/uploads\/2025\/04\/img_4543-1-1024x576-1.jpg","type":"image\/jpeg"}],"author":"serrafm87","twitter_card":"summary_large_image","twitter_misc":{"Escrito por":"serrafm87","Est. tempo de leitura":"3 minutos"},"schema":{"@context":"https:\/\/schema.org","@graph":[{"@type":"WebPage","@id":"https:\/\/serrafm879.com.br\/serrafm\/2025\/04\/camara-de-serra-talhada-rejeita-proposta-de-titulo-de-cidadao-serra-talhadense-ao-advogado-wendell-oliveira\/","url":"https:\/\/serrafm879.com.br\/serrafm\/2025\/04\/camara-de-serra-talhada-rejeita-proposta-de-titulo-de-cidadao-serra-talhadense-ao-advogado-wendell-oliveira\/","name":"C\u00e2mara de Serra Talhada rejeita proposta de t\u00edtulo de Cidad\u00e3o Serra-talhadense ao advogado Wendell Oliveira. - Serra FM 87,9","isPartOf":{"@id":"https:\/\/serrafm879.com.br\/serrafm\/#website"},"primaryImageOfPage":{"@id":"https:\/\/serrafm879.com.br\/serrafm\/2025\/04\/camara-de-serra-talhada-rejeita-proposta-de-titulo-de-cidadao-serra-talhadense-ao-advogado-wendell-oliveira\/#primaryimage"},"image":{"@id":"https:\/\/serrafm879.com.br\/serrafm\/2025\/04\/camara-de-serra-talhada-rejeita-proposta-de-titulo-de-cidadao-serra-talhadense-ao-advogado-wendell-oliveira\/#primaryimage"},"thumbnailUrl":"https:\/\/serrafm879.com.br\/serrafm\/wp-content\/uploads\/2025\/04\/img_4543-1-1024x576-1.jpg","datePublished":"2025-04-15T15:27:26+00:00","author":{"@id":"https:\/\/serrafm879.com.br\/serrafm\/#\/schema\/person\/c028a197030ff8b1c03c68dfba4a787a"},"breadcrumb":{"@id":"https:\/\/serrafm879.com.br\/serrafm\/2025\/04\/camara-de-serra-talhada-rejeita-proposta-de-titulo-de-cidadao-serra-talhadense-ao-advogado-wendell-oliveira\/#breadcrumb"},"inLanguage":"pt-BR","potentialAction":[{"@type":"ReadAction","target":["https:\/\/serrafm879.com.br\/serrafm\/2025\/04\/camara-de-serra-talhada-rejeita-proposta-de-titulo-de-cidadao-serra-talhadense-ao-advogado-wendell-oliveira\/"]}]},{"@type":"ImageObject","inLanguage":"pt-BR","@id":"https:\/\/serrafm879.com.br\/serrafm\/2025\/04\/camara-de-serra-talhada-rejeita-proposta-de-titulo-de-cidadao-serra-talhadense-ao-advogado-wendell-oliveira\/#primaryimage","url":"https:\/\/serrafm879.com.br\/serrafm\/wp-content\/uploads\/2025\/04\/img_4543-1-1024x576-1.jpg","contentUrl":"https:\/\/serrafm879.com.br\/serrafm\/wp-content\/uploads\/2025\/04\/img_4543-1-1024x576-1.jpg","width":1024,"height":576},{"@type":"BreadcrumbList","@id":"https:\/\/serrafm879.com.br\/serrafm\/2025\/04\/camara-de-serra-talhada-rejeita-proposta-de-titulo-de-cidadao-serra-talhadense-ao-advogado-wendell-oliveira\/#breadcrumb","itemListElement":[{"@type":"ListItem","position":1,"name":"In\u00edcio","item":"https:\/\/serrafm879.com.br\/serrafm\/"},{"@type":"ListItem","position":2,"name":"C\u00e2mara de Serra Talhada rejeita proposta de t\u00edtulo de Cidad\u00e3o Serra-talhadense ao advogado Wendell Oliveira."}]},{"@type":"WebSite","@id":"https:\/\/serrafm879.com.br\/serrafm\/#website","url":"https:\/\/serrafm879.com.br\/serrafm\/","name":"Serra FM 87,9","description":"O seu novo amor!","potentialAction":[{"@type":"SearchAction","target":{"@type":"EntryPoint","urlTemplate":"https:\/\/serrafm879.com.br\/serrafm\/?s={search_term_string}"},"query-input":{"@type":"PropertyValueSpecification","valueRequired":true,"valueName":"search_term_string"}}],"inLanguage":"pt-BR"},{"@type":"Person","@id":"https:\/\/serrafm879.com.br\/serrafm\/#\/schema\/person\/c028a197030ff8b1c03c68dfba4a787a","name":"serrafm87","image":{"@type":"ImageObject","inLanguage":"pt-BR","@id":"https:\/\/serrafm879.com.br\/serrafm\/#\/schema\/person\/image\/","url":"https:\/\/secure.gravatar.com\/avatar\/a743233f1112d34f48bb3dc9559b76eb930bab8b27175856cba6362608736235?s=96&d=mm&r=g","contentUrl":"https:\/\/secure.gravatar.com\/avatar\/a743233f1112d34f48bb3dc9559b76eb930bab8b27175856cba6362608736235?s=96&d=mm&r=g","caption":"serrafm87"},"sameAs":["http:\/\/serrafm879.com.br\/"],"url":"https:\/\/serrafm879.com.br\/serrafm\/author\/serrafm87\/"}]}},"jetpack_featured_media_url":"https:\/\/serrafm879.com.br\/serrafm\/wp-content\/uploads\/2025\/04\/img_4543-1-1024x576-1.jpg","jetpack_shortlink":"https:\/\/wp.me\/p7HyXg-5IY","jetpack_sharing_enabled":true,"_links":{"self":[{"href":"https:\/\/serrafm879.com.br\/serrafm\/wp-json\/wp\/v2\/posts\/22008","targetHints":{"allow":["GET"]}}],"collection":[{"href":"https:\/\/serrafm879.com.br\/serrafm\/wp-json\/wp\/v2\/posts"}],"about":[{"href":"https:\/\/serrafm879.com.br\/serrafm\/wp-json\/wp\/v2\/types\/post"}],"author":[{"embeddable":true,"href":"https:\/\/serrafm879.com.br\/serrafm\/wp-json\/wp\/v2\/users\/2"}],"replies":[{"embeddable":true,"href":"https:\/\/serrafm879.com.br\/serrafm\/wp-json\/wp\/v2\/comments?post=22008"}],"version-history":[{"count":1,"href":"https:\/\/serrafm879.com.br\/serrafm\/wp-json\/wp\/v2\/posts\/22008\/revisions"}],"predecessor-version":[{"id":22010,"href":"https:\/\/serrafm879.com.br\/serrafm\/wp-json\/wp\/v2\/posts\/22008\/revisions\/22010"}],"wp:featuredmedia":[{"embeddable":true,"href":"https:\/\/serrafm879.com.br\/serrafm\/wp-json\/wp\/v2\/media\/22009"}],"wp:attachment":[{"href":"https:\/\/serrafm879.com.br\/serrafm\/wp-json\/wp\/v2\/media?parent=22008"}],"wp:term":[{"taxonomy":"category","embeddable":true,"href":"https:\/\/serrafm879.com.br\/serrafm\/wp-json\/wp\/v2\/categories?post=22008"},{"taxonomy":"post_tag","embeddable":true,"href":"https:\/\/serrafm879.com.br\/serrafm\/wp-json\/wp\/v2\/tags?post=22008"}],"curies":[{"name":"wp","href":"https:\/\/api.w.org\/{rel}","templated":true}]}}