{"id":22957,"date":"2025-06-19T10:41:04","date_gmt":"2025-06-19T13:41:04","guid":{"rendered":"https:\/\/serrafm879.com.br\/serrafm\/?p=22957"},"modified":"2025-06-19T10:41:04","modified_gmt":"2025-06-19T13:41:04","slug":"confira-o-que-abre-e-fecha-nesta-quinta-feira-de-corpus-christi-em-serra-talhada","status":"publish","type":"post","link":"https:\/\/serrafm879.com.br\/serrafm\/2025\/06\/confira-o-que-abre-e-fecha-nesta-quinta-feira-de-corpus-christi-em-serra-talhada\/","title":{"rendered":"Confira o que abre e fecha nesta quinta-feira de Corpus Christi em Serra Talhada"},"content":{"rendered":"<p>Nesta quinta-feira (19), todo o\u00a0Brasil\u00a0vivencia o dia de\u00a0<strong>Corpus Christi<\/strong>. Em algumas regi\u00f5es do pa\u00eds, o feriado foi transferido para a pr\u00f3xima segunda-feira (23), v\u00e9spera de S\u00e3o Jo\u00e3o. Em Serra Talhada, o com\u00e9rcio dever\u00e1 funcionar em hor\u00e1rio reduzido, entretanto, em alguns setores, o hor\u00e1rio de funcionamento, n\u00e3o sofre altera\u00e7\u00f5es.<\/p>\n<h5><strong>\u00d3RG\u00c3OS P\u00daBLICOS<\/strong><\/h5>\n<p>\u2013 Mercado P\u00fablico, na Rua Enock In\u00e1cio de Oliveira: funciona normalmente na quinta-feira (19);<\/p>\n<div>\n<div id=\"denakop-auto-intext-f6882408-2fb0-482d-92e6-64f75fa93aec\" data-google-query-id=\"CNXEj-rN_Y0DFc85uQYdg_Edfw\">\n<p>\u2013 Feira Livre, na Lagoa Maria Tim\u00f3teo: funciona normalmente na quinta-feira (19);<\/p>\n<p>\u2013 Pra\u00e7a de Alimenta\u00e7\u00e3o da Lagoa Maria Tim\u00f3teo: funciona normalmente na quinta-feira (19);<\/p>\n<h5>COM\u00c9RCIO E LOJAS<\/h5>\n<p>\u2013 Com\u00e9rcio de Serra Talhada: funciona at\u00e9 \u00e0s 15h;<\/p>\n<h5><strong>BANCOS<\/strong><\/h5>\n<p>Todos fechados.<\/p>\n<h5><strong>SUPERMERCADOS<\/strong><\/h5>\n<p>\u2013 Supermercado Paje\u00fa: todas as lojas funcionar\u00e3o em hor\u00e1rio normal na quinta-feira;<\/p>\n<p>\u2013 Atacad\u00e3o, na BR-232: funciona em hor\u00e1rio normal, das 7h at\u00e9 \u00e0s 22h;<\/p>\n<h5><strong>FARM\u00c1CIAS<\/strong><\/h5>\n<p>\u2013 Farm\u00e1cia do Povo, na Enock In\u00e1cio de Oliveira: funciona em hor\u00e1rio normal, at\u00e9 \u00e1s 20h30;<\/p>\n<p>\u2013 Farm\u00e1cia Santa Clara, na Enock In\u00e1cio de Oliveira: funciona em hor\u00e1rio normal nesta quinta;<\/p>\n<p>\u2013 Farm\u00e1cia Drogasil, na Enock In\u00e1cio de Oliveira: funciona em hor\u00e1rio normal, das 7h \u00e0s 23h;<\/p>\n<h5>SHOPPING SERRA TALHADA<\/h5>\n<p>\u2013 Alimenta\u00e7\u00e3o: funciona em hor\u00e1rio normal;<\/p>\n<p>\u2013 Varejo: funciona em hor\u00e1rio normal;<\/p>\n<p>\u2013 Selfit: funciona em hor\u00e1rio normal;<\/p>\n<\/div>\n<\/div>\n<p>&nbsp;<\/p>\n","protected":false},"excerpt":{"rendered":"<p>Nesta quinta-feira (19), todo o\u00a0Brasil\u00a0vivencia o dia de\u00a0Corpus Christi. Em algumas regi\u00f5es do pa\u00eds, o feriado foi transferido para a pr\u00f3xima segunda-feira (23), v\u00e9spera de S\u00e3o Jo\u00e3o. Em Serra Talhada, o com\u00e9rcio dever\u00e1 funcionar em hor\u00e1rio reduzido, entretanto, em alguns setores, o hor\u00e1rio de funcionamento, n\u00e3o sofre altera\u00e7\u00f5es. \u00d3RG\u00c3OS P\u00daBLICOS \u2013 Mercado P\u00fablico, na Rua Enock In\u00e1cio de Oliveira: funciona normalmente na quinta-feira (19); \u2013 Feira Livre, na Lagoa Maria Tim\u00f3teo: funciona normalmente na quinta-feira (19); \u2013 Pra\u00e7a de Alimenta\u00e7\u00e3o da Lagoa Maria Tim\u00f3teo: funciona normalmente na quinta-feira (19); COM\u00c9RCIO E LOJAS \u2013 Com\u00e9rcio de Serra Talhada: funciona at\u00e9 \u00e0s [&hellip;]<\/p>\n","protected":false},"author":2,"featured_media":2871,"comment_status":"open","ping_status":"open","sticky":false,"template":"","format":"standard","meta":{"_jetpack_memberships_contains_paid_content":false,"footnotes":"","jetpack_publicize_message":"","jetpack_publicize_feature_enabled":true,"jetpack_social_post_already_shared":true,"jetpack_social_options":{"image_generator_settings":{"template":"highway","enabled":false},"version":2}},"categories":[2],"tags":[],"class_list":["post-22957","post","type-post","status-publish","format-standard","has-post-thumbnail","hentry","category-noticias"],"jetpack_publicize_connections":[],"yoast_head":"<!-- This site is optimized with the Yoast SEO plugin v24.7 - https:\/\/yoast.com\/wordpress\/plugins\/seo\/ -->\n<title>Confira o que abre e fecha nesta quinta-feira de Corpus Christi em Serra Talhada - Serra FM 87,9<\/title>\n<meta name=\"robots\" content=\"index, follow, max-snippet:-1, max-image-preview:large, max-video-preview:-1\" \/>\n<link rel=\"canonical\" href=\"https:\/\/serrafm879.com.br\/serrafm\/2025\/06\/confira-o-que-abre-e-fecha-nesta-quinta-feira-de-corpus-christi-em-serra-talhada\/\" \/>\n<meta property=\"og:locale\" content=\"pt_BR\" \/>\n<meta property=\"og:type\" content=\"article\" \/>\n<meta property=\"og:title\" content=\"Confira o que abre e fecha nesta quinta-feira de Corpus Christi em Serra Talhada - Serra FM 87,9\" \/>\n<meta property=\"og:description\" content=\"Nesta quinta-feira (19), todo o\u00a0Brasil\u00a0vivencia o dia de\u00a0Corpus Christi. Em algumas regi\u00f5es do pa\u00eds, o feriado foi transferido para a pr\u00f3xima segunda-feira (23), v\u00e9spera de S\u00e3o Jo\u00e3o. Em Serra Talhada, o com\u00e9rcio dever\u00e1 funcionar em hor\u00e1rio reduzido, entretanto, em alguns setores, o hor\u00e1rio de funcionamento, n\u00e3o sofre altera\u00e7\u00f5es. \u00d3RG\u00c3OS P\u00daBLICOS \u2013 Mercado P\u00fablico, na Rua Enock In\u00e1cio de Oliveira: funciona normalmente na quinta-feira (19); \u2013 Feira Livre, na Lagoa Maria Tim\u00f3teo: funciona normalmente na quinta-feira (19); \u2013 Pra\u00e7a de Alimenta\u00e7\u00e3o da Lagoa Maria Tim\u00f3teo: funciona normalmente na quinta-feira (19); COM\u00c9RCIO E LOJAS \u2013 Com\u00e9rcio de Serra Talhada: funciona at\u00e9 \u00e0s [&hellip;]\" \/>\n<meta property=\"og:url\" content=\"https:\/\/serrafm879.com.br\/serrafm\/2025\/06\/confira-o-que-abre-e-fecha-nesta-quinta-feira-de-corpus-christi-em-serra-talhada\/\" \/>\n<meta property=\"og:site_name\" content=\"Serra FM 87,9\" \/>\n<meta property=\"article:published_time\" content=\"2025-06-19T13:41:04+00:00\" \/>\n<meta property=\"og:image\" content=\"http:\/\/serrafm879.com.br\/serrafm\/wp-content\/uploads\/2020\/06\/corpus.jpg\" \/>\n\t<meta property=\"og:image:width\" content=\"1100\" \/>\n\t<meta property=\"og:image:height\" content=\"648\" \/>\n\t<meta property=\"og:image:type\" content=\"image\/jpeg\" \/>\n<meta name=\"author\" content=\"serrafm87\" \/>\n<meta name=\"twitter:card\" content=\"summary_large_image\" \/>\n<meta name=\"twitter:label1\" content=\"Escrito por\" \/>\n\t<meta name=\"twitter:data1\" content=\"serrafm87\" \/>\n\t<meta name=\"twitter:label2\" content=\"Est. tempo de leitura\" \/>\n\t<meta name=\"twitter:data2\" content=\"2 minutos\" \/>\n<script type=\"application\/ld+json\" class=\"yoast-schema-graph\">{\"@context\":\"https:\/\/schema.org\",\"@graph\":[{\"@type\":\"WebPage\",\"@id\":\"https:\/\/serrafm879.com.br\/serrafm\/2025\/06\/confira-o-que-abre-e-fecha-nesta-quinta-feira-de-corpus-christi-em-serra-talhada\/\",\"url\":\"https:\/\/serrafm879.com.br\/serrafm\/2025\/06\/confira-o-que-abre-e-fecha-nesta-quinta-feira-de-corpus-christi-em-serra-talhada\/\",\"name\":\"Confira o que abre e fecha nesta quinta-feira de Corpus Christi em Serra Talhada - Serra FM 87,9\",\"isPartOf\":{\"@id\":\"https:\/\/serrafm879.com.br\/serrafm\/#website\"},\"primaryImageOfPage\":{\"@id\":\"https:\/\/serrafm879.com.br\/serrafm\/2025\/06\/confira-o-que-abre-e-fecha-nesta-quinta-feira-de-corpus-christi-em-serra-talhada\/#primaryimage\"},\"image\":{\"@id\":\"https:\/\/serrafm879.com.br\/serrafm\/2025\/06\/confira-o-que-abre-e-fecha-nesta-quinta-feira-de-corpus-christi-em-serra-talhada\/#primaryimage\"},\"thumbnailUrl\":\"https:\/\/serrafm879.com.br\/serrafm\/wp-content\/uploads\/2020\/06\/corpus.jpg\",\"datePublished\":\"2025-06-19T13:41:04+00:00\",\"author\":{\"@id\":\"https:\/\/serrafm879.com.br\/serrafm\/#\/schema\/person\/c028a197030ff8b1c03c68dfba4a787a\"},\"breadcrumb\":{\"@id\":\"https:\/\/serrafm879.com.br\/serrafm\/2025\/06\/confira-o-que-abre-e-fecha-nesta-quinta-feira-de-corpus-christi-em-serra-talhada\/#breadcrumb\"},\"inLanguage\":\"pt-BR\",\"potentialAction\":[{\"@type\":\"ReadAction\",\"target\":[\"https:\/\/serrafm879.com.br\/serrafm\/2025\/06\/confira-o-que-abre-e-fecha-nesta-quinta-feira-de-corpus-christi-em-serra-talhada\/\"]}]},{\"@type\":\"ImageObject\",\"inLanguage\":\"pt-BR\",\"@id\":\"https:\/\/serrafm879.com.br\/serrafm\/2025\/06\/confira-o-que-abre-e-fecha-nesta-quinta-feira-de-corpus-christi-em-serra-talhada\/#primaryimage\",\"url\":\"https:\/\/serrafm879.com.br\/serrafm\/wp-content\/uploads\/2020\/06\/corpus.jpg\",\"contentUrl\":\"https:\/\/serrafm879.com.br\/serrafm\/wp-content\/uploads\/2020\/06\/corpus.jpg\",\"width\":1100,\"height\":648},{\"@type\":\"BreadcrumbList\",\"@id\":\"https:\/\/serrafm879.com.br\/serrafm\/2025\/06\/confira-o-que-abre-e-fecha-nesta-quinta-feira-de-corpus-christi-em-serra-talhada\/#breadcrumb\",\"itemListElement\":[{\"@type\":\"ListItem\",\"position\":1,\"name\":\"In\u00edcio\",\"item\":\"https:\/\/serrafm879.com.br\/serrafm\/\"},{\"@type\":\"ListItem\",\"position\":2,\"name\":\"Confira o que abre e fecha nesta quinta-feira de Corpus Christi em Serra Talhada\"}]},{\"@type\":\"WebSite\",\"@id\":\"https:\/\/serrafm879.com.br\/serrafm\/#website\",\"url\":\"https:\/\/serrafm879.com.br\/serrafm\/\",\"name\":\"Serra FM 87,9\",\"description\":\"O seu novo amor!\",\"potentialAction\":[{\"@type\":\"SearchAction\",\"target\":{\"@type\":\"EntryPoint\",\"urlTemplate\":\"https:\/\/serrafm879.com.br\/serrafm\/?s={search_term_string}\"},\"query-input\":{\"@type\":\"PropertyValueSpecification\",\"valueRequired\":true,\"valueName\":\"search_term_string\"}}],\"inLanguage\":\"pt-BR\"},{\"@type\":\"Person\",\"@id\":\"https:\/\/serrafm879.com.br\/serrafm\/#\/schema\/person\/c028a197030ff8b1c03c68dfba4a787a\",\"name\":\"serrafm87\",\"image\":{\"@type\":\"ImageObject\",\"inLanguage\":\"pt-BR\",\"@id\":\"https:\/\/serrafm879.com.br\/serrafm\/#\/schema\/person\/image\/\",\"url\":\"https:\/\/secure.gravatar.com\/avatar\/a743233f1112d34f48bb3dc9559b76eb930bab8b27175856cba6362608736235?s=96&d=mm&r=g\",\"contentUrl\":\"https:\/\/secure.gravatar.com\/avatar\/a743233f1112d34f48bb3dc9559b76eb930bab8b27175856cba6362608736235?s=96&d=mm&r=g\",\"caption\":\"serrafm87\"},\"sameAs\":[\"http:\/\/serrafm879.com.br\/\"],\"url\":\"https:\/\/serrafm879.com.br\/serrafm\/author\/serrafm87\/\"}]}<\/script>\n<!-- \/ Yoast SEO plugin. -->","yoast_head_json":{"title":"Confira o que abre e fecha nesta quinta-feira de Corpus Christi em Serra Talhada - Serra FM 87,9","robots":{"index":"index","follow":"follow","max-snippet":"max-snippet:-1","max-image-preview":"max-image-preview:large","max-video-preview":"max-video-preview:-1"},"canonical":"https:\/\/serrafm879.com.br\/serrafm\/2025\/06\/confira-o-que-abre-e-fecha-nesta-quinta-feira-de-corpus-christi-em-serra-talhada\/","og_locale":"pt_BR","og_type":"article","og_title":"Confira o que abre e fecha nesta quinta-feira de Corpus Christi em Serra Talhada - Serra FM 87,9","og_description":"Nesta quinta-feira (19), todo o\u00a0Brasil\u00a0vivencia o dia de\u00a0Corpus Christi. Em algumas regi\u00f5es do pa\u00eds, o feriado foi transferido para a pr\u00f3xima segunda-feira (23), v\u00e9spera de S\u00e3o Jo\u00e3o. Em Serra Talhada, o com\u00e9rcio dever\u00e1 funcionar em hor\u00e1rio reduzido, entretanto, em alguns setores, o hor\u00e1rio de funcionamento, n\u00e3o sofre altera\u00e7\u00f5es. \u00d3RG\u00c3OS P\u00daBLICOS \u2013 Mercado P\u00fablico, na Rua Enock In\u00e1cio de Oliveira: funciona normalmente na quinta-feira (19); \u2013 Feira Livre, na Lagoa Maria Tim\u00f3teo: funciona normalmente na quinta-feira (19); \u2013 Pra\u00e7a de Alimenta\u00e7\u00e3o da Lagoa Maria Tim\u00f3teo: funciona normalmente na quinta-feira (19); COM\u00c9RCIO E LOJAS \u2013 Com\u00e9rcio de Serra Talhada: funciona at\u00e9 \u00e0s [&hellip;]","og_url":"https:\/\/serrafm879.com.br\/serrafm\/2025\/06\/confira-o-que-abre-e-fecha-nesta-quinta-feira-de-corpus-christi-em-serra-talhada\/","og_site_name":"Serra FM 87,9","article_published_time":"2025-06-19T13:41:04+00:00","og_image":[{"width":1100,"height":648,"url":"http:\/\/serrafm879.com.br\/serrafm\/wp-content\/uploads\/2020\/06\/corpus.jpg","type":"image\/jpeg"}],"author":"serrafm87","twitter_card":"summary_large_image","twitter_misc":{"Escrito por":"serrafm87","Est. tempo de leitura":"2 minutos"},"schema":{"@context":"https:\/\/schema.org","@graph":[{"@type":"WebPage","@id":"https:\/\/serrafm879.com.br\/serrafm\/2025\/06\/confira-o-que-abre-e-fecha-nesta-quinta-feira-de-corpus-christi-em-serra-talhada\/","url":"https:\/\/serrafm879.com.br\/serrafm\/2025\/06\/confira-o-que-abre-e-fecha-nesta-quinta-feira-de-corpus-christi-em-serra-talhada\/","name":"Confira o que abre e fecha nesta quinta-feira de Corpus Christi em Serra Talhada - Serra FM 87,9","isPartOf":{"@id":"https:\/\/serrafm879.com.br\/serrafm\/#website"},"primaryImageOfPage":{"@id":"https:\/\/serrafm879.com.br\/serrafm\/2025\/06\/confira-o-que-abre-e-fecha-nesta-quinta-feira-de-corpus-christi-em-serra-talhada\/#primaryimage"},"image":{"@id":"https:\/\/serrafm879.com.br\/serrafm\/2025\/06\/confira-o-que-abre-e-fecha-nesta-quinta-feira-de-corpus-christi-em-serra-talhada\/#primaryimage"},"thumbnailUrl":"https:\/\/serrafm879.com.br\/serrafm\/wp-content\/uploads\/2020\/06\/corpus.jpg","datePublished":"2025-06-19T13:41:04+00:00","author":{"@id":"https:\/\/serrafm879.com.br\/serrafm\/#\/schema\/person\/c028a197030ff8b1c03c68dfba4a787a"},"breadcrumb":{"@id":"https:\/\/serrafm879.com.br\/serrafm\/2025\/06\/confira-o-que-abre-e-fecha-nesta-quinta-feira-de-corpus-christi-em-serra-talhada\/#breadcrumb"},"inLanguage":"pt-BR","potentialAction":[{"@type":"ReadAction","target":["https:\/\/serrafm879.com.br\/serrafm\/2025\/06\/confira-o-que-abre-e-fecha-nesta-quinta-feira-de-corpus-christi-em-serra-talhada\/"]}]},{"@type":"ImageObject","inLanguage":"pt-BR","@id":"https:\/\/serrafm879.com.br\/serrafm\/2025\/06\/confira-o-que-abre-e-fecha-nesta-quinta-feira-de-corpus-christi-em-serra-talhada\/#primaryimage","url":"https:\/\/serrafm879.com.br\/serrafm\/wp-content\/uploads\/2020\/06\/corpus.jpg","contentUrl":"https:\/\/serrafm879.com.br\/serrafm\/wp-content\/uploads\/2020\/06\/corpus.jpg","width":1100,"height":648},{"@type":"BreadcrumbList","@id":"https:\/\/serrafm879.com.br\/serrafm\/2025\/06\/confira-o-que-abre-e-fecha-nesta-quinta-feira-de-corpus-christi-em-serra-talhada\/#breadcrumb","itemListElement":[{"@type":"ListItem","position":1,"name":"In\u00edcio","item":"https:\/\/serrafm879.com.br\/serrafm\/"},{"@type":"ListItem","position":2,"name":"Confira o que abre e fecha nesta quinta-feira de Corpus Christi em Serra Talhada"}]},{"@type":"WebSite","@id":"https:\/\/serrafm879.com.br\/serrafm\/#website","url":"https:\/\/serrafm879.com.br\/serrafm\/","name":"Serra FM 87,9","description":"O seu novo amor!","potentialAction":[{"@type":"SearchAction","target":{"@type":"EntryPoint","urlTemplate":"https:\/\/serrafm879.com.br\/serrafm\/?s={search_term_string}"},"query-input":{"@type":"PropertyValueSpecification","valueRequired":true,"valueName":"search_term_string"}}],"inLanguage":"pt-BR"},{"@type":"Person","@id":"https:\/\/serrafm879.com.br\/serrafm\/#\/schema\/person\/c028a197030ff8b1c03c68dfba4a787a","name":"serrafm87","image":{"@type":"ImageObject","inLanguage":"pt-BR","@id":"https:\/\/serrafm879.com.br\/serrafm\/#\/schema\/person\/image\/","url":"https:\/\/secure.gravatar.com\/avatar\/a743233f1112d34f48bb3dc9559b76eb930bab8b27175856cba6362608736235?s=96&d=mm&r=g","contentUrl":"https:\/\/secure.gravatar.com\/avatar\/a743233f1112d34f48bb3dc9559b76eb930bab8b27175856cba6362608736235?s=96&d=mm&r=g","caption":"serrafm87"},"sameAs":["http:\/\/serrafm879.com.br\/"],"url":"https:\/\/serrafm879.com.br\/serrafm\/author\/serrafm87\/"}]}},"jetpack_featured_media_url":"https:\/\/serrafm879.com.br\/serrafm\/wp-content\/uploads\/2020\/06\/corpus.jpg","jetpack_shortlink":"https:\/\/wp.me\/p7HyXg-5Yh","jetpack_sharing_enabled":true,"_links":{"self":[{"href":"https:\/\/serrafm879.com.br\/serrafm\/wp-json\/wp\/v2\/posts\/22957","targetHints":{"allow":["GET"]}}],"collection":[{"href":"https:\/\/serrafm879.com.br\/serrafm\/wp-json\/wp\/v2\/posts"}],"about":[{"href":"https:\/\/serrafm879.com.br\/serrafm\/wp-json\/wp\/v2\/types\/post"}],"author":[{"embeddable":true,"href":"https:\/\/serrafm879.com.br\/serrafm\/wp-json\/wp\/v2\/users\/2"}],"replies":[{"embeddable":true,"href":"https:\/\/serrafm879.com.br\/serrafm\/wp-json\/wp\/v2\/comments?post=22957"}],"version-history":[{"count":1,"href":"https:\/\/serrafm879.com.br\/serrafm\/wp-json\/wp\/v2\/posts\/22957\/revisions"}],"predecessor-version":[{"id":22958,"href":"https:\/\/serrafm879.com.br\/serrafm\/wp-json\/wp\/v2\/posts\/22957\/revisions\/22958"}],"wp:featuredmedia":[{"embeddable":true,"href":"https:\/\/serrafm879.com.br\/serrafm\/wp-json\/wp\/v2\/media\/2871"}],"wp:attachment":[{"href":"https:\/\/serrafm879.com.br\/serrafm\/wp-json\/wp\/v2\/media?parent=22957"}],"wp:term":[{"taxonomy":"category","embeddable":true,"href":"https:\/\/serrafm879.com.br\/serrafm\/wp-json\/wp\/v2\/categories?post=22957"},{"taxonomy":"post_tag","embeddable":true,"href":"https:\/\/serrafm879.com.br\/serrafm\/wp-json\/wp\/v2\/tags?post=22957"}],"curies":[{"name":"wp","href":"https:\/\/api.w.org\/{rel}","templated":true}]}}