{"id":22959,"date":"2025-06-19T10:42:40","date_gmt":"2025-06-19T13:42:40","guid":{"rendered":"https:\/\/serrafm879.com.br\/serrafm\/?p=22959"},"modified":"2025-06-19T10:42:40","modified_gmt":"2025-06-19T13:42:40","slug":"pm-interrompe-sequestro-e-apreende-armas-e-municoes","status":"publish","type":"post","link":"https:\/\/serrafm879.com.br\/serrafm\/2025\/06\/pm-interrompe-sequestro-e-apreende-armas-e-municoes\/","title":{"rendered":"PM interrompe sequestro e apreende armas e muni\u00e7\u00f5es"},"content":{"rendered":"<p>Em uma a\u00e7\u00e3o r\u00e1pida, policiais militares do 25\u00ba BPM resgataram uma v\u00edtima de sequestro e apreenderam armas, muni\u00e7\u00f5es e diversos materiais il\u00edcitos. O efetivo foi acionado por um cidad\u00e3o informando que seu patr\u00e3o havia sido sequestrado na cidade de Pombos e, por meio do rastreamento do celular do empres\u00e1rio, foi poss\u00edvel localizar o sinal na Cidade de Deus, em\u00a0<a href=\"https:\/\/faroldenoticias.com.br\/categoria\/pernambuco\/\">Bonan\u00e7a<\/a>.<\/p>\n<p>As guarni\u00e7\u00f5es empenhadas localizaram o ve\u00edculo da v\u00edtima, um Jeep Commander, e um Prisma preto que dava apoio ao crime. O Jeep fugiu com tr\u00eas suspeitos e o ref\u00e9m enquanto o Prisma foi alcan\u00e7ado e um dos envolvidos, preso.<\/p>\n<p>Durante a fuga, os sequestradores abandonaram a v\u00edtima na BR-232, em Moreno, que foi resgatada com total seguran\u00e7a. O suspeito preso tentou subornar o efetivo oferecendo R$ 50.000,00, drogas e armas aos policiais, proposta negada imediatamente. Ele acabou revelando um endere\u00e7o na Rua Jos\u00e9 Pedro de Oliveira, em Bonan\u00e7a.<\/p>\n<p>No local indicado, foi preso um segundo membro da quadrilha, e localizado um vasto leque de materiais. No total, foram apreendidos com o grupo uma capa de colete, duas blindagens de cer\u00e2mica, duas pistolas, carregadores, dois rev\u00f3lveres, uma espingarda calibre 12, uma submetralhadora 9mm, farta muni\u00e7\u00e3o de diversos calibres, quatro distintivos e quatro camisas da Pol\u00edcia Civil, tr\u00eas enforca gatos, fita adesiva, tr\u00eas celulares e dois ve\u00edculos, o Prisma e um Nissan Kickis.<\/p>\n<p>Toda a apreens\u00e3o e os dois suspeitos foram apresentados na Delegacia de Prazeres, para que fossem adotadas as medidas legais cab\u00edveis.<\/p>\n","protected":false},"excerpt":{"rendered":"<p>Em uma a\u00e7\u00e3o r\u00e1pida, policiais militares do 25\u00ba BPM resgataram uma v\u00edtima de sequestro e apreenderam armas, muni\u00e7\u00f5es e diversos materiais il\u00edcitos. O efetivo foi acionado por um cidad\u00e3o informando que seu patr\u00e3o havia sido sequestrado na cidade de Pombos e, por meio do rastreamento do celular do empres\u00e1rio, foi poss\u00edvel localizar o sinal na Cidade de Deus, em\u00a0Bonan\u00e7a. As guarni\u00e7\u00f5es empenhadas localizaram o ve\u00edculo da v\u00edtima, um Jeep Commander, e um Prisma preto que dava apoio ao crime. O Jeep fugiu com tr\u00eas suspeitos e o ref\u00e9m enquanto o Prisma foi alcan\u00e7ado e um dos envolvidos, preso. Durante a [&hellip;]<\/p>\n","protected":false},"author":2,"featured_media":22960,"comment_status":"open","ping_status":"open","sticky":false,"template":"","format":"standard","meta":{"_jetpack_memberships_contains_paid_content":false,"footnotes":"","jetpack_publicize_message":"","jetpack_publicize_feature_enabled":true,"jetpack_social_post_already_shared":true,"jetpack_social_options":{"image_generator_settings":{"template":"highway","enabled":false},"version":2}},"categories":[151],"tags":[],"class_list":["post-22959","post","type-post","status-publish","format-standard","has-post-thumbnail","hentry","category-policia"],"jetpack_publicize_connections":[],"yoast_head":"<!-- This site is optimized with the Yoast SEO plugin v24.7 - https:\/\/yoast.com\/wordpress\/plugins\/seo\/ -->\n<title>PM interrompe sequestro e apreende armas e muni\u00e7\u00f5es - Serra FM 87,9<\/title>\n<meta name=\"robots\" content=\"index, follow, max-snippet:-1, max-image-preview:large, max-video-preview:-1\" \/>\n<link rel=\"canonical\" href=\"https:\/\/serrafm879.com.br\/serrafm\/2025\/06\/pm-interrompe-sequestro-e-apreende-armas-e-municoes\/\" \/>\n<meta property=\"og:locale\" content=\"pt_BR\" \/>\n<meta property=\"og:type\" content=\"article\" \/>\n<meta property=\"og:title\" content=\"PM interrompe sequestro e apreende armas e muni\u00e7\u00f5es - Serra FM 87,9\" \/>\n<meta property=\"og:description\" content=\"Em uma a\u00e7\u00e3o r\u00e1pida, policiais militares do 25\u00ba BPM resgataram uma v\u00edtima de sequestro e apreenderam armas, muni\u00e7\u00f5es e diversos materiais il\u00edcitos. O efetivo foi acionado por um cidad\u00e3o informando que seu patr\u00e3o havia sido sequestrado na cidade de Pombos e, por meio do rastreamento do celular do empres\u00e1rio, foi poss\u00edvel localizar o sinal na Cidade de Deus, em\u00a0Bonan\u00e7a. As guarni\u00e7\u00f5es empenhadas localizaram o ve\u00edculo da v\u00edtima, um Jeep Commander, e um Prisma preto que dava apoio ao crime. O Jeep fugiu com tr\u00eas suspeitos e o ref\u00e9m enquanto o Prisma foi alcan\u00e7ado e um dos envolvidos, preso. Durante a [&hellip;]\" \/>\n<meta property=\"og:url\" content=\"https:\/\/serrafm879.com.br\/serrafm\/2025\/06\/pm-interrompe-sequestro-e-apreende-armas-e-municoes\/\" \/>\n<meta property=\"og:site_name\" content=\"Serra FM 87,9\" \/>\n<meta property=\"article:published_time\" content=\"2025-06-19T13:42:40+00:00\" \/>\n<meta property=\"og:image\" content=\"http:\/\/serrafm879.com.br\/serrafm\/wp-content\/uploads\/2025\/06\/WhatsApp-Image-2025-06-19-at-08.28.01.jpeg\" \/>\n\t<meta property=\"og:image:width\" content=\"900\" \/>\n\t<meta property=\"og:image:height\" content=\"1600\" \/>\n\t<meta property=\"og:image:type\" content=\"image\/jpeg\" \/>\n<meta name=\"author\" content=\"serrafm87\" \/>\n<meta name=\"twitter:card\" content=\"summary_large_image\" \/>\n<meta name=\"twitter:label1\" content=\"Escrito por\" \/>\n\t<meta name=\"twitter:data1\" content=\"serrafm87\" \/>\n\t<meta name=\"twitter:label2\" content=\"Est. tempo de leitura\" \/>\n\t<meta name=\"twitter:data2\" content=\"2 minutos\" \/>\n<script type=\"application\/ld+json\" class=\"yoast-schema-graph\">{\"@context\":\"https:\/\/schema.org\",\"@graph\":[{\"@type\":\"WebPage\",\"@id\":\"https:\/\/serrafm879.com.br\/serrafm\/2025\/06\/pm-interrompe-sequestro-e-apreende-armas-e-municoes\/\",\"url\":\"https:\/\/serrafm879.com.br\/serrafm\/2025\/06\/pm-interrompe-sequestro-e-apreende-armas-e-municoes\/\",\"name\":\"PM interrompe sequestro e apreende armas e muni\u00e7\u00f5es - Serra FM 87,9\",\"isPartOf\":{\"@id\":\"https:\/\/serrafm879.com.br\/serrafm\/#website\"},\"primaryImageOfPage\":{\"@id\":\"https:\/\/serrafm879.com.br\/serrafm\/2025\/06\/pm-interrompe-sequestro-e-apreende-armas-e-municoes\/#primaryimage\"},\"image\":{\"@id\":\"https:\/\/serrafm879.com.br\/serrafm\/2025\/06\/pm-interrompe-sequestro-e-apreende-armas-e-municoes\/#primaryimage\"},\"thumbnailUrl\":\"https:\/\/serrafm879.com.br\/serrafm\/wp-content\/uploads\/2025\/06\/WhatsApp-Image-2025-06-19-at-08.28.01.jpeg\",\"datePublished\":\"2025-06-19T13:42:40+00:00\",\"author\":{\"@id\":\"https:\/\/serrafm879.com.br\/serrafm\/#\/schema\/person\/c028a197030ff8b1c03c68dfba4a787a\"},\"breadcrumb\":{\"@id\":\"https:\/\/serrafm879.com.br\/serrafm\/2025\/06\/pm-interrompe-sequestro-e-apreende-armas-e-municoes\/#breadcrumb\"},\"inLanguage\":\"pt-BR\",\"potentialAction\":[{\"@type\":\"ReadAction\",\"target\":[\"https:\/\/serrafm879.com.br\/serrafm\/2025\/06\/pm-interrompe-sequestro-e-apreende-armas-e-municoes\/\"]}]},{\"@type\":\"ImageObject\",\"inLanguage\":\"pt-BR\",\"@id\":\"https:\/\/serrafm879.com.br\/serrafm\/2025\/06\/pm-interrompe-sequestro-e-apreende-armas-e-municoes\/#primaryimage\",\"url\":\"https:\/\/serrafm879.com.br\/serrafm\/wp-content\/uploads\/2025\/06\/WhatsApp-Image-2025-06-19-at-08.28.01.jpeg\",\"contentUrl\":\"https:\/\/serrafm879.com.br\/serrafm\/wp-content\/uploads\/2025\/06\/WhatsApp-Image-2025-06-19-at-08.28.01.jpeg\",\"width\":900,\"height\":1600},{\"@type\":\"BreadcrumbList\",\"@id\":\"https:\/\/serrafm879.com.br\/serrafm\/2025\/06\/pm-interrompe-sequestro-e-apreende-armas-e-municoes\/#breadcrumb\",\"itemListElement\":[{\"@type\":\"ListItem\",\"position\":1,\"name\":\"In\u00edcio\",\"item\":\"https:\/\/serrafm879.com.br\/serrafm\/\"},{\"@type\":\"ListItem\",\"position\":2,\"name\":\"PM interrompe sequestro e apreende armas e muni\u00e7\u00f5es\"}]},{\"@type\":\"WebSite\",\"@id\":\"https:\/\/serrafm879.com.br\/serrafm\/#website\",\"url\":\"https:\/\/serrafm879.com.br\/serrafm\/\",\"name\":\"Serra FM 87,9\",\"description\":\"O seu novo amor!\",\"potentialAction\":[{\"@type\":\"SearchAction\",\"target\":{\"@type\":\"EntryPoint\",\"urlTemplate\":\"https:\/\/serrafm879.com.br\/serrafm\/?s={search_term_string}\"},\"query-input\":{\"@type\":\"PropertyValueSpecification\",\"valueRequired\":true,\"valueName\":\"search_term_string\"}}],\"inLanguage\":\"pt-BR\"},{\"@type\":\"Person\",\"@id\":\"https:\/\/serrafm879.com.br\/serrafm\/#\/schema\/person\/c028a197030ff8b1c03c68dfba4a787a\",\"name\":\"serrafm87\",\"image\":{\"@type\":\"ImageObject\",\"inLanguage\":\"pt-BR\",\"@id\":\"https:\/\/serrafm879.com.br\/serrafm\/#\/schema\/person\/image\/\",\"url\":\"https:\/\/secure.gravatar.com\/avatar\/a743233f1112d34f48bb3dc9559b76eb930bab8b27175856cba6362608736235?s=96&d=mm&r=g\",\"contentUrl\":\"https:\/\/secure.gravatar.com\/avatar\/a743233f1112d34f48bb3dc9559b76eb930bab8b27175856cba6362608736235?s=96&d=mm&r=g\",\"caption\":\"serrafm87\"},\"sameAs\":[\"http:\/\/serrafm879.com.br\/\"],\"url\":\"https:\/\/serrafm879.com.br\/serrafm\/author\/serrafm87\/\"}]}<\/script>\n<!-- \/ Yoast SEO plugin. -->","yoast_head_json":{"title":"PM interrompe sequestro e apreende armas e muni\u00e7\u00f5es - Serra FM 87,9","robots":{"index":"index","follow":"follow","max-snippet":"max-snippet:-1","max-image-preview":"max-image-preview:large","max-video-preview":"max-video-preview:-1"},"canonical":"https:\/\/serrafm879.com.br\/serrafm\/2025\/06\/pm-interrompe-sequestro-e-apreende-armas-e-municoes\/","og_locale":"pt_BR","og_type":"article","og_title":"PM interrompe sequestro e apreende armas e muni\u00e7\u00f5es - Serra FM 87,9","og_description":"Em uma a\u00e7\u00e3o r\u00e1pida, policiais militares do 25\u00ba BPM resgataram uma v\u00edtima de sequestro e apreenderam armas, muni\u00e7\u00f5es e diversos materiais il\u00edcitos. O efetivo foi acionado por um cidad\u00e3o informando que seu patr\u00e3o havia sido sequestrado na cidade de Pombos e, por meio do rastreamento do celular do empres\u00e1rio, foi poss\u00edvel localizar o sinal na Cidade de Deus, em\u00a0Bonan\u00e7a. As guarni\u00e7\u00f5es empenhadas localizaram o ve\u00edculo da v\u00edtima, um Jeep Commander, e um Prisma preto que dava apoio ao crime. O Jeep fugiu com tr\u00eas suspeitos e o ref\u00e9m enquanto o Prisma foi alcan\u00e7ado e um dos envolvidos, preso. Durante a [&hellip;]","og_url":"https:\/\/serrafm879.com.br\/serrafm\/2025\/06\/pm-interrompe-sequestro-e-apreende-armas-e-municoes\/","og_site_name":"Serra FM 87,9","article_published_time":"2025-06-19T13:42:40+00:00","og_image":[{"width":900,"height":1600,"url":"http:\/\/serrafm879.com.br\/serrafm\/wp-content\/uploads\/2025\/06\/WhatsApp-Image-2025-06-19-at-08.28.01.jpeg","type":"image\/jpeg"}],"author":"serrafm87","twitter_card":"summary_large_image","twitter_misc":{"Escrito por":"serrafm87","Est. tempo de leitura":"2 minutos"},"schema":{"@context":"https:\/\/schema.org","@graph":[{"@type":"WebPage","@id":"https:\/\/serrafm879.com.br\/serrafm\/2025\/06\/pm-interrompe-sequestro-e-apreende-armas-e-municoes\/","url":"https:\/\/serrafm879.com.br\/serrafm\/2025\/06\/pm-interrompe-sequestro-e-apreende-armas-e-municoes\/","name":"PM interrompe sequestro e apreende armas e muni\u00e7\u00f5es - Serra FM 87,9","isPartOf":{"@id":"https:\/\/serrafm879.com.br\/serrafm\/#website"},"primaryImageOfPage":{"@id":"https:\/\/serrafm879.com.br\/serrafm\/2025\/06\/pm-interrompe-sequestro-e-apreende-armas-e-municoes\/#primaryimage"},"image":{"@id":"https:\/\/serrafm879.com.br\/serrafm\/2025\/06\/pm-interrompe-sequestro-e-apreende-armas-e-municoes\/#primaryimage"},"thumbnailUrl":"https:\/\/serrafm879.com.br\/serrafm\/wp-content\/uploads\/2025\/06\/WhatsApp-Image-2025-06-19-at-08.28.01.jpeg","datePublished":"2025-06-19T13:42:40+00:00","author":{"@id":"https:\/\/serrafm879.com.br\/serrafm\/#\/schema\/person\/c028a197030ff8b1c03c68dfba4a787a"},"breadcrumb":{"@id":"https:\/\/serrafm879.com.br\/serrafm\/2025\/06\/pm-interrompe-sequestro-e-apreende-armas-e-municoes\/#breadcrumb"},"inLanguage":"pt-BR","potentialAction":[{"@type":"ReadAction","target":["https:\/\/serrafm879.com.br\/serrafm\/2025\/06\/pm-interrompe-sequestro-e-apreende-armas-e-municoes\/"]}]},{"@type":"ImageObject","inLanguage":"pt-BR","@id":"https:\/\/serrafm879.com.br\/serrafm\/2025\/06\/pm-interrompe-sequestro-e-apreende-armas-e-municoes\/#primaryimage","url":"https:\/\/serrafm879.com.br\/serrafm\/wp-content\/uploads\/2025\/06\/WhatsApp-Image-2025-06-19-at-08.28.01.jpeg","contentUrl":"https:\/\/serrafm879.com.br\/serrafm\/wp-content\/uploads\/2025\/06\/WhatsApp-Image-2025-06-19-at-08.28.01.jpeg","width":900,"height":1600},{"@type":"BreadcrumbList","@id":"https:\/\/serrafm879.com.br\/serrafm\/2025\/06\/pm-interrompe-sequestro-e-apreende-armas-e-municoes\/#breadcrumb","itemListElement":[{"@type":"ListItem","position":1,"name":"In\u00edcio","item":"https:\/\/serrafm879.com.br\/serrafm\/"},{"@type":"ListItem","position":2,"name":"PM interrompe sequestro e apreende armas e muni\u00e7\u00f5es"}]},{"@type":"WebSite","@id":"https:\/\/serrafm879.com.br\/serrafm\/#website","url":"https:\/\/serrafm879.com.br\/serrafm\/","name":"Serra FM 87,9","description":"O seu novo amor!","potentialAction":[{"@type":"SearchAction","target":{"@type":"EntryPoint","urlTemplate":"https:\/\/serrafm879.com.br\/serrafm\/?s={search_term_string}"},"query-input":{"@type":"PropertyValueSpecification","valueRequired":true,"valueName":"search_term_string"}}],"inLanguage":"pt-BR"},{"@type":"Person","@id":"https:\/\/serrafm879.com.br\/serrafm\/#\/schema\/person\/c028a197030ff8b1c03c68dfba4a787a","name":"serrafm87","image":{"@type":"ImageObject","inLanguage":"pt-BR","@id":"https:\/\/serrafm879.com.br\/serrafm\/#\/schema\/person\/image\/","url":"https:\/\/secure.gravatar.com\/avatar\/a743233f1112d34f48bb3dc9559b76eb930bab8b27175856cba6362608736235?s=96&d=mm&r=g","contentUrl":"https:\/\/secure.gravatar.com\/avatar\/a743233f1112d34f48bb3dc9559b76eb930bab8b27175856cba6362608736235?s=96&d=mm&r=g","caption":"serrafm87"},"sameAs":["http:\/\/serrafm879.com.br\/"],"url":"https:\/\/serrafm879.com.br\/serrafm\/author\/serrafm87\/"}]}},"jetpack_featured_media_url":"https:\/\/serrafm879.com.br\/serrafm\/wp-content\/uploads\/2025\/06\/WhatsApp-Image-2025-06-19-at-08.28.01.jpeg","jetpack_shortlink":"https:\/\/wp.me\/p7HyXg-5Yj","jetpack_sharing_enabled":true,"_links":{"self":[{"href":"https:\/\/serrafm879.com.br\/serrafm\/wp-json\/wp\/v2\/posts\/22959","targetHints":{"allow":["GET"]}}],"collection":[{"href":"https:\/\/serrafm879.com.br\/serrafm\/wp-json\/wp\/v2\/posts"}],"about":[{"href":"https:\/\/serrafm879.com.br\/serrafm\/wp-json\/wp\/v2\/types\/post"}],"author":[{"embeddable":true,"href":"https:\/\/serrafm879.com.br\/serrafm\/wp-json\/wp\/v2\/users\/2"}],"replies":[{"embeddable":true,"href":"https:\/\/serrafm879.com.br\/serrafm\/wp-json\/wp\/v2\/comments?post=22959"}],"version-history":[{"count":1,"href":"https:\/\/serrafm879.com.br\/serrafm\/wp-json\/wp\/v2\/posts\/22959\/revisions"}],"predecessor-version":[{"id":22961,"href":"https:\/\/serrafm879.com.br\/serrafm\/wp-json\/wp\/v2\/posts\/22959\/revisions\/22961"}],"wp:featuredmedia":[{"embeddable":true,"href":"https:\/\/serrafm879.com.br\/serrafm\/wp-json\/wp\/v2\/media\/22960"}],"wp:attachment":[{"href":"https:\/\/serrafm879.com.br\/serrafm\/wp-json\/wp\/v2\/media?parent=22959"}],"wp:term":[{"taxonomy":"category","embeddable":true,"href":"https:\/\/serrafm879.com.br\/serrafm\/wp-json\/wp\/v2\/categories?post=22959"},{"taxonomy":"post_tag","embeddable":true,"href":"https:\/\/serrafm879.com.br\/serrafm\/wp-json\/wp\/v2\/tags?post=22959"}],"curies":[{"name":"wp","href":"https:\/\/api.w.org\/{rel}","templated":true}]}}