{"id":22962,"date":"2025-06-19T10:44:33","date_gmt":"2025-06-19T13:44:33","guid":{"rendered":"https:\/\/serrafm879.com.br\/serrafm\/?p=22962"},"modified":"2025-06-19T10:44:33","modified_gmt":"2025-06-19T13:44:33","slug":"mp-pede-condenacao-de-giselda-por-homicidio-de-arthur-mae-denunciada-por-abandono-de-incapaz-com-resultado-morte","status":"publish","type":"post","link":"https:\/\/serrafm879.com.br\/serrafm\/2025\/06\/mp-pede-condenacao-de-giselda-por-homicidio-de-arthur-mae-denunciada-por-abandono-de-incapaz-com-resultado-morte\/","title":{"rendered":"MP pede condena\u00e7\u00e3o de Giselda por homic\u00eddio de Arthur. M\u00e3e denunciada por abandono de incapaz, com resultado morte"},"content":{"rendered":"<p>O Minist\u00e9rio P\u00fablico de Pernambuco, por meio da Promotoria de Justi\u00e7a da Comarca de Tabira, informou em nota que, no dia 10 de junho de 2025, foi realizada a audi\u00eancia de instru\u00e7\u00e3o no processo n\u00ba 0000099-70.2025.8.17.3420, que apura os crimes praticados contra o pequeno Arthur Ramos, de dois anos e onze meses, cuja morte ocorreu em contexto de extrema brutalidade.<\/p>\n<p>Durante a audi\u00eancia, foram colhidos depoimentos que confirmaram, de forma contundente, que a v\u00edtima foi submetida a sucessivos maus-tratos, agress\u00f5es f\u00edsicas e viol\u00eancia sexual, culminando em sua morte por traumatismo craniano e asfixia mec\u00e2nica por sufoca\u00e7\u00e3o direta. \u201cDiante da gravidade dos fatos e da robustez do acervo probat\u00f3rio, o Minist\u00e9rio P\u00fablico pugnou pela manuten\u00e7\u00e3o da pris\u00e3o preventiva da acusada (Giselda Silva) e por sua submiss\u00e3o a julgamento perante o Tribunal do J\u00fari, pelos crimes de homic\u00eddio qualificado, estupro de vulner\u00e1vel e tortura, todos em concurso material\u201d, diz o MP.<\/p>\n<p>Paralelamente, o Minist\u00e9rio P\u00fablico ofereceu den\u00fancia em face da genitora da crian\u00e7a,\u00a0 Giovanna Ramos, pela pr\u00e1tica do crime de abandono de incapaz com resultado morte, tipificado no artigo 133, \u00a72\u00ba, do C\u00f3digo Penal. \u201cAs investiga\u00e7\u00f5es demonstraram que, de forma consciente, livre e volunt\u00e1ria, a denunciada entregou seu filho menor, portador de defici\u00eancia auditiva, aos cuidados de pessoa sabidamente usu\u00e1ria de drogas, com hist\u00f3rico de viol\u00eancia e conviv\u00eancia com indiv\u00edduo egresso do sistema prisional, sem qualquer zelo, acompanhamento ou provid\u00eancia para garantir a prote\u00e7\u00e3o e o bem-estar da crian\u00e7a. Essa conduta omissiva, reiterada e deliberada, exp\u00f4s o menor a risco concreto, real e permanente, conduzindo, de forma direta, ao tr\u00e1gico desfecho fatal\u201d.<\/p>\n<p><span data-huuid=\"12902344444697277406\">O abandono de incapaz com resultado morte, conforme o C\u00f3digo Penal brasileiro, artigo 133, \u00a72\u00ba, prev\u00ea pena de reclus\u00e3o de 4 a 12 anos.\u00a0<\/span><\/p>\n<p>\u201cO Minist\u00e9rio P\u00fablico reafirma seu compromisso intransigente com a defesa da inf\u00e2ncia, da vida, da dignidade da pessoa humana e da sociedade, adotando todas as medidas legais cab\u00edveis para a responsabiliza\u00e7\u00e3o dos envolvidos, bem como para o enfrentamento rigoroso de qualquer viola\u00e7\u00e3o aos direitos fundamentais de crian\u00e7as e adolescentes\u201d, conclui a nota, assinada pelo promotor\u00a0Rennan Fernandes de Souza.<\/p>\n<p><em>Do Blog Nill J\u00fanior<\/em><\/p>\n","protected":false},"excerpt":{"rendered":"<p>O Minist\u00e9rio P\u00fablico de Pernambuco, por meio da Promotoria de Justi\u00e7a da Comarca de Tabira, informou em nota que, no dia 10 de junho de 2025, foi realizada a audi\u00eancia de instru\u00e7\u00e3o no processo n\u00ba 0000099-70.2025.8.17.3420, que apura os crimes praticados contra o pequeno Arthur Ramos, de dois anos e onze meses, cuja morte ocorreu em contexto de extrema brutalidade. Durante a audi\u00eancia, foram colhidos depoimentos que confirmaram, de forma contundente, que a v\u00edtima foi submetida a sucessivos maus-tratos, agress\u00f5es f\u00edsicas e viol\u00eancia sexual, culminando em sua morte por traumatismo craniano e asfixia mec\u00e2nica por sufoca\u00e7\u00e3o direta. \u201cDiante da gravidade [&hellip;]<\/p>\n","protected":false},"author":2,"featured_media":22395,"comment_status":"open","ping_status":"open","sticky":false,"template":"","format":"standard","meta":{"_jetpack_memberships_contains_paid_content":false,"footnotes":"","jetpack_publicize_message":"","jetpack_publicize_feature_enabled":true,"jetpack_social_post_already_shared":true,"jetpack_social_options":{"image_generator_settings":{"template":"highway","enabled":false},"version":2}},"categories":[2],"tags":[],"class_list":["post-22962","post","type-post","status-publish","format-standard","has-post-thumbnail","hentry","category-noticias"],"jetpack_publicize_connections":[],"yoast_head":"<!-- This site is optimized with the Yoast SEO plugin v24.7 - https:\/\/yoast.com\/wordpress\/plugins\/seo\/ -->\n<title>MP pede condena\u00e7\u00e3o de Giselda por homic\u00eddio de Arthur. M\u00e3e denunciada por abandono de incapaz, com resultado morte - Serra FM 87,9<\/title>\n<meta name=\"robots\" content=\"index, follow, max-snippet:-1, max-image-preview:large, max-video-preview:-1\" \/>\n<link rel=\"canonical\" href=\"https:\/\/serrafm879.com.br\/serrafm\/2025\/06\/mp-pede-condenacao-de-giselda-por-homicidio-de-arthur-mae-denunciada-por-abandono-de-incapaz-com-resultado-morte\/\" \/>\n<meta property=\"og:locale\" content=\"pt_BR\" \/>\n<meta property=\"og:type\" content=\"article\" \/>\n<meta property=\"og:title\" content=\"MP pede condena\u00e7\u00e3o de Giselda por homic\u00eddio de Arthur. M\u00e3e denunciada por abandono de incapaz, com resultado morte - Serra FM 87,9\" \/>\n<meta property=\"og:description\" content=\"O Minist\u00e9rio P\u00fablico de Pernambuco, por meio da Promotoria de Justi\u00e7a da Comarca de Tabira, informou em nota que, no dia 10 de junho de 2025, foi realizada a audi\u00eancia de instru\u00e7\u00e3o no processo n\u00ba 0000099-70.2025.8.17.3420, que apura os crimes praticados contra o pequeno Arthur Ramos, de dois anos e onze meses, cuja morte ocorreu em contexto de extrema brutalidade. Durante a audi\u00eancia, foram colhidos depoimentos que confirmaram, de forma contundente, que a v\u00edtima foi submetida a sucessivos maus-tratos, agress\u00f5es f\u00edsicas e viol\u00eancia sexual, culminando em sua morte por traumatismo craniano e asfixia mec\u00e2nica por sufoca\u00e7\u00e3o direta. \u201cDiante da gravidade [&hellip;]\" \/>\n<meta property=\"og:url\" content=\"https:\/\/serrafm879.com.br\/serrafm\/2025\/06\/mp-pede-condenacao-de-giselda-por-homicidio-de-arthur-mae-denunciada-por-abandono-de-incapaz-com-resultado-morte\/\" \/>\n<meta property=\"og:site_name\" content=\"Serra FM 87,9\" \/>\n<meta property=\"article:published_time\" content=\"2025-06-19T13:44:33+00:00\" \/>\n<meta property=\"og:image\" content=\"http:\/\/serrafm879.com.br\/serrafm\/wp-content\/uploads\/2025\/05\/casaltabira.jpg\" \/>\n\t<meta property=\"og:image:width\" content=\"380\" \/>\n\t<meta property=\"og:image:height\" content=\"400\" \/>\n\t<meta property=\"og:image:type\" content=\"image\/jpeg\" \/>\n<meta name=\"author\" content=\"serrafm87\" \/>\n<meta name=\"twitter:card\" content=\"summary_large_image\" \/>\n<meta name=\"twitter:label1\" content=\"Escrito por\" \/>\n\t<meta name=\"twitter:data1\" content=\"serrafm87\" \/>\n\t<meta name=\"twitter:label2\" content=\"Est. tempo de leitura\" \/>\n\t<meta name=\"twitter:data2\" content=\"3 minutos\" \/>\n<script type=\"application\/ld+json\" class=\"yoast-schema-graph\">{\"@context\":\"https:\/\/schema.org\",\"@graph\":[{\"@type\":\"WebPage\",\"@id\":\"https:\/\/serrafm879.com.br\/serrafm\/2025\/06\/mp-pede-condenacao-de-giselda-por-homicidio-de-arthur-mae-denunciada-por-abandono-de-incapaz-com-resultado-morte\/\",\"url\":\"https:\/\/serrafm879.com.br\/serrafm\/2025\/06\/mp-pede-condenacao-de-giselda-por-homicidio-de-arthur-mae-denunciada-por-abandono-de-incapaz-com-resultado-morte\/\",\"name\":\"MP pede condena\u00e7\u00e3o de Giselda por homic\u00eddio de Arthur. M\u00e3e denunciada por abandono de incapaz, com resultado morte - Serra FM 87,9\",\"isPartOf\":{\"@id\":\"https:\/\/serrafm879.com.br\/serrafm\/#website\"},\"primaryImageOfPage\":{\"@id\":\"https:\/\/serrafm879.com.br\/serrafm\/2025\/06\/mp-pede-condenacao-de-giselda-por-homicidio-de-arthur-mae-denunciada-por-abandono-de-incapaz-com-resultado-morte\/#primaryimage\"},\"image\":{\"@id\":\"https:\/\/serrafm879.com.br\/serrafm\/2025\/06\/mp-pede-condenacao-de-giselda-por-homicidio-de-arthur-mae-denunciada-por-abandono-de-incapaz-com-resultado-morte\/#primaryimage\"},\"thumbnailUrl\":\"https:\/\/serrafm879.com.br\/serrafm\/wp-content\/uploads\/2025\/05\/casaltabira.jpg\",\"datePublished\":\"2025-06-19T13:44:33+00:00\",\"author\":{\"@id\":\"https:\/\/serrafm879.com.br\/serrafm\/#\/schema\/person\/c028a197030ff8b1c03c68dfba4a787a\"},\"breadcrumb\":{\"@id\":\"https:\/\/serrafm879.com.br\/serrafm\/2025\/06\/mp-pede-condenacao-de-giselda-por-homicidio-de-arthur-mae-denunciada-por-abandono-de-incapaz-com-resultado-morte\/#breadcrumb\"},\"inLanguage\":\"pt-BR\",\"potentialAction\":[{\"@type\":\"ReadAction\",\"target\":[\"https:\/\/serrafm879.com.br\/serrafm\/2025\/06\/mp-pede-condenacao-de-giselda-por-homicidio-de-arthur-mae-denunciada-por-abandono-de-incapaz-com-resultado-morte\/\"]}]},{\"@type\":\"ImageObject\",\"inLanguage\":\"pt-BR\",\"@id\":\"https:\/\/serrafm879.com.br\/serrafm\/2025\/06\/mp-pede-condenacao-de-giselda-por-homicidio-de-arthur-mae-denunciada-por-abandono-de-incapaz-com-resultado-morte\/#primaryimage\",\"url\":\"https:\/\/serrafm879.com.br\/serrafm\/wp-content\/uploads\/2025\/05\/casaltabira.jpg\",\"contentUrl\":\"https:\/\/serrafm879.com.br\/serrafm\/wp-content\/uploads\/2025\/05\/casaltabira.jpg\",\"width\":380,\"height\":400},{\"@type\":\"BreadcrumbList\",\"@id\":\"https:\/\/serrafm879.com.br\/serrafm\/2025\/06\/mp-pede-condenacao-de-giselda-por-homicidio-de-arthur-mae-denunciada-por-abandono-de-incapaz-com-resultado-morte\/#breadcrumb\",\"itemListElement\":[{\"@type\":\"ListItem\",\"position\":1,\"name\":\"In\u00edcio\",\"item\":\"https:\/\/serrafm879.com.br\/serrafm\/\"},{\"@type\":\"ListItem\",\"position\":2,\"name\":\"MP pede condena\u00e7\u00e3o de Giselda por homic\u00eddio de Arthur. M\u00e3e denunciada por abandono de incapaz, com resultado morte\"}]},{\"@type\":\"WebSite\",\"@id\":\"https:\/\/serrafm879.com.br\/serrafm\/#website\",\"url\":\"https:\/\/serrafm879.com.br\/serrafm\/\",\"name\":\"Serra FM 87,9\",\"description\":\"O seu novo amor!\",\"potentialAction\":[{\"@type\":\"SearchAction\",\"target\":{\"@type\":\"EntryPoint\",\"urlTemplate\":\"https:\/\/serrafm879.com.br\/serrafm\/?s={search_term_string}\"},\"query-input\":{\"@type\":\"PropertyValueSpecification\",\"valueRequired\":true,\"valueName\":\"search_term_string\"}}],\"inLanguage\":\"pt-BR\"},{\"@type\":\"Person\",\"@id\":\"https:\/\/serrafm879.com.br\/serrafm\/#\/schema\/person\/c028a197030ff8b1c03c68dfba4a787a\",\"name\":\"serrafm87\",\"image\":{\"@type\":\"ImageObject\",\"inLanguage\":\"pt-BR\",\"@id\":\"https:\/\/serrafm879.com.br\/serrafm\/#\/schema\/person\/image\/\",\"url\":\"https:\/\/secure.gravatar.com\/avatar\/a743233f1112d34f48bb3dc9559b76eb930bab8b27175856cba6362608736235?s=96&d=mm&r=g\",\"contentUrl\":\"https:\/\/secure.gravatar.com\/avatar\/a743233f1112d34f48bb3dc9559b76eb930bab8b27175856cba6362608736235?s=96&d=mm&r=g\",\"caption\":\"serrafm87\"},\"sameAs\":[\"http:\/\/serrafm879.com.br\/\"],\"url\":\"https:\/\/serrafm879.com.br\/serrafm\/author\/serrafm87\/\"}]}<\/script>\n<!-- \/ Yoast SEO plugin. -->","yoast_head_json":{"title":"MP pede condena\u00e7\u00e3o de Giselda por homic\u00eddio de Arthur. M\u00e3e denunciada por abandono de incapaz, com resultado morte - Serra FM 87,9","robots":{"index":"index","follow":"follow","max-snippet":"max-snippet:-1","max-image-preview":"max-image-preview:large","max-video-preview":"max-video-preview:-1"},"canonical":"https:\/\/serrafm879.com.br\/serrafm\/2025\/06\/mp-pede-condenacao-de-giselda-por-homicidio-de-arthur-mae-denunciada-por-abandono-de-incapaz-com-resultado-morte\/","og_locale":"pt_BR","og_type":"article","og_title":"MP pede condena\u00e7\u00e3o de Giselda por homic\u00eddio de Arthur. M\u00e3e denunciada por abandono de incapaz, com resultado morte - Serra FM 87,9","og_description":"O Minist\u00e9rio P\u00fablico de Pernambuco, por meio da Promotoria de Justi\u00e7a da Comarca de Tabira, informou em nota que, no dia 10 de junho de 2025, foi realizada a audi\u00eancia de instru\u00e7\u00e3o no processo n\u00ba 0000099-70.2025.8.17.3420, que apura os crimes praticados contra o pequeno Arthur Ramos, de dois anos e onze meses, cuja morte ocorreu em contexto de extrema brutalidade. Durante a audi\u00eancia, foram colhidos depoimentos que confirmaram, de forma contundente, que a v\u00edtima foi submetida a sucessivos maus-tratos, agress\u00f5es f\u00edsicas e viol\u00eancia sexual, culminando em sua morte por traumatismo craniano e asfixia mec\u00e2nica por sufoca\u00e7\u00e3o direta. \u201cDiante da gravidade [&hellip;]","og_url":"https:\/\/serrafm879.com.br\/serrafm\/2025\/06\/mp-pede-condenacao-de-giselda-por-homicidio-de-arthur-mae-denunciada-por-abandono-de-incapaz-com-resultado-morte\/","og_site_name":"Serra FM 87,9","article_published_time":"2025-06-19T13:44:33+00:00","og_image":[{"width":380,"height":400,"url":"http:\/\/serrafm879.com.br\/serrafm\/wp-content\/uploads\/2025\/05\/casaltabira.jpg","type":"image\/jpeg"}],"author":"serrafm87","twitter_card":"summary_large_image","twitter_misc":{"Escrito por":"serrafm87","Est. tempo de leitura":"3 minutos"},"schema":{"@context":"https:\/\/schema.org","@graph":[{"@type":"WebPage","@id":"https:\/\/serrafm879.com.br\/serrafm\/2025\/06\/mp-pede-condenacao-de-giselda-por-homicidio-de-arthur-mae-denunciada-por-abandono-de-incapaz-com-resultado-morte\/","url":"https:\/\/serrafm879.com.br\/serrafm\/2025\/06\/mp-pede-condenacao-de-giselda-por-homicidio-de-arthur-mae-denunciada-por-abandono-de-incapaz-com-resultado-morte\/","name":"MP pede condena\u00e7\u00e3o de Giselda por homic\u00eddio de Arthur. M\u00e3e denunciada por abandono de incapaz, com resultado morte - Serra FM 87,9","isPartOf":{"@id":"https:\/\/serrafm879.com.br\/serrafm\/#website"},"primaryImageOfPage":{"@id":"https:\/\/serrafm879.com.br\/serrafm\/2025\/06\/mp-pede-condenacao-de-giselda-por-homicidio-de-arthur-mae-denunciada-por-abandono-de-incapaz-com-resultado-morte\/#primaryimage"},"image":{"@id":"https:\/\/serrafm879.com.br\/serrafm\/2025\/06\/mp-pede-condenacao-de-giselda-por-homicidio-de-arthur-mae-denunciada-por-abandono-de-incapaz-com-resultado-morte\/#primaryimage"},"thumbnailUrl":"https:\/\/serrafm879.com.br\/serrafm\/wp-content\/uploads\/2025\/05\/casaltabira.jpg","datePublished":"2025-06-19T13:44:33+00:00","author":{"@id":"https:\/\/serrafm879.com.br\/serrafm\/#\/schema\/person\/c028a197030ff8b1c03c68dfba4a787a"},"breadcrumb":{"@id":"https:\/\/serrafm879.com.br\/serrafm\/2025\/06\/mp-pede-condenacao-de-giselda-por-homicidio-de-arthur-mae-denunciada-por-abandono-de-incapaz-com-resultado-morte\/#breadcrumb"},"inLanguage":"pt-BR","potentialAction":[{"@type":"ReadAction","target":["https:\/\/serrafm879.com.br\/serrafm\/2025\/06\/mp-pede-condenacao-de-giselda-por-homicidio-de-arthur-mae-denunciada-por-abandono-de-incapaz-com-resultado-morte\/"]}]},{"@type":"ImageObject","inLanguage":"pt-BR","@id":"https:\/\/serrafm879.com.br\/serrafm\/2025\/06\/mp-pede-condenacao-de-giselda-por-homicidio-de-arthur-mae-denunciada-por-abandono-de-incapaz-com-resultado-morte\/#primaryimage","url":"https:\/\/serrafm879.com.br\/serrafm\/wp-content\/uploads\/2025\/05\/casaltabira.jpg","contentUrl":"https:\/\/serrafm879.com.br\/serrafm\/wp-content\/uploads\/2025\/05\/casaltabira.jpg","width":380,"height":400},{"@type":"BreadcrumbList","@id":"https:\/\/serrafm879.com.br\/serrafm\/2025\/06\/mp-pede-condenacao-de-giselda-por-homicidio-de-arthur-mae-denunciada-por-abandono-de-incapaz-com-resultado-morte\/#breadcrumb","itemListElement":[{"@type":"ListItem","position":1,"name":"In\u00edcio","item":"https:\/\/serrafm879.com.br\/serrafm\/"},{"@type":"ListItem","position":2,"name":"MP pede condena\u00e7\u00e3o de Giselda por homic\u00eddio de Arthur. M\u00e3e denunciada por abandono de incapaz, com resultado morte"}]},{"@type":"WebSite","@id":"https:\/\/serrafm879.com.br\/serrafm\/#website","url":"https:\/\/serrafm879.com.br\/serrafm\/","name":"Serra FM 87,9","description":"O seu novo amor!","potentialAction":[{"@type":"SearchAction","target":{"@type":"EntryPoint","urlTemplate":"https:\/\/serrafm879.com.br\/serrafm\/?s={search_term_string}"},"query-input":{"@type":"PropertyValueSpecification","valueRequired":true,"valueName":"search_term_string"}}],"inLanguage":"pt-BR"},{"@type":"Person","@id":"https:\/\/serrafm879.com.br\/serrafm\/#\/schema\/person\/c028a197030ff8b1c03c68dfba4a787a","name":"serrafm87","image":{"@type":"ImageObject","inLanguage":"pt-BR","@id":"https:\/\/serrafm879.com.br\/serrafm\/#\/schema\/person\/image\/","url":"https:\/\/secure.gravatar.com\/avatar\/a743233f1112d34f48bb3dc9559b76eb930bab8b27175856cba6362608736235?s=96&d=mm&r=g","contentUrl":"https:\/\/secure.gravatar.com\/avatar\/a743233f1112d34f48bb3dc9559b76eb930bab8b27175856cba6362608736235?s=96&d=mm&r=g","caption":"serrafm87"},"sameAs":["http:\/\/serrafm879.com.br\/"],"url":"https:\/\/serrafm879.com.br\/serrafm\/author\/serrafm87\/"}]}},"jetpack_featured_media_url":"https:\/\/serrafm879.com.br\/serrafm\/wp-content\/uploads\/2025\/05\/casaltabira.jpg","jetpack_shortlink":"https:\/\/wp.me\/p7HyXg-5Ym","jetpack_sharing_enabled":true,"_links":{"self":[{"href":"https:\/\/serrafm879.com.br\/serrafm\/wp-json\/wp\/v2\/posts\/22962","targetHints":{"allow":["GET"]}}],"collection":[{"href":"https:\/\/serrafm879.com.br\/serrafm\/wp-json\/wp\/v2\/posts"}],"about":[{"href":"https:\/\/serrafm879.com.br\/serrafm\/wp-json\/wp\/v2\/types\/post"}],"author":[{"embeddable":true,"href":"https:\/\/serrafm879.com.br\/serrafm\/wp-json\/wp\/v2\/users\/2"}],"replies":[{"embeddable":true,"href":"https:\/\/serrafm879.com.br\/serrafm\/wp-json\/wp\/v2\/comments?post=22962"}],"version-history":[{"count":1,"href":"https:\/\/serrafm879.com.br\/serrafm\/wp-json\/wp\/v2\/posts\/22962\/revisions"}],"predecessor-version":[{"id":22963,"href":"https:\/\/serrafm879.com.br\/serrafm\/wp-json\/wp\/v2\/posts\/22962\/revisions\/22963"}],"wp:featuredmedia":[{"embeddable":true,"href":"https:\/\/serrafm879.com.br\/serrafm\/wp-json\/wp\/v2\/media\/22395"}],"wp:attachment":[{"href":"https:\/\/serrafm879.com.br\/serrafm\/wp-json\/wp\/v2\/media?parent=22962"}],"wp:term":[{"taxonomy":"category","embeddable":true,"href":"https:\/\/serrafm879.com.br\/serrafm\/wp-json\/wp\/v2\/categories?post=22962"},{"taxonomy":"post_tag","embeddable":true,"href":"https:\/\/serrafm879.com.br\/serrafm\/wp-json\/wp\/v2\/tags?post=22962"}],"curies":[{"name":"wp","href":"https:\/\/api.w.org\/{rel}","templated":true}]}}