{"id":22964,"date":"2025-06-19T10:46:16","date_gmt":"2025-06-19T13:46:16","guid":{"rendered":"https:\/\/serrafm879.com.br\/serrafm\/?p=22964"},"modified":"2025-06-19T10:46:16","modified_gmt":"2025-06-19T13:46:16","slug":"tabira-promove-3a-conferencia-municipal-das-cidades-com-foco-em-desenvolvimento-urbano","status":"publish","type":"post","link":"https:\/\/serrafm879.com.br\/serrafm\/2025\/06\/tabira-promove-3a-conferencia-municipal-das-cidades-com-foco-em-desenvolvimento-urbano\/","title":{"rendered":"Tabira promove 3\u00aa Confer\u00eancia Municipal das Cidades com foco em desenvolvimento urbano"},"content":{"rendered":"<p>A Prefeitura de Tabira realiza, na pr\u00f3xima quinta-feira (26), a 3\u00aa Confer\u00eancia Municipal das Cidades. O encontro ser\u00e1 realizado a partir das 8h, no Plen\u00e1rio da C\u00e2mara de Vereadores, e faz parte da etapa municipal da 6\u00aa Confer\u00eancia Nacional das Cidades.<\/p>\n<p>Organizado pelas Secretarias Municipais de Administra\u00e7\u00e3o e de Planejamento e Gest\u00e3o, o evento re\u00fane representantes da sociedade civil, setor produtivo, institui\u00e7\u00f5es acad\u00eamicas, organiza\u00e7\u00f5es n\u00e3o governamentais, Defesa Civil e lideran\u00e7as comunit\u00e1rias. O objetivo \u00e9 discutir propostas voltadas ao desenvolvimento urbano do munic\u00edpio.<\/p>\n<p>Com o tema \u201cConstruindo a Pol\u00edtica de Desenvolvimento Urbano: caminhos para cidades inclusivas, democr\u00e1ticas, sustent\u00e1veis e com justi\u00e7a social\u201d, a confer\u00eancia ser\u00e1 dividida em grupos tem\u00e1ticos para tratar de assuntos como habita\u00e7\u00e3o, regulariza\u00e7\u00e3o fundi\u00e1ria, saneamento b\u00e1sico, mobilidade urbana, gest\u00e3o interfederativa, financiamento e controle social. Tamb\u00e9m ser\u00e3o debatidas quest\u00f5es relacionadas \u00e0 sustentabilidade ambiental, emerg\u00eancias clim\u00e1ticas e impactos da transforma\u00e7\u00e3o digital nos territ\u00f3rios.<\/p>\n<p>Ao final das atividades, ser\u00e3o eleitos os delegados que representar\u00e3o Tabira na etapa estadual da confer\u00eancia, prevista para agosto de 2025. As propostas aprovadas seguir\u00e3o para aprecia\u00e7\u00e3o na Confer\u00eancia Nacional das Cidades, marcada para outubro do mesmo ano.<\/p>\n<p>A convoca\u00e7\u00e3o oficial foi feita por meio do Decreto Municipal n\u00ba 030\/2025, publicado em 10 de junho.<\/p>\n","protected":false},"excerpt":{"rendered":"<p>A Prefeitura de Tabira realiza, na pr\u00f3xima quinta-feira (26), a 3\u00aa Confer\u00eancia Municipal das Cidades. O encontro ser\u00e1 realizado a partir das 8h, no Plen\u00e1rio da C\u00e2mara de Vereadores, e faz parte da etapa municipal da 6\u00aa Confer\u00eancia Nacional das Cidades. Organizado pelas Secretarias Municipais de Administra\u00e7\u00e3o e de Planejamento e Gest\u00e3o, o evento re\u00fane representantes da sociedade civil, setor produtivo, institui\u00e7\u00f5es acad\u00eamicas, organiza\u00e7\u00f5es n\u00e3o governamentais, Defesa Civil e lideran\u00e7as comunit\u00e1rias. O objetivo \u00e9 discutir propostas voltadas ao desenvolvimento urbano do munic\u00edpio. Com o tema \u201cConstruindo a Pol\u00edtica de Desenvolvimento Urbano: caminhos para cidades inclusivas, democr\u00e1ticas, sustent\u00e1veis e com justi\u00e7a [&hellip;]<\/p>\n","protected":false},"author":2,"featured_media":22965,"comment_status":"open","ping_status":"open","sticky":false,"template":"","format":"standard","meta":{"_jetpack_memberships_contains_paid_content":false,"footnotes":"","jetpack_publicize_message":"","jetpack_publicize_feature_enabled":true,"jetpack_social_post_already_shared":true,"jetpack_social_options":{"image_generator_settings":{"template":"highway","enabled":false},"version":2}},"categories":[2],"tags":[],"class_list":["post-22964","post","type-post","status-publish","format-standard","has-post-thumbnail","hentry","category-noticias"],"jetpack_publicize_connections":[],"yoast_head":"<!-- This site is optimized with the Yoast SEO plugin v24.7 - https:\/\/yoast.com\/wordpress\/plugins\/seo\/ -->\n<title>Tabira promove 3\u00aa Confer\u00eancia Municipal das Cidades com foco em desenvolvimento urbano - Serra FM 87,9<\/title>\n<meta name=\"robots\" content=\"index, follow, max-snippet:-1, max-image-preview:large, max-video-preview:-1\" \/>\n<link rel=\"canonical\" href=\"https:\/\/serrafm879.com.br\/serrafm\/2025\/06\/tabira-promove-3a-conferencia-municipal-das-cidades-com-foco-em-desenvolvimento-urbano\/\" \/>\n<meta property=\"og:locale\" content=\"pt_BR\" \/>\n<meta property=\"og:type\" content=\"article\" \/>\n<meta property=\"og:title\" content=\"Tabira promove 3\u00aa Confer\u00eancia Municipal das Cidades com foco em desenvolvimento urbano - Serra FM 87,9\" \/>\n<meta property=\"og:description\" content=\"A Prefeitura de Tabira realiza, na pr\u00f3xima quinta-feira (26), a 3\u00aa Confer\u00eancia Municipal das Cidades. O encontro ser\u00e1 realizado a partir das 8h, no Plen\u00e1rio da C\u00e2mara de Vereadores, e faz parte da etapa municipal da 6\u00aa Confer\u00eancia Nacional das Cidades. Organizado pelas Secretarias Municipais de Administra\u00e7\u00e3o e de Planejamento e Gest\u00e3o, o evento re\u00fane representantes da sociedade civil, setor produtivo, institui\u00e7\u00f5es acad\u00eamicas, organiza\u00e7\u00f5es n\u00e3o governamentais, Defesa Civil e lideran\u00e7as comunit\u00e1rias. O objetivo \u00e9 discutir propostas voltadas ao desenvolvimento urbano do munic\u00edpio. Com o tema \u201cConstruindo a Pol\u00edtica de Desenvolvimento Urbano: caminhos para cidades inclusivas, democr\u00e1ticas, sustent\u00e1veis e com justi\u00e7a [&hellip;]\" \/>\n<meta property=\"og:url\" content=\"https:\/\/serrafm879.com.br\/serrafm\/2025\/06\/tabira-promove-3a-conferencia-municipal-das-cidades-com-foco-em-desenvolvimento-urbano\/\" \/>\n<meta property=\"og:site_name\" content=\"Serra FM 87,9\" \/>\n<meta property=\"article:published_time\" content=\"2025-06-19T13:46:16+00:00\" \/>\n<meta property=\"og:image\" content=\"http:\/\/serrafm879.com.br\/serrafm\/wp-content\/uploads\/2025\/06\/Captura-de-tela-2025-06-19-104602.png\" \/>\n\t<meta property=\"og:image:width\" content=\"365\" \/>\n\t<meta property=\"og:image:height\" content=\"201\" \/>\n\t<meta property=\"og:image:type\" content=\"image\/png\" \/>\n<meta name=\"author\" content=\"serrafm87\" \/>\n<meta name=\"twitter:card\" content=\"summary_large_image\" \/>\n<meta name=\"twitter:label1\" content=\"Escrito por\" \/>\n\t<meta name=\"twitter:data1\" content=\"serrafm87\" \/>\n\t<meta name=\"twitter:label2\" content=\"Est. tempo de leitura\" \/>\n\t<meta name=\"twitter:data2\" content=\"2 minutos\" \/>\n<script type=\"application\/ld+json\" class=\"yoast-schema-graph\">{\"@context\":\"https:\/\/schema.org\",\"@graph\":[{\"@type\":\"WebPage\",\"@id\":\"https:\/\/serrafm879.com.br\/serrafm\/2025\/06\/tabira-promove-3a-conferencia-municipal-das-cidades-com-foco-em-desenvolvimento-urbano\/\",\"url\":\"https:\/\/serrafm879.com.br\/serrafm\/2025\/06\/tabira-promove-3a-conferencia-municipal-das-cidades-com-foco-em-desenvolvimento-urbano\/\",\"name\":\"Tabira promove 3\u00aa Confer\u00eancia Municipal das Cidades com foco em desenvolvimento urbano - Serra FM 87,9\",\"isPartOf\":{\"@id\":\"https:\/\/serrafm879.com.br\/serrafm\/#website\"},\"primaryImageOfPage\":{\"@id\":\"https:\/\/serrafm879.com.br\/serrafm\/2025\/06\/tabira-promove-3a-conferencia-municipal-das-cidades-com-foco-em-desenvolvimento-urbano\/#primaryimage\"},\"image\":{\"@id\":\"https:\/\/serrafm879.com.br\/serrafm\/2025\/06\/tabira-promove-3a-conferencia-municipal-das-cidades-com-foco-em-desenvolvimento-urbano\/#primaryimage\"},\"thumbnailUrl\":\"https:\/\/serrafm879.com.br\/serrafm\/wp-content\/uploads\/2025\/06\/Captura-de-tela-2025-06-19-104602.png\",\"datePublished\":\"2025-06-19T13:46:16+00:00\",\"author\":{\"@id\":\"https:\/\/serrafm879.com.br\/serrafm\/#\/schema\/person\/c028a197030ff8b1c03c68dfba4a787a\"},\"breadcrumb\":{\"@id\":\"https:\/\/serrafm879.com.br\/serrafm\/2025\/06\/tabira-promove-3a-conferencia-municipal-das-cidades-com-foco-em-desenvolvimento-urbano\/#breadcrumb\"},\"inLanguage\":\"pt-BR\",\"potentialAction\":[{\"@type\":\"ReadAction\",\"target\":[\"https:\/\/serrafm879.com.br\/serrafm\/2025\/06\/tabira-promove-3a-conferencia-municipal-das-cidades-com-foco-em-desenvolvimento-urbano\/\"]}]},{\"@type\":\"ImageObject\",\"inLanguage\":\"pt-BR\",\"@id\":\"https:\/\/serrafm879.com.br\/serrafm\/2025\/06\/tabira-promove-3a-conferencia-municipal-das-cidades-com-foco-em-desenvolvimento-urbano\/#primaryimage\",\"url\":\"https:\/\/serrafm879.com.br\/serrafm\/wp-content\/uploads\/2025\/06\/Captura-de-tela-2025-06-19-104602.png\",\"contentUrl\":\"https:\/\/serrafm879.com.br\/serrafm\/wp-content\/uploads\/2025\/06\/Captura-de-tela-2025-06-19-104602.png\",\"width\":365,\"height\":201},{\"@type\":\"BreadcrumbList\",\"@id\":\"https:\/\/serrafm879.com.br\/serrafm\/2025\/06\/tabira-promove-3a-conferencia-municipal-das-cidades-com-foco-em-desenvolvimento-urbano\/#breadcrumb\",\"itemListElement\":[{\"@type\":\"ListItem\",\"position\":1,\"name\":\"In\u00edcio\",\"item\":\"https:\/\/serrafm879.com.br\/serrafm\/\"},{\"@type\":\"ListItem\",\"position\":2,\"name\":\"Tabira promove 3\u00aa Confer\u00eancia Municipal das Cidades com foco em desenvolvimento urbano\"}]},{\"@type\":\"WebSite\",\"@id\":\"https:\/\/serrafm879.com.br\/serrafm\/#website\",\"url\":\"https:\/\/serrafm879.com.br\/serrafm\/\",\"name\":\"Serra FM 87,9\",\"description\":\"O seu novo amor!\",\"potentialAction\":[{\"@type\":\"SearchAction\",\"target\":{\"@type\":\"EntryPoint\",\"urlTemplate\":\"https:\/\/serrafm879.com.br\/serrafm\/?s={search_term_string}\"},\"query-input\":{\"@type\":\"PropertyValueSpecification\",\"valueRequired\":true,\"valueName\":\"search_term_string\"}}],\"inLanguage\":\"pt-BR\"},{\"@type\":\"Person\",\"@id\":\"https:\/\/serrafm879.com.br\/serrafm\/#\/schema\/person\/c028a197030ff8b1c03c68dfba4a787a\",\"name\":\"serrafm87\",\"image\":{\"@type\":\"ImageObject\",\"inLanguage\":\"pt-BR\",\"@id\":\"https:\/\/serrafm879.com.br\/serrafm\/#\/schema\/person\/image\/\",\"url\":\"https:\/\/secure.gravatar.com\/avatar\/a743233f1112d34f48bb3dc9559b76eb930bab8b27175856cba6362608736235?s=96&d=mm&r=g\",\"contentUrl\":\"https:\/\/secure.gravatar.com\/avatar\/a743233f1112d34f48bb3dc9559b76eb930bab8b27175856cba6362608736235?s=96&d=mm&r=g\",\"caption\":\"serrafm87\"},\"sameAs\":[\"http:\/\/serrafm879.com.br\/\"],\"url\":\"https:\/\/serrafm879.com.br\/serrafm\/author\/serrafm87\/\"}]}<\/script>\n<!-- \/ Yoast SEO plugin. -->","yoast_head_json":{"title":"Tabira promove 3\u00aa Confer\u00eancia Municipal das Cidades com foco em desenvolvimento urbano - Serra FM 87,9","robots":{"index":"index","follow":"follow","max-snippet":"max-snippet:-1","max-image-preview":"max-image-preview:large","max-video-preview":"max-video-preview:-1"},"canonical":"https:\/\/serrafm879.com.br\/serrafm\/2025\/06\/tabira-promove-3a-conferencia-municipal-das-cidades-com-foco-em-desenvolvimento-urbano\/","og_locale":"pt_BR","og_type":"article","og_title":"Tabira promove 3\u00aa Confer\u00eancia Municipal das Cidades com foco em desenvolvimento urbano - Serra FM 87,9","og_description":"A Prefeitura de Tabira realiza, na pr\u00f3xima quinta-feira (26), a 3\u00aa Confer\u00eancia Municipal das Cidades. O encontro ser\u00e1 realizado a partir das 8h, no Plen\u00e1rio da C\u00e2mara de Vereadores, e faz parte da etapa municipal da 6\u00aa Confer\u00eancia Nacional das Cidades. Organizado pelas Secretarias Municipais de Administra\u00e7\u00e3o e de Planejamento e Gest\u00e3o, o evento re\u00fane representantes da sociedade civil, setor produtivo, institui\u00e7\u00f5es acad\u00eamicas, organiza\u00e7\u00f5es n\u00e3o governamentais, Defesa Civil e lideran\u00e7as comunit\u00e1rias. O objetivo \u00e9 discutir propostas voltadas ao desenvolvimento urbano do munic\u00edpio. Com o tema \u201cConstruindo a Pol\u00edtica de Desenvolvimento Urbano: caminhos para cidades inclusivas, democr\u00e1ticas, sustent\u00e1veis e com justi\u00e7a [&hellip;]","og_url":"https:\/\/serrafm879.com.br\/serrafm\/2025\/06\/tabira-promove-3a-conferencia-municipal-das-cidades-com-foco-em-desenvolvimento-urbano\/","og_site_name":"Serra FM 87,9","article_published_time":"2025-06-19T13:46:16+00:00","og_image":[{"width":365,"height":201,"url":"http:\/\/serrafm879.com.br\/serrafm\/wp-content\/uploads\/2025\/06\/Captura-de-tela-2025-06-19-104602.png","type":"image\/png"}],"author":"serrafm87","twitter_card":"summary_large_image","twitter_misc":{"Escrito por":"serrafm87","Est. tempo de leitura":"2 minutos"},"schema":{"@context":"https:\/\/schema.org","@graph":[{"@type":"WebPage","@id":"https:\/\/serrafm879.com.br\/serrafm\/2025\/06\/tabira-promove-3a-conferencia-municipal-das-cidades-com-foco-em-desenvolvimento-urbano\/","url":"https:\/\/serrafm879.com.br\/serrafm\/2025\/06\/tabira-promove-3a-conferencia-municipal-das-cidades-com-foco-em-desenvolvimento-urbano\/","name":"Tabira promove 3\u00aa Confer\u00eancia Municipal das Cidades com foco em desenvolvimento urbano - Serra FM 87,9","isPartOf":{"@id":"https:\/\/serrafm879.com.br\/serrafm\/#website"},"primaryImageOfPage":{"@id":"https:\/\/serrafm879.com.br\/serrafm\/2025\/06\/tabira-promove-3a-conferencia-municipal-das-cidades-com-foco-em-desenvolvimento-urbano\/#primaryimage"},"image":{"@id":"https:\/\/serrafm879.com.br\/serrafm\/2025\/06\/tabira-promove-3a-conferencia-municipal-das-cidades-com-foco-em-desenvolvimento-urbano\/#primaryimage"},"thumbnailUrl":"https:\/\/serrafm879.com.br\/serrafm\/wp-content\/uploads\/2025\/06\/Captura-de-tela-2025-06-19-104602.png","datePublished":"2025-06-19T13:46:16+00:00","author":{"@id":"https:\/\/serrafm879.com.br\/serrafm\/#\/schema\/person\/c028a197030ff8b1c03c68dfba4a787a"},"breadcrumb":{"@id":"https:\/\/serrafm879.com.br\/serrafm\/2025\/06\/tabira-promove-3a-conferencia-municipal-das-cidades-com-foco-em-desenvolvimento-urbano\/#breadcrumb"},"inLanguage":"pt-BR","potentialAction":[{"@type":"ReadAction","target":["https:\/\/serrafm879.com.br\/serrafm\/2025\/06\/tabira-promove-3a-conferencia-municipal-das-cidades-com-foco-em-desenvolvimento-urbano\/"]}]},{"@type":"ImageObject","inLanguage":"pt-BR","@id":"https:\/\/serrafm879.com.br\/serrafm\/2025\/06\/tabira-promove-3a-conferencia-municipal-das-cidades-com-foco-em-desenvolvimento-urbano\/#primaryimage","url":"https:\/\/serrafm879.com.br\/serrafm\/wp-content\/uploads\/2025\/06\/Captura-de-tela-2025-06-19-104602.png","contentUrl":"https:\/\/serrafm879.com.br\/serrafm\/wp-content\/uploads\/2025\/06\/Captura-de-tela-2025-06-19-104602.png","width":365,"height":201},{"@type":"BreadcrumbList","@id":"https:\/\/serrafm879.com.br\/serrafm\/2025\/06\/tabira-promove-3a-conferencia-municipal-das-cidades-com-foco-em-desenvolvimento-urbano\/#breadcrumb","itemListElement":[{"@type":"ListItem","position":1,"name":"In\u00edcio","item":"https:\/\/serrafm879.com.br\/serrafm\/"},{"@type":"ListItem","position":2,"name":"Tabira promove 3\u00aa Confer\u00eancia Municipal das Cidades com foco em desenvolvimento urbano"}]},{"@type":"WebSite","@id":"https:\/\/serrafm879.com.br\/serrafm\/#website","url":"https:\/\/serrafm879.com.br\/serrafm\/","name":"Serra FM 87,9","description":"O seu novo amor!","potentialAction":[{"@type":"SearchAction","target":{"@type":"EntryPoint","urlTemplate":"https:\/\/serrafm879.com.br\/serrafm\/?s={search_term_string}"},"query-input":{"@type":"PropertyValueSpecification","valueRequired":true,"valueName":"search_term_string"}}],"inLanguage":"pt-BR"},{"@type":"Person","@id":"https:\/\/serrafm879.com.br\/serrafm\/#\/schema\/person\/c028a197030ff8b1c03c68dfba4a787a","name":"serrafm87","image":{"@type":"ImageObject","inLanguage":"pt-BR","@id":"https:\/\/serrafm879.com.br\/serrafm\/#\/schema\/person\/image\/","url":"https:\/\/secure.gravatar.com\/avatar\/a743233f1112d34f48bb3dc9559b76eb930bab8b27175856cba6362608736235?s=96&d=mm&r=g","contentUrl":"https:\/\/secure.gravatar.com\/avatar\/a743233f1112d34f48bb3dc9559b76eb930bab8b27175856cba6362608736235?s=96&d=mm&r=g","caption":"serrafm87"},"sameAs":["http:\/\/serrafm879.com.br\/"],"url":"https:\/\/serrafm879.com.br\/serrafm\/author\/serrafm87\/"}]}},"jetpack_featured_media_url":"https:\/\/serrafm879.com.br\/serrafm\/wp-content\/uploads\/2025\/06\/Captura-de-tela-2025-06-19-104602.png","jetpack_shortlink":"https:\/\/wp.me\/p7HyXg-5Yo","jetpack_sharing_enabled":true,"_links":{"self":[{"href":"https:\/\/serrafm879.com.br\/serrafm\/wp-json\/wp\/v2\/posts\/22964","targetHints":{"allow":["GET"]}}],"collection":[{"href":"https:\/\/serrafm879.com.br\/serrafm\/wp-json\/wp\/v2\/posts"}],"about":[{"href":"https:\/\/serrafm879.com.br\/serrafm\/wp-json\/wp\/v2\/types\/post"}],"author":[{"embeddable":true,"href":"https:\/\/serrafm879.com.br\/serrafm\/wp-json\/wp\/v2\/users\/2"}],"replies":[{"embeddable":true,"href":"https:\/\/serrafm879.com.br\/serrafm\/wp-json\/wp\/v2\/comments?post=22964"}],"version-history":[{"count":1,"href":"https:\/\/serrafm879.com.br\/serrafm\/wp-json\/wp\/v2\/posts\/22964\/revisions"}],"predecessor-version":[{"id":22966,"href":"https:\/\/serrafm879.com.br\/serrafm\/wp-json\/wp\/v2\/posts\/22964\/revisions\/22966"}],"wp:featuredmedia":[{"embeddable":true,"href":"https:\/\/serrafm879.com.br\/serrafm\/wp-json\/wp\/v2\/media\/22965"}],"wp:attachment":[{"href":"https:\/\/serrafm879.com.br\/serrafm\/wp-json\/wp\/v2\/media?parent=22964"}],"wp:term":[{"taxonomy":"category","embeddable":true,"href":"https:\/\/serrafm879.com.br\/serrafm\/wp-json\/wp\/v2\/categories?post=22964"},{"taxonomy":"post_tag","embeddable":true,"href":"https:\/\/serrafm879.com.br\/serrafm\/wp-json\/wp\/v2\/tags?post=22964"}],"curies":[{"name":"wp","href":"https:\/\/api.w.org\/{rel}","templated":true}]}}