{"id":22967,"date":"2025-06-19T18:28:35","date_gmt":"2025-06-19T21:28:35","guid":{"rendered":"https:\/\/serrafm879.com.br\/serrafm\/?p=22967"},"modified":"2025-06-19T18:28:35","modified_gmt":"2025-06-19T21:28:35","slug":"morre-o-ator-francisco-cuoco-aos-91-anos","status":"publish","type":"post","link":"https:\/\/serrafm879.com.br\/serrafm\/2025\/06\/morre-o-ator-francisco-cuoco-aos-91-anos\/","title":{"rendered":"Morre o ator Francisco Cuoco, aos 91 anos"},"content":{"rendered":"<div class=\"mc-column content-text active-extra-styles active-capital-letter\" data-block-type=\"unstyled\" data-block-weight=\"18\" data-block-id=\"2\">\n<p class=\" content-text__container theme-color-primary-first-letter\" data-track-category=\"Link no Texto\" data-track-links=\"\">O ator Francisco Cuoco morreu, aos 91 anos, nesta quinta-feira (19). A causa da morte n\u00e3o foi divulgada.<\/p>\n<\/div>\n<div class=\"wall protected-content\">\n<div class=\"mc-column content-text active-extra-styles \" data-block-type=\"unstyled\" data-block-weight=\"40\" data-block-id=\"3\">\n<p class=\" content-text__container \" data-track-category=\"Link no Texto\" data-track-links=\"\">Cuoco estava internado no Albert Einstein, em S\u00e3o Paulo, h\u00e1 20 dias, e estava sedado desde ent\u00e3o. Ele tinha complica\u00e7\u00f5es de sa\u00fade em decorr\u00eancia da idade e por um ferimento que infeccionou, segundo a irm\u00e3, Gr\u00e1cia, com quem morava.<\/p>\n<\/div>\n<div class=\"mc-column content-text active-extra-styles \" data-block-type=\"unstyled\" data-block-weight=\"22\" data-block-id=\"4\">\n<p class=\" content-text__container \" data-track-category=\"Link no Texto\" data-track-links=\"\">O ator ficou conhecido pelos gal\u00e3s e protagonistas de novelas como &#8216;Pecado Capital&#8217;, &#8216;O Astro&#8217;, &#8216;Selva de Pedra&#8217; e &#8216;O S\u00e9timo Sentido&#8217;.<\/p>\n<div class=\"mc-column content-text active-extra-styles \" data-block-type=\"unstyled\" data-block-weight=\"16\" data-block-id=\"6\">\n<p class=\" content-text__container \" data-track-category=\"Link no Texto\" data-track-links=\"\">O ator deixa tr\u00eas filhos -Tatiana, Rodrigo e Diogo &#8211; e personagens marcantes na dramaturgia brasileira.<\/p>\n<\/div>\n<div class=\"mc-column content-text active-extra-styles\" data-block-type=\"raw\" data-block-weight=\"3\" data-block-id=\"7\">\n<p class=\"content-text__container\"><span style=\"font-family: -apple-system, BlinkMacSystemFont, 'Segoe UI', Roboto, Oxygen-Sans, Ubuntu, Cantarell, 'Helvetica Neue', sans-serif; font-size: 2.074em; font-weight: bold;\">Vida e carreira<\/span><\/p>\n<p><span style=\"font-size: 1.21429rem;\">Nascido em S\u00e3o Paulo em 29 de novembro de 1933, Francisco Cuoco teve mais de cinco d\u00e9cadas de carreira como ator, tendo sido um dos grandes gal\u00e3s de novela entre as d\u00e9cadas de 1970 e 1980.<\/span><\/p>\n<\/div>\n<div class=\"mc-column content-text active-extra-styles \" data-block-type=\"unstyled\" data-block-weight=\"44\" data-block-id=\"9\">\n<p class=\" content-text__container \" data-track-category=\"Link no Texto\" data-track-links=\"\">Filho de imigrante italiano, o feirante Leopoldo, e da dona de casa Antonieta, Cuoco cresceu em uma fam\u00edlia humilde no Br\u00e1s e trabalhava com o pai na feira durante o dia. Aproveitava as noites para estudar e tinha planos de se tornar advogado.<\/p>\n<\/div>\n<div class=\"mc-column content-text active-extra-styles \" data-block-type=\"unstyled\" data-block-weight=\"33\" data-block-id=\"10\">\n<p class=\" content-text__container \" data-track-category=\"Link no Texto\" data-track-links=\"\">O interesse pela interpreta\u00e7\u00e3o surgiu na inf\u00e2ncia, quando ele via circos se instalarem no terreno baldio em frente \u00e0 casa da fam\u00edlia. O menino fazia encena\u00e7\u00f5es e sonhava com o mundo do cinema.<\/p>\n<\/div>\n<div class=\"mc-column content-text active-extra-styles \" data-block-type=\"unstyled\" data-block-weight=\"40\" data-block-id=\"11\">\n<p class=\" content-text__container \" data-track-category=\"Link no Texto\" data-track-links=\"\">Cuoco pensava em estudar Direito, mas optou por fazer a Escola de Arte Dram\u00e1tica de S\u00e3o Paulo, onde ficou por quatro anos. No fim da d\u00e9cada de 1950, ingressou no Teatro dos Sete, que tinha Fernanda Montenegro entre os integrantes.<\/p>\n<p data-track-category=\"Link no Texto\" data-track-links=\"\">Depois de atua\u00e7\u00f5es nas TVs Record e Excelsior, incluindo o primeiro par rom\u00e2ntico de muitos que formou com Regina Duarte em Legi\u00e3o dos Esquecidos, ingressou na Globo em 1970.<\/p>\n<div class=\"mc-column content-text active-extra-styles \" data-block-type=\"unstyled\" data-block-weight=\"44\" data-block-id=\"15\">\n<p class=\" content-text__container \" data-track-category=\"Link no Texto\" data-track-links=\"\">Entre os primeiros trabalhos de destaque, estrelou Selva de Pedra&#8217; (1972), &#8216;O Semideus&#8217; (1973), &#8216;Pecado Capital&#8217; (1975) e &#8216;O Astro&#8217; (1977). Foi s\u00f3 o come\u00e7o de uma carreira em que protagonizou mais de 20 novelas, al\u00e9m de ter atuado no cinema e no teatro.<\/p>\n<\/div>\n<div data-track-category=\"multicontent\" data-track-action=\"ultimo chunk conteudo\" data-track-noninteraction=\"false\" data-track-scroll=\"view\">\n<div class=\"mc-column content-text active-extra-styles \" data-block-type=\"unstyled\" data-block-weight=\"36\" data-block-id=\"16\">\n<p class=\" content-text__container \" data-track-category=\"Link no Texto\" data-track-links=\"\">Entre os \u00faltimos trabalhos na Globo, estiveram participa\u00e7\u00f5es na novela &#8216;Pega Pega&#8217; (2018) e &#8216;Salve-se Quem Puder&#8217; (2020), no humor\u00edstico &#8216;T\u00e1 no Ar: A Tv na Tv&#8217; (2019) e no especial &#8216;Juntos a Magia Acontece&#8217; (2020).<\/p>\n<p data-track-category=\"Link no Texto\" data-track-links=\"\">Fonte: CBN<\/p>\n<\/div>\n<\/div>\n<\/div>\n<\/div>\n<\/div>\n","protected":false},"excerpt":{"rendered":"<p>O ator Francisco Cuoco morreu, aos 91 anos, nesta quinta-feira (19). A causa da morte n\u00e3o foi divulgada. Cuoco estava internado no Albert Einstein, em S\u00e3o Paulo, h\u00e1 20 dias, e estava sedado desde ent\u00e3o. Ele tinha complica\u00e7\u00f5es de sa\u00fade em decorr\u00eancia da idade e por um ferimento que infeccionou, segundo a irm\u00e3, Gr\u00e1cia, com quem morava. O ator ficou conhecido pelos gal\u00e3s e protagonistas de novelas como &#8216;Pecado Capital&#8217;, &#8216;O Astro&#8217;, &#8216;Selva de Pedra&#8217; e &#8216;O S\u00e9timo Sentido&#8217;. O ator deixa tr\u00eas filhos -Tatiana, Rodrigo e Diogo &#8211; e personagens marcantes na dramaturgia brasileira. Vida e carreira Nascido em [&hellip;]<\/p>\n","protected":false},"author":2,"featured_media":22968,"comment_status":"open","ping_status":"open","sticky":false,"template":"","format":"standard","meta":{"_jetpack_memberships_contains_paid_content":false,"footnotes":"","jetpack_publicize_message":"","jetpack_publicize_feature_enabled":true,"jetpack_social_post_already_shared":true,"jetpack_social_options":{"image_generator_settings":{"template":"highway","enabled":false},"version":2}},"categories":[2],"tags":[],"class_list":["post-22967","post","type-post","status-publish","format-standard","has-post-thumbnail","hentry","category-noticias"],"jetpack_publicize_connections":[],"yoast_head":"<!-- This site is optimized with the Yoast SEO plugin v24.7 - https:\/\/yoast.com\/wordpress\/plugins\/seo\/ -->\n<title>Morre o ator Francisco Cuoco, aos 91 anos - Serra FM 87,9<\/title>\n<meta name=\"robots\" content=\"index, follow, max-snippet:-1, max-image-preview:large, max-video-preview:-1\" \/>\n<link rel=\"canonical\" href=\"https:\/\/serrafm879.com.br\/serrafm\/2025\/06\/morre-o-ator-francisco-cuoco-aos-91-anos\/\" \/>\n<meta property=\"og:locale\" content=\"pt_BR\" \/>\n<meta property=\"og:type\" content=\"article\" \/>\n<meta property=\"og:title\" content=\"Morre o ator Francisco Cuoco, aos 91 anos - Serra FM 87,9\" \/>\n<meta property=\"og:description\" content=\"O ator Francisco Cuoco morreu, aos 91 anos, nesta quinta-feira (19). A causa da morte n\u00e3o foi divulgada. Cuoco estava internado no Albert Einstein, em S\u00e3o Paulo, h\u00e1 20 dias, e estava sedado desde ent\u00e3o. Ele tinha complica\u00e7\u00f5es de sa\u00fade em decorr\u00eancia da idade e por um ferimento que infeccionou, segundo a irm\u00e3, Gr\u00e1cia, com quem morava. O ator ficou conhecido pelos gal\u00e3s e protagonistas de novelas como &#8216;Pecado Capital&#8217;, &#8216;O Astro&#8217;, &#8216;Selva de Pedra&#8217; e &#8216;O S\u00e9timo Sentido&#8217;. O ator deixa tr\u00eas filhos -Tatiana, Rodrigo e Diogo &#8211; e personagens marcantes na dramaturgia brasileira. Vida e carreira Nascido em [&hellip;]\" \/>\n<meta property=\"og:url\" content=\"https:\/\/serrafm879.com.br\/serrafm\/2025\/06\/morre-o-ator-francisco-cuoco-aos-91-anos\/\" \/>\n<meta property=\"og:site_name\" content=\"Serra FM 87,9\" \/>\n<meta property=\"article:published_time\" content=\"2025-06-19T21:28:35+00:00\" \/>\n<meta property=\"og:image\" content=\"http:\/\/serrafm879.com.br\/serrafm\/wp-content\/uploads\/2025\/06\/download-4.jpg\" \/>\n\t<meta property=\"og:image:width\" content=\"290\" \/>\n\t<meta property=\"og:image:height\" content=\"174\" \/>\n\t<meta property=\"og:image:type\" content=\"image\/jpeg\" \/>\n<meta name=\"author\" content=\"serrafm87\" \/>\n<meta name=\"twitter:card\" content=\"summary_large_image\" \/>\n<meta name=\"twitter:label1\" content=\"Escrito por\" \/>\n\t<meta name=\"twitter:data1\" content=\"serrafm87\" \/>\n\t<meta name=\"twitter:label2\" content=\"Est. tempo de leitura\" \/>\n\t<meta name=\"twitter:data2\" content=\"3 minutos\" \/>\n<script type=\"application\/ld+json\" class=\"yoast-schema-graph\">{\"@context\":\"https:\/\/schema.org\",\"@graph\":[{\"@type\":\"WebPage\",\"@id\":\"https:\/\/serrafm879.com.br\/serrafm\/2025\/06\/morre-o-ator-francisco-cuoco-aos-91-anos\/\",\"url\":\"https:\/\/serrafm879.com.br\/serrafm\/2025\/06\/morre-o-ator-francisco-cuoco-aos-91-anos\/\",\"name\":\"Morre o ator Francisco Cuoco, aos 91 anos - Serra FM 87,9\",\"isPartOf\":{\"@id\":\"https:\/\/serrafm879.com.br\/serrafm\/#website\"},\"primaryImageOfPage\":{\"@id\":\"https:\/\/serrafm879.com.br\/serrafm\/2025\/06\/morre-o-ator-francisco-cuoco-aos-91-anos\/#primaryimage\"},\"image\":{\"@id\":\"https:\/\/serrafm879.com.br\/serrafm\/2025\/06\/morre-o-ator-francisco-cuoco-aos-91-anos\/#primaryimage\"},\"thumbnailUrl\":\"https:\/\/serrafm879.com.br\/serrafm\/wp-content\/uploads\/2025\/06\/download-4.jpg\",\"datePublished\":\"2025-06-19T21:28:35+00:00\",\"author\":{\"@id\":\"https:\/\/serrafm879.com.br\/serrafm\/#\/schema\/person\/c028a197030ff8b1c03c68dfba4a787a\"},\"breadcrumb\":{\"@id\":\"https:\/\/serrafm879.com.br\/serrafm\/2025\/06\/morre-o-ator-francisco-cuoco-aos-91-anos\/#breadcrumb\"},\"inLanguage\":\"pt-BR\",\"potentialAction\":[{\"@type\":\"ReadAction\",\"target\":[\"https:\/\/serrafm879.com.br\/serrafm\/2025\/06\/morre-o-ator-francisco-cuoco-aos-91-anos\/\"]}]},{\"@type\":\"ImageObject\",\"inLanguage\":\"pt-BR\",\"@id\":\"https:\/\/serrafm879.com.br\/serrafm\/2025\/06\/morre-o-ator-francisco-cuoco-aos-91-anos\/#primaryimage\",\"url\":\"https:\/\/serrafm879.com.br\/serrafm\/wp-content\/uploads\/2025\/06\/download-4.jpg\",\"contentUrl\":\"https:\/\/serrafm879.com.br\/serrafm\/wp-content\/uploads\/2025\/06\/download-4.jpg\",\"width\":290,\"height\":174},{\"@type\":\"BreadcrumbList\",\"@id\":\"https:\/\/serrafm879.com.br\/serrafm\/2025\/06\/morre-o-ator-francisco-cuoco-aos-91-anos\/#breadcrumb\",\"itemListElement\":[{\"@type\":\"ListItem\",\"position\":1,\"name\":\"In\u00edcio\",\"item\":\"https:\/\/serrafm879.com.br\/serrafm\/\"},{\"@type\":\"ListItem\",\"position\":2,\"name\":\"Morre o ator Francisco Cuoco, aos 91 anos\"}]},{\"@type\":\"WebSite\",\"@id\":\"https:\/\/serrafm879.com.br\/serrafm\/#website\",\"url\":\"https:\/\/serrafm879.com.br\/serrafm\/\",\"name\":\"Serra FM 87,9\",\"description\":\"O seu novo amor!\",\"potentialAction\":[{\"@type\":\"SearchAction\",\"target\":{\"@type\":\"EntryPoint\",\"urlTemplate\":\"https:\/\/serrafm879.com.br\/serrafm\/?s={search_term_string}\"},\"query-input\":{\"@type\":\"PropertyValueSpecification\",\"valueRequired\":true,\"valueName\":\"search_term_string\"}}],\"inLanguage\":\"pt-BR\"},{\"@type\":\"Person\",\"@id\":\"https:\/\/serrafm879.com.br\/serrafm\/#\/schema\/person\/c028a197030ff8b1c03c68dfba4a787a\",\"name\":\"serrafm87\",\"image\":{\"@type\":\"ImageObject\",\"inLanguage\":\"pt-BR\",\"@id\":\"https:\/\/serrafm879.com.br\/serrafm\/#\/schema\/person\/image\/\",\"url\":\"https:\/\/secure.gravatar.com\/avatar\/a743233f1112d34f48bb3dc9559b76eb930bab8b27175856cba6362608736235?s=96&d=mm&r=g\",\"contentUrl\":\"https:\/\/secure.gravatar.com\/avatar\/a743233f1112d34f48bb3dc9559b76eb930bab8b27175856cba6362608736235?s=96&d=mm&r=g\",\"caption\":\"serrafm87\"},\"sameAs\":[\"http:\/\/serrafm879.com.br\/\"],\"url\":\"https:\/\/serrafm879.com.br\/serrafm\/author\/serrafm87\/\"}]}<\/script>\n<!-- \/ Yoast SEO plugin. -->","yoast_head_json":{"title":"Morre o ator Francisco Cuoco, aos 91 anos - Serra FM 87,9","robots":{"index":"index","follow":"follow","max-snippet":"max-snippet:-1","max-image-preview":"max-image-preview:large","max-video-preview":"max-video-preview:-1"},"canonical":"https:\/\/serrafm879.com.br\/serrafm\/2025\/06\/morre-o-ator-francisco-cuoco-aos-91-anos\/","og_locale":"pt_BR","og_type":"article","og_title":"Morre o ator Francisco Cuoco, aos 91 anos - Serra FM 87,9","og_description":"O ator Francisco Cuoco morreu, aos 91 anos, nesta quinta-feira (19). A causa da morte n\u00e3o foi divulgada. Cuoco estava internado no Albert Einstein, em S\u00e3o Paulo, h\u00e1 20 dias, e estava sedado desde ent\u00e3o. Ele tinha complica\u00e7\u00f5es de sa\u00fade em decorr\u00eancia da idade e por um ferimento que infeccionou, segundo a irm\u00e3, Gr\u00e1cia, com quem morava. O ator ficou conhecido pelos gal\u00e3s e protagonistas de novelas como &#8216;Pecado Capital&#8217;, &#8216;O Astro&#8217;, &#8216;Selva de Pedra&#8217; e &#8216;O S\u00e9timo Sentido&#8217;. O ator deixa tr\u00eas filhos -Tatiana, Rodrigo e Diogo &#8211; e personagens marcantes na dramaturgia brasileira. Vida e carreira Nascido em [&hellip;]","og_url":"https:\/\/serrafm879.com.br\/serrafm\/2025\/06\/morre-o-ator-francisco-cuoco-aos-91-anos\/","og_site_name":"Serra FM 87,9","article_published_time":"2025-06-19T21:28:35+00:00","og_image":[{"width":290,"height":174,"url":"http:\/\/serrafm879.com.br\/serrafm\/wp-content\/uploads\/2025\/06\/download-4.jpg","type":"image\/jpeg"}],"author":"serrafm87","twitter_card":"summary_large_image","twitter_misc":{"Escrito por":"serrafm87","Est. tempo de leitura":"3 minutos"},"schema":{"@context":"https:\/\/schema.org","@graph":[{"@type":"WebPage","@id":"https:\/\/serrafm879.com.br\/serrafm\/2025\/06\/morre-o-ator-francisco-cuoco-aos-91-anos\/","url":"https:\/\/serrafm879.com.br\/serrafm\/2025\/06\/morre-o-ator-francisco-cuoco-aos-91-anos\/","name":"Morre o ator Francisco Cuoco, aos 91 anos - Serra FM 87,9","isPartOf":{"@id":"https:\/\/serrafm879.com.br\/serrafm\/#website"},"primaryImageOfPage":{"@id":"https:\/\/serrafm879.com.br\/serrafm\/2025\/06\/morre-o-ator-francisco-cuoco-aos-91-anos\/#primaryimage"},"image":{"@id":"https:\/\/serrafm879.com.br\/serrafm\/2025\/06\/morre-o-ator-francisco-cuoco-aos-91-anos\/#primaryimage"},"thumbnailUrl":"https:\/\/serrafm879.com.br\/serrafm\/wp-content\/uploads\/2025\/06\/download-4.jpg","datePublished":"2025-06-19T21:28:35+00:00","author":{"@id":"https:\/\/serrafm879.com.br\/serrafm\/#\/schema\/person\/c028a197030ff8b1c03c68dfba4a787a"},"breadcrumb":{"@id":"https:\/\/serrafm879.com.br\/serrafm\/2025\/06\/morre-o-ator-francisco-cuoco-aos-91-anos\/#breadcrumb"},"inLanguage":"pt-BR","potentialAction":[{"@type":"ReadAction","target":["https:\/\/serrafm879.com.br\/serrafm\/2025\/06\/morre-o-ator-francisco-cuoco-aos-91-anos\/"]}]},{"@type":"ImageObject","inLanguage":"pt-BR","@id":"https:\/\/serrafm879.com.br\/serrafm\/2025\/06\/morre-o-ator-francisco-cuoco-aos-91-anos\/#primaryimage","url":"https:\/\/serrafm879.com.br\/serrafm\/wp-content\/uploads\/2025\/06\/download-4.jpg","contentUrl":"https:\/\/serrafm879.com.br\/serrafm\/wp-content\/uploads\/2025\/06\/download-4.jpg","width":290,"height":174},{"@type":"BreadcrumbList","@id":"https:\/\/serrafm879.com.br\/serrafm\/2025\/06\/morre-o-ator-francisco-cuoco-aos-91-anos\/#breadcrumb","itemListElement":[{"@type":"ListItem","position":1,"name":"In\u00edcio","item":"https:\/\/serrafm879.com.br\/serrafm\/"},{"@type":"ListItem","position":2,"name":"Morre o ator Francisco Cuoco, aos 91 anos"}]},{"@type":"WebSite","@id":"https:\/\/serrafm879.com.br\/serrafm\/#website","url":"https:\/\/serrafm879.com.br\/serrafm\/","name":"Serra FM 87,9","description":"O seu novo amor!","potentialAction":[{"@type":"SearchAction","target":{"@type":"EntryPoint","urlTemplate":"https:\/\/serrafm879.com.br\/serrafm\/?s={search_term_string}"},"query-input":{"@type":"PropertyValueSpecification","valueRequired":true,"valueName":"search_term_string"}}],"inLanguage":"pt-BR"},{"@type":"Person","@id":"https:\/\/serrafm879.com.br\/serrafm\/#\/schema\/person\/c028a197030ff8b1c03c68dfba4a787a","name":"serrafm87","image":{"@type":"ImageObject","inLanguage":"pt-BR","@id":"https:\/\/serrafm879.com.br\/serrafm\/#\/schema\/person\/image\/","url":"https:\/\/secure.gravatar.com\/avatar\/a743233f1112d34f48bb3dc9559b76eb930bab8b27175856cba6362608736235?s=96&d=mm&r=g","contentUrl":"https:\/\/secure.gravatar.com\/avatar\/a743233f1112d34f48bb3dc9559b76eb930bab8b27175856cba6362608736235?s=96&d=mm&r=g","caption":"serrafm87"},"sameAs":["http:\/\/serrafm879.com.br\/"],"url":"https:\/\/serrafm879.com.br\/serrafm\/author\/serrafm87\/"}]}},"jetpack_featured_media_url":"https:\/\/serrafm879.com.br\/serrafm\/wp-content\/uploads\/2025\/06\/download-4.jpg","jetpack_shortlink":"https:\/\/wp.me\/p7HyXg-5Yr","jetpack_sharing_enabled":true,"_links":{"self":[{"href":"https:\/\/serrafm879.com.br\/serrafm\/wp-json\/wp\/v2\/posts\/22967","targetHints":{"allow":["GET"]}}],"collection":[{"href":"https:\/\/serrafm879.com.br\/serrafm\/wp-json\/wp\/v2\/posts"}],"about":[{"href":"https:\/\/serrafm879.com.br\/serrafm\/wp-json\/wp\/v2\/types\/post"}],"author":[{"embeddable":true,"href":"https:\/\/serrafm879.com.br\/serrafm\/wp-json\/wp\/v2\/users\/2"}],"replies":[{"embeddable":true,"href":"https:\/\/serrafm879.com.br\/serrafm\/wp-json\/wp\/v2\/comments?post=22967"}],"version-history":[{"count":1,"href":"https:\/\/serrafm879.com.br\/serrafm\/wp-json\/wp\/v2\/posts\/22967\/revisions"}],"predecessor-version":[{"id":22969,"href":"https:\/\/serrafm879.com.br\/serrafm\/wp-json\/wp\/v2\/posts\/22967\/revisions\/22969"}],"wp:featuredmedia":[{"embeddable":true,"href":"https:\/\/serrafm879.com.br\/serrafm\/wp-json\/wp\/v2\/media\/22968"}],"wp:attachment":[{"href":"https:\/\/serrafm879.com.br\/serrafm\/wp-json\/wp\/v2\/media?parent=22967"}],"wp:term":[{"taxonomy":"category","embeddable":true,"href":"https:\/\/serrafm879.com.br\/serrafm\/wp-json\/wp\/v2\/categories?post=22967"},{"taxonomy":"post_tag","embeddable":true,"href":"https:\/\/serrafm879.com.br\/serrafm\/wp-json\/wp\/v2\/tags?post=22967"}],"curies":[{"name":"wp","href":"https:\/\/api.w.org\/{rel}","templated":true}]}}