{"id":22972,"date":"2025-06-20T08:22:52","date_gmt":"2025-06-20T11:22:52","guid":{"rendered":"https:\/\/serrafm879.com.br\/serrafm\/?p=22972"},"modified":"2025-06-20T08:22:52","modified_gmt":"2025-06-20T11:22:52","slug":"apac-emite-alerta-de-chuvas-para-tres-regioes-nesta-sexta-20","status":"publish","type":"post","link":"https:\/\/serrafm879.com.br\/serrafm\/2025\/06\/apac-emite-alerta-de-chuvas-para-tres-regioes-nesta-sexta-20\/","title":{"rendered":"Apac emite alerta de chuvas para tr\u00eas regi\u00f5es nesta sexta (20)"},"content":{"rendered":"<p>A Ag\u00eancia Pernambucana de \u00c1guas e Clima (Apac) emitiu, na quinta-feira (19), um novo alerta de chuvas para tr\u00eas regi\u00f5es de Pernambuco. O aviso vale ao longo da sexta-feira (20).<\/p>\n<p>Segundo a Apac, a previs\u00e3o \u00e9 de precipita\u00e7\u00f5es moderadas a fortes na Mata Sul. Agreste e Regi\u00e3o Metropolitana do Recife podem esperar chuvas moderadas e pontualmente fortes.<\/p>\n<p>De acordo com a ag\u00eancia, \u201co canal de umidade previsto desde ontem, quarta-feira, dia 18 de junho, deve continuar atuando em toda a faixa litor\u00e2nea de Pernambuco. Por isso, o aviso meteorol\u00f3gico ser\u00e1 renovado at\u00e9 a sexta-feira, 20 de junho\u201d.<\/p>\n<p>\u201cAs condi\u00e7\u00f5es de risco est\u00e3o maiores na parte sul, incluindo o sul da Regi\u00e3o Metropolitana e toda a Mata Sul. A previs\u00e3o indica a continuidade de chuvas de moderada a forte na Mata Sul e Moderada (pontualmente forte) na Regi\u00e3o Metropolitana do Recife. Para o Agreste as chuvas devem ser moderadas em alguns munic\u00edpios, enquanto que a Mata Norte deve ser de fraca a moderada. No Sert\u00e3o, chuvas de fraca a moderada de forma isolada\u201d, finaliza o comunicado.<\/p>\n<p>do DP<\/p>\n","protected":false},"excerpt":{"rendered":"<p>A Ag\u00eancia Pernambucana de \u00c1guas e Clima (Apac) emitiu, na quinta-feira (19), um novo alerta de chuvas para tr\u00eas regi\u00f5es de Pernambuco. O aviso vale ao longo da sexta-feira (20). Segundo a Apac, a previs\u00e3o \u00e9 de precipita\u00e7\u00f5es moderadas a fortes na Mata Sul. Agreste e Regi\u00e3o Metropolitana do Recife podem esperar chuvas moderadas e pontualmente fortes. De acordo com a ag\u00eancia, \u201co canal de umidade previsto desde ontem, quarta-feira, dia 18 de junho, deve continuar atuando em toda a faixa litor\u00e2nea de Pernambuco. Por isso, o aviso meteorol\u00f3gico ser\u00e1 renovado at\u00e9 a sexta-feira, 20 de junho\u201d. \u201cAs condi\u00e7\u00f5es de [&hellip;]<\/p>\n","protected":false},"author":2,"featured_media":9796,"comment_status":"open","ping_status":"open","sticky":false,"template":"","format":"standard","meta":{"_jetpack_memberships_contains_paid_content":false,"footnotes":"","jetpack_publicize_message":"","jetpack_publicize_feature_enabled":true,"jetpack_social_post_already_shared":true,"jetpack_social_options":{"image_generator_settings":{"template":"highway","enabled":false},"version":2}},"categories":[2],"tags":[],"class_list":["post-22972","post","type-post","status-publish","format-standard","has-post-thumbnail","hentry","category-noticias"],"jetpack_publicize_connections":[],"yoast_head":"<!-- This site is optimized with the Yoast SEO plugin v24.7 - https:\/\/yoast.com\/wordpress\/plugins\/seo\/ -->\n<title>Apac emite alerta de chuvas para tr\u00eas regi\u00f5es nesta sexta (20) - Serra FM 87,9<\/title>\n<meta name=\"robots\" content=\"index, follow, max-snippet:-1, max-image-preview:large, max-video-preview:-1\" \/>\n<link rel=\"canonical\" href=\"https:\/\/serrafm879.com.br\/serrafm\/2025\/06\/apac-emite-alerta-de-chuvas-para-tres-regioes-nesta-sexta-20\/\" \/>\n<meta property=\"og:locale\" content=\"pt_BR\" \/>\n<meta property=\"og:type\" content=\"article\" \/>\n<meta property=\"og:title\" content=\"Apac emite alerta de chuvas para tr\u00eas regi\u00f5es nesta sexta (20) - Serra FM 87,9\" \/>\n<meta property=\"og:description\" content=\"A Ag\u00eancia Pernambucana de \u00c1guas e Clima (Apac) emitiu, na quinta-feira (19), um novo alerta de chuvas para tr\u00eas regi\u00f5es de Pernambuco. O aviso vale ao longo da sexta-feira (20). Segundo a Apac, a previs\u00e3o \u00e9 de precipita\u00e7\u00f5es moderadas a fortes na Mata Sul. Agreste e Regi\u00e3o Metropolitana do Recife podem esperar chuvas moderadas e pontualmente fortes. De acordo com a ag\u00eancia, \u201co canal de umidade previsto desde ontem, quarta-feira, dia 18 de junho, deve continuar atuando em toda a faixa litor\u00e2nea de Pernambuco. Por isso, o aviso meteorol\u00f3gico ser\u00e1 renovado at\u00e9 a sexta-feira, 20 de junho\u201d. \u201cAs condi\u00e7\u00f5es de [&hellip;]\" \/>\n<meta property=\"og:url\" content=\"https:\/\/serrafm879.com.br\/serrafm\/2025\/06\/apac-emite-alerta-de-chuvas-para-tres-regioes-nesta-sexta-20\/\" \/>\n<meta property=\"og:site_name\" content=\"Serra FM 87,9\" \/>\n<meta property=\"article:published_time\" content=\"2025-06-20T11:22:52+00:00\" \/>\n<meta property=\"og:image\" content=\"http:\/\/serrafm879.com.br\/serrafm\/wp-content\/uploads\/2022\/05\/chuvarecife.jpg\" \/>\n\t<meta property=\"og:image:width\" content=\"302\" \/>\n\t<meta property=\"og:image:height\" content=\"167\" \/>\n\t<meta property=\"og:image:type\" content=\"image\/jpeg\" \/>\n<meta name=\"author\" content=\"serrafm87\" \/>\n<meta name=\"twitter:card\" content=\"summary_large_image\" \/>\n<meta name=\"twitter:label1\" content=\"Escrito por\" \/>\n\t<meta name=\"twitter:data1\" content=\"serrafm87\" \/>\n\t<meta name=\"twitter:label2\" content=\"Est. tempo de leitura\" \/>\n\t<meta name=\"twitter:data2\" content=\"2 minutos\" \/>\n<script type=\"application\/ld+json\" class=\"yoast-schema-graph\">{\"@context\":\"https:\/\/schema.org\",\"@graph\":[{\"@type\":\"WebPage\",\"@id\":\"https:\/\/serrafm879.com.br\/serrafm\/2025\/06\/apac-emite-alerta-de-chuvas-para-tres-regioes-nesta-sexta-20\/\",\"url\":\"https:\/\/serrafm879.com.br\/serrafm\/2025\/06\/apac-emite-alerta-de-chuvas-para-tres-regioes-nesta-sexta-20\/\",\"name\":\"Apac emite alerta de chuvas para tr\u00eas regi\u00f5es nesta sexta (20) - Serra FM 87,9\",\"isPartOf\":{\"@id\":\"https:\/\/serrafm879.com.br\/serrafm\/#website\"},\"primaryImageOfPage\":{\"@id\":\"https:\/\/serrafm879.com.br\/serrafm\/2025\/06\/apac-emite-alerta-de-chuvas-para-tres-regioes-nesta-sexta-20\/#primaryimage\"},\"image\":{\"@id\":\"https:\/\/serrafm879.com.br\/serrafm\/2025\/06\/apac-emite-alerta-de-chuvas-para-tres-regioes-nesta-sexta-20\/#primaryimage\"},\"thumbnailUrl\":\"https:\/\/serrafm879.com.br\/serrafm\/wp-content\/uploads\/2022\/05\/chuvarecife.jpg\",\"datePublished\":\"2025-06-20T11:22:52+00:00\",\"author\":{\"@id\":\"https:\/\/serrafm879.com.br\/serrafm\/#\/schema\/person\/c028a197030ff8b1c03c68dfba4a787a\"},\"breadcrumb\":{\"@id\":\"https:\/\/serrafm879.com.br\/serrafm\/2025\/06\/apac-emite-alerta-de-chuvas-para-tres-regioes-nesta-sexta-20\/#breadcrumb\"},\"inLanguage\":\"pt-BR\",\"potentialAction\":[{\"@type\":\"ReadAction\",\"target\":[\"https:\/\/serrafm879.com.br\/serrafm\/2025\/06\/apac-emite-alerta-de-chuvas-para-tres-regioes-nesta-sexta-20\/\"]}]},{\"@type\":\"ImageObject\",\"inLanguage\":\"pt-BR\",\"@id\":\"https:\/\/serrafm879.com.br\/serrafm\/2025\/06\/apac-emite-alerta-de-chuvas-para-tres-regioes-nesta-sexta-20\/#primaryimage\",\"url\":\"https:\/\/serrafm879.com.br\/serrafm\/wp-content\/uploads\/2022\/05\/chuvarecife.jpg\",\"contentUrl\":\"https:\/\/serrafm879.com.br\/serrafm\/wp-content\/uploads\/2022\/05\/chuvarecife.jpg\",\"width\":302,\"height\":167},{\"@type\":\"BreadcrumbList\",\"@id\":\"https:\/\/serrafm879.com.br\/serrafm\/2025\/06\/apac-emite-alerta-de-chuvas-para-tres-regioes-nesta-sexta-20\/#breadcrumb\",\"itemListElement\":[{\"@type\":\"ListItem\",\"position\":1,\"name\":\"In\u00edcio\",\"item\":\"https:\/\/serrafm879.com.br\/serrafm\/\"},{\"@type\":\"ListItem\",\"position\":2,\"name\":\"Apac emite alerta de chuvas para tr\u00eas regi\u00f5es nesta sexta (20)\"}]},{\"@type\":\"WebSite\",\"@id\":\"https:\/\/serrafm879.com.br\/serrafm\/#website\",\"url\":\"https:\/\/serrafm879.com.br\/serrafm\/\",\"name\":\"Serra FM 87,9\",\"description\":\"O seu novo amor!\",\"potentialAction\":[{\"@type\":\"SearchAction\",\"target\":{\"@type\":\"EntryPoint\",\"urlTemplate\":\"https:\/\/serrafm879.com.br\/serrafm\/?s={search_term_string}\"},\"query-input\":{\"@type\":\"PropertyValueSpecification\",\"valueRequired\":true,\"valueName\":\"search_term_string\"}}],\"inLanguage\":\"pt-BR\"},{\"@type\":\"Person\",\"@id\":\"https:\/\/serrafm879.com.br\/serrafm\/#\/schema\/person\/c028a197030ff8b1c03c68dfba4a787a\",\"name\":\"serrafm87\",\"image\":{\"@type\":\"ImageObject\",\"inLanguage\":\"pt-BR\",\"@id\":\"https:\/\/serrafm879.com.br\/serrafm\/#\/schema\/person\/image\/\",\"url\":\"https:\/\/secure.gravatar.com\/avatar\/a743233f1112d34f48bb3dc9559b76eb930bab8b27175856cba6362608736235?s=96&d=mm&r=g\",\"contentUrl\":\"https:\/\/secure.gravatar.com\/avatar\/a743233f1112d34f48bb3dc9559b76eb930bab8b27175856cba6362608736235?s=96&d=mm&r=g\",\"caption\":\"serrafm87\"},\"sameAs\":[\"http:\/\/serrafm879.com.br\/\"],\"url\":\"https:\/\/serrafm879.com.br\/serrafm\/author\/serrafm87\/\"}]}<\/script>\n<!-- \/ Yoast SEO plugin. -->","yoast_head_json":{"title":"Apac emite alerta de chuvas para tr\u00eas regi\u00f5es nesta sexta (20) - Serra FM 87,9","robots":{"index":"index","follow":"follow","max-snippet":"max-snippet:-1","max-image-preview":"max-image-preview:large","max-video-preview":"max-video-preview:-1"},"canonical":"https:\/\/serrafm879.com.br\/serrafm\/2025\/06\/apac-emite-alerta-de-chuvas-para-tres-regioes-nesta-sexta-20\/","og_locale":"pt_BR","og_type":"article","og_title":"Apac emite alerta de chuvas para tr\u00eas regi\u00f5es nesta sexta (20) - Serra FM 87,9","og_description":"A Ag\u00eancia Pernambucana de \u00c1guas e Clima (Apac) emitiu, na quinta-feira (19), um novo alerta de chuvas para tr\u00eas regi\u00f5es de Pernambuco. O aviso vale ao longo da sexta-feira (20). Segundo a Apac, a previs\u00e3o \u00e9 de precipita\u00e7\u00f5es moderadas a fortes na Mata Sul. Agreste e Regi\u00e3o Metropolitana do Recife podem esperar chuvas moderadas e pontualmente fortes. De acordo com a ag\u00eancia, \u201co canal de umidade previsto desde ontem, quarta-feira, dia 18 de junho, deve continuar atuando em toda a faixa litor\u00e2nea de Pernambuco. Por isso, o aviso meteorol\u00f3gico ser\u00e1 renovado at\u00e9 a sexta-feira, 20 de junho\u201d. \u201cAs condi\u00e7\u00f5es de [&hellip;]","og_url":"https:\/\/serrafm879.com.br\/serrafm\/2025\/06\/apac-emite-alerta-de-chuvas-para-tres-regioes-nesta-sexta-20\/","og_site_name":"Serra FM 87,9","article_published_time":"2025-06-20T11:22:52+00:00","og_image":[{"width":302,"height":167,"url":"http:\/\/serrafm879.com.br\/serrafm\/wp-content\/uploads\/2022\/05\/chuvarecife.jpg","type":"image\/jpeg"}],"author":"serrafm87","twitter_card":"summary_large_image","twitter_misc":{"Escrito por":"serrafm87","Est. tempo de leitura":"2 minutos"},"schema":{"@context":"https:\/\/schema.org","@graph":[{"@type":"WebPage","@id":"https:\/\/serrafm879.com.br\/serrafm\/2025\/06\/apac-emite-alerta-de-chuvas-para-tres-regioes-nesta-sexta-20\/","url":"https:\/\/serrafm879.com.br\/serrafm\/2025\/06\/apac-emite-alerta-de-chuvas-para-tres-regioes-nesta-sexta-20\/","name":"Apac emite alerta de chuvas para tr\u00eas regi\u00f5es nesta sexta (20) - Serra FM 87,9","isPartOf":{"@id":"https:\/\/serrafm879.com.br\/serrafm\/#website"},"primaryImageOfPage":{"@id":"https:\/\/serrafm879.com.br\/serrafm\/2025\/06\/apac-emite-alerta-de-chuvas-para-tres-regioes-nesta-sexta-20\/#primaryimage"},"image":{"@id":"https:\/\/serrafm879.com.br\/serrafm\/2025\/06\/apac-emite-alerta-de-chuvas-para-tres-regioes-nesta-sexta-20\/#primaryimage"},"thumbnailUrl":"https:\/\/serrafm879.com.br\/serrafm\/wp-content\/uploads\/2022\/05\/chuvarecife.jpg","datePublished":"2025-06-20T11:22:52+00:00","author":{"@id":"https:\/\/serrafm879.com.br\/serrafm\/#\/schema\/person\/c028a197030ff8b1c03c68dfba4a787a"},"breadcrumb":{"@id":"https:\/\/serrafm879.com.br\/serrafm\/2025\/06\/apac-emite-alerta-de-chuvas-para-tres-regioes-nesta-sexta-20\/#breadcrumb"},"inLanguage":"pt-BR","potentialAction":[{"@type":"ReadAction","target":["https:\/\/serrafm879.com.br\/serrafm\/2025\/06\/apac-emite-alerta-de-chuvas-para-tres-regioes-nesta-sexta-20\/"]}]},{"@type":"ImageObject","inLanguage":"pt-BR","@id":"https:\/\/serrafm879.com.br\/serrafm\/2025\/06\/apac-emite-alerta-de-chuvas-para-tres-regioes-nesta-sexta-20\/#primaryimage","url":"https:\/\/serrafm879.com.br\/serrafm\/wp-content\/uploads\/2022\/05\/chuvarecife.jpg","contentUrl":"https:\/\/serrafm879.com.br\/serrafm\/wp-content\/uploads\/2022\/05\/chuvarecife.jpg","width":302,"height":167},{"@type":"BreadcrumbList","@id":"https:\/\/serrafm879.com.br\/serrafm\/2025\/06\/apac-emite-alerta-de-chuvas-para-tres-regioes-nesta-sexta-20\/#breadcrumb","itemListElement":[{"@type":"ListItem","position":1,"name":"In\u00edcio","item":"https:\/\/serrafm879.com.br\/serrafm\/"},{"@type":"ListItem","position":2,"name":"Apac emite alerta de chuvas para tr\u00eas regi\u00f5es nesta sexta (20)"}]},{"@type":"WebSite","@id":"https:\/\/serrafm879.com.br\/serrafm\/#website","url":"https:\/\/serrafm879.com.br\/serrafm\/","name":"Serra FM 87,9","description":"O seu novo amor!","potentialAction":[{"@type":"SearchAction","target":{"@type":"EntryPoint","urlTemplate":"https:\/\/serrafm879.com.br\/serrafm\/?s={search_term_string}"},"query-input":{"@type":"PropertyValueSpecification","valueRequired":true,"valueName":"search_term_string"}}],"inLanguage":"pt-BR"},{"@type":"Person","@id":"https:\/\/serrafm879.com.br\/serrafm\/#\/schema\/person\/c028a197030ff8b1c03c68dfba4a787a","name":"serrafm87","image":{"@type":"ImageObject","inLanguage":"pt-BR","@id":"https:\/\/serrafm879.com.br\/serrafm\/#\/schema\/person\/image\/","url":"https:\/\/secure.gravatar.com\/avatar\/a743233f1112d34f48bb3dc9559b76eb930bab8b27175856cba6362608736235?s=96&d=mm&r=g","contentUrl":"https:\/\/secure.gravatar.com\/avatar\/a743233f1112d34f48bb3dc9559b76eb930bab8b27175856cba6362608736235?s=96&d=mm&r=g","caption":"serrafm87"},"sameAs":["http:\/\/serrafm879.com.br\/"],"url":"https:\/\/serrafm879.com.br\/serrafm\/author\/serrafm87\/"}]}},"jetpack_featured_media_url":"https:\/\/serrafm879.com.br\/serrafm\/wp-content\/uploads\/2022\/05\/chuvarecife.jpg","jetpack_shortlink":"https:\/\/wp.me\/p7HyXg-5Yw","jetpack_sharing_enabled":true,"_links":{"self":[{"href":"https:\/\/serrafm879.com.br\/serrafm\/wp-json\/wp\/v2\/posts\/22972","targetHints":{"allow":["GET"]}}],"collection":[{"href":"https:\/\/serrafm879.com.br\/serrafm\/wp-json\/wp\/v2\/posts"}],"about":[{"href":"https:\/\/serrafm879.com.br\/serrafm\/wp-json\/wp\/v2\/types\/post"}],"author":[{"embeddable":true,"href":"https:\/\/serrafm879.com.br\/serrafm\/wp-json\/wp\/v2\/users\/2"}],"replies":[{"embeddable":true,"href":"https:\/\/serrafm879.com.br\/serrafm\/wp-json\/wp\/v2\/comments?post=22972"}],"version-history":[{"count":1,"href":"https:\/\/serrafm879.com.br\/serrafm\/wp-json\/wp\/v2\/posts\/22972\/revisions"}],"predecessor-version":[{"id":22973,"href":"https:\/\/serrafm879.com.br\/serrafm\/wp-json\/wp\/v2\/posts\/22972\/revisions\/22973"}],"wp:featuredmedia":[{"embeddable":true,"href":"https:\/\/serrafm879.com.br\/serrafm\/wp-json\/wp\/v2\/media\/9796"}],"wp:attachment":[{"href":"https:\/\/serrafm879.com.br\/serrafm\/wp-json\/wp\/v2\/media?parent=22972"}],"wp:term":[{"taxonomy":"category","embeddable":true,"href":"https:\/\/serrafm879.com.br\/serrafm\/wp-json\/wp\/v2\/categories?post=22972"},{"taxonomy":"post_tag","embeddable":true,"href":"https:\/\/serrafm879.com.br\/serrafm\/wp-json\/wp\/v2\/tags?post=22972"}],"curies":[{"name":"wp","href":"https:\/\/api.w.org\/{rel}","templated":true}]}}