{"id":23144,"date":"2025-07-04T16:26:22","date_gmt":"2025-07-04T19:26:22","guid":{"rendered":"https:\/\/serrafm879.com.br\/serrafm\/?p=23144"},"modified":"2025-07-04T16:26:22","modified_gmt":"2025-07-04T19:26:22","slug":"19a-expoagro-de-afogados-da-ingazeira-tem-programacao-impedivel-nesta-sexta-feira-04","status":"publish","type":"post","link":"https:\/\/serrafm879.com.br\/serrafm\/2025\/07\/19a-expoagro-de-afogados-da-ingazeira-tem-programacao-impedivel-nesta-sexta-feira-04\/","title":{"rendered":"19\u00aa Expoagro de Afogados da Ingazeira tem programa\u00e7\u00e3o imped\u00edvel nesta sexta-feira (04)"},"content":{"rendered":"<p>Nesta sexta-feira, 4 de julho, o terceiro dia da 19\u00aa Expoagro de Afogados da Ingazeira promete muita m\u00fasica e anima\u00e7\u00e3o para o p\u00fablico presente no Centro Desportivo Municipal. A programa\u00e7\u00e3o traz uma mistura de estilos e grandes nomes da m\u00fasica regional e nacional, garantindo uma noite inesquec\u00edvel no Sert\u00e3o do Paje\u00fa.<\/p>\n<p>A festa come\u00e7a com o show de Paulo Matric\u00f3, que apresenta um repert\u00f3rio sertanejo cheio de energia. Em seguida, a dupla Kleytom Motta &amp; Luanna sobe ao palco para animar ainda mais a multid\u00e3o com o melhor do forr\u00f3 e da m\u00fasica nordestina.<\/p>\n<p>Na sequ\u00eancia, o renomado cantor Jorge Vercillo traz sua voz e composi\u00e7\u00f5es marcantes, embalando o p\u00fablico com sua mistura de MPB e pop. Para encerrar a noite, o cantor Z\u00e9 Cantor assume o palco, garantindo muita anima\u00e7\u00e3o at\u00e9 o fim da festa.<\/p>\n<p>Confira a programa\u00e7\u00e3o completa desta sexta-feira, 4 de julho:<\/p>\n<p>\u2022 Paulo Matric\u00f3<\/p>\n<p>\u2022 Kleytom Motta &amp; Luanna<\/p>\n<p>\u2022 Jorge Vercillo<\/p>\n<p>\u2022 Z\u00e9 Cantor<\/p>\n","protected":false},"excerpt":{"rendered":"<p>Nesta sexta-feira, 4 de julho, o terceiro dia da 19\u00aa Expoagro de Afogados da Ingazeira promete muita m\u00fasica e anima\u00e7\u00e3o para o p\u00fablico presente no Centro Desportivo Municipal. A programa\u00e7\u00e3o traz uma mistura de estilos e grandes nomes da m\u00fasica regional e nacional, garantindo uma noite inesquec\u00edvel no Sert\u00e3o do Paje\u00fa. A festa come\u00e7a com o show de Paulo Matric\u00f3, que apresenta um repert\u00f3rio sertanejo cheio de energia. Em seguida, a dupla Kleytom Motta &amp; Luanna sobe ao palco para animar ainda mais a multid\u00e3o com o melhor do forr\u00f3 e da m\u00fasica nordestina. Na sequ\u00eancia, o renomado cantor Jorge [&hellip;]<\/p>\n","protected":false},"author":2,"featured_media":23145,"comment_status":"open","ping_status":"open","sticky":false,"template":"","format":"standard","meta":{"_jetpack_memberships_contains_paid_content":false,"footnotes":"","jetpack_publicize_message":"","jetpack_publicize_feature_enabled":true,"jetpack_social_post_already_shared":true,"jetpack_social_options":{"image_generator_settings":{"template":"highway","enabled":false},"version":2}},"categories":[2],"tags":[],"class_list":["post-23144","post","type-post","status-publish","format-standard","has-post-thumbnail","hentry","category-noticias"],"jetpack_publicize_connections":[],"yoast_head":"<!-- This site is optimized with the Yoast SEO plugin v24.7 - https:\/\/yoast.com\/wordpress\/plugins\/seo\/ -->\n<title>19\u00aa Expoagro de Afogados da Ingazeira tem programa\u00e7\u00e3o imped\u00edvel nesta sexta-feira (04) - Serra FM 87,9<\/title>\n<meta name=\"robots\" content=\"index, follow, max-snippet:-1, max-image-preview:large, max-video-preview:-1\" \/>\n<link rel=\"canonical\" href=\"https:\/\/serrafm879.com.br\/serrafm\/2025\/07\/19a-expoagro-de-afogados-da-ingazeira-tem-programacao-impedivel-nesta-sexta-feira-04\/\" \/>\n<meta property=\"og:locale\" content=\"pt_BR\" \/>\n<meta property=\"og:type\" content=\"article\" \/>\n<meta property=\"og:title\" content=\"19\u00aa Expoagro de Afogados da Ingazeira tem programa\u00e7\u00e3o imped\u00edvel nesta sexta-feira (04) - Serra FM 87,9\" \/>\n<meta property=\"og:description\" content=\"Nesta sexta-feira, 4 de julho, o terceiro dia da 19\u00aa Expoagro de Afogados da Ingazeira promete muita m\u00fasica e anima\u00e7\u00e3o para o p\u00fablico presente no Centro Desportivo Municipal. A programa\u00e7\u00e3o traz uma mistura de estilos e grandes nomes da m\u00fasica regional e nacional, garantindo uma noite inesquec\u00edvel no Sert\u00e3o do Paje\u00fa. A festa come\u00e7a com o show de Paulo Matric\u00f3, que apresenta um repert\u00f3rio sertanejo cheio de energia. Em seguida, a dupla Kleytom Motta &amp; Luanna sobe ao palco para animar ainda mais a multid\u00e3o com o melhor do forr\u00f3 e da m\u00fasica nordestina. Na sequ\u00eancia, o renomado cantor Jorge [&hellip;]\" \/>\n<meta property=\"og:url\" content=\"https:\/\/serrafm879.com.br\/serrafm\/2025\/07\/19a-expoagro-de-afogados-da-ingazeira-tem-programacao-impedivel-nesta-sexta-feira-04\/\" \/>\n<meta property=\"og:site_name\" content=\"Serra FM 87,9\" \/>\n<meta property=\"article:published_time\" content=\"2025-07-04T19:26:22+00:00\" \/>\n<meta property=\"og:image\" content=\"http:\/\/serrafm879.com.br\/serrafm\/wp-content\/uploads\/2025\/07\/Anotacao-2025-07-04-162603.png\" \/>\n\t<meta property=\"og:image:width\" content=\"193\" \/>\n\t<meta property=\"og:image:height\" content=\"239\" \/>\n\t<meta property=\"og:image:type\" content=\"image\/png\" \/>\n<meta name=\"author\" content=\"serrafm87\" \/>\n<meta name=\"twitter:card\" content=\"summary_large_image\" \/>\n<meta name=\"twitter:label1\" content=\"Escrito por\" \/>\n\t<meta name=\"twitter:data1\" content=\"serrafm87\" \/>\n\t<meta name=\"twitter:label2\" content=\"Est. tempo de leitura\" \/>\n\t<meta name=\"twitter:data2\" content=\"2 minutos\" \/>\n<script type=\"application\/ld+json\" class=\"yoast-schema-graph\">{\"@context\":\"https:\/\/schema.org\",\"@graph\":[{\"@type\":\"WebPage\",\"@id\":\"https:\/\/serrafm879.com.br\/serrafm\/2025\/07\/19a-expoagro-de-afogados-da-ingazeira-tem-programacao-impedivel-nesta-sexta-feira-04\/\",\"url\":\"https:\/\/serrafm879.com.br\/serrafm\/2025\/07\/19a-expoagro-de-afogados-da-ingazeira-tem-programacao-impedivel-nesta-sexta-feira-04\/\",\"name\":\"19\u00aa Expoagro de Afogados da Ingazeira tem programa\u00e7\u00e3o imped\u00edvel nesta sexta-feira (04) - Serra FM 87,9\",\"isPartOf\":{\"@id\":\"https:\/\/serrafm879.com.br\/serrafm\/#website\"},\"primaryImageOfPage\":{\"@id\":\"https:\/\/serrafm879.com.br\/serrafm\/2025\/07\/19a-expoagro-de-afogados-da-ingazeira-tem-programacao-impedivel-nesta-sexta-feira-04\/#primaryimage\"},\"image\":{\"@id\":\"https:\/\/serrafm879.com.br\/serrafm\/2025\/07\/19a-expoagro-de-afogados-da-ingazeira-tem-programacao-impedivel-nesta-sexta-feira-04\/#primaryimage\"},\"thumbnailUrl\":\"https:\/\/serrafm879.com.br\/serrafm\/wp-content\/uploads\/2025\/07\/Anotacao-2025-07-04-162603.png\",\"datePublished\":\"2025-07-04T19:26:22+00:00\",\"author\":{\"@id\":\"https:\/\/serrafm879.com.br\/serrafm\/#\/schema\/person\/c028a197030ff8b1c03c68dfba4a787a\"},\"breadcrumb\":{\"@id\":\"https:\/\/serrafm879.com.br\/serrafm\/2025\/07\/19a-expoagro-de-afogados-da-ingazeira-tem-programacao-impedivel-nesta-sexta-feira-04\/#breadcrumb\"},\"inLanguage\":\"pt-BR\",\"potentialAction\":[{\"@type\":\"ReadAction\",\"target\":[\"https:\/\/serrafm879.com.br\/serrafm\/2025\/07\/19a-expoagro-de-afogados-da-ingazeira-tem-programacao-impedivel-nesta-sexta-feira-04\/\"]}]},{\"@type\":\"ImageObject\",\"inLanguage\":\"pt-BR\",\"@id\":\"https:\/\/serrafm879.com.br\/serrafm\/2025\/07\/19a-expoagro-de-afogados-da-ingazeira-tem-programacao-impedivel-nesta-sexta-feira-04\/#primaryimage\",\"url\":\"https:\/\/serrafm879.com.br\/serrafm\/wp-content\/uploads\/2025\/07\/Anotacao-2025-07-04-162603.png\",\"contentUrl\":\"https:\/\/serrafm879.com.br\/serrafm\/wp-content\/uploads\/2025\/07\/Anotacao-2025-07-04-162603.png\",\"width\":193,\"height\":239},{\"@type\":\"BreadcrumbList\",\"@id\":\"https:\/\/serrafm879.com.br\/serrafm\/2025\/07\/19a-expoagro-de-afogados-da-ingazeira-tem-programacao-impedivel-nesta-sexta-feira-04\/#breadcrumb\",\"itemListElement\":[{\"@type\":\"ListItem\",\"position\":1,\"name\":\"In\u00edcio\",\"item\":\"https:\/\/serrafm879.com.br\/serrafm\/\"},{\"@type\":\"ListItem\",\"position\":2,\"name\":\"19\u00aa Expoagro de Afogados da Ingazeira tem programa\u00e7\u00e3o imped\u00edvel nesta sexta-feira (04)\"}]},{\"@type\":\"WebSite\",\"@id\":\"https:\/\/serrafm879.com.br\/serrafm\/#website\",\"url\":\"https:\/\/serrafm879.com.br\/serrafm\/\",\"name\":\"Serra FM 87,9\",\"description\":\"O seu novo amor!\",\"potentialAction\":[{\"@type\":\"SearchAction\",\"target\":{\"@type\":\"EntryPoint\",\"urlTemplate\":\"https:\/\/serrafm879.com.br\/serrafm\/?s={search_term_string}\"},\"query-input\":{\"@type\":\"PropertyValueSpecification\",\"valueRequired\":true,\"valueName\":\"search_term_string\"}}],\"inLanguage\":\"pt-BR\"},{\"@type\":\"Person\",\"@id\":\"https:\/\/serrafm879.com.br\/serrafm\/#\/schema\/person\/c028a197030ff8b1c03c68dfba4a787a\",\"name\":\"serrafm87\",\"image\":{\"@type\":\"ImageObject\",\"inLanguage\":\"pt-BR\",\"@id\":\"https:\/\/serrafm879.com.br\/serrafm\/#\/schema\/person\/image\/\",\"url\":\"https:\/\/secure.gravatar.com\/avatar\/a743233f1112d34f48bb3dc9559b76eb930bab8b27175856cba6362608736235?s=96&d=mm&r=g\",\"contentUrl\":\"https:\/\/secure.gravatar.com\/avatar\/a743233f1112d34f48bb3dc9559b76eb930bab8b27175856cba6362608736235?s=96&d=mm&r=g\",\"caption\":\"serrafm87\"},\"sameAs\":[\"http:\/\/serrafm879.com.br\/\"],\"url\":\"https:\/\/serrafm879.com.br\/serrafm\/author\/serrafm87\/\"}]}<\/script>\n<!-- \/ Yoast SEO plugin. -->","yoast_head_json":{"title":"19\u00aa Expoagro de Afogados da Ingazeira tem programa\u00e7\u00e3o imped\u00edvel nesta sexta-feira (04) - Serra FM 87,9","robots":{"index":"index","follow":"follow","max-snippet":"max-snippet:-1","max-image-preview":"max-image-preview:large","max-video-preview":"max-video-preview:-1"},"canonical":"https:\/\/serrafm879.com.br\/serrafm\/2025\/07\/19a-expoagro-de-afogados-da-ingazeira-tem-programacao-impedivel-nesta-sexta-feira-04\/","og_locale":"pt_BR","og_type":"article","og_title":"19\u00aa Expoagro de Afogados da Ingazeira tem programa\u00e7\u00e3o imped\u00edvel nesta sexta-feira (04) - Serra FM 87,9","og_description":"Nesta sexta-feira, 4 de julho, o terceiro dia da 19\u00aa Expoagro de Afogados da Ingazeira promete muita m\u00fasica e anima\u00e7\u00e3o para o p\u00fablico presente no Centro Desportivo Municipal. A programa\u00e7\u00e3o traz uma mistura de estilos e grandes nomes da m\u00fasica regional e nacional, garantindo uma noite inesquec\u00edvel no Sert\u00e3o do Paje\u00fa. A festa come\u00e7a com o show de Paulo Matric\u00f3, que apresenta um repert\u00f3rio sertanejo cheio de energia. Em seguida, a dupla Kleytom Motta &amp; Luanna sobe ao palco para animar ainda mais a multid\u00e3o com o melhor do forr\u00f3 e da m\u00fasica nordestina. Na sequ\u00eancia, o renomado cantor Jorge [&hellip;]","og_url":"https:\/\/serrafm879.com.br\/serrafm\/2025\/07\/19a-expoagro-de-afogados-da-ingazeira-tem-programacao-impedivel-nesta-sexta-feira-04\/","og_site_name":"Serra FM 87,9","article_published_time":"2025-07-04T19:26:22+00:00","og_image":[{"width":193,"height":239,"url":"http:\/\/serrafm879.com.br\/serrafm\/wp-content\/uploads\/2025\/07\/Anotacao-2025-07-04-162603.png","type":"image\/png"}],"author":"serrafm87","twitter_card":"summary_large_image","twitter_misc":{"Escrito por":"serrafm87","Est. tempo de leitura":"2 minutos"},"schema":{"@context":"https:\/\/schema.org","@graph":[{"@type":"WebPage","@id":"https:\/\/serrafm879.com.br\/serrafm\/2025\/07\/19a-expoagro-de-afogados-da-ingazeira-tem-programacao-impedivel-nesta-sexta-feira-04\/","url":"https:\/\/serrafm879.com.br\/serrafm\/2025\/07\/19a-expoagro-de-afogados-da-ingazeira-tem-programacao-impedivel-nesta-sexta-feira-04\/","name":"19\u00aa Expoagro de Afogados da Ingazeira tem programa\u00e7\u00e3o imped\u00edvel nesta sexta-feira (04) - Serra FM 87,9","isPartOf":{"@id":"https:\/\/serrafm879.com.br\/serrafm\/#website"},"primaryImageOfPage":{"@id":"https:\/\/serrafm879.com.br\/serrafm\/2025\/07\/19a-expoagro-de-afogados-da-ingazeira-tem-programacao-impedivel-nesta-sexta-feira-04\/#primaryimage"},"image":{"@id":"https:\/\/serrafm879.com.br\/serrafm\/2025\/07\/19a-expoagro-de-afogados-da-ingazeira-tem-programacao-impedivel-nesta-sexta-feira-04\/#primaryimage"},"thumbnailUrl":"https:\/\/serrafm879.com.br\/serrafm\/wp-content\/uploads\/2025\/07\/Anotacao-2025-07-04-162603.png","datePublished":"2025-07-04T19:26:22+00:00","author":{"@id":"https:\/\/serrafm879.com.br\/serrafm\/#\/schema\/person\/c028a197030ff8b1c03c68dfba4a787a"},"breadcrumb":{"@id":"https:\/\/serrafm879.com.br\/serrafm\/2025\/07\/19a-expoagro-de-afogados-da-ingazeira-tem-programacao-impedivel-nesta-sexta-feira-04\/#breadcrumb"},"inLanguage":"pt-BR","potentialAction":[{"@type":"ReadAction","target":["https:\/\/serrafm879.com.br\/serrafm\/2025\/07\/19a-expoagro-de-afogados-da-ingazeira-tem-programacao-impedivel-nesta-sexta-feira-04\/"]}]},{"@type":"ImageObject","inLanguage":"pt-BR","@id":"https:\/\/serrafm879.com.br\/serrafm\/2025\/07\/19a-expoagro-de-afogados-da-ingazeira-tem-programacao-impedivel-nesta-sexta-feira-04\/#primaryimage","url":"https:\/\/serrafm879.com.br\/serrafm\/wp-content\/uploads\/2025\/07\/Anotacao-2025-07-04-162603.png","contentUrl":"https:\/\/serrafm879.com.br\/serrafm\/wp-content\/uploads\/2025\/07\/Anotacao-2025-07-04-162603.png","width":193,"height":239},{"@type":"BreadcrumbList","@id":"https:\/\/serrafm879.com.br\/serrafm\/2025\/07\/19a-expoagro-de-afogados-da-ingazeira-tem-programacao-impedivel-nesta-sexta-feira-04\/#breadcrumb","itemListElement":[{"@type":"ListItem","position":1,"name":"In\u00edcio","item":"https:\/\/serrafm879.com.br\/serrafm\/"},{"@type":"ListItem","position":2,"name":"19\u00aa Expoagro de Afogados da Ingazeira tem programa\u00e7\u00e3o imped\u00edvel nesta sexta-feira (04)"}]},{"@type":"WebSite","@id":"https:\/\/serrafm879.com.br\/serrafm\/#website","url":"https:\/\/serrafm879.com.br\/serrafm\/","name":"Serra FM 87,9","description":"O seu novo amor!","potentialAction":[{"@type":"SearchAction","target":{"@type":"EntryPoint","urlTemplate":"https:\/\/serrafm879.com.br\/serrafm\/?s={search_term_string}"},"query-input":{"@type":"PropertyValueSpecification","valueRequired":true,"valueName":"search_term_string"}}],"inLanguage":"pt-BR"},{"@type":"Person","@id":"https:\/\/serrafm879.com.br\/serrafm\/#\/schema\/person\/c028a197030ff8b1c03c68dfba4a787a","name":"serrafm87","image":{"@type":"ImageObject","inLanguage":"pt-BR","@id":"https:\/\/serrafm879.com.br\/serrafm\/#\/schema\/person\/image\/","url":"https:\/\/secure.gravatar.com\/avatar\/a743233f1112d34f48bb3dc9559b76eb930bab8b27175856cba6362608736235?s=96&d=mm&r=g","contentUrl":"https:\/\/secure.gravatar.com\/avatar\/a743233f1112d34f48bb3dc9559b76eb930bab8b27175856cba6362608736235?s=96&d=mm&r=g","caption":"serrafm87"},"sameAs":["http:\/\/serrafm879.com.br\/"],"url":"https:\/\/serrafm879.com.br\/serrafm\/author\/serrafm87\/"}]}},"jetpack_featured_media_url":"https:\/\/serrafm879.com.br\/serrafm\/wp-content\/uploads\/2025\/07\/Anotacao-2025-07-04-162603.png","jetpack_shortlink":"https:\/\/wp.me\/p7HyXg-61i","jetpack_sharing_enabled":true,"_links":{"self":[{"href":"https:\/\/serrafm879.com.br\/serrafm\/wp-json\/wp\/v2\/posts\/23144","targetHints":{"allow":["GET"]}}],"collection":[{"href":"https:\/\/serrafm879.com.br\/serrafm\/wp-json\/wp\/v2\/posts"}],"about":[{"href":"https:\/\/serrafm879.com.br\/serrafm\/wp-json\/wp\/v2\/types\/post"}],"author":[{"embeddable":true,"href":"https:\/\/serrafm879.com.br\/serrafm\/wp-json\/wp\/v2\/users\/2"}],"replies":[{"embeddable":true,"href":"https:\/\/serrafm879.com.br\/serrafm\/wp-json\/wp\/v2\/comments?post=23144"}],"version-history":[{"count":1,"href":"https:\/\/serrafm879.com.br\/serrafm\/wp-json\/wp\/v2\/posts\/23144\/revisions"}],"predecessor-version":[{"id":23146,"href":"https:\/\/serrafm879.com.br\/serrafm\/wp-json\/wp\/v2\/posts\/23144\/revisions\/23146"}],"wp:featuredmedia":[{"embeddable":true,"href":"https:\/\/serrafm879.com.br\/serrafm\/wp-json\/wp\/v2\/media\/23145"}],"wp:attachment":[{"href":"https:\/\/serrafm879.com.br\/serrafm\/wp-json\/wp\/v2\/media?parent=23144"}],"wp:term":[{"taxonomy":"category","embeddable":true,"href":"https:\/\/serrafm879.com.br\/serrafm\/wp-json\/wp\/v2\/categories?post=23144"},{"taxonomy":"post_tag","embeddable":true,"href":"https:\/\/serrafm879.com.br\/serrafm\/wp-json\/wp\/v2\/tags?post=23144"}],"curies":[{"name":"wp","href":"https:\/\/api.w.org\/{rel}","templated":true}]}}