{"id":23147,"date":"2025-07-04T16:28:29","date_gmt":"2025-07-04T19:28:29","guid":{"rendered":"https:\/\/serrafm879.com.br\/serrafm\/?p=23147"},"modified":"2025-07-04T16:28:29","modified_gmt":"2025-07-04T19:28:29","slug":"implante-contraceptivo-sera-oferecido-pelo-sus","status":"publish","type":"post","link":"https:\/\/serrafm879.com.br\/serrafm\/2025\/07\/implante-contraceptivo-sera-oferecido-pelo-sus\/","title":{"rendered":"Implante contraceptivo ser\u00e1 oferecido pelo SUS"},"content":{"rendered":"<p>O implante contraceptivo popularmente conhecido como Implanon ser\u00e1 disponibilizado pelo Sistema \u00danico de Sa\u00fade (SUS). De acordo com o Minist\u00e9rio da Sa\u00fade, a op\u00e7\u00e3o \u00e9 considerada vantajosa em rela\u00e7\u00e3o aos demais contraceptivos em raz\u00e3o da longa dura\u00e7\u00e3o \u2014 age no organismo por at\u00e9 tr\u00eas anos \u2014 e alta efic\u00e1cia.<\/p>\n<p>Em nota, a pasta informou que a decis\u00e3o de incorporar o contraceptivo ao SUS foi apresentada na tarde desta quarta-feira (2) durante a reuni\u00e3o da Comiss\u00e3o Nacional de Incorpora\u00e7\u00e3o de Tecnologias no Sistema \u00danico de Sa\u00fade (Conitec).<\/p>\n<p>A portaria que oficializa a incorpora\u00e7\u00e3o do contraceptivo deve ser publicada nos pr\u00f3ximos dias. A partir da publica\u00e7\u00e3o, \u00e1reas t\u00e9cnicas da pasta ter\u00e3o 180 dias para efetivar a oferta, o que envolve etapas como atualiza\u00e7\u00e3o de diretrizes cl\u00ednicas, aquisi\u00e7\u00e3o e distribui\u00e7\u00e3o do insumo, capacita\u00e7\u00e3o e habilita\u00e7\u00e3o de profissionais, entre outras a\u00e7\u00f5es.<\/p>\n<p>A previs\u00e3o \u00e9 que o medicamento esteja dispon\u00edvel em unidades b\u00e1sicas de sa\u00fade (UBS) a partir do segundo semestre. O plano, segundo o minist\u00e9rio, \u00e9 distribuir 1,8 milh\u00e3o de dispositivos, sendo 500 mil ainda este ano. O investimento ser\u00e1 de cerca de R$ 245 milh\u00f5es \u2013 atualmente, a unidade do produto custa entre R$ 2 mil e R$ 4 mil.<\/p>\n<p>O implante subd\u00e9rmico Implanon \u00e9 um m\u00e9todo contraceptivo de longa dura\u00e7\u00e3o e alta efic\u00e1cia. Ele atua no organismo por at\u00e9 tr\u00eas anos, sem necessidade de interven\u00e7\u00f5es durante esse per\u00edodo. Ap\u00f3s o prazo, o implante deve ser retirado e, se houver interesse, um novo implante pode ser inserido imediatamente.<\/p>\n","protected":false},"excerpt":{"rendered":"<p>O implante contraceptivo popularmente conhecido como Implanon ser\u00e1 disponibilizado pelo Sistema \u00danico de Sa\u00fade (SUS). De acordo com o Minist\u00e9rio da Sa\u00fade, a op\u00e7\u00e3o \u00e9 considerada vantajosa em rela\u00e7\u00e3o aos demais contraceptivos em raz\u00e3o da longa dura\u00e7\u00e3o \u2014 age no organismo por at\u00e9 tr\u00eas anos \u2014 e alta efic\u00e1cia. Em nota, a pasta informou que a decis\u00e3o de incorporar o contraceptivo ao SUS foi apresentada na tarde desta quarta-feira (2) durante a reuni\u00e3o da Comiss\u00e3o Nacional de Incorpora\u00e7\u00e3o de Tecnologias no Sistema \u00danico de Sa\u00fade (Conitec). A portaria que oficializa a incorpora\u00e7\u00e3o do contraceptivo deve ser publicada nos pr\u00f3ximos dias. [&hellip;]<\/p>\n","protected":false},"author":2,"featured_media":23148,"comment_status":"open","ping_status":"open","sticky":false,"template":"","format":"standard","meta":{"_jetpack_memberships_contains_paid_content":false,"footnotes":"","jetpack_publicize_message":"","jetpack_publicize_feature_enabled":true,"jetpack_social_post_already_shared":true,"jetpack_social_options":{"image_generator_settings":{"template":"highway","enabled":false},"version":2}},"categories":[2],"tags":[],"class_list":["post-23147","post","type-post","status-publish","format-standard","has-post-thumbnail","hentry","category-noticias"],"jetpack_publicize_connections":[],"yoast_head":"<!-- This site is optimized with the Yoast SEO plugin v24.7 - https:\/\/yoast.com\/wordpress\/plugins\/seo\/ -->\n<title>Implante contraceptivo ser\u00e1 oferecido pelo SUS - Serra FM 87,9<\/title>\n<meta name=\"robots\" content=\"index, follow, max-snippet:-1, max-image-preview:large, max-video-preview:-1\" \/>\n<link rel=\"canonical\" href=\"https:\/\/serrafm879.com.br\/serrafm\/2025\/07\/implante-contraceptivo-sera-oferecido-pelo-sus\/\" \/>\n<meta property=\"og:locale\" content=\"pt_BR\" \/>\n<meta property=\"og:type\" content=\"article\" \/>\n<meta property=\"og:title\" content=\"Implante contraceptivo ser\u00e1 oferecido pelo SUS - Serra FM 87,9\" \/>\n<meta property=\"og:description\" content=\"O implante contraceptivo popularmente conhecido como Implanon ser\u00e1 disponibilizado pelo Sistema \u00danico de Sa\u00fade (SUS). De acordo com o Minist\u00e9rio da Sa\u00fade, a op\u00e7\u00e3o \u00e9 considerada vantajosa em rela\u00e7\u00e3o aos demais contraceptivos em raz\u00e3o da longa dura\u00e7\u00e3o \u2014 age no organismo por at\u00e9 tr\u00eas anos \u2014 e alta efic\u00e1cia. Em nota, a pasta informou que a decis\u00e3o de incorporar o contraceptivo ao SUS foi apresentada na tarde desta quarta-feira (2) durante a reuni\u00e3o da Comiss\u00e3o Nacional de Incorpora\u00e7\u00e3o de Tecnologias no Sistema \u00danico de Sa\u00fade (Conitec). A portaria que oficializa a incorpora\u00e7\u00e3o do contraceptivo deve ser publicada nos pr\u00f3ximos dias. [&hellip;]\" \/>\n<meta property=\"og:url\" content=\"https:\/\/serrafm879.com.br\/serrafm\/2025\/07\/implante-contraceptivo-sera-oferecido-pelo-sus\/\" \/>\n<meta property=\"og:site_name\" content=\"Serra FM 87,9\" \/>\n<meta property=\"article:published_time\" content=\"2025-07-04T19:28:29+00:00\" \/>\n<meta property=\"og:image\" content=\"http:\/\/serrafm879.com.br\/serrafm\/wp-content\/uploads\/2025\/07\/Anotacao-2025-07-04-162813.png\" \/>\n\t<meta property=\"og:image:width\" content=\"260\" \/>\n\t<meta property=\"og:image:height\" content=\"167\" \/>\n\t<meta property=\"og:image:type\" content=\"image\/png\" \/>\n<meta name=\"author\" content=\"serrafm87\" \/>\n<meta name=\"twitter:card\" content=\"summary_large_image\" \/>\n<meta name=\"twitter:label1\" content=\"Escrito por\" \/>\n\t<meta name=\"twitter:data1\" content=\"serrafm87\" \/>\n\t<meta name=\"twitter:label2\" content=\"Est. tempo de leitura\" \/>\n\t<meta name=\"twitter:data2\" content=\"2 minutos\" \/>\n<script type=\"application\/ld+json\" class=\"yoast-schema-graph\">{\"@context\":\"https:\/\/schema.org\",\"@graph\":[{\"@type\":\"WebPage\",\"@id\":\"https:\/\/serrafm879.com.br\/serrafm\/2025\/07\/implante-contraceptivo-sera-oferecido-pelo-sus\/\",\"url\":\"https:\/\/serrafm879.com.br\/serrafm\/2025\/07\/implante-contraceptivo-sera-oferecido-pelo-sus\/\",\"name\":\"Implante contraceptivo ser\u00e1 oferecido pelo SUS - Serra FM 87,9\",\"isPartOf\":{\"@id\":\"https:\/\/serrafm879.com.br\/serrafm\/#website\"},\"primaryImageOfPage\":{\"@id\":\"https:\/\/serrafm879.com.br\/serrafm\/2025\/07\/implante-contraceptivo-sera-oferecido-pelo-sus\/#primaryimage\"},\"image\":{\"@id\":\"https:\/\/serrafm879.com.br\/serrafm\/2025\/07\/implante-contraceptivo-sera-oferecido-pelo-sus\/#primaryimage\"},\"thumbnailUrl\":\"https:\/\/serrafm879.com.br\/serrafm\/wp-content\/uploads\/2025\/07\/Anotacao-2025-07-04-162813.png\",\"datePublished\":\"2025-07-04T19:28:29+00:00\",\"author\":{\"@id\":\"https:\/\/serrafm879.com.br\/serrafm\/#\/schema\/person\/c028a197030ff8b1c03c68dfba4a787a\"},\"breadcrumb\":{\"@id\":\"https:\/\/serrafm879.com.br\/serrafm\/2025\/07\/implante-contraceptivo-sera-oferecido-pelo-sus\/#breadcrumb\"},\"inLanguage\":\"pt-BR\",\"potentialAction\":[{\"@type\":\"ReadAction\",\"target\":[\"https:\/\/serrafm879.com.br\/serrafm\/2025\/07\/implante-contraceptivo-sera-oferecido-pelo-sus\/\"]}]},{\"@type\":\"ImageObject\",\"inLanguage\":\"pt-BR\",\"@id\":\"https:\/\/serrafm879.com.br\/serrafm\/2025\/07\/implante-contraceptivo-sera-oferecido-pelo-sus\/#primaryimage\",\"url\":\"https:\/\/serrafm879.com.br\/serrafm\/wp-content\/uploads\/2025\/07\/Anotacao-2025-07-04-162813.png\",\"contentUrl\":\"https:\/\/serrafm879.com.br\/serrafm\/wp-content\/uploads\/2025\/07\/Anotacao-2025-07-04-162813.png\",\"width\":260,\"height\":167},{\"@type\":\"BreadcrumbList\",\"@id\":\"https:\/\/serrafm879.com.br\/serrafm\/2025\/07\/implante-contraceptivo-sera-oferecido-pelo-sus\/#breadcrumb\",\"itemListElement\":[{\"@type\":\"ListItem\",\"position\":1,\"name\":\"In\u00edcio\",\"item\":\"https:\/\/serrafm879.com.br\/serrafm\/\"},{\"@type\":\"ListItem\",\"position\":2,\"name\":\"Implante contraceptivo ser\u00e1 oferecido pelo SUS\"}]},{\"@type\":\"WebSite\",\"@id\":\"https:\/\/serrafm879.com.br\/serrafm\/#website\",\"url\":\"https:\/\/serrafm879.com.br\/serrafm\/\",\"name\":\"Serra FM 87,9\",\"description\":\"O seu novo amor!\",\"potentialAction\":[{\"@type\":\"SearchAction\",\"target\":{\"@type\":\"EntryPoint\",\"urlTemplate\":\"https:\/\/serrafm879.com.br\/serrafm\/?s={search_term_string}\"},\"query-input\":{\"@type\":\"PropertyValueSpecification\",\"valueRequired\":true,\"valueName\":\"search_term_string\"}}],\"inLanguage\":\"pt-BR\"},{\"@type\":\"Person\",\"@id\":\"https:\/\/serrafm879.com.br\/serrafm\/#\/schema\/person\/c028a197030ff8b1c03c68dfba4a787a\",\"name\":\"serrafm87\",\"image\":{\"@type\":\"ImageObject\",\"inLanguage\":\"pt-BR\",\"@id\":\"https:\/\/serrafm879.com.br\/serrafm\/#\/schema\/person\/image\/\",\"url\":\"https:\/\/secure.gravatar.com\/avatar\/a743233f1112d34f48bb3dc9559b76eb930bab8b27175856cba6362608736235?s=96&d=mm&r=g\",\"contentUrl\":\"https:\/\/secure.gravatar.com\/avatar\/a743233f1112d34f48bb3dc9559b76eb930bab8b27175856cba6362608736235?s=96&d=mm&r=g\",\"caption\":\"serrafm87\"},\"sameAs\":[\"http:\/\/serrafm879.com.br\/\"],\"url\":\"https:\/\/serrafm879.com.br\/serrafm\/author\/serrafm87\/\"}]}<\/script>\n<!-- \/ Yoast SEO plugin. -->","yoast_head_json":{"title":"Implante contraceptivo ser\u00e1 oferecido pelo SUS - Serra FM 87,9","robots":{"index":"index","follow":"follow","max-snippet":"max-snippet:-1","max-image-preview":"max-image-preview:large","max-video-preview":"max-video-preview:-1"},"canonical":"https:\/\/serrafm879.com.br\/serrafm\/2025\/07\/implante-contraceptivo-sera-oferecido-pelo-sus\/","og_locale":"pt_BR","og_type":"article","og_title":"Implante contraceptivo ser\u00e1 oferecido pelo SUS - Serra FM 87,9","og_description":"O implante contraceptivo popularmente conhecido como Implanon ser\u00e1 disponibilizado pelo Sistema \u00danico de Sa\u00fade (SUS). De acordo com o Minist\u00e9rio da Sa\u00fade, a op\u00e7\u00e3o \u00e9 considerada vantajosa em rela\u00e7\u00e3o aos demais contraceptivos em raz\u00e3o da longa dura\u00e7\u00e3o \u2014 age no organismo por at\u00e9 tr\u00eas anos \u2014 e alta efic\u00e1cia. Em nota, a pasta informou que a decis\u00e3o de incorporar o contraceptivo ao SUS foi apresentada na tarde desta quarta-feira (2) durante a reuni\u00e3o da Comiss\u00e3o Nacional de Incorpora\u00e7\u00e3o de Tecnologias no Sistema \u00danico de Sa\u00fade (Conitec). A portaria que oficializa a incorpora\u00e7\u00e3o do contraceptivo deve ser publicada nos pr\u00f3ximos dias. [&hellip;]","og_url":"https:\/\/serrafm879.com.br\/serrafm\/2025\/07\/implante-contraceptivo-sera-oferecido-pelo-sus\/","og_site_name":"Serra FM 87,9","article_published_time":"2025-07-04T19:28:29+00:00","og_image":[{"width":260,"height":167,"url":"http:\/\/serrafm879.com.br\/serrafm\/wp-content\/uploads\/2025\/07\/Anotacao-2025-07-04-162813.png","type":"image\/png"}],"author":"serrafm87","twitter_card":"summary_large_image","twitter_misc":{"Escrito por":"serrafm87","Est. tempo de leitura":"2 minutos"},"schema":{"@context":"https:\/\/schema.org","@graph":[{"@type":"WebPage","@id":"https:\/\/serrafm879.com.br\/serrafm\/2025\/07\/implante-contraceptivo-sera-oferecido-pelo-sus\/","url":"https:\/\/serrafm879.com.br\/serrafm\/2025\/07\/implante-contraceptivo-sera-oferecido-pelo-sus\/","name":"Implante contraceptivo ser\u00e1 oferecido pelo SUS - Serra FM 87,9","isPartOf":{"@id":"https:\/\/serrafm879.com.br\/serrafm\/#website"},"primaryImageOfPage":{"@id":"https:\/\/serrafm879.com.br\/serrafm\/2025\/07\/implante-contraceptivo-sera-oferecido-pelo-sus\/#primaryimage"},"image":{"@id":"https:\/\/serrafm879.com.br\/serrafm\/2025\/07\/implante-contraceptivo-sera-oferecido-pelo-sus\/#primaryimage"},"thumbnailUrl":"https:\/\/serrafm879.com.br\/serrafm\/wp-content\/uploads\/2025\/07\/Anotacao-2025-07-04-162813.png","datePublished":"2025-07-04T19:28:29+00:00","author":{"@id":"https:\/\/serrafm879.com.br\/serrafm\/#\/schema\/person\/c028a197030ff8b1c03c68dfba4a787a"},"breadcrumb":{"@id":"https:\/\/serrafm879.com.br\/serrafm\/2025\/07\/implante-contraceptivo-sera-oferecido-pelo-sus\/#breadcrumb"},"inLanguage":"pt-BR","potentialAction":[{"@type":"ReadAction","target":["https:\/\/serrafm879.com.br\/serrafm\/2025\/07\/implante-contraceptivo-sera-oferecido-pelo-sus\/"]}]},{"@type":"ImageObject","inLanguage":"pt-BR","@id":"https:\/\/serrafm879.com.br\/serrafm\/2025\/07\/implante-contraceptivo-sera-oferecido-pelo-sus\/#primaryimage","url":"https:\/\/serrafm879.com.br\/serrafm\/wp-content\/uploads\/2025\/07\/Anotacao-2025-07-04-162813.png","contentUrl":"https:\/\/serrafm879.com.br\/serrafm\/wp-content\/uploads\/2025\/07\/Anotacao-2025-07-04-162813.png","width":260,"height":167},{"@type":"BreadcrumbList","@id":"https:\/\/serrafm879.com.br\/serrafm\/2025\/07\/implante-contraceptivo-sera-oferecido-pelo-sus\/#breadcrumb","itemListElement":[{"@type":"ListItem","position":1,"name":"In\u00edcio","item":"https:\/\/serrafm879.com.br\/serrafm\/"},{"@type":"ListItem","position":2,"name":"Implante contraceptivo ser\u00e1 oferecido pelo SUS"}]},{"@type":"WebSite","@id":"https:\/\/serrafm879.com.br\/serrafm\/#website","url":"https:\/\/serrafm879.com.br\/serrafm\/","name":"Serra FM 87,9","description":"O seu novo amor!","potentialAction":[{"@type":"SearchAction","target":{"@type":"EntryPoint","urlTemplate":"https:\/\/serrafm879.com.br\/serrafm\/?s={search_term_string}"},"query-input":{"@type":"PropertyValueSpecification","valueRequired":true,"valueName":"search_term_string"}}],"inLanguage":"pt-BR"},{"@type":"Person","@id":"https:\/\/serrafm879.com.br\/serrafm\/#\/schema\/person\/c028a197030ff8b1c03c68dfba4a787a","name":"serrafm87","image":{"@type":"ImageObject","inLanguage":"pt-BR","@id":"https:\/\/serrafm879.com.br\/serrafm\/#\/schema\/person\/image\/","url":"https:\/\/secure.gravatar.com\/avatar\/a743233f1112d34f48bb3dc9559b76eb930bab8b27175856cba6362608736235?s=96&d=mm&r=g","contentUrl":"https:\/\/secure.gravatar.com\/avatar\/a743233f1112d34f48bb3dc9559b76eb930bab8b27175856cba6362608736235?s=96&d=mm&r=g","caption":"serrafm87"},"sameAs":["http:\/\/serrafm879.com.br\/"],"url":"https:\/\/serrafm879.com.br\/serrafm\/author\/serrafm87\/"}]}},"jetpack_featured_media_url":"https:\/\/serrafm879.com.br\/serrafm\/wp-content\/uploads\/2025\/07\/Anotacao-2025-07-04-162813.png","jetpack_shortlink":"https:\/\/wp.me\/p7HyXg-61l","jetpack_sharing_enabled":true,"_links":{"self":[{"href":"https:\/\/serrafm879.com.br\/serrafm\/wp-json\/wp\/v2\/posts\/23147","targetHints":{"allow":["GET"]}}],"collection":[{"href":"https:\/\/serrafm879.com.br\/serrafm\/wp-json\/wp\/v2\/posts"}],"about":[{"href":"https:\/\/serrafm879.com.br\/serrafm\/wp-json\/wp\/v2\/types\/post"}],"author":[{"embeddable":true,"href":"https:\/\/serrafm879.com.br\/serrafm\/wp-json\/wp\/v2\/users\/2"}],"replies":[{"embeddable":true,"href":"https:\/\/serrafm879.com.br\/serrafm\/wp-json\/wp\/v2\/comments?post=23147"}],"version-history":[{"count":1,"href":"https:\/\/serrafm879.com.br\/serrafm\/wp-json\/wp\/v2\/posts\/23147\/revisions"}],"predecessor-version":[{"id":23149,"href":"https:\/\/serrafm879.com.br\/serrafm\/wp-json\/wp\/v2\/posts\/23147\/revisions\/23149"}],"wp:featuredmedia":[{"embeddable":true,"href":"https:\/\/serrafm879.com.br\/serrafm\/wp-json\/wp\/v2\/media\/23148"}],"wp:attachment":[{"href":"https:\/\/serrafm879.com.br\/serrafm\/wp-json\/wp\/v2\/media?parent=23147"}],"wp:term":[{"taxonomy":"category","embeddable":true,"href":"https:\/\/serrafm879.com.br\/serrafm\/wp-json\/wp\/v2\/categories?post=23147"},{"taxonomy":"post_tag","embeddable":true,"href":"https:\/\/serrafm879.com.br\/serrafm\/wp-json\/wp\/v2\/tags?post=23147"}],"curies":[{"name":"wp","href":"https:\/\/api.w.org\/{rel}","templated":true}]}}