{"id":23250,"date":"2025-07-09T11:31:40","date_gmt":"2025-07-09T14:31:40","guid":{"rendered":"https:\/\/serrafm879.com.br\/serrafm\/?p=23250"},"modified":"2025-07-09T11:31:40","modified_gmt":"2025-07-09T14:31:40","slug":"amupe-reune-prefeitos-para-discutir-pautas-municipalistas","status":"publish","type":"post","link":"https:\/\/serrafm879.com.br\/serrafm\/2025\/07\/amupe-reune-prefeitos-para-discutir-pautas-municipalistas\/","title":{"rendered":"Amupe re\u00fane prefeitos para discutir pautas municipalistas"},"content":{"rendered":"<p>A Associa\u00e7\u00e3o Municipalista de\u00a0Pernambuco\u00a0(Amupe) promoveu, nesta ter\u00e7a-feira (8), uma Assembleia Extraordin\u00e1ria de Prefeitos e Prefeitas em sua sede no Recife. O encontro foi uma oportunidade para os gestores municipais debaterem temas estrat\u00e9gicos que impactam diretamente a vida da popula\u00e7\u00e3o e conhecerem novas ferramentas de apoio \u00e0 gest\u00e3o.<\/p>\n<p>Durante a reuni\u00e3o, a secret\u00e1ria da Controladoria Geral do Estado (SCGE), \u00c9rika Lacet, apresentou o Conselho Estadual de Controle Interno de Pernambuco (Coneci\/PE) e destacou o papel da Escola de Controle Interno na capacita\u00e7\u00e3o de servidores municipais. J\u00e1 Hermano Toscano, gerente do Projeto Nacional da Nota Fiscal Eletr\u00f4nica da Receita Federal, detalhou a plataforma nacional de emiss\u00e3o de notas fiscais e refor\u00e7ou a import\u00e2ncia de os munic\u00edpios se adaptarem para reduzir o \u201cCusto Brasil\u201d.<\/p>\n<p>A pauta municipalista em Bras\u00edlia tamb\u00e9m foi abordada pelo consultor da Confedera\u00e7\u00e3o Nacional dos Munic\u00edpios (CNM), Eduardo Stranz, que atualizou os prefeitos sobre propostas como a PEC 66, que trata do novo parcelamento previdenci\u00e1rio e precat\u00f3rios; o PLP 141\/2024, que regula gastos com terceiriza\u00e7\u00f5es; al\u00e9m do aumento de 1,5% do FPM, altera\u00e7\u00f5es no imposto de renda e os pisos salariais das \u00e1reas de limpeza urbana e educa\u00e7\u00e3o b\u00e1sica, ainda sem fonte de custeio definida.<\/p>\n<p>A coordenadora regional do Unicef, Immaculada Pietro, apresentou o panorama do Selo Unicef em Pernambuco, ressaltando que 138 munic\u00edpios j\u00e1 integram a iniciativa e que as ades\u00f5es seguem abertas at\u00e9 o dia 23 de julho. A gerente t\u00e9cnica da Amupe, Ana Nery, tamb\u00e9m destacou o programa Amupe Capacita, que prev\u00ea mais de 100 cursos at\u00e9 o fim do ano para qualificar mais de 5 mil servidores municipais.<\/p>\n<p>Por fim, o presidente da Amupe, Marcelo Gouveia, apresentou o Portal da Ilumina\u00e7\u00e3o P\u00fablica, uma parceria com a Neoenergia para ajudar na gest\u00e3o das contas de energia das prefeituras, al\u00e9m de ter trazido informes sobre Seguran\u00e7a P\u00fablica e Compesa. \u201cAgrade\u00e7o a presen\u00e7a de todos os prefeitos e prefeitas que atenderam ao nosso chamado. A Amupe reafirma seu compromisso de estar sempre ao lado dos munic\u00edpios, buscando solu\u00e7\u00f5es e fortalecendo a gest\u00e3o p\u00fablica para melhorar a vida do povo pernambucano\u201d, declarou Marcelo Gouveia.<\/p>\n","protected":false},"excerpt":{"rendered":"<p>A Associa\u00e7\u00e3o Municipalista de\u00a0Pernambuco\u00a0(Amupe) promoveu, nesta ter\u00e7a-feira (8), uma Assembleia Extraordin\u00e1ria de Prefeitos e Prefeitas em sua sede no Recife. O encontro foi uma oportunidade para os gestores municipais debaterem temas estrat\u00e9gicos que impactam diretamente a vida da popula\u00e7\u00e3o e conhecerem novas ferramentas de apoio \u00e0 gest\u00e3o. Durante a reuni\u00e3o, a secret\u00e1ria da Controladoria Geral do Estado (SCGE), \u00c9rika Lacet, apresentou o Conselho Estadual de Controle Interno de Pernambuco (Coneci\/PE) e destacou o papel da Escola de Controle Interno na capacita\u00e7\u00e3o de servidores municipais. J\u00e1 Hermano Toscano, gerente do Projeto Nacional da Nota Fiscal Eletr\u00f4nica da Receita Federal, detalhou a [&hellip;]<\/p>\n","protected":false},"author":2,"featured_media":23251,"comment_status":"open","ping_status":"open","sticky":false,"template":"","format":"standard","meta":{"_jetpack_newsletter_access":"","_jetpack_dont_email_post_to_subs":false,"_jetpack_newsletter_tier_id":0,"_jetpack_memberships_contains_paywalled_content":false,"_jetpack_feature_clip_id":0,"_jetpack_memberships_contains_paid_content":false,"footnotes":"","jetpack_publicize_message":"","jetpack_publicize_feature_enabled":true,"jetpack_social_post_already_shared":true,"jetpack_social_options":{"image_generator_settings":{"template":"highway","default_image_id":0,"font":"","enabled":false},"version":2},"jetpack_post_was_ever_published":false},"categories":[2],"tags":[],"class_list":["post-23250","post","type-post","status-publish","format-standard","has-post-thumbnail","hentry","category-noticias"],"aioseo_notices":[],"aioseo_head":"\n\t\t<!-- All in One SEO 4.9.10 - aioseo.com -->\n\t<meta name=\"description\" content=\"A Associa\u00e7\u00e3o Municipalista de Pernambuco (Amupe) promoveu, nesta ter\u00e7a-feira (8), uma Assembleia Extraordin\u00e1ria de Prefeitos e Prefeitas em sua sede no Recife. O encontro foi uma oportunidade para os gestores municipais debaterem temas estrat\u00e9gicos que impactam diretamente a vida da popula\u00e7\u00e3o e conhecerem novas ferramentas de apoio \u00e0 gest\u00e3o. Durante a reuni\u00e3o, a secret\u00e1ria da Controladoria Geral\" \/>\n\t<meta name=\"robots\" content=\"max-image-preview:large\" \/>\n\t<meta name=\"author\" content=\"serrafm87\"\/>\n\t<link rel=\"canonical\" href=\"https:\/\/serrafm879.com.br\/serrafm\/2025\/07\/amupe-reune-prefeitos-para-discutir-pautas-municipalistas\/\" \/>\n\t<meta name=\"generator\" content=\"All in One SEO (AIOSEO) 4.9.10\" \/>\n\t\t<meta name=\"twitter:card\" content=\"summary_large_image\" \/>\n\t\t<meta name=\"twitter:title\" content=\"Amupe re\u00fane prefeitos para discutir pautas municipalistas - Serra FM 87,9\" \/>\n\t\t<meta name=\"twitter:description\" content=\"A Associa\u00e7\u00e3o Municipalista de Pernambuco (Amupe) promoveu, nesta ter\u00e7a-feira (8), uma Assembleia Extraordin\u00e1ria de Prefeitos e Prefeitas em sua sede no Recife. O encontro foi uma oportunidade para os gestores municipais debaterem temas estrat\u00e9gicos que impactam diretamente a vida da popula\u00e7\u00e3o e conhecerem novas ferramentas de apoio \u00e0 gest\u00e3o. Durante a reuni\u00e3o, a secret\u00e1ria da Controladoria Geral\" \/>\n\t\t<meta name=\"twitter:image\" content=\"https:\/\/serrafm879.com.br\/serrafm\/wp-content\/uploads\/2025\/07\/WhatsApp-Image-2025-07-08-at-15.28.03-2-1536x1152-1.jpeg\" \/>\n\t\t<script type=\"application\/ld+json\" class=\"aioseo-schema\">\n\t\t\t{\"@context\":\"https:\\\/\\\/schema.org\",\"@graph\":[{\"@type\":\"BlogPosting\",\"@id\":\"https:\\\/\\\/serrafm879.com.br\\\/serrafm\\\/2025\\\/07\\\/amupe-reune-prefeitos-para-discutir-pautas-municipalistas\\\/#blogposting\",\"name\":\"Amupe re\\u00fane prefeitos para discutir pautas municipalistas - Serra FM 87,9\",\"headline\":\"Amupe re\\u00fane prefeitos para discutir pautas municipalistas\",\"author\":{\"@id\":\"https:\\\/\\\/serrafm879.com.br\\\/serrafm\\\/author\\\/serrafm87\\\/#author\"},\"publisher\":{\"@id\":\"https:\\\/\\\/serrafm879.com.br\\\/serrafm\\\/#organization\"},\"image\":{\"@type\":\"ImageObject\",\"url\":\"https:\\\/\\\/serrafm879.com.br\\\/serrafm\\\/wp-content\\\/uploads\\\/2025\\\/07\\\/WhatsApp-Image-2025-07-08-at-15.28.03-2-1536x1152-1.jpeg\",\"width\":1536,\"height\":1152},\"datePublished\":\"2025-07-09T11:31:40-03:00\",\"dateModified\":\"2025-07-09T11:31:40-03:00\",\"inLanguage\":\"pt-BR\",\"mainEntityOfPage\":{\"@id\":\"https:\\\/\\\/serrafm879.com.br\\\/serrafm\\\/2025\\\/07\\\/amupe-reune-prefeitos-para-discutir-pautas-municipalistas\\\/#webpage\"},\"isPartOf\":{\"@id\":\"https:\\\/\\\/serrafm879.com.br\\\/serrafm\\\/2025\\\/07\\\/amupe-reune-prefeitos-para-discutir-pautas-municipalistas\\\/#webpage\"},\"articleSection\":\"Not\\u00edcias\"},{\"@type\":\"BreadcrumbList\",\"@id\":\"https:\\\/\\\/serrafm879.com.br\\\/serrafm\\\/2025\\\/07\\\/amupe-reune-prefeitos-para-discutir-pautas-municipalistas\\\/#breadcrumblist\",\"itemListElement\":[{\"@type\":\"ListItem\",\"@id\":\"https:\\\/\\\/serrafm879.com.br\\\/serrafm#listItem\",\"position\":1,\"name\":\"Home\",\"item\":\"https:\\\/\\\/serrafm879.com.br\\\/serrafm\",\"nextItem\":{\"@type\":\"ListItem\",\"@id\":\"https:\\\/\\\/serrafm879.com.br\\\/serrafm\\\/categoria\\\/noticias\\\/#listItem\",\"name\":\"Not\\u00edcias\"}},{\"@type\":\"ListItem\",\"@id\":\"https:\\\/\\\/serrafm879.com.br\\\/serrafm\\\/categoria\\\/noticias\\\/#listItem\",\"position\":2,\"name\":\"Not\\u00edcias\",\"item\":\"https:\\\/\\\/serrafm879.com.br\\\/serrafm\\\/categoria\\\/noticias\\\/\",\"nextItem\":{\"@type\":\"ListItem\",\"@id\":\"https:\\\/\\\/serrafm879.com.br\\\/serrafm\\\/2025\\\/07\\\/amupe-reune-prefeitos-para-discutir-pautas-municipalistas\\\/#listItem\",\"name\":\"Amupe re\\u00fane prefeitos para discutir pautas municipalistas\"},\"previousItem\":{\"@type\":\"ListItem\",\"@id\":\"https:\\\/\\\/serrafm879.com.br\\\/serrafm#listItem\",\"name\":\"Home\"}},{\"@type\":\"ListItem\",\"@id\":\"https:\\\/\\\/serrafm879.com.br\\\/serrafm\\\/2025\\\/07\\\/amupe-reune-prefeitos-para-discutir-pautas-municipalistas\\\/#listItem\",\"position\":3,\"name\":\"Amupe re\\u00fane prefeitos para discutir pautas municipalistas\",\"previousItem\":{\"@type\":\"ListItem\",\"@id\":\"https:\\\/\\\/serrafm879.com.br\\\/serrafm\\\/categoria\\\/noticias\\\/#listItem\",\"name\":\"Not\\u00edcias\"}}]},{\"@type\":\"Organization\",\"@id\":\"https:\\\/\\\/serrafm879.com.br\\\/serrafm\\\/#organization\",\"name\":\"Serra FM 87,9\",\"description\":\"O seu novo amor!\",\"url\":\"https:\\\/\\\/serrafm879.com.br\\\/serrafm\\\/\"},{\"@type\":\"Person\",\"@id\":\"https:\\\/\\\/serrafm879.com.br\\\/serrafm\\\/author\\\/serrafm87\\\/#author\",\"url\":\"https:\\\/\\\/serrafm879.com.br\\\/serrafm\\\/author\\\/serrafm87\\\/\",\"name\":\"serrafm87\",\"image\":{\"@type\":\"ImageObject\",\"@id\":\"https:\\\/\\\/serrafm879.com.br\\\/serrafm\\\/2025\\\/07\\\/amupe-reune-prefeitos-para-discutir-pautas-municipalistas\\\/#authorImage\",\"url\":\"https:\\\/\\\/secure.gravatar.com\\\/avatar\\\/a743233f1112d34f48bb3dc9559b76eb930bab8b27175856cba6362608736235?s=96&d=mm&r=g\",\"width\":96,\"height\":96,\"caption\":\"serrafm87\"}},{\"@type\":\"WebPage\",\"@id\":\"https:\\\/\\\/serrafm879.com.br\\\/serrafm\\\/2025\\\/07\\\/amupe-reune-prefeitos-para-discutir-pautas-municipalistas\\\/#webpage\",\"url\":\"https:\\\/\\\/serrafm879.com.br\\\/serrafm\\\/2025\\\/07\\\/amupe-reune-prefeitos-para-discutir-pautas-municipalistas\\\/\",\"name\":\"Amupe re\\u00fane prefeitos para discutir pautas municipalistas - Serra FM 87,9\",\"description\":\"A Associa\\u00e7\\u00e3o Municipalista de Pernambuco (Amupe) promoveu, nesta ter\\u00e7a-feira (8), uma Assembleia Extraordin\\u00e1ria de Prefeitos e Prefeitas em sua sede no Recife. O encontro foi uma oportunidade para os gestores municipais debaterem temas estrat\\u00e9gicos que impactam diretamente a vida da popula\\u00e7\\u00e3o e conhecerem novas ferramentas de apoio \\u00e0 gest\\u00e3o. Durante a reuni\\u00e3o, a secret\\u00e1ria da Controladoria Geral\",\"inLanguage\":\"pt-BR\",\"isPartOf\":{\"@id\":\"https:\\\/\\\/serrafm879.com.br\\\/serrafm\\\/#website\"},\"breadcrumb\":{\"@id\":\"https:\\\/\\\/serrafm879.com.br\\\/serrafm\\\/2025\\\/07\\\/amupe-reune-prefeitos-para-discutir-pautas-municipalistas\\\/#breadcrumblist\"},\"author\":{\"@id\":\"https:\\\/\\\/serrafm879.com.br\\\/serrafm\\\/author\\\/serrafm87\\\/#author\"},\"creator\":{\"@id\":\"https:\\\/\\\/serrafm879.com.br\\\/serrafm\\\/author\\\/serrafm87\\\/#author\"},\"image\":{\"@type\":\"ImageObject\",\"url\":\"https:\\\/\\\/serrafm879.com.br\\\/serrafm\\\/wp-content\\\/uploads\\\/2025\\\/07\\\/WhatsApp-Image-2025-07-08-at-15.28.03-2-1536x1152-1.jpeg\",\"@id\":\"https:\\\/\\\/serrafm879.com.br\\\/serrafm\\\/2025\\\/07\\\/amupe-reune-prefeitos-para-discutir-pautas-municipalistas\\\/#mainImage\",\"width\":1536,\"height\":1152},\"primaryImageOfPage\":{\"@id\":\"https:\\\/\\\/serrafm879.com.br\\\/serrafm\\\/2025\\\/07\\\/amupe-reune-prefeitos-para-discutir-pautas-municipalistas\\\/#mainImage\"},\"datePublished\":\"2025-07-09T11:31:40-03:00\",\"dateModified\":\"2025-07-09T11:31:40-03:00\"},{\"@type\":\"WebSite\",\"@id\":\"https:\\\/\\\/serrafm879.com.br\\\/serrafm\\\/#website\",\"url\":\"https:\\\/\\\/serrafm879.com.br\\\/serrafm\\\/\",\"name\":\"Serra FM 87,9\",\"description\":\"O seu novo amor!\",\"inLanguage\":\"pt-BR\",\"publisher\":{\"@id\":\"https:\\\/\\\/serrafm879.com.br\\\/serrafm\\\/#organization\"}}]}\n\t\t<\/script>\n\t\t<!-- All in One SEO -->\n\n","aioseo_head_json":{"title":"Amupe re\u00fane prefeitos para discutir pautas municipalistas - Serra FM 87,9","description":"A Associa\u00e7\u00e3o Municipalista de Pernambuco (Amupe) promoveu, nesta ter\u00e7a-feira (8), uma Assembleia Extraordin\u00e1ria de Prefeitos e Prefeitas em sua sede no Recife. O encontro foi uma oportunidade para os gestores municipais debaterem temas estrat\u00e9gicos que impactam diretamente a vida da popula\u00e7\u00e3o e conhecerem novas ferramentas de apoio \u00e0 gest\u00e3o. Durante a reuni\u00e3o, a secret\u00e1ria da Controladoria Geral","canonical_url":"https:\/\/serrafm879.com.br\/serrafm\/2025\/07\/amupe-reune-prefeitos-para-discutir-pautas-municipalistas\/","robots":"max-image-preview:large","keywords":"","webmasterTools":{"miscellaneous":""},"schema":{"@context":"https:\/\/schema.org","@graph":[{"@type":"BlogPosting","@id":"https:\/\/serrafm879.com.br\/serrafm\/2025\/07\/amupe-reune-prefeitos-para-discutir-pautas-municipalistas\/#blogposting","name":"Amupe re\u00fane prefeitos para discutir pautas municipalistas - Serra FM 87,9","headline":"Amupe re\u00fane prefeitos para discutir pautas municipalistas","author":{"@id":"https:\/\/serrafm879.com.br\/serrafm\/author\/serrafm87\/#author"},"publisher":{"@id":"https:\/\/serrafm879.com.br\/serrafm\/#organization"},"image":{"@type":"ImageObject","url":"https:\/\/serrafm879.com.br\/serrafm\/wp-content\/uploads\/2025\/07\/WhatsApp-Image-2025-07-08-at-15.28.03-2-1536x1152-1.jpeg","width":1536,"height":1152},"datePublished":"2025-07-09T11:31:40-03:00","dateModified":"2025-07-09T11:31:40-03:00","inLanguage":"pt-BR","mainEntityOfPage":{"@id":"https:\/\/serrafm879.com.br\/serrafm\/2025\/07\/amupe-reune-prefeitos-para-discutir-pautas-municipalistas\/#webpage"},"isPartOf":{"@id":"https:\/\/serrafm879.com.br\/serrafm\/2025\/07\/amupe-reune-prefeitos-para-discutir-pautas-municipalistas\/#webpage"},"articleSection":"Not\u00edcias"},{"@type":"BreadcrumbList","@id":"https:\/\/serrafm879.com.br\/serrafm\/2025\/07\/amupe-reune-prefeitos-para-discutir-pautas-municipalistas\/#breadcrumblist","itemListElement":[{"@type":"ListItem","@id":"https:\/\/serrafm879.com.br\/serrafm#listItem","position":1,"name":"Home","item":"https:\/\/serrafm879.com.br\/serrafm","nextItem":{"@type":"ListItem","@id":"https:\/\/serrafm879.com.br\/serrafm\/categoria\/noticias\/#listItem","name":"Not\u00edcias"}},{"@type":"ListItem","@id":"https:\/\/serrafm879.com.br\/serrafm\/categoria\/noticias\/#listItem","position":2,"name":"Not\u00edcias","item":"https:\/\/serrafm879.com.br\/serrafm\/categoria\/noticias\/","nextItem":{"@type":"ListItem","@id":"https:\/\/serrafm879.com.br\/serrafm\/2025\/07\/amupe-reune-prefeitos-para-discutir-pautas-municipalistas\/#listItem","name":"Amupe re\u00fane prefeitos para discutir pautas municipalistas"},"previousItem":{"@type":"ListItem","@id":"https:\/\/serrafm879.com.br\/serrafm#listItem","name":"Home"}},{"@type":"ListItem","@id":"https:\/\/serrafm879.com.br\/serrafm\/2025\/07\/amupe-reune-prefeitos-para-discutir-pautas-municipalistas\/#listItem","position":3,"name":"Amupe re\u00fane prefeitos para discutir pautas municipalistas","previousItem":{"@type":"ListItem","@id":"https:\/\/serrafm879.com.br\/serrafm\/categoria\/noticias\/#listItem","name":"Not\u00edcias"}}]},{"@type":"Organization","@id":"https:\/\/serrafm879.com.br\/serrafm\/#organization","name":"Serra FM 87,9","description":"O seu novo amor!","url":"https:\/\/serrafm879.com.br\/serrafm\/"},{"@type":"Person","@id":"https:\/\/serrafm879.com.br\/serrafm\/author\/serrafm87\/#author","url":"https:\/\/serrafm879.com.br\/serrafm\/author\/serrafm87\/","name":"serrafm87","image":{"@type":"ImageObject","@id":"https:\/\/serrafm879.com.br\/serrafm\/2025\/07\/amupe-reune-prefeitos-para-discutir-pautas-municipalistas\/#authorImage","url":"https:\/\/secure.gravatar.com\/avatar\/a743233f1112d34f48bb3dc9559b76eb930bab8b27175856cba6362608736235?s=96&d=mm&r=g","width":96,"height":96,"caption":"serrafm87"}},{"@type":"WebPage","@id":"https:\/\/serrafm879.com.br\/serrafm\/2025\/07\/amupe-reune-prefeitos-para-discutir-pautas-municipalistas\/#webpage","url":"https:\/\/serrafm879.com.br\/serrafm\/2025\/07\/amupe-reune-prefeitos-para-discutir-pautas-municipalistas\/","name":"Amupe re\u00fane prefeitos para discutir pautas municipalistas - Serra FM 87,9","description":"A Associa\u00e7\u00e3o Municipalista de Pernambuco (Amupe) promoveu, nesta ter\u00e7a-feira (8), uma Assembleia Extraordin\u00e1ria de Prefeitos e Prefeitas em sua sede no Recife. O encontro foi uma oportunidade para os gestores municipais debaterem temas estrat\u00e9gicos que impactam diretamente a vida da popula\u00e7\u00e3o e conhecerem novas ferramentas de apoio \u00e0 gest\u00e3o. Durante a reuni\u00e3o, a secret\u00e1ria da Controladoria Geral","inLanguage":"pt-BR","isPartOf":{"@id":"https:\/\/serrafm879.com.br\/serrafm\/#website"},"breadcrumb":{"@id":"https:\/\/serrafm879.com.br\/serrafm\/2025\/07\/amupe-reune-prefeitos-para-discutir-pautas-municipalistas\/#breadcrumblist"},"author":{"@id":"https:\/\/serrafm879.com.br\/serrafm\/author\/serrafm87\/#author"},"creator":{"@id":"https:\/\/serrafm879.com.br\/serrafm\/author\/serrafm87\/#author"},"image":{"@type":"ImageObject","url":"https:\/\/serrafm879.com.br\/serrafm\/wp-content\/uploads\/2025\/07\/WhatsApp-Image-2025-07-08-at-15.28.03-2-1536x1152-1.jpeg","@id":"https:\/\/serrafm879.com.br\/serrafm\/2025\/07\/amupe-reune-prefeitos-para-discutir-pautas-municipalistas\/#mainImage","width":1536,"height":1152},"primaryImageOfPage":{"@id":"https:\/\/serrafm879.com.br\/serrafm\/2025\/07\/amupe-reune-prefeitos-para-discutir-pautas-municipalistas\/#mainImage"},"datePublished":"2025-07-09T11:31:40-03:00","dateModified":"2025-07-09T11:31:40-03:00"},{"@type":"WebSite","@id":"https:\/\/serrafm879.com.br\/serrafm\/#website","url":"https:\/\/serrafm879.com.br\/serrafm\/","name":"Serra FM 87,9","description":"O seu novo amor!","inLanguage":"pt-BR","publisher":{"@id":"https:\/\/serrafm879.com.br\/serrafm\/#organization"}}]},"twitter:card":"summary_large_image","twitter:title":"Amupe re\u00fane prefeitos para discutir pautas municipalistas - Serra FM 87,9","twitter:description":"A Associa\u00e7\u00e3o Municipalista de Pernambuco (Amupe) promoveu, nesta ter\u00e7a-feira (8), uma Assembleia Extraordin\u00e1ria de Prefeitos e Prefeitas em sua sede no Recife. O encontro foi uma oportunidade para os gestores municipais debaterem temas estrat\u00e9gicos que impactam diretamente a vida da popula\u00e7\u00e3o e conhecerem novas ferramentas de apoio \u00e0 gest\u00e3o. Durante a reuni\u00e3o, a secret\u00e1ria da Controladoria Geral","twitter:image":"https:\/\/serrafm879.com.br\/serrafm\/wp-content\/uploads\/2025\/07\/WhatsApp-Image-2025-07-08-at-15.28.03-2-1536x1152-1.jpeg"},"aioseo_meta_data":{"post_id":"23250","title":null,"description":null,"keywords":null,"keyphrases":null,"primary_term":null,"canonical_url":null,"og_title":null,"og_description":null,"og_object_type":"default","og_image_type":"default","og_image_custom_url":null,"og_image_custom_fields":null,"og_image_url":null,"og_image_width":null,"og_image_height":null,"og_video":null,"og_custom_url":null,"og_article_section":null,"og_article_tags":null,"twitter_use_og":false,"twitter_card":"default","twitter_image_type":"default","twitter_image_custom_url":null,"twitter_image_custom_fields":null,"twitter_image_url":null,"twitter_title":null,"twitter_description":null,"schema_type":"default","schema_type_options":null,"schema":{"blockGraphs":[],"customGraphs":[],"default":{"data":{"Article":[],"Course":[],"Dataset":[],"FAQPage":[],"Movie":[],"Person":[],"Product":[],"ProductReview":[],"Car":[],"Recipe":[],"Service":[],"SoftwareApplication":[],"WebPage":[]},"graphName":"","isEnabled":true},"graphs":[]},"pillar_content":false,"robots_default":true,"robots_noindex":false,"robots_noarchive":false,"robots_nosnippet":false,"robots_nofollow":false,"robots_noimageindex":false,"robots_noodp":false,"robots_notranslate":false,"robots_max_snippet":null,"robots_max_videopreview":null,"robots_max_imagepreview":"large","priority":null,"frequency":null,"local_seo":null,"limit_modified_date":false,"ai":null,"breadcrumb_settings":null,"seo_analyzer_scan_date":null,"created":"2026-07-21 16:10:45","updated":"2026-07-21 16:10:45"},"aioseo_breadcrumb":"<div class=\"aioseo-breadcrumbs\"><span class=\"aioseo-breadcrumb\">\n\t\t\t<a href=\"https:\/\/serrafm879.com.br\/serrafm\" title=\"Home\">Home<\/a>\n\t\t<\/span><span class=\"aioseo-breadcrumb-separator\">&raquo;<\/span><span class=\"aioseo-breadcrumb\">\n\t\t\t<a href=\"https:\/\/serrafm879.com.br\/serrafm\/categoria\/noticias\/\" title=\"Not\u00edcias\">Not\u00edcias<\/a>\n\t\t<\/span><span class=\"aioseo-breadcrumb-separator\">&raquo;<\/span><span class=\"aioseo-breadcrumb\">\n\t\t\tAmupe re\u00fane prefeitos para discutir pautas municipalistas\n\t\t<\/span><\/div>","aioseo_breadcrumb_json":[{"label":"Home","link":"https:\/\/serrafm879.com.br\/serrafm"},{"label":"Not\u00edcias","link":"https:\/\/serrafm879.com.br\/serrafm\/categoria\/noticias\/"},{"label":"Amupe re\u00fane prefeitos para discutir pautas municipalistas","link":"https:\/\/serrafm879.com.br\/serrafm\/2025\/07\/amupe-reune-prefeitos-para-discutir-pautas-municipalistas\/"}],"jetpack_publicize_connections":[],"jetpack_featured_media_url":"https:\/\/serrafm879.com.br\/serrafm\/wp-content\/uploads\/2025\/07\/WhatsApp-Image-2025-07-08-at-15.28.03-2-1536x1152-1.jpeg","jetpack_shortlink":"https:\/\/wp.me\/p7HyXg-630","jetpack_sharing_enabled":true,"_links":{"self":[{"href":"https:\/\/serrafm879.com.br\/serrafm\/wp-json\/wp\/v2\/posts\/23250","targetHints":{"allow":["GET"]}}],"collection":[{"href":"https:\/\/serrafm879.com.br\/serrafm\/wp-json\/wp\/v2\/posts"}],"about":[{"href":"https:\/\/serrafm879.com.br\/serrafm\/wp-json\/wp\/v2\/types\/post"}],"author":[{"embeddable":true,"href":"https:\/\/serrafm879.com.br\/serrafm\/wp-json\/wp\/v2\/users\/2"}],"replies":[{"embeddable":true,"href":"https:\/\/serrafm879.com.br\/serrafm\/wp-json\/wp\/v2\/comments?post=23250"}],"version-history":[{"count":1,"href":"https:\/\/serrafm879.com.br\/serrafm\/wp-json\/wp\/v2\/posts\/23250\/revisions"}],"predecessor-version":[{"id":23252,"href":"https:\/\/serrafm879.com.br\/serrafm\/wp-json\/wp\/v2\/posts\/23250\/revisions\/23252"}],"wp:featuredmedia":[{"embeddable":true,"href":"https:\/\/serrafm879.com.br\/serrafm\/wp-json\/wp\/v2\/media\/23251"}],"wp:attachment":[{"href":"https:\/\/serrafm879.com.br\/serrafm\/wp-json\/wp\/v2\/media?parent=23250"}],"wp:term":[{"taxonomy":"category","embeddable":true,"href":"https:\/\/serrafm879.com.br\/serrafm\/wp-json\/wp\/v2\/categories?post=23250"},{"taxonomy":"post_tag","embeddable":true,"href":"https:\/\/serrafm879.com.br\/serrafm\/wp-json\/wp\/v2\/tags?post=23250"}],"curies":[{"name":"wp","href":"https:\/\/api.w.org\/{rel}","templated":true}]}}