{"id":23258,"date":"2025-07-09T11:46:03","date_gmt":"2025-07-09T14:46:03","guid":{"rendered":"https:\/\/serrafm879.com.br\/serrafm\/?p=23258"},"modified":"2025-07-09T11:46:03","modified_gmt":"2025-07-09T14:46:03","slug":"25a-exposerra-divulga-programacao-oficial-de-shows-e-palestras-durante-evento-de-lancamento","status":"publish","type":"post","link":"https:\/\/serrafm879.com.br\/serrafm\/2025\/07\/25a-exposerra-divulga-programacao-oficial-de-shows-e-palestras-durante-evento-de-lancamento\/","title":{"rendered":"25\u00aa ExpoSerra divulga programa\u00e7\u00e3o oficial de shows e palestras durante evento de lan\u00e7amento"},"content":{"rendered":"<div dir=\"auto\">Na noite dessa ter\u00e7a-feira, 8 de julho, a CDL Serra Talhada realizou o evento oficial de lan\u00e7amento da 25\u00aa ExpoSerra \u2013 Feira da Ind\u00fastria, Com\u00e9rcio e Servi\u00e7os de Serra Talhada, momento que marcou a apresenta\u00e7\u00e3o da programa\u00e7\u00e3o cultural e das palestras que far\u00e3o parte da edi\u00e7\u00e3o comemorativa dos 25 anos do evento.<\/div>\n<div dir=\"auto\"><\/div>\n<div dir=\"auto\">A feira acontecer\u00e1 de 17 a 19 de julho, no Armaz\u00e9m Social do Sesc, e contar\u00e1 com uma programa\u00e7\u00e3o diversificada voltada tanto para o p\u00fablico empresarial quanto para o entretenimento dos visitantes.<\/div>\n<div dir=\"auto\"><\/div>\n<div dir=\"auto\">*Atra\u00e7\u00f5es do Palco Cultural*<\/div>\n<div dir=\"auto\">\u00a0\u2022 17 de julho (quarta-feira)<\/div>\n<div dir=\"auto\"><img decoding=\"async\" class=\"an1\" draggable=\"false\" src=\"https:\/\/fonts.gstatic.com\/s\/e\/notoemoji\/16.0\/25aa\/32.png\" alt=\"\u25aa\" data-emoji=\"\u25aa\" aria-label=\"\u25aa\" \/>\u00a019h \u2013 Cerim\u00f4nia de Abertura<\/div>\n<div dir=\"auto\"><img decoding=\"async\" class=\"an1\" draggable=\"false\" src=\"https:\/\/fonts.gstatic.com\/s\/e\/notoemoji\/16.0\/25aa\/32.png\" alt=\"\u25aa\" data-emoji=\"\u25aa\" aria-label=\"\u25aa\" \/>\u00a021h \u2013 Banda Vizzu<\/div>\n<div dir=\"auto\">\u00a0\u2022 18 de julho (quinta-feira)<\/div>\n<div dir=\"auto\"><img decoding=\"async\" class=\"an1\" draggable=\"false\" src=\"https:\/\/fonts.gstatic.com\/s\/e\/notoemoji\/16.0\/25aa\/32.png\" alt=\"\u25aa\" data-emoji=\"\u25aa\" aria-label=\"\u25aa\" \/>\u00a020h \u2013 Raphael Moura<\/div>\n<div dir=\"auto\"><img decoding=\"async\" class=\"an1\" draggable=\"false\" src=\"https:\/\/fonts.gstatic.com\/s\/e\/notoemoji\/16.0\/25aa\/32.png\" alt=\"\u25aa\" data-emoji=\"\u25aa\" aria-label=\"\u25aa\" \/>\u00a022h \u2013 Renan da Resenha<\/div>\n<div dir=\"auto\">\u00a0\u2022 19 de julho (sexta-feira)<\/div>\n<div dir=\"auto\"><img decoding=\"async\" class=\"an1\" draggable=\"false\" src=\"https:\/\/fonts.gstatic.com\/s\/e\/notoemoji\/16.0\/25aa\/32.png\" alt=\"\u25aa\" data-emoji=\"\u25aa\" aria-label=\"\u25aa\" \/>\u00a020h \u2013 Pajeuzeiros<\/div>\n<div dir=\"auto\"><img decoding=\"async\" class=\"an1\" draggable=\"false\" src=\"https:\/\/fonts.gstatic.com\/s\/e\/notoemoji\/16.0\/25aa\/32.png\" alt=\"\u25aa\" data-emoji=\"\u25aa\" aria-label=\"\u25aa\" \/>\u00a022h \u2013 O Disco<\/div>\n<div dir=\"auto\"><\/div>\n<div dir=\"auto\">*Palestras no Audit\u00f3rio ExpoSerra*<\/div>\n<div dir=\"auto\"><\/div>\n<div dir=\"auto\">A programa\u00e7\u00e3o de capacita\u00e7\u00e3o tamb\u00e9m foi destaque no an\u00fancio. O Audit\u00f3rio de Palestras da ExpoSerra receber\u00e1 nomes de peso nas \u00e1reas de vendas, marketing, atendimento e empreendedorismo digital:<\/div>\n<div dir=\"auto\"><\/div>\n<div dir=\"auto\">*18 de julho (sexta-feira)*<\/div>\n<div dir=\"auto\"><\/div>\n<div dir=\"auto\">&#8211; 19h \u2013 Palestra: Combinando as ferramentas digitais para atrair clientes e vender mais<\/div>\n<div dir=\"auto\">Palestrante: Steven Albuquerque &#8211; Mestre em marketing, com mais de 25 anos de experi\u00eancia e mais de 900 empresas atendidas.<\/div>\n<div dir=\"auto\"><\/div>\n<div dir=\"auto\">&#8211; 20h \u2013 Palestra: Atendimento que faz a diferen\u00e7a<\/div>\n<div dir=\"auto\">Palestrante: Rosana Tunu &#8211; Mentora e treinadora em intelig\u00eancia emocional, fundadora da Evoluindo Pessoas.<\/div>\n<div dir=\"auto\"><\/div>\n<div dir=\"auto\">*19 de julho (s\u00e1bado)*<\/div>\n<div dir=\"auto\"><\/div>\n<div dir=\"auto\">&#8211; 19h \u2013 Palestra: Maneje as obje\u00e7\u00f5es \u2013 dicas pr\u00e1ticas para lidar com \u201ct\u00e1 caro\u201d, \u201cvou pensar\u201d e outros bloqueios<\/div>\n<div dir=\"auto\">Palestrante: Paulo Neves: Empres\u00e1rio, consultor, mentor e especialista comercial.<\/div>\n<div dir=\"auto\"><\/div>\n<div dir=\"auto\">&#8211; 20h \u2013 Palestra: Ofertas irresist\u00edveis \u2013 como transformar visualiza\u00e7\u00f5es em compras no mundo digital<\/div>\n<div dir=\"auto\">Palestrante: Heleno Jos\u00e9: Fundador da GNEO, consultor e palestrante.<\/div>\n<div dir=\"auto\"><\/div>\n<div dir=\"auto\">\u201cS\u00e3o 25 anos de hist\u00f3ria, dessa feira que j\u00e1 se consolidou como uma vitrine de neg\u00f3cios. \u00c9 uma honra fazer parte desta hist\u00f3ria, celebrando um novo tempo de oportunidades. A ExpoSerra \u00e9 de todos n\u00f3s. E estamos prontos para viver mais uma edi\u00e7\u00e3o hist\u00f3rica, com inova\u00e7\u00e3o, neg\u00f3cios e muitas conquistas\u201d, afirmou o presidente da CDL, Maninho Ferreira, durante o evento.<\/div>\n<div dir=\"auto\"><\/div>\n<div dir=\"auto\"><img loading=\"lazy\" decoding=\"async\" data-attachment-id=\"23260\" data-permalink=\"https:\/\/serrafm879.com.br\/serrafm\/2025\/07\/25a-exposerra-divulga-programacao-oficial-de-shows-e-palestras-durante-evento-de-lancamento\/img-20250709-wa0005\/\" data-orig-file=\"https:\/\/serrafm879.com.br\/serrafm\/wp-content\/uploads\/2025\/07\/IMG-20250709-WA0005.jpg\" data-orig-size=\"1024,1280\" data-comments-opened=\"1\" data-image-meta=\"{&quot;aperture&quot;:&quot;0&quot;,&quot;credit&quot;:&quot;&quot;,&quot;camera&quot;:&quot;&quot;,&quot;caption&quot;:&quot;&quot;,&quot;created_timestamp&quot;:&quot;0&quot;,&quot;copyright&quot;:&quot;&quot;,&quot;focal_length&quot;:&quot;0&quot;,&quot;iso&quot;:&quot;0&quot;,&quot;shutter_speed&quot;:&quot;0&quot;,&quot;title&quot;:&quot;&quot;,&quot;orientation&quot;:&quot;0&quot;}\" data-image-title=\"IMG-20250709-WA0005\" data-image-description=\"\" data-image-caption=\"\" data-large-file=\"https:\/\/serrafm879.com.br\/serrafm\/wp-content\/uploads\/2025\/07\/IMG-20250709-WA0005-819x1024.jpg\" class=\"size-medium wp-image-23260 aligncenter\" src=\"http:\/\/serrafm879.com.br\/serrafm\/wp-content\/uploads\/2025\/07\/IMG-20250709-WA0005-240x300.jpg\" alt=\"\" width=\"240\" height=\"300\" srcset=\"https:\/\/serrafm879.com.br\/serrafm\/wp-content\/uploads\/2025\/07\/IMG-20250709-WA0005-240x300.jpg 240w, https:\/\/serrafm879.com.br\/serrafm\/wp-content\/uploads\/2025\/07\/IMG-20250709-WA0005-819x1024.jpg 819w, https:\/\/serrafm879.com.br\/serrafm\/wp-content\/uploads\/2025\/07\/IMG-20250709-WA0005-768x960.jpg 768w, https:\/\/serrafm879.com.br\/serrafm\/wp-content\/uploads\/2025\/07\/IMG-20250709-WA0005.jpg 1024w\" sizes=\"auto, (max-width: 240px) 100vw, 240px\" \/><\/div>\n","protected":false},"excerpt":{"rendered":"<p>Na noite dessa ter\u00e7a-feira, 8 de julho, a CDL Serra Talhada realizou o evento oficial de lan\u00e7amento da 25\u00aa ExpoSerra \u2013 Feira da Ind\u00fastria, Com\u00e9rcio e Servi\u00e7os de Serra Talhada, momento que marcou a apresenta\u00e7\u00e3o da programa\u00e7\u00e3o cultural e das palestras que far\u00e3o parte da edi\u00e7\u00e3o comemorativa dos 25 anos do evento. A feira acontecer\u00e1 de 17 a 19 de julho, no Armaz\u00e9m Social do Sesc, e contar\u00e1 com uma programa\u00e7\u00e3o diversificada voltada tanto para o p\u00fablico empresarial quanto para o entretenimento dos visitantes. *Atra\u00e7\u00f5es do Palco Cultural* \u00a0\u2022 17 de julho (quarta-feira) \u00a019h \u2013 Cerim\u00f4nia de Abertura \u00a021h \u2013 [&hellip;]<\/p>\n","protected":false},"author":2,"featured_media":23259,"comment_status":"open","ping_status":"open","sticky":false,"template":"","format":"standard","meta":{"_jetpack_newsletter_access":"","_jetpack_dont_email_post_to_subs":false,"_jetpack_newsletter_tier_id":0,"_jetpack_memberships_contains_paywalled_content":false,"_jetpack_feature_clip_id":0,"_jetpack_memberships_contains_paid_content":false,"footnotes":"","jetpack_publicize_message":"","jetpack_publicize_feature_enabled":true,"jetpack_social_post_already_shared":true,"jetpack_social_options":{"image_generator_settings":{"template":"highway","default_image_id":0,"font":"","enabled":false},"version":2},"jetpack_post_was_ever_published":false},"categories":[2],"tags":[],"class_list":["post-23258","post","type-post","status-publish","format-standard","has-post-thumbnail","hentry","category-noticias"],"aioseo_notices":[],"aioseo_head":"\n\t\t<!-- All in One SEO 4.9.10 - aioseo.com -->\n\t<meta name=\"description\" content=\"Na noite dessa ter\u00e7a-feira, 8 de julho, a CDL Serra Talhada realizou o evento oficial de lan\u00e7amento da 25\u00aa ExpoSerra \u2013 Feira da Ind\u00fastria, Com\u00e9rcio e Servi\u00e7os de Serra Talhada, momento que marcou a apresenta\u00e7\u00e3o da programa\u00e7\u00e3o cultural e das palestras que far\u00e3o parte da edi\u00e7\u00e3o comemorativa dos 25 anos do evento. A feira acontecer\u00e1\" \/>\n\t<meta name=\"robots\" content=\"max-image-preview:large\" \/>\n\t<meta name=\"author\" content=\"serrafm87\"\/>\n\t<link rel=\"canonical\" href=\"https:\/\/serrafm879.com.br\/serrafm\/2025\/07\/25a-exposerra-divulga-programacao-oficial-de-shows-e-palestras-durante-evento-de-lancamento\/\" \/>\n\t<meta name=\"generator\" content=\"All in One SEO (AIOSEO) 4.9.10\" \/>\n\t\t<meta name=\"twitter:card\" content=\"summary_large_image\" \/>\n\t\t<meta name=\"twitter:title\" content=\"25\u00aa ExpoSerra divulga programa\u00e7\u00e3o oficial de shows e palestras durante evento de lan\u00e7amento - Serra FM 87,9\" \/>\n\t\t<meta name=\"twitter:description\" content=\"Na noite dessa ter\u00e7a-feira, 8 de julho, a CDL Serra Talhada realizou o evento oficial de lan\u00e7amento da 25\u00aa ExpoSerra \u2013 Feira da Ind\u00fastria, Com\u00e9rcio e Servi\u00e7os de Serra Talhada, momento que marcou a apresenta\u00e7\u00e3o da programa\u00e7\u00e3o cultural e das palestras que far\u00e3o parte da edi\u00e7\u00e3o comemorativa dos 25 anos do evento. A feira acontecer\u00e1\" \/>\n\t\t<meta name=\"twitter:image\" content=\"https:\/\/serrafm879.com.br\/serrafm\/wp-content\/uploads\/2025\/07\/IMG-20250709-WA0004.jpg\" \/>\n\t\t<script type=\"application\/ld+json\" class=\"aioseo-schema\">\n\t\t\t{\"@context\":\"https:\\\/\\\/schema.org\",\"@graph\":[{\"@type\":\"BlogPosting\",\"@id\":\"https:\\\/\\\/serrafm879.com.br\\\/serrafm\\\/2025\\\/07\\\/25a-exposerra-divulga-programacao-oficial-de-shows-e-palestras-durante-evento-de-lancamento\\\/#blogposting\",\"name\":\"25\\u00aa ExpoSerra divulga programa\\u00e7\\u00e3o oficial de shows e palestras durante evento de lan\\u00e7amento - Serra FM 87,9\",\"headline\":\"25\\u00aa ExpoSerra divulga programa\\u00e7\\u00e3o oficial de shows e palestras durante evento de lan\\u00e7amento\",\"author\":{\"@id\":\"https:\\\/\\\/serrafm879.com.br\\\/serrafm\\\/author\\\/serrafm87\\\/#author\"},\"publisher\":{\"@id\":\"https:\\\/\\\/serrafm879.com.br\\\/serrafm\\\/#organization\"},\"image\":{\"@type\":\"ImageObject\",\"url\":\"https:\\\/\\\/serrafm879.com.br\\\/serrafm\\\/wp-content\\\/uploads\\\/2025\\\/07\\\/IMG-20250709-WA0004.jpg\",\"width\":1600,\"height\":1066},\"datePublished\":\"2025-07-09T11:46:03-03:00\",\"dateModified\":\"2025-07-09T11:46:03-03:00\",\"inLanguage\":\"pt-BR\",\"mainEntityOfPage\":{\"@id\":\"https:\\\/\\\/serrafm879.com.br\\\/serrafm\\\/2025\\\/07\\\/25a-exposerra-divulga-programacao-oficial-de-shows-e-palestras-durante-evento-de-lancamento\\\/#webpage\"},\"isPartOf\":{\"@id\":\"https:\\\/\\\/serrafm879.com.br\\\/serrafm\\\/2025\\\/07\\\/25a-exposerra-divulga-programacao-oficial-de-shows-e-palestras-durante-evento-de-lancamento\\\/#webpage\"},\"articleSection\":\"Not\\u00edcias\"},{\"@type\":\"BreadcrumbList\",\"@id\":\"https:\\\/\\\/serrafm879.com.br\\\/serrafm\\\/2025\\\/07\\\/25a-exposerra-divulga-programacao-oficial-de-shows-e-palestras-durante-evento-de-lancamento\\\/#breadcrumblist\",\"itemListElement\":[{\"@type\":\"ListItem\",\"@id\":\"https:\\\/\\\/serrafm879.com.br\\\/serrafm#listItem\",\"position\":1,\"name\":\"Home\",\"item\":\"https:\\\/\\\/serrafm879.com.br\\\/serrafm\",\"nextItem\":{\"@type\":\"ListItem\",\"@id\":\"https:\\\/\\\/serrafm879.com.br\\\/serrafm\\\/categoria\\\/noticias\\\/#listItem\",\"name\":\"Not\\u00edcias\"}},{\"@type\":\"ListItem\",\"@id\":\"https:\\\/\\\/serrafm879.com.br\\\/serrafm\\\/categoria\\\/noticias\\\/#listItem\",\"position\":2,\"name\":\"Not\\u00edcias\",\"item\":\"https:\\\/\\\/serrafm879.com.br\\\/serrafm\\\/categoria\\\/noticias\\\/\",\"nextItem\":{\"@type\":\"ListItem\",\"@id\":\"https:\\\/\\\/serrafm879.com.br\\\/serrafm\\\/2025\\\/07\\\/25a-exposerra-divulga-programacao-oficial-de-shows-e-palestras-durante-evento-de-lancamento\\\/#listItem\",\"name\":\"25\\u00aa ExpoSerra divulga programa\\u00e7\\u00e3o oficial de shows e palestras durante evento de lan\\u00e7amento\"},\"previousItem\":{\"@type\":\"ListItem\",\"@id\":\"https:\\\/\\\/serrafm879.com.br\\\/serrafm#listItem\",\"name\":\"Home\"}},{\"@type\":\"ListItem\",\"@id\":\"https:\\\/\\\/serrafm879.com.br\\\/serrafm\\\/2025\\\/07\\\/25a-exposerra-divulga-programacao-oficial-de-shows-e-palestras-durante-evento-de-lancamento\\\/#listItem\",\"position\":3,\"name\":\"25\\u00aa ExpoSerra divulga programa\\u00e7\\u00e3o oficial de shows e palestras durante evento de lan\\u00e7amento\",\"previousItem\":{\"@type\":\"ListItem\",\"@id\":\"https:\\\/\\\/serrafm879.com.br\\\/serrafm\\\/categoria\\\/noticias\\\/#listItem\",\"name\":\"Not\\u00edcias\"}}]},{\"@type\":\"Organization\",\"@id\":\"https:\\\/\\\/serrafm879.com.br\\\/serrafm\\\/#organization\",\"name\":\"Serra FM 87,9\",\"description\":\"O seu novo amor!\",\"url\":\"https:\\\/\\\/serrafm879.com.br\\\/serrafm\\\/\"},{\"@type\":\"Person\",\"@id\":\"https:\\\/\\\/serrafm879.com.br\\\/serrafm\\\/author\\\/serrafm87\\\/#author\",\"url\":\"https:\\\/\\\/serrafm879.com.br\\\/serrafm\\\/author\\\/serrafm87\\\/\",\"name\":\"serrafm87\",\"image\":{\"@type\":\"ImageObject\",\"@id\":\"https:\\\/\\\/serrafm879.com.br\\\/serrafm\\\/2025\\\/07\\\/25a-exposerra-divulga-programacao-oficial-de-shows-e-palestras-durante-evento-de-lancamento\\\/#authorImage\",\"url\":\"https:\\\/\\\/secure.gravatar.com\\\/avatar\\\/a743233f1112d34f48bb3dc9559b76eb930bab8b27175856cba6362608736235?s=96&d=mm&r=g\",\"width\":96,\"height\":96,\"caption\":\"serrafm87\"}},{\"@type\":\"WebPage\",\"@id\":\"https:\\\/\\\/serrafm879.com.br\\\/serrafm\\\/2025\\\/07\\\/25a-exposerra-divulga-programacao-oficial-de-shows-e-palestras-durante-evento-de-lancamento\\\/#webpage\",\"url\":\"https:\\\/\\\/serrafm879.com.br\\\/serrafm\\\/2025\\\/07\\\/25a-exposerra-divulga-programacao-oficial-de-shows-e-palestras-durante-evento-de-lancamento\\\/\",\"name\":\"25\\u00aa ExpoSerra divulga programa\\u00e7\\u00e3o oficial de shows e palestras durante evento de lan\\u00e7amento - Serra FM 87,9\",\"description\":\"Na noite dessa ter\\u00e7a-feira, 8 de julho, a CDL Serra Talhada realizou o evento oficial de lan\\u00e7amento da 25\\u00aa ExpoSerra \\u2013 Feira da Ind\\u00fastria, Com\\u00e9rcio e Servi\\u00e7os de Serra Talhada, momento que marcou a apresenta\\u00e7\\u00e3o da programa\\u00e7\\u00e3o cultural e das palestras que far\\u00e3o parte da edi\\u00e7\\u00e3o comemorativa dos 25 anos do evento. A feira acontecer\\u00e1\",\"inLanguage\":\"pt-BR\",\"isPartOf\":{\"@id\":\"https:\\\/\\\/serrafm879.com.br\\\/serrafm\\\/#website\"},\"breadcrumb\":{\"@id\":\"https:\\\/\\\/serrafm879.com.br\\\/serrafm\\\/2025\\\/07\\\/25a-exposerra-divulga-programacao-oficial-de-shows-e-palestras-durante-evento-de-lancamento\\\/#breadcrumblist\"},\"author\":{\"@id\":\"https:\\\/\\\/serrafm879.com.br\\\/serrafm\\\/author\\\/serrafm87\\\/#author\"},\"creator\":{\"@id\":\"https:\\\/\\\/serrafm879.com.br\\\/serrafm\\\/author\\\/serrafm87\\\/#author\"},\"image\":{\"@type\":\"ImageObject\",\"url\":\"https:\\\/\\\/serrafm879.com.br\\\/serrafm\\\/wp-content\\\/uploads\\\/2025\\\/07\\\/IMG-20250709-WA0004.jpg\",\"@id\":\"https:\\\/\\\/serrafm879.com.br\\\/serrafm\\\/2025\\\/07\\\/25a-exposerra-divulga-programacao-oficial-de-shows-e-palestras-durante-evento-de-lancamento\\\/#mainImage\",\"width\":1600,\"height\":1066},\"primaryImageOfPage\":{\"@id\":\"https:\\\/\\\/serrafm879.com.br\\\/serrafm\\\/2025\\\/07\\\/25a-exposerra-divulga-programacao-oficial-de-shows-e-palestras-durante-evento-de-lancamento\\\/#mainImage\"},\"datePublished\":\"2025-07-09T11:46:03-03:00\",\"dateModified\":\"2025-07-09T11:46:03-03:00\"},{\"@type\":\"WebSite\",\"@id\":\"https:\\\/\\\/serrafm879.com.br\\\/serrafm\\\/#website\",\"url\":\"https:\\\/\\\/serrafm879.com.br\\\/serrafm\\\/\",\"name\":\"Serra FM 87,9\",\"description\":\"O seu novo amor!\",\"inLanguage\":\"pt-BR\",\"publisher\":{\"@id\":\"https:\\\/\\\/serrafm879.com.br\\\/serrafm\\\/#organization\"}}]}\n\t\t<\/script>\n\t\t<!-- All in One SEO -->\n\n","aioseo_head_json":{"title":"25\u00aa ExpoSerra divulga programa\u00e7\u00e3o oficial de shows e palestras durante evento de lan\u00e7amento - Serra FM 87,9","description":"Na noite dessa ter\u00e7a-feira, 8 de julho, a CDL Serra Talhada realizou o evento oficial de lan\u00e7amento da 25\u00aa ExpoSerra \u2013 Feira da Ind\u00fastria, Com\u00e9rcio e Servi\u00e7os de Serra Talhada, momento que marcou a apresenta\u00e7\u00e3o da programa\u00e7\u00e3o cultural e das palestras que far\u00e3o parte da edi\u00e7\u00e3o comemorativa dos 25 anos do evento. A feira acontecer\u00e1","canonical_url":"https:\/\/serrafm879.com.br\/serrafm\/2025\/07\/25a-exposerra-divulga-programacao-oficial-de-shows-e-palestras-durante-evento-de-lancamento\/","robots":"max-image-preview:large","keywords":"","webmasterTools":{"miscellaneous":""},"schema":{"@context":"https:\/\/schema.org","@graph":[{"@type":"BlogPosting","@id":"https:\/\/serrafm879.com.br\/serrafm\/2025\/07\/25a-exposerra-divulga-programacao-oficial-de-shows-e-palestras-durante-evento-de-lancamento\/#blogposting","name":"25\u00aa ExpoSerra divulga programa\u00e7\u00e3o oficial de shows e palestras durante evento de lan\u00e7amento - Serra FM 87,9","headline":"25\u00aa ExpoSerra divulga programa\u00e7\u00e3o oficial de shows e palestras durante evento de lan\u00e7amento","author":{"@id":"https:\/\/serrafm879.com.br\/serrafm\/author\/serrafm87\/#author"},"publisher":{"@id":"https:\/\/serrafm879.com.br\/serrafm\/#organization"},"image":{"@type":"ImageObject","url":"https:\/\/serrafm879.com.br\/serrafm\/wp-content\/uploads\/2025\/07\/IMG-20250709-WA0004.jpg","width":1600,"height":1066},"datePublished":"2025-07-09T11:46:03-03:00","dateModified":"2025-07-09T11:46:03-03:00","inLanguage":"pt-BR","mainEntityOfPage":{"@id":"https:\/\/serrafm879.com.br\/serrafm\/2025\/07\/25a-exposerra-divulga-programacao-oficial-de-shows-e-palestras-durante-evento-de-lancamento\/#webpage"},"isPartOf":{"@id":"https:\/\/serrafm879.com.br\/serrafm\/2025\/07\/25a-exposerra-divulga-programacao-oficial-de-shows-e-palestras-durante-evento-de-lancamento\/#webpage"},"articleSection":"Not\u00edcias"},{"@type":"BreadcrumbList","@id":"https:\/\/serrafm879.com.br\/serrafm\/2025\/07\/25a-exposerra-divulga-programacao-oficial-de-shows-e-palestras-durante-evento-de-lancamento\/#breadcrumblist","itemListElement":[{"@type":"ListItem","@id":"https:\/\/serrafm879.com.br\/serrafm#listItem","position":1,"name":"Home","item":"https:\/\/serrafm879.com.br\/serrafm","nextItem":{"@type":"ListItem","@id":"https:\/\/serrafm879.com.br\/serrafm\/categoria\/noticias\/#listItem","name":"Not\u00edcias"}},{"@type":"ListItem","@id":"https:\/\/serrafm879.com.br\/serrafm\/categoria\/noticias\/#listItem","position":2,"name":"Not\u00edcias","item":"https:\/\/serrafm879.com.br\/serrafm\/categoria\/noticias\/","nextItem":{"@type":"ListItem","@id":"https:\/\/serrafm879.com.br\/serrafm\/2025\/07\/25a-exposerra-divulga-programacao-oficial-de-shows-e-palestras-durante-evento-de-lancamento\/#listItem","name":"25\u00aa ExpoSerra divulga programa\u00e7\u00e3o oficial de shows e palestras durante evento de lan\u00e7amento"},"previousItem":{"@type":"ListItem","@id":"https:\/\/serrafm879.com.br\/serrafm#listItem","name":"Home"}},{"@type":"ListItem","@id":"https:\/\/serrafm879.com.br\/serrafm\/2025\/07\/25a-exposerra-divulga-programacao-oficial-de-shows-e-palestras-durante-evento-de-lancamento\/#listItem","position":3,"name":"25\u00aa ExpoSerra divulga programa\u00e7\u00e3o oficial de shows e palestras durante evento de lan\u00e7amento","previousItem":{"@type":"ListItem","@id":"https:\/\/serrafm879.com.br\/serrafm\/categoria\/noticias\/#listItem","name":"Not\u00edcias"}}]},{"@type":"Organization","@id":"https:\/\/serrafm879.com.br\/serrafm\/#organization","name":"Serra FM 87,9","description":"O seu novo amor!","url":"https:\/\/serrafm879.com.br\/serrafm\/"},{"@type":"Person","@id":"https:\/\/serrafm879.com.br\/serrafm\/author\/serrafm87\/#author","url":"https:\/\/serrafm879.com.br\/serrafm\/author\/serrafm87\/","name":"serrafm87","image":{"@type":"ImageObject","@id":"https:\/\/serrafm879.com.br\/serrafm\/2025\/07\/25a-exposerra-divulga-programacao-oficial-de-shows-e-palestras-durante-evento-de-lancamento\/#authorImage","url":"https:\/\/secure.gravatar.com\/avatar\/a743233f1112d34f48bb3dc9559b76eb930bab8b27175856cba6362608736235?s=96&d=mm&r=g","width":96,"height":96,"caption":"serrafm87"}},{"@type":"WebPage","@id":"https:\/\/serrafm879.com.br\/serrafm\/2025\/07\/25a-exposerra-divulga-programacao-oficial-de-shows-e-palestras-durante-evento-de-lancamento\/#webpage","url":"https:\/\/serrafm879.com.br\/serrafm\/2025\/07\/25a-exposerra-divulga-programacao-oficial-de-shows-e-palestras-durante-evento-de-lancamento\/","name":"25\u00aa ExpoSerra divulga programa\u00e7\u00e3o oficial de shows e palestras durante evento de lan\u00e7amento - Serra FM 87,9","description":"Na noite dessa ter\u00e7a-feira, 8 de julho, a CDL Serra Talhada realizou o evento oficial de lan\u00e7amento da 25\u00aa ExpoSerra \u2013 Feira da Ind\u00fastria, Com\u00e9rcio e Servi\u00e7os de Serra Talhada, momento que marcou a apresenta\u00e7\u00e3o da programa\u00e7\u00e3o cultural e das palestras que far\u00e3o parte da edi\u00e7\u00e3o comemorativa dos 25 anos do evento. A feira acontecer\u00e1","inLanguage":"pt-BR","isPartOf":{"@id":"https:\/\/serrafm879.com.br\/serrafm\/#website"},"breadcrumb":{"@id":"https:\/\/serrafm879.com.br\/serrafm\/2025\/07\/25a-exposerra-divulga-programacao-oficial-de-shows-e-palestras-durante-evento-de-lancamento\/#breadcrumblist"},"author":{"@id":"https:\/\/serrafm879.com.br\/serrafm\/author\/serrafm87\/#author"},"creator":{"@id":"https:\/\/serrafm879.com.br\/serrafm\/author\/serrafm87\/#author"},"image":{"@type":"ImageObject","url":"https:\/\/serrafm879.com.br\/serrafm\/wp-content\/uploads\/2025\/07\/IMG-20250709-WA0004.jpg","@id":"https:\/\/serrafm879.com.br\/serrafm\/2025\/07\/25a-exposerra-divulga-programacao-oficial-de-shows-e-palestras-durante-evento-de-lancamento\/#mainImage","width":1600,"height":1066},"primaryImageOfPage":{"@id":"https:\/\/serrafm879.com.br\/serrafm\/2025\/07\/25a-exposerra-divulga-programacao-oficial-de-shows-e-palestras-durante-evento-de-lancamento\/#mainImage"},"datePublished":"2025-07-09T11:46:03-03:00","dateModified":"2025-07-09T11:46:03-03:00"},{"@type":"WebSite","@id":"https:\/\/serrafm879.com.br\/serrafm\/#website","url":"https:\/\/serrafm879.com.br\/serrafm\/","name":"Serra FM 87,9","description":"O seu novo amor!","inLanguage":"pt-BR","publisher":{"@id":"https:\/\/serrafm879.com.br\/serrafm\/#organization"}}]},"twitter:card":"summary_large_image","twitter:title":"25\u00aa ExpoSerra divulga programa\u00e7\u00e3o oficial de shows e palestras durante evento de lan\u00e7amento - Serra FM 87,9","twitter:description":"Na noite dessa ter\u00e7a-feira, 8 de julho, a CDL Serra Talhada realizou o evento oficial de lan\u00e7amento da 25\u00aa ExpoSerra \u2013 Feira da Ind\u00fastria, Com\u00e9rcio e Servi\u00e7os de Serra Talhada, momento que marcou a apresenta\u00e7\u00e3o da programa\u00e7\u00e3o cultural e das palestras que far\u00e3o parte da edi\u00e7\u00e3o comemorativa dos 25 anos do evento. A feira acontecer\u00e1","twitter:image":"https:\/\/serrafm879.com.br\/serrafm\/wp-content\/uploads\/2025\/07\/IMG-20250709-WA0004.jpg"},"aioseo_meta_data":{"post_id":"23258","title":null,"description":null,"keywords":null,"keyphrases":null,"primary_term":null,"canonical_url":null,"og_title":null,"og_description":null,"og_object_type":"default","og_image_type":"default","og_image_custom_url":null,"og_image_custom_fields":null,"og_image_url":null,"og_image_width":null,"og_image_height":null,"og_video":null,"og_custom_url":null,"og_article_section":null,"og_article_tags":null,"twitter_use_og":false,"twitter_card":"default","twitter_image_type":"default","twitter_image_custom_url":null,"twitter_image_custom_fields":null,"twitter_image_url":null,"twitter_title":null,"twitter_description":null,"schema_type":"default","schema_type_options":null,"schema":{"blockGraphs":[],"customGraphs":[],"default":{"data":{"Article":[],"Course":[],"Dataset":[],"FAQPage":[],"Movie":[],"Person":[],"Product":[],"ProductReview":[],"Car":[],"Recipe":[],"Service":[],"SoftwareApplication":[],"WebPage":[]},"graphName":"","isEnabled":true},"graphs":[]},"pillar_content":false,"robots_default":true,"robots_noindex":false,"robots_noarchive":false,"robots_nosnippet":false,"robots_nofollow":false,"robots_noimageindex":false,"robots_noodp":false,"robots_notranslate":false,"robots_max_snippet":null,"robots_max_videopreview":null,"robots_max_imagepreview":"large","priority":null,"frequency":null,"local_seo":null,"limit_modified_date":false,"ai":null,"breadcrumb_settings":null,"seo_analyzer_scan_date":null,"created":"2026-07-21 16:10:45","updated":"2026-07-21 16:10:45"},"aioseo_breadcrumb":"<div class=\"aioseo-breadcrumbs\"><span class=\"aioseo-breadcrumb\">\n\t\t\t<a href=\"https:\/\/serrafm879.com.br\/serrafm\" title=\"Home\">Home<\/a>\n\t\t<\/span><span class=\"aioseo-breadcrumb-separator\">&raquo;<\/span><span class=\"aioseo-breadcrumb\">\n\t\t\t<a href=\"https:\/\/serrafm879.com.br\/serrafm\/categoria\/noticias\/\" title=\"Not\u00edcias\">Not\u00edcias<\/a>\n\t\t<\/span><span class=\"aioseo-breadcrumb-separator\">&raquo;<\/span><span class=\"aioseo-breadcrumb\">\n\t\t\t25\u00aa ExpoSerra divulga programa\u00e7\u00e3o oficial de shows e palestras durante evento de lan\u00e7amento\n\t\t<\/span><\/div>","aioseo_breadcrumb_json":[{"label":"Home","link":"https:\/\/serrafm879.com.br\/serrafm"},{"label":"Not\u00edcias","link":"https:\/\/serrafm879.com.br\/serrafm\/categoria\/noticias\/"},{"label":"25\u00aa ExpoSerra divulga programa\u00e7\u00e3o oficial de shows e palestras durante evento de lan\u00e7amento","link":"https:\/\/serrafm879.com.br\/serrafm\/2025\/07\/25a-exposerra-divulga-programacao-oficial-de-shows-e-palestras-durante-evento-de-lancamento\/"}],"jetpack_publicize_connections":[],"jetpack_featured_media_url":"https:\/\/serrafm879.com.br\/serrafm\/wp-content\/uploads\/2025\/07\/IMG-20250709-WA0004.jpg","jetpack_shortlink":"https:\/\/wp.me\/p7HyXg-638","jetpack_sharing_enabled":true,"_links":{"self":[{"href":"https:\/\/serrafm879.com.br\/serrafm\/wp-json\/wp\/v2\/posts\/23258","targetHints":{"allow":["GET"]}}],"collection":[{"href":"https:\/\/serrafm879.com.br\/serrafm\/wp-json\/wp\/v2\/posts"}],"about":[{"href":"https:\/\/serrafm879.com.br\/serrafm\/wp-json\/wp\/v2\/types\/post"}],"author":[{"embeddable":true,"href":"https:\/\/serrafm879.com.br\/serrafm\/wp-json\/wp\/v2\/users\/2"}],"replies":[{"embeddable":true,"href":"https:\/\/serrafm879.com.br\/serrafm\/wp-json\/wp\/v2\/comments?post=23258"}],"version-history":[{"count":1,"href":"https:\/\/serrafm879.com.br\/serrafm\/wp-json\/wp\/v2\/posts\/23258\/revisions"}],"predecessor-version":[{"id":23261,"href":"https:\/\/serrafm879.com.br\/serrafm\/wp-json\/wp\/v2\/posts\/23258\/revisions\/23261"}],"wp:featuredmedia":[{"embeddable":true,"href":"https:\/\/serrafm879.com.br\/serrafm\/wp-json\/wp\/v2\/media\/23259"}],"wp:attachment":[{"href":"https:\/\/serrafm879.com.br\/serrafm\/wp-json\/wp\/v2\/media?parent=23258"}],"wp:term":[{"taxonomy":"category","embeddable":true,"href":"https:\/\/serrafm879.com.br\/serrafm\/wp-json\/wp\/v2\/categories?post=23258"},{"taxonomy":"post_tag","embeddable":true,"href":"https:\/\/serrafm879.com.br\/serrafm\/wp-json\/wp\/v2\/tags?post=23258"}],"curies":[{"name":"wp","href":"https:\/\/api.w.org\/{rel}","templated":true}]}}