{"id":23368,"date":"2025-07-18T11:32:50","date_gmt":"2025-07-18T14:32:50","guid":{"rendered":"https:\/\/serrafm879.com.br\/serrafm\/?p=23368"},"modified":"2025-07-18T11:32:50","modified_gmt":"2025-07-18T14:32:50","slug":"exposerra-2025-prefeita-marcia-conrado-destaca-desenvolvimento-de-serra-talhada-e-celebra-projecao-de-mais-de-r-50-milhoes-em-negocios","status":"publish","type":"post","link":"https:\/\/serrafm879.com.br\/serrafm\/2025\/07\/exposerra-2025-prefeita-marcia-conrado-destaca-desenvolvimento-de-serra-talhada-e-celebra-projecao-de-mais-de-r-50-milhoes-em-negocios\/","title":{"rendered":"Exposerra 2025: Prefeita M\u00e1rcia Conrado destaca desenvolvimento de Serra Talhada e celebra proje\u00e7\u00e3o de mais de R$ 50 milh\u00f5es em neg\u00f3cios"},"content":{"rendered":"<p>A 25\u00aa edi\u00e7\u00e3o da Exposerra, uma das maiores feiras de neg\u00f3cios do Sert\u00e3o pernambucano, come\u00e7ou com grandes expectativas e discurso marcante da prefeita M\u00e1rcia Conrado, durante a solenidade de abertura na noite desta quinta-feira (17).<\/p>\n<p>Neste ano, a expectativa \u00e9 de que a feira movimente mais de R$ 50 milh\u00f5es em volume de neg\u00f3cios, representando um crescimento superior a 25% em rela\u00e7\u00e3o \u00e0 edi\u00e7\u00e3o anterior. O n\u00famero refor\u00e7a o momento positivo vivido por Serra Talhada, que vem se consolidando como um dos principais polos econ\u00f4micos do interior nordestino.<\/p>\n<p>Durante seu discurso, a prefeita destacou que os resultados expressivos da Exposerra refletem o cen\u00e1rio de crescimento sustent\u00e1vel e s\u00f3lido do munic\u00edpio. \u201cAcreditamos que os resultados alcan\u00e7ados diariamente refletem o momento promissor de Serra Talhada. E essa avalia\u00e7\u00e3o n\u00e3o se baseia apenas em declara\u00e7\u00f5es, mas em dados concretos\u201d, afirmou M\u00e1rcia.<\/p>\n<p>Ainda em sua fala, a gestora municipal apresentou n\u00fameros que consolidam Serra Talhada como um polo em franca expans\u00e3o. O munic\u00edpio j\u00e1 abriga mais de 12.500 empresas entre micro, pequenas, m\u00e9dias e grandes. Desde 2021, segundo ela, a cidade registra saldo positivo na gera\u00e7\u00e3o de empregos m\u00eas ap\u00f3s m\u00eas.<\/p>\n<p>\u201cIsso \u00e9 resultado de uma parceria s\u00f3lida com a CDL e o Sindicom, que nos permite ouvir de perto as necessidades da popula\u00e7\u00e3o e agir com planejamento. N\u00e3o seria produtivo atrair investimentos sem uma equipe qualificada. Por isso, atuamos junto ao Sistema S, oferecendo cursos e capacita\u00e7\u00f5es para inserir nossa popula\u00e7\u00e3o no mercado com dignidade e preparo.\u201d<\/p>\n<p>A prefeita tamb\u00e9m refor\u00e7ou que Serra Talhada vive um momento de destaque nacional n\u00e3o apenas por enfrentar desafios sociais, mas por mostrar seu verdadeiro potencial. \u201cSinto-me honrada em representar cada homem, mulher, crian\u00e7a e idoso desta cidade. Cumpro este dever com amor, humildade e coragem. Luto e defendo os que mais precisam, com a for\u00e7a de uma leoa, pois sei que Serra Talhada \u00e9 a terra das oportunidades e est\u00e1 vivendo seu melhor momento.\u201d<\/p>\n<p>Encerrando o discurso, M\u00e1rcia Conrado parabenizou os idealizadores da Exposerra, destacando a import\u00e2ncia do evento para a economia local. \u201cParab\u00e9ns por iniciar este projeto de forma humilde e colaborativa. Conte com a Prefeitura de Serra Talhada para, juntos, construirmos uma grande hist\u00f3ria.\u201d<\/p>\n<p>A Prefeitura de Serra Talhada, por meio da Secretaria de Desenvolvimento Econ\u00f4mico e Turismo est\u00e1 com um estande na Feira, a Ilha do Turismo Municipal, apoiando diversos talentos de Serra Talhada. O Estande ainda conta com uma rampa para escalada, que tem sido a grande sensa\u00e7\u00e3o da Feira nesta edi\u00e7\u00e3o.<\/p>\n<p>&nbsp;<\/p>\n","protected":false},"excerpt":{"rendered":"<p>A 25\u00aa edi\u00e7\u00e3o da Exposerra, uma das maiores feiras de neg\u00f3cios do Sert\u00e3o pernambucano, come\u00e7ou com grandes expectativas e discurso marcante da prefeita M\u00e1rcia Conrado, durante a solenidade de abertura na noite desta quinta-feira (17). Neste ano, a expectativa \u00e9 de que a feira movimente mais de R$ 50 milh\u00f5es em volume de neg\u00f3cios, representando um crescimento superior a 25% em rela\u00e7\u00e3o \u00e0 edi\u00e7\u00e3o anterior. O n\u00famero refor\u00e7a o momento positivo vivido por Serra Talhada, que vem se consolidando como um dos principais polos econ\u00f4micos do interior nordestino. Durante seu discurso, a prefeita destacou que os resultados expressivos da Exposerra [&hellip;]<\/p>\n","protected":false},"author":2,"featured_media":23369,"comment_status":"open","ping_status":"open","sticky":false,"template":"","format":"standard","meta":{"_jetpack_newsletter_access":"","_jetpack_dont_email_post_to_subs":false,"_jetpack_newsletter_tier_id":0,"_jetpack_memberships_contains_paywalled_content":false,"_jetpack_feature_clip_id":0,"_jetpack_memberships_contains_paid_content":false,"footnotes":"","jetpack_publicize_message":"","jetpack_publicize_feature_enabled":true,"jetpack_social_post_already_shared":true,"jetpack_social_options":{"image_generator_settings":{"template":"highway","default_image_id":0,"font":"","enabled":false},"version":2},"jetpack_post_was_ever_published":false},"categories":[2],"tags":[],"class_list":["post-23368","post","type-post","status-publish","format-standard","has-post-thumbnail","hentry","category-noticias"],"aioseo_notices":[],"aioseo_head":"\n\t\t<!-- All in One SEO 4.9.10 - aioseo.com -->\n\t<meta name=\"description\" content=\"A 25\u00aa edi\u00e7\u00e3o da Exposerra, uma das maiores feiras de neg\u00f3cios do Sert\u00e3o pernambucano, come\u00e7ou com grandes expectativas e discurso marcante da prefeita M\u00e1rcia Conrado, durante a solenidade de abertura na noite desta quinta-feira (17). Neste ano, a expectativa \u00e9 de que a feira movimente mais de R$ 50 milh\u00f5es em volume de neg\u00f3cios, representando\" \/>\n\t<meta name=\"robots\" content=\"max-image-preview:large\" \/>\n\t<meta name=\"author\" content=\"serrafm87\"\/>\n\t<link rel=\"canonical\" href=\"https:\/\/serrafm879.com.br\/serrafm\/2025\/07\/exposerra-2025-prefeita-marcia-conrado-destaca-desenvolvimento-de-serra-talhada-e-celebra-projecao-de-mais-de-r-50-milhoes-em-negocios\/\" \/>\n\t<meta name=\"generator\" content=\"All in One SEO (AIOSEO) 4.9.10\" \/>\n\t\t<meta name=\"twitter:card\" content=\"summary_large_image\" \/>\n\t\t<meta name=\"twitter:title\" content=\"Exposerra 2025: Prefeita M\u00e1rcia Conrado destaca desenvolvimento de Serra Talhada e celebra proje\u00e7\u00e3o de mais de R$ 50 milh\u00f5es em neg\u00f3cios - Serra FM 87,9\" \/>\n\t\t<meta name=\"twitter:description\" content=\"A 25\u00aa edi\u00e7\u00e3o da Exposerra, uma das maiores feiras de neg\u00f3cios do Sert\u00e3o pernambucano, come\u00e7ou com grandes expectativas e discurso marcante da prefeita M\u00e1rcia Conrado, durante a solenidade de abertura na noite desta quinta-feira (17). Neste ano, a expectativa \u00e9 de que a feira movimente mais de R$ 50 milh\u00f5es em volume de neg\u00f3cios, representando\" \/>\n\t\t<meta name=\"twitter:image\" content=\"https:\/\/serrafm879.com.br\/serrafm\/wp-content\/uploads\/2025\/07\/PHOTO-2025-07-18-07-35-42.jpg\" \/>\n\t\t<script type=\"application\/ld+json\" class=\"aioseo-schema\">\n\t\t\t{\"@context\":\"https:\\\/\\\/schema.org\",\"@graph\":[{\"@type\":\"BlogPosting\",\"@id\":\"https:\\\/\\\/serrafm879.com.br\\\/serrafm\\\/2025\\\/07\\\/exposerra-2025-prefeita-marcia-conrado-destaca-desenvolvimento-de-serra-talhada-e-celebra-projecao-de-mais-de-r-50-milhoes-em-negocios\\\/#blogposting\",\"name\":\"Exposerra 2025: Prefeita M\\u00e1rcia Conrado destaca desenvolvimento de Serra Talhada e celebra proje\\u00e7\\u00e3o de mais de R$ 50 milh\\u00f5es em neg\\u00f3cios - Serra FM 87,9\",\"headline\":\"Exposerra 2025: Prefeita M\\u00e1rcia Conrado destaca desenvolvimento de Serra Talhada e celebra proje\\u00e7\\u00e3o de mais de R$ 50 milh\\u00f5es em neg\\u00f3cios\",\"author\":{\"@id\":\"https:\\\/\\\/serrafm879.com.br\\\/serrafm\\\/author\\\/serrafm87\\\/#author\"},\"publisher\":{\"@id\":\"https:\\\/\\\/serrafm879.com.br\\\/serrafm\\\/#organization\"},\"image\":{\"@type\":\"ImageObject\",\"url\":\"https:\\\/\\\/serrafm879.com.br\\\/serrafm\\\/wp-content\\\/uploads\\\/2025\\\/07\\\/PHOTO-2025-07-18-07-35-42.jpg\",\"width\":1600,\"height\":1066},\"datePublished\":\"2025-07-18T11:32:50-03:00\",\"dateModified\":\"2025-07-18T11:32:50-03:00\",\"inLanguage\":\"pt-BR\",\"mainEntityOfPage\":{\"@id\":\"https:\\\/\\\/serrafm879.com.br\\\/serrafm\\\/2025\\\/07\\\/exposerra-2025-prefeita-marcia-conrado-destaca-desenvolvimento-de-serra-talhada-e-celebra-projecao-de-mais-de-r-50-milhoes-em-negocios\\\/#webpage\"},\"isPartOf\":{\"@id\":\"https:\\\/\\\/serrafm879.com.br\\\/serrafm\\\/2025\\\/07\\\/exposerra-2025-prefeita-marcia-conrado-destaca-desenvolvimento-de-serra-talhada-e-celebra-projecao-de-mais-de-r-50-milhoes-em-negocios\\\/#webpage\"},\"articleSection\":\"Not\\u00edcias\"},{\"@type\":\"BreadcrumbList\",\"@id\":\"https:\\\/\\\/serrafm879.com.br\\\/serrafm\\\/2025\\\/07\\\/exposerra-2025-prefeita-marcia-conrado-destaca-desenvolvimento-de-serra-talhada-e-celebra-projecao-de-mais-de-r-50-milhoes-em-negocios\\\/#breadcrumblist\",\"itemListElement\":[{\"@type\":\"ListItem\",\"@id\":\"https:\\\/\\\/serrafm879.com.br\\\/serrafm#listItem\",\"position\":1,\"name\":\"Home\",\"item\":\"https:\\\/\\\/serrafm879.com.br\\\/serrafm\",\"nextItem\":{\"@type\":\"ListItem\",\"@id\":\"https:\\\/\\\/serrafm879.com.br\\\/serrafm\\\/categoria\\\/noticias\\\/#listItem\",\"name\":\"Not\\u00edcias\"}},{\"@type\":\"ListItem\",\"@id\":\"https:\\\/\\\/serrafm879.com.br\\\/serrafm\\\/categoria\\\/noticias\\\/#listItem\",\"position\":2,\"name\":\"Not\\u00edcias\",\"item\":\"https:\\\/\\\/serrafm879.com.br\\\/serrafm\\\/categoria\\\/noticias\\\/\",\"nextItem\":{\"@type\":\"ListItem\",\"@id\":\"https:\\\/\\\/serrafm879.com.br\\\/serrafm\\\/2025\\\/07\\\/exposerra-2025-prefeita-marcia-conrado-destaca-desenvolvimento-de-serra-talhada-e-celebra-projecao-de-mais-de-r-50-milhoes-em-negocios\\\/#listItem\",\"name\":\"Exposerra 2025: Prefeita M\\u00e1rcia Conrado destaca desenvolvimento de Serra Talhada e celebra proje\\u00e7\\u00e3o de mais de R$ 50 milh\\u00f5es em neg\\u00f3cios\"},\"previousItem\":{\"@type\":\"ListItem\",\"@id\":\"https:\\\/\\\/serrafm879.com.br\\\/serrafm#listItem\",\"name\":\"Home\"}},{\"@type\":\"ListItem\",\"@id\":\"https:\\\/\\\/serrafm879.com.br\\\/serrafm\\\/2025\\\/07\\\/exposerra-2025-prefeita-marcia-conrado-destaca-desenvolvimento-de-serra-talhada-e-celebra-projecao-de-mais-de-r-50-milhoes-em-negocios\\\/#listItem\",\"position\":3,\"name\":\"Exposerra 2025: Prefeita M\\u00e1rcia Conrado destaca desenvolvimento de Serra Talhada e celebra proje\\u00e7\\u00e3o de mais de R$ 50 milh\\u00f5es em neg\\u00f3cios\",\"previousItem\":{\"@type\":\"ListItem\",\"@id\":\"https:\\\/\\\/serrafm879.com.br\\\/serrafm\\\/categoria\\\/noticias\\\/#listItem\",\"name\":\"Not\\u00edcias\"}}]},{\"@type\":\"Organization\",\"@id\":\"https:\\\/\\\/serrafm879.com.br\\\/serrafm\\\/#organization\",\"name\":\"Serra FM 87,9\",\"description\":\"O seu novo amor!\",\"url\":\"https:\\\/\\\/serrafm879.com.br\\\/serrafm\\\/\"},{\"@type\":\"Person\",\"@id\":\"https:\\\/\\\/serrafm879.com.br\\\/serrafm\\\/author\\\/serrafm87\\\/#author\",\"url\":\"https:\\\/\\\/serrafm879.com.br\\\/serrafm\\\/author\\\/serrafm87\\\/\",\"name\":\"serrafm87\",\"image\":{\"@type\":\"ImageObject\",\"@id\":\"https:\\\/\\\/serrafm879.com.br\\\/serrafm\\\/2025\\\/07\\\/exposerra-2025-prefeita-marcia-conrado-destaca-desenvolvimento-de-serra-talhada-e-celebra-projecao-de-mais-de-r-50-milhoes-em-negocios\\\/#authorImage\",\"url\":\"https:\\\/\\\/secure.gravatar.com\\\/avatar\\\/a743233f1112d34f48bb3dc9559b76eb930bab8b27175856cba6362608736235?s=96&d=mm&r=g\",\"width\":96,\"height\":96,\"caption\":\"serrafm87\"}},{\"@type\":\"WebPage\",\"@id\":\"https:\\\/\\\/serrafm879.com.br\\\/serrafm\\\/2025\\\/07\\\/exposerra-2025-prefeita-marcia-conrado-destaca-desenvolvimento-de-serra-talhada-e-celebra-projecao-de-mais-de-r-50-milhoes-em-negocios\\\/#webpage\",\"url\":\"https:\\\/\\\/serrafm879.com.br\\\/serrafm\\\/2025\\\/07\\\/exposerra-2025-prefeita-marcia-conrado-destaca-desenvolvimento-de-serra-talhada-e-celebra-projecao-de-mais-de-r-50-milhoes-em-negocios\\\/\",\"name\":\"Exposerra 2025: Prefeita M\\u00e1rcia Conrado destaca desenvolvimento de Serra Talhada e celebra proje\\u00e7\\u00e3o de mais de R$ 50 milh\\u00f5es em neg\\u00f3cios - Serra FM 87,9\",\"description\":\"A 25\\u00aa edi\\u00e7\\u00e3o da Exposerra, uma das maiores feiras de neg\\u00f3cios do Sert\\u00e3o pernambucano, come\\u00e7ou com grandes expectativas e discurso marcante da prefeita M\\u00e1rcia Conrado, durante a solenidade de abertura na noite desta quinta-feira (17). Neste ano, a expectativa \\u00e9 de que a feira movimente mais de R$ 50 milh\\u00f5es em volume de neg\\u00f3cios, representando\",\"inLanguage\":\"pt-BR\",\"isPartOf\":{\"@id\":\"https:\\\/\\\/serrafm879.com.br\\\/serrafm\\\/#website\"},\"breadcrumb\":{\"@id\":\"https:\\\/\\\/serrafm879.com.br\\\/serrafm\\\/2025\\\/07\\\/exposerra-2025-prefeita-marcia-conrado-destaca-desenvolvimento-de-serra-talhada-e-celebra-projecao-de-mais-de-r-50-milhoes-em-negocios\\\/#breadcrumblist\"},\"author\":{\"@id\":\"https:\\\/\\\/serrafm879.com.br\\\/serrafm\\\/author\\\/serrafm87\\\/#author\"},\"creator\":{\"@id\":\"https:\\\/\\\/serrafm879.com.br\\\/serrafm\\\/author\\\/serrafm87\\\/#author\"},\"image\":{\"@type\":\"ImageObject\",\"url\":\"https:\\\/\\\/serrafm879.com.br\\\/serrafm\\\/wp-content\\\/uploads\\\/2025\\\/07\\\/PHOTO-2025-07-18-07-35-42.jpg\",\"@id\":\"https:\\\/\\\/serrafm879.com.br\\\/serrafm\\\/2025\\\/07\\\/exposerra-2025-prefeita-marcia-conrado-destaca-desenvolvimento-de-serra-talhada-e-celebra-projecao-de-mais-de-r-50-milhoes-em-negocios\\\/#mainImage\",\"width\":1600,\"height\":1066},\"primaryImageOfPage\":{\"@id\":\"https:\\\/\\\/serrafm879.com.br\\\/serrafm\\\/2025\\\/07\\\/exposerra-2025-prefeita-marcia-conrado-destaca-desenvolvimento-de-serra-talhada-e-celebra-projecao-de-mais-de-r-50-milhoes-em-negocios\\\/#mainImage\"},\"datePublished\":\"2025-07-18T11:32:50-03:00\",\"dateModified\":\"2025-07-18T11:32:50-03:00\"},{\"@type\":\"WebSite\",\"@id\":\"https:\\\/\\\/serrafm879.com.br\\\/serrafm\\\/#website\",\"url\":\"https:\\\/\\\/serrafm879.com.br\\\/serrafm\\\/\",\"name\":\"Serra FM 87,9\",\"description\":\"O seu novo amor!\",\"inLanguage\":\"pt-BR\",\"publisher\":{\"@id\":\"https:\\\/\\\/serrafm879.com.br\\\/serrafm\\\/#organization\"}}]}\n\t\t<\/script>\n\t\t<!-- All in One SEO -->\n\n","aioseo_head_json":{"title":"Exposerra 2025: Prefeita M\u00e1rcia Conrado destaca desenvolvimento de Serra Talhada e celebra proje\u00e7\u00e3o de mais de R$ 50 milh\u00f5es em neg\u00f3cios - Serra FM 87,9","description":"A 25\u00aa edi\u00e7\u00e3o da Exposerra, uma das maiores feiras de neg\u00f3cios do Sert\u00e3o pernambucano, come\u00e7ou com grandes expectativas e discurso marcante da prefeita M\u00e1rcia Conrado, durante a solenidade de abertura na noite desta quinta-feira (17). Neste ano, a expectativa \u00e9 de que a feira movimente mais de R$ 50 milh\u00f5es em volume de neg\u00f3cios, representando","canonical_url":"https:\/\/serrafm879.com.br\/serrafm\/2025\/07\/exposerra-2025-prefeita-marcia-conrado-destaca-desenvolvimento-de-serra-talhada-e-celebra-projecao-de-mais-de-r-50-milhoes-em-negocios\/","robots":"max-image-preview:large","keywords":"","webmasterTools":{"miscellaneous":""},"schema":{"@context":"https:\/\/schema.org","@graph":[{"@type":"BlogPosting","@id":"https:\/\/serrafm879.com.br\/serrafm\/2025\/07\/exposerra-2025-prefeita-marcia-conrado-destaca-desenvolvimento-de-serra-talhada-e-celebra-projecao-de-mais-de-r-50-milhoes-em-negocios\/#blogposting","name":"Exposerra 2025: Prefeita M\u00e1rcia Conrado destaca desenvolvimento de Serra Talhada e celebra proje\u00e7\u00e3o de mais de R$ 50 milh\u00f5es em neg\u00f3cios - Serra FM 87,9","headline":"Exposerra 2025: Prefeita M\u00e1rcia Conrado destaca desenvolvimento de Serra Talhada e celebra proje\u00e7\u00e3o de mais de R$ 50 milh\u00f5es em neg\u00f3cios","author":{"@id":"https:\/\/serrafm879.com.br\/serrafm\/author\/serrafm87\/#author"},"publisher":{"@id":"https:\/\/serrafm879.com.br\/serrafm\/#organization"},"image":{"@type":"ImageObject","url":"https:\/\/serrafm879.com.br\/serrafm\/wp-content\/uploads\/2025\/07\/PHOTO-2025-07-18-07-35-42.jpg","width":1600,"height":1066},"datePublished":"2025-07-18T11:32:50-03:00","dateModified":"2025-07-18T11:32:50-03:00","inLanguage":"pt-BR","mainEntityOfPage":{"@id":"https:\/\/serrafm879.com.br\/serrafm\/2025\/07\/exposerra-2025-prefeita-marcia-conrado-destaca-desenvolvimento-de-serra-talhada-e-celebra-projecao-de-mais-de-r-50-milhoes-em-negocios\/#webpage"},"isPartOf":{"@id":"https:\/\/serrafm879.com.br\/serrafm\/2025\/07\/exposerra-2025-prefeita-marcia-conrado-destaca-desenvolvimento-de-serra-talhada-e-celebra-projecao-de-mais-de-r-50-milhoes-em-negocios\/#webpage"},"articleSection":"Not\u00edcias"},{"@type":"BreadcrumbList","@id":"https:\/\/serrafm879.com.br\/serrafm\/2025\/07\/exposerra-2025-prefeita-marcia-conrado-destaca-desenvolvimento-de-serra-talhada-e-celebra-projecao-de-mais-de-r-50-milhoes-em-negocios\/#breadcrumblist","itemListElement":[{"@type":"ListItem","@id":"https:\/\/serrafm879.com.br\/serrafm#listItem","position":1,"name":"Home","item":"https:\/\/serrafm879.com.br\/serrafm","nextItem":{"@type":"ListItem","@id":"https:\/\/serrafm879.com.br\/serrafm\/categoria\/noticias\/#listItem","name":"Not\u00edcias"}},{"@type":"ListItem","@id":"https:\/\/serrafm879.com.br\/serrafm\/categoria\/noticias\/#listItem","position":2,"name":"Not\u00edcias","item":"https:\/\/serrafm879.com.br\/serrafm\/categoria\/noticias\/","nextItem":{"@type":"ListItem","@id":"https:\/\/serrafm879.com.br\/serrafm\/2025\/07\/exposerra-2025-prefeita-marcia-conrado-destaca-desenvolvimento-de-serra-talhada-e-celebra-projecao-de-mais-de-r-50-milhoes-em-negocios\/#listItem","name":"Exposerra 2025: Prefeita M\u00e1rcia Conrado destaca desenvolvimento de Serra Talhada e celebra proje\u00e7\u00e3o de mais de R$ 50 milh\u00f5es em neg\u00f3cios"},"previousItem":{"@type":"ListItem","@id":"https:\/\/serrafm879.com.br\/serrafm#listItem","name":"Home"}},{"@type":"ListItem","@id":"https:\/\/serrafm879.com.br\/serrafm\/2025\/07\/exposerra-2025-prefeita-marcia-conrado-destaca-desenvolvimento-de-serra-talhada-e-celebra-projecao-de-mais-de-r-50-milhoes-em-negocios\/#listItem","position":3,"name":"Exposerra 2025: Prefeita M\u00e1rcia Conrado destaca desenvolvimento de Serra Talhada e celebra proje\u00e7\u00e3o de mais de R$ 50 milh\u00f5es em neg\u00f3cios","previousItem":{"@type":"ListItem","@id":"https:\/\/serrafm879.com.br\/serrafm\/categoria\/noticias\/#listItem","name":"Not\u00edcias"}}]},{"@type":"Organization","@id":"https:\/\/serrafm879.com.br\/serrafm\/#organization","name":"Serra FM 87,9","description":"O seu novo amor!","url":"https:\/\/serrafm879.com.br\/serrafm\/"},{"@type":"Person","@id":"https:\/\/serrafm879.com.br\/serrafm\/author\/serrafm87\/#author","url":"https:\/\/serrafm879.com.br\/serrafm\/author\/serrafm87\/","name":"serrafm87","image":{"@type":"ImageObject","@id":"https:\/\/serrafm879.com.br\/serrafm\/2025\/07\/exposerra-2025-prefeita-marcia-conrado-destaca-desenvolvimento-de-serra-talhada-e-celebra-projecao-de-mais-de-r-50-milhoes-em-negocios\/#authorImage","url":"https:\/\/secure.gravatar.com\/avatar\/a743233f1112d34f48bb3dc9559b76eb930bab8b27175856cba6362608736235?s=96&d=mm&r=g","width":96,"height":96,"caption":"serrafm87"}},{"@type":"WebPage","@id":"https:\/\/serrafm879.com.br\/serrafm\/2025\/07\/exposerra-2025-prefeita-marcia-conrado-destaca-desenvolvimento-de-serra-talhada-e-celebra-projecao-de-mais-de-r-50-milhoes-em-negocios\/#webpage","url":"https:\/\/serrafm879.com.br\/serrafm\/2025\/07\/exposerra-2025-prefeita-marcia-conrado-destaca-desenvolvimento-de-serra-talhada-e-celebra-projecao-de-mais-de-r-50-milhoes-em-negocios\/","name":"Exposerra 2025: Prefeita M\u00e1rcia Conrado destaca desenvolvimento de Serra Talhada e celebra proje\u00e7\u00e3o de mais de R$ 50 milh\u00f5es em neg\u00f3cios - Serra FM 87,9","description":"A 25\u00aa edi\u00e7\u00e3o da Exposerra, uma das maiores feiras de neg\u00f3cios do Sert\u00e3o pernambucano, come\u00e7ou com grandes expectativas e discurso marcante da prefeita M\u00e1rcia Conrado, durante a solenidade de abertura na noite desta quinta-feira (17). Neste ano, a expectativa \u00e9 de que a feira movimente mais de R$ 50 milh\u00f5es em volume de neg\u00f3cios, representando","inLanguage":"pt-BR","isPartOf":{"@id":"https:\/\/serrafm879.com.br\/serrafm\/#website"},"breadcrumb":{"@id":"https:\/\/serrafm879.com.br\/serrafm\/2025\/07\/exposerra-2025-prefeita-marcia-conrado-destaca-desenvolvimento-de-serra-talhada-e-celebra-projecao-de-mais-de-r-50-milhoes-em-negocios\/#breadcrumblist"},"author":{"@id":"https:\/\/serrafm879.com.br\/serrafm\/author\/serrafm87\/#author"},"creator":{"@id":"https:\/\/serrafm879.com.br\/serrafm\/author\/serrafm87\/#author"},"image":{"@type":"ImageObject","url":"https:\/\/serrafm879.com.br\/serrafm\/wp-content\/uploads\/2025\/07\/PHOTO-2025-07-18-07-35-42.jpg","@id":"https:\/\/serrafm879.com.br\/serrafm\/2025\/07\/exposerra-2025-prefeita-marcia-conrado-destaca-desenvolvimento-de-serra-talhada-e-celebra-projecao-de-mais-de-r-50-milhoes-em-negocios\/#mainImage","width":1600,"height":1066},"primaryImageOfPage":{"@id":"https:\/\/serrafm879.com.br\/serrafm\/2025\/07\/exposerra-2025-prefeita-marcia-conrado-destaca-desenvolvimento-de-serra-talhada-e-celebra-projecao-de-mais-de-r-50-milhoes-em-negocios\/#mainImage"},"datePublished":"2025-07-18T11:32:50-03:00","dateModified":"2025-07-18T11:32:50-03:00"},{"@type":"WebSite","@id":"https:\/\/serrafm879.com.br\/serrafm\/#website","url":"https:\/\/serrafm879.com.br\/serrafm\/","name":"Serra FM 87,9","description":"O seu novo amor!","inLanguage":"pt-BR","publisher":{"@id":"https:\/\/serrafm879.com.br\/serrafm\/#organization"}}]},"twitter:card":"summary_large_image","twitter:title":"Exposerra 2025: Prefeita M\u00e1rcia Conrado destaca desenvolvimento de Serra Talhada e celebra proje\u00e7\u00e3o de mais de R$ 50 milh\u00f5es em neg\u00f3cios - Serra FM 87,9","twitter:description":"A 25\u00aa edi\u00e7\u00e3o da Exposerra, uma das maiores feiras de neg\u00f3cios do Sert\u00e3o pernambucano, come\u00e7ou com grandes expectativas e discurso marcante da prefeita M\u00e1rcia Conrado, durante a solenidade de abertura na noite desta quinta-feira (17). Neste ano, a expectativa \u00e9 de que a feira movimente mais de R$ 50 milh\u00f5es em volume de neg\u00f3cios, representando","twitter:image":"https:\/\/serrafm879.com.br\/serrafm\/wp-content\/uploads\/2025\/07\/PHOTO-2025-07-18-07-35-42.jpg"},"aioseo_meta_data":{"post_id":"23368","title":null,"description":null,"keywords":null,"keyphrases":null,"primary_term":null,"canonical_url":null,"og_title":null,"og_description":null,"og_object_type":"default","og_image_type":"default","og_image_custom_url":null,"og_image_custom_fields":null,"og_image_url":null,"og_image_width":null,"og_image_height":null,"og_video":null,"og_custom_url":null,"og_article_section":null,"og_article_tags":null,"twitter_use_og":false,"twitter_card":"default","twitter_image_type":"default","twitter_image_custom_url":null,"twitter_image_custom_fields":null,"twitter_image_url":null,"twitter_title":null,"twitter_description":null,"schema_type":"default","schema_type_options":null,"schema":{"blockGraphs":[],"customGraphs":[],"default":{"data":{"Article":[],"Course":[],"Dataset":[],"FAQPage":[],"Movie":[],"Person":[],"Product":[],"ProductReview":[],"Car":[],"Recipe":[],"Service":[],"SoftwareApplication":[],"WebPage":[]},"graphName":"","isEnabled":true},"graphs":[]},"pillar_content":false,"robots_default":true,"robots_noindex":false,"robots_noarchive":false,"robots_nosnippet":false,"robots_nofollow":false,"robots_noimageindex":false,"robots_noodp":false,"robots_notranslate":false,"robots_max_snippet":null,"robots_max_videopreview":null,"robots_max_imagepreview":"large","priority":null,"frequency":null,"local_seo":null,"limit_modified_date":false,"ai":null,"breadcrumb_settings":null,"seo_analyzer_scan_date":null,"created":"2026-07-21 16:17:46","updated":"2026-07-21 16:17:46"},"aioseo_breadcrumb":"<div class=\"aioseo-breadcrumbs\"><span class=\"aioseo-breadcrumb\">\n\t\t\t<a href=\"https:\/\/serrafm879.com.br\/serrafm\" title=\"Home\">Home<\/a>\n\t\t<\/span><span class=\"aioseo-breadcrumb-separator\">&raquo;<\/span><span class=\"aioseo-breadcrumb\">\n\t\t\t<a href=\"https:\/\/serrafm879.com.br\/serrafm\/categoria\/noticias\/\" title=\"Not\u00edcias\">Not\u00edcias<\/a>\n\t\t<\/span><span class=\"aioseo-breadcrumb-separator\">&raquo;<\/span><span class=\"aioseo-breadcrumb\">\n\t\t\tExposerra 2025: Prefeita M\u00e1rcia Conrado destaca desenvolvimento de Serra Talhada e celebra proje\u00e7\u00e3o de mais de R$ 50 milh\u00f5es em neg\u00f3cios\n\t\t<\/span><\/div>","aioseo_breadcrumb_json":[{"label":"Home","link":"https:\/\/serrafm879.com.br\/serrafm"},{"label":"Not\u00edcias","link":"https:\/\/serrafm879.com.br\/serrafm\/categoria\/noticias\/"},{"label":"Exposerra 2025: Prefeita M\u00e1rcia Conrado destaca desenvolvimento de Serra Talhada e celebra proje\u00e7\u00e3o de mais de R$ 50 milh\u00f5es em neg\u00f3cios","link":"https:\/\/serrafm879.com.br\/serrafm\/2025\/07\/exposerra-2025-prefeita-marcia-conrado-destaca-desenvolvimento-de-serra-talhada-e-celebra-projecao-de-mais-de-r-50-milhoes-em-negocios\/"}],"jetpack_publicize_connections":[],"jetpack_featured_media_url":"https:\/\/serrafm879.com.br\/serrafm\/wp-content\/uploads\/2025\/07\/PHOTO-2025-07-18-07-35-42.jpg","jetpack_shortlink":"https:\/\/wp.me\/p7HyXg-64U","jetpack_sharing_enabled":true,"_links":{"self":[{"href":"https:\/\/serrafm879.com.br\/serrafm\/wp-json\/wp\/v2\/posts\/23368","targetHints":{"allow":["GET"]}}],"collection":[{"href":"https:\/\/serrafm879.com.br\/serrafm\/wp-json\/wp\/v2\/posts"}],"about":[{"href":"https:\/\/serrafm879.com.br\/serrafm\/wp-json\/wp\/v2\/types\/post"}],"author":[{"embeddable":true,"href":"https:\/\/serrafm879.com.br\/serrafm\/wp-json\/wp\/v2\/users\/2"}],"replies":[{"embeddable":true,"href":"https:\/\/serrafm879.com.br\/serrafm\/wp-json\/wp\/v2\/comments?post=23368"}],"version-history":[{"count":1,"href":"https:\/\/serrafm879.com.br\/serrafm\/wp-json\/wp\/v2\/posts\/23368\/revisions"}],"predecessor-version":[{"id":23370,"href":"https:\/\/serrafm879.com.br\/serrafm\/wp-json\/wp\/v2\/posts\/23368\/revisions\/23370"}],"wp:featuredmedia":[{"embeddable":true,"href":"https:\/\/serrafm879.com.br\/serrafm\/wp-json\/wp\/v2\/media\/23369"}],"wp:attachment":[{"href":"https:\/\/serrafm879.com.br\/serrafm\/wp-json\/wp\/v2\/media?parent=23368"}],"wp:term":[{"taxonomy":"category","embeddable":true,"href":"https:\/\/serrafm879.com.br\/serrafm\/wp-json\/wp\/v2\/categories?post=23368"},{"taxonomy":"post_tag","embeddable":true,"href":"https:\/\/serrafm879.com.br\/serrafm\/wp-json\/wp\/v2\/tags?post=23368"}],"curies":[{"name":"wp","href":"https:\/\/api.w.org\/{rel}","templated":true}]}}