{"id":23372,"date":"2025-07-20T08:24:46","date_gmt":"2025-07-20T11:24:46","guid":{"rendered":"https:\/\/serrafm879.com.br\/serrafm\/?p=23372"},"modified":"2025-07-21T08:26:57","modified_gmt":"2025-07-21T11:26:57","slug":"moraes-diz-que-eduardo-bolsonaro-intensificou-condutas-ilicitas","status":"publish","type":"post","link":"https:\/\/serrafm879.com.br\/serrafm\/2025\/07\/moraes-diz-que-eduardo-bolsonaro-intensificou-condutas-ilicitas\/","title":{"rendered":"Moraes diz que Eduardo Bolsonaro intensificou \u2018condutas il\u00edcitas\u2019"},"content":{"rendered":"<p>Em documento, o ministro determinou que fossem anexados ao inqu\u00e9rito links de postagens e entrevistas realizadas por Eduardo com o que chamou de \u201cataques ao Supremo Tribunal Federal nas redes sociais\u201d. Em uma das postagens, o filho de Bolsonaro se refere a Moraes como \u201cditador\u201d e \u201cgangster de toga\u201d, al\u00e9m de afirmar que suas decis\u00f5es s\u00e3o \u201ccensura e medidas de coer\u00e7\u00e3o\u201d.<\/p>\n<p>Nesta sexta-feira, 18, Moraes determinou medidas cautelares contra o ex-presidente e teve sua decis\u00e3o confirmada pela maioria da 1\u00aa Turma do STF. Bolsonaro foi alvo de buscas da Pol\u00edcia Federal (PF), vai usar tornozeleira e est\u00e1 proibido de acessar redes sociais. A PF apontou que Bolsonaro tem atuado para dificultar o julgamento do processo do golpe e disse que as a\u00e7\u00f5es poderiam caracterizar crimes de coa\u00e7\u00e3o no curso do processo, obstru\u00e7\u00e3o de Justi\u00e7a e ataque \u00e0 soberania nacional.<\/p>\n<p>Ap\u00f3s a opera\u00e7\u00e3o, ainda na sexta-feira, o secret\u00e1rio de Estado do governo de Donald Trump, Marco Rubio, anunciou a revoga\u00e7\u00e3o imediata do visto americano de Moraes, de seus aliados na Corte e familiares diretos. Essa \u00e9 a primeira san\u00e7\u00e3o adotada pelo governo dos Estados Unidos diretamente contra o ministro.<\/p>\n<p>Na manh\u00e3 deste s\u00e1bado, o presidente Luiz In\u00e1cio Lula da Silva manifestou-se em solidariedade aos ministros e afirmou que \u201ca interfer\u00eancia de um pa\u00eds no sistema de Justi\u00e7a de outro \u00e9 inaceit\u00e1vel e fere os princ\u00edpios b\u00e1sicos do respeito e da soberania entre as na\u00e7\u00f5es\u201d. As informa\u00e7\u00f5es s\u00e3o do Estad\u00e3o Conte\u00fado.<\/p>\n","protected":false},"excerpt":{"rendered":"<p>Em documento, o ministro determinou que fossem anexados ao inqu\u00e9rito links de postagens e entrevistas realizadas por Eduardo com o que chamou de \u201cataques ao Supremo Tribunal Federal nas redes sociais\u201d. Em uma das postagens, o filho de Bolsonaro se refere a Moraes como \u201cditador\u201d e \u201cgangster de toga\u201d, al\u00e9m de afirmar que suas decis\u00f5es s\u00e3o \u201ccensura e medidas de coer\u00e7\u00e3o\u201d. Nesta sexta-feira, 18, Moraes determinou medidas cautelares contra o ex-presidente e teve sua decis\u00e3o confirmada pela maioria da 1\u00aa Turma do STF. Bolsonaro foi alvo de buscas da Pol\u00edcia Federal (PF), vai usar tornozeleira e est\u00e1 proibido de acessar [&hellip;]<\/p>\n","protected":false},"author":2,"featured_media":2949,"comment_status":"open","ping_status":"open","sticky":false,"template":"","format":"standard","meta":{"_jetpack_newsletter_access":"","_jetpack_dont_email_post_to_subs":false,"_jetpack_newsletter_tier_id":0,"_jetpack_memberships_contains_paywalled_content":false,"_jetpack_feature_clip_id":0,"_jetpack_memberships_contains_paid_content":false,"footnotes":"","jetpack_publicize_message":"","jetpack_publicize_feature_enabled":true,"jetpack_social_post_already_shared":true,"jetpack_social_options":{"image_generator_settings":{"template":"highway","default_image_id":0,"font":"","enabled":false},"version":2},"jetpack_post_was_ever_published":false},"categories":[2],"tags":[],"class_list":["post-23372","post","type-post","status-publish","format-standard","has-post-thumbnail","hentry","category-noticias"],"aioseo_notices":[],"aioseo_head":"\n\t\t<!-- All in One SEO 4.9.10 - aioseo.com -->\n\t<meta name=\"description\" content=\"Em documento, o ministro determinou que fossem anexados ao inqu\u00e9rito links de postagens e entrevistas realizadas por Eduardo com o que chamou de \u201cataques ao Supremo Tribunal Federal nas redes sociais\u201d. Em uma das postagens, o filho de Bolsonaro se refere a Moraes como \u201cditador\u201d e \u201cgangster de toga\u201d, al\u00e9m de afirmar que suas decis\u00f5es\" \/>\n\t<meta name=\"robots\" content=\"max-image-preview:large\" \/>\n\t<meta name=\"author\" content=\"serrafm87\"\/>\n\t<link rel=\"canonical\" href=\"https:\/\/serrafm879.com.br\/serrafm\/2025\/07\/moraes-diz-que-eduardo-bolsonaro-intensificou-condutas-ilicitas\/\" \/>\n\t<meta name=\"generator\" content=\"All in One SEO (AIOSEO) 4.9.10\" \/>\n\t\t<meta name=\"twitter:card\" content=\"summary_large_image\" \/>\n\t\t<meta name=\"twitter:title\" content=\"Moraes diz que Eduardo Bolsonaro intensificou \u2018condutas il\u00edcitas\u2019 - Serra FM 87,9\" \/>\n\t\t<meta name=\"twitter:description\" content=\"Em documento, o ministro determinou que fossem anexados ao inqu\u00e9rito links de postagens e entrevistas realizadas por Eduardo com o que chamou de \u201cataques ao Supremo Tribunal Federal nas redes sociais\u201d. Em uma das postagens, o filho de Bolsonaro se refere a Moraes como \u201cditador\u201d e \u201cgangster de toga\u201d, al\u00e9m de afirmar que suas decis\u00f5es\" \/>\n\t\t<meta name=\"twitter:image\" content=\"https:\/\/serrafm879.com.br\/serrafm\/wp-content\/uploads\/2020\/06\/alexandre.jpg\" \/>\n\t\t<script type=\"application\/ld+json\" class=\"aioseo-schema\">\n\t\t\t{\"@context\":\"https:\\\/\\\/schema.org\",\"@graph\":[{\"@type\":\"BlogPosting\",\"@id\":\"https:\\\/\\\/serrafm879.com.br\\\/serrafm\\\/2025\\\/07\\\/moraes-diz-que-eduardo-bolsonaro-intensificou-condutas-ilicitas\\\/#blogposting\",\"name\":\"Moraes diz que Eduardo Bolsonaro intensificou \\u2018condutas il\\u00edcitas\\u2019 - Serra FM 87,9\",\"headline\":\"Moraes diz que Eduardo Bolsonaro intensificou \\u2018condutas il\\u00edcitas\\u2019\",\"author\":{\"@id\":\"https:\\\/\\\/serrafm879.com.br\\\/serrafm\\\/author\\\/serrafm87\\\/#author\"},\"publisher\":{\"@id\":\"https:\\\/\\\/serrafm879.com.br\\\/serrafm\\\/#organization\"},\"image\":{\"@type\":\"ImageObject\",\"url\":\"https:\\\/\\\/serrafm879.com.br\\\/serrafm\\\/wp-content\\\/uploads\\\/2020\\\/06\\\/alexandre.jpg\",\"width\":304,\"height\":166},\"datePublished\":\"2025-07-20T08:24:46-03:00\",\"dateModified\":\"2025-07-21T08:26:57-03:00\",\"inLanguage\":\"pt-BR\",\"mainEntityOfPage\":{\"@id\":\"https:\\\/\\\/serrafm879.com.br\\\/serrafm\\\/2025\\\/07\\\/moraes-diz-que-eduardo-bolsonaro-intensificou-condutas-ilicitas\\\/#webpage\"},\"isPartOf\":{\"@id\":\"https:\\\/\\\/serrafm879.com.br\\\/serrafm\\\/2025\\\/07\\\/moraes-diz-que-eduardo-bolsonaro-intensificou-condutas-ilicitas\\\/#webpage\"},\"articleSection\":\"Not\\u00edcias\"},{\"@type\":\"BreadcrumbList\",\"@id\":\"https:\\\/\\\/serrafm879.com.br\\\/serrafm\\\/2025\\\/07\\\/moraes-diz-que-eduardo-bolsonaro-intensificou-condutas-ilicitas\\\/#breadcrumblist\",\"itemListElement\":[{\"@type\":\"ListItem\",\"@id\":\"https:\\\/\\\/serrafm879.com.br\\\/serrafm#listItem\",\"position\":1,\"name\":\"Home\",\"item\":\"https:\\\/\\\/serrafm879.com.br\\\/serrafm\",\"nextItem\":{\"@type\":\"ListItem\",\"@id\":\"https:\\\/\\\/serrafm879.com.br\\\/serrafm\\\/categoria\\\/noticias\\\/#listItem\",\"name\":\"Not\\u00edcias\"}},{\"@type\":\"ListItem\",\"@id\":\"https:\\\/\\\/serrafm879.com.br\\\/serrafm\\\/categoria\\\/noticias\\\/#listItem\",\"position\":2,\"name\":\"Not\\u00edcias\",\"item\":\"https:\\\/\\\/serrafm879.com.br\\\/serrafm\\\/categoria\\\/noticias\\\/\",\"nextItem\":{\"@type\":\"ListItem\",\"@id\":\"https:\\\/\\\/serrafm879.com.br\\\/serrafm\\\/2025\\\/07\\\/moraes-diz-que-eduardo-bolsonaro-intensificou-condutas-ilicitas\\\/#listItem\",\"name\":\"Moraes diz que Eduardo Bolsonaro intensificou \\u2018condutas il\\u00edcitas\\u2019\"},\"previousItem\":{\"@type\":\"ListItem\",\"@id\":\"https:\\\/\\\/serrafm879.com.br\\\/serrafm#listItem\",\"name\":\"Home\"}},{\"@type\":\"ListItem\",\"@id\":\"https:\\\/\\\/serrafm879.com.br\\\/serrafm\\\/2025\\\/07\\\/moraes-diz-que-eduardo-bolsonaro-intensificou-condutas-ilicitas\\\/#listItem\",\"position\":3,\"name\":\"Moraes diz que Eduardo Bolsonaro intensificou \\u2018condutas il\\u00edcitas\\u2019\",\"previousItem\":{\"@type\":\"ListItem\",\"@id\":\"https:\\\/\\\/serrafm879.com.br\\\/serrafm\\\/categoria\\\/noticias\\\/#listItem\",\"name\":\"Not\\u00edcias\"}}]},{\"@type\":\"Organization\",\"@id\":\"https:\\\/\\\/serrafm879.com.br\\\/serrafm\\\/#organization\",\"name\":\"Serra FM 87,9\",\"description\":\"O seu novo amor!\",\"url\":\"https:\\\/\\\/serrafm879.com.br\\\/serrafm\\\/\"},{\"@type\":\"Person\",\"@id\":\"https:\\\/\\\/serrafm879.com.br\\\/serrafm\\\/author\\\/serrafm87\\\/#author\",\"url\":\"https:\\\/\\\/serrafm879.com.br\\\/serrafm\\\/author\\\/serrafm87\\\/\",\"name\":\"serrafm87\",\"image\":{\"@type\":\"ImageObject\",\"@id\":\"https:\\\/\\\/serrafm879.com.br\\\/serrafm\\\/2025\\\/07\\\/moraes-diz-que-eduardo-bolsonaro-intensificou-condutas-ilicitas\\\/#authorImage\",\"url\":\"https:\\\/\\\/secure.gravatar.com\\\/avatar\\\/a743233f1112d34f48bb3dc9559b76eb930bab8b27175856cba6362608736235?s=96&d=mm&r=g\",\"width\":96,\"height\":96,\"caption\":\"serrafm87\"}},{\"@type\":\"WebPage\",\"@id\":\"https:\\\/\\\/serrafm879.com.br\\\/serrafm\\\/2025\\\/07\\\/moraes-diz-que-eduardo-bolsonaro-intensificou-condutas-ilicitas\\\/#webpage\",\"url\":\"https:\\\/\\\/serrafm879.com.br\\\/serrafm\\\/2025\\\/07\\\/moraes-diz-que-eduardo-bolsonaro-intensificou-condutas-ilicitas\\\/\",\"name\":\"Moraes diz que Eduardo Bolsonaro intensificou \\u2018condutas il\\u00edcitas\\u2019 - Serra FM 87,9\",\"description\":\"Em documento, o ministro determinou que fossem anexados ao inqu\\u00e9rito links de postagens e entrevistas realizadas por Eduardo com o que chamou de \\u201cataques ao Supremo Tribunal Federal nas redes sociais\\u201d. Em uma das postagens, o filho de Bolsonaro se refere a Moraes como \\u201cditador\\u201d e \\u201cgangster de toga\\u201d, al\\u00e9m de afirmar que suas decis\\u00f5es\",\"inLanguage\":\"pt-BR\",\"isPartOf\":{\"@id\":\"https:\\\/\\\/serrafm879.com.br\\\/serrafm\\\/#website\"},\"breadcrumb\":{\"@id\":\"https:\\\/\\\/serrafm879.com.br\\\/serrafm\\\/2025\\\/07\\\/moraes-diz-que-eduardo-bolsonaro-intensificou-condutas-ilicitas\\\/#breadcrumblist\"},\"author\":{\"@id\":\"https:\\\/\\\/serrafm879.com.br\\\/serrafm\\\/author\\\/serrafm87\\\/#author\"},\"creator\":{\"@id\":\"https:\\\/\\\/serrafm879.com.br\\\/serrafm\\\/author\\\/serrafm87\\\/#author\"},\"image\":{\"@type\":\"ImageObject\",\"url\":\"https:\\\/\\\/serrafm879.com.br\\\/serrafm\\\/wp-content\\\/uploads\\\/2020\\\/06\\\/alexandre.jpg\",\"@id\":\"https:\\\/\\\/serrafm879.com.br\\\/serrafm\\\/2025\\\/07\\\/moraes-diz-que-eduardo-bolsonaro-intensificou-condutas-ilicitas\\\/#mainImage\",\"width\":304,\"height\":166},\"primaryImageOfPage\":{\"@id\":\"https:\\\/\\\/serrafm879.com.br\\\/serrafm\\\/2025\\\/07\\\/moraes-diz-que-eduardo-bolsonaro-intensificou-condutas-ilicitas\\\/#mainImage\"},\"datePublished\":\"2025-07-20T08:24:46-03:00\",\"dateModified\":\"2025-07-21T08:26:57-03:00\"},{\"@type\":\"WebSite\",\"@id\":\"https:\\\/\\\/serrafm879.com.br\\\/serrafm\\\/#website\",\"url\":\"https:\\\/\\\/serrafm879.com.br\\\/serrafm\\\/\",\"name\":\"Serra FM 87,9\",\"description\":\"O seu novo amor!\",\"inLanguage\":\"pt-BR\",\"publisher\":{\"@id\":\"https:\\\/\\\/serrafm879.com.br\\\/serrafm\\\/#organization\"}}]}\n\t\t<\/script>\n\t\t<!-- All in One SEO -->\n\n","aioseo_head_json":{"title":"Moraes diz que Eduardo Bolsonaro intensificou \u2018condutas il\u00edcitas\u2019 - Serra FM 87,9","description":"Em documento, o ministro determinou que fossem anexados ao inqu\u00e9rito links de postagens e entrevistas realizadas por Eduardo com o que chamou de \u201cataques ao Supremo Tribunal Federal nas redes sociais\u201d. Em uma das postagens, o filho de Bolsonaro se refere a Moraes como \u201cditador\u201d e \u201cgangster de toga\u201d, al\u00e9m de afirmar que suas decis\u00f5es","canonical_url":"https:\/\/serrafm879.com.br\/serrafm\/2025\/07\/moraes-diz-que-eduardo-bolsonaro-intensificou-condutas-ilicitas\/","robots":"max-image-preview:large","keywords":"","webmasterTools":{"miscellaneous":""},"schema":{"@context":"https:\/\/schema.org","@graph":[{"@type":"BlogPosting","@id":"https:\/\/serrafm879.com.br\/serrafm\/2025\/07\/moraes-diz-que-eduardo-bolsonaro-intensificou-condutas-ilicitas\/#blogposting","name":"Moraes diz que Eduardo Bolsonaro intensificou \u2018condutas il\u00edcitas\u2019 - Serra FM 87,9","headline":"Moraes diz que Eduardo Bolsonaro intensificou \u2018condutas il\u00edcitas\u2019","author":{"@id":"https:\/\/serrafm879.com.br\/serrafm\/author\/serrafm87\/#author"},"publisher":{"@id":"https:\/\/serrafm879.com.br\/serrafm\/#organization"},"image":{"@type":"ImageObject","url":"https:\/\/serrafm879.com.br\/serrafm\/wp-content\/uploads\/2020\/06\/alexandre.jpg","width":304,"height":166},"datePublished":"2025-07-20T08:24:46-03:00","dateModified":"2025-07-21T08:26:57-03:00","inLanguage":"pt-BR","mainEntityOfPage":{"@id":"https:\/\/serrafm879.com.br\/serrafm\/2025\/07\/moraes-diz-que-eduardo-bolsonaro-intensificou-condutas-ilicitas\/#webpage"},"isPartOf":{"@id":"https:\/\/serrafm879.com.br\/serrafm\/2025\/07\/moraes-diz-que-eduardo-bolsonaro-intensificou-condutas-ilicitas\/#webpage"},"articleSection":"Not\u00edcias"},{"@type":"BreadcrumbList","@id":"https:\/\/serrafm879.com.br\/serrafm\/2025\/07\/moraes-diz-que-eduardo-bolsonaro-intensificou-condutas-ilicitas\/#breadcrumblist","itemListElement":[{"@type":"ListItem","@id":"https:\/\/serrafm879.com.br\/serrafm#listItem","position":1,"name":"Home","item":"https:\/\/serrafm879.com.br\/serrafm","nextItem":{"@type":"ListItem","@id":"https:\/\/serrafm879.com.br\/serrafm\/categoria\/noticias\/#listItem","name":"Not\u00edcias"}},{"@type":"ListItem","@id":"https:\/\/serrafm879.com.br\/serrafm\/categoria\/noticias\/#listItem","position":2,"name":"Not\u00edcias","item":"https:\/\/serrafm879.com.br\/serrafm\/categoria\/noticias\/","nextItem":{"@type":"ListItem","@id":"https:\/\/serrafm879.com.br\/serrafm\/2025\/07\/moraes-diz-que-eduardo-bolsonaro-intensificou-condutas-ilicitas\/#listItem","name":"Moraes diz que Eduardo Bolsonaro intensificou \u2018condutas il\u00edcitas\u2019"},"previousItem":{"@type":"ListItem","@id":"https:\/\/serrafm879.com.br\/serrafm#listItem","name":"Home"}},{"@type":"ListItem","@id":"https:\/\/serrafm879.com.br\/serrafm\/2025\/07\/moraes-diz-que-eduardo-bolsonaro-intensificou-condutas-ilicitas\/#listItem","position":3,"name":"Moraes diz que Eduardo Bolsonaro intensificou \u2018condutas il\u00edcitas\u2019","previousItem":{"@type":"ListItem","@id":"https:\/\/serrafm879.com.br\/serrafm\/categoria\/noticias\/#listItem","name":"Not\u00edcias"}}]},{"@type":"Organization","@id":"https:\/\/serrafm879.com.br\/serrafm\/#organization","name":"Serra FM 87,9","description":"O seu novo amor!","url":"https:\/\/serrafm879.com.br\/serrafm\/"},{"@type":"Person","@id":"https:\/\/serrafm879.com.br\/serrafm\/author\/serrafm87\/#author","url":"https:\/\/serrafm879.com.br\/serrafm\/author\/serrafm87\/","name":"serrafm87","image":{"@type":"ImageObject","@id":"https:\/\/serrafm879.com.br\/serrafm\/2025\/07\/moraes-diz-que-eduardo-bolsonaro-intensificou-condutas-ilicitas\/#authorImage","url":"https:\/\/secure.gravatar.com\/avatar\/a743233f1112d34f48bb3dc9559b76eb930bab8b27175856cba6362608736235?s=96&d=mm&r=g","width":96,"height":96,"caption":"serrafm87"}},{"@type":"WebPage","@id":"https:\/\/serrafm879.com.br\/serrafm\/2025\/07\/moraes-diz-que-eduardo-bolsonaro-intensificou-condutas-ilicitas\/#webpage","url":"https:\/\/serrafm879.com.br\/serrafm\/2025\/07\/moraes-diz-que-eduardo-bolsonaro-intensificou-condutas-ilicitas\/","name":"Moraes diz que Eduardo Bolsonaro intensificou \u2018condutas il\u00edcitas\u2019 - Serra FM 87,9","description":"Em documento, o ministro determinou que fossem anexados ao inqu\u00e9rito links de postagens e entrevistas realizadas por Eduardo com o que chamou de \u201cataques ao Supremo Tribunal Federal nas redes sociais\u201d. Em uma das postagens, o filho de Bolsonaro se refere a Moraes como \u201cditador\u201d e \u201cgangster de toga\u201d, al\u00e9m de afirmar que suas decis\u00f5es","inLanguage":"pt-BR","isPartOf":{"@id":"https:\/\/serrafm879.com.br\/serrafm\/#website"},"breadcrumb":{"@id":"https:\/\/serrafm879.com.br\/serrafm\/2025\/07\/moraes-diz-que-eduardo-bolsonaro-intensificou-condutas-ilicitas\/#breadcrumblist"},"author":{"@id":"https:\/\/serrafm879.com.br\/serrafm\/author\/serrafm87\/#author"},"creator":{"@id":"https:\/\/serrafm879.com.br\/serrafm\/author\/serrafm87\/#author"},"image":{"@type":"ImageObject","url":"https:\/\/serrafm879.com.br\/serrafm\/wp-content\/uploads\/2020\/06\/alexandre.jpg","@id":"https:\/\/serrafm879.com.br\/serrafm\/2025\/07\/moraes-diz-que-eduardo-bolsonaro-intensificou-condutas-ilicitas\/#mainImage","width":304,"height":166},"primaryImageOfPage":{"@id":"https:\/\/serrafm879.com.br\/serrafm\/2025\/07\/moraes-diz-que-eduardo-bolsonaro-intensificou-condutas-ilicitas\/#mainImage"},"datePublished":"2025-07-20T08:24:46-03:00","dateModified":"2025-07-21T08:26:57-03:00"},{"@type":"WebSite","@id":"https:\/\/serrafm879.com.br\/serrafm\/#website","url":"https:\/\/serrafm879.com.br\/serrafm\/","name":"Serra FM 87,9","description":"O seu novo amor!","inLanguage":"pt-BR","publisher":{"@id":"https:\/\/serrafm879.com.br\/serrafm\/#organization"}}]},"twitter:card":"summary_large_image","twitter:title":"Moraes diz que Eduardo Bolsonaro intensificou \u2018condutas il\u00edcitas\u2019 - Serra FM 87,9","twitter:description":"Em documento, o ministro determinou que fossem anexados ao inqu\u00e9rito links de postagens e entrevistas realizadas por Eduardo com o que chamou de \u201cataques ao Supremo Tribunal Federal nas redes sociais\u201d. Em uma das postagens, o filho de Bolsonaro se refere a Moraes como \u201cditador\u201d e \u201cgangster de toga\u201d, al\u00e9m de afirmar que suas decis\u00f5es","twitter:image":"https:\/\/serrafm879.com.br\/serrafm\/wp-content\/uploads\/2020\/06\/alexandre.jpg"},"aioseo_meta_data":{"post_id":"23372","title":null,"description":null,"keywords":null,"keyphrases":null,"primary_term":null,"canonical_url":null,"og_title":null,"og_description":null,"og_object_type":"default","og_image_type":"default","og_image_custom_url":null,"og_image_custom_fields":null,"og_image_url":null,"og_image_width":null,"og_image_height":null,"og_video":null,"og_custom_url":null,"og_article_section":null,"og_article_tags":null,"twitter_use_og":false,"twitter_card":"default","twitter_image_type":"default","twitter_image_custom_url":null,"twitter_image_custom_fields":null,"twitter_image_url":null,"twitter_title":null,"twitter_description":null,"schema_type":"default","schema_type_options":null,"schema":{"blockGraphs":[],"customGraphs":[],"default":{"data":{"Article":[],"Course":[],"Dataset":[],"FAQPage":[],"Movie":[],"Person":[],"Product":[],"ProductReview":[],"Car":[],"Recipe":[],"Service":[],"SoftwareApplication":[],"WebPage":[]},"graphName":"","isEnabled":true},"graphs":[]},"pillar_content":false,"robots_default":true,"robots_noindex":false,"robots_noarchive":false,"robots_nosnippet":false,"robots_nofollow":false,"robots_noimageindex":false,"robots_noodp":false,"robots_notranslate":false,"robots_max_snippet":null,"robots_max_videopreview":null,"robots_max_imagepreview":"large","priority":null,"frequency":null,"local_seo":null,"limit_modified_date":false,"ai":null,"breadcrumb_settings":null,"seo_analyzer_scan_date":null,"created":"2026-07-21 16:17:46","updated":"2026-07-21 16:17:46"},"aioseo_breadcrumb":"<div class=\"aioseo-breadcrumbs\"><span class=\"aioseo-breadcrumb\">\n\t\t\t<a href=\"https:\/\/serrafm879.com.br\/serrafm\" title=\"Home\">Home<\/a>\n\t\t<\/span><span class=\"aioseo-breadcrumb-separator\">&raquo;<\/span><span class=\"aioseo-breadcrumb\">\n\t\t\t<a href=\"https:\/\/serrafm879.com.br\/serrafm\/categoria\/noticias\/\" title=\"Not\u00edcias\">Not\u00edcias<\/a>\n\t\t<\/span><span class=\"aioseo-breadcrumb-separator\">&raquo;<\/span><span class=\"aioseo-breadcrumb\">\n\t\t\tMoraes diz que Eduardo Bolsonaro intensificou \u2018condutas il\u00edcitas\u2019\n\t\t<\/span><\/div>","aioseo_breadcrumb_json":[{"label":"Home","link":"https:\/\/serrafm879.com.br\/serrafm"},{"label":"Not\u00edcias","link":"https:\/\/serrafm879.com.br\/serrafm\/categoria\/noticias\/"},{"label":"Moraes diz que Eduardo Bolsonaro intensificou \u2018condutas il\u00edcitas\u2019","link":"https:\/\/serrafm879.com.br\/serrafm\/2025\/07\/moraes-diz-que-eduardo-bolsonaro-intensificou-condutas-ilicitas\/"}],"jetpack_publicize_connections":[],"jetpack_featured_media_url":"https:\/\/serrafm879.com.br\/serrafm\/wp-content\/uploads\/2020\/06\/alexandre.jpg","jetpack_shortlink":"https:\/\/wp.me\/p7HyXg-64Y","jetpack_sharing_enabled":true,"_links":{"self":[{"href":"https:\/\/serrafm879.com.br\/serrafm\/wp-json\/wp\/v2\/posts\/23372","targetHints":{"allow":["GET"]}}],"collection":[{"href":"https:\/\/serrafm879.com.br\/serrafm\/wp-json\/wp\/v2\/posts"}],"about":[{"href":"https:\/\/serrafm879.com.br\/serrafm\/wp-json\/wp\/v2\/types\/post"}],"author":[{"embeddable":true,"href":"https:\/\/serrafm879.com.br\/serrafm\/wp-json\/wp\/v2\/users\/2"}],"replies":[{"embeddable":true,"href":"https:\/\/serrafm879.com.br\/serrafm\/wp-json\/wp\/v2\/comments?post=23372"}],"version-history":[{"count":1,"href":"https:\/\/serrafm879.com.br\/serrafm\/wp-json\/wp\/v2\/posts\/23372\/revisions"}],"predecessor-version":[{"id":23373,"href":"https:\/\/serrafm879.com.br\/serrafm\/wp-json\/wp\/v2\/posts\/23372\/revisions\/23373"}],"wp:featuredmedia":[{"embeddable":true,"href":"https:\/\/serrafm879.com.br\/serrafm\/wp-json\/wp\/v2\/media\/2949"}],"wp:attachment":[{"href":"https:\/\/serrafm879.com.br\/serrafm\/wp-json\/wp\/v2\/media?parent=23372"}],"wp:term":[{"taxonomy":"category","embeddable":true,"href":"https:\/\/serrafm879.com.br\/serrafm\/wp-json\/wp\/v2\/categories?post=23372"},{"taxonomy":"post_tag","embeddable":true,"href":"https:\/\/serrafm879.com.br\/serrafm\/wp-json\/wp\/v2\/tags?post=23372"}],"curies":[{"name":"wp","href":"https:\/\/api.w.org\/{rel}","templated":true}]}}