{"id":23380,"date":"2025-07-21T08:35:24","date_gmt":"2025-07-21T11:35:24","guid":{"rendered":"https:\/\/serrafm879.com.br\/serrafm\/?p=23380"},"modified":"2025-07-21T08:35:24","modified_gmt":"2025-07-21T11:35:24","slug":"raquel-lanca-indireta-para-joao-campos-isso-nao-se-faz-pelo-instagram","status":"publish","type":"post","link":"https:\/\/serrafm879.com.br\/serrafm\/2025\/07\/raquel-lanca-indireta-para-joao-campos-isso-nao-se-faz-pelo-instagram\/","title":{"rendered":"Raquel lan\u00e7a indireta para Jo\u00e3o Campos: \u201cIsso n\u00e3o se faz pelo Instagram\u201d"},"content":{"rendered":"<p>Durante a tradicional 55\u00aa Missa do Vaqueiro, em Serrita, Sert\u00e3o Central de Pernambuco, a governadora Raquel Lyra (PSD) n\u00e3o perdeu tempo e mandou o recado direto e com endere\u00e7o certo: \u201cAqui n\u00e3o \u00e9 palanque pol\u00edtico. \u00c9 tempo de celebrar a nossa cultura e a nossa hist\u00f3ria. Isso n\u00e3o se faz pelo Instagram. Isso se faz no ch\u00e3o, na terra, em cima de um cavalo, e de m\u00e3os dadas para o nosso povo\u201d.<\/p>\n<p>A frase, dita ap\u00f3s o cortejo e a missa campal em homenagem a Raimundo Jac\u00f3, soou como uma cutucada nada sutil ao prefeito do Recife e presidente nacional do PSB, Jo\u00e3o Campos, que tamb\u00e9m estava presente mas preferiu n\u00e3o discursar.<\/p>\n<p>Apesar do clima de cordialidade no evento, o que se viu em Serrita foi um verdadeiro ensaio de 2026. De um lado, a governadora marcando territ\u00f3rio com narrativa sertaneja. Do outro, Jo\u00e3o Campos circulando com sua comitiva, testando a temperatura do Sert\u00e3o e sendo recebido com holofotes, mas sem palavras.<\/p>\n<p>Raquel fez quest\u00e3o de refor\u00e7ar sua identidade como \u201cfilha do interior\u201d, mesmo tendo nascido no Recife. \u201cSei da dureza do solo e do sacrif\u00edcio do sertanejo\u201d, afirmou. E completou: \u201cVou continuar vindo para trazer melhorias e agradecer a Deus a oportunidade de ser governadora\u201d.<\/p>\n<p>Enquanto Raquel ocupou o microfone e os discursos, Jo\u00e3o apostou na imagem e no contato direto com lideran\u00e7as locais. Mas a governadora fez quest\u00e3o de carimbar o tom da visita: \u201cSei do\u00a0sacrif\u00edcio di\u00e1rio do sertanejo, que acorda todo dia de manh\u00e3 bem cedo, fa\u00e7a sol, fa\u00e7a chuva, com \u00e1gua, sem \u00e1gua, para trabalhar, para garantir que a gente possa ter o nosso sustento na mesa. Quero aqui dizer da minha gratid\u00e3o, do meu orgulho e da minha honra\u201d, ressaltou, reafirmando o compromisso com a popula\u00e7\u00e3o.<\/p>\n<p>A Missa do Vaqueiro foi o cen\u00e1rio. O Sert\u00e3o, o palco. E a disputa pelo comando de Pernambuco, o pano de fundo de um domingo que foi tudo, menos apenas religioso.<\/p>\n","protected":false},"excerpt":{"rendered":"<p>Durante a tradicional 55\u00aa Missa do Vaqueiro, em Serrita, Sert\u00e3o Central de Pernambuco, a governadora Raquel Lyra (PSD) n\u00e3o perdeu tempo e mandou o recado direto e com endere\u00e7o certo: \u201cAqui n\u00e3o \u00e9 palanque pol\u00edtico. \u00c9 tempo de celebrar a nossa cultura e a nossa hist\u00f3ria. Isso n\u00e3o se faz pelo Instagram. Isso se faz no ch\u00e3o, na terra, em cima de um cavalo, e de m\u00e3os dadas para o nosso povo\u201d. A frase, dita ap\u00f3s o cortejo e a missa campal em homenagem a Raimundo Jac\u00f3, soou como uma cutucada nada sutil ao prefeito do Recife e presidente nacional [&hellip;]<\/p>\n","protected":false},"author":2,"featured_media":23381,"comment_status":"open","ping_status":"open","sticky":false,"template":"","format":"standard","meta":{"_jetpack_newsletter_access":"","_jetpack_dont_email_post_to_subs":false,"_jetpack_newsletter_tier_id":0,"_jetpack_memberships_contains_paywalled_content":false,"_jetpack_feature_clip_id":0,"_jetpack_memberships_contains_paid_content":false,"footnotes":"","jetpack_publicize_message":"","jetpack_publicize_feature_enabled":true,"jetpack_social_post_already_shared":true,"jetpack_social_options":{"image_generator_settings":{"template":"highway","default_image_id":0,"font":"","enabled":false},"version":2},"jetpack_post_was_ever_published":false},"categories":[2],"tags":[],"class_list":["post-23380","post","type-post","status-publish","format-standard","has-post-thumbnail","hentry","category-noticias"],"aioseo_notices":[],"aioseo_head":"\n\t\t<!-- All in One SEO 4.9.10 - aioseo.com -->\n\t<meta name=\"description\" content=\"Durante a tradicional 55\u00aa Missa do Vaqueiro, em Serrita, Sert\u00e3o Central de Pernambuco, a governadora Raquel Lyra (PSD) n\u00e3o perdeu tempo e mandou o recado direto e com endere\u00e7o certo: \u201cAqui n\u00e3o \u00e9 palanque pol\u00edtico. \u00c9 tempo de celebrar a nossa cultura e a nossa hist\u00f3ria. Isso n\u00e3o se faz pelo Instagram. Isso se faz\" \/>\n\t<meta name=\"robots\" content=\"max-image-preview:large\" \/>\n\t<meta name=\"author\" content=\"serrafm87\"\/>\n\t<link rel=\"canonical\" href=\"https:\/\/serrafm879.com.br\/serrafm\/2025\/07\/raquel-lanca-indireta-para-joao-campos-isso-nao-se-faz-pelo-instagram\/\" \/>\n\t<meta name=\"generator\" content=\"All in One SEO (AIOSEO) 4.9.10\" \/>\n\t\t<meta name=\"twitter:card\" content=\"summary_large_image\" \/>\n\t\t<meta name=\"twitter:title\" content=\"Raquel lan\u00e7a indireta para Jo\u00e3o Campos: \u201cIsso n\u00e3o se faz pelo Instagram\u201d - Serra FM 87,9\" \/>\n\t\t<meta name=\"twitter:description\" content=\"Durante a tradicional 55\u00aa Missa do Vaqueiro, em Serrita, Sert\u00e3o Central de Pernambuco, a governadora Raquel Lyra (PSD) n\u00e3o perdeu tempo e mandou o recado direto e com endere\u00e7o certo: \u201cAqui n\u00e3o \u00e9 palanque pol\u00edtico. \u00c9 tempo de celebrar a nossa cultura e a nossa hist\u00f3ria. Isso n\u00e3o se faz pelo Instagram. Isso se faz\" \/>\n\t\t<meta name=\"twitter:image\" content=\"https:\/\/serrafm879.com.br\/serrafm\/wp-content\/uploads\/2025\/07\/Captura-de-tela-2025-07-21-083549.png\" \/>\n\t\t<script type=\"application\/ld+json\" class=\"aioseo-schema\">\n\t\t\t{\"@context\":\"https:\\\/\\\/schema.org\",\"@graph\":[{\"@type\":\"BlogPosting\",\"@id\":\"https:\\\/\\\/serrafm879.com.br\\\/serrafm\\\/2025\\\/07\\\/raquel-lanca-indireta-para-joao-campos-isso-nao-se-faz-pelo-instagram\\\/#blogposting\",\"name\":\"Raquel lan\\u00e7a indireta para Jo\\u00e3o Campos: \\u201cIsso n\\u00e3o se faz pelo Instagram\\u201d - Serra FM 87,9\",\"headline\":\"Raquel lan\\u00e7a indireta para Jo\\u00e3o Campos: \\u201cIsso n\\u00e3o se faz pelo Instagram\\u201d\",\"author\":{\"@id\":\"https:\\\/\\\/serrafm879.com.br\\\/serrafm\\\/author\\\/serrafm87\\\/#author\"},\"publisher\":{\"@id\":\"https:\\\/\\\/serrafm879.com.br\\\/serrafm\\\/#organization\"},\"image\":{\"@type\":\"ImageObject\",\"url\":\"https:\\\/\\\/serrafm879.com.br\\\/serrafm\\\/wp-content\\\/uploads\\\/2025\\\/07\\\/Captura-de-tela-2025-07-21-083549.png\",\"width\":472,\"height\":307},\"datePublished\":\"2025-07-21T08:35:24-03:00\",\"dateModified\":\"2025-07-21T08:35:24-03:00\",\"inLanguage\":\"pt-BR\",\"mainEntityOfPage\":{\"@id\":\"https:\\\/\\\/serrafm879.com.br\\\/serrafm\\\/2025\\\/07\\\/raquel-lanca-indireta-para-joao-campos-isso-nao-se-faz-pelo-instagram\\\/#webpage\"},\"isPartOf\":{\"@id\":\"https:\\\/\\\/serrafm879.com.br\\\/serrafm\\\/2025\\\/07\\\/raquel-lanca-indireta-para-joao-campos-isso-nao-se-faz-pelo-instagram\\\/#webpage\"},\"articleSection\":\"Not\\u00edcias\"},{\"@type\":\"BreadcrumbList\",\"@id\":\"https:\\\/\\\/serrafm879.com.br\\\/serrafm\\\/2025\\\/07\\\/raquel-lanca-indireta-para-joao-campos-isso-nao-se-faz-pelo-instagram\\\/#breadcrumblist\",\"itemListElement\":[{\"@type\":\"ListItem\",\"@id\":\"https:\\\/\\\/serrafm879.com.br\\\/serrafm#listItem\",\"position\":1,\"name\":\"Home\",\"item\":\"https:\\\/\\\/serrafm879.com.br\\\/serrafm\",\"nextItem\":{\"@type\":\"ListItem\",\"@id\":\"https:\\\/\\\/serrafm879.com.br\\\/serrafm\\\/categoria\\\/noticias\\\/#listItem\",\"name\":\"Not\\u00edcias\"}},{\"@type\":\"ListItem\",\"@id\":\"https:\\\/\\\/serrafm879.com.br\\\/serrafm\\\/categoria\\\/noticias\\\/#listItem\",\"position\":2,\"name\":\"Not\\u00edcias\",\"item\":\"https:\\\/\\\/serrafm879.com.br\\\/serrafm\\\/categoria\\\/noticias\\\/\",\"nextItem\":{\"@type\":\"ListItem\",\"@id\":\"https:\\\/\\\/serrafm879.com.br\\\/serrafm\\\/2025\\\/07\\\/raquel-lanca-indireta-para-joao-campos-isso-nao-se-faz-pelo-instagram\\\/#listItem\",\"name\":\"Raquel lan\\u00e7a indireta para Jo\\u00e3o Campos: \\u201cIsso n\\u00e3o se faz pelo Instagram\\u201d\"},\"previousItem\":{\"@type\":\"ListItem\",\"@id\":\"https:\\\/\\\/serrafm879.com.br\\\/serrafm#listItem\",\"name\":\"Home\"}},{\"@type\":\"ListItem\",\"@id\":\"https:\\\/\\\/serrafm879.com.br\\\/serrafm\\\/2025\\\/07\\\/raquel-lanca-indireta-para-joao-campos-isso-nao-se-faz-pelo-instagram\\\/#listItem\",\"position\":3,\"name\":\"Raquel lan\\u00e7a indireta para Jo\\u00e3o Campos: \\u201cIsso n\\u00e3o se faz pelo Instagram\\u201d\",\"previousItem\":{\"@type\":\"ListItem\",\"@id\":\"https:\\\/\\\/serrafm879.com.br\\\/serrafm\\\/categoria\\\/noticias\\\/#listItem\",\"name\":\"Not\\u00edcias\"}}]},{\"@type\":\"Organization\",\"@id\":\"https:\\\/\\\/serrafm879.com.br\\\/serrafm\\\/#organization\",\"name\":\"Serra FM 87,9\",\"description\":\"O seu novo amor!\",\"url\":\"https:\\\/\\\/serrafm879.com.br\\\/serrafm\\\/\"},{\"@type\":\"Person\",\"@id\":\"https:\\\/\\\/serrafm879.com.br\\\/serrafm\\\/author\\\/serrafm87\\\/#author\",\"url\":\"https:\\\/\\\/serrafm879.com.br\\\/serrafm\\\/author\\\/serrafm87\\\/\",\"name\":\"serrafm87\",\"image\":{\"@type\":\"ImageObject\",\"@id\":\"https:\\\/\\\/serrafm879.com.br\\\/serrafm\\\/2025\\\/07\\\/raquel-lanca-indireta-para-joao-campos-isso-nao-se-faz-pelo-instagram\\\/#authorImage\",\"url\":\"https:\\\/\\\/secure.gravatar.com\\\/avatar\\\/a743233f1112d34f48bb3dc9559b76eb930bab8b27175856cba6362608736235?s=96&d=mm&r=g\",\"width\":96,\"height\":96,\"caption\":\"serrafm87\"}},{\"@type\":\"WebPage\",\"@id\":\"https:\\\/\\\/serrafm879.com.br\\\/serrafm\\\/2025\\\/07\\\/raquel-lanca-indireta-para-joao-campos-isso-nao-se-faz-pelo-instagram\\\/#webpage\",\"url\":\"https:\\\/\\\/serrafm879.com.br\\\/serrafm\\\/2025\\\/07\\\/raquel-lanca-indireta-para-joao-campos-isso-nao-se-faz-pelo-instagram\\\/\",\"name\":\"Raquel lan\\u00e7a indireta para Jo\\u00e3o Campos: \\u201cIsso n\\u00e3o se faz pelo Instagram\\u201d - Serra FM 87,9\",\"description\":\"Durante a tradicional 55\\u00aa Missa do Vaqueiro, em Serrita, Sert\\u00e3o Central de Pernambuco, a governadora Raquel Lyra (PSD) n\\u00e3o perdeu tempo e mandou o recado direto e com endere\\u00e7o certo: \\u201cAqui n\\u00e3o \\u00e9 palanque pol\\u00edtico. \\u00c9 tempo de celebrar a nossa cultura e a nossa hist\\u00f3ria. Isso n\\u00e3o se faz pelo Instagram. Isso se faz\",\"inLanguage\":\"pt-BR\",\"isPartOf\":{\"@id\":\"https:\\\/\\\/serrafm879.com.br\\\/serrafm\\\/#website\"},\"breadcrumb\":{\"@id\":\"https:\\\/\\\/serrafm879.com.br\\\/serrafm\\\/2025\\\/07\\\/raquel-lanca-indireta-para-joao-campos-isso-nao-se-faz-pelo-instagram\\\/#breadcrumblist\"},\"author\":{\"@id\":\"https:\\\/\\\/serrafm879.com.br\\\/serrafm\\\/author\\\/serrafm87\\\/#author\"},\"creator\":{\"@id\":\"https:\\\/\\\/serrafm879.com.br\\\/serrafm\\\/author\\\/serrafm87\\\/#author\"},\"image\":{\"@type\":\"ImageObject\",\"url\":\"https:\\\/\\\/serrafm879.com.br\\\/serrafm\\\/wp-content\\\/uploads\\\/2025\\\/07\\\/Captura-de-tela-2025-07-21-083549.png\",\"@id\":\"https:\\\/\\\/serrafm879.com.br\\\/serrafm\\\/2025\\\/07\\\/raquel-lanca-indireta-para-joao-campos-isso-nao-se-faz-pelo-instagram\\\/#mainImage\",\"width\":472,\"height\":307},\"primaryImageOfPage\":{\"@id\":\"https:\\\/\\\/serrafm879.com.br\\\/serrafm\\\/2025\\\/07\\\/raquel-lanca-indireta-para-joao-campos-isso-nao-se-faz-pelo-instagram\\\/#mainImage\"},\"datePublished\":\"2025-07-21T08:35:24-03:00\",\"dateModified\":\"2025-07-21T08:35:24-03:00\"},{\"@type\":\"WebSite\",\"@id\":\"https:\\\/\\\/serrafm879.com.br\\\/serrafm\\\/#website\",\"url\":\"https:\\\/\\\/serrafm879.com.br\\\/serrafm\\\/\",\"name\":\"Serra FM 87,9\",\"description\":\"O seu novo amor!\",\"inLanguage\":\"pt-BR\",\"publisher\":{\"@id\":\"https:\\\/\\\/serrafm879.com.br\\\/serrafm\\\/#organization\"}}]}\n\t\t<\/script>\n\t\t<!-- All in One SEO -->\n\n","aioseo_head_json":{"title":"Raquel lan\u00e7a indireta para Jo\u00e3o Campos: \u201cIsso n\u00e3o se faz pelo Instagram\u201d - Serra FM 87,9","description":"Durante a tradicional 55\u00aa Missa do Vaqueiro, em Serrita, Sert\u00e3o Central de Pernambuco, a governadora Raquel Lyra (PSD) n\u00e3o perdeu tempo e mandou o recado direto e com endere\u00e7o certo: \u201cAqui n\u00e3o \u00e9 palanque pol\u00edtico. \u00c9 tempo de celebrar a nossa cultura e a nossa hist\u00f3ria. Isso n\u00e3o se faz pelo Instagram. Isso se faz","canonical_url":"https:\/\/serrafm879.com.br\/serrafm\/2025\/07\/raquel-lanca-indireta-para-joao-campos-isso-nao-se-faz-pelo-instagram\/","robots":"max-image-preview:large","keywords":"","webmasterTools":{"miscellaneous":""},"schema":{"@context":"https:\/\/schema.org","@graph":[{"@type":"BlogPosting","@id":"https:\/\/serrafm879.com.br\/serrafm\/2025\/07\/raquel-lanca-indireta-para-joao-campos-isso-nao-se-faz-pelo-instagram\/#blogposting","name":"Raquel lan\u00e7a indireta para Jo\u00e3o Campos: \u201cIsso n\u00e3o se faz pelo Instagram\u201d - Serra FM 87,9","headline":"Raquel lan\u00e7a indireta para Jo\u00e3o Campos: \u201cIsso n\u00e3o se faz pelo Instagram\u201d","author":{"@id":"https:\/\/serrafm879.com.br\/serrafm\/author\/serrafm87\/#author"},"publisher":{"@id":"https:\/\/serrafm879.com.br\/serrafm\/#organization"},"image":{"@type":"ImageObject","url":"https:\/\/serrafm879.com.br\/serrafm\/wp-content\/uploads\/2025\/07\/Captura-de-tela-2025-07-21-083549.png","width":472,"height":307},"datePublished":"2025-07-21T08:35:24-03:00","dateModified":"2025-07-21T08:35:24-03:00","inLanguage":"pt-BR","mainEntityOfPage":{"@id":"https:\/\/serrafm879.com.br\/serrafm\/2025\/07\/raquel-lanca-indireta-para-joao-campos-isso-nao-se-faz-pelo-instagram\/#webpage"},"isPartOf":{"@id":"https:\/\/serrafm879.com.br\/serrafm\/2025\/07\/raquel-lanca-indireta-para-joao-campos-isso-nao-se-faz-pelo-instagram\/#webpage"},"articleSection":"Not\u00edcias"},{"@type":"BreadcrumbList","@id":"https:\/\/serrafm879.com.br\/serrafm\/2025\/07\/raquel-lanca-indireta-para-joao-campos-isso-nao-se-faz-pelo-instagram\/#breadcrumblist","itemListElement":[{"@type":"ListItem","@id":"https:\/\/serrafm879.com.br\/serrafm#listItem","position":1,"name":"Home","item":"https:\/\/serrafm879.com.br\/serrafm","nextItem":{"@type":"ListItem","@id":"https:\/\/serrafm879.com.br\/serrafm\/categoria\/noticias\/#listItem","name":"Not\u00edcias"}},{"@type":"ListItem","@id":"https:\/\/serrafm879.com.br\/serrafm\/categoria\/noticias\/#listItem","position":2,"name":"Not\u00edcias","item":"https:\/\/serrafm879.com.br\/serrafm\/categoria\/noticias\/","nextItem":{"@type":"ListItem","@id":"https:\/\/serrafm879.com.br\/serrafm\/2025\/07\/raquel-lanca-indireta-para-joao-campos-isso-nao-se-faz-pelo-instagram\/#listItem","name":"Raquel lan\u00e7a indireta para Jo\u00e3o Campos: \u201cIsso n\u00e3o se faz pelo Instagram\u201d"},"previousItem":{"@type":"ListItem","@id":"https:\/\/serrafm879.com.br\/serrafm#listItem","name":"Home"}},{"@type":"ListItem","@id":"https:\/\/serrafm879.com.br\/serrafm\/2025\/07\/raquel-lanca-indireta-para-joao-campos-isso-nao-se-faz-pelo-instagram\/#listItem","position":3,"name":"Raquel lan\u00e7a indireta para Jo\u00e3o Campos: \u201cIsso n\u00e3o se faz pelo Instagram\u201d","previousItem":{"@type":"ListItem","@id":"https:\/\/serrafm879.com.br\/serrafm\/categoria\/noticias\/#listItem","name":"Not\u00edcias"}}]},{"@type":"Organization","@id":"https:\/\/serrafm879.com.br\/serrafm\/#organization","name":"Serra FM 87,9","description":"O seu novo amor!","url":"https:\/\/serrafm879.com.br\/serrafm\/"},{"@type":"Person","@id":"https:\/\/serrafm879.com.br\/serrafm\/author\/serrafm87\/#author","url":"https:\/\/serrafm879.com.br\/serrafm\/author\/serrafm87\/","name":"serrafm87","image":{"@type":"ImageObject","@id":"https:\/\/serrafm879.com.br\/serrafm\/2025\/07\/raquel-lanca-indireta-para-joao-campos-isso-nao-se-faz-pelo-instagram\/#authorImage","url":"https:\/\/secure.gravatar.com\/avatar\/a743233f1112d34f48bb3dc9559b76eb930bab8b27175856cba6362608736235?s=96&d=mm&r=g","width":96,"height":96,"caption":"serrafm87"}},{"@type":"WebPage","@id":"https:\/\/serrafm879.com.br\/serrafm\/2025\/07\/raquel-lanca-indireta-para-joao-campos-isso-nao-se-faz-pelo-instagram\/#webpage","url":"https:\/\/serrafm879.com.br\/serrafm\/2025\/07\/raquel-lanca-indireta-para-joao-campos-isso-nao-se-faz-pelo-instagram\/","name":"Raquel lan\u00e7a indireta para Jo\u00e3o Campos: \u201cIsso n\u00e3o se faz pelo Instagram\u201d - Serra FM 87,9","description":"Durante a tradicional 55\u00aa Missa do Vaqueiro, em Serrita, Sert\u00e3o Central de Pernambuco, a governadora Raquel Lyra (PSD) n\u00e3o perdeu tempo e mandou o recado direto e com endere\u00e7o certo: \u201cAqui n\u00e3o \u00e9 palanque pol\u00edtico. \u00c9 tempo de celebrar a nossa cultura e a nossa hist\u00f3ria. Isso n\u00e3o se faz pelo Instagram. Isso se faz","inLanguage":"pt-BR","isPartOf":{"@id":"https:\/\/serrafm879.com.br\/serrafm\/#website"},"breadcrumb":{"@id":"https:\/\/serrafm879.com.br\/serrafm\/2025\/07\/raquel-lanca-indireta-para-joao-campos-isso-nao-se-faz-pelo-instagram\/#breadcrumblist"},"author":{"@id":"https:\/\/serrafm879.com.br\/serrafm\/author\/serrafm87\/#author"},"creator":{"@id":"https:\/\/serrafm879.com.br\/serrafm\/author\/serrafm87\/#author"},"image":{"@type":"ImageObject","url":"https:\/\/serrafm879.com.br\/serrafm\/wp-content\/uploads\/2025\/07\/Captura-de-tela-2025-07-21-083549.png","@id":"https:\/\/serrafm879.com.br\/serrafm\/2025\/07\/raquel-lanca-indireta-para-joao-campos-isso-nao-se-faz-pelo-instagram\/#mainImage","width":472,"height":307},"primaryImageOfPage":{"@id":"https:\/\/serrafm879.com.br\/serrafm\/2025\/07\/raquel-lanca-indireta-para-joao-campos-isso-nao-se-faz-pelo-instagram\/#mainImage"},"datePublished":"2025-07-21T08:35:24-03:00","dateModified":"2025-07-21T08:35:24-03:00"},{"@type":"WebSite","@id":"https:\/\/serrafm879.com.br\/serrafm\/#website","url":"https:\/\/serrafm879.com.br\/serrafm\/","name":"Serra FM 87,9","description":"O seu novo amor!","inLanguage":"pt-BR","publisher":{"@id":"https:\/\/serrafm879.com.br\/serrafm\/#organization"}}]},"twitter:card":"summary_large_image","twitter:title":"Raquel lan\u00e7a indireta para Jo\u00e3o Campos: \u201cIsso n\u00e3o se faz pelo Instagram\u201d - Serra FM 87,9","twitter:description":"Durante a tradicional 55\u00aa Missa do Vaqueiro, em Serrita, Sert\u00e3o Central de Pernambuco, a governadora Raquel Lyra (PSD) n\u00e3o perdeu tempo e mandou o recado direto e com endere\u00e7o certo: \u201cAqui n\u00e3o \u00e9 palanque pol\u00edtico. \u00c9 tempo de celebrar a nossa cultura e a nossa hist\u00f3ria. Isso n\u00e3o se faz pelo Instagram. Isso se faz","twitter:image":"https:\/\/serrafm879.com.br\/serrafm\/wp-content\/uploads\/2025\/07\/Captura-de-tela-2025-07-21-083549.png"},"aioseo_meta_data":{"post_id":"23380","title":null,"description":null,"keywords":null,"keyphrases":null,"primary_term":null,"canonical_url":null,"og_title":null,"og_description":null,"og_object_type":"default","og_image_type":"default","og_image_custom_url":null,"og_image_custom_fields":null,"og_image_url":null,"og_image_width":null,"og_image_height":null,"og_video":null,"og_custom_url":null,"og_article_section":null,"og_article_tags":null,"twitter_use_og":false,"twitter_card":"default","twitter_image_type":"default","twitter_image_custom_url":null,"twitter_image_custom_fields":null,"twitter_image_url":null,"twitter_title":null,"twitter_description":null,"schema_type":"default","schema_type_options":null,"schema":{"blockGraphs":[],"customGraphs":[],"default":{"data":{"Article":[],"Course":[],"Dataset":[],"FAQPage":[],"Movie":[],"Person":[],"Product":[],"ProductReview":[],"Car":[],"Recipe":[],"Service":[],"SoftwareApplication":[],"WebPage":[]},"graphName":"","isEnabled":true},"graphs":[]},"pillar_content":false,"robots_default":true,"robots_noindex":false,"robots_noarchive":false,"robots_nosnippet":false,"robots_nofollow":false,"robots_noimageindex":false,"robots_noodp":false,"robots_notranslate":false,"robots_max_snippet":null,"robots_max_videopreview":null,"robots_max_imagepreview":"large","priority":null,"frequency":null,"local_seo":null,"limit_modified_date":false,"ai":null,"breadcrumb_settings":null,"seo_analyzer_scan_date":null,"created":"2026-07-21 16:17:46","updated":"2026-07-21 16:17:46"},"aioseo_breadcrumb":"<div class=\"aioseo-breadcrumbs\"><span class=\"aioseo-breadcrumb\">\n\t\t\t<a href=\"https:\/\/serrafm879.com.br\/serrafm\" title=\"Home\">Home<\/a>\n\t\t<\/span><span class=\"aioseo-breadcrumb-separator\">&raquo;<\/span><span class=\"aioseo-breadcrumb\">\n\t\t\t<a href=\"https:\/\/serrafm879.com.br\/serrafm\/categoria\/noticias\/\" title=\"Not\u00edcias\">Not\u00edcias<\/a>\n\t\t<\/span><span class=\"aioseo-breadcrumb-separator\">&raquo;<\/span><span class=\"aioseo-breadcrumb\">\n\t\t\tRaquel lan\u00e7a indireta para Jo\u00e3o Campos: \u201cIsso n\u00e3o se faz pelo Instagram\u201d\n\t\t<\/span><\/div>","aioseo_breadcrumb_json":[{"label":"Home","link":"https:\/\/serrafm879.com.br\/serrafm"},{"label":"Not\u00edcias","link":"https:\/\/serrafm879.com.br\/serrafm\/categoria\/noticias\/"},{"label":"Raquel lan\u00e7a indireta para Jo\u00e3o Campos: \u201cIsso n\u00e3o se faz pelo Instagram\u201d","link":"https:\/\/serrafm879.com.br\/serrafm\/2025\/07\/raquel-lanca-indireta-para-joao-campos-isso-nao-se-faz-pelo-instagram\/"}],"jetpack_publicize_connections":[],"jetpack_featured_media_url":"https:\/\/serrafm879.com.br\/serrafm\/wp-content\/uploads\/2025\/07\/Captura-de-tela-2025-07-21-083549.png","jetpack_shortlink":"https:\/\/wp.me\/p7HyXg-656","jetpack_sharing_enabled":true,"_links":{"self":[{"href":"https:\/\/serrafm879.com.br\/serrafm\/wp-json\/wp\/v2\/posts\/23380","targetHints":{"allow":["GET"]}}],"collection":[{"href":"https:\/\/serrafm879.com.br\/serrafm\/wp-json\/wp\/v2\/posts"}],"about":[{"href":"https:\/\/serrafm879.com.br\/serrafm\/wp-json\/wp\/v2\/types\/post"}],"author":[{"embeddable":true,"href":"https:\/\/serrafm879.com.br\/serrafm\/wp-json\/wp\/v2\/users\/2"}],"replies":[{"embeddable":true,"href":"https:\/\/serrafm879.com.br\/serrafm\/wp-json\/wp\/v2\/comments?post=23380"}],"version-history":[{"count":1,"href":"https:\/\/serrafm879.com.br\/serrafm\/wp-json\/wp\/v2\/posts\/23380\/revisions"}],"predecessor-version":[{"id":23382,"href":"https:\/\/serrafm879.com.br\/serrafm\/wp-json\/wp\/v2\/posts\/23380\/revisions\/23382"}],"wp:featuredmedia":[{"embeddable":true,"href":"https:\/\/serrafm879.com.br\/serrafm\/wp-json\/wp\/v2\/media\/23381"}],"wp:attachment":[{"href":"https:\/\/serrafm879.com.br\/serrafm\/wp-json\/wp\/v2\/media?parent=23380"}],"wp:term":[{"taxonomy":"category","embeddable":true,"href":"https:\/\/serrafm879.com.br\/serrafm\/wp-json\/wp\/v2\/categories?post=23380"},{"taxonomy":"post_tag","embeddable":true,"href":"https:\/\/serrafm879.com.br\/serrafm\/wp-json\/wp\/v2\/tags?post=23380"}],"curies":[{"name":"wp","href":"https:\/\/api.w.org\/{rel}","templated":true}]}}