{"id":23386,"date":"2025-07-21T08:55:36","date_gmt":"2025-07-21T11:55:36","guid":{"rendered":"https:\/\/serrafm879.com.br\/serrafm\/?p=23386"},"modified":"2025-07-21T08:55:36","modified_gmt":"2025-07-21T11:55:36","slug":"simbolo-internacional-do-autismo-podera-passar-as-ser-obrigatorio-em-vagas-para-pessoas-com-deficiencia","status":"publish","type":"post","link":"https:\/\/serrafm879.com.br\/serrafm\/2025\/07\/simbolo-internacional-do-autismo-podera-passar-as-ser-obrigatorio-em-vagas-para-pessoas-com-deficiencia\/","title":{"rendered":"S\u00edmbolo internacional do autismo poder\u00e1 passar as ser obrigat\u00f3rio em vagas para pessoas com defici\u00eancia"},"content":{"rendered":"<p>Foi aprovado pela Comiss\u00e3o de Constitui\u00e7\u00e3o e Justi\u00e7a da C\u00e2mara dos Deputados projeto de lei (PL 1727\/2022) que determina a fixa\u00e7\u00e3o do s\u00edmbolo internacional do autismo nas vagas reservadas a pessoas com defici\u00eancia.<\/p>\n<p>O s\u00edmbolo internacional do TEA, Transtorno do Espectro Autista, \u00e9 um la\u00e7o estampado com um quebra-cabe\u00e7a colorido.<\/p>\n<p>Pela proposta aprovada, a futura regra valer\u00e1 para shopping centers e estabelecimentos p\u00fablicos que disponham de mais de 100 vagas de estacionamento.<\/p>\n<p>Segundo o texto, a comprova\u00e7\u00e3o do direito ao uso da vaga reservada ocorrer\u00e1 com a apresenta\u00e7\u00e3o da Carteira de Identifica\u00e7\u00e3o da Pessoa com Transtorno do Espectro Autista (Ciptea), sendo dispensada a exig\u00eancia de qualquer outra comprova\u00e7\u00e3o ou autoriza\u00e7\u00e3o para uso da vaga.<\/p>\n<p>O projeto original previa que 2% das vagas dos estacionamentos com mais de 100 lugares fossem destinados a pessoas com o Transtorno do Espectro Autista.<\/p>\n<p>Por recomenda\u00e7\u00e3o do relator, deputado [[Diego Garcia]] (Republicanos-PR), a vers\u00e3o aprovada foi a da Comiss\u00e3o de Defesa dos Direitos das Pessoas com Defici\u00eancia.<\/p>\n<p>O novo texto determina que os shoppings e estabelecimentos p\u00fablicos que disponham de mais de 100 vagas de estacionamento dever\u00e3o afixar o s\u00edmbolo internacional do autismo em todas as placas de vagas especiais, para incluir pessoas com TEA, com qualquer grau de suporte, entre os beneficiados.<\/p>\n<p>O deputado Diego Garcia defendeu o avan\u00e7o das pol\u00edticas p\u00fablicas:<\/p>\n<p>\u201cCom o avan\u00e7o da sa\u00fade, da ci\u00eancia, o acesso aos especialistas, vem crescendo o n\u00famero de pessoas com o diagn\u00f3stico de transtorno do espectro autista e ao mesmo tempo, as pol\u00edticas p\u00fablicas, a legisla\u00e7\u00e3o, ela precisa acompanhar esses avan\u00e7os.\u201d<\/p>\n<p>A proposta que determina a fixa\u00e7\u00e3o do s\u00edmbolo internacional do autismo nas vagas de estacionamento para pessoas com defici\u00eancia, aprovada tamb\u00e9m pela Comiss\u00e3o de Desenvolvimento Urbano, seguir\u00e1 para o Senado, a menos que haja recurso para an\u00e1lise no Plen\u00e1rio da C\u00e2mara.<\/p>\n<p>Da R\u00e1dio C\u00e2mara, de Bras\u00edlia, Isadora Marinho.<\/p>\n","protected":false},"excerpt":{"rendered":"<p>Foi aprovado pela Comiss\u00e3o de Constitui\u00e7\u00e3o e Justi\u00e7a da C\u00e2mara dos Deputados projeto de lei (PL 1727\/2022) que determina a fixa\u00e7\u00e3o do s\u00edmbolo internacional do autismo nas vagas reservadas a pessoas com defici\u00eancia. O s\u00edmbolo internacional do TEA, Transtorno do Espectro Autista, \u00e9 um la\u00e7o estampado com um quebra-cabe\u00e7a colorido. Pela proposta aprovada, a futura regra valer\u00e1 para shopping centers e estabelecimentos p\u00fablicos que disponham de mais de 100 vagas de estacionamento. Segundo o texto, a comprova\u00e7\u00e3o do direito ao uso da vaga reservada ocorrer\u00e1 com a apresenta\u00e7\u00e3o da Carteira de Identifica\u00e7\u00e3o da Pessoa com Transtorno do Espectro Autista (Ciptea), [&hellip;]<\/p>\n","protected":false},"author":2,"featured_media":23387,"comment_status":"open","ping_status":"open","sticky":false,"template":"","format":"standard","meta":{"_jetpack_newsletter_access":"","_jetpack_dont_email_post_to_subs":false,"_jetpack_newsletter_tier_id":0,"_jetpack_memberships_contains_paywalled_content":false,"_jetpack_feature_clip_id":0,"_jetpack_memberships_contains_paid_content":false,"footnotes":"","jetpack_publicize_message":"","jetpack_publicize_feature_enabled":true,"jetpack_social_post_already_shared":true,"jetpack_social_options":{"image_generator_settings":{"template":"highway","default_image_id":0,"font":"","enabled":false},"version":2},"jetpack_post_was_ever_published":false},"categories":[2],"tags":[],"class_list":["post-23386","post","type-post","status-publish","format-standard","has-post-thumbnail","hentry","category-noticias"],"aioseo_notices":[],"aioseo_head":"\n\t\t<!-- All in One SEO 4.9.10 - aioseo.com -->\n\t<meta name=\"description\" content=\"Foi aprovado pela Comiss\u00e3o de Constitui\u00e7\u00e3o e Justi\u00e7a da C\u00e2mara dos Deputados projeto de lei (PL 1727\/2022) que determina a fixa\u00e7\u00e3o do s\u00edmbolo internacional do autismo nas vagas reservadas a pessoas com defici\u00eancia. O s\u00edmbolo internacional do TEA, Transtorno do Espectro Autista, \u00e9 um la\u00e7o estampado com um quebra-cabe\u00e7a colorido. Pela proposta aprovada, a futura\" \/>\n\t<meta name=\"robots\" content=\"max-image-preview:large\" \/>\n\t<meta name=\"author\" content=\"serrafm87\"\/>\n\t<link rel=\"canonical\" href=\"https:\/\/serrafm879.com.br\/serrafm\/2025\/07\/simbolo-internacional-do-autismo-podera-passar-as-ser-obrigatorio-em-vagas-para-pessoas-com-deficiencia\/\" \/>\n\t<meta name=\"generator\" content=\"All in One SEO (AIOSEO) 4.9.10\" \/>\n\t\t<meta name=\"twitter:card\" content=\"summary_large_image\" \/>\n\t\t<meta name=\"twitter:title\" content=\"S\u00edmbolo internacional do autismo poder\u00e1 passar as ser obrigat\u00f3rio em vagas para pessoas com defici\u00eancia - Serra FM 87,9\" \/>\n\t\t<meta name=\"twitter:description\" content=\"Foi aprovado pela Comiss\u00e3o de Constitui\u00e7\u00e3o e Justi\u00e7a da C\u00e2mara dos Deputados projeto de lei (PL 1727\/2022) que determina a fixa\u00e7\u00e3o do s\u00edmbolo internacional do autismo nas vagas reservadas a pessoas com defici\u00eancia. O s\u00edmbolo internacional do TEA, Transtorno do Espectro Autista, \u00e9 um la\u00e7o estampado com um quebra-cabe\u00e7a colorido. Pela proposta aprovada, a futura\" \/>\n\t\t<meta name=\"twitter:image\" content=\"https:\/\/serrafm879.com.br\/serrafm\/wp-content\/uploads\/2025\/07\/transferir-3.jpg\" \/>\n\t\t<script type=\"application\/ld+json\" class=\"aioseo-schema\">\n\t\t\t{\"@context\":\"https:\\\/\\\/schema.org\",\"@graph\":[{\"@type\":\"BlogPosting\",\"@id\":\"https:\\\/\\\/serrafm879.com.br\\\/serrafm\\\/2025\\\/07\\\/simbolo-internacional-do-autismo-podera-passar-as-ser-obrigatorio-em-vagas-para-pessoas-com-deficiencia\\\/#blogposting\",\"name\":\"S\\u00edmbolo internacional do autismo poder\\u00e1 passar as ser obrigat\\u00f3rio em vagas para pessoas com defici\\u00eancia - Serra FM 87,9\",\"headline\":\"S\\u00edmbolo internacional do autismo poder\\u00e1 passar as ser obrigat\\u00f3rio em vagas para pessoas com defici\\u00eancia\",\"author\":{\"@id\":\"https:\\\/\\\/serrafm879.com.br\\\/serrafm\\\/author\\\/serrafm87\\\/#author\"},\"publisher\":{\"@id\":\"https:\\\/\\\/serrafm879.com.br\\\/serrafm\\\/#organization\"},\"image\":{\"@type\":\"ImageObject\",\"url\":\"https:\\\/\\\/serrafm879.com.br\\\/serrafm\\\/wp-content\\\/uploads\\\/2025\\\/07\\\/transferir-3.jpg\",\"width\":275,\"height\":183},\"datePublished\":\"2025-07-21T08:55:36-03:00\",\"dateModified\":\"2025-07-21T08:55:36-03:00\",\"inLanguage\":\"pt-BR\",\"mainEntityOfPage\":{\"@id\":\"https:\\\/\\\/serrafm879.com.br\\\/serrafm\\\/2025\\\/07\\\/simbolo-internacional-do-autismo-podera-passar-as-ser-obrigatorio-em-vagas-para-pessoas-com-deficiencia\\\/#webpage\"},\"isPartOf\":{\"@id\":\"https:\\\/\\\/serrafm879.com.br\\\/serrafm\\\/2025\\\/07\\\/simbolo-internacional-do-autismo-podera-passar-as-ser-obrigatorio-em-vagas-para-pessoas-com-deficiencia\\\/#webpage\"},\"articleSection\":\"Not\\u00edcias\"},{\"@type\":\"BreadcrumbList\",\"@id\":\"https:\\\/\\\/serrafm879.com.br\\\/serrafm\\\/2025\\\/07\\\/simbolo-internacional-do-autismo-podera-passar-as-ser-obrigatorio-em-vagas-para-pessoas-com-deficiencia\\\/#breadcrumblist\",\"itemListElement\":[{\"@type\":\"ListItem\",\"@id\":\"https:\\\/\\\/serrafm879.com.br\\\/serrafm#listItem\",\"position\":1,\"name\":\"Home\",\"item\":\"https:\\\/\\\/serrafm879.com.br\\\/serrafm\",\"nextItem\":{\"@type\":\"ListItem\",\"@id\":\"https:\\\/\\\/serrafm879.com.br\\\/serrafm\\\/categoria\\\/noticias\\\/#listItem\",\"name\":\"Not\\u00edcias\"}},{\"@type\":\"ListItem\",\"@id\":\"https:\\\/\\\/serrafm879.com.br\\\/serrafm\\\/categoria\\\/noticias\\\/#listItem\",\"position\":2,\"name\":\"Not\\u00edcias\",\"item\":\"https:\\\/\\\/serrafm879.com.br\\\/serrafm\\\/categoria\\\/noticias\\\/\",\"nextItem\":{\"@type\":\"ListItem\",\"@id\":\"https:\\\/\\\/serrafm879.com.br\\\/serrafm\\\/2025\\\/07\\\/simbolo-internacional-do-autismo-podera-passar-as-ser-obrigatorio-em-vagas-para-pessoas-com-deficiencia\\\/#listItem\",\"name\":\"S\\u00edmbolo internacional do autismo poder\\u00e1 passar as ser obrigat\\u00f3rio em vagas para pessoas com defici\\u00eancia\"},\"previousItem\":{\"@type\":\"ListItem\",\"@id\":\"https:\\\/\\\/serrafm879.com.br\\\/serrafm#listItem\",\"name\":\"Home\"}},{\"@type\":\"ListItem\",\"@id\":\"https:\\\/\\\/serrafm879.com.br\\\/serrafm\\\/2025\\\/07\\\/simbolo-internacional-do-autismo-podera-passar-as-ser-obrigatorio-em-vagas-para-pessoas-com-deficiencia\\\/#listItem\",\"position\":3,\"name\":\"S\\u00edmbolo internacional do autismo poder\\u00e1 passar as ser obrigat\\u00f3rio em vagas para pessoas com defici\\u00eancia\",\"previousItem\":{\"@type\":\"ListItem\",\"@id\":\"https:\\\/\\\/serrafm879.com.br\\\/serrafm\\\/categoria\\\/noticias\\\/#listItem\",\"name\":\"Not\\u00edcias\"}}]},{\"@type\":\"Organization\",\"@id\":\"https:\\\/\\\/serrafm879.com.br\\\/serrafm\\\/#organization\",\"name\":\"Serra FM 87,9\",\"description\":\"O seu novo amor!\",\"url\":\"https:\\\/\\\/serrafm879.com.br\\\/serrafm\\\/\"},{\"@type\":\"Person\",\"@id\":\"https:\\\/\\\/serrafm879.com.br\\\/serrafm\\\/author\\\/serrafm87\\\/#author\",\"url\":\"https:\\\/\\\/serrafm879.com.br\\\/serrafm\\\/author\\\/serrafm87\\\/\",\"name\":\"serrafm87\",\"image\":{\"@type\":\"ImageObject\",\"@id\":\"https:\\\/\\\/serrafm879.com.br\\\/serrafm\\\/2025\\\/07\\\/simbolo-internacional-do-autismo-podera-passar-as-ser-obrigatorio-em-vagas-para-pessoas-com-deficiencia\\\/#authorImage\",\"url\":\"https:\\\/\\\/secure.gravatar.com\\\/avatar\\\/a743233f1112d34f48bb3dc9559b76eb930bab8b27175856cba6362608736235?s=96&d=mm&r=g\",\"width\":96,\"height\":96,\"caption\":\"serrafm87\"}},{\"@type\":\"WebPage\",\"@id\":\"https:\\\/\\\/serrafm879.com.br\\\/serrafm\\\/2025\\\/07\\\/simbolo-internacional-do-autismo-podera-passar-as-ser-obrigatorio-em-vagas-para-pessoas-com-deficiencia\\\/#webpage\",\"url\":\"https:\\\/\\\/serrafm879.com.br\\\/serrafm\\\/2025\\\/07\\\/simbolo-internacional-do-autismo-podera-passar-as-ser-obrigatorio-em-vagas-para-pessoas-com-deficiencia\\\/\",\"name\":\"S\\u00edmbolo internacional do autismo poder\\u00e1 passar as ser obrigat\\u00f3rio em vagas para pessoas com defici\\u00eancia - Serra FM 87,9\",\"description\":\"Foi aprovado pela Comiss\\u00e3o de Constitui\\u00e7\\u00e3o e Justi\\u00e7a da C\\u00e2mara dos Deputados projeto de lei (PL 1727\\\/2022) que determina a fixa\\u00e7\\u00e3o do s\\u00edmbolo internacional do autismo nas vagas reservadas a pessoas com defici\\u00eancia. O s\\u00edmbolo internacional do TEA, Transtorno do Espectro Autista, \\u00e9 um la\\u00e7o estampado com um quebra-cabe\\u00e7a colorido. Pela proposta aprovada, a futura\",\"inLanguage\":\"pt-BR\",\"isPartOf\":{\"@id\":\"https:\\\/\\\/serrafm879.com.br\\\/serrafm\\\/#website\"},\"breadcrumb\":{\"@id\":\"https:\\\/\\\/serrafm879.com.br\\\/serrafm\\\/2025\\\/07\\\/simbolo-internacional-do-autismo-podera-passar-as-ser-obrigatorio-em-vagas-para-pessoas-com-deficiencia\\\/#breadcrumblist\"},\"author\":{\"@id\":\"https:\\\/\\\/serrafm879.com.br\\\/serrafm\\\/author\\\/serrafm87\\\/#author\"},\"creator\":{\"@id\":\"https:\\\/\\\/serrafm879.com.br\\\/serrafm\\\/author\\\/serrafm87\\\/#author\"},\"image\":{\"@type\":\"ImageObject\",\"url\":\"https:\\\/\\\/serrafm879.com.br\\\/serrafm\\\/wp-content\\\/uploads\\\/2025\\\/07\\\/transferir-3.jpg\",\"@id\":\"https:\\\/\\\/serrafm879.com.br\\\/serrafm\\\/2025\\\/07\\\/simbolo-internacional-do-autismo-podera-passar-as-ser-obrigatorio-em-vagas-para-pessoas-com-deficiencia\\\/#mainImage\",\"width\":275,\"height\":183},\"primaryImageOfPage\":{\"@id\":\"https:\\\/\\\/serrafm879.com.br\\\/serrafm\\\/2025\\\/07\\\/simbolo-internacional-do-autismo-podera-passar-as-ser-obrigatorio-em-vagas-para-pessoas-com-deficiencia\\\/#mainImage\"},\"datePublished\":\"2025-07-21T08:55:36-03:00\",\"dateModified\":\"2025-07-21T08:55:36-03:00\"},{\"@type\":\"WebSite\",\"@id\":\"https:\\\/\\\/serrafm879.com.br\\\/serrafm\\\/#website\",\"url\":\"https:\\\/\\\/serrafm879.com.br\\\/serrafm\\\/\",\"name\":\"Serra FM 87,9\",\"description\":\"O seu novo amor!\",\"inLanguage\":\"pt-BR\",\"publisher\":{\"@id\":\"https:\\\/\\\/serrafm879.com.br\\\/serrafm\\\/#organization\"}}]}\n\t\t<\/script>\n\t\t<!-- All in One SEO -->\n\n","aioseo_head_json":{"title":"S\u00edmbolo internacional do autismo poder\u00e1 passar as ser obrigat\u00f3rio em vagas para pessoas com defici\u00eancia - Serra FM 87,9","description":"Foi aprovado pela Comiss\u00e3o de Constitui\u00e7\u00e3o e Justi\u00e7a da C\u00e2mara dos Deputados projeto de lei (PL 1727\/2022) que determina a fixa\u00e7\u00e3o do s\u00edmbolo internacional do autismo nas vagas reservadas a pessoas com defici\u00eancia. O s\u00edmbolo internacional do TEA, Transtorno do Espectro Autista, \u00e9 um la\u00e7o estampado com um quebra-cabe\u00e7a colorido. Pela proposta aprovada, a futura","canonical_url":"https:\/\/serrafm879.com.br\/serrafm\/2025\/07\/simbolo-internacional-do-autismo-podera-passar-as-ser-obrigatorio-em-vagas-para-pessoas-com-deficiencia\/","robots":"max-image-preview:large","keywords":"","webmasterTools":{"miscellaneous":""},"schema":{"@context":"https:\/\/schema.org","@graph":[{"@type":"BlogPosting","@id":"https:\/\/serrafm879.com.br\/serrafm\/2025\/07\/simbolo-internacional-do-autismo-podera-passar-as-ser-obrigatorio-em-vagas-para-pessoas-com-deficiencia\/#blogposting","name":"S\u00edmbolo internacional do autismo poder\u00e1 passar as ser obrigat\u00f3rio em vagas para pessoas com defici\u00eancia - Serra FM 87,9","headline":"S\u00edmbolo internacional do autismo poder\u00e1 passar as ser obrigat\u00f3rio em vagas para pessoas com defici\u00eancia","author":{"@id":"https:\/\/serrafm879.com.br\/serrafm\/author\/serrafm87\/#author"},"publisher":{"@id":"https:\/\/serrafm879.com.br\/serrafm\/#organization"},"image":{"@type":"ImageObject","url":"https:\/\/serrafm879.com.br\/serrafm\/wp-content\/uploads\/2025\/07\/transferir-3.jpg","width":275,"height":183},"datePublished":"2025-07-21T08:55:36-03:00","dateModified":"2025-07-21T08:55:36-03:00","inLanguage":"pt-BR","mainEntityOfPage":{"@id":"https:\/\/serrafm879.com.br\/serrafm\/2025\/07\/simbolo-internacional-do-autismo-podera-passar-as-ser-obrigatorio-em-vagas-para-pessoas-com-deficiencia\/#webpage"},"isPartOf":{"@id":"https:\/\/serrafm879.com.br\/serrafm\/2025\/07\/simbolo-internacional-do-autismo-podera-passar-as-ser-obrigatorio-em-vagas-para-pessoas-com-deficiencia\/#webpage"},"articleSection":"Not\u00edcias"},{"@type":"BreadcrumbList","@id":"https:\/\/serrafm879.com.br\/serrafm\/2025\/07\/simbolo-internacional-do-autismo-podera-passar-as-ser-obrigatorio-em-vagas-para-pessoas-com-deficiencia\/#breadcrumblist","itemListElement":[{"@type":"ListItem","@id":"https:\/\/serrafm879.com.br\/serrafm#listItem","position":1,"name":"Home","item":"https:\/\/serrafm879.com.br\/serrafm","nextItem":{"@type":"ListItem","@id":"https:\/\/serrafm879.com.br\/serrafm\/categoria\/noticias\/#listItem","name":"Not\u00edcias"}},{"@type":"ListItem","@id":"https:\/\/serrafm879.com.br\/serrafm\/categoria\/noticias\/#listItem","position":2,"name":"Not\u00edcias","item":"https:\/\/serrafm879.com.br\/serrafm\/categoria\/noticias\/","nextItem":{"@type":"ListItem","@id":"https:\/\/serrafm879.com.br\/serrafm\/2025\/07\/simbolo-internacional-do-autismo-podera-passar-as-ser-obrigatorio-em-vagas-para-pessoas-com-deficiencia\/#listItem","name":"S\u00edmbolo internacional do autismo poder\u00e1 passar as ser obrigat\u00f3rio em vagas para pessoas com defici\u00eancia"},"previousItem":{"@type":"ListItem","@id":"https:\/\/serrafm879.com.br\/serrafm#listItem","name":"Home"}},{"@type":"ListItem","@id":"https:\/\/serrafm879.com.br\/serrafm\/2025\/07\/simbolo-internacional-do-autismo-podera-passar-as-ser-obrigatorio-em-vagas-para-pessoas-com-deficiencia\/#listItem","position":3,"name":"S\u00edmbolo internacional do autismo poder\u00e1 passar as ser obrigat\u00f3rio em vagas para pessoas com defici\u00eancia","previousItem":{"@type":"ListItem","@id":"https:\/\/serrafm879.com.br\/serrafm\/categoria\/noticias\/#listItem","name":"Not\u00edcias"}}]},{"@type":"Organization","@id":"https:\/\/serrafm879.com.br\/serrafm\/#organization","name":"Serra FM 87,9","description":"O seu novo amor!","url":"https:\/\/serrafm879.com.br\/serrafm\/"},{"@type":"Person","@id":"https:\/\/serrafm879.com.br\/serrafm\/author\/serrafm87\/#author","url":"https:\/\/serrafm879.com.br\/serrafm\/author\/serrafm87\/","name":"serrafm87","image":{"@type":"ImageObject","@id":"https:\/\/serrafm879.com.br\/serrafm\/2025\/07\/simbolo-internacional-do-autismo-podera-passar-as-ser-obrigatorio-em-vagas-para-pessoas-com-deficiencia\/#authorImage","url":"https:\/\/secure.gravatar.com\/avatar\/a743233f1112d34f48bb3dc9559b76eb930bab8b27175856cba6362608736235?s=96&d=mm&r=g","width":96,"height":96,"caption":"serrafm87"}},{"@type":"WebPage","@id":"https:\/\/serrafm879.com.br\/serrafm\/2025\/07\/simbolo-internacional-do-autismo-podera-passar-as-ser-obrigatorio-em-vagas-para-pessoas-com-deficiencia\/#webpage","url":"https:\/\/serrafm879.com.br\/serrafm\/2025\/07\/simbolo-internacional-do-autismo-podera-passar-as-ser-obrigatorio-em-vagas-para-pessoas-com-deficiencia\/","name":"S\u00edmbolo internacional do autismo poder\u00e1 passar as ser obrigat\u00f3rio em vagas para pessoas com defici\u00eancia - Serra FM 87,9","description":"Foi aprovado pela Comiss\u00e3o de Constitui\u00e7\u00e3o e Justi\u00e7a da C\u00e2mara dos Deputados projeto de lei (PL 1727\/2022) que determina a fixa\u00e7\u00e3o do s\u00edmbolo internacional do autismo nas vagas reservadas a pessoas com defici\u00eancia. O s\u00edmbolo internacional do TEA, Transtorno do Espectro Autista, \u00e9 um la\u00e7o estampado com um quebra-cabe\u00e7a colorido. Pela proposta aprovada, a futura","inLanguage":"pt-BR","isPartOf":{"@id":"https:\/\/serrafm879.com.br\/serrafm\/#website"},"breadcrumb":{"@id":"https:\/\/serrafm879.com.br\/serrafm\/2025\/07\/simbolo-internacional-do-autismo-podera-passar-as-ser-obrigatorio-em-vagas-para-pessoas-com-deficiencia\/#breadcrumblist"},"author":{"@id":"https:\/\/serrafm879.com.br\/serrafm\/author\/serrafm87\/#author"},"creator":{"@id":"https:\/\/serrafm879.com.br\/serrafm\/author\/serrafm87\/#author"},"image":{"@type":"ImageObject","url":"https:\/\/serrafm879.com.br\/serrafm\/wp-content\/uploads\/2025\/07\/transferir-3.jpg","@id":"https:\/\/serrafm879.com.br\/serrafm\/2025\/07\/simbolo-internacional-do-autismo-podera-passar-as-ser-obrigatorio-em-vagas-para-pessoas-com-deficiencia\/#mainImage","width":275,"height":183},"primaryImageOfPage":{"@id":"https:\/\/serrafm879.com.br\/serrafm\/2025\/07\/simbolo-internacional-do-autismo-podera-passar-as-ser-obrigatorio-em-vagas-para-pessoas-com-deficiencia\/#mainImage"},"datePublished":"2025-07-21T08:55:36-03:00","dateModified":"2025-07-21T08:55:36-03:00"},{"@type":"WebSite","@id":"https:\/\/serrafm879.com.br\/serrafm\/#website","url":"https:\/\/serrafm879.com.br\/serrafm\/","name":"Serra FM 87,9","description":"O seu novo amor!","inLanguage":"pt-BR","publisher":{"@id":"https:\/\/serrafm879.com.br\/serrafm\/#organization"}}]},"twitter:card":"summary_large_image","twitter:title":"S\u00edmbolo internacional do autismo poder\u00e1 passar as ser obrigat\u00f3rio em vagas para pessoas com defici\u00eancia - Serra FM 87,9","twitter:description":"Foi aprovado pela Comiss\u00e3o de Constitui\u00e7\u00e3o e Justi\u00e7a da C\u00e2mara dos Deputados projeto de lei (PL 1727\/2022) que determina a fixa\u00e7\u00e3o do s\u00edmbolo internacional do autismo nas vagas reservadas a pessoas com defici\u00eancia. O s\u00edmbolo internacional do TEA, Transtorno do Espectro Autista, \u00e9 um la\u00e7o estampado com um quebra-cabe\u00e7a colorido. Pela proposta aprovada, a futura","twitter:image":"https:\/\/serrafm879.com.br\/serrafm\/wp-content\/uploads\/2025\/07\/transferir-3.jpg"},"aioseo_meta_data":{"post_id":"23386","title":null,"description":null,"keywords":null,"keyphrases":null,"primary_term":null,"canonical_url":null,"og_title":null,"og_description":null,"og_object_type":"default","og_image_type":"default","og_image_custom_url":null,"og_image_custom_fields":null,"og_image_url":null,"og_image_width":null,"og_image_height":null,"og_video":null,"og_custom_url":null,"og_article_section":null,"og_article_tags":null,"twitter_use_og":false,"twitter_card":"default","twitter_image_type":"default","twitter_image_custom_url":null,"twitter_image_custom_fields":null,"twitter_image_url":null,"twitter_title":null,"twitter_description":null,"schema_type":"default","schema_type_options":null,"schema":{"blockGraphs":[],"customGraphs":[],"default":{"data":{"Article":[],"Course":[],"Dataset":[],"FAQPage":[],"Movie":[],"Person":[],"Product":[],"ProductReview":[],"Car":[],"Recipe":[],"Service":[],"SoftwareApplication":[],"WebPage":[]},"graphName":"","isEnabled":true},"graphs":[]},"pillar_content":false,"robots_default":true,"robots_noindex":false,"robots_noarchive":false,"robots_nosnippet":false,"robots_nofollow":false,"robots_noimageindex":false,"robots_noodp":false,"robots_notranslate":false,"robots_max_snippet":null,"robots_max_videopreview":null,"robots_max_imagepreview":"large","priority":null,"frequency":null,"local_seo":null,"limit_modified_date":false,"ai":null,"breadcrumb_settings":null,"seo_analyzer_scan_date":null,"created":"2026-07-21 16:17:46","updated":"2026-07-21 16:17:46"},"aioseo_breadcrumb":"<div class=\"aioseo-breadcrumbs\"><span class=\"aioseo-breadcrumb\">\n\t\t\t<a href=\"https:\/\/serrafm879.com.br\/serrafm\" title=\"Home\">Home<\/a>\n\t\t<\/span><span class=\"aioseo-breadcrumb-separator\">&raquo;<\/span><span class=\"aioseo-breadcrumb\">\n\t\t\t<a href=\"https:\/\/serrafm879.com.br\/serrafm\/categoria\/noticias\/\" title=\"Not\u00edcias\">Not\u00edcias<\/a>\n\t\t<\/span><span class=\"aioseo-breadcrumb-separator\">&raquo;<\/span><span class=\"aioseo-breadcrumb\">\n\t\t\tS\u00edmbolo internacional do autismo poder\u00e1 passar as ser obrigat\u00f3rio em vagas para pessoas com defici\u00eancia\n\t\t<\/span><\/div>","aioseo_breadcrumb_json":[{"label":"Home","link":"https:\/\/serrafm879.com.br\/serrafm"},{"label":"Not\u00edcias","link":"https:\/\/serrafm879.com.br\/serrafm\/categoria\/noticias\/"},{"label":"S\u00edmbolo internacional do autismo poder\u00e1 passar as ser obrigat\u00f3rio em vagas para pessoas com defici\u00eancia","link":"https:\/\/serrafm879.com.br\/serrafm\/2025\/07\/simbolo-internacional-do-autismo-podera-passar-as-ser-obrigatorio-em-vagas-para-pessoas-com-deficiencia\/"}],"jetpack_publicize_connections":[],"jetpack_featured_media_url":"https:\/\/serrafm879.com.br\/serrafm\/wp-content\/uploads\/2025\/07\/transferir-3.jpg","jetpack_shortlink":"https:\/\/wp.me\/p7HyXg-65c","jetpack_sharing_enabled":true,"_links":{"self":[{"href":"https:\/\/serrafm879.com.br\/serrafm\/wp-json\/wp\/v2\/posts\/23386","targetHints":{"allow":["GET"]}}],"collection":[{"href":"https:\/\/serrafm879.com.br\/serrafm\/wp-json\/wp\/v2\/posts"}],"about":[{"href":"https:\/\/serrafm879.com.br\/serrafm\/wp-json\/wp\/v2\/types\/post"}],"author":[{"embeddable":true,"href":"https:\/\/serrafm879.com.br\/serrafm\/wp-json\/wp\/v2\/users\/2"}],"replies":[{"embeddable":true,"href":"https:\/\/serrafm879.com.br\/serrafm\/wp-json\/wp\/v2\/comments?post=23386"}],"version-history":[{"count":1,"href":"https:\/\/serrafm879.com.br\/serrafm\/wp-json\/wp\/v2\/posts\/23386\/revisions"}],"predecessor-version":[{"id":23388,"href":"https:\/\/serrafm879.com.br\/serrafm\/wp-json\/wp\/v2\/posts\/23386\/revisions\/23388"}],"wp:featuredmedia":[{"embeddable":true,"href":"https:\/\/serrafm879.com.br\/serrafm\/wp-json\/wp\/v2\/media\/23387"}],"wp:attachment":[{"href":"https:\/\/serrafm879.com.br\/serrafm\/wp-json\/wp\/v2\/media?parent=23386"}],"wp:term":[{"taxonomy":"category","embeddable":true,"href":"https:\/\/serrafm879.com.br\/serrafm\/wp-json\/wp\/v2\/categories?post=23386"},{"taxonomy":"post_tag","embeddable":true,"href":"https:\/\/serrafm879.com.br\/serrafm\/wp-json\/wp\/v2\/tags?post=23386"}],"curies":[{"name":"wp","href":"https:\/\/api.w.org\/{rel}","templated":true}]}}