{"id":23392,"date":"2025-07-21T18:49:36","date_gmt":"2025-07-21T21:49:36","guid":{"rendered":"https:\/\/serrafm879.com.br\/serrafm\/?p=23392"},"modified":"2025-07-21T18:49:36","modified_gmt":"2025-07-21T21:49:36","slug":"morre-preta-gil-aos-50-anos-durante-tratamento-de-cancer-nos-eua","status":"publish","type":"post","link":"https:\/\/serrafm879.com.br\/serrafm\/2025\/07\/morre-preta-gil-aos-50-anos-durante-tratamento-de-cancer-nos-eua\/","title":{"rendered":"Morre Preta Gil, aos 50 anos, durante tratamento de c\u00e2ncer nos EUA"},"content":{"rendered":"<header class=\"entry-header\">\n<div class=\"entry-meta\"><span class=\"posted-on\"><time class=\"entry-date published\" datetime=\"2025-07-20T21:47:13-03:00\">20 de julho de 2025<\/time><\/span>\u00a0<span class=\"byline\">Por\u00a0<span class=\"author vcard\"><a class=\"url fn n\" title=\"Ver todos os posts por Cau\u00ea Rodrigues\" href=\"https:\/\/blogdocauerodrigues.com.br\/author\/caue-jwr\/\" rel=\"author\"><span class=\"author-name\">Cau\u00ea Rodrigues<\/span><\/a><\/span><\/span><\/div>\n<\/header>\n<div class=\"entry-content\">\n<p><a href=\"https:\/\/www.instagram.com\/pretagil\/\" target=\"_blank\" rel=\"noopener\">Preta Gil<\/a>\u00a0n\u00e3o resistiu ao tratamento contra o c\u00e2ncer nos EUA e morreu, neste domingo (20\/7). A coluna F\u00e1bia Oliveira descobriu que a cantora teve uma piora em seu quadro de sa\u00fade, desde a \u00faltima quarta-feira (16\/7).<\/p>\n<p data-gtm-vis-recent-on-screen104869357_94=\"57534\" data-gtm-vis-first-on-screen104869357_94=\"57534\" data-gtm-vis-total-visible-time104869357_94=\"100\" data-gtm-vis-has-fired104869357_94=\"1\">Ela, que tinha 50 anos, foi \u00e0 cl\u00ednica fazer mais uma sess\u00e3o de quimioterapia e se sentiu mal. L\u00e1, os m\u00e9dicos detectaram que a doen\u00e7a havia se alastrado.<\/p>\n<h3>Fam\u00edlia prepara comunicado<\/h3>\n<p>Esta jornalista sente muito em dar essa not\u00edcia. Procurada pela coluna, a assessoria de imprensa confirmou a informa\u00e7\u00e3o e informou que a fam\u00edlia deve se manifestar em breve.<\/p>\n<p><a href=\"https:\/\/www.metropoles.com\/colunas\/fabia-oliveira\/preta-gil-surge-em-fotos-ineditas-durante-tratamento-nos-eua\" target=\"_blank\" rel=\"noopener\">Amigos da artista e o filho, Francisco, est\u00e3o em terras americanas.<\/a>\u00a0Uma das melhores amigas de Preta Gil, Carolina Dieckmmann conseguiu uma brecha nas grava\u00e7\u00f5es da novela e viajou para os Estados Unidos, mas ela n\u00e3o sabia que o estado da cantora era t\u00e3o grave.<\/p>\n<\/div>\n","protected":false},"excerpt":{"rendered":"<p>20 de julho de 2025\u00a0Por\u00a0Cau\u00ea Rodrigues Preta Gil\u00a0n\u00e3o resistiu ao tratamento contra o c\u00e2ncer nos EUA e morreu, neste domingo (20\/7). A coluna F\u00e1bia Oliveira descobriu que a cantora teve uma piora em seu quadro de sa\u00fade, desde a \u00faltima quarta-feira (16\/7). Ela, que tinha 50 anos, foi \u00e0 cl\u00ednica fazer mais uma sess\u00e3o de quimioterapia e se sentiu mal. L\u00e1, os m\u00e9dicos detectaram que a doen\u00e7a havia se alastrado. Fam\u00edlia prepara comunicado Esta jornalista sente muito em dar essa not\u00edcia. Procurada pela coluna, a assessoria de imprensa confirmou a informa\u00e7\u00e3o e informou que a fam\u00edlia deve se manifestar em [&hellip;]<\/p>\n","protected":false},"author":2,"featured_media":23393,"comment_status":"open","ping_status":"open","sticky":false,"template":"","format":"standard","meta":{"_jetpack_newsletter_access":"","_jetpack_dont_email_post_to_subs":false,"_jetpack_newsletter_tier_id":0,"_jetpack_memberships_contains_paywalled_content":false,"_jetpack_feature_clip_id":0,"_jetpack_memberships_contains_paid_content":false,"footnotes":"","jetpack_publicize_message":"","jetpack_publicize_feature_enabled":true,"jetpack_social_post_already_shared":true,"jetpack_social_options":{"image_generator_settings":{"template":"highway","default_image_id":0,"font":"","enabled":false},"version":2},"jetpack_post_was_ever_published":false},"categories":[2],"tags":[],"class_list":["post-23392","post","type-post","status-publish","format-standard","has-post-thumbnail","hentry","category-noticias"],"aioseo_notices":[],"aioseo_head":"\n\t\t<!-- All in One SEO 4.9.10 - aioseo.com -->\n\t<meta name=\"description\" content=\"20 de julho de 2025 Por Cau\u00ea Rodrigues Preta Gil n\u00e3o resistiu ao tratamento contra o c\u00e2ncer nos EUA e morreu, neste domingo (20\/7). A coluna F\u00e1bia Oliveira descobriu que a cantora teve uma piora em seu quadro de sa\u00fade, desde a \u00faltima quarta-feira (16\/7). Ela, que tinha 50 anos, foi \u00e0 cl\u00ednica fazer mais uma sess\u00e3o de\" \/>\n\t<meta name=\"robots\" content=\"max-image-preview:large\" \/>\n\t<meta name=\"author\" content=\"serrafm87\"\/>\n\t<link rel=\"canonical\" href=\"https:\/\/serrafm879.com.br\/serrafm\/2025\/07\/morre-preta-gil-aos-50-anos-durante-tratamento-de-cancer-nos-eua\/\" \/>\n\t<meta name=\"generator\" content=\"All in One SEO (AIOSEO) 4.9.10\" \/>\n\t\t<meta name=\"twitter:card\" content=\"summary_large_image\" \/>\n\t\t<meta name=\"twitter:title\" content=\"Morre Preta Gil, aos 50 anos, durante tratamento de c\u00e2ncer nos EUA - Serra FM 87,9\" \/>\n\t\t<meta name=\"twitter:description\" content=\"20 de julho de 2025 Por Cau\u00ea Rodrigues Preta Gil n\u00e3o resistiu ao tratamento contra o c\u00e2ncer nos EUA e morreu, neste domingo (20\/7). A coluna F\u00e1bia Oliveira descobriu que a cantora teve uma piora em seu quadro de sa\u00fade, desde a \u00faltima quarta-feira (16\/7). Ela, que tinha 50 anos, foi \u00e0 cl\u00ednica fazer mais uma sess\u00e3o de\" \/>\n\t\t<meta name=\"twitter:image\" content=\"https:\/\/serrafm879.com.br\/serrafm\/wp-content\/uploads\/2025\/07\/download-1.jpg\" \/>\n\t\t<script type=\"application\/ld+json\" class=\"aioseo-schema\">\n\t\t\t{\"@context\":\"https:\\\/\\\/schema.org\",\"@graph\":[{\"@type\":\"BlogPosting\",\"@id\":\"https:\\\/\\\/serrafm879.com.br\\\/serrafm\\\/2025\\\/07\\\/morre-preta-gil-aos-50-anos-durante-tratamento-de-cancer-nos-eua\\\/#blogposting\",\"name\":\"Morre Preta Gil, aos 50 anos, durante tratamento de c\\u00e2ncer nos EUA - Serra FM 87,9\",\"headline\":\"Morre Preta Gil, aos 50 anos, durante tratamento de c\\u00e2ncer nos EUA\",\"author\":{\"@id\":\"https:\\\/\\\/serrafm879.com.br\\\/serrafm\\\/author\\\/serrafm87\\\/#author\"},\"publisher\":{\"@id\":\"https:\\\/\\\/serrafm879.com.br\\\/serrafm\\\/#organization\"},\"image\":{\"@type\":\"ImageObject\",\"url\":\"https:\\\/\\\/serrafm879.com.br\\\/serrafm\\\/wp-content\\\/uploads\\\/2025\\\/07\\\/download-1.jpg\",\"width\":275,\"height\":183},\"datePublished\":\"2025-07-21T18:49:36-03:00\",\"dateModified\":\"2025-07-21T18:49:36-03:00\",\"inLanguage\":\"pt-BR\",\"mainEntityOfPage\":{\"@id\":\"https:\\\/\\\/serrafm879.com.br\\\/serrafm\\\/2025\\\/07\\\/morre-preta-gil-aos-50-anos-durante-tratamento-de-cancer-nos-eua\\\/#webpage\"},\"isPartOf\":{\"@id\":\"https:\\\/\\\/serrafm879.com.br\\\/serrafm\\\/2025\\\/07\\\/morre-preta-gil-aos-50-anos-durante-tratamento-de-cancer-nos-eua\\\/#webpage\"},\"articleSection\":\"Not\\u00edcias\"},{\"@type\":\"BreadcrumbList\",\"@id\":\"https:\\\/\\\/serrafm879.com.br\\\/serrafm\\\/2025\\\/07\\\/morre-preta-gil-aos-50-anos-durante-tratamento-de-cancer-nos-eua\\\/#breadcrumblist\",\"itemListElement\":[{\"@type\":\"ListItem\",\"@id\":\"https:\\\/\\\/serrafm879.com.br\\\/serrafm#listItem\",\"position\":1,\"name\":\"Home\",\"item\":\"https:\\\/\\\/serrafm879.com.br\\\/serrafm\",\"nextItem\":{\"@type\":\"ListItem\",\"@id\":\"https:\\\/\\\/serrafm879.com.br\\\/serrafm\\\/categoria\\\/noticias\\\/#listItem\",\"name\":\"Not\\u00edcias\"}},{\"@type\":\"ListItem\",\"@id\":\"https:\\\/\\\/serrafm879.com.br\\\/serrafm\\\/categoria\\\/noticias\\\/#listItem\",\"position\":2,\"name\":\"Not\\u00edcias\",\"item\":\"https:\\\/\\\/serrafm879.com.br\\\/serrafm\\\/categoria\\\/noticias\\\/\",\"nextItem\":{\"@type\":\"ListItem\",\"@id\":\"https:\\\/\\\/serrafm879.com.br\\\/serrafm\\\/2025\\\/07\\\/morre-preta-gil-aos-50-anos-durante-tratamento-de-cancer-nos-eua\\\/#listItem\",\"name\":\"Morre Preta Gil, aos 50 anos, durante tratamento de c\\u00e2ncer nos EUA\"},\"previousItem\":{\"@type\":\"ListItem\",\"@id\":\"https:\\\/\\\/serrafm879.com.br\\\/serrafm#listItem\",\"name\":\"Home\"}},{\"@type\":\"ListItem\",\"@id\":\"https:\\\/\\\/serrafm879.com.br\\\/serrafm\\\/2025\\\/07\\\/morre-preta-gil-aos-50-anos-durante-tratamento-de-cancer-nos-eua\\\/#listItem\",\"position\":3,\"name\":\"Morre Preta Gil, aos 50 anos, durante tratamento de c\\u00e2ncer nos EUA\",\"previousItem\":{\"@type\":\"ListItem\",\"@id\":\"https:\\\/\\\/serrafm879.com.br\\\/serrafm\\\/categoria\\\/noticias\\\/#listItem\",\"name\":\"Not\\u00edcias\"}}]},{\"@type\":\"Organization\",\"@id\":\"https:\\\/\\\/serrafm879.com.br\\\/serrafm\\\/#organization\",\"name\":\"Serra FM 87,9\",\"description\":\"O seu novo amor!\",\"url\":\"https:\\\/\\\/serrafm879.com.br\\\/serrafm\\\/\"},{\"@type\":\"Person\",\"@id\":\"https:\\\/\\\/serrafm879.com.br\\\/serrafm\\\/author\\\/serrafm87\\\/#author\",\"url\":\"https:\\\/\\\/serrafm879.com.br\\\/serrafm\\\/author\\\/serrafm87\\\/\",\"name\":\"serrafm87\",\"image\":{\"@type\":\"ImageObject\",\"@id\":\"https:\\\/\\\/serrafm879.com.br\\\/serrafm\\\/2025\\\/07\\\/morre-preta-gil-aos-50-anos-durante-tratamento-de-cancer-nos-eua\\\/#authorImage\",\"url\":\"https:\\\/\\\/secure.gravatar.com\\\/avatar\\\/a743233f1112d34f48bb3dc9559b76eb930bab8b27175856cba6362608736235?s=96&d=mm&r=g\",\"width\":96,\"height\":96,\"caption\":\"serrafm87\"}},{\"@type\":\"WebPage\",\"@id\":\"https:\\\/\\\/serrafm879.com.br\\\/serrafm\\\/2025\\\/07\\\/morre-preta-gil-aos-50-anos-durante-tratamento-de-cancer-nos-eua\\\/#webpage\",\"url\":\"https:\\\/\\\/serrafm879.com.br\\\/serrafm\\\/2025\\\/07\\\/morre-preta-gil-aos-50-anos-durante-tratamento-de-cancer-nos-eua\\\/\",\"name\":\"Morre Preta Gil, aos 50 anos, durante tratamento de c\\u00e2ncer nos EUA - Serra FM 87,9\",\"description\":\"20 de julho de 2025 Por Cau\\u00ea Rodrigues Preta Gil n\\u00e3o resistiu ao tratamento contra o c\\u00e2ncer nos EUA e morreu, neste domingo (20\\\/7). A coluna F\\u00e1bia Oliveira descobriu que a cantora teve uma piora em seu quadro de sa\\u00fade, desde a \\u00faltima quarta-feira (16\\\/7). Ela, que tinha 50 anos, foi \\u00e0 cl\\u00ednica fazer mais uma sess\\u00e3o de\",\"inLanguage\":\"pt-BR\",\"isPartOf\":{\"@id\":\"https:\\\/\\\/serrafm879.com.br\\\/serrafm\\\/#website\"},\"breadcrumb\":{\"@id\":\"https:\\\/\\\/serrafm879.com.br\\\/serrafm\\\/2025\\\/07\\\/morre-preta-gil-aos-50-anos-durante-tratamento-de-cancer-nos-eua\\\/#breadcrumblist\"},\"author\":{\"@id\":\"https:\\\/\\\/serrafm879.com.br\\\/serrafm\\\/author\\\/serrafm87\\\/#author\"},\"creator\":{\"@id\":\"https:\\\/\\\/serrafm879.com.br\\\/serrafm\\\/author\\\/serrafm87\\\/#author\"},\"image\":{\"@type\":\"ImageObject\",\"url\":\"https:\\\/\\\/serrafm879.com.br\\\/serrafm\\\/wp-content\\\/uploads\\\/2025\\\/07\\\/download-1.jpg\",\"@id\":\"https:\\\/\\\/serrafm879.com.br\\\/serrafm\\\/2025\\\/07\\\/morre-preta-gil-aos-50-anos-durante-tratamento-de-cancer-nos-eua\\\/#mainImage\",\"width\":275,\"height\":183},\"primaryImageOfPage\":{\"@id\":\"https:\\\/\\\/serrafm879.com.br\\\/serrafm\\\/2025\\\/07\\\/morre-preta-gil-aos-50-anos-durante-tratamento-de-cancer-nos-eua\\\/#mainImage\"},\"datePublished\":\"2025-07-21T18:49:36-03:00\",\"dateModified\":\"2025-07-21T18:49:36-03:00\"},{\"@type\":\"WebSite\",\"@id\":\"https:\\\/\\\/serrafm879.com.br\\\/serrafm\\\/#website\",\"url\":\"https:\\\/\\\/serrafm879.com.br\\\/serrafm\\\/\",\"name\":\"Serra FM 87,9\",\"description\":\"O seu novo amor!\",\"inLanguage\":\"pt-BR\",\"publisher\":{\"@id\":\"https:\\\/\\\/serrafm879.com.br\\\/serrafm\\\/#organization\"}}]}\n\t\t<\/script>\n\t\t<!-- All in One SEO -->\n\n","aioseo_head_json":{"title":"Morre Preta Gil, aos 50 anos, durante tratamento de c\u00e2ncer nos EUA - Serra FM 87,9","description":"20 de julho de 2025 Por Cau\u00ea Rodrigues Preta Gil n\u00e3o resistiu ao tratamento contra o c\u00e2ncer nos EUA e morreu, neste domingo (20\/7). A coluna F\u00e1bia Oliveira descobriu que a cantora teve uma piora em seu quadro de sa\u00fade, desde a \u00faltima quarta-feira (16\/7). Ela, que tinha 50 anos, foi \u00e0 cl\u00ednica fazer mais uma sess\u00e3o de","canonical_url":"https:\/\/serrafm879.com.br\/serrafm\/2025\/07\/morre-preta-gil-aos-50-anos-durante-tratamento-de-cancer-nos-eua\/","robots":"max-image-preview:large","keywords":"","webmasterTools":{"miscellaneous":""},"schema":{"@context":"https:\/\/schema.org","@graph":[{"@type":"BlogPosting","@id":"https:\/\/serrafm879.com.br\/serrafm\/2025\/07\/morre-preta-gil-aos-50-anos-durante-tratamento-de-cancer-nos-eua\/#blogposting","name":"Morre Preta Gil, aos 50 anos, durante tratamento de c\u00e2ncer nos EUA - Serra FM 87,9","headline":"Morre Preta Gil, aos 50 anos, durante tratamento de c\u00e2ncer nos EUA","author":{"@id":"https:\/\/serrafm879.com.br\/serrafm\/author\/serrafm87\/#author"},"publisher":{"@id":"https:\/\/serrafm879.com.br\/serrafm\/#organization"},"image":{"@type":"ImageObject","url":"https:\/\/serrafm879.com.br\/serrafm\/wp-content\/uploads\/2025\/07\/download-1.jpg","width":275,"height":183},"datePublished":"2025-07-21T18:49:36-03:00","dateModified":"2025-07-21T18:49:36-03:00","inLanguage":"pt-BR","mainEntityOfPage":{"@id":"https:\/\/serrafm879.com.br\/serrafm\/2025\/07\/morre-preta-gil-aos-50-anos-durante-tratamento-de-cancer-nos-eua\/#webpage"},"isPartOf":{"@id":"https:\/\/serrafm879.com.br\/serrafm\/2025\/07\/morre-preta-gil-aos-50-anos-durante-tratamento-de-cancer-nos-eua\/#webpage"},"articleSection":"Not\u00edcias"},{"@type":"BreadcrumbList","@id":"https:\/\/serrafm879.com.br\/serrafm\/2025\/07\/morre-preta-gil-aos-50-anos-durante-tratamento-de-cancer-nos-eua\/#breadcrumblist","itemListElement":[{"@type":"ListItem","@id":"https:\/\/serrafm879.com.br\/serrafm#listItem","position":1,"name":"Home","item":"https:\/\/serrafm879.com.br\/serrafm","nextItem":{"@type":"ListItem","@id":"https:\/\/serrafm879.com.br\/serrafm\/categoria\/noticias\/#listItem","name":"Not\u00edcias"}},{"@type":"ListItem","@id":"https:\/\/serrafm879.com.br\/serrafm\/categoria\/noticias\/#listItem","position":2,"name":"Not\u00edcias","item":"https:\/\/serrafm879.com.br\/serrafm\/categoria\/noticias\/","nextItem":{"@type":"ListItem","@id":"https:\/\/serrafm879.com.br\/serrafm\/2025\/07\/morre-preta-gil-aos-50-anos-durante-tratamento-de-cancer-nos-eua\/#listItem","name":"Morre Preta Gil, aos 50 anos, durante tratamento de c\u00e2ncer nos EUA"},"previousItem":{"@type":"ListItem","@id":"https:\/\/serrafm879.com.br\/serrafm#listItem","name":"Home"}},{"@type":"ListItem","@id":"https:\/\/serrafm879.com.br\/serrafm\/2025\/07\/morre-preta-gil-aos-50-anos-durante-tratamento-de-cancer-nos-eua\/#listItem","position":3,"name":"Morre Preta Gil, aos 50 anos, durante tratamento de c\u00e2ncer nos EUA","previousItem":{"@type":"ListItem","@id":"https:\/\/serrafm879.com.br\/serrafm\/categoria\/noticias\/#listItem","name":"Not\u00edcias"}}]},{"@type":"Organization","@id":"https:\/\/serrafm879.com.br\/serrafm\/#organization","name":"Serra FM 87,9","description":"O seu novo amor!","url":"https:\/\/serrafm879.com.br\/serrafm\/"},{"@type":"Person","@id":"https:\/\/serrafm879.com.br\/serrafm\/author\/serrafm87\/#author","url":"https:\/\/serrafm879.com.br\/serrafm\/author\/serrafm87\/","name":"serrafm87","image":{"@type":"ImageObject","@id":"https:\/\/serrafm879.com.br\/serrafm\/2025\/07\/morre-preta-gil-aos-50-anos-durante-tratamento-de-cancer-nos-eua\/#authorImage","url":"https:\/\/secure.gravatar.com\/avatar\/a743233f1112d34f48bb3dc9559b76eb930bab8b27175856cba6362608736235?s=96&d=mm&r=g","width":96,"height":96,"caption":"serrafm87"}},{"@type":"WebPage","@id":"https:\/\/serrafm879.com.br\/serrafm\/2025\/07\/morre-preta-gil-aos-50-anos-durante-tratamento-de-cancer-nos-eua\/#webpage","url":"https:\/\/serrafm879.com.br\/serrafm\/2025\/07\/morre-preta-gil-aos-50-anos-durante-tratamento-de-cancer-nos-eua\/","name":"Morre Preta Gil, aos 50 anos, durante tratamento de c\u00e2ncer nos EUA - Serra FM 87,9","description":"20 de julho de 2025 Por Cau\u00ea Rodrigues Preta Gil n\u00e3o resistiu ao tratamento contra o c\u00e2ncer nos EUA e morreu, neste domingo (20\/7). A coluna F\u00e1bia Oliveira descobriu que a cantora teve uma piora em seu quadro de sa\u00fade, desde a \u00faltima quarta-feira (16\/7). Ela, que tinha 50 anos, foi \u00e0 cl\u00ednica fazer mais uma sess\u00e3o de","inLanguage":"pt-BR","isPartOf":{"@id":"https:\/\/serrafm879.com.br\/serrafm\/#website"},"breadcrumb":{"@id":"https:\/\/serrafm879.com.br\/serrafm\/2025\/07\/morre-preta-gil-aos-50-anos-durante-tratamento-de-cancer-nos-eua\/#breadcrumblist"},"author":{"@id":"https:\/\/serrafm879.com.br\/serrafm\/author\/serrafm87\/#author"},"creator":{"@id":"https:\/\/serrafm879.com.br\/serrafm\/author\/serrafm87\/#author"},"image":{"@type":"ImageObject","url":"https:\/\/serrafm879.com.br\/serrafm\/wp-content\/uploads\/2025\/07\/download-1.jpg","@id":"https:\/\/serrafm879.com.br\/serrafm\/2025\/07\/morre-preta-gil-aos-50-anos-durante-tratamento-de-cancer-nos-eua\/#mainImage","width":275,"height":183},"primaryImageOfPage":{"@id":"https:\/\/serrafm879.com.br\/serrafm\/2025\/07\/morre-preta-gil-aos-50-anos-durante-tratamento-de-cancer-nos-eua\/#mainImage"},"datePublished":"2025-07-21T18:49:36-03:00","dateModified":"2025-07-21T18:49:36-03:00"},{"@type":"WebSite","@id":"https:\/\/serrafm879.com.br\/serrafm\/#website","url":"https:\/\/serrafm879.com.br\/serrafm\/","name":"Serra FM 87,9","description":"O seu novo amor!","inLanguage":"pt-BR","publisher":{"@id":"https:\/\/serrafm879.com.br\/serrafm\/#organization"}}]},"twitter:card":"summary_large_image","twitter:title":"Morre Preta Gil, aos 50 anos, durante tratamento de c\u00e2ncer nos EUA - Serra FM 87,9","twitter:description":"20 de julho de 2025 Por Cau\u00ea Rodrigues Preta Gil n\u00e3o resistiu ao tratamento contra o c\u00e2ncer nos EUA e morreu, neste domingo (20\/7). A coluna F\u00e1bia Oliveira descobriu que a cantora teve uma piora em seu quadro de sa\u00fade, desde a \u00faltima quarta-feira (16\/7). Ela, que tinha 50 anos, foi \u00e0 cl\u00ednica fazer mais uma sess\u00e3o de","twitter:image":"https:\/\/serrafm879.com.br\/serrafm\/wp-content\/uploads\/2025\/07\/download-1.jpg"},"aioseo_meta_data":{"post_id":"23392","title":null,"description":null,"keywords":null,"keyphrases":null,"primary_term":null,"canonical_url":null,"og_title":null,"og_description":null,"og_object_type":"default","og_image_type":"default","og_image_custom_url":null,"og_image_custom_fields":null,"og_image_url":null,"og_image_width":null,"og_image_height":null,"og_video":null,"og_custom_url":null,"og_article_section":null,"og_article_tags":null,"twitter_use_og":false,"twitter_card":"default","twitter_image_type":"default","twitter_image_custom_url":null,"twitter_image_custom_fields":null,"twitter_image_url":null,"twitter_title":null,"twitter_description":null,"schema_type":"default","schema_type_options":null,"schema":{"blockGraphs":[],"customGraphs":[],"default":{"data":{"Article":[],"Course":[],"Dataset":[],"FAQPage":[],"Movie":[],"Person":[],"Product":[],"ProductReview":[],"Car":[],"Recipe":[],"Service":[],"SoftwareApplication":[],"WebPage":[]},"graphName":"","isEnabled":true},"graphs":[]},"pillar_content":false,"robots_default":true,"robots_noindex":false,"robots_noarchive":false,"robots_nosnippet":false,"robots_nofollow":false,"robots_noimageindex":false,"robots_noodp":false,"robots_notranslate":false,"robots_max_snippet":null,"robots_max_videopreview":null,"robots_max_imagepreview":"large","priority":null,"frequency":null,"local_seo":null,"limit_modified_date":false,"ai":null,"breadcrumb_settings":null,"seo_analyzer_scan_date":null,"created":"2026-07-21 16:17:46","updated":"2026-07-21 16:17:46"},"aioseo_breadcrumb":"<div class=\"aioseo-breadcrumbs\"><span class=\"aioseo-breadcrumb\">\n\t\t\t<a href=\"https:\/\/serrafm879.com.br\/serrafm\" title=\"Home\">Home<\/a>\n\t\t<\/span><span class=\"aioseo-breadcrumb-separator\">&raquo;<\/span><span class=\"aioseo-breadcrumb\">\n\t\t\t<a href=\"https:\/\/serrafm879.com.br\/serrafm\/categoria\/noticias\/\" title=\"Not\u00edcias\">Not\u00edcias<\/a>\n\t\t<\/span><span class=\"aioseo-breadcrumb-separator\">&raquo;<\/span><span class=\"aioseo-breadcrumb\">\n\t\t\tMorre Preta Gil, aos 50 anos, durante tratamento de c\u00e2ncer nos EUA\n\t\t<\/span><\/div>","aioseo_breadcrumb_json":[{"label":"Home","link":"https:\/\/serrafm879.com.br\/serrafm"},{"label":"Not\u00edcias","link":"https:\/\/serrafm879.com.br\/serrafm\/categoria\/noticias\/"},{"label":"Morre Preta Gil, aos 50 anos, durante tratamento de c\u00e2ncer nos EUA","link":"https:\/\/serrafm879.com.br\/serrafm\/2025\/07\/morre-preta-gil-aos-50-anos-durante-tratamento-de-cancer-nos-eua\/"}],"jetpack_publicize_connections":[],"jetpack_featured_media_url":"https:\/\/serrafm879.com.br\/serrafm\/wp-content\/uploads\/2025\/07\/download-1.jpg","jetpack_shortlink":"https:\/\/wp.me\/p7HyXg-65i","jetpack_sharing_enabled":true,"_links":{"self":[{"href":"https:\/\/serrafm879.com.br\/serrafm\/wp-json\/wp\/v2\/posts\/23392","targetHints":{"allow":["GET"]}}],"collection":[{"href":"https:\/\/serrafm879.com.br\/serrafm\/wp-json\/wp\/v2\/posts"}],"about":[{"href":"https:\/\/serrafm879.com.br\/serrafm\/wp-json\/wp\/v2\/types\/post"}],"author":[{"embeddable":true,"href":"https:\/\/serrafm879.com.br\/serrafm\/wp-json\/wp\/v2\/users\/2"}],"replies":[{"embeddable":true,"href":"https:\/\/serrafm879.com.br\/serrafm\/wp-json\/wp\/v2\/comments?post=23392"}],"version-history":[{"count":1,"href":"https:\/\/serrafm879.com.br\/serrafm\/wp-json\/wp\/v2\/posts\/23392\/revisions"}],"predecessor-version":[{"id":23394,"href":"https:\/\/serrafm879.com.br\/serrafm\/wp-json\/wp\/v2\/posts\/23392\/revisions\/23394"}],"wp:featuredmedia":[{"embeddable":true,"href":"https:\/\/serrafm879.com.br\/serrafm\/wp-json\/wp\/v2\/media\/23393"}],"wp:attachment":[{"href":"https:\/\/serrafm879.com.br\/serrafm\/wp-json\/wp\/v2\/media?parent=23392"}],"wp:term":[{"taxonomy":"category","embeddable":true,"href":"https:\/\/serrafm879.com.br\/serrafm\/wp-json\/wp\/v2\/categories?post=23392"},{"taxonomy":"post_tag","embeddable":true,"href":"https:\/\/serrafm879.com.br\/serrafm\/wp-json\/wp\/v2\/tags?post=23392"}],"curies":[{"name":"wp","href":"https:\/\/api.w.org\/{rel}","templated":true}]}}