{"id":23400,"date":"2025-07-22T11:52:03","date_gmt":"2025-07-22T14:52:03","guid":{"rendered":"https:\/\/serrafm879.com.br\/serrafm\/?p=23400"},"modified":"2025-07-22T11:52:03","modified_gmt":"2025-07-22T14:52:03","slug":"motorista-colide-com-animal-em-st-e-e-socorrido-as-pressas","status":"publish","type":"post","link":"https:\/\/serrafm879.com.br\/serrafm\/2025\/07\/motorista-colide-com-animal-em-st-e-e-socorrido-as-pressas\/","title":{"rendered":"Motorista colide com animal em ST e \u00e9 socorrido \u00e0s pressas"},"content":{"rendered":"<p>Um acidente foi registrado, na noite dessa segunda-feira (21), na PE-390 que liga Serra Talhada ao\u00a0 munic\u00edpio de Floresta.<\/p>\n<p>Um ve\u00edculo modelo Fiat Fiorino colidiu de frente com uma vaca, que morreu no local.<\/p>\n<p>Segundo informa\u00e7\u00f5es de testemunhas, o condutor do ve\u00edculo foi socorrido para um hospital de Serra Talhada, e ainda n\u00e3o h\u00e1 informa\u00e7\u00f5es sobre o seu estado de sa\u00fade. A colis\u00e3o ocorreu cerca de 1 quil\u00f4metro da curva do distrito de Serrinha, um local considerado muito perigoso.<\/p>\n<p>A reportagem do\u00a0<strong>Farol\u00a0<\/strong>com o servidor p\u00fablico federal, Mano Maranh\u00e3o, que passou no local, e aproveitou para fazer um alerta aos motoristas e propriet\u00e1rios de animais. \u201cAumentou e muito a presen\u00e7a de animais nesta pista. Todos os dias fa\u00e7o este trajeto at\u00e9 Floresta, e vejo a quantidade de animais na pista. Aqui est\u00e1 um perigo\u201d, alertou Maranh\u00e3o.<\/p>\n<p><strong>ATUALIZA\u00c7\u00c3O<\/strong><\/p>\n<p>Ap\u00f3s publica\u00e7\u00e3o da mat\u00e9ria, testemunhas informaram que o motorista est\u00e1 bem, e n\u00e3o corre risco de morte.<\/p>\n<p>Com informa\u00e7\u00f5es do Farol de Not\u00edcias<\/p>\n","protected":false},"excerpt":{"rendered":"<p>Um acidente foi registrado, na noite dessa segunda-feira (21), na PE-390 que liga Serra Talhada ao\u00a0 munic\u00edpio de Floresta. Um ve\u00edculo modelo Fiat Fiorino colidiu de frente com uma vaca, que morreu no local. Segundo informa\u00e7\u00f5es de testemunhas, o condutor do ve\u00edculo foi socorrido para um hospital de Serra Talhada, e ainda n\u00e3o h\u00e1 informa\u00e7\u00f5es sobre o seu estado de sa\u00fade. A colis\u00e3o ocorreu cerca de 1 quil\u00f4metro da curva do distrito de Serrinha, um local considerado muito perigoso. A reportagem do\u00a0Farol\u00a0com o servidor p\u00fablico federal, Mano Maranh\u00e3o, que passou no local, e aproveitou para fazer um alerta aos motoristas [&hellip;]<\/p>\n","protected":false},"author":2,"featured_media":23401,"comment_status":"open","ping_status":"open","sticky":false,"template":"","format":"standard","meta":{"_jetpack_newsletter_access":"","_jetpack_dont_email_post_to_subs":false,"_jetpack_newsletter_tier_id":0,"_jetpack_memberships_contains_paywalled_content":false,"_jetpack_feature_clip_id":0,"_jetpack_memberships_contains_paid_content":false,"footnotes":"","jetpack_publicize_message":"","jetpack_publicize_feature_enabled":true,"jetpack_social_post_already_shared":true,"jetpack_social_options":{"image_generator_settings":{"template":"highway","default_image_id":0,"font":"","enabled":false},"version":2},"jetpack_post_was_ever_published":false},"categories":[2],"tags":[],"class_list":["post-23400","post","type-post","status-publish","format-standard","has-post-thumbnail","hentry","category-noticias"],"aioseo_notices":[],"aioseo_head":"\n\t\t<!-- All in One SEO 4.9.10 - aioseo.com -->\n\t<meta name=\"description\" content=\"Um acidente foi registrado, na noite dessa segunda-feira (21), na PE-390 que liga Serra Talhada ao munic\u00edpio de Floresta. Um ve\u00edculo modelo Fiat Fiorino colidiu de frente com uma vaca, que morreu no local. Segundo informa\u00e7\u00f5es de testemunhas, o condutor do ve\u00edculo foi socorrido para um hospital de Serra Talhada, e ainda n\u00e3o h\u00e1 informa\u00e7\u00f5es\" \/>\n\t<meta name=\"robots\" content=\"max-image-preview:large\" \/>\n\t<meta name=\"author\" content=\"serrafm87\"\/>\n\t<link rel=\"canonical\" href=\"https:\/\/serrafm879.com.br\/serrafm\/2025\/07\/motorista-colide-com-animal-em-st-e-e-socorrido-as-pressas\/\" \/>\n\t<meta name=\"generator\" content=\"All in One SEO (AIOSEO) 4.9.10\" \/>\n\t\t<meta name=\"twitter:card\" content=\"summary_large_image\" \/>\n\t\t<meta name=\"twitter:title\" content=\"Motorista colide com animal em ST e \u00e9 socorrido \u00e0s pressas - Serra FM 87,9\" \/>\n\t\t<meta name=\"twitter:description\" content=\"Um acidente foi registrado, na noite dessa segunda-feira (21), na PE-390 que liga Serra Talhada ao munic\u00edpio de Floresta. Um ve\u00edculo modelo Fiat Fiorino colidiu de frente com uma vaca, que morreu no local. Segundo informa\u00e7\u00f5es de testemunhas, o condutor do ve\u00edculo foi socorrido para um hospital de Serra Talhada, e ainda n\u00e3o h\u00e1 informa\u00e7\u00f5es\" \/>\n\t\t<meta name=\"twitter:image\" content=\"https:\/\/serrafm879.com.br\/serrafm\/wp-content\/uploads\/2025\/07\/Captura-de-tela-2025-07-22-115259.png\" \/>\n\t\t<script type=\"application\/ld+json\" class=\"aioseo-schema\">\n\t\t\t{\"@context\":\"https:\\\/\\\/schema.org\",\"@graph\":[{\"@type\":\"BlogPosting\",\"@id\":\"https:\\\/\\\/serrafm879.com.br\\\/serrafm\\\/2025\\\/07\\\/motorista-colide-com-animal-em-st-e-e-socorrido-as-pressas\\\/#blogposting\",\"name\":\"Motorista colide com animal em ST e \\u00e9 socorrido \\u00e0s pressas - Serra FM 87,9\",\"headline\":\"Motorista colide com animal em ST e \\u00e9 socorrido \\u00e0s pressas\",\"author\":{\"@id\":\"https:\\\/\\\/serrafm879.com.br\\\/serrafm\\\/author\\\/serrafm87\\\/#author\"},\"publisher\":{\"@id\":\"https:\\\/\\\/serrafm879.com.br\\\/serrafm\\\/#organization\"},\"image\":{\"@type\":\"ImageObject\",\"url\":\"https:\\\/\\\/serrafm879.com.br\\\/serrafm\\\/wp-content\\\/uploads\\\/2025\\\/07\\\/Captura-de-tela-2025-07-22-115259.png\",\"width\":494,\"height\":405},\"datePublished\":\"2025-07-22T11:52:03-03:00\",\"dateModified\":\"2025-07-22T11:52:03-03:00\",\"inLanguage\":\"pt-BR\",\"mainEntityOfPage\":{\"@id\":\"https:\\\/\\\/serrafm879.com.br\\\/serrafm\\\/2025\\\/07\\\/motorista-colide-com-animal-em-st-e-e-socorrido-as-pressas\\\/#webpage\"},\"isPartOf\":{\"@id\":\"https:\\\/\\\/serrafm879.com.br\\\/serrafm\\\/2025\\\/07\\\/motorista-colide-com-animal-em-st-e-e-socorrido-as-pressas\\\/#webpage\"},\"articleSection\":\"Not\\u00edcias\"},{\"@type\":\"BreadcrumbList\",\"@id\":\"https:\\\/\\\/serrafm879.com.br\\\/serrafm\\\/2025\\\/07\\\/motorista-colide-com-animal-em-st-e-e-socorrido-as-pressas\\\/#breadcrumblist\",\"itemListElement\":[{\"@type\":\"ListItem\",\"@id\":\"https:\\\/\\\/serrafm879.com.br\\\/serrafm#listItem\",\"position\":1,\"name\":\"Home\",\"item\":\"https:\\\/\\\/serrafm879.com.br\\\/serrafm\",\"nextItem\":{\"@type\":\"ListItem\",\"@id\":\"https:\\\/\\\/serrafm879.com.br\\\/serrafm\\\/categoria\\\/noticias\\\/#listItem\",\"name\":\"Not\\u00edcias\"}},{\"@type\":\"ListItem\",\"@id\":\"https:\\\/\\\/serrafm879.com.br\\\/serrafm\\\/categoria\\\/noticias\\\/#listItem\",\"position\":2,\"name\":\"Not\\u00edcias\",\"item\":\"https:\\\/\\\/serrafm879.com.br\\\/serrafm\\\/categoria\\\/noticias\\\/\",\"nextItem\":{\"@type\":\"ListItem\",\"@id\":\"https:\\\/\\\/serrafm879.com.br\\\/serrafm\\\/2025\\\/07\\\/motorista-colide-com-animal-em-st-e-e-socorrido-as-pressas\\\/#listItem\",\"name\":\"Motorista colide com animal em ST e \\u00e9 socorrido \\u00e0s pressas\"},\"previousItem\":{\"@type\":\"ListItem\",\"@id\":\"https:\\\/\\\/serrafm879.com.br\\\/serrafm#listItem\",\"name\":\"Home\"}},{\"@type\":\"ListItem\",\"@id\":\"https:\\\/\\\/serrafm879.com.br\\\/serrafm\\\/2025\\\/07\\\/motorista-colide-com-animal-em-st-e-e-socorrido-as-pressas\\\/#listItem\",\"position\":3,\"name\":\"Motorista colide com animal em ST e \\u00e9 socorrido \\u00e0s pressas\",\"previousItem\":{\"@type\":\"ListItem\",\"@id\":\"https:\\\/\\\/serrafm879.com.br\\\/serrafm\\\/categoria\\\/noticias\\\/#listItem\",\"name\":\"Not\\u00edcias\"}}]},{\"@type\":\"Organization\",\"@id\":\"https:\\\/\\\/serrafm879.com.br\\\/serrafm\\\/#organization\",\"name\":\"Serra FM 87,9\",\"description\":\"O seu novo amor!\",\"url\":\"https:\\\/\\\/serrafm879.com.br\\\/serrafm\\\/\"},{\"@type\":\"Person\",\"@id\":\"https:\\\/\\\/serrafm879.com.br\\\/serrafm\\\/author\\\/serrafm87\\\/#author\",\"url\":\"https:\\\/\\\/serrafm879.com.br\\\/serrafm\\\/author\\\/serrafm87\\\/\",\"name\":\"serrafm87\",\"image\":{\"@type\":\"ImageObject\",\"@id\":\"https:\\\/\\\/serrafm879.com.br\\\/serrafm\\\/2025\\\/07\\\/motorista-colide-com-animal-em-st-e-e-socorrido-as-pressas\\\/#authorImage\",\"url\":\"https:\\\/\\\/secure.gravatar.com\\\/avatar\\\/a743233f1112d34f48bb3dc9559b76eb930bab8b27175856cba6362608736235?s=96&d=mm&r=g\",\"width\":96,\"height\":96,\"caption\":\"serrafm87\"}},{\"@type\":\"WebPage\",\"@id\":\"https:\\\/\\\/serrafm879.com.br\\\/serrafm\\\/2025\\\/07\\\/motorista-colide-com-animal-em-st-e-e-socorrido-as-pressas\\\/#webpage\",\"url\":\"https:\\\/\\\/serrafm879.com.br\\\/serrafm\\\/2025\\\/07\\\/motorista-colide-com-animal-em-st-e-e-socorrido-as-pressas\\\/\",\"name\":\"Motorista colide com animal em ST e \\u00e9 socorrido \\u00e0s pressas - Serra FM 87,9\",\"description\":\"Um acidente foi registrado, na noite dessa segunda-feira (21), na PE-390 que liga Serra Talhada ao munic\\u00edpio de Floresta. Um ve\\u00edculo modelo Fiat Fiorino colidiu de frente com uma vaca, que morreu no local. Segundo informa\\u00e7\\u00f5es de testemunhas, o condutor do ve\\u00edculo foi socorrido para um hospital de Serra Talhada, e ainda n\\u00e3o h\\u00e1 informa\\u00e7\\u00f5es\",\"inLanguage\":\"pt-BR\",\"isPartOf\":{\"@id\":\"https:\\\/\\\/serrafm879.com.br\\\/serrafm\\\/#website\"},\"breadcrumb\":{\"@id\":\"https:\\\/\\\/serrafm879.com.br\\\/serrafm\\\/2025\\\/07\\\/motorista-colide-com-animal-em-st-e-e-socorrido-as-pressas\\\/#breadcrumblist\"},\"author\":{\"@id\":\"https:\\\/\\\/serrafm879.com.br\\\/serrafm\\\/author\\\/serrafm87\\\/#author\"},\"creator\":{\"@id\":\"https:\\\/\\\/serrafm879.com.br\\\/serrafm\\\/author\\\/serrafm87\\\/#author\"},\"image\":{\"@type\":\"ImageObject\",\"url\":\"https:\\\/\\\/serrafm879.com.br\\\/serrafm\\\/wp-content\\\/uploads\\\/2025\\\/07\\\/Captura-de-tela-2025-07-22-115259.png\",\"@id\":\"https:\\\/\\\/serrafm879.com.br\\\/serrafm\\\/2025\\\/07\\\/motorista-colide-com-animal-em-st-e-e-socorrido-as-pressas\\\/#mainImage\",\"width\":494,\"height\":405},\"primaryImageOfPage\":{\"@id\":\"https:\\\/\\\/serrafm879.com.br\\\/serrafm\\\/2025\\\/07\\\/motorista-colide-com-animal-em-st-e-e-socorrido-as-pressas\\\/#mainImage\"},\"datePublished\":\"2025-07-22T11:52:03-03:00\",\"dateModified\":\"2025-07-22T11:52:03-03:00\"},{\"@type\":\"WebSite\",\"@id\":\"https:\\\/\\\/serrafm879.com.br\\\/serrafm\\\/#website\",\"url\":\"https:\\\/\\\/serrafm879.com.br\\\/serrafm\\\/\",\"name\":\"Serra FM 87,9\",\"description\":\"O seu novo amor!\",\"inLanguage\":\"pt-BR\",\"publisher\":{\"@id\":\"https:\\\/\\\/serrafm879.com.br\\\/serrafm\\\/#organization\"}}]}\n\t\t<\/script>\n\t\t<!-- All in One SEO -->\n\n","aioseo_head_json":{"title":"Motorista colide com animal em ST e \u00e9 socorrido \u00e0s pressas - Serra FM 87,9","description":"Um acidente foi registrado, na noite dessa segunda-feira (21), na PE-390 que liga Serra Talhada ao munic\u00edpio de Floresta. Um ve\u00edculo modelo Fiat Fiorino colidiu de frente com uma vaca, que morreu no local. Segundo informa\u00e7\u00f5es de testemunhas, o condutor do ve\u00edculo foi socorrido para um hospital de Serra Talhada, e ainda n\u00e3o h\u00e1 informa\u00e7\u00f5es","canonical_url":"https:\/\/serrafm879.com.br\/serrafm\/2025\/07\/motorista-colide-com-animal-em-st-e-e-socorrido-as-pressas\/","robots":"max-image-preview:large","keywords":"","webmasterTools":{"miscellaneous":""},"schema":{"@context":"https:\/\/schema.org","@graph":[{"@type":"BlogPosting","@id":"https:\/\/serrafm879.com.br\/serrafm\/2025\/07\/motorista-colide-com-animal-em-st-e-e-socorrido-as-pressas\/#blogposting","name":"Motorista colide com animal em ST e \u00e9 socorrido \u00e0s pressas - Serra FM 87,9","headline":"Motorista colide com animal em ST e \u00e9 socorrido \u00e0s pressas","author":{"@id":"https:\/\/serrafm879.com.br\/serrafm\/author\/serrafm87\/#author"},"publisher":{"@id":"https:\/\/serrafm879.com.br\/serrafm\/#organization"},"image":{"@type":"ImageObject","url":"https:\/\/serrafm879.com.br\/serrafm\/wp-content\/uploads\/2025\/07\/Captura-de-tela-2025-07-22-115259.png","width":494,"height":405},"datePublished":"2025-07-22T11:52:03-03:00","dateModified":"2025-07-22T11:52:03-03:00","inLanguage":"pt-BR","mainEntityOfPage":{"@id":"https:\/\/serrafm879.com.br\/serrafm\/2025\/07\/motorista-colide-com-animal-em-st-e-e-socorrido-as-pressas\/#webpage"},"isPartOf":{"@id":"https:\/\/serrafm879.com.br\/serrafm\/2025\/07\/motorista-colide-com-animal-em-st-e-e-socorrido-as-pressas\/#webpage"},"articleSection":"Not\u00edcias"},{"@type":"BreadcrumbList","@id":"https:\/\/serrafm879.com.br\/serrafm\/2025\/07\/motorista-colide-com-animal-em-st-e-e-socorrido-as-pressas\/#breadcrumblist","itemListElement":[{"@type":"ListItem","@id":"https:\/\/serrafm879.com.br\/serrafm#listItem","position":1,"name":"Home","item":"https:\/\/serrafm879.com.br\/serrafm","nextItem":{"@type":"ListItem","@id":"https:\/\/serrafm879.com.br\/serrafm\/categoria\/noticias\/#listItem","name":"Not\u00edcias"}},{"@type":"ListItem","@id":"https:\/\/serrafm879.com.br\/serrafm\/categoria\/noticias\/#listItem","position":2,"name":"Not\u00edcias","item":"https:\/\/serrafm879.com.br\/serrafm\/categoria\/noticias\/","nextItem":{"@type":"ListItem","@id":"https:\/\/serrafm879.com.br\/serrafm\/2025\/07\/motorista-colide-com-animal-em-st-e-e-socorrido-as-pressas\/#listItem","name":"Motorista colide com animal em ST e \u00e9 socorrido \u00e0s pressas"},"previousItem":{"@type":"ListItem","@id":"https:\/\/serrafm879.com.br\/serrafm#listItem","name":"Home"}},{"@type":"ListItem","@id":"https:\/\/serrafm879.com.br\/serrafm\/2025\/07\/motorista-colide-com-animal-em-st-e-e-socorrido-as-pressas\/#listItem","position":3,"name":"Motorista colide com animal em ST e \u00e9 socorrido \u00e0s pressas","previousItem":{"@type":"ListItem","@id":"https:\/\/serrafm879.com.br\/serrafm\/categoria\/noticias\/#listItem","name":"Not\u00edcias"}}]},{"@type":"Organization","@id":"https:\/\/serrafm879.com.br\/serrafm\/#organization","name":"Serra FM 87,9","description":"O seu novo amor!","url":"https:\/\/serrafm879.com.br\/serrafm\/"},{"@type":"Person","@id":"https:\/\/serrafm879.com.br\/serrafm\/author\/serrafm87\/#author","url":"https:\/\/serrafm879.com.br\/serrafm\/author\/serrafm87\/","name":"serrafm87","image":{"@type":"ImageObject","@id":"https:\/\/serrafm879.com.br\/serrafm\/2025\/07\/motorista-colide-com-animal-em-st-e-e-socorrido-as-pressas\/#authorImage","url":"https:\/\/secure.gravatar.com\/avatar\/a743233f1112d34f48bb3dc9559b76eb930bab8b27175856cba6362608736235?s=96&d=mm&r=g","width":96,"height":96,"caption":"serrafm87"}},{"@type":"WebPage","@id":"https:\/\/serrafm879.com.br\/serrafm\/2025\/07\/motorista-colide-com-animal-em-st-e-e-socorrido-as-pressas\/#webpage","url":"https:\/\/serrafm879.com.br\/serrafm\/2025\/07\/motorista-colide-com-animal-em-st-e-e-socorrido-as-pressas\/","name":"Motorista colide com animal em ST e \u00e9 socorrido \u00e0s pressas - Serra FM 87,9","description":"Um acidente foi registrado, na noite dessa segunda-feira (21), na PE-390 que liga Serra Talhada ao munic\u00edpio de Floresta. Um ve\u00edculo modelo Fiat Fiorino colidiu de frente com uma vaca, que morreu no local. Segundo informa\u00e7\u00f5es de testemunhas, o condutor do ve\u00edculo foi socorrido para um hospital de Serra Talhada, e ainda n\u00e3o h\u00e1 informa\u00e7\u00f5es","inLanguage":"pt-BR","isPartOf":{"@id":"https:\/\/serrafm879.com.br\/serrafm\/#website"},"breadcrumb":{"@id":"https:\/\/serrafm879.com.br\/serrafm\/2025\/07\/motorista-colide-com-animal-em-st-e-e-socorrido-as-pressas\/#breadcrumblist"},"author":{"@id":"https:\/\/serrafm879.com.br\/serrafm\/author\/serrafm87\/#author"},"creator":{"@id":"https:\/\/serrafm879.com.br\/serrafm\/author\/serrafm87\/#author"},"image":{"@type":"ImageObject","url":"https:\/\/serrafm879.com.br\/serrafm\/wp-content\/uploads\/2025\/07\/Captura-de-tela-2025-07-22-115259.png","@id":"https:\/\/serrafm879.com.br\/serrafm\/2025\/07\/motorista-colide-com-animal-em-st-e-e-socorrido-as-pressas\/#mainImage","width":494,"height":405},"primaryImageOfPage":{"@id":"https:\/\/serrafm879.com.br\/serrafm\/2025\/07\/motorista-colide-com-animal-em-st-e-e-socorrido-as-pressas\/#mainImage"},"datePublished":"2025-07-22T11:52:03-03:00","dateModified":"2025-07-22T11:52:03-03:00"},{"@type":"WebSite","@id":"https:\/\/serrafm879.com.br\/serrafm\/#website","url":"https:\/\/serrafm879.com.br\/serrafm\/","name":"Serra FM 87,9","description":"O seu novo amor!","inLanguage":"pt-BR","publisher":{"@id":"https:\/\/serrafm879.com.br\/serrafm\/#organization"}}]},"twitter:card":"summary_large_image","twitter:title":"Motorista colide com animal em ST e \u00e9 socorrido \u00e0s pressas - Serra FM 87,9","twitter:description":"Um acidente foi registrado, na noite dessa segunda-feira (21), na PE-390 que liga Serra Talhada ao munic\u00edpio de Floresta. Um ve\u00edculo modelo Fiat Fiorino colidiu de frente com uma vaca, que morreu no local. Segundo informa\u00e7\u00f5es de testemunhas, o condutor do ve\u00edculo foi socorrido para um hospital de Serra Talhada, e ainda n\u00e3o h\u00e1 informa\u00e7\u00f5es","twitter:image":"https:\/\/serrafm879.com.br\/serrafm\/wp-content\/uploads\/2025\/07\/Captura-de-tela-2025-07-22-115259.png"},"aioseo_meta_data":{"post_id":"23400","title":null,"description":null,"keywords":null,"keyphrases":null,"primary_term":null,"canonical_url":null,"og_title":null,"og_description":null,"og_object_type":"default","og_image_type":"default","og_image_custom_url":null,"og_image_custom_fields":null,"og_image_url":null,"og_image_width":null,"og_image_height":null,"og_video":null,"og_custom_url":null,"og_article_section":null,"og_article_tags":null,"twitter_use_og":false,"twitter_card":"default","twitter_image_type":"default","twitter_image_custom_url":null,"twitter_image_custom_fields":null,"twitter_image_url":null,"twitter_title":null,"twitter_description":null,"schema_type":"default","schema_type_options":null,"schema":{"blockGraphs":[],"customGraphs":[],"default":{"data":{"Article":[],"Course":[],"Dataset":[],"FAQPage":[],"Movie":[],"Person":[],"Product":[],"ProductReview":[],"Car":[],"Recipe":[],"Service":[],"SoftwareApplication":[],"WebPage":[]},"graphName":"","isEnabled":true},"graphs":[]},"pillar_content":false,"robots_default":true,"robots_noindex":false,"robots_noarchive":false,"robots_nosnippet":false,"robots_nofollow":false,"robots_noimageindex":false,"robots_noodp":false,"robots_notranslate":false,"robots_max_snippet":null,"robots_max_videopreview":null,"robots_max_imagepreview":"large","priority":null,"frequency":null,"local_seo":null,"limit_modified_date":false,"ai":null,"breadcrumb_settings":null,"seo_analyzer_scan_date":null,"created":"2026-07-21 16:19:56","updated":"2026-07-21 16:19:56"},"aioseo_breadcrumb":"<div class=\"aioseo-breadcrumbs\"><span class=\"aioseo-breadcrumb\">\n\t\t\t<a href=\"https:\/\/serrafm879.com.br\/serrafm\" title=\"Home\">Home<\/a>\n\t\t<\/span><span class=\"aioseo-breadcrumb-separator\">&raquo;<\/span><span class=\"aioseo-breadcrumb\">\n\t\t\t<a href=\"https:\/\/serrafm879.com.br\/serrafm\/categoria\/noticias\/\" title=\"Not\u00edcias\">Not\u00edcias<\/a>\n\t\t<\/span><span class=\"aioseo-breadcrumb-separator\">&raquo;<\/span><span class=\"aioseo-breadcrumb\">\n\t\t\tMotorista colide com animal em ST e \u00e9 socorrido \u00e0s pressas\n\t\t<\/span><\/div>","aioseo_breadcrumb_json":[{"label":"Home","link":"https:\/\/serrafm879.com.br\/serrafm"},{"label":"Not\u00edcias","link":"https:\/\/serrafm879.com.br\/serrafm\/categoria\/noticias\/"},{"label":"Motorista colide com animal em ST e \u00e9 socorrido \u00e0s pressas","link":"https:\/\/serrafm879.com.br\/serrafm\/2025\/07\/motorista-colide-com-animal-em-st-e-e-socorrido-as-pressas\/"}],"jetpack_publicize_connections":[],"jetpack_featured_media_url":"https:\/\/serrafm879.com.br\/serrafm\/wp-content\/uploads\/2025\/07\/Captura-de-tela-2025-07-22-115259.png","jetpack_shortlink":"https:\/\/wp.me\/p7HyXg-65q","jetpack_sharing_enabled":true,"_links":{"self":[{"href":"https:\/\/serrafm879.com.br\/serrafm\/wp-json\/wp\/v2\/posts\/23400","targetHints":{"allow":["GET"]}}],"collection":[{"href":"https:\/\/serrafm879.com.br\/serrafm\/wp-json\/wp\/v2\/posts"}],"about":[{"href":"https:\/\/serrafm879.com.br\/serrafm\/wp-json\/wp\/v2\/types\/post"}],"author":[{"embeddable":true,"href":"https:\/\/serrafm879.com.br\/serrafm\/wp-json\/wp\/v2\/users\/2"}],"replies":[{"embeddable":true,"href":"https:\/\/serrafm879.com.br\/serrafm\/wp-json\/wp\/v2\/comments?post=23400"}],"version-history":[{"count":1,"href":"https:\/\/serrafm879.com.br\/serrafm\/wp-json\/wp\/v2\/posts\/23400\/revisions"}],"predecessor-version":[{"id":23402,"href":"https:\/\/serrafm879.com.br\/serrafm\/wp-json\/wp\/v2\/posts\/23400\/revisions\/23402"}],"wp:featuredmedia":[{"embeddable":true,"href":"https:\/\/serrafm879.com.br\/serrafm\/wp-json\/wp\/v2\/media\/23401"}],"wp:attachment":[{"href":"https:\/\/serrafm879.com.br\/serrafm\/wp-json\/wp\/v2\/media?parent=23400"}],"wp:term":[{"taxonomy":"category","embeddable":true,"href":"https:\/\/serrafm879.com.br\/serrafm\/wp-json\/wp\/v2\/categories?post=23400"},{"taxonomy":"post_tag","embeddable":true,"href":"https:\/\/serrafm879.com.br\/serrafm\/wp-json\/wp\/v2\/tags?post=23400"}],"curies":[{"name":"wp","href":"https:\/\/api.w.org\/{rel}","templated":true}]}}