{"id":23410,"date":"2025-07-22T17:37:35","date_gmt":"2025-07-22T20:37:35","guid":{"rendered":"https:\/\/serrafm879.com.br\/serrafm\/?p=23410"},"modified":"2025-07-22T17:37:35","modified_gmt":"2025-07-22T20:37:35","slug":"governo-de-pernambuco-apresenta-avancos-em-ciencia-e-tecnologia-com-edital-redes-de-inovacao","status":"publish","type":"post","link":"https:\/\/serrafm879.com.br\/serrafm\/2025\/07\/governo-de-pernambuco-apresenta-avancos-em-ciencia-e-tecnologia-com-edital-redes-de-inovacao\/","title":{"rendered":"Governo de Pernambuco apresenta avan\u00e7os em ci\u00eancia e tecnologia com edital Redes de Inova\u00e7\u00e3o"},"content":{"rendered":"<p>O Governo do Estado, por meio da Secretaria de Ci\u00eancia, Tecnologia e Inova\u00e7\u00e3o de Pernambuco (Secti\/PE) realizou, nesta ter\u00e7a-feira (22), o encontro de acompanhamento semestral dos projetos contemplados no edital 2024 do Programa Redes de Inova\u00e7\u00e3o. O evento reuniu representantes de empresas, institui\u00e7\u00f5es de ensino, associa\u00e7\u00f5es e \u00f3rg\u00e3os governamentais no audit\u00f3rio do Servi\u00e7o Nacional de Aprendizagem Comercial (Senac), no bairro do Recife.<\/p>\n<p>Promovido pela Funda\u00e7\u00e3o de Amparo \u00e0 Ci\u00eancia e Tecnologia do Estado de Pernambuco (FACEPE), o programa conta com recursos do Fundo Inovar-PE, em parceria com a Ag\u00eancia de Empreendedorismo de Pernambuco (AGE) e a Secretaria de Desenvolvimento Profissional e Empreendedorismo (Sedepe). Ao todo, foram investidos R$ 3,372 milh\u00f5es em 15 projetos, cada um recebendo at\u00e9 R$ 224.800,00 para o desenvolvimento de redes autossustent\u00e1veis de inova\u00e7\u00e3o no estado.<\/p>\n<p>O objetivo da iniciativa \u00e9 fomentar a colabora\u00e7\u00e3o entre Institui\u00e7\u00f5es de Ci\u00eancia, Tecnologia e Inova\u00e7\u00e3o (ICTs-PE), fortalecendo ecossistemas locais de inova\u00e7\u00e3o e promovendo solu\u00e7\u00f5es para desafios regionais.<\/p>\n<p>Para a secret\u00e1ria executiva da Secti\/PE, Teresa Maciel, o programa tem papel estrat\u00e9gico no desenvolvimento do estado. \u201cEle une colabora\u00e7\u00e3o com interioriza\u00e7\u00e3o. A partir da parceria entre diversos setores, temos projetos transformadores que fortalecem os setores produtivos em todo o territ\u00f3rio pernambucano\u201d, afirmou.<\/p>\n<p>Um dos projetos destaque \u00e9 coordenado pelo professor Ygo Batista, do Instituto Federal de Pernambuco \u2013 Campus Pesqueira. A iniciativa, voltada \u00e0 \u00e1rea de energia solar, est\u00e1 desenvolvendo um sensor de radia\u00e7\u00e3o solar com base em intelig\u00eancia artificial, em parceria com a Ag\u00eancia Pernambucana de \u00c1guas e Clima (APAC) e a Compesa.<\/p>\n<p>Na parte da tarde, a Secti\/PE tamb\u00e9m deu in\u00edcio \u00e0s atividades do edital 2025 do programa. Durante a reuni\u00e3o, os novos projetos foram apresentados e o cronograma de execu\u00e7\u00e3o foi definido.<\/p>\n<p>Segundo o diretor de Inova\u00e7\u00e3o da Secti\/PE, C\u00e9sar Andrade, a expectativa \u00e9 que as redes contribuam para o avan\u00e7o da competitividade em diversos setores da economia pernambucana. \u201cTemos redes atuando nos setores automobil\u00edstico, de \u00e1gua, sa\u00fade e outros, desenvolvendo solu\u00e7\u00f5es inovadoras para empresas e ind\u00fastrias do estado\u201d, destacou.<\/p>\n","protected":false},"excerpt":{"rendered":"<p>O Governo do Estado, por meio da Secretaria de Ci\u00eancia, Tecnologia e Inova\u00e7\u00e3o de Pernambuco (Secti\/PE) realizou, nesta ter\u00e7a-feira (22), o encontro de acompanhamento semestral dos projetos contemplados no edital 2024 do Programa Redes de Inova\u00e7\u00e3o. O evento reuniu representantes de empresas, institui\u00e7\u00f5es de ensino, associa\u00e7\u00f5es e \u00f3rg\u00e3os governamentais no audit\u00f3rio do Servi\u00e7o Nacional de Aprendizagem Comercial (Senac), no bairro do Recife. Promovido pela Funda\u00e7\u00e3o de Amparo \u00e0 Ci\u00eancia e Tecnologia do Estado de Pernambuco (FACEPE), o programa conta com recursos do Fundo Inovar-PE, em parceria com a Ag\u00eancia de Empreendedorismo de Pernambuco (AGE) e a Secretaria de Desenvolvimento Profissional [&hellip;]<\/p>\n","protected":false},"author":2,"featured_media":23411,"comment_status":"open","ping_status":"open","sticky":false,"template":"","format":"standard","meta":{"_jetpack_newsletter_access":"","_jetpack_dont_email_post_to_subs":false,"_jetpack_newsletter_tier_id":0,"_jetpack_memberships_contains_paywalled_content":false,"_jetpack_feature_clip_id":0,"_jetpack_memberships_contains_paid_content":false,"footnotes":"","jetpack_publicize_message":"","jetpack_publicize_feature_enabled":true,"jetpack_social_post_already_shared":true,"jetpack_social_options":{"image_generator_settings":{"template":"highway","default_image_id":0,"font":"","enabled":false},"version":2},"jetpack_post_was_ever_published":false},"categories":[288],"tags":[],"class_list":["post-23410","post","type-post","status-publish","format-standard","has-post-thumbnail","hentry","category-pernambuco"],"aioseo_notices":[],"aioseo_head":"\n\t\t<!-- All in One SEO 4.9.10 - aioseo.com -->\n\t<meta name=\"description\" content=\"O Governo do Estado, por meio da Secretaria de Ci\u00eancia, Tecnologia e Inova\u00e7\u00e3o de Pernambuco (Secti\/PE) realizou, nesta ter\u00e7a-feira (22), o encontro de acompanhamento semestral dos projetos contemplados no edital 2024 do Programa Redes de Inova\u00e7\u00e3o. O evento reuniu representantes de empresas, institui\u00e7\u00f5es de ensino, associa\u00e7\u00f5es e \u00f3rg\u00e3os governamentais no audit\u00f3rio do Servi\u00e7o Nacional de\" \/>\n\t<meta name=\"robots\" content=\"max-image-preview:large\" \/>\n\t<meta name=\"author\" content=\"serrafm87\"\/>\n\t<link rel=\"canonical\" href=\"https:\/\/serrafm879.com.br\/serrafm\/2025\/07\/governo-de-pernambuco-apresenta-avancos-em-ciencia-e-tecnologia-com-edital-redes-de-inovacao\/\" \/>\n\t<meta name=\"generator\" content=\"All in One SEO (AIOSEO) 4.9.10\" \/>\n\t\t<meta name=\"twitter:card\" content=\"summary_large_image\" \/>\n\t\t<meta name=\"twitter:title\" content=\"Governo de Pernambuco apresenta avan\u00e7os em ci\u00eancia e tecnologia com edital Redes de Inova\u00e7\u00e3o - Serra FM 87,9\" \/>\n\t\t<meta name=\"twitter:description\" content=\"O Governo do Estado, por meio da Secretaria de Ci\u00eancia, Tecnologia e Inova\u00e7\u00e3o de Pernambuco (Secti\/PE) realizou, nesta ter\u00e7a-feira (22), o encontro de acompanhamento semestral dos projetos contemplados no edital 2024 do Programa Redes de Inova\u00e7\u00e3o. O evento reuniu representantes de empresas, institui\u00e7\u00f5es de ensino, associa\u00e7\u00f5es e \u00f3rg\u00e3os governamentais no audit\u00f3rio do Servi\u00e7o Nacional de\" \/>\n\t\t<meta name=\"twitter:image\" content=\"https:\/\/serrafm879.com.br\/serrafm\/wp-content\/uploads\/2025\/07\/WhatsApp-Image-2025-07-22-at-16.30.41-scaled.jpeg\" \/>\n\t\t<script type=\"application\/ld+json\" class=\"aioseo-schema\">\n\t\t\t{\"@context\":\"https:\\\/\\\/schema.org\",\"@graph\":[{\"@type\":\"BlogPosting\",\"@id\":\"https:\\\/\\\/serrafm879.com.br\\\/serrafm\\\/2025\\\/07\\\/governo-de-pernambuco-apresenta-avancos-em-ciencia-e-tecnologia-com-edital-redes-de-inovacao\\\/#blogposting\",\"name\":\"Governo de Pernambuco apresenta avan\\u00e7os em ci\\u00eancia e tecnologia com edital Redes de Inova\\u00e7\\u00e3o - Serra FM 87,9\",\"headline\":\"Governo de Pernambuco apresenta avan\\u00e7os em ci\\u00eancia e tecnologia com edital Redes de Inova\\u00e7\\u00e3o\",\"author\":{\"@id\":\"https:\\\/\\\/serrafm879.com.br\\\/serrafm\\\/author\\\/serrafm87\\\/#author\"},\"publisher\":{\"@id\":\"https:\\\/\\\/serrafm879.com.br\\\/serrafm\\\/#organization\"},\"image\":{\"@type\":\"ImageObject\",\"url\":\"https:\\\/\\\/serrafm879.com.br\\\/serrafm\\\/wp-content\\\/uploads\\\/2025\\\/07\\\/WhatsApp-Image-2025-07-22-at-16.30.41-scaled.jpeg\",\"width\":2560,\"height\":1920,\"caption\":\"Cr\\u00e9dito: Karol Oliveira\\\/ Secti\"},\"datePublished\":\"2025-07-22T17:37:35-03:00\",\"dateModified\":\"2025-07-22T17:37:35-03:00\",\"inLanguage\":\"pt-BR\",\"mainEntityOfPage\":{\"@id\":\"https:\\\/\\\/serrafm879.com.br\\\/serrafm\\\/2025\\\/07\\\/governo-de-pernambuco-apresenta-avancos-em-ciencia-e-tecnologia-com-edital-redes-de-inovacao\\\/#webpage\"},\"isPartOf\":{\"@id\":\"https:\\\/\\\/serrafm879.com.br\\\/serrafm\\\/2025\\\/07\\\/governo-de-pernambuco-apresenta-avancos-em-ciencia-e-tecnologia-com-edital-redes-de-inovacao\\\/#webpage\"},\"articleSection\":\"Pernambuco\"},{\"@type\":\"BreadcrumbList\",\"@id\":\"https:\\\/\\\/serrafm879.com.br\\\/serrafm\\\/2025\\\/07\\\/governo-de-pernambuco-apresenta-avancos-em-ciencia-e-tecnologia-com-edital-redes-de-inovacao\\\/#breadcrumblist\",\"itemListElement\":[{\"@type\":\"ListItem\",\"@id\":\"https:\\\/\\\/serrafm879.com.br\\\/serrafm#listItem\",\"position\":1,\"name\":\"Home\",\"item\":\"https:\\\/\\\/serrafm879.com.br\\\/serrafm\",\"nextItem\":{\"@type\":\"ListItem\",\"@id\":\"https:\\\/\\\/serrafm879.com.br\\\/serrafm\\\/categoria\\\/pernambuco\\\/#listItem\",\"name\":\"Pernambuco\"}},{\"@type\":\"ListItem\",\"@id\":\"https:\\\/\\\/serrafm879.com.br\\\/serrafm\\\/categoria\\\/pernambuco\\\/#listItem\",\"position\":2,\"name\":\"Pernambuco\",\"item\":\"https:\\\/\\\/serrafm879.com.br\\\/serrafm\\\/categoria\\\/pernambuco\\\/\",\"nextItem\":{\"@type\":\"ListItem\",\"@id\":\"https:\\\/\\\/serrafm879.com.br\\\/serrafm\\\/2025\\\/07\\\/governo-de-pernambuco-apresenta-avancos-em-ciencia-e-tecnologia-com-edital-redes-de-inovacao\\\/#listItem\",\"name\":\"Governo de Pernambuco apresenta avan\\u00e7os em ci\\u00eancia e tecnologia com edital Redes de Inova\\u00e7\\u00e3o\"},\"previousItem\":{\"@type\":\"ListItem\",\"@id\":\"https:\\\/\\\/serrafm879.com.br\\\/serrafm#listItem\",\"name\":\"Home\"}},{\"@type\":\"ListItem\",\"@id\":\"https:\\\/\\\/serrafm879.com.br\\\/serrafm\\\/2025\\\/07\\\/governo-de-pernambuco-apresenta-avancos-em-ciencia-e-tecnologia-com-edital-redes-de-inovacao\\\/#listItem\",\"position\":3,\"name\":\"Governo de Pernambuco apresenta avan\\u00e7os em ci\\u00eancia e tecnologia com edital Redes de Inova\\u00e7\\u00e3o\",\"previousItem\":{\"@type\":\"ListItem\",\"@id\":\"https:\\\/\\\/serrafm879.com.br\\\/serrafm\\\/categoria\\\/pernambuco\\\/#listItem\",\"name\":\"Pernambuco\"}}]},{\"@type\":\"Organization\",\"@id\":\"https:\\\/\\\/serrafm879.com.br\\\/serrafm\\\/#organization\",\"name\":\"Serra FM 87,9\",\"description\":\"O seu novo amor!\",\"url\":\"https:\\\/\\\/serrafm879.com.br\\\/serrafm\\\/\"},{\"@type\":\"Person\",\"@id\":\"https:\\\/\\\/serrafm879.com.br\\\/serrafm\\\/author\\\/serrafm87\\\/#author\",\"url\":\"https:\\\/\\\/serrafm879.com.br\\\/serrafm\\\/author\\\/serrafm87\\\/\",\"name\":\"serrafm87\",\"image\":{\"@type\":\"ImageObject\",\"@id\":\"https:\\\/\\\/serrafm879.com.br\\\/serrafm\\\/2025\\\/07\\\/governo-de-pernambuco-apresenta-avancos-em-ciencia-e-tecnologia-com-edital-redes-de-inovacao\\\/#authorImage\",\"url\":\"https:\\\/\\\/secure.gravatar.com\\\/avatar\\\/a743233f1112d34f48bb3dc9559b76eb930bab8b27175856cba6362608736235?s=96&d=mm&r=g\",\"width\":96,\"height\":96,\"caption\":\"serrafm87\"}},{\"@type\":\"WebPage\",\"@id\":\"https:\\\/\\\/serrafm879.com.br\\\/serrafm\\\/2025\\\/07\\\/governo-de-pernambuco-apresenta-avancos-em-ciencia-e-tecnologia-com-edital-redes-de-inovacao\\\/#webpage\",\"url\":\"https:\\\/\\\/serrafm879.com.br\\\/serrafm\\\/2025\\\/07\\\/governo-de-pernambuco-apresenta-avancos-em-ciencia-e-tecnologia-com-edital-redes-de-inovacao\\\/\",\"name\":\"Governo de Pernambuco apresenta avan\\u00e7os em ci\\u00eancia e tecnologia com edital Redes de Inova\\u00e7\\u00e3o - Serra FM 87,9\",\"description\":\"O Governo do Estado, por meio da Secretaria de Ci\\u00eancia, Tecnologia e Inova\\u00e7\\u00e3o de Pernambuco (Secti\\\/PE) realizou, nesta ter\\u00e7a-feira (22), o encontro de acompanhamento semestral dos projetos contemplados no edital 2024 do Programa Redes de Inova\\u00e7\\u00e3o. O evento reuniu representantes de empresas, institui\\u00e7\\u00f5es de ensino, associa\\u00e7\\u00f5es e \\u00f3rg\\u00e3os governamentais no audit\\u00f3rio do Servi\\u00e7o Nacional de\",\"inLanguage\":\"pt-BR\",\"isPartOf\":{\"@id\":\"https:\\\/\\\/serrafm879.com.br\\\/serrafm\\\/#website\"},\"breadcrumb\":{\"@id\":\"https:\\\/\\\/serrafm879.com.br\\\/serrafm\\\/2025\\\/07\\\/governo-de-pernambuco-apresenta-avancos-em-ciencia-e-tecnologia-com-edital-redes-de-inovacao\\\/#breadcrumblist\"},\"author\":{\"@id\":\"https:\\\/\\\/serrafm879.com.br\\\/serrafm\\\/author\\\/serrafm87\\\/#author\"},\"creator\":{\"@id\":\"https:\\\/\\\/serrafm879.com.br\\\/serrafm\\\/author\\\/serrafm87\\\/#author\"},\"image\":{\"@type\":\"ImageObject\",\"url\":\"https:\\\/\\\/serrafm879.com.br\\\/serrafm\\\/wp-content\\\/uploads\\\/2025\\\/07\\\/WhatsApp-Image-2025-07-22-at-16.30.41-scaled.jpeg\",\"@id\":\"https:\\\/\\\/serrafm879.com.br\\\/serrafm\\\/2025\\\/07\\\/governo-de-pernambuco-apresenta-avancos-em-ciencia-e-tecnologia-com-edital-redes-de-inovacao\\\/#mainImage\",\"width\":2560,\"height\":1920,\"caption\":\"Cr\\u00e9dito: Karol Oliveira\\\/ Secti\"},\"primaryImageOfPage\":{\"@id\":\"https:\\\/\\\/serrafm879.com.br\\\/serrafm\\\/2025\\\/07\\\/governo-de-pernambuco-apresenta-avancos-em-ciencia-e-tecnologia-com-edital-redes-de-inovacao\\\/#mainImage\"},\"datePublished\":\"2025-07-22T17:37:35-03:00\",\"dateModified\":\"2025-07-22T17:37:35-03:00\"},{\"@type\":\"WebSite\",\"@id\":\"https:\\\/\\\/serrafm879.com.br\\\/serrafm\\\/#website\",\"url\":\"https:\\\/\\\/serrafm879.com.br\\\/serrafm\\\/\",\"name\":\"Serra FM 87,9\",\"description\":\"O seu novo amor!\",\"inLanguage\":\"pt-BR\",\"publisher\":{\"@id\":\"https:\\\/\\\/serrafm879.com.br\\\/serrafm\\\/#organization\"}}]}\n\t\t<\/script>\n\t\t<!-- All in One SEO -->\n\n","aioseo_head_json":{"title":"Governo de Pernambuco apresenta avan\u00e7os em ci\u00eancia e tecnologia com edital Redes de Inova\u00e7\u00e3o - Serra FM 87,9","description":"O Governo do Estado, por meio da Secretaria de Ci\u00eancia, Tecnologia e Inova\u00e7\u00e3o de Pernambuco (Secti\/PE) realizou, nesta ter\u00e7a-feira (22), o encontro de acompanhamento semestral dos projetos contemplados no edital 2024 do Programa Redes de Inova\u00e7\u00e3o. O evento reuniu representantes de empresas, institui\u00e7\u00f5es de ensino, associa\u00e7\u00f5es e \u00f3rg\u00e3os governamentais no audit\u00f3rio do Servi\u00e7o Nacional de","canonical_url":"https:\/\/serrafm879.com.br\/serrafm\/2025\/07\/governo-de-pernambuco-apresenta-avancos-em-ciencia-e-tecnologia-com-edital-redes-de-inovacao\/","robots":"max-image-preview:large","keywords":"","webmasterTools":{"miscellaneous":""},"schema":{"@context":"https:\/\/schema.org","@graph":[{"@type":"BlogPosting","@id":"https:\/\/serrafm879.com.br\/serrafm\/2025\/07\/governo-de-pernambuco-apresenta-avancos-em-ciencia-e-tecnologia-com-edital-redes-de-inovacao\/#blogposting","name":"Governo de Pernambuco apresenta avan\u00e7os em ci\u00eancia e tecnologia com edital Redes de Inova\u00e7\u00e3o - Serra FM 87,9","headline":"Governo de Pernambuco apresenta avan\u00e7os em ci\u00eancia e tecnologia com edital Redes de Inova\u00e7\u00e3o","author":{"@id":"https:\/\/serrafm879.com.br\/serrafm\/author\/serrafm87\/#author"},"publisher":{"@id":"https:\/\/serrafm879.com.br\/serrafm\/#organization"},"image":{"@type":"ImageObject","url":"https:\/\/serrafm879.com.br\/serrafm\/wp-content\/uploads\/2025\/07\/WhatsApp-Image-2025-07-22-at-16.30.41-scaled.jpeg","width":2560,"height":1920,"caption":"Cr\u00e9dito: Karol Oliveira\/ Secti"},"datePublished":"2025-07-22T17:37:35-03:00","dateModified":"2025-07-22T17:37:35-03:00","inLanguage":"pt-BR","mainEntityOfPage":{"@id":"https:\/\/serrafm879.com.br\/serrafm\/2025\/07\/governo-de-pernambuco-apresenta-avancos-em-ciencia-e-tecnologia-com-edital-redes-de-inovacao\/#webpage"},"isPartOf":{"@id":"https:\/\/serrafm879.com.br\/serrafm\/2025\/07\/governo-de-pernambuco-apresenta-avancos-em-ciencia-e-tecnologia-com-edital-redes-de-inovacao\/#webpage"},"articleSection":"Pernambuco"},{"@type":"BreadcrumbList","@id":"https:\/\/serrafm879.com.br\/serrafm\/2025\/07\/governo-de-pernambuco-apresenta-avancos-em-ciencia-e-tecnologia-com-edital-redes-de-inovacao\/#breadcrumblist","itemListElement":[{"@type":"ListItem","@id":"https:\/\/serrafm879.com.br\/serrafm#listItem","position":1,"name":"Home","item":"https:\/\/serrafm879.com.br\/serrafm","nextItem":{"@type":"ListItem","@id":"https:\/\/serrafm879.com.br\/serrafm\/categoria\/pernambuco\/#listItem","name":"Pernambuco"}},{"@type":"ListItem","@id":"https:\/\/serrafm879.com.br\/serrafm\/categoria\/pernambuco\/#listItem","position":2,"name":"Pernambuco","item":"https:\/\/serrafm879.com.br\/serrafm\/categoria\/pernambuco\/","nextItem":{"@type":"ListItem","@id":"https:\/\/serrafm879.com.br\/serrafm\/2025\/07\/governo-de-pernambuco-apresenta-avancos-em-ciencia-e-tecnologia-com-edital-redes-de-inovacao\/#listItem","name":"Governo de Pernambuco apresenta avan\u00e7os em ci\u00eancia e tecnologia com edital Redes de Inova\u00e7\u00e3o"},"previousItem":{"@type":"ListItem","@id":"https:\/\/serrafm879.com.br\/serrafm#listItem","name":"Home"}},{"@type":"ListItem","@id":"https:\/\/serrafm879.com.br\/serrafm\/2025\/07\/governo-de-pernambuco-apresenta-avancos-em-ciencia-e-tecnologia-com-edital-redes-de-inovacao\/#listItem","position":3,"name":"Governo de Pernambuco apresenta avan\u00e7os em ci\u00eancia e tecnologia com edital Redes de Inova\u00e7\u00e3o","previousItem":{"@type":"ListItem","@id":"https:\/\/serrafm879.com.br\/serrafm\/categoria\/pernambuco\/#listItem","name":"Pernambuco"}}]},{"@type":"Organization","@id":"https:\/\/serrafm879.com.br\/serrafm\/#organization","name":"Serra FM 87,9","description":"O seu novo amor!","url":"https:\/\/serrafm879.com.br\/serrafm\/"},{"@type":"Person","@id":"https:\/\/serrafm879.com.br\/serrafm\/author\/serrafm87\/#author","url":"https:\/\/serrafm879.com.br\/serrafm\/author\/serrafm87\/","name":"serrafm87","image":{"@type":"ImageObject","@id":"https:\/\/serrafm879.com.br\/serrafm\/2025\/07\/governo-de-pernambuco-apresenta-avancos-em-ciencia-e-tecnologia-com-edital-redes-de-inovacao\/#authorImage","url":"https:\/\/secure.gravatar.com\/avatar\/a743233f1112d34f48bb3dc9559b76eb930bab8b27175856cba6362608736235?s=96&d=mm&r=g","width":96,"height":96,"caption":"serrafm87"}},{"@type":"WebPage","@id":"https:\/\/serrafm879.com.br\/serrafm\/2025\/07\/governo-de-pernambuco-apresenta-avancos-em-ciencia-e-tecnologia-com-edital-redes-de-inovacao\/#webpage","url":"https:\/\/serrafm879.com.br\/serrafm\/2025\/07\/governo-de-pernambuco-apresenta-avancos-em-ciencia-e-tecnologia-com-edital-redes-de-inovacao\/","name":"Governo de Pernambuco apresenta avan\u00e7os em ci\u00eancia e tecnologia com edital Redes de Inova\u00e7\u00e3o - Serra FM 87,9","description":"O Governo do Estado, por meio da Secretaria de Ci\u00eancia, Tecnologia e Inova\u00e7\u00e3o de Pernambuco (Secti\/PE) realizou, nesta ter\u00e7a-feira (22), o encontro de acompanhamento semestral dos projetos contemplados no edital 2024 do Programa Redes de Inova\u00e7\u00e3o. O evento reuniu representantes de empresas, institui\u00e7\u00f5es de ensino, associa\u00e7\u00f5es e \u00f3rg\u00e3os governamentais no audit\u00f3rio do Servi\u00e7o Nacional de","inLanguage":"pt-BR","isPartOf":{"@id":"https:\/\/serrafm879.com.br\/serrafm\/#website"},"breadcrumb":{"@id":"https:\/\/serrafm879.com.br\/serrafm\/2025\/07\/governo-de-pernambuco-apresenta-avancos-em-ciencia-e-tecnologia-com-edital-redes-de-inovacao\/#breadcrumblist"},"author":{"@id":"https:\/\/serrafm879.com.br\/serrafm\/author\/serrafm87\/#author"},"creator":{"@id":"https:\/\/serrafm879.com.br\/serrafm\/author\/serrafm87\/#author"},"image":{"@type":"ImageObject","url":"https:\/\/serrafm879.com.br\/serrafm\/wp-content\/uploads\/2025\/07\/WhatsApp-Image-2025-07-22-at-16.30.41-scaled.jpeg","@id":"https:\/\/serrafm879.com.br\/serrafm\/2025\/07\/governo-de-pernambuco-apresenta-avancos-em-ciencia-e-tecnologia-com-edital-redes-de-inovacao\/#mainImage","width":2560,"height":1920,"caption":"Cr\u00e9dito: Karol Oliveira\/ Secti"},"primaryImageOfPage":{"@id":"https:\/\/serrafm879.com.br\/serrafm\/2025\/07\/governo-de-pernambuco-apresenta-avancos-em-ciencia-e-tecnologia-com-edital-redes-de-inovacao\/#mainImage"},"datePublished":"2025-07-22T17:37:35-03:00","dateModified":"2025-07-22T17:37:35-03:00"},{"@type":"WebSite","@id":"https:\/\/serrafm879.com.br\/serrafm\/#website","url":"https:\/\/serrafm879.com.br\/serrafm\/","name":"Serra FM 87,9","description":"O seu novo amor!","inLanguage":"pt-BR","publisher":{"@id":"https:\/\/serrafm879.com.br\/serrafm\/#organization"}}]},"twitter:card":"summary_large_image","twitter:title":"Governo de Pernambuco apresenta avan\u00e7os em ci\u00eancia e tecnologia com edital Redes de Inova\u00e7\u00e3o - Serra FM 87,9","twitter:description":"O Governo do Estado, por meio da Secretaria de Ci\u00eancia, Tecnologia e Inova\u00e7\u00e3o de Pernambuco (Secti\/PE) realizou, nesta ter\u00e7a-feira (22), o encontro de acompanhamento semestral dos projetos contemplados no edital 2024 do Programa Redes de Inova\u00e7\u00e3o. O evento reuniu representantes de empresas, institui\u00e7\u00f5es de ensino, associa\u00e7\u00f5es e \u00f3rg\u00e3os governamentais no audit\u00f3rio do Servi\u00e7o Nacional de","twitter:image":"https:\/\/serrafm879.com.br\/serrafm\/wp-content\/uploads\/2025\/07\/WhatsApp-Image-2025-07-22-at-16.30.41-scaled.jpeg"},"aioseo_meta_data":{"post_id":"23410","title":null,"description":null,"keywords":null,"keyphrases":null,"primary_term":null,"canonical_url":null,"og_title":null,"og_description":null,"og_object_type":"default","og_image_type":"default","og_image_custom_url":null,"og_image_custom_fields":null,"og_image_url":null,"og_image_width":null,"og_image_height":null,"og_video":null,"og_custom_url":null,"og_article_section":null,"og_article_tags":null,"twitter_use_og":false,"twitter_card":"default","twitter_image_type":"default","twitter_image_custom_url":null,"twitter_image_custom_fields":null,"twitter_image_url":null,"twitter_title":null,"twitter_description":null,"schema_type":"default","schema_type_options":null,"schema":{"blockGraphs":[],"customGraphs":[],"default":{"data":{"Article":[],"Course":[],"Dataset":[],"FAQPage":[],"Movie":[],"Person":[],"Product":[],"ProductReview":[],"Car":[],"Recipe":[],"Service":[],"SoftwareApplication":[],"WebPage":[]},"graphName":"","isEnabled":true},"graphs":[]},"pillar_content":false,"robots_default":true,"robots_noindex":false,"robots_noarchive":false,"robots_nosnippet":false,"robots_nofollow":false,"robots_noimageindex":false,"robots_noodp":false,"robots_notranslate":false,"robots_max_snippet":null,"robots_max_videopreview":null,"robots_max_imagepreview":"large","priority":null,"frequency":null,"local_seo":null,"limit_modified_date":false,"ai":null,"breadcrumb_settings":null,"seo_analyzer_scan_date":null,"created":"2026-07-21 16:19:56","updated":"2026-07-21 16:19:56"},"aioseo_breadcrumb":"<div class=\"aioseo-breadcrumbs\"><span class=\"aioseo-breadcrumb\">\n\t\t\t<a href=\"https:\/\/serrafm879.com.br\/serrafm\" title=\"Home\">Home<\/a>\n\t\t<\/span><span class=\"aioseo-breadcrumb-separator\">&raquo;<\/span><span class=\"aioseo-breadcrumb\">\n\t\t\t<a href=\"https:\/\/serrafm879.com.br\/serrafm\/categoria\/pernambuco\/\" title=\"Pernambuco\">Pernambuco<\/a>\n\t\t<\/span><span class=\"aioseo-breadcrumb-separator\">&raquo;<\/span><span class=\"aioseo-breadcrumb\">\n\t\t\tGoverno de Pernambuco apresenta avan\u00e7os em ci\u00eancia e tecnologia com edital Redes de Inova\u00e7\u00e3o\n\t\t<\/span><\/div>","aioseo_breadcrumb_json":[{"label":"Home","link":"https:\/\/serrafm879.com.br\/serrafm"},{"label":"Pernambuco","link":"https:\/\/serrafm879.com.br\/serrafm\/categoria\/pernambuco\/"},{"label":"Governo de Pernambuco apresenta avan\u00e7os em ci\u00eancia e tecnologia com edital Redes de Inova\u00e7\u00e3o","link":"https:\/\/serrafm879.com.br\/serrafm\/2025\/07\/governo-de-pernambuco-apresenta-avancos-em-ciencia-e-tecnologia-com-edital-redes-de-inovacao\/"}],"jetpack_publicize_connections":[],"jetpack_featured_media_url":"https:\/\/serrafm879.com.br\/serrafm\/wp-content\/uploads\/2025\/07\/WhatsApp-Image-2025-07-22-at-16.30.41-scaled.jpeg","jetpack_shortlink":"https:\/\/wp.me\/p7HyXg-65A","jetpack_sharing_enabled":true,"_links":{"self":[{"href":"https:\/\/serrafm879.com.br\/serrafm\/wp-json\/wp\/v2\/posts\/23410","targetHints":{"allow":["GET"]}}],"collection":[{"href":"https:\/\/serrafm879.com.br\/serrafm\/wp-json\/wp\/v2\/posts"}],"about":[{"href":"https:\/\/serrafm879.com.br\/serrafm\/wp-json\/wp\/v2\/types\/post"}],"author":[{"embeddable":true,"href":"https:\/\/serrafm879.com.br\/serrafm\/wp-json\/wp\/v2\/users\/2"}],"replies":[{"embeddable":true,"href":"https:\/\/serrafm879.com.br\/serrafm\/wp-json\/wp\/v2\/comments?post=23410"}],"version-history":[{"count":1,"href":"https:\/\/serrafm879.com.br\/serrafm\/wp-json\/wp\/v2\/posts\/23410\/revisions"}],"predecessor-version":[{"id":23412,"href":"https:\/\/serrafm879.com.br\/serrafm\/wp-json\/wp\/v2\/posts\/23410\/revisions\/23412"}],"wp:featuredmedia":[{"embeddable":true,"href":"https:\/\/serrafm879.com.br\/serrafm\/wp-json\/wp\/v2\/media\/23411"}],"wp:attachment":[{"href":"https:\/\/serrafm879.com.br\/serrafm\/wp-json\/wp\/v2\/media?parent=23410"}],"wp:term":[{"taxonomy":"category","embeddable":true,"href":"https:\/\/serrafm879.com.br\/serrafm\/wp-json\/wp\/v2\/categories?post=23410"},{"taxonomy":"post_tag","embeddable":true,"href":"https:\/\/serrafm879.com.br\/serrafm\/wp-json\/wp\/v2\/tags?post=23410"}],"curies":[{"name":"wp","href":"https:\/\/api.w.org\/{rel}","templated":true}]}}