{"id":23419,"date":"2025-07-22T17:51:40","date_gmt":"2025-07-22T20:51:40","guid":{"rendered":"https:\/\/serrafm879.com.br\/serrafm\/?p=23419"},"modified":"2025-07-22T17:51:40","modified_gmt":"2025-07-22T20:51:40","slug":"duque-lidera-intencoes-de-voto-para-deputado-em-serra-talhada","status":"publish","type":"post","link":"https:\/\/serrafm879.com.br\/serrafm\/2025\/07\/duque-lidera-intencoes-de-voto-para-deputado-em-serra-talhada\/","title":{"rendered":"Duque lidera inten\u00e7\u00f5es de voto para Deputado em Serra Talhada"},"content":{"rendered":"<p>O atual Deputado Estadual Luciano Duque (Solidariedade) lidera as inten\u00e7\u00f5es de voto para a reelei\u00e7\u00e3o em sua cidade natal, Serra Talhada. \u00c9 o que indica pesquisa realizada pelo Instituto M\u00faltipla para o Farol de Not\u00edcias, na Capital do Xaxado.<\/p>\n<p>Segundo o Instituto, Duque tem\u00a054% das inten\u00e7\u00f5es de votos, seguido de\u00a0Sebasti\u00e3o Oliveira\u00a0com 17%.\u00a0Marido da atual prefeita M\u00e1rcia Conrado, o odont\u00f3logo\u00a0Breno Ara\u00fajo tem\u00a09%.<\/p>\n<p>Os resultados j\u00e1 eram esperados antes mesmo da divulga\u00e7\u00e3o por quest\u00f5es \u00f3bvias. Luciano Duque tem maior recall por seu mandato em Serra Talhada, Sebasti\u00e3o Oliveira tem menor densidade eleitoral em sua base, apesar de ter o mandato praticamente garantido como presidente Estadual do AVANTE. No\u00a0 caso de Breno, foi lan\u00e7ado a poucos dias. A pesquisa mostra o desafio que a prefeita ter\u00e1 na busca por tentar equilibrar o jogo, fundamental para fazer dele um candidato competitivo.<\/p>\n<p>O desempenho de Luciano Duque na ALEPE tamb\u00e9m foi medido durante a pesquisa. Quando perguntado se o eleitor aprova ou desaprova o mandato do serra-talhadense,\u00a073%\u00a0dizem aprovar contra apenas 15% que desaprovam. Um total de 12% n\u00e3o opinaram. Foram realizadas 350 entrevistas entre os dias 18 e 19 de julho, com margem de erro de 5,2% para mais ou menos.<\/p>\n","protected":false},"excerpt":{"rendered":"<p>O atual Deputado Estadual Luciano Duque (Solidariedade) lidera as inten\u00e7\u00f5es de voto para a reelei\u00e7\u00e3o em sua cidade natal, Serra Talhada. \u00c9 o que indica pesquisa realizada pelo Instituto M\u00faltipla para o Farol de Not\u00edcias, na Capital do Xaxado. Segundo o Instituto, Duque tem\u00a054% das inten\u00e7\u00f5es de votos, seguido de\u00a0Sebasti\u00e3o Oliveira\u00a0com 17%.\u00a0Marido da atual prefeita M\u00e1rcia Conrado, o odont\u00f3logo\u00a0Breno Ara\u00fajo tem\u00a09%. Os resultados j\u00e1 eram esperados antes mesmo da divulga\u00e7\u00e3o por quest\u00f5es \u00f3bvias. Luciano Duque tem maior recall por seu mandato em Serra Talhada, Sebasti\u00e3o Oliveira tem menor densidade eleitoral em sua base, apesar de ter o mandato praticamente garantido [&hellip;]<\/p>\n","protected":false},"author":2,"featured_media":23422,"comment_status":"open","ping_status":"open","sticky":false,"template":"","format":"standard","meta":{"_jetpack_newsletter_access":"","_jetpack_dont_email_post_to_subs":false,"_jetpack_newsletter_tier_id":0,"_jetpack_memberships_contains_paywalled_content":false,"_jetpack_feature_clip_id":0,"_jetpack_memberships_contains_paid_content":false,"footnotes":"","jetpack_publicize_message":"","jetpack_publicize_feature_enabled":true,"jetpack_social_post_already_shared":true,"jetpack_social_options":{"image_generator_settings":{"template":"highway","default_image_id":0,"font":"","enabled":false},"version":2},"jetpack_post_was_ever_published":false},"categories":[290],"tags":[],"class_list":["post-23419","post","type-post","status-publish","format-standard","has-post-thumbnail","hentry","category-serra-talhada"],"aioseo_notices":[],"aioseo_head":"\n\t\t<!-- All in One SEO 4.9.10 - aioseo.com -->\n\t<meta name=\"description\" content=\"O atual Deputado Estadual Luciano Duque (Solidariedade) lidera as inten\u00e7\u00f5es de voto para a reelei\u00e7\u00e3o em sua cidade natal, Serra Talhada. \u00c9 o que indica pesquisa realizada pelo Instituto M\u00faltipla para o Farol de Not\u00edcias, na Capital do Xaxado. Segundo o Instituto, Duque tem 54% das inten\u00e7\u00f5es de votos, seguido de Sebasti\u00e3o Oliveira com 17%. Marido da atual prefeita\" \/>\n\t<meta name=\"robots\" content=\"max-image-preview:large\" \/>\n\t<meta name=\"author\" content=\"serrafm87\"\/>\n\t<link rel=\"canonical\" href=\"https:\/\/serrafm879.com.br\/serrafm\/2025\/07\/duque-lidera-intencoes-de-voto-para-deputado-em-serra-talhada\/\" \/>\n\t<meta name=\"generator\" content=\"All in One SEO (AIOSEO) 4.9.10\" \/>\n\t\t<meta name=\"twitter:card\" content=\"summary_large_image\" \/>\n\t\t<meta name=\"twitter:title\" content=\"Duque lidera inten\u00e7\u00f5es de voto para Deputado em Serra Talhada - Serra FM 87,9\" \/>\n\t\t<meta name=\"twitter:description\" content=\"O atual Deputado Estadual Luciano Duque (Solidariedade) lidera as inten\u00e7\u00f5es de voto para a reelei\u00e7\u00e3o em sua cidade natal, Serra Talhada. \u00c9 o que indica pesquisa realizada pelo Instituto M\u00faltipla para o Farol de Not\u00edcias, na Capital do Xaxado. Segundo o Instituto, Duque tem 54% das inten\u00e7\u00f5es de votos, seguido de Sebasti\u00e3o Oliveira com 17%. Marido da atual prefeita\" \/>\n\t\t<meta name=\"twitter:image\" content=\"https:\/\/serrafm879.com.br\/serrafm\/wp-content\/uploads\/2025\/07\/WhatsApp-Image-2025-07-22-at-17.49.48.jpeg\" \/>\n\t\t<script type=\"application\/ld+json\" class=\"aioseo-schema\">\n\t\t\t{\"@context\":\"https:\\\/\\\/schema.org\",\"@graph\":[{\"@type\":\"BlogPosting\",\"@id\":\"https:\\\/\\\/serrafm879.com.br\\\/serrafm\\\/2025\\\/07\\\/duque-lidera-intencoes-de-voto-para-deputado-em-serra-talhada\\\/#blogposting\",\"name\":\"Duque lidera inten\\u00e7\\u00f5es de voto para Deputado em Serra Talhada - Serra FM 87,9\",\"headline\":\"Duque lidera inten\\u00e7\\u00f5es de voto para Deputado em Serra Talhada\",\"author\":{\"@id\":\"https:\\\/\\\/serrafm879.com.br\\\/serrafm\\\/author\\\/serrafm87\\\/#author\"},\"publisher\":{\"@id\":\"https:\\\/\\\/serrafm879.com.br\\\/serrafm\\\/#organization\"},\"image\":{\"@type\":\"ImageObject\",\"url\":\"https:\\\/\\\/serrafm879.com.br\\\/serrafm\\\/wp-content\\\/uploads\\\/2025\\\/07\\\/WhatsApp-Image-2025-07-22-at-17.49.48.jpeg\",\"width\":970,\"height\":912},\"datePublished\":\"2025-07-22T17:51:40-03:00\",\"dateModified\":\"2025-07-22T17:51:40-03:00\",\"inLanguage\":\"pt-BR\",\"mainEntityOfPage\":{\"@id\":\"https:\\\/\\\/serrafm879.com.br\\\/serrafm\\\/2025\\\/07\\\/duque-lidera-intencoes-de-voto-para-deputado-em-serra-talhada\\\/#webpage\"},\"isPartOf\":{\"@id\":\"https:\\\/\\\/serrafm879.com.br\\\/serrafm\\\/2025\\\/07\\\/duque-lidera-intencoes-de-voto-para-deputado-em-serra-talhada\\\/#webpage\"},\"articleSection\":\"Serra Talhada\"},{\"@type\":\"BreadcrumbList\",\"@id\":\"https:\\\/\\\/serrafm879.com.br\\\/serrafm\\\/2025\\\/07\\\/duque-lidera-intencoes-de-voto-para-deputado-em-serra-talhada\\\/#breadcrumblist\",\"itemListElement\":[{\"@type\":\"ListItem\",\"@id\":\"https:\\\/\\\/serrafm879.com.br\\\/serrafm#listItem\",\"position\":1,\"name\":\"Home\",\"item\":\"https:\\\/\\\/serrafm879.com.br\\\/serrafm\",\"nextItem\":{\"@type\":\"ListItem\",\"@id\":\"https:\\\/\\\/serrafm879.com.br\\\/serrafm\\\/categoria\\\/serra-talhada\\\/#listItem\",\"name\":\"Serra Talhada\"}},{\"@type\":\"ListItem\",\"@id\":\"https:\\\/\\\/serrafm879.com.br\\\/serrafm\\\/categoria\\\/serra-talhada\\\/#listItem\",\"position\":2,\"name\":\"Serra Talhada\",\"item\":\"https:\\\/\\\/serrafm879.com.br\\\/serrafm\\\/categoria\\\/serra-talhada\\\/\",\"nextItem\":{\"@type\":\"ListItem\",\"@id\":\"https:\\\/\\\/serrafm879.com.br\\\/serrafm\\\/2025\\\/07\\\/duque-lidera-intencoes-de-voto-para-deputado-em-serra-talhada\\\/#listItem\",\"name\":\"Duque lidera inten\\u00e7\\u00f5es de voto para Deputado em Serra Talhada\"},\"previousItem\":{\"@type\":\"ListItem\",\"@id\":\"https:\\\/\\\/serrafm879.com.br\\\/serrafm#listItem\",\"name\":\"Home\"}},{\"@type\":\"ListItem\",\"@id\":\"https:\\\/\\\/serrafm879.com.br\\\/serrafm\\\/2025\\\/07\\\/duque-lidera-intencoes-de-voto-para-deputado-em-serra-talhada\\\/#listItem\",\"position\":3,\"name\":\"Duque lidera inten\\u00e7\\u00f5es de voto para Deputado em Serra Talhada\",\"previousItem\":{\"@type\":\"ListItem\",\"@id\":\"https:\\\/\\\/serrafm879.com.br\\\/serrafm\\\/categoria\\\/serra-talhada\\\/#listItem\",\"name\":\"Serra Talhada\"}}]},{\"@type\":\"Organization\",\"@id\":\"https:\\\/\\\/serrafm879.com.br\\\/serrafm\\\/#organization\",\"name\":\"Serra FM 87,9\",\"description\":\"O seu novo amor!\",\"url\":\"https:\\\/\\\/serrafm879.com.br\\\/serrafm\\\/\"},{\"@type\":\"Person\",\"@id\":\"https:\\\/\\\/serrafm879.com.br\\\/serrafm\\\/author\\\/serrafm87\\\/#author\",\"url\":\"https:\\\/\\\/serrafm879.com.br\\\/serrafm\\\/author\\\/serrafm87\\\/\",\"name\":\"serrafm87\",\"image\":{\"@type\":\"ImageObject\",\"@id\":\"https:\\\/\\\/serrafm879.com.br\\\/serrafm\\\/2025\\\/07\\\/duque-lidera-intencoes-de-voto-para-deputado-em-serra-talhada\\\/#authorImage\",\"url\":\"https:\\\/\\\/secure.gravatar.com\\\/avatar\\\/a743233f1112d34f48bb3dc9559b76eb930bab8b27175856cba6362608736235?s=96&d=mm&r=g\",\"width\":96,\"height\":96,\"caption\":\"serrafm87\"}},{\"@type\":\"WebPage\",\"@id\":\"https:\\\/\\\/serrafm879.com.br\\\/serrafm\\\/2025\\\/07\\\/duque-lidera-intencoes-de-voto-para-deputado-em-serra-talhada\\\/#webpage\",\"url\":\"https:\\\/\\\/serrafm879.com.br\\\/serrafm\\\/2025\\\/07\\\/duque-lidera-intencoes-de-voto-para-deputado-em-serra-talhada\\\/\",\"name\":\"Duque lidera inten\\u00e7\\u00f5es de voto para Deputado em Serra Talhada - Serra FM 87,9\",\"description\":\"O atual Deputado Estadual Luciano Duque (Solidariedade) lidera as inten\\u00e7\\u00f5es de voto para a reelei\\u00e7\\u00e3o em sua cidade natal, Serra Talhada. \\u00c9 o que indica pesquisa realizada pelo Instituto M\\u00faltipla para o Farol de Not\\u00edcias, na Capital do Xaxado. Segundo o Instituto, Duque tem 54% das inten\\u00e7\\u00f5es de votos, seguido de Sebasti\\u00e3o Oliveira com 17%. Marido da atual prefeita\",\"inLanguage\":\"pt-BR\",\"isPartOf\":{\"@id\":\"https:\\\/\\\/serrafm879.com.br\\\/serrafm\\\/#website\"},\"breadcrumb\":{\"@id\":\"https:\\\/\\\/serrafm879.com.br\\\/serrafm\\\/2025\\\/07\\\/duque-lidera-intencoes-de-voto-para-deputado-em-serra-talhada\\\/#breadcrumblist\"},\"author\":{\"@id\":\"https:\\\/\\\/serrafm879.com.br\\\/serrafm\\\/author\\\/serrafm87\\\/#author\"},\"creator\":{\"@id\":\"https:\\\/\\\/serrafm879.com.br\\\/serrafm\\\/author\\\/serrafm87\\\/#author\"},\"image\":{\"@type\":\"ImageObject\",\"url\":\"https:\\\/\\\/serrafm879.com.br\\\/serrafm\\\/wp-content\\\/uploads\\\/2025\\\/07\\\/WhatsApp-Image-2025-07-22-at-17.49.48.jpeg\",\"@id\":\"https:\\\/\\\/serrafm879.com.br\\\/serrafm\\\/2025\\\/07\\\/duque-lidera-intencoes-de-voto-para-deputado-em-serra-talhada\\\/#mainImage\",\"width\":970,\"height\":912},\"primaryImageOfPage\":{\"@id\":\"https:\\\/\\\/serrafm879.com.br\\\/serrafm\\\/2025\\\/07\\\/duque-lidera-intencoes-de-voto-para-deputado-em-serra-talhada\\\/#mainImage\"},\"datePublished\":\"2025-07-22T17:51:40-03:00\",\"dateModified\":\"2025-07-22T17:51:40-03:00\"},{\"@type\":\"WebSite\",\"@id\":\"https:\\\/\\\/serrafm879.com.br\\\/serrafm\\\/#website\",\"url\":\"https:\\\/\\\/serrafm879.com.br\\\/serrafm\\\/\",\"name\":\"Serra FM 87,9\",\"description\":\"O seu novo amor!\",\"inLanguage\":\"pt-BR\",\"publisher\":{\"@id\":\"https:\\\/\\\/serrafm879.com.br\\\/serrafm\\\/#organization\"}}]}\n\t\t<\/script>\n\t\t<!-- All in One SEO -->\n\n","aioseo_head_json":{"title":"Duque lidera inten\u00e7\u00f5es de voto para Deputado em Serra Talhada - Serra FM 87,9","description":"O atual Deputado Estadual Luciano Duque (Solidariedade) lidera as inten\u00e7\u00f5es de voto para a reelei\u00e7\u00e3o em sua cidade natal, Serra Talhada. \u00c9 o que indica pesquisa realizada pelo Instituto M\u00faltipla para o Farol de Not\u00edcias, na Capital do Xaxado. Segundo o Instituto, Duque tem 54% das inten\u00e7\u00f5es de votos, seguido de Sebasti\u00e3o Oliveira com 17%. Marido da atual prefeita","canonical_url":"https:\/\/serrafm879.com.br\/serrafm\/2025\/07\/duque-lidera-intencoes-de-voto-para-deputado-em-serra-talhada\/","robots":"max-image-preview:large","keywords":"","webmasterTools":{"miscellaneous":""},"schema":{"@context":"https:\/\/schema.org","@graph":[{"@type":"BlogPosting","@id":"https:\/\/serrafm879.com.br\/serrafm\/2025\/07\/duque-lidera-intencoes-de-voto-para-deputado-em-serra-talhada\/#blogposting","name":"Duque lidera inten\u00e7\u00f5es de voto para Deputado em Serra Talhada - Serra FM 87,9","headline":"Duque lidera inten\u00e7\u00f5es de voto para Deputado em Serra Talhada","author":{"@id":"https:\/\/serrafm879.com.br\/serrafm\/author\/serrafm87\/#author"},"publisher":{"@id":"https:\/\/serrafm879.com.br\/serrafm\/#organization"},"image":{"@type":"ImageObject","url":"https:\/\/serrafm879.com.br\/serrafm\/wp-content\/uploads\/2025\/07\/WhatsApp-Image-2025-07-22-at-17.49.48.jpeg","width":970,"height":912},"datePublished":"2025-07-22T17:51:40-03:00","dateModified":"2025-07-22T17:51:40-03:00","inLanguage":"pt-BR","mainEntityOfPage":{"@id":"https:\/\/serrafm879.com.br\/serrafm\/2025\/07\/duque-lidera-intencoes-de-voto-para-deputado-em-serra-talhada\/#webpage"},"isPartOf":{"@id":"https:\/\/serrafm879.com.br\/serrafm\/2025\/07\/duque-lidera-intencoes-de-voto-para-deputado-em-serra-talhada\/#webpage"},"articleSection":"Serra Talhada"},{"@type":"BreadcrumbList","@id":"https:\/\/serrafm879.com.br\/serrafm\/2025\/07\/duque-lidera-intencoes-de-voto-para-deputado-em-serra-talhada\/#breadcrumblist","itemListElement":[{"@type":"ListItem","@id":"https:\/\/serrafm879.com.br\/serrafm#listItem","position":1,"name":"Home","item":"https:\/\/serrafm879.com.br\/serrafm","nextItem":{"@type":"ListItem","@id":"https:\/\/serrafm879.com.br\/serrafm\/categoria\/serra-talhada\/#listItem","name":"Serra Talhada"}},{"@type":"ListItem","@id":"https:\/\/serrafm879.com.br\/serrafm\/categoria\/serra-talhada\/#listItem","position":2,"name":"Serra Talhada","item":"https:\/\/serrafm879.com.br\/serrafm\/categoria\/serra-talhada\/","nextItem":{"@type":"ListItem","@id":"https:\/\/serrafm879.com.br\/serrafm\/2025\/07\/duque-lidera-intencoes-de-voto-para-deputado-em-serra-talhada\/#listItem","name":"Duque lidera inten\u00e7\u00f5es de voto para Deputado em Serra Talhada"},"previousItem":{"@type":"ListItem","@id":"https:\/\/serrafm879.com.br\/serrafm#listItem","name":"Home"}},{"@type":"ListItem","@id":"https:\/\/serrafm879.com.br\/serrafm\/2025\/07\/duque-lidera-intencoes-de-voto-para-deputado-em-serra-talhada\/#listItem","position":3,"name":"Duque lidera inten\u00e7\u00f5es de voto para Deputado em Serra Talhada","previousItem":{"@type":"ListItem","@id":"https:\/\/serrafm879.com.br\/serrafm\/categoria\/serra-talhada\/#listItem","name":"Serra Talhada"}}]},{"@type":"Organization","@id":"https:\/\/serrafm879.com.br\/serrafm\/#organization","name":"Serra FM 87,9","description":"O seu novo amor!","url":"https:\/\/serrafm879.com.br\/serrafm\/"},{"@type":"Person","@id":"https:\/\/serrafm879.com.br\/serrafm\/author\/serrafm87\/#author","url":"https:\/\/serrafm879.com.br\/serrafm\/author\/serrafm87\/","name":"serrafm87","image":{"@type":"ImageObject","@id":"https:\/\/serrafm879.com.br\/serrafm\/2025\/07\/duque-lidera-intencoes-de-voto-para-deputado-em-serra-talhada\/#authorImage","url":"https:\/\/secure.gravatar.com\/avatar\/a743233f1112d34f48bb3dc9559b76eb930bab8b27175856cba6362608736235?s=96&d=mm&r=g","width":96,"height":96,"caption":"serrafm87"}},{"@type":"WebPage","@id":"https:\/\/serrafm879.com.br\/serrafm\/2025\/07\/duque-lidera-intencoes-de-voto-para-deputado-em-serra-talhada\/#webpage","url":"https:\/\/serrafm879.com.br\/serrafm\/2025\/07\/duque-lidera-intencoes-de-voto-para-deputado-em-serra-talhada\/","name":"Duque lidera inten\u00e7\u00f5es de voto para Deputado em Serra Talhada - Serra FM 87,9","description":"O atual Deputado Estadual Luciano Duque (Solidariedade) lidera as inten\u00e7\u00f5es de voto para a reelei\u00e7\u00e3o em sua cidade natal, Serra Talhada. \u00c9 o que indica pesquisa realizada pelo Instituto M\u00faltipla para o Farol de Not\u00edcias, na Capital do Xaxado. Segundo o Instituto, Duque tem 54% das inten\u00e7\u00f5es de votos, seguido de Sebasti\u00e3o Oliveira com 17%. Marido da atual prefeita","inLanguage":"pt-BR","isPartOf":{"@id":"https:\/\/serrafm879.com.br\/serrafm\/#website"},"breadcrumb":{"@id":"https:\/\/serrafm879.com.br\/serrafm\/2025\/07\/duque-lidera-intencoes-de-voto-para-deputado-em-serra-talhada\/#breadcrumblist"},"author":{"@id":"https:\/\/serrafm879.com.br\/serrafm\/author\/serrafm87\/#author"},"creator":{"@id":"https:\/\/serrafm879.com.br\/serrafm\/author\/serrafm87\/#author"},"image":{"@type":"ImageObject","url":"https:\/\/serrafm879.com.br\/serrafm\/wp-content\/uploads\/2025\/07\/WhatsApp-Image-2025-07-22-at-17.49.48.jpeg","@id":"https:\/\/serrafm879.com.br\/serrafm\/2025\/07\/duque-lidera-intencoes-de-voto-para-deputado-em-serra-talhada\/#mainImage","width":970,"height":912},"primaryImageOfPage":{"@id":"https:\/\/serrafm879.com.br\/serrafm\/2025\/07\/duque-lidera-intencoes-de-voto-para-deputado-em-serra-talhada\/#mainImage"},"datePublished":"2025-07-22T17:51:40-03:00","dateModified":"2025-07-22T17:51:40-03:00"},{"@type":"WebSite","@id":"https:\/\/serrafm879.com.br\/serrafm\/#website","url":"https:\/\/serrafm879.com.br\/serrafm\/","name":"Serra FM 87,9","description":"O seu novo amor!","inLanguage":"pt-BR","publisher":{"@id":"https:\/\/serrafm879.com.br\/serrafm\/#organization"}}]},"twitter:card":"summary_large_image","twitter:title":"Duque lidera inten\u00e7\u00f5es de voto para Deputado em Serra Talhada - Serra FM 87,9","twitter:description":"O atual Deputado Estadual Luciano Duque (Solidariedade) lidera as inten\u00e7\u00f5es de voto para a reelei\u00e7\u00e3o em sua cidade natal, Serra Talhada. \u00c9 o que indica pesquisa realizada pelo Instituto M\u00faltipla para o Farol de Not\u00edcias, na Capital do Xaxado. Segundo o Instituto, Duque tem 54% das inten\u00e7\u00f5es de votos, seguido de Sebasti\u00e3o Oliveira com 17%. Marido da atual prefeita","twitter:image":"https:\/\/serrafm879.com.br\/serrafm\/wp-content\/uploads\/2025\/07\/WhatsApp-Image-2025-07-22-at-17.49.48.jpeg"},"aioseo_meta_data":{"post_id":"23419","title":null,"description":null,"keywords":null,"keyphrases":null,"primary_term":null,"canonical_url":null,"og_title":null,"og_description":null,"og_object_type":"default","og_image_type":"default","og_image_custom_url":null,"og_image_custom_fields":null,"og_image_url":null,"og_image_width":null,"og_image_height":null,"og_video":null,"og_custom_url":null,"og_article_section":null,"og_article_tags":null,"twitter_use_og":false,"twitter_card":"default","twitter_image_type":"default","twitter_image_custom_url":null,"twitter_image_custom_fields":null,"twitter_image_url":null,"twitter_title":null,"twitter_description":null,"schema_type":"default","schema_type_options":null,"schema":{"blockGraphs":[],"customGraphs":[],"default":{"data":{"Article":[],"Course":[],"Dataset":[],"FAQPage":[],"Movie":[],"Person":[],"Product":[],"ProductReview":[],"Car":[],"Recipe":[],"Service":[],"SoftwareApplication":[],"WebPage":[]},"graphName":"","isEnabled":true},"graphs":[]},"pillar_content":false,"robots_default":true,"robots_noindex":false,"robots_noarchive":false,"robots_nosnippet":false,"robots_nofollow":false,"robots_noimageindex":false,"robots_noodp":false,"robots_notranslate":false,"robots_max_snippet":null,"robots_max_videopreview":null,"robots_max_imagepreview":"large","priority":null,"frequency":null,"local_seo":null,"limit_modified_date":false,"ai":null,"breadcrumb_settings":null,"seo_analyzer_scan_date":null,"created":"2026-07-21 16:19:56","updated":"2026-07-21 16:19:56"},"aioseo_breadcrumb":"<div class=\"aioseo-breadcrumbs\"><span class=\"aioseo-breadcrumb\">\n\t\t\t<a href=\"https:\/\/serrafm879.com.br\/serrafm\" title=\"Home\">Home<\/a>\n\t\t<\/span><span class=\"aioseo-breadcrumb-separator\">&raquo;<\/span><span class=\"aioseo-breadcrumb\">\n\t\t\t<a href=\"https:\/\/serrafm879.com.br\/serrafm\/categoria\/serra-talhada\/\" title=\"Serra Talhada\">Serra Talhada<\/a>\n\t\t<\/span><span class=\"aioseo-breadcrumb-separator\">&raquo;<\/span><span class=\"aioseo-breadcrumb\">\n\t\t\tDuque lidera inten\u00e7\u00f5es de voto para Deputado em Serra Talhada\n\t\t<\/span><\/div>","aioseo_breadcrumb_json":[{"label":"Home","link":"https:\/\/serrafm879.com.br\/serrafm"},{"label":"Serra Talhada","link":"https:\/\/serrafm879.com.br\/serrafm\/categoria\/serra-talhada\/"},{"label":"Duque lidera inten\u00e7\u00f5es de voto para Deputado em Serra Talhada","link":"https:\/\/serrafm879.com.br\/serrafm\/2025\/07\/duque-lidera-intencoes-de-voto-para-deputado-em-serra-talhada\/"}],"jetpack_publicize_connections":[],"jetpack_featured_media_url":"https:\/\/serrafm879.com.br\/serrafm\/wp-content\/uploads\/2025\/07\/WhatsApp-Image-2025-07-22-at-17.49.48.jpeg","jetpack_shortlink":"https:\/\/wp.me\/p7HyXg-65J","jetpack_sharing_enabled":true,"_links":{"self":[{"href":"https:\/\/serrafm879.com.br\/serrafm\/wp-json\/wp\/v2\/posts\/23419","targetHints":{"allow":["GET"]}}],"collection":[{"href":"https:\/\/serrafm879.com.br\/serrafm\/wp-json\/wp\/v2\/posts"}],"about":[{"href":"https:\/\/serrafm879.com.br\/serrafm\/wp-json\/wp\/v2\/types\/post"}],"author":[{"embeddable":true,"href":"https:\/\/serrafm879.com.br\/serrafm\/wp-json\/wp\/v2\/users\/2"}],"replies":[{"embeddable":true,"href":"https:\/\/serrafm879.com.br\/serrafm\/wp-json\/wp\/v2\/comments?post=23419"}],"version-history":[{"count":1,"href":"https:\/\/serrafm879.com.br\/serrafm\/wp-json\/wp\/v2\/posts\/23419\/revisions"}],"predecessor-version":[{"id":23423,"href":"https:\/\/serrafm879.com.br\/serrafm\/wp-json\/wp\/v2\/posts\/23419\/revisions\/23423"}],"wp:featuredmedia":[{"embeddable":true,"href":"https:\/\/serrafm879.com.br\/serrafm\/wp-json\/wp\/v2\/media\/23422"}],"wp:attachment":[{"href":"https:\/\/serrafm879.com.br\/serrafm\/wp-json\/wp\/v2\/media?parent=23419"}],"wp:term":[{"taxonomy":"category","embeddable":true,"href":"https:\/\/serrafm879.com.br\/serrafm\/wp-json\/wp\/v2\/categories?post=23419"},{"taxonomy":"post_tag","embeddable":true,"href":"https:\/\/serrafm879.com.br\/serrafm\/wp-json\/wp\/v2\/tags?post=23419"}],"curies":[{"name":"wp","href":"https:\/\/api.w.org\/{rel}","templated":true}]}}