{"id":23428,"date":"2025-07-22T17:59:08","date_gmt":"2025-07-22T20:59:08","guid":{"rendered":"https:\/\/serrafm879.com.br\/serrafm\/?p=23428"},"modified":"2025-07-22T17:59:08","modified_gmt":"2025-07-22T20:59:08","slug":"marconi-santana-nome-forte-a-alepe-avanca-pelo-sertao-do-araripe-com-articulacao-e-proposito","status":"publish","type":"post","link":"https:\/\/serrafm879.com.br\/serrafm\/2025\/07\/marconi-santana-nome-forte-a-alepe-avanca-pelo-sertao-do-araripe-com-articulacao-e-proposito\/","title":{"rendered":"MARCONI SANTANA, NOME FORTE \u00c0 ALEPE, AVAN\u00c7A PELO SERT\u00c3O DO ARARIPE COM ARTICULA\u00c7\u00c3O E PROP\u00d3SITO"},"content":{"rendered":"<p>Com uma presen\u00e7a marcante e um discurso afinado com as demandas do povo sertanejo, Marconi Santana chegou ao Sert\u00e3o do Araripe mostrando por que tem se consolidado como uma das principais lideran\u00e7as pol\u00edticas da regi\u00e3o. Araripina, Ouricuri e Santa Cruz foram os mais recentes destinos de uma caminhada que cresce a cada passo, impulsionada pela escuta atenta, pelas alian\u00e7as firmadas e por uma convic\u00e7\u00e3o clara: \u00e9 hora de renovar a representa\u00e7\u00e3o do Sert\u00e3o na Assembleia Legislativa de Pernambuco.<\/p>\n<p>Marconi n\u00e3o chega sozinho. Chega respaldado por um hist\u00f3rico de compromisso com o desenvolvimento, pelo reconhecimento de sua firmeza em defesa dos interesses coletivos e por uma capacidade rara de di\u00e1logo que une diferentes for\u00e7as em torno de um mesmo prop\u00f3sito. Onde chega, Marconi \u00e9 recebido com entusiasmo, porque carrega a experi\u00eancia de quem j\u00e1 fez, a disposi\u00e7\u00e3o de quem quer fazer mais, e a sensibilidade de quem conhece os desafios de cada munic\u00edpio sertanejo.<\/p>\n<p>As visitas a lideran\u00e7as pol\u00edticas e comunit\u00e1rias nos tr\u00eas munic\u00edpios refor\u00e7aram o sentimento de que h\u00e1 um movimento leg\u00edtimo por mais representatividade. Marconi tem ouvido, olhado nos olhos e constru\u00eddo uma pr\u00e9-candidatura que nasce da confian\u00e7a popular, com os p\u00e9s fincados no ch\u00e3o e o olhar no futuro.<\/p>\n<p>\u201cO que estamos vivendo n\u00e3o \u00e9 apenas uma pr\u00e9-campanha. \u00c9 a constru\u00e7\u00e3o de um projeto coletivo, baseado no trabalho, na verdade e na vontade de fazer diferente. O Sert\u00e3o tem voz, tem vez e tem for\u00e7a para ocupar seu espa\u00e7o com dignidade\u201d, declarou Marconi durante agenda em Santa Cruz.<\/p>\n<p>Com coragem, responsabilidade e muita articula\u00e7\u00e3o, Marconi Santana segue consolidando seu nome como uma escolha segura para quem acredita em um Sert\u00e3o mais forte, mais presente nas decis\u00f5es do Estado, e representado por quem, de fato, conhece sua realidade.<\/p>\n<p>A estrada segue aberta. E Marconi segue firme \u2014 com trabalho, com gente e com prop\u00f3sito.<\/p>\n","protected":false},"excerpt":{"rendered":"<p>Com uma presen\u00e7a marcante e um discurso afinado com as demandas do povo sertanejo, Marconi Santana chegou ao Sert\u00e3o do Araripe mostrando por que tem se consolidado como uma das principais lideran\u00e7as pol\u00edticas da regi\u00e3o. Araripina, Ouricuri e Santa Cruz foram os mais recentes destinos de uma caminhada que cresce a cada passo, impulsionada pela escuta atenta, pelas alian\u00e7as firmadas e por uma convic\u00e7\u00e3o clara: \u00e9 hora de renovar a representa\u00e7\u00e3o do Sert\u00e3o na Assembleia Legislativa de Pernambuco. Marconi n\u00e3o chega sozinho. Chega respaldado por um hist\u00f3rico de compromisso com o desenvolvimento, pelo reconhecimento de sua firmeza em defesa dos [&hellip;]<\/p>\n","protected":false},"author":2,"featured_media":23430,"comment_status":"open","ping_status":"open","sticky":false,"template":"","format":"standard","meta":{"_jetpack_newsletter_access":"","_jetpack_dont_email_post_to_subs":false,"_jetpack_newsletter_tier_id":0,"_jetpack_memberships_contains_paywalled_content":false,"_jetpack_feature_clip_id":0,"_jetpack_memberships_contains_paid_content":false,"footnotes":"","jetpack_publicize_message":"","jetpack_publicize_feature_enabled":true,"jetpack_social_post_already_shared":true,"jetpack_social_options":{"image_generator_settings":{"template":"highway","default_image_id":0,"font":"","enabled":false},"version":2},"jetpack_post_was_ever_published":false},"categories":[2],"tags":[],"class_list":["post-23428","post","type-post","status-publish","format-standard","has-post-thumbnail","hentry","category-noticias"],"aioseo_notices":[],"aioseo_head":"\n\t\t<!-- All in One SEO 4.9.10 - aioseo.com -->\n\t<meta name=\"description\" content=\"Com uma presen\u00e7a marcante e um discurso afinado com as demandas do povo sertanejo, Marconi Santana chegou ao Sert\u00e3o do Araripe mostrando por que tem se consolidado como uma das principais lideran\u00e7as pol\u00edticas da regi\u00e3o. Araripina, Ouricuri e Santa Cruz foram os mais recentes destinos de uma caminhada que cresce a cada passo, impulsionada pela\" \/>\n\t<meta name=\"robots\" content=\"max-image-preview:large\" \/>\n\t<meta name=\"author\" content=\"serrafm87\"\/>\n\t<link rel=\"canonical\" href=\"https:\/\/serrafm879.com.br\/serrafm\/2025\/07\/marconi-santana-nome-forte-a-alepe-avanca-pelo-sertao-do-araripe-com-articulacao-e-proposito\/\" \/>\n\t<meta name=\"generator\" content=\"All in One SEO (AIOSEO) 4.9.10\" \/>\n\t\t<meta name=\"twitter:card\" content=\"summary_large_image\" \/>\n\t\t<meta name=\"twitter:title\" content=\"MARCONI SANTANA, NOME FORTE \u00c0 ALEPE, AVAN\u00c7A PELO SERT\u00c3O DO ARARIPE COM ARTICULA\u00c7\u00c3O E PROP\u00d3SITO - Serra FM 87,9\" \/>\n\t\t<meta name=\"twitter:description\" content=\"Com uma presen\u00e7a marcante e um discurso afinado com as demandas do povo sertanejo, Marconi Santana chegou ao Sert\u00e3o do Araripe mostrando por que tem se consolidado como uma das principais lideran\u00e7as pol\u00edticas da regi\u00e3o. Araripina, Ouricuri e Santa Cruz foram os mais recentes destinos de uma caminhada que cresce a cada passo, impulsionada pela\" \/>\n\t\t<meta name=\"twitter:image\" content=\"https:\/\/serrafm879.com.br\/serrafm\/wp-content\/uploads\/2025\/07\/PHOTO-2025-07-22-16-31-36.jpg\" \/>\n\t\t<script type=\"application\/ld+json\" class=\"aioseo-schema\">\n\t\t\t{\"@context\":\"https:\\\/\\\/schema.org\",\"@graph\":[{\"@type\":\"BlogPosting\",\"@id\":\"https:\\\/\\\/serrafm879.com.br\\\/serrafm\\\/2025\\\/07\\\/marconi-santana-nome-forte-a-alepe-avanca-pelo-sertao-do-araripe-com-articulacao-e-proposito\\\/#blogposting\",\"name\":\"MARCONI SANTANA, NOME FORTE \\u00c0 ALEPE, AVAN\\u00c7A PELO SERT\\u00c3O DO ARARIPE COM ARTICULA\\u00c7\\u00c3O E PROP\\u00d3SITO - Serra FM 87,9\",\"headline\":\"MARCONI SANTANA, NOME FORTE \\u00c0 ALEPE, AVAN\\u00c7A PELO SERT\\u00c3O DO ARARIPE COM ARTICULA\\u00c7\\u00c3O E PROP\\u00d3SITO\",\"author\":{\"@id\":\"https:\\\/\\\/serrafm879.com.br\\\/serrafm\\\/author\\\/serrafm87\\\/#author\"},\"publisher\":{\"@id\":\"https:\\\/\\\/serrafm879.com.br\\\/serrafm\\\/#organization\"},\"image\":{\"@type\":\"ImageObject\",\"url\":\"https:\\\/\\\/serrafm879.com.br\\\/serrafm\\\/wp-content\\\/uploads\\\/2025\\\/07\\\/PHOTO-2025-07-22-16-31-36.jpg\",\"width\":1268,\"height\":1584},\"datePublished\":\"2025-07-22T17:59:08-03:00\",\"dateModified\":\"2025-07-22T17:59:08-03:00\",\"inLanguage\":\"pt-BR\",\"mainEntityOfPage\":{\"@id\":\"https:\\\/\\\/serrafm879.com.br\\\/serrafm\\\/2025\\\/07\\\/marconi-santana-nome-forte-a-alepe-avanca-pelo-sertao-do-araripe-com-articulacao-e-proposito\\\/#webpage\"},\"isPartOf\":{\"@id\":\"https:\\\/\\\/serrafm879.com.br\\\/serrafm\\\/2025\\\/07\\\/marconi-santana-nome-forte-a-alepe-avanca-pelo-sertao-do-araripe-com-articulacao-e-proposito\\\/#webpage\"},\"articleSection\":\"Not\\u00edcias\"},{\"@type\":\"BreadcrumbList\",\"@id\":\"https:\\\/\\\/serrafm879.com.br\\\/serrafm\\\/2025\\\/07\\\/marconi-santana-nome-forte-a-alepe-avanca-pelo-sertao-do-araripe-com-articulacao-e-proposito\\\/#breadcrumblist\",\"itemListElement\":[{\"@type\":\"ListItem\",\"@id\":\"https:\\\/\\\/serrafm879.com.br\\\/serrafm#listItem\",\"position\":1,\"name\":\"Home\",\"item\":\"https:\\\/\\\/serrafm879.com.br\\\/serrafm\",\"nextItem\":{\"@type\":\"ListItem\",\"@id\":\"https:\\\/\\\/serrafm879.com.br\\\/serrafm\\\/categoria\\\/noticias\\\/#listItem\",\"name\":\"Not\\u00edcias\"}},{\"@type\":\"ListItem\",\"@id\":\"https:\\\/\\\/serrafm879.com.br\\\/serrafm\\\/categoria\\\/noticias\\\/#listItem\",\"position\":2,\"name\":\"Not\\u00edcias\",\"item\":\"https:\\\/\\\/serrafm879.com.br\\\/serrafm\\\/categoria\\\/noticias\\\/\",\"nextItem\":{\"@type\":\"ListItem\",\"@id\":\"https:\\\/\\\/serrafm879.com.br\\\/serrafm\\\/2025\\\/07\\\/marconi-santana-nome-forte-a-alepe-avanca-pelo-sertao-do-araripe-com-articulacao-e-proposito\\\/#listItem\",\"name\":\"MARCONI SANTANA, NOME FORTE \\u00c0 ALEPE, AVAN\\u00c7A PELO SERT\\u00c3O DO ARARIPE COM ARTICULA\\u00c7\\u00c3O E PROP\\u00d3SITO\"},\"previousItem\":{\"@type\":\"ListItem\",\"@id\":\"https:\\\/\\\/serrafm879.com.br\\\/serrafm#listItem\",\"name\":\"Home\"}},{\"@type\":\"ListItem\",\"@id\":\"https:\\\/\\\/serrafm879.com.br\\\/serrafm\\\/2025\\\/07\\\/marconi-santana-nome-forte-a-alepe-avanca-pelo-sertao-do-araripe-com-articulacao-e-proposito\\\/#listItem\",\"position\":3,\"name\":\"MARCONI SANTANA, NOME FORTE \\u00c0 ALEPE, AVAN\\u00c7A PELO SERT\\u00c3O DO ARARIPE COM ARTICULA\\u00c7\\u00c3O E PROP\\u00d3SITO\",\"previousItem\":{\"@type\":\"ListItem\",\"@id\":\"https:\\\/\\\/serrafm879.com.br\\\/serrafm\\\/categoria\\\/noticias\\\/#listItem\",\"name\":\"Not\\u00edcias\"}}]},{\"@type\":\"Organization\",\"@id\":\"https:\\\/\\\/serrafm879.com.br\\\/serrafm\\\/#organization\",\"name\":\"Serra FM 87,9\",\"description\":\"O seu novo amor!\",\"url\":\"https:\\\/\\\/serrafm879.com.br\\\/serrafm\\\/\"},{\"@type\":\"Person\",\"@id\":\"https:\\\/\\\/serrafm879.com.br\\\/serrafm\\\/author\\\/serrafm87\\\/#author\",\"url\":\"https:\\\/\\\/serrafm879.com.br\\\/serrafm\\\/author\\\/serrafm87\\\/\",\"name\":\"serrafm87\",\"image\":{\"@type\":\"ImageObject\",\"@id\":\"https:\\\/\\\/serrafm879.com.br\\\/serrafm\\\/2025\\\/07\\\/marconi-santana-nome-forte-a-alepe-avanca-pelo-sertao-do-araripe-com-articulacao-e-proposito\\\/#authorImage\",\"url\":\"https:\\\/\\\/secure.gravatar.com\\\/avatar\\\/a743233f1112d34f48bb3dc9559b76eb930bab8b27175856cba6362608736235?s=96&d=mm&r=g\",\"width\":96,\"height\":96,\"caption\":\"serrafm87\"}},{\"@type\":\"WebPage\",\"@id\":\"https:\\\/\\\/serrafm879.com.br\\\/serrafm\\\/2025\\\/07\\\/marconi-santana-nome-forte-a-alepe-avanca-pelo-sertao-do-araripe-com-articulacao-e-proposito\\\/#webpage\",\"url\":\"https:\\\/\\\/serrafm879.com.br\\\/serrafm\\\/2025\\\/07\\\/marconi-santana-nome-forte-a-alepe-avanca-pelo-sertao-do-araripe-com-articulacao-e-proposito\\\/\",\"name\":\"MARCONI SANTANA, NOME FORTE \\u00c0 ALEPE, AVAN\\u00c7A PELO SERT\\u00c3O DO ARARIPE COM ARTICULA\\u00c7\\u00c3O E PROP\\u00d3SITO - Serra FM 87,9\",\"description\":\"Com uma presen\\u00e7a marcante e um discurso afinado com as demandas do povo sertanejo, Marconi Santana chegou ao Sert\\u00e3o do Araripe mostrando por que tem se consolidado como uma das principais lideran\\u00e7as pol\\u00edticas da regi\\u00e3o. Araripina, Ouricuri e Santa Cruz foram os mais recentes destinos de uma caminhada que cresce a cada passo, impulsionada pela\",\"inLanguage\":\"pt-BR\",\"isPartOf\":{\"@id\":\"https:\\\/\\\/serrafm879.com.br\\\/serrafm\\\/#website\"},\"breadcrumb\":{\"@id\":\"https:\\\/\\\/serrafm879.com.br\\\/serrafm\\\/2025\\\/07\\\/marconi-santana-nome-forte-a-alepe-avanca-pelo-sertao-do-araripe-com-articulacao-e-proposito\\\/#breadcrumblist\"},\"author\":{\"@id\":\"https:\\\/\\\/serrafm879.com.br\\\/serrafm\\\/author\\\/serrafm87\\\/#author\"},\"creator\":{\"@id\":\"https:\\\/\\\/serrafm879.com.br\\\/serrafm\\\/author\\\/serrafm87\\\/#author\"},\"image\":{\"@type\":\"ImageObject\",\"url\":\"https:\\\/\\\/serrafm879.com.br\\\/serrafm\\\/wp-content\\\/uploads\\\/2025\\\/07\\\/PHOTO-2025-07-22-16-31-36.jpg\",\"@id\":\"https:\\\/\\\/serrafm879.com.br\\\/serrafm\\\/2025\\\/07\\\/marconi-santana-nome-forte-a-alepe-avanca-pelo-sertao-do-araripe-com-articulacao-e-proposito\\\/#mainImage\",\"width\":1268,\"height\":1584},\"primaryImageOfPage\":{\"@id\":\"https:\\\/\\\/serrafm879.com.br\\\/serrafm\\\/2025\\\/07\\\/marconi-santana-nome-forte-a-alepe-avanca-pelo-sertao-do-araripe-com-articulacao-e-proposito\\\/#mainImage\"},\"datePublished\":\"2025-07-22T17:59:08-03:00\",\"dateModified\":\"2025-07-22T17:59:08-03:00\"},{\"@type\":\"WebSite\",\"@id\":\"https:\\\/\\\/serrafm879.com.br\\\/serrafm\\\/#website\",\"url\":\"https:\\\/\\\/serrafm879.com.br\\\/serrafm\\\/\",\"name\":\"Serra FM 87,9\",\"description\":\"O seu novo amor!\",\"inLanguage\":\"pt-BR\",\"publisher\":{\"@id\":\"https:\\\/\\\/serrafm879.com.br\\\/serrafm\\\/#organization\"}}]}\n\t\t<\/script>\n\t\t<!-- All in One SEO -->\n\n","aioseo_head_json":{"title":"MARCONI SANTANA, NOME FORTE \u00c0 ALEPE, AVAN\u00c7A PELO SERT\u00c3O DO ARARIPE COM ARTICULA\u00c7\u00c3O E PROP\u00d3SITO - Serra FM 87,9","description":"Com uma presen\u00e7a marcante e um discurso afinado com as demandas do povo sertanejo, Marconi Santana chegou ao Sert\u00e3o do Araripe mostrando por que tem se consolidado como uma das principais lideran\u00e7as pol\u00edticas da regi\u00e3o. Araripina, Ouricuri e Santa Cruz foram os mais recentes destinos de uma caminhada que cresce a cada passo, impulsionada pela","canonical_url":"https:\/\/serrafm879.com.br\/serrafm\/2025\/07\/marconi-santana-nome-forte-a-alepe-avanca-pelo-sertao-do-araripe-com-articulacao-e-proposito\/","robots":"max-image-preview:large","keywords":"","webmasterTools":{"miscellaneous":""},"schema":{"@context":"https:\/\/schema.org","@graph":[{"@type":"BlogPosting","@id":"https:\/\/serrafm879.com.br\/serrafm\/2025\/07\/marconi-santana-nome-forte-a-alepe-avanca-pelo-sertao-do-araripe-com-articulacao-e-proposito\/#blogposting","name":"MARCONI SANTANA, NOME FORTE \u00c0 ALEPE, AVAN\u00c7A PELO SERT\u00c3O DO ARARIPE COM ARTICULA\u00c7\u00c3O E PROP\u00d3SITO - Serra FM 87,9","headline":"MARCONI SANTANA, NOME FORTE \u00c0 ALEPE, AVAN\u00c7A PELO SERT\u00c3O DO ARARIPE COM ARTICULA\u00c7\u00c3O E PROP\u00d3SITO","author":{"@id":"https:\/\/serrafm879.com.br\/serrafm\/author\/serrafm87\/#author"},"publisher":{"@id":"https:\/\/serrafm879.com.br\/serrafm\/#organization"},"image":{"@type":"ImageObject","url":"https:\/\/serrafm879.com.br\/serrafm\/wp-content\/uploads\/2025\/07\/PHOTO-2025-07-22-16-31-36.jpg","width":1268,"height":1584},"datePublished":"2025-07-22T17:59:08-03:00","dateModified":"2025-07-22T17:59:08-03:00","inLanguage":"pt-BR","mainEntityOfPage":{"@id":"https:\/\/serrafm879.com.br\/serrafm\/2025\/07\/marconi-santana-nome-forte-a-alepe-avanca-pelo-sertao-do-araripe-com-articulacao-e-proposito\/#webpage"},"isPartOf":{"@id":"https:\/\/serrafm879.com.br\/serrafm\/2025\/07\/marconi-santana-nome-forte-a-alepe-avanca-pelo-sertao-do-araripe-com-articulacao-e-proposito\/#webpage"},"articleSection":"Not\u00edcias"},{"@type":"BreadcrumbList","@id":"https:\/\/serrafm879.com.br\/serrafm\/2025\/07\/marconi-santana-nome-forte-a-alepe-avanca-pelo-sertao-do-araripe-com-articulacao-e-proposito\/#breadcrumblist","itemListElement":[{"@type":"ListItem","@id":"https:\/\/serrafm879.com.br\/serrafm#listItem","position":1,"name":"Home","item":"https:\/\/serrafm879.com.br\/serrafm","nextItem":{"@type":"ListItem","@id":"https:\/\/serrafm879.com.br\/serrafm\/categoria\/noticias\/#listItem","name":"Not\u00edcias"}},{"@type":"ListItem","@id":"https:\/\/serrafm879.com.br\/serrafm\/categoria\/noticias\/#listItem","position":2,"name":"Not\u00edcias","item":"https:\/\/serrafm879.com.br\/serrafm\/categoria\/noticias\/","nextItem":{"@type":"ListItem","@id":"https:\/\/serrafm879.com.br\/serrafm\/2025\/07\/marconi-santana-nome-forte-a-alepe-avanca-pelo-sertao-do-araripe-com-articulacao-e-proposito\/#listItem","name":"MARCONI SANTANA, NOME FORTE \u00c0 ALEPE, AVAN\u00c7A PELO SERT\u00c3O DO ARARIPE COM ARTICULA\u00c7\u00c3O E PROP\u00d3SITO"},"previousItem":{"@type":"ListItem","@id":"https:\/\/serrafm879.com.br\/serrafm#listItem","name":"Home"}},{"@type":"ListItem","@id":"https:\/\/serrafm879.com.br\/serrafm\/2025\/07\/marconi-santana-nome-forte-a-alepe-avanca-pelo-sertao-do-araripe-com-articulacao-e-proposito\/#listItem","position":3,"name":"MARCONI SANTANA, NOME FORTE \u00c0 ALEPE, AVAN\u00c7A PELO SERT\u00c3O DO ARARIPE COM ARTICULA\u00c7\u00c3O E PROP\u00d3SITO","previousItem":{"@type":"ListItem","@id":"https:\/\/serrafm879.com.br\/serrafm\/categoria\/noticias\/#listItem","name":"Not\u00edcias"}}]},{"@type":"Organization","@id":"https:\/\/serrafm879.com.br\/serrafm\/#organization","name":"Serra FM 87,9","description":"O seu novo amor!","url":"https:\/\/serrafm879.com.br\/serrafm\/"},{"@type":"Person","@id":"https:\/\/serrafm879.com.br\/serrafm\/author\/serrafm87\/#author","url":"https:\/\/serrafm879.com.br\/serrafm\/author\/serrafm87\/","name":"serrafm87","image":{"@type":"ImageObject","@id":"https:\/\/serrafm879.com.br\/serrafm\/2025\/07\/marconi-santana-nome-forte-a-alepe-avanca-pelo-sertao-do-araripe-com-articulacao-e-proposito\/#authorImage","url":"https:\/\/secure.gravatar.com\/avatar\/a743233f1112d34f48bb3dc9559b76eb930bab8b27175856cba6362608736235?s=96&d=mm&r=g","width":96,"height":96,"caption":"serrafm87"}},{"@type":"WebPage","@id":"https:\/\/serrafm879.com.br\/serrafm\/2025\/07\/marconi-santana-nome-forte-a-alepe-avanca-pelo-sertao-do-araripe-com-articulacao-e-proposito\/#webpage","url":"https:\/\/serrafm879.com.br\/serrafm\/2025\/07\/marconi-santana-nome-forte-a-alepe-avanca-pelo-sertao-do-araripe-com-articulacao-e-proposito\/","name":"MARCONI SANTANA, NOME FORTE \u00c0 ALEPE, AVAN\u00c7A PELO SERT\u00c3O DO ARARIPE COM ARTICULA\u00c7\u00c3O E PROP\u00d3SITO - Serra FM 87,9","description":"Com uma presen\u00e7a marcante e um discurso afinado com as demandas do povo sertanejo, Marconi Santana chegou ao Sert\u00e3o do Araripe mostrando por que tem se consolidado como uma das principais lideran\u00e7as pol\u00edticas da regi\u00e3o. Araripina, Ouricuri e Santa Cruz foram os mais recentes destinos de uma caminhada que cresce a cada passo, impulsionada pela","inLanguage":"pt-BR","isPartOf":{"@id":"https:\/\/serrafm879.com.br\/serrafm\/#website"},"breadcrumb":{"@id":"https:\/\/serrafm879.com.br\/serrafm\/2025\/07\/marconi-santana-nome-forte-a-alepe-avanca-pelo-sertao-do-araripe-com-articulacao-e-proposito\/#breadcrumblist"},"author":{"@id":"https:\/\/serrafm879.com.br\/serrafm\/author\/serrafm87\/#author"},"creator":{"@id":"https:\/\/serrafm879.com.br\/serrafm\/author\/serrafm87\/#author"},"image":{"@type":"ImageObject","url":"https:\/\/serrafm879.com.br\/serrafm\/wp-content\/uploads\/2025\/07\/PHOTO-2025-07-22-16-31-36.jpg","@id":"https:\/\/serrafm879.com.br\/serrafm\/2025\/07\/marconi-santana-nome-forte-a-alepe-avanca-pelo-sertao-do-araripe-com-articulacao-e-proposito\/#mainImage","width":1268,"height":1584},"primaryImageOfPage":{"@id":"https:\/\/serrafm879.com.br\/serrafm\/2025\/07\/marconi-santana-nome-forte-a-alepe-avanca-pelo-sertao-do-araripe-com-articulacao-e-proposito\/#mainImage"},"datePublished":"2025-07-22T17:59:08-03:00","dateModified":"2025-07-22T17:59:08-03:00"},{"@type":"WebSite","@id":"https:\/\/serrafm879.com.br\/serrafm\/#website","url":"https:\/\/serrafm879.com.br\/serrafm\/","name":"Serra FM 87,9","description":"O seu novo amor!","inLanguage":"pt-BR","publisher":{"@id":"https:\/\/serrafm879.com.br\/serrafm\/#organization"}}]},"twitter:card":"summary_large_image","twitter:title":"MARCONI SANTANA, NOME FORTE \u00c0 ALEPE, AVAN\u00c7A PELO SERT\u00c3O DO ARARIPE COM ARTICULA\u00c7\u00c3O E PROP\u00d3SITO - Serra FM 87,9","twitter:description":"Com uma presen\u00e7a marcante e um discurso afinado com as demandas do povo sertanejo, Marconi Santana chegou ao Sert\u00e3o do Araripe mostrando por que tem se consolidado como uma das principais lideran\u00e7as pol\u00edticas da regi\u00e3o. Araripina, Ouricuri e Santa Cruz foram os mais recentes destinos de uma caminhada que cresce a cada passo, impulsionada pela","twitter:image":"https:\/\/serrafm879.com.br\/serrafm\/wp-content\/uploads\/2025\/07\/PHOTO-2025-07-22-16-31-36.jpg"},"aioseo_meta_data":{"post_id":"23428","title":null,"description":null,"keywords":null,"keyphrases":null,"primary_term":null,"canonical_url":null,"og_title":null,"og_description":null,"og_object_type":"default","og_image_type":"default","og_image_custom_url":null,"og_image_custom_fields":null,"og_image_url":null,"og_image_width":null,"og_image_height":null,"og_video":null,"og_custom_url":null,"og_article_section":null,"og_article_tags":null,"twitter_use_og":false,"twitter_card":"default","twitter_image_type":"default","twitter_image_custom_url":null,"twitter_image_custom_fields":null,"twitter_image_url":null,"twitter_title":null,"twitter_description":null,"schema_type":"default","schema_type_options":null,"schema":{"blockGraphs":[],"customGraphs":[],"default":{"data":{"Article":[],"Course":[],"Dataset":[],"FAQPage":[],"Movie":[],"Person":[],"Product":[],"ProductReview":[],"Car":[],"Recipe":[],"Service":[],"SoftwareApplication":[],"WebPage":[]},"graphName":"","isEnabled":true},"graphs":[]},"pillar_content":false,"robots_default":true,"robots_noindex":false,"robots_noarchive":false,"robots_nosnippet":false,"robots_nofollow":false,"robots_noimageindex":false,"robots_noodp":false,"robots_notranslate":false,"robots_max_snippet":null,"robots_max_videopreview":null,"robots_max_imagepreview":"large","priority":null,"frequency":null,"local_seo":null,"limit_modified_date":false,"ai":null,"breadcrumb_settings":null,"seo_analyzer_scan_date":null,"created":"2026-07-21 16:21:43","updated":"2026-07-21 16:21:43"},"aioseo_breadcrumb":"<div class=\"aioseo-breadcrumbs\"><span class=\"aioseo-breadcrumb\">\n\t\t\t<a href=\"https:\/\/serrafm879.com.br\/serrafm\" title=\"Home\">Home<\/a>\n\t\t<\/span><span class=\"aioseo-breadcrumb-separator\">&raquo;<\/span><span class=\"aioseo-breadcrumb\">\n\t\t\t<a href=\"https:\/\/serrafm879.com.br\/serrafm\/categoria\/noticias\/\" title=\"Not\u00edcias\">Not\u00edcias<\/a>\n\t\t<\/span><span class=\"aioseo-breadcrumb-separator\">&raquo;<\/span><span class=\"aioseo-breadcrumb\">\n\t\t\tMARCONI SANTANA, NOME FORTE \u00c0 ALEPE, AVAN\u00c7A PELO SERT\u00c3O DO ARARIPE COM ARTICULA\u00c7\u00c3O E PROP\u00d3SITO\n\t\t<\/span><\/div>","aioseo_breadcrumb_json":[{"label":"Home","link":"https:\/\/serrafm879.com.br\/serrafm"},{"label":"Not\u00edcias","link":"https:\/\/serrafm879.com.br\/serrafm\/categoria\/noticias\/"},{"label":"MARCONI SANTANA, NOME FORTE \u00c0 ALEPE, AVAN\u00c7A PELO SERT\u00c3O DO ARARIPE COM ARTICULA\u00c7\u00c3O E PROP\u00d3SITO","link":"https:\/\/serrafm879.com.br\/serrafm\/2025\/07\/marconi-santana-nome-forte-a-alepe-avanca-pelo-sertao-do-araripe-com-articulacao-e-proposito\/"}],"jetpack_publicize_connections":[],"jetpack_featured_media_url":"https:\/\/serrafm879.com.br\/serrafm\/wp-content\/uploads\/2025\/07\/PHOTO-2025-07-22-16-31-36.jpg","jetpack_shortlink":"https:\/\/wp.me\/p7HyXg-65S","jetpack_sharing_enabled":true,"_links":{"self":[{"href":"https:\/\/serrafm879.com.br\/serrafm\/wp-json\/wp\/v2\/posts\/23428","targetHints":{"allow":["GET"]}}],"collection":[{"href":"https:\/\/serrafm879.com.br\/serrafm\/wp-json\/wp\/v2\/posts"}],"about":[{"href":"https:\/\/serrafm879.com.br\/serrafm\/wp-json\/wp\/v2\/types\/post"}],"author":[{"embeddable":true,"href":"https:\/\/serrafm879.com.br\/serrafm\/wp-json\/wp\/v2\/users\/2"}],"replies":[{"embeddable":true,"href":"https:\/\/serrafm879.com.br\/serrafm\/wp-json\/wp\/v2\/comments?post=23428"}],"version-history":[{"count":1,"href":"https:\/\/serrafm879.com.br\/serrafm\/wp-json\/wp\/v2\/posts\/23428\/revisions"}],"predecessor-version":[{"id":23431,"href":"https:\/\/serrafm879.com.br\/serrafm\/wp-json\/wp\/v2\/posts\/23428\/revisions\/23431"}],"wp:featuredmedia":[{"embeddable":true,"href":"https:\/\/serrafm879.com.br\/serrafm\/wp-json\/wp\/v2\/media\/23430"}],"wp:attachment":[{"href":"https:\/\/serrafm879.com.br\/serrafm\/wp-json\/wp\/v2\/media?parent=23428"}],"wp:term":[{"taxonomy":"category","embeddable":true,"href":"https:\/\/serrafm879.com.br\/serrafm\/wp-json\/wp\/v2\/categories?post=23428"},{"taxonomy":"post_tag","embeddable":true,"href":"https:\/\/serrafm879.com.br\/serrafm\/wp-json\/wp\/v2\/tags?post=23428"}],"curies":[{"name":"wp","href":"https:\/\/api.w.org\/{rel}","templated":true}]}}