{"id":23522,"date":"2025-07-29T08:10:10","date_gmt":"2025-07-29T11:10:10","guid":{"rendered":"https:\/\/serrafm879.com.br\/serrafm\/?p=23522"},"modified":"2025-07-29T08:10:10","modified_gmt":"2025-07-29T11:10:10","slug":"tce-pe-rejeita-auto-de-infracao-contra-prefeito-de-ingazeira","status":"publish","type":"post","link":"https:\/\/serrafm879.com.br\/serrafm\/2025\/07\/tce-pe-rejeita-auto-de-infracao-contra-prefeito-de-ingazeira\/","title":{"rendered":"TCE-PE rejeita auto de infra\u00e7\u00e3o contra prefeito de Ingazeira"},"content":{"rendered":"<p>A Segunda C\u00e2mara do Tribunal de Contas do Estado de Pernambuco (TCE-PE) decidiu, por unanimidade, n\u00e3o homologar o Auto de Infra\u00e7\u00e3o lavrado contra o prefeito de Ingazeira, Luciano Torres (PSB), em sess\u00e3o ordin\u00e1ria realizada nesta segunda-feira (28). A relatoria do processo foi do conselheiro Ranilson Ramos.<\/p>\n<p>O auto de infra\u00e7\u00e3o, identificado sob o n\u00famero 251001842, havia sido emitido em raz\u00e3o do n\u00e3o envio de informa\u00e7\u00f5es obrigat\u00f3rias ao Sistema de Remessa de Dados da Gest\u00e3o P\u00fablica (Remessa TCEPE \u2013 Contrata\u00e7\u00f5es e Obras), referentes ao per\u00edodo de julho a outubro de 2024. A aus\u00eancia das remessas configuraria, em tese, sonega\u00e7\u00e3o de processo, documento ou informa\u00e7\u00e3o, conforme a legisla\u00e7\u00e3o vigente.<\/p>\n<p>No entanto, ap\u00f3s an\u00e1lise do caso, a Segunda C\u00e2mara entendeu que n\u00e3o estavam presentes os elementos suficientes para a homologa\u00e7\u00e3o da penalidade e decidiu rejeitar o auto de infra\u00e7\u00e3o. Com a decis\u00e3o, o gestor n\u00e3o ser\u00e1 responsabilizado pela suposta falha na presta\u00e7\u00e3o de informa\u00e7\u00f5es.<\/p>\n","protected":false},"excerpt":{"rendered":"<p>A Segunda C\u00e2mara do Tribunal de Contas do Estado de Pernambuco (TCE-PE) decidiu, por unanimidade, n\u00e3o homologar o Auto de Infra\u00e7\u00e3o lavrado contra o prefeito de Ingazeira, Luciano Torres (PSB), em sess\u00e3o ordin\u00e1ria realizada nesta segunda-feira (28). A relatoria do processo foi do conselheiro Ranilson Ramos. O auto de infra\u00e7\u00e3o, identificado sob o n\u00famero 251001842, havia sido emitido em raz\u00e3o do n\u00e3o envio de informa\u00e7\u00f5es obrigat\u00f3rias ao Sistema de Remessa de Dados da Gest\u00e3o P\u00fablica (Remessa TCEPE \u2013 Contrata\u00e7\u00f5es e Obras), referentes ao per\u00edodo de julho a outubro de 2024. A aus\u00eancia das remessas configuraria, em tese, sonega\u00e7\u00e3o de processo, [&hellip;]<\/p>\n","protected":false},"author":2,"featured_media":23523,"comment_status":"open","ping_status":"open","sticky":false,"template":"","format":"standard","meta":{"_jetpack_newsletter_access":"","_jetpack_dont_email_post_to_subs":false,"_jetpack_newsletter_tier_id":0,"_jetpack_memberships_contains_paywalled_content":false,"_jetpack_feature_clip_id":0,"_jetpack_memberships_contains_paid_content":false,"footnotes":"","jetpack_publicize_message":"","jetpack_publicize_feature_enabled":true,"jetpack_social_post_already_shared":true,"jetpack_social_options":{"image_generator_settings":{"template":"highway","default_image_id":0,"font":"","enabled":false},"version":2},"jetpack_post_was_ever_published":false},"categories":[2],"tags":[],"class_list":["post-23522","post","type-post","status-publish","format-standard","has-post-thumbnail","hentry","category-noticias"],"aioseo_notices":[],"aioseo_head":"\n\t\t<!-- All in One SEO 4.9.10 - aioseo.com -->\n\t<meta name=\"description\" content=\"A Segunda C\u00e2mara do Tribunal de Contas do Estado de Pernambuco (TCE-PE) decidiu, por unanimidade, n\u00e3o homologar o Auto de Infra\u00e7\u00e3o lavrado contra o prefeito de Ingazeira, Luciano Torres (PSB), em sess\u00e3o ordin\u00e1ria realizada nesta segunda-feira (28). A relatoria do processo foi do conselheiro Ranilson Ramos. O auto de infra\u00e7\u00e3o, identificado sob o n\u00famero 251001842,\" \/>\n\t<meta name=\"robots\" content=\"max-image-preview:large\" \/>\n\t<meta name=\"author\" content=\"serrafm87\"\/>\n\t<link rel=\"canonical\" href=\"https:\/\/serrafm879.com.br\/serrafm\/2025\/07\/tce-pe-rejeita-auto-de-infracao-contra-prefeito-de-ingazeira\/\" \/>\n\t<meta name=\"generator\" content=\"All in One SEO (AIOSEO) 4.9.10\" \/>\n\t\t<meta name=\"twitter:card\" content=\"summary_large_image\" \/>\n\t\t<meta name=\"twitter:title\" content=\"TCE-PE rejeita auto de infra\u00e7\u00e3o contra prefeito de Ingazeira - Serra FM 87,9\" \/>\n\t\t<meta name=\"twitter:description\" content=\"A Segunda C\u00e2mara do Tribunal de Contas do Estado de Pernambuco (TCE-PE) decidiu, por unanimidade, n\u00e3o homologar o Auto de Infra\u00e7\u00e3o lavrado contra o prefeito de Ingazeira, Luciano Torres (PSB), em sess\u00e3o ordin\u00e1ria realizada nesta segunda-feira (28). A relatoria do processo foi do conselheiro Ranilson Ramos. O auto de infra\u00e7\u00e3o, identificado sob o n\u00famero 251001842,\" \/>\n\t\t<meta name=\"twitter:image\" content=\"https:\/\/serrafm879.com.br\/serrafm\/wp-content\/uploads\/2025\/07\/Captura-de-tela-2025-07-29-081116.png\" \/>\n\t\t<script type=\"application\/ld+json\" class=\"aioseo-schema\">\n\t\t\t{\"@context\":\"https:\\\/\\\/schema.org\",\"@graph\":[{\"@type\":\"BlogPosting\",\"@id\":\"https:\\\/\\\/serrafm879.com.br\\\/serrafm\\\/2025\\\/07\\\/tce-pe-rejeita-auto-de-infracao-contra-prefeito-de-ingazeira\\\/#blogposting\",\"name\":\"TCE-PE rejeita auto de infra\\u00e7\\u00e3o contra prefeito de Ingazeira - Serra FM 87,9\",\"headline\":\"TCE-PE rejeita auto de infra\\u00e7\\u00e3o contra prefeito de Ingazeira\",\"author\":{\"@id\":\"https:\\\/\\\/serrafm879.com.br\\\/serrafm\\\/author\\\/serrafm87\\\/#author\"},\"publisher\":{\"@id\":\"https:\\\/\\\/serrafm879.com.br\\\/serrafm\\\/#organization\"},\"image\":{\"@type\":\"ImageObject\",\"url\":\"https:\\\/\\\/serrafm879.com.br\\\/serrafm\\\/wp-content\\\/uploads\\\/2025\\\/07\\\/Captura-de-tela-2025-07-29-081116.png\",\"width\":315,\"height\":229},\"datePublished\":\"2025-07-29T08:10:10-03:00\",\"dateModified\":\"2025-07-29T08:10:10-03:00\",\"inLanguage\":\"pt-BR\",\"mainEntityOfPage\":{\"@id\":\"https:\\\/\\\/serrafm879.com.br\\\/serrafm\\\/2025\\\/07\\\/tce-pe-rejeita-auto-de-infracao-contra-prefeito-de-ingazeira\\\/#webpage\"},\"isPartOf\":{\"@id\":\"https:\\\/\\\/serrafm879.com.br\\\/serrafm\\\/2025\\\/07\\\/tce-pe-rejeita-auto-de-infracao-contra-prefeito-de-ingazeira\\\/#webpage\"},\"articleSection\":\"Not\\u00edcias\"},{\"@type\":\"BreadcrumbList\",\"@id\":\"https:\\\/\\\/serrafm879.com.br\\\/serrafm\\\/2025\\\/07\\\/tce-pe-rejeita-auto-de-infracao-contra-prefeito-de-ingazeira\\\/#breadcrumblist\",\"itemListElement\":[{\"@type\":\"ListItem\",\"@id\":\"https:\\\/\\\/serrafm879.com.br\\\/serrafm#listItem\",\"position\":1,\"name\":\"Home\",\"item\":\"https:\\\/\\\/serrafm879.com.br\\\/serrafm\",\"nextItem\":{\"@type\":\"ListItem\",\"@id\":\"https:\\\/\\\/serrafm879.com.br\\\/serrafm\\\/categoria\\\/noticias\\\/#listItem\",\"name\":\"Not\\u00edcias\"}},{\"@type\":\"ListItem\",\"@id\":\"https:\\\/\\\/serrafm879.com.br\\\/serrafm\\\/categoria\\\/noticias\\\/#listItem\",\"position\":2,\"name\":\"Not\\u00edcias\",\"item\":\"https:\\\/\\\/serrafm879.com.br\\\/serrafm\\\/categoria\\\/noticias\\\/\",\"nextItem\":{\"@type\":\"ListItem\",\"@id\":\"https:\\\/\\\/serrafm879.com.br\\\/serrafm\\\/2025\\\/07\\\/tce-pe-rejeita-auto-de-infracao-contra-prefeito-de-ingazeira\\\/#listItem\",\"name\":\"TCE-PE rejeita auto de infra\\u00e7\\u00e3o contra prefeito de Ingazeira\"},\"previousItem\":{\"@type\":\"ListItem\",\"@id\":\"https:\\\/\\\/serrafm879.com.br\\\/serrafm#listItem\",\"name\":\"Home\"}},{\"@type\":\"ListItem\",\"@id\":\"https:\\\/\\\/serrafm879.com.br\\\/serrafm\\\/2025\\\/07\\\/tce-pe-rejeita-auto-de-infracao-contra-prefeito-de-ingazeira\\\/#listItem\",\"position\":3,\"name\":\"TCE-PE rejeita auto de infra\\u00e7\\u00e3o contra prefeito de Ingazeira\",\"previousItem\":{\"@type\":\"ListItem\",\"@id\":\"https:\\\/\\\/serrafm879.com.br\\\/serrafm\\\/categoria\\\/noticias\\\/#listItem\",\"name\":\"Not\\u00edcias\"}}]},{\"@type\":\"Organization\",\"@id\":\"https:\\\/\\\/serrafm879.com.br\\\/serrafm\\\/#organization\",\"name\":\"Serra FM 87,9\",\"description\":\"O seu novo amor!\",\"url\":\"https:\\\/\\\/serrafm879.com.br\\\/serrafm\\\/\"},{\"@type\":\"Person\",\"@id\":\"https:\\\/\\\/serrafm879.com.br\\\/serrafm\\\/author\\\/serrafm87\\\/#author\",\"url\":\"https:\\\/\\\/serrafm879.com.br\\\/serrafm\\\/author\\\/serrafm87\\\/\",\"name\":\"serrafm87\",\"image\":{\"@type\":\"ImageObject\",\"@id\":\"https:\\\/\\\/serrafm879.com.br\\\/serrafm\\\/2025\\\/07\\\/tce-pe-rejeita-auto-de-infracao-contra-prefeito-de-ingazeira\\\/#authorImage\",\"url\":\"https:\\\/\\\/secure.gravatar.com\\\/avatar\\\/a743233f1112d34f48bb3dc9559b76eb930bab8b27175856cba6362608736235?s=96&d=mm&r=g\",\"width\":96,\"height\":96,\"caption\":\"serrafm87\"}},{\"@type\":\"WebPage\",\"@id\":\"https:\\\/\\\/serrafm879.com.br\\\/serrafm\\\/2025\\\/07\\\/tce-pe-rejeita-auto-de-infracao-contra-prefeito-de-ingazeira\\\/#webpage\",\"url\":\"https:\\\/\\\/serrafm879.com.br\\\/serrafm\\\/2025\\\/07\\\/tce-pe-rejeita-auto-de-infracao-contra-prefeito-de-ingazeira\\\/\",\"name\":\"TCE-PE rejeita auto de infra\\u00e7\\u00e3o contra prefeito de Ingazeira - Serra FM 87,9\",\"description\":\"A Segunda C\\u00e2mara do Tribunal de Contas do Estado de Pernambuco (TCE-PE) decidiu, por unanimidade, n\\u00e3o homologar o Auto de Infra\\u00e7\\u00e3o lavrado contra o prefeito de Ingazeira, Luciano Torres (PSB), em sess\\u00e3o ordin\\u00e1ria realizada nesta segunda-feira (28). A relatoria do processo foi do conselheiro Ranilson Ramos. O auto de infra\\u00e7\\u00e3o, identificado sob o n\\u00famero 251001842,\",\"inLanguage\":\"pt-BR\",\"isPartOf\":{\"@id\":\"https:\\\/\\\/serrafm879.com.br\\\/serrafm\\\/#website\"},\"breadcrumb\":{\"@id\":\"https:\\\/\\\/serrafm879.com.br\\\/serrafm\\\/2025\\\/07\\\/tce-pe-rejeita-auto-de-infracao-contra-prefeito-de-ingazeira\\\/#breadcrumblist\"},\"author\":{\"@id\":\"https:\\\/\\\/serrafm879.com.br\\\/serrafm\\\/author\\\/serrafm87\\\/#author\"},\"creator\":{\"@id\":\"https:\\\/\\\/serrafm879.com.br\\\/serrafm\\\/author\\\/serrafm87\\\/#author\"},\"image\":{\"@type\":\"ImageObject\",\"url\":\"https:\\\/\\\/serrafm879.com.br\\\/serrafm\\\/wp-content\\\/uploads\\\/2025\\\/07\\\/Captura-de-tela-2025-07-29-081116.png\",\"@id\":\"https:\\\/\\\/serrafm879.com.br\\\/serrafm\\\/2025\\\/07\\\/tce-pe-rejeita-auto-de-infracao-contra-prefeito-de-ingazeira\\\/#mainImage\",\"width\":315,\"height\":229},\"primaryImageOfPage\":{\"@id\":\"https:\\\/\\\/serrafm879.com.br\\\/serrafm\\\/2025\\\/07\\\/tce-pe-rejeita-auto-de-infracao-contra-prefeito-de-ingazeira\\\/#mainImage\"},\"datePublished\":\"2025-07-29T08:10:10-03:00\",\"dateModified\":\"2025-07-29T08:10:10-03:00\"},{\"@type\":\"WebSite\",\"@id\":\"https:\\\/\\\/serrafm879.com.br\\\/serrafm\\\/#website\",\"url\":\"https:\\\/\\\/serrafm879.com.br\\\/serrafm\\\/\",\"name\":\"Serra FM 87,9\",\"description\":\"O seu novo amor!\",\"inLanguage\":\"pt-BR\",\"publisher\":{\"@id\":\"https:\\\/\\\/serrafm879.com.br\\\/serrafm\\\/#organization\"}}]}\n\t\t<\/script>\n\t\t<!-- All in One SEO -->\n\n","aioseo_head_json":{"title":"TCE-PE rejeita auto de infra\u00e7\u00e3o contra prefeito de Ingazeira - Serra FM 87,9","description":"A Segunda C\u00e2mara do Tribunal de Contas do Estado de Pernambuco (TCE-PE) decidiu, por unanimidade, n\u00e3o homologar o Auto de Infra\u00e7\u00e3o lavrado contra o prefeito de Ingazeira, Luciano Torres (PSB), em sess\u00e3o ordin\u00e1ria realizada nesta segunda-feira (28). A relatoria do processo foi do conselheiro Ranilson Ramos. O auto de infra\u00e7\u00e3o, identificado sob o n\u00famero 251001842,","canonical_url":"https:\/\/serrafm879.com.br\/serrafm\/2025\/07\/tce-pe-rejeita-auto-de-infracao-contra-prefeito-de-ingazeira\/","robots":"max-image-preview:large","keywords":"","webmasterTools":{"miscellaneous":""},"schema":{"@context":"https:\/\/schema.org","@graph":[{"@type":"BlogPosting","@id":"https:\/\/serrafm879.com.br\/serrafm\/2025\/07\/tce-pe-rejeita-auto-de-infracao-contra-prefeito-de-ingazeira\/#blogposting","name":"TCE-PE rejeita auto de infra\u00e7\u00e3o contra prefeito de Ingazeira - Serra FM 87,9","headline":"TCE-PE rejeita auto de infra\u00e7\u00e3o contra prefeito de Ingazeira","author":{"@id":"https:\/\/serrafm879.com.br\/serrafm\/author\/serrafm87\/#author"},"publisher":{"@id":"https:\/\/serrafm879.com.br\/serrafm\/#organization"},"image":{"@type":"ImageObject","url":"https:\/\/serrafm879.com.br\/serrafm\/wp-content\/uploads\/2025\/07\/Captura-de-tela-2025-07-29-081116.png","width":315,"height":229},"datePublished":"2025-07-29T08:10:10-03:00","dateModified":"2025-07-29T08:10:10-03:00","inLanguage":"pt-BR","mainEntityOfPage":{"@id":"https:\/\/serrafm879.com.br\/serrafm\/2025\/07\/tce-pe-rejeita-auto-de-infracao-contra-prefeito-de-ingazeira\/#webpage"},"isPartOf":{"@id":"https:\/\/serrafm879.com.br\/serrafm\/2025\/07\/tce-pe-rejeita-auto-de-infracao-contra-prefeito-de-ingazeira\/#webpage"},"articleSection":"Not\u00edcias"},{"@type":"BreadcrumbList","@id":"https:\/\/serrafm879.com.br\/serrafm\/2025\/07\/tce-pe-rejeita-auto-de-infracao-contra-prefeito-de-ingazeira\/#breadcrumblist","itemListElement":[{"@type":"ListItem","@id":"https:\/\/serrafm879.com.br\/serrafm#listItem","position":1,"name":"Home","item":"https:\/\/serrafm879.com.br\/serrafm","nextItem":{"@type":"ListItem","@id":"https:\/\/serrafm879.com.br\/serrafm\/categoria\/noticias\/#listItem","name":"Not\u00edcias"}},{"@type":"ListItem","@id":"https:\/\/serrafm879.com.br\/serrafm\/categoria\/noticias\/#listItem","position":2,"name":"Not\u00edcias","item":"https:\/\/serrafm879.com.br\/serrafm\/categoria\/noticias\/","nextItem":{"@type":"ListItem","@id":"https:\/\/serrafm879.com.br\/serrafm\/2025\/07\/tce-pe-rejeita-auto-de-infracao-contra-prefeito-de-ingazeira\/#listItem","name":"TCE-PE rejeita auto de infra\u00e7\u00e3o contra prefeito de Ingazeira"},"previousItem":{"@type":"ListItem","@id":"https:\/\/serrafm879.com.br\/serrafm#listItem","name":"Home"}},{"@type":"ListItem","@id":"https:\/\/serrafm879.com.br\/serrafm\/2025\/07\/tce-pe-rejeita-auto-de-infracao-contra-prefeito-de-ingazeira\/#listItem","position":3,"name":"TCE-PE rejeita auto de infra\u00e7\u00e3o contra prefeito de Ingazeira","previousItem":{"@type":"ListItem","@id":"https:\/\/serrafm879.com.br\/serrafm\/categoria\/noticias\/#listItem","name":"Not\u00edcias"}}]},{"@type":"Organization","@id":"https:\/\/serrafm879.com.br\/serrafm\/#organization","name":"Serra FM 87,9","description":"O seu novo amor!","url":"https:\/\/serrafm879.com.br\/serrafm\/"},{"@type":"Person","@id":"https:\/\/serrafm879.com.br\/serrafm\/author\/serrafm87\/#author","url":"https:\/\/serrafm879.com.br\/serrafm\/author\/serrafm87\/","name":"serrafm87","image":{"@type":"ImageObject","@id":"https:\/\/serrafm879.com.br\/serrafm\/2025\/07\/tce-pe-rejeita-auto-de-infracao-contra-prefeito-de-ingazeira\/#authorImage","url":"https:\/\/secure.gravatar.com\/avatar\/a743233f1112d34f48bb3dc9559b76eb930bab8b27175856cba6362608736235?s=96&d=mm&r=g","width":96,"height":96,"caption":"serrafm87"}},{"@type":"WebPage","@id":"https:\/\/serrafm879.com.br\/serrafm\/2025\/07\/tce-pe-rejeita-auto-de-infracao-contra-prefeito-de-ingazeira\/#webpage","url":"https:\/\/serrafm879.com.br\/serrafm\/2025\/07\/tce-pe-rejeita-auto-de-infracao-contra-prefeito-de-ingazeira\/","name":"TCE-PE rejeita auto de infra\u00e7\u00e3o contra prefeito de Ingazeira - Serra FM 87,9","description":"A Segunda C\u00e2mara do Tribunal de Contas do Estado de Pernambuco (TCE-PE) decidiu, por unanimidade, n\u00e3o homologar o Auto de Infra\u00e7\u00e3o lavrado contra o prefeito de Ingazeira, Luciano Torres (PSB), em sess\u00e3o ordin\u00e1ria realizada nesta segunda-feira (28). A relatoria do processo foi do conselheiro Ranilson Ramos. O auto de infra\u00e7\u00e3o, identificado sob o n\u00famero 251001842,","inLanguage":"pt-BR","isPartOf":{"@id":"https:\/\/serrafm879.com.br\/serrafm\/#website"},"breadcrumb":{"@id":"https:\/\/serrafm879.com.br\/serrafm\/2025\/07\/tce-pe-rejeita-auto-de-infracao-contra-prefeito-de-ingazeira\/#breadcrumblist"},"author":{"@id":"https:\/\/serrafm879.com.br\/serrafm\/author\/serrafm87\/#author"},"creator":{"@id":"https:\/\/serrafm879.com.br\/serrafm\/author\/serrafm87\/#author"},"image":{"@type":"ImageObject","url":"https:\/\/serrafm879.com.br\/serrafm\/wp-content\/uploads\/2025\/07\/Captura-de-tela-2025-07-29-081116.png","@id":"https:\/\/serrafm879.com.br\/serrafm\/2025\/07\/tce-pe-rejeita-auto-de-infracao-contra-prefeito-de-ingazeira\/#mainImage","width":315,"height":229},"primaryImageOfPage":{"@id":"https:\/\/serrafm879.com.br\/serrafm\/2025\/07\/tce-pe-rejeita-auto-de-infracao-contra-prefeito-de-ingazeira\/#mainImage"},"datePublished":"2025-07-29T08:10:10-03:00","dateModified":"2025-07-29T08:10:10-03:00"},{"@type":"WebSite","@id":"https:\/\/serrafm879.com.br\/serrafm\/#website","url":"https:\/\/serrafm879.com.br\/serrafm\/","name":"Serra FM 87,9","description":"O seu novo amor!","inLanguage":"pt-BR","publisher":{"@id":"https:\/\/serrafm879.com.br\/serrafm\/#organization"}}]},"twitter:card":"summary_large_image","twitter:title":"TCE-PE rejeita auto de infra\u00e7\u00e3o contra prefeito de Ingazeira - Serra FM 87,9","twitter:description":"A Segunda C\u00e2mara do Tribunal de Contas do Estado de Pernambuco (TCE-PE) decidiu, por unanimidade, n\u00e3o homologar o Auto de Infra\u00e7\u00e3o lavrado contra o prefeito de Ingazeira, Luciano Torres (PSB), em sess\u00e3o ordin\u00e1ria realizada nesta segunda-feira (28). A relatoria do processo foi do conselheiro Ranilson Ramos. O auto de infra\u00e7\u00e3o, identificado sob o n\u00famero 251001842,","twitter:image":"https:\/\/serrafm879.com.br\/serrafm\/wp-content\/uploads\/2025\/07\/Captura-de-tela-2025-07-29-081116.png"},"aioseo_meta_data":{"post_id":"23522","title":null,"description":null,"keywords":null,"keyphrases":null,"primary_term":null,"canonical_url":null,"og_title":null,"og_description":null,"og_object_type":"default","og_image_type":"default","og_image_custom_url":null,"og_image_custom_fields":null,"og_image_url":null,"og_image_width":null,"og_image_height":null,"og_video":null,"og_custom_url":null,"og_article_section":null,"og_article_tags":null,"twitter_use_og":false,"twitter_card":"default","twitter_image_type":"default","twitter_image_custom_url":null,"twitter_image_custom_fields":null,"twitter_image_url":null,"twitter_title":null,"twitter_description":null,"schema_type":"default","schema_type_options":null,"schema":{"blockGraphs":[],"customGraphs":[],"default":{"data":{"Article":[],"Course":[],"Dataset":[],"FAQPage":[],"Movie":[],"Person":[],"Product":[],"ProductReview":[],"Car":[],"Recipe":[],"Service":[],"SoftwareApplication":[],"WebPage":[]},"graphName":"","isEnabled":true},"graphs":[]},"pillar_content":false,"robots_default":true,"robots_noindex":false,"robots_noarchive":false,"robots_nosnippet":false,"robots_nofollow":false,"robots_noimageindex":false,"robots_noodp":false,"robots_notranslate":false,"robots_max_snippet":null,"robots_max_videopreview":null,"robots_max_imagepreview":"large","priority":null,"frequency":null,"local_seo":null,"limit_modified_date":false,"ai":null,"breadcrumb_settings":null,"seo_analyzer_scan_date":null,"created":"2026-07-21 16:29:33","updated":"2026-07-21 16:29:33"},"aioseo_breadcrumb":"<div class=\"aioseo-breadcrumbs\"><span class=\"aioseo-breadcrumb\">\n\t\t\t<a href=\"https:\/\/serrafm879.com.br\/serrafm\" title=\"Home\">Home<\/a>\n\t\t<\/span><span class=\"aioseo-breadcrumb-separator\">&raquo;<\/span><span class=\"aioseo-breadcrumb\">\n\t\t\t<a href=\"https:\/\/serrafm879.com.br\/serrafm\/categoria\/noticias\/\" title=\"Not\u00edcias\">Not\u00edcias<\/a>\n\t\t<\/span><span class=\"aioseo-breadcrumb-separator\">&raquo;<\/span><span class=\"aioseo-breadcrumb\">\n\t\t\tTCE-PE rejeita auto de infra\u00e7\u00e3o contra prefeito de Ingazeira\n\t\t<\/span><\/div>","aioseo_breadcrumb_json":[{"label":"Home","link":"https:\/\/serrafm879.com.br\/serrafm"},{"label":"Not\u00edcias","link":"https:\/\/serrafm879.com.br\/serrafm\/categoria\/noticias\/"},{"label":"TCE-PE rejeita auto de infra\u00e7\u00e3o contra prefeito de Ingazeira","link":"https:\/\/serrafm879.com.br\/serrafm\/2025\/07\/tce-pe-rejeita-auto-de-infracao-contra-prefeito-de-ingazeira\/"}],"jetpack_publicize_connections":[],"jetpack_featured_media_url":"https:\/\/serrafm879.com.br\/serrafm\/wp-content\/uploads\/2025\/07\/Captura-de-tela-2025-07-29-081116.png","jetpack_shortlink":"https:\/\/wp.me\/p7HyXg-67o","jetpack_sharing_enabled":true,"_links":{"self":[{"href":"https:\/\/serrafm879.com.br\/serrafm\/wp-json\/wp\/v2\/posts\/23522","targetHints":{"allow":["GET"]}}],"collection":[{"href":"https:\/\/serrafm879.com.br\/serrafm\/wp-json\/wp\/v2\/posts"}],"about":[{"href":"https:\/\/serrafm879.com.br\/serrafm\/wp-json\/wp\/v2\/types\/post"}],"author":[{"embeddable":true,"href":"https:\/\/serrafm879.com.br\/serrafm\/wp-json\/wp\/v2\/users\/2"}],"replies":[{"embeddable":true,"href":"https:\/\/serrafm879.com.br\/serrafm\/wp-json\/wp\/v2\/comments?post=23522"}],"version-history":[{"count":1,"href":"https:\/\/serrafm879.com.br\/serrafm\/wp-json\/wp\/v2\/posts\/23522\/revisions"}],"predecessor-version":[{"id":23524,"href":"https:\/\/serrafm879.com.br\/serrafm\/wp-json\/wp\/v2\/posts\/23522\/revisions\/23524"}],"wp:featuredmedia":[{"embeddable":true,"href":"https:\/\/serrafm879.com.br\/serrafm\/wp-json\/wp\/v2\/media\/23523"}],"wp:attachment":[{"href":"https:\/\/serrafm879.com.br\/serrafm\/wp-json\/wp\/v2\/media?parent=23522"}],"wp:term":[{"taxonomy":"category","embeddable":true,"href":"https:\/\/serrafm879.com.br\/serrafm\/wp-json\/wp\/v2\/categories?post=23522"},{"taxonomy":"post_tag","embeddable":true,"href":"https:\/\/serrafm879.com.br\/serrafm\/wp-json\/wp\/v2\/tags?post=23522"}],"curies":[{"name":"wp","href":"https:\/\/api.w.org\/{rel}","templated":true}]}}