{"id":23527,"date":"2025-07-28T08:13:34","date_gmt":"2025-07-28T11:13:34","guid":{"rendered":"https:\/\/serrafm879.com.br\/serrafm\/?p=23527"},"modified":"2025-07-29T08:16:00","modified_gmt":"2025-07-29T11:16:00","slug":"idoso-de-71-anos-morre-em-colisao-no-agreste-de-pe","status":"publish","type":"post","link":"https:\/\/serrafm879.com.br\/serrafm\/2025\/07\/idoso-de-71-anos-morre-em-colisao-no-agreste-de-pe\/","title":{"rendered":"Idoso de 71 anos morre em colis\u00e3o no Agreste de PE"},"content":{"rendered":"<p><strong>Do Di\u00e1rio de Pernambuco<\/strong><\/p>\n<p>Um idoso morreu ap\u00f3s sofrer um acidente de tr\u00e2nsito na tarde de domingo (27), na BR-423, no munic\u00edpio de Lajedo, no Agreste de\u00a0Pernambuco. O sinistro envolveu uma caminhonete Fiat Strada e uma carreta.<\/p>\n<p>Segundo informa\u00e7\u00f5es extraoficiais, o condutor da Fiat, Florisvaldo Jos\u00e9 de Sobral, de 71 anos, n\u00e3o resistiu ao impacto do acidente e veio a \u00f3bito ainda no local. Ele havia ficado preso \u00e0s ferragens da caminhonete. J\u00e1 os ocupantes da carreta n\u00e3o sofreram ferimentos.<\/p>\n<p>Equipes do Corpo de Bombeiros Militar de Pernambuco foram acionados para retirar o corpo do idoso das ferragens. O corpo da v\u00edtima foi recolhido pelo Instituto de Medicina Legal (IML) de Caruaru.<\/p>\n<p>A Pol\u00edcia Civil de Pernambuco (PCPE) registrou a ocorr\u00eancia atrav\u00e9s da Delegacia de Garanhuns. \u201cAs dilig\u00eancias seguem at\u00e9 esclarecimento do fato.\u201d, declarou em nota.<\/p>\n","protected":false},"excerpt":{"rendered":"<p>Do Di\u00e1rio de Pernambuco Um idoso morreu ap\u00f3s sofrer um acidente de tr\u00e2nsito na tarde de domingo (27), na BR-423, no munic\u00edpio de Lajedo, no Agreste de\u00a0Pernambuco. O sinistro envolveu uma caminhonete Fiat Strada e uma carreta. Segundo informa\u00e7\u00f5es extraoficiais, o condutor da Fiat, Florisvaldo Jos\u00e9 de Sobral, de 71 anos, n\u00e3o resistiu ao impacto do acidente e veio a \u00f3bito ainda no local. Ele havia ficado preso \u00e0s ferragens da caminhonete. J\u00e1 os ocupantes da carreta n\u00e3o sofreram ferimentos. Equipes do Corpo de Bombeiros Militar de Pernambuco foram acionados para retirar o corpo do idoso das ferragens. O corpo [&hellip;]<\/p>\n","protected":false},"author":2,"featured_media":2698,"comment_status":"open","ping_status":"open","sticky":false,"template":"","format":"standard","meta":{"_jetpack_newsletter_access":"","_jetpack_dont_email_post_to_subs":false,"_jetpack_newsletter_tier_id":0,"_jetpack_memberships_contains_paywalled_content":false,"_jetpack_feature_clip_id":0,"_jetpack_memberships_contains_paid_content":false,"footnotes":"","jetpack_publicize_message":"","jetpack_publicize_feature_enabled":true,"jetpack_social_post_already_shared":true,"jetpack_social_options":{"image_generator_settings":{"template":"highway","default_image_id":0,"font":"","enabled":false},"version":2},"jetpack_post_was_ever_published":false},"categories":[2],"tags":[],"class_list":["post-23527","post","type-post","status-publish","format-standard","has-post-thumbnail","hentry","category-noticias"],"aioseo_notices":[],"aioseo_head":"\n\t\t<!-- All in One SEO 4.9.10 - aioseo.com -->\n\t<meta name=\"description\" content=\"Do Di\u00e1rio de Pernambuco Um idoso morreu ap\u00f3s sofrer um acidente de tr\u00e2nsito na tarde de domingo (27), na BR-423, no munic\u00edpio de Lajedo, no Agreste de Pernambuco. O sinistro envolveu uma caminhonete Fiat Strada e uma carreta. Segundo informa\u00e7\u00f5es extraoficiais, o condutor da Fiat, Florisvaldo Jos\u00e9 de Sobral, de 71 anos, n\u00e3o resistiu ao impacto\" \/>\n\t<meta name=\"robots\" content=\"max-image-preview:large\" \/>\n\t<meta name=\"author\" content=\"serrafm87\"\/>\n\t<link rel=\"canonical\" href=\"https:\/\/serrafm879.com.br\/serrafm\/2025\/07\/idoso-de-71-anos-morre-em-colisao-no-agreste-de-pe\/\" \/>\n\t<meta name=\"generator\" content=\"All in One SEO (AIOSEO) 4.9.10\" \/>\n\t\t<meta name=\"twitter:card\" content=\"summary_large_image\" \/>\n\t\t<meta name=\"twitter:title\" content=\"Idoso de 71 anos morre em colis\u00e3o no Agreste de PE - Serra FM 87,9\" \/>\n\t\t<meta name=\"twitter:description\" content=\"Do Di\u00e1rio de Pernambuco Um idoso morreu ap\u00f3s sofrer um acidente de tr\u00e2nsito na tarde de domingo (27), na BR-423, no munic\u00edpio de Lajedo, no Agreste de Pernambuco. O sinistro envolveu uma caminhonete Fiat Strada e uma carreta. Segundo informa\u00e7\u00f5es extraoficiais, o condutor da Fiat, Florisvaldo Jos\u00e9 de Sobral, de 71 anos, n\u00e3o resistiu ao impacto\" \/>\n\t\t<meta name=\"twitter:image\" content=\"https:\/\/serrafm879.com.br\/serrafm\/wp-content\/uploads\/2020\/05\/morte-aabb-3.jpg\" \/>\n\t\t<script type=\"application\/ld+json\" class=\"aioseo-schema\">\n\t\t\t{\"@context\":\"https:\\\/\\\/schema.org\",\"@graph\":[{\"@type\":\"BlogPosting\",\"@id\":\"https:\\\/\\\/serrafm879.com.br\\\/serrafm\\\/2025\\\/07\\\/idoso-de-71-anos-morre-em-colisao-no-agreste-de-pe\\\/#blogposting\",\"name\":\"Idoso de 71 anos morre em colis\\u00e3o no Agreste de PE - Serra FM 87,9\",\"headline\":\"Idoso de 71 anos morre em colis\\u00e3o no Agreste de PE\",\"author\":{\"@id\":\"https:\\\/\\\/serrafm879.com.br\\\/serrafm\\\/author\\\/serrafm87\\\/#author\"},\"publisher\":{\"@id\":\"https:\\\/\\\/serrafm879.com.br\\\/serrafm\\\/#organization\"},\"image\":{\"@type\":\"ImageObject\",\"url\":\"https:\\\/\\\/serrafm879.com.br\\\/serrafm\\\/wp-content\\\/uploads\\\/2020\\\/05\\\/morte-aabb-3.jpg\",\"width\":768,\"height\":513},\"datePublished\":\"2025-07-28T08:13:34-03:00\",\"dateModified\":\"2025-07-29T08:16:00-03:00\",\"inLanguage\":\"pt-BR\",\"mainEntityOfPage\":{\"@id\":\"https:\\\/\\\/serrafm879.com.br\\\/serrafm\\\/2025\\\/07\\\/idoso-de-71-anos-morre-em-colisao-no-agreste-de-pe\\\/#webpage\"},\"isPartOf\":{\"@id\":\"https:\\\/\\\/serrafm879.com.br\\\/serrafm\\\/2025\\\/07\\\/idoso-de-71-anos-morre-em-colisao-no-agreste-de-pe\\\/#webpage\"},\"articleSection\":\"Not\\u00edcias\"},{\"@type\":\"BreadcrumbList\",\"@id\":\"https:\\\/\\\/serrafm879.com.br\\\/serrafm\\\/2025\\\/07\\\/idoso-de-71-anos-morre-em-colisao-no-agreste-de-pe\\\/#breadcrumblist\",\"itemListElement\":[{\"@type\":\"ListItem\",\"@id\":\"https:\\\/\\\/serrafm879.com.br\\\/serrafm#listItem\",\"position\":1,\"name\":\"Home\",\"item\":\"https:\\\/\\\/serrafm879.com.br\\\/serrafm\",\"nextItem\":{\"@type\":\"ListItem\",\"@id\":\"https:\\\/\\\/serrafm879.com.br\\\/serrafm\\\/categoria\\\/noticias\\\/#listItem\",\"name\":\"Not\\u00edcias\"}},{\"@type\":\"ListItem\",\"@id\":\"https:\\\/\\\/serrafm879.com.br\\\/serrafm\\\/categoria\\\/noticias\\\/#listItem\",\"position\":2,\"name\":\"Not\\u00edcias\",\"item\":\"https:\\\/\\\/serrafm879.com.br\\\/serrafm\\\/categoria\\\/noticias\\\/\",\"nextItem\":{\"@type\":\"ListItem\",\"@id\":\"https:\\\/\\\/serrafm879.com.br\\\/serrafm\\\/2025\\\/07\\\/idoso-de-71-anos-morre-em-colisao-no-agreste-de-pe\\\/#listItem\",\"name\":\"Idoso de 71 anos morre em colis\\u00e3o no Agreste de PE\"},\"previousItem\":{\"@type\":\"ListItem\",\"@id\":\"https:\\\/\\\/serrafm879.com.br\\\/serrafm#listItem\",\"name\":\"Home\"}},{\"@type\":\"ListItem\",\"@id\":\"https:\\\/\\\/serrafm879.com.br\\\/serrafm\\\/2025\\\/07\\\/idoso-de-71-anos-morre-em-colisao-no-agreste-de-pe\\\/#listItem\",\"position\":3,\"name\":\"Idoso de 71 anos morre em colis\\u00e3o no Agreste de PE\",\"previousItem\":{\"@type\":\"ListItem\",\"@id\":\"https:\\\/\\\/serrafm879.com.br\\\/serrafm\\\/categoria\\\/noticias\\\/#listItem\",\"name\":\"Not\\u00edcias\"}}]},{\"@type\":\"Organization\",\"@id\":\"https:\\\/\\\/serrafm879.com.br\\\/serrafm\\\/#organization\",\"name\":\"Serra FM 87,9\",\"description\":\"O seu novo amor!\",\"url\":\"https:\\\/\\\/serrafm879.com.br\\\/serrafm\\\/\"},{\"@type\":\"Person\",\"@id\":\"https:\\\/\\\/serrafm879.com.br\\\/serrafm\\\/author\\\/serrafm87\\\/#author\",\"url\":\"https:\\\/\\\/serrafm879.com.br\\\/serrafm\\\/author\\\/serrafm87\\\/\",\"name\":\"serrafm87\",\"image\":{\"@type\":\"ImageObject\",\"@id\":\"https:\\\/\\\/serrafm879.com.br\\\/serrafm\\\/2025\\\/07\\\/idoso-de-71-anos-morre-em-colisao-no-agreste-de-pe\\\/#authorImage\",\"url\":\"https:\\\/\\\/secure.gravatar.com\\\/avatar\\\/a743233f1112d34f48bb3dc9559b76eb930bab8b27175856cba6362608736235?s=96&d=mm&r=g\",\"width\":96,\"height\":96,\"caption\":\"serrafm87\"}},{\"@type\":\"WebPage\",\"@id\":\"https:\\\/\\\/serrafm879.com.br\\\/serrafm\\\/2025\\\/07\\\/idoso-de-71-anos-morre-em-colisao-no-agreste-de-pe\\\/#webpage\",\"url\":\"https:\\\/\\\/serrafm879.com.br\\\/serrafm\\\/2025\\\/07\\\/idoso-de-71-anos-morre-em-colisao-no-agreste-de-pe\\\/\",\"name\":\"Idoso de 71 anos morre em colis\\u00e3o no Agreste de PE - Serra FM 87,9\",\"description\":\"Do Di\\u00e1rio de Pernambuco Um idoso morreu ap\\u00f3s sofrer um acidente de tr\\u00e2nsito na tarde de domingo (27), na BR-423, no munic\\u00edpio de Lajedo, no Agreste de Pernambuco. O sinistro envolveu uma caminhonete Fiat Strada e uma carreta. Segundo informa\\u00e7\\u00f5es extraoficiais, o condutor da Fiat, Florisvaldo Jos\\u00e9 de Sobral, de 71 anos, n\\u00e3o resistiu ao impacto\",\"inLanguage\":\"pt-BR\",\"isPartOf\":{\"@id\":\"https:\\\/\\\/serrafm879.com.br\\\/serrafm\\\/#website\"},\"breadcrumb\":{\"@id\":\"https:\\\/\\\/serrafm879.com.br\\\/serrafm\\\/2025\\\/07\\\/idoso-de-71-anos-morre-em-colisao-no-agreste-de-pe\\\/#breadcrumblist\"},\"author\":{\"@id\":\"https:\\\/\\\/serrafm879.com.br\\\/serrafm\\\/author\\\/serrafm87\\\/#author\"},\"creator\":{\"@id\":\"https:\\\/\\\/serrafm879.com.br\\\/serrafm\\\/author\\\/serrafm87\\\/#author\"},\"image\":{\"@type\":\"ImageObject\",\"url\":\"https:\\\/\\\/serrafm879.com.br\\\/serrafm\\\/wp-content\\\/uploads\\\/2020\\\/05\\\/morte-aabb-3.jpg\",\"@id\":\"https:\\\/\\\/serrafm879.com.br\\\/serrafm\\\/2025\\\/07\\\/idoso-de-71-anos-morre-em-colisao-no-agreste-de-pe\\\/#mainImage\",\"width\":768,\"height\":513},\"primaryImageOfPage\":{\"@id\":\"https:\\\/\\\/serrafm879.com.br\\\/serrafm\\\/2025\\\/07\\\/idoso-de-71-anos-morre-em-colisao-no-agreste-de-pe\\\/#mainImage\"},\"datePublished\":\"2025-07-28T08:13:34-03:00\",\"dateModified\":\"2025-07-29T08:16:00-03:00\"},{\"@type\":\"WebSite\",\"@id\":\"https:\\\/\\\/serrafm879.com.br\\\/serrafm\\\/#website\",\"url\":\"https:\\\/\\\/serrafm879.com.br\\\/serrafm\\\/\",\"name\":\"Serra FM 87,9\",\"description\":\"O seu novo amor!\",\"inLanguage\":\"pt-BR\",\"publisher\":{\"@id\":\"https:\\\/\\\/serrafm879.com.br\\\/serrafm\\\/#organization\"}}]}\n\t\t<\/script>\n\t\t<!-- All in One SEO -->\n\n","aioseo_head_json":{"title":"Idoso de 71 anos morre em colis\u00e3o no Agreste de PE - Serra FM 87,9","description":"Do Di\u00e1rio de Pernambuco Um idoso morreu ap\u00f3s sofrer um acidente de tr\u00e2nsito na tarde de domingo (27), na BR-423, no munic\u00edpio de Lajedo, no Agreste de Pernambuco. O sinistro envolveu uma caminhonete Fiat Strada e uma carreta. Segundo informa\u00e7\u00f5es extraoficiais, o condutor da Fiat, Florisvaldo Jos\u00e9 de Sobral, de 71 anos, n\u00e3o resistiu ao impacto","canonical_url":"https:\/\/serrafm879.com.br\/serrafm\/2025\/07\/idoso-de-71-anos-morre-em-colisao-no-agreste-de-pe\/","robots":"max-image-preview:large","keywords":"","webmasterTools":{"miscellaneous":""},"schema":{"@context":"https:\/\/schema.org","@graph":[{"@type":"BlogPosting","@id":"https:\/\/serrafm879.com.br\/serrafm\/2025\/07\/idoso-de-71-anos-morre-em-colisao-no-agreste-de-pe\/#blogposting","name":"Idoso de 71 anos morre em colis\u00e3o no Agreste de PE - Serra FM 87,9","headline":"Idoso de 71 anos morre em colis\u00e3o no Agreste de PE","author":{"@id":"https:\/\/serrafm879.com.br\/serrafm\/author\/serrafm87\/#author"},"publisher":{"@id":"https:\/\/serrafm879.com.br\/serrafm\/#organization"},"image":{"@type":"ImageObject","url":"https:\/\/serrafm879.com.br\/serrafm\/wp-content\/uploads\/2020\/05\/morte-aabb-3.jpg","width":768,"height":513},"datePublished":"2025-07-28T08:13:34-03:00","dateModified":"2025-07-29T08:16:00-03:00","inLanguage":"pt-BR","mainEntityOfPage":{"@id":"https:\/\/serrafm879.com.br\/serrafm\/2025\/07\/idoso-de-71-anos-morre-em-colisao-no-agreste-de-pe\/#webpage"},"isPartOf":{"@id":"https:\/\/serrafm879.com.br\/serrafm\/2025\/07\/idoso-de-71-anos-morre-em-colisao-no-agreste-de-pe\/#webpage"},"articleSection":"Not\u00edcias"},{"@type":"BreadcrumbList","@id":"https:\/\/serrafm879.com.br\/serrafm\/2025\/07\/idoso-de-71-anos-morre-em-colisao-no-agreste-de-pe\/#breadcrumblist","itemListElement":[{"@type":"ListItem","@id":"https:\/\/serrafm879.com.br\/serrafm#listItem","position":1,"name":"Home","item":"https:\/\/serrafm879.com.br\/serrafm","nextItem":{"@type":"ListItem","@id":"https:\/\/serrafm879.com.br\/serrafm\/categoria\/noticias\/#listItem","name":"Not\u00edcias"}},{"@type":"ListItem","@id":"https:\/\/serrafm879.com.br\/serrafm\/categoria\/noticias\/#listItem","position":2,"name":"Not\u00edcias","item":"https:\/\/serrafm879.com.br\/serrafm\/categoria\/noticias\/","nextItem":{"@type":"ListItem","@id":"https:\/\/serrafm879.com.br\/serrafm\/2025\/07\/idoso-de-71-anos-morre-em-colisao-no-agreste-de-pe\/#listItem","name":"Idoso de 71 anos morre em colis\u00e3o no Agreste de PE"},"previousItem":{"@type":"ListItem","@id":"https:\/\/serrafm879.com.br\/serrafm#listItem","name":"Home"}},{"@type":"ListItem","@id":"https:\/\/serrafm879.com.br\/serrafm\/2025\/07\/idoso-de-71-anos-morre-em-colisao-no-agreste-de-pe\/#listItem","position":3,"name":"Idoso de 71 anos morre em colis\u00e3o no Agreste de PE","previousItem":{"@type":"ListItem","@id":"https:\/\/serrafm879.com.br\/serrafm\/categoria\/noticias\/#listItem","name":"Not\u00edcias"}}]},{"@type":"Organization","@id":"https:\/\/serrafm879.com.br\/serrafm\/#organization","name":"Serra FM 87,9","description":"O seu novo amor!","url":"https:\/\/serrafm879.com.br\/serrafm\/"},{"@type":"Person","@id":"https:\/\/serrafm879.com.br\/serrafm\/author\/serrafm87\/#author","url":"https:\/\/serrafm879.com.br\/serrafm\/author\/serrafm87\/","name":"serrafm87","image":{"@type":"ImageObject","@id":"https:\/\/serrafm879.com.br\/serrafm\/2025\/07\/idoso-de-71-anos-morre-em-colisao-no-agreste-de-pe\/#authorImage","url":"https:\/\/secure.gravatar.com\/avatar\/a743233f1112d34f48bb3dc9559b76eb930bab8b27175856cba6362608736235?s=96&d=mm&r=g","width":96,"height":96,"caption":"serrafm87"}},{"@type":"WebPage","@id":"https:\/\/serrafm879.com.br\/serrafm\/2025\/07\/idoso-de-71-anos-morre-em-colisao-no-agreste-de-pe\/#webpage","url":"https:\/\/serrafm879.com.br\/serrafm\/2025\/07\/idoso-de-71-anos-morre-em-colisao-no-agreste-de-pe\/","name":"Idoso de 71 anos morre em colis\u00e3o no Agreste de PE - Serra FM 87,9","description":"Do Di\u00e1rio de Pernambuco Um idoso morreu ap\u00f3s sofrer um acidente de tr\u00e2nsito na tarde de domingo (27), na BR-423, no munic\u00edpio de Lajedo, no Agreste de Pernambuco. O sinistro envolveu uma caminhonete Fiat Strada e uma carreta. Segundo informa\u00e7\u00f5es extraoficiais, o condutor da Fiat, Florisvaldo Jos\u00e9 de Sobral, de 71 anos, n\u00e3o resistiu ao impacto","inLanguage":"pt-BR","isPartOf":{"@id":"https:\/\/serrafm879.com.br\/serrafm\/#website"},"breadcrumb":{"@id":"https:\/\/serrafm879.com.br\/serrafm\/2025\/07\/idoso-de-71-anos-morre-em-colisao-no-agreste-de-pe\/#breadcrumblist"},"author":{"@id":"https:\/\/serrafm879.com.br\/serrafm\/author\/serrafm87\/#author"},"creator":{"@id":"https:\/\/serrafm879.com.br\/serrafm\/author\/serrafm87\/#author"},"image":{"@type":"ImageObject","url":"https:\/\/serrafm879.com.br\/serrafm\/wp-content\/uploads\/2020\/05\/morte-aabb-3.jpg","@id":"https:\/\/serrafm879.com.br\/serrafm\/2025\/07\/idoso-de-71-anos-morre-em-colisao-no-agreste-de-pe\/#mainImage","width":768,"height":513},"primaryImageOfPage":{"@id":"https:\/\/serrafm879.com.br\/serrafm\/2025\/07\/idoso-de-71-anos-morre-em-colisao-no-agreste-de-pe\/#mainImage"},"datePublished":"2025-07-28T08:13:34-03:00","dateModified":"2025-07-29T08:16:00-03:00"},{"@type":"WebSite","@id":"https:\/\/serrafm879.com.br\/serrafm\/#website","url":"https:\/\/serrafm879.com.br\/serrafm\/","name":"Serra FM 87,9","description":"O seu novo amor!","inLanguage":"pt-BR","publisher":{"@id":"https:\/\/serrafm879.com.br\/serrafm\/#organization"}}]},"twitter:card":"summary_large_image","twitter:title":"Idoso de 71 anos morre em colis\u00e3o no Agreste de PE - Serra FM 87,9","twitter:description":"Do Di\u00e1rio de Pernambuco Um idoso morreu ap\u00f3s sofrer um acidente de tr\u00e2nsito na tarde de domingo (27), na BR-423, no munic\u00edpio de Lajedo, no Agreste de Pernambuco. O sinistro envolveu uma caminhonete Fiat Strada e uma carreta. Segundo informa\u00e7\u00f5es extraoficiais, o condutor da Fiat, Florisvaldo Jos\u00e9 de Sobral, de 71 anos, n\u00e3o resistiu ao impacto","twitter:image":"https:\/\/serrafm879.com.br\/serrafm\/wp-content\/uploads\/2020\/05\/morte-aabb-3.jpg"},"aioseo_meta_data":{"post_id":"23527","title":null,"description":null,"keywords":null,"keyphrases":null,"primary_term":null,"canonical_url":null,"og_title":null,"og_description":null,"og_object_type":"default","og_image_type":"default","og_image_custom_url":null,"og_image_custom_fields":null,"og_image_url":null,"og_image_width":null,"og_image_height":null,"og_video":null,"og_custom_url":null,"og_article_section":null,"og_article_tags":null,"twitter_use_og":false,"twitter_card":"default","twitter_image_type":"default","twitter_image_custom_url":null,"twitter_image_custom_fields":null,"twitter_image_url":null,"twitter_title":null,"twitter_description":null,"schema_type":"default","schema_type_options":null,"schema":{"blockGraphs":[],"customGraphs":[],"default":{"data":{"Article":[],"Course":[],"Dataset":[],"FAQPage":[],"Movie":[],"Person":[],"Product":[],"ProductReview":[],"Car":[],"Recipe":[],"Service":[],"SoftwareApplication":[],"WebPage":[]},"graphName":"","isEnabled":true},"graphs":[]},"pillar_content":false,"robots_default":true,"robots_noindex":false,"robots_noarchive":false,"robots_nosnippet":false,"robots_nofollow":false,"robots_noimageindex":false,"robots_noodp":false,"robots_notranslate":false,"robots_max_snippet":null,"robots_max_videopreview":null,"robots_max_imagepreview":"large","priority":null,"frequency":null,"local_seo":null,"limit_modified_date":false,"ai":null,"breadcrumb_settings":null,"seo_analyzer_scan_date":null,"created":"2026-07-21 16:29:33","updated":"2026-07-21 16:29:33"},"aioseo_breadcrumb":"<div class=\"aioseo-breadcrumbs\"><span class=\"aioseo-breadcrumb\">\n\t\t\t<a href=\"https:\/\/serrafm879.com.br\/serrafm\" title=\"Home\">Home<\/a>\n\t\t<\/span><span class=\"aioseo-breadcrumb-separator\">&raquo;<\/span><span class=\"aioseo-breadcrumb\">\n\t\t\t<a href=\"https:\/\/serrafm879.com.br\/serrafm\/categoria\/noticias\/\" title=\"Not\u00edcias\">Not\u00edcias<\/a>\n\t\t<\/span><span class=\"aioseo-breadcrumb-separator\">&raquo;<\/span><span class=\"aioseo-breadcrumb\">\n\t\t\tIdoso de 71 anos morre em colis\u00e3o no Agreste de PE\n\t\t<\/span><\/div>","aioseo_breadcrumb_json":[{"label":"Home","link":"https:\/\/serrafm879.com.br\/serrafm"},{"label":"Not\u00edcias","link":"https:\/\/serrafm879.com.br\/serrafm\/categoria\/noticias\/"},{"label":"Idoso de 71 anos morre em colis\u00e3o no Agreste de PE","link":"https:\/\/serrafm879.com.br\/serrafm\/2025\/07\/idoso-de-71-anos-morre-em-colisao-no-agreste-de-pe\/"}],"jetpack_publicize_connections":[],"jetpack_featured_media_url":"https:\/\/serrafm879.com.br\/serrafm\/wp-content\/uploads\/2020\/05\/morte-aabb-3.jpg","jetpack_shortlink":"https:\/\/wp.me\/p7HyXg-67t","jetpack_sharing_enabled":true,"_links":{"self":[{"href":"https:\/\/serrafm879.com.br\/serrafm\/wp-json\/wp\/v2\/posts\/23527","targetHints":{"allow":["GET"]}}],"collection":[{"href":"https:\/\/serrafm879.com.br\/serrafm\/wp-json\/wp\/v2\/posts"}],"about":[{"href":"https:\/\/serrafm879.com.br\/serrafm\/wp-json\/wp\/v2\/types\/post"}],"author":[{"embeddable":true,"href":"https:\/\/serrafm879.com.br\/serrafm\/wp-json\/wp\/v2\/users\/2"}],"replies":[{"embeddable":true,"href":"https:\/\/serrafm879.com.br\/serrafm\/wp-json\/wp\/v2\/comments?post=23527"}],"version-history":[{"count":1,"href":"https:\/\/serrafm879.com.br\/serrafm\/wp-json\/wp\/v2\/posts\/23527\/revisions"}],"predecessor-version":[{"id":23528,"href":"https:\/\/serrafm879.com.br\/serrafm\/wp-json\/wp\/v2\/posts\/23527\/revisions\/23528"}],"wp:featuredmedia":[{"embeddable":true,"href":"https:\/\/serrafm879.com.br\/serrafm\/wp-json\/wp\/v2\/media\/2698"}],"wp:attachment":[{"href":"https:\/\/serrafm879.com.br\/serrafm\/wp-json\/wp\/v2\/media?parent=23527"}],"wp:term":[{"taxonomy":"category","embeddable":true,"href":"https:\/\/serrafm879.com.br\/serrafm\/wp-json\/wp\/v2\/categories?post=23527"},{"taxonomy":"post_tag","embeddable":true,"href":"https:\/\/serrafm879.com.br\/serrafm\/wp-json\/wp\/v2\/tags?post=23527"}],"curies":[{"name":"wp","href":"https:\/\/api.w.org\/{rel}","templated":true}]}}