{"id":23571,"date":"2025-08-01T10:40:09","date_gmt":"2025-08-01T13:40:09","guid":{"rendered":"https:\/\/serrafm879.com.br\/serrafm\/?p=23571"},"modified":"2025-08-01T10:40:09","modified_gmt":"2025-08-01T13:40:09","slug":"deputado-e-expulso-do-pl-por-defender-de-moraes-e-criticar-trump","status":"publish","type":"post","link":"https:\/\/serrafm879.com.br\/serrafm\/2025\/08\/deputado-e-expulso-do-pl-por-defender-de-moraes-e-criticar-trump\/","title":{"rendered":"Deputado \u00e9 expulso do PL por defender de Moraes e criticar Trump"},"content":{"rendered":"<p>O presidente do PL, Valdemar Costa Neto, decidiu expulsar o deputado federal Ant\u00f4nio Carlos Rodrigues (PL-SP) do partido. Rodrigues \u2013 not\u00f3rio aliado do ministro do Supremo Tribunal Federal (STF) Alexandre de Moraes \u2013 criticou em entrevista \u00e0 coluna Igor Gadelha, do site Metr\u00f3poles, a decis\u00e3o do presidente dos Estados Unidos, Donald Trump, de aplicar a Lei Magnitsky no magistrado.<\/p>\n<p>J\u00e1 \u00e9 de costume a press\u00e3o da bancada do PL pedindo a expuls\u00e3o de Rodrigues, mas dessa vez o sentimento foi maior. Procurado, ele n\u00e3o se manifestou.<\/p>\n<p>\u201cA press\u00e3o da nossa bancada foi muito grande. Nossos parlamentares entendem que atacar o presidente dos Estados Unidos, Donald Trump, \u00e9 uma ignor\u00e2ncia sem tamanho\u201d, disse Valdemar, em nota oficial. \u201cTrump \u00e9 o presidente do pa\u00eds mais forte do mundo\u201d, completou.<\/p>\n<p>Ao Metr\u00f3poles, Ant\u00f4nio Carlos Rodrigues disse que a san\u00e7\u00e3o a Moraes \u00e9 o maior absurdo que ele j\u00e1 viu na vida pol\u00edtica. \u201cO Alexandre \u00e9 um dos maiores juristas do pa\u00eds, extremamente competente. Trump tem que cuidar dos Estados Unidos. N\u00e3o se meter com o Brasil como est\u00e1 se metendo\u201d, afirmou.<\/p>\n<p>N\u00e3o \u00e9 a primeira defesa p\u00fablica de Rodrigues a Moraes. \u00c0 Coluna do Estad\u00e3o no ano passado, Rodrigues disse admirar \u201ca atitude e coragem de Alexandre de Moraes\u201d. O deputado e o ministro se conhecem h\u00e1 30 anos e era a ponte que viabilizava di\u00e1logos de Moraes com integrantes do PL.<\/p>\n<p>Desde o in\u00edcio dessa legislatura, deputados bolsonaristas anseiam por uma ca\u00e7a \u00e0s bruxas dentro da sigla. Correligion\u00e1rios especialmente no Nordeste tem alinhamento ao presidente Luiz In\u00e1cio Lula da Silva mesmo estando no partido do ex-presidente Jair Bolsonaro (PL).<\/p>\n<p>Num outro epis\u00f3dio, o deputado Yury do Pared\u00e3o (MDB-CE) foi expulso do PL por aparecer em uma foto fazendo o \u201cL\u201d, s\u00edmbolo associado a Lula. Ele acabou indo para o MDB. Com informa\u00e7\u00f5es do Estad\u00e3o Conte\u00fado.<\/p>\n","protected":false},"excerpt":{"rendered":"<p>O presidente do PL, Valdemar Costa Neto, decidiu expulsar o deputado federal Ant\u00f4nio Carlos Rodrigues (PL-SP) do partido. Rodrigues \u2013 not\u00f3rio aliado do ministro do Supremo Tribunal Federal (STF) Alexandre de Moraes \u2013 criticou em entrevista \u00e0 coluna Igor Gadelha, do site Metr\u00f3poles, a decis\u00e3o do presidente dos Estados Unidos, Donald Trump, de aplicar a Lei Magnitsky no magistrado. J\u00e1 \u00e9 de costume a press\u00e3o da bancada do PL pedindo a expuls\u00e3o de Rodrigues, mas dessa vez o sentimento foi maior. Procurado, ele n\u00e3o se manifestou. \u201cA press\u00e3o da nossa bancada foi muito grande. Nossos parlamentares entendem que atacar o [&hellip;]<\/p>\n","protected":false},"author":2,"featured_media":23572,"comment_status":"open","ping_status":"open","sticky":false,"template":"","format":"standard","meta":{"_jetpack_newsletter_access":"","_jetpack_dont_email_post_to_subs":false,"_jetpack_newsletter_tier_id":0,"_jetpack_memberships_contains_paywalled_content":false,"_jetpack_feature_clip_id":0,"_jetpack_memberships_contains_paid_content":false,"footnotes":"","jetpack_publicize_message":"","jetpack_publicize_feature_enabled":true,"jetpack_social_post_already_shared":true,"jetpack_social_options":{"image_generator_settings":{"template":"highway","default_image_id":0,"font":"","enabled":false},"version":2},"jetpack_post_was_ever_published":false},"categories":[2],"tags":[],"class_list":["post-23571","post","type-post","status-publish","format-standard","has-post-thumbnail","hentry","category-noticias"],"aioseo_notices":[],"aioseo_head":"\n\t\t<!-- All in One SEO 4.9.10 - aioseo.com -->\n\t<meta name=\"description\" content=\"O presidente do PL, Valdemar Costa Neto, decidiu expulsar o deputado federal Ant\u00f4nio Carlos Rodrigues (PL-SP) do partido. Rodrigues \u2013 not\u00f3rio aliado do ministro do Supremo Tribunal Federal (STF) Alexandre de Moraes \u2013 criticou em entrevista \u00e0 coluna Igor Gadelha, do site Metr\u00f3poles, a decis\u00e3o do presidente dos Estados Unidos, Donald Trump, de aplicar a\" \/>\n\t<meta name=\"robots\" content=\"max-image-preview:large\" \/>\n\t<meta name=\"author\" content=\"serrafm87\"\/>\n\t<link rel=\"canonical\" href=\"https:\/\/serrafm879.com.br\/serrafm\/2025\/08\/deputado-e-expulso-do-pl-por-defender-de-moraes-e-criticar-trump\/\" \/>\n\t<meta name=\"generator\" content=\"All in One SEO (AIOSEO) 4.9.10\" \/>\n\t\t<meta name=\"twitter:card\" content=\"summary_large_image\" \/>\n\t\t<meta name=\"twitter:title\" content=\"Deputado \u00e9 expulso do PL por defender de Moraes e criticar Trump - Serra FM 87,9\" \/>\n\t\t<meta name=\"twitter:description\" content=\"O presidente do PL, Valdemar Costa Neto, decidiu expulsar o deputado federal Ant\u00f4nio Carlos Rodrigues (PL-SP) do partido. Rodrigues \u2013 not\u00f3rio aliado do ministro do Supremo Tribunal Federal (STF) Alexandre de Moraes \u2013 criticou em entrevista \u00e0 coluna Igor Gadelha, do site Metr\u00f3poles, a decis\u00e3o do presidente dos Estados Unidos, Donald Trump, de aplicar a\" \/>\n\t\t<meta name=\"twitter:image\" content=\"https:\/\/serrafm879.com.br\/serrafm\/wp-content\/uploads\/2025\/08\/Captura-de-tela-2025-08-01-104119.png\" \/>\n\t\t<script type=\"application\/ld+json\" class=\"aioseo-schema\">\n\t\t\t{\"@context\":\"https:\\\/\\\/schema.org\",\"@graph\":[{\"@type\":\"BlogPosting\",\"@id\":\"https:\\\/\\\/serrafm879.com.br\\\/serrafm\\\/2025\\\/08\\\/deputado-e-expulso-do-pl-por-defender-de-moraes-e-criticar-trump\\\/#blogposting\",\"name\":\"Deputado \\u00e9 expulso do PL por defender de Moraes e criticar Trump - Serra FM 87,9\",\"headline\":\"Deputado \\u00e9 expulso do PL por defender de Moraes e criticar Trump\",\"author\":{\"@id\":\"https:\\\/\\\/serrafm879.com.br\\\/serrafm\\\/author\\\/serrafm87\\\/#author\"},\"publisher\":{\"@id\":\"https:\\\/\\\/serrafm879.com.br\\\/serrafm\\\/#organization\"},\"image\":{\"@type\":\"ImageObject\",\"url\":\"https:\\\/\\\/serrafm879.com.br\\\/serrafm\\\/wp-content\\\/uploads\\\/2025\\\/08\\\/Captura-de-tela-2025-08-01-104119.png\",\"width\":461,\"height\":350},\"datePublished\":\"2025-08-01T10:40:09-03:00\",\"dateModified\":\"2025-08-01T10:40:09-03:00\",\"inLanguage\":\"pt-BR\",\"mainEntityOfPage\":{\"@id\":\"https:\\\/\\\/serrafm879.com.br\\\/serrafm\\\/2025\\\/08\\\/deputado-e-expulso-do-pl-por-defender-de-moraes-e-criticar-trump\\\/#webpage\"},\"isPartOf\":{\"@id\":\"https:\\\/\\\/serrafm879.com.br\\\/serrafm\\\/2025\\\/08\\\/deputado-e-expulso-do-pl-por-defender-de-moraes-e-criticar-trump\\\/#webpage\"},\"articleSection\":\"Not\\u00edcias\"},{\"@type\":\"BreadcrumbList\",\"@id\":\"https:\\\/\\\/serrafm879.com.br\\\/serrafm\\\/2025\\\/08\\\/deputado-e-expulso-do-pl-por-defender-de-moraes-e-criticar-trump\\\/#breadcrumblist\",\"itemListElement\":[{\"@type\":\"ListItem\",\"@id\":\"https:\\\/\\\/serrafm879.com.br\\\/serrafm#listItem\",\"position\":1,\"name\":\"Home\",\"item\":\"https:\\\/\\\/serrafm879.com.br\\\/serrafm\",\"nextItem\":{\"@type\":\"ListItem\",\"@id\":\"https:\\\/\\\/serrafm879.com.br\\\/serrafm\\\/categoria\\\/noticias\\\/#listItem\",\"name\":\"Not\\u00edcias\"}},{\"@type\":\"ListItem\",\"@id\":\"https:\\\/\\\/serrafm879.com.br\\\/serrafm\\\/categoria\\\/noticias\\\/#listItem\",\"position\":2,\"name\":\"Not\\u00edcias\",\"item\":\"https:\\\/\\\/serrafm879.com.br\\\/serrafm\\\/categoria\\\/noticias\\\/\",\"nextItem\":{\"@type\":\"ListItem\",\"@id\":\"https:\\\/\\\/serrafm879.com.br\\\/serrafm\\\/2025\\\/08\\\/deputado-e-expulso-do-pl-por-defender-de-moraes-e-criticar-trump\\\/#listItem\",\"name\":\"Deputado \\u00e9 expulso do PL por defender de Moraes e criticar Trump\"},\"previousItem\":{\"@type\":\"ListItem\",\"@id\":\"https:\\\/\\\/serrafm879.com.br\\\/serrafm#listItem\",\"name\":\"Home\"}},{\"@type\":\"ListItem\",\"@id\":\"https:\\\/\\\/serrafm879.com.br\\\/serrafm\\\/2025\\\/08\\\/deputado-e-expulso-do-pl-por-defender-de-moraes-e-criticar-trump\\\/#listItem\",\"position\":3,\"name\":\"Deputado \\u00e9 expulso do PL por defender de Moraes e criticar Trump\",\"previousItem\":{\"@type\":\"ListItem\",\"@id\":\"https:\\\/\\\/serrafm879.com.br\\\/serrafm\\\/categoria\\\/noticias\\\/#listItem\",\"name\":\"Not\\u00edcias\"}}]},{\"@type\":\"Organization\",\"@id\":\"https:\\\/\\\/serrafm879.com.br\\\/serrafm\\\/#organization\",\"name\":\"Serra FM 87,9\",\"description\":\"O seu novo amor!\",\"url\":\"https:\\\/\\\/serrafm879.com.br\\\/serrafm\\\/\"},{\"@type\":\"Person\",\"@id\":\"https:\\\/\\\/serrafm879.com.br\\\/serrafm\\\/author\\\/serrafm87\\\/#author\",\"url\":\"https:\\\/\\\/serrafm879.com.br\\\/serrafm\\\/author\\\/serrafm87\\\/\",\"name\":\"serrafm87\",\"image\":{\"@type\":\"ImageObject\",\"@id\":\"https:\\\/\\\/serrafm879.com.br\\\/serrafm\\\/2025\\\/08\\\/deputado-e-expulso-do-pl-por-defender-de-moraes-e-criticar-trump\\\/#authorImage\",\"url\":\"https:\\\/\\\/secure.gravatar.com\\\/avatar\\\/a743233f1112d34f48bb3dc9559b76eb930bab8b27175856cba6362608736235?s=96&d=mm&r=g\",\"width\":96,\"height\":96,\"caption\":\"serrafm87\"}},{\"@type\":\"WebPage\",\"@id\":\"https:\\\/\\\/serrafm879.com.br\\\/serrafm\\\/2025\\\/08\\\/deputado-e-expulso-do-pl-por-defender-de-moraes-e-criticar-trump\\\/#webpage\",\"url\":\"https:\\\/\\\/serrafm879.com.br\\\/serrafm\\\/2025\\\/08\\\/deputado-e-expulso-do-pl-por-defender-de-moraes-e-criticar-trump\\\/\",\"name\":\"Deputado \\u00e9 expulso do PL por defender de Moraes e criticar Trump - Serra FM 87,9\",\"description\":\"O presidente do PL, Valdemar Costa Neto, decidiu expulsar o deputado federal Ant\\u00f4nio Carlos Rodrigues (PL-SP) do partido. Rodrigues \\u2013 not\\u00f3rio aliado do ministro do Supremo Tribunal Federal (STF) Alexandre de Moraes \\u2013 criticou em entrevista \\u00e0 coluna Igor Gadelha, do site Metr\\u00f3poles, a decis\\u00e3o do presidente dos Estados Unidos, Donald Trump, de aplicar a\",\"inLanguage\":\"pt-BR\",\"isPartOf\":{\"@id\":\"https:\\\/\\\/serrafm879.com.br\\\/serrafm\\\/#website\"},\"breadcrumb\":{\"@id\":\"https:\\\/\\\/serrafm879.com.br\\\/serrafm\\\/2025\\\/08\\\/deputado-e-expulso-do-pl-por-defender-de-moraes-e-criticar-trump\\\/#breadcrumblist\"},\"author\":{\"@id\":\"https:\\\/\\\/serrafm879.com.br\\\/serrafm\\\/author\\\/serrafm87\\\/#author\"},\"creator\":{\"@id\":\"https:\\\/\\\/serrafm879.com.br\\\/serrafm\\\/author\\\/serrafm87\\\/#author\"},\"image\":{\"@type\":\"ImageObject\",\"url\":\"https:\\\/\\\/serrafm879.com.br\\\/serrafm\\\/wp-content\\\/uploads\\\/2025\\\/08\\\/Captura-de-tela-2025-08-01-104119.png\",\"@id\":\"https:\\\/\\\/serrafm879.com.br\\\/serrafm\\\/2025\\\/08\\\/deputado-e-expulso-do-pl-por-defender-de-moraes-e-criticar-trump\\\/#mainImage\",\"width\":461,\"height\":350},\"primaryImageOfPage\":{\"@id\":\"https:\\\/\\\/serrafm879.com.br\\\/serrafm\\\/2025\\\/08\\\/deputado-e-expulso-do-pl-por-defender-de-moraes-e-criticar-trump\\\/#mainImage\"},\"datePublished\":\"2025-08-01T10:40:09-03:00\",\"dateModified\":\"2025-08-01T10:40:09-03:00\"},{\"@type\":\"WebSite\",\"@id\":\"https:\\\/\\\/serrafm879.com.br\\\/serrafm\\\/#website\",\"url\":\"https:\\\/\\\/serrafm879.com.br\\\/serrafm\\\/\",\"name\":\"Serra FM 87,9\",\"description\":\"O seu novo amor!\",\"inLanguage\":\"pt-BR\",\"publisher\":{\"@id\":\"https:\\\/\\\/serrafm879.com.br\\\/serrafm\\\/#organization\"}}]}\n\t\t<\/script>\n\t\t<!-- All in One SEO -->\n\n","aioseo_head_json":{"title":"Deputado \u00e9 expulso do PL por defender de Moraes e criticar Trump - Serra FM 87,9","description":"O presidente do PL, Valdemar Costa Neto, decidiu expulsar o deputado federal Ant\u00f4nio Carlos Rodrigues (PL-SP) do partido. Rodrigues \u2013 not\u00f3rio aliado do ministro do Supremo Tribunal Federal (STF) Alexandre de Moraes \u2013 criticou em entrevista \u00e0 coluna Igor Gadelha, do site Metr\u00f3poles, a decis\u00e3o do presidente dos Estados Unidos, Donald Trump, de aplicar a","canonical_url":"https:\/\/serrafm879.com.br\/serrafm\/2025\/08\/deputado-e-expulso-do-pl-por-defender-de-moraes-e-criticar-trump\/","robots":"max-image-preview:large","keywords":"","webmasterTools":{"miscellaneous":""},"schema":{"@context":"https:\/\/schema.org","@graph":[{"@type":"BlogPosting","@id":"https:\/\/serrafm879.com.br\/serrafm\/2025\/08\/deputado-e-expulso-do-pl-por-defender-de-moraes-e-criticar-trump\/#blogposting","name":"Deputado \u00e9 expulso do PL por defender de Moraes e criticar Trump - Serra FM 87,9","headline":"Deputado \u00e9 expulso do PL por defender de Moraes e criticar Trump","author":{"@id":"https:\/\/serrafm879.com.br\/serrafm\/author\/serrafm87\/#author"},"publisher":{"@id":"https:\/\/serrafm879.com.br\/serrafm\/#organization"},"image":{"@type":"ImageObject","url":"https:\/\/serrafm879.com.br\/serrafm\/wp-content\/uploads\/2025\/08\/Captura-de-tela-2025-08-01-104119.png","width":461,"height":350},"datePublished":"2025-08-01T10:40:09-03:00","dateModified":"2025-08-01T10:40:09-03:00","inLanguage":"pt-BR","mainEntityOfPage":{"@id":"https:\/\/serrafm879.com.br\/serrafm\/2025\/08\/deputado-e-expulso-do-pl-por-defender-de-moraes-e-criticar-trump\/#webpage"},"isPartOf":{"@id":"https:\/\/serrafm879.com.br\/serrafm\/2025\/08\/deputado-e-expulso-do-pl-por-defender-de-moraes-e-criticar-trump\/#webpage"},"articleSection":"Not\u00edcias"},{"@type":"BreadcrumbList","@id":"https:\/\/serrafm879.com.br\/serrafm\/2025\/08\/deputado-e-expulso-do-pl-por-defender-de-moraes-e-criticar-trump\/#breadcrumblist","itemListElement":[{"@type":"ListItem","@id":"https:\/\/serrafm879.com.br\/serrafm#listItem","position":1,"name":"Home","item":"https:\/\/serrafm879.com.br\/serrafm","nextItem":{"@type":"ListItem","@id":"https:\/\/serrafm879.com.br\/serrafm\/categoria\/noticias\/#listItem","name":"Not\u00edcias"}},{"@type":"ListItem","@id":"https:\/\/serrafm879.com.br\/serrafm\/categoria\/noticias\/#listItem","position":2,"name":"Not\u00edcias","item":"https:\/\/serrafm879.com.br\/serrafm\/categoria\/noticias\/","nextItem":{"@type":"ListItem","@id":"https:\/\/serrafm879.com.br\/serrafm\/2025\/08\/deputado-e-expulso-do-pl-por-defender-de-moraes-e-criticar-trump\/#listItem","name":"Deputado \u00e9 expulso do PL por defender de Moraes e criticar Trump"},"previousItem":{"@type":"ListItem","@id":"https:\/\/serrafm879.com.br\/serrafm#listItem","name":"Home"}},{"@type":"ListItem","@id":"https:\/\/serrafm879.com.br\/serrafm\/2025\/08\/deputado-e-expulso-do-pl-por-defender-de-moraes-e-criticar-trump\/#listItem","position":3,"name":"Deputado \u00e9 expulso do PL por defender de Moraes e criticar Trump","previousItem":{"@type":"ListItem","@id":"https:\/\/serrafm879.com.br\/serrafm\/categoria\/noticias\/#listItem","name":"Not\u00edcias"}}]},{"@type":"Organization","@id":"https:\/\/serrafm879.com.br\/serrafm\/#organization","name":"Serra FM 87,9","description":"O seu novo amor!","url":"https:\/\/serrafm879.com.br\/serrafm\/"},{"@type":"Person","@id":"https:\/\/serrafm879.com.br\/serrafm\/author\/serrafm87\/#author","url":"https:\/\/serrafm879.com.br\/serrafm\/author\/serrafm87\/","name":"serrafm87","image":{"@type":"ImageObject","@id":"https:\/\/serrafm879.com.br\/serrafm\/2025\/08\/deputado-e-expulso-do-pl-por-defender-de-moraes-e-criticar-trump\/#authorImage","url":"https:\/\/secure.gravatar.com\/avatar\/a743233f1112d34f48bb3dc9559b76eb930bab8b27175856cba6362608736235?s=96&d=mm&r=g","width":96,"height":96,"caption":"serrafm87"}},{"@type":"WebPage","@id":"https:\/\/serrafm879.com.br\/serrafm\/2025\/08\/deputado-e-expulso-do-pl-por-defender-de-moraes-e-criticar-trump\/#webpage","url":"https:\/\/serrafm879.com.br\/serrafm\/2025\/08\/deputado-e-expulso-do-pl-por-defender-de-moraes-e-criticar-trump\/","name":"Deputado \u00e9 expulso do PL por defender de Moraes e criticar Trump - Serra FM 87,9","description":"O presidente do PL, Valdemar Costa Neto, decidiu expulsar o deputado federal Ant\u00f4nio Carlos Rodrigues (PL-SP) do partido. Rodrigues \u2013 not\u00f3rio aliado do ministro do Supremo Tribunal Federal (STF) Alexandre de Moraes \u2013 criticou em entrevista \u00e0 coluna Igor Gadelha, do site Metr\u00f3poles, a decis\u00e3o do presidente dos Estados Unidos, Donald Trump, de aplicar a","inLanguage":"pt-BR","isPartOf":{"@id":"https:\/\/serrafm879.com.br\/serrafm\/#website"},"breadcrumb":{"@id":"https:\/\/serrafm879.com.br\/serrafm\/2025\/08\/deputado-e-expulso-do-pl-por-defender-de-moraes-e-criticar-trump\/#breadcrumblist"},"author":{"@id":"https:\/\/serrafm879.com.br\/serrafm\/author\/serrafm87\/#author"},"creator":{"@id":"https:\/\/serrafm879.com.br\/serrafm\/author\/serrafm87\/#author"},"image":{"@type":"ImageObject","url":"https:\/\/serrafm879.com.br\/serrafm\/wp-content\/uploads\/2025\/08\/Captura-de-tela-2025-08-01-104119.png","@id":"https:\/\/serrafm879.com.br\/serrafm\/2025\/08\/deputado-e-expulso-do-pl-por-defender-de-moraes-e-criticar-trump\/#mainImage","width":461,"height":350},"primaryImageOfPage":{"@id":"https:\/\/serrafm879.com.br\/serrafm\/2025\/08\/deputado-e-expulso-do-pl-por-defender-de-moraes-e-criticar-trump\/#mainImage"},"datePublished":"2025-08-01T10:40:09-03:00","dateModified":"2025-08-01T10:40:09-03:00"},{"@type":"WebSite","@id":"https:\/\/serrafm879.com.br\/serrafm\/#website","url":"https:\/\/serrafm879.com.br\/serrafm\/","name":"Serra FM 87,9","description":"O seu novo amor!","inLanguage":"pt-BR","publisher":{"@id":"https:\/\/serrafm879.com.br\/serrafm\/#organization"}}]},"twitter:card":"summary_large_image","twitter:title":"Deputado \u00e9 expulso do PL por defender de Moraes e criticar Trump - Serra FM 87,9","twitter:description":"O presidente do PL, Valdemar Costa Neto, decidiu expulsar o deputado federal Ant\u00f4nio Carlos Rodrigues (PL-SP) do partido. Rodrigues \u2013 not\u00f3rio aliado do ministro do Supremo Tribunal Federal (STF) Alexandre de Moraes \u2013 criticou em entrevista \u00e0 coluna Igor Gadelha, do site Metr\u00f3poles, a decis\u00e3o do presidente dos Estados Unidos, Donald Trump, de aplicar a","twitter:image":"https:\/\/serrafm879.com.br\/serrafm\/wp-content\/uploads\/2025\/08\/Captura-de-tela-2025-08-01-104119.png"},"aioseo_meta_data":{"post_id":"23571","title":null,"description":null,"keywords":null,"keyphrases":null,"primary_term":null,"canonical_url":null,"og_title":null,"og_description":null,"og_object_type":"default","og_image_type":"default","og_image_custom_url":null,"og_image_custom_fields":null,"og_image_url":null,"og_image_width":null,"og_image_height":null,"og_video":null,"og_custom_url":null,"og_article_section":null,"og_article_tags":null,"twitter_use_og":false,"twitter_card":"default","twitter_image_type":"default","twitter_image_custom_url":null,"twitter_image_custom_fields":null,"twitter_image_url":null,"twitter_title":null,"twitter_description":null,"schema_type":"default","schema_type_options":null,"schema":{"blockGraphs":[],"customGraphs":[],"default":{"data":{"Article":[],"Course":[],"Dataset":[],"FAQPage":[],"Movie":[],"Person":[],"Product":[],"ProductReview":[],"Car":[],"Recipe":[],"Service":[],"SoftwareApplication":[],"WebPage":[]},"graphName":"","isEnabled":true},"graphs":[]},"pillar_content":false,"robots_default":true,"robots_noindex":false,"robots_noarchive":false,"robots_nosnippet":false,"robots_nofollow":false,"robots_noimageindex":false,"robots_noodp":false,"robots_notranslate":false,"robots_max_snippet":null,"robots_max_videopreview":null,"robots_max_imagepreview":"large","priority":null,"frequency":null,"local_seo":null,"limit_modified_date":false,"ai":null,"breadcrumb_settings":null,"seo_analyzer_scan_date":null,"created":"2026-07-21 16:31:27","updated":"2026-07-21 16:31:27"},"aioseo_breadcrumb":"<div class=\"aioseo-breadcrumbs\"><span class=\"aioseo-breadcrumb\">\n\t\t\t<a href=\"https:\/\/serrafm879.com.br\/serrafm\" title=\"Home\">Home<\/a>\n\t\t<\/span><span class=\"aioseo-breadcrumb-separator\">&raquo;<\/span><span class=\"aioseo-breadcrumb\">\n\t\t\t<a href=\"https:\/\/serrafm879.com.br\/serrafm\/categoria\/noticias\/\" title=\"Not\u00edcias\">Not\u00edcias<\/a>\n\t\t<\/span><span class=\"aioseo-breadcrumb-separator\">&raquo;<\/span><span class=\"aioseo-breadcrumb\">\n\t\t\tDeputado \u00e9 expulso do PL por defender de Moraes e criticar Trump\n\t\t<\/span><\/div>","aioseo_breadcrumb_json":[{"label":"Home","link":"https:\/\/serrafm879.com.br\/serrafm"},{"label":"Not\u00edcias","link":"https:\/\/serrafm879.com.br\/serrafm\/categoria\/noticias\/"},{"label":"Deputado \u00e9 expulso do PL por defender de Moraes e criticar Trump","link":"https:\/\/serrafm879.com.br\/serrafm\/2025\/08\/deputado-e-expulso-do-pl-por-defender-de-moraes-e-criticar-trump\/"}],"jetpack_publicize_connections":[],"jetpack_featured_media_url":"https:\/\/serrafm879.com.br\/serrafm\/wp-content\/uploads\/2025\/08\/Captura-de-tela-2025-08-01-104119.png","jetpack_shortlink":"https:\/\/wp.me\/p7HyXg-68b","jetpack_sharing_enabled":true,"_links":{"self":[{"href":"https:\/\/serrafm879.com.br\/serrafm\/wp-json\/wp\/v2\/posts\/23571","targetHints":{"allow":["GET"]}}],"collection":[{"href":"https:\/\/serrafm879.com.br\/serrafm\/wp-json\/wp\/v2\/posts"}],"about":[{"href":"https:\/\/serrafm879.com.br\/serrafm\/wp-json\/wp\/v2\/types\/post"}],"author":[{"embeddable":true,"href":"https:\/\/serrafm879.com.br\/serrafm\/wp-json\/wp\/v2\/users\/2"}],"replies":[{"embeddable":true,"href":"https:\/\/serrafm879.com.br\/serrafm\/wp-json\/wp\/v2\/comments?post=23571"}],"version-history":[{"count":1,"href":"https:\/\/serrafm879.com.br\/serrafm\/wp-json\/wp\/v2\/posts\/23571\/revisions"}],"predecessor-version":[{"id":23573,"href":"https:\/\/serrafm879.com.br\/serrafm\/wp-json\/wp\/v2\/posts\/23571\/revisions\/23573"}],"wp:featuredmedia":[{"embeddable":true,"href":"https:\/\/serrafm879.com.br\/serrafm\/wp-json\/wp\/v2\/media\/23572"}],"wp:attachment":[{"href":"https:\/\/serrafm879.com.br\/serrafm\/wp-json\/wp\/v2\/media?parent=23571"}],"wp:term":[{"taxonomy":"category","embeddable":true,"href":"https:\/\/serrafm879.com.br\/serrafm\/wp-json\/wp\/v2\/categories?post=23571"},{"taxonomy":"post_tag","embeddable":true,"href":"https:\/\/serrafm879.com.br\/serrafm\/wp-json\/wp\/v2\/tags?post=23571"}],"curies":[{"name":"wp","href":"https:\/\/api.w.org\/{rel}","templated":true}]}}