{"id":23581,"date":"2025-08-03T20:49:10","date_gmt":"2025-08-03T23:49:10","guid":{"rendered":"https:\/\/serrafm879.com.br\/serrafm\/?p=23581"},"modified":"2025-08-03T20:49:10","modified_gmt":"2025-08-03T23:49:10","slug":"tarcisio-zema-caiado-e-ratinho-jr-se-ausentam-de-ato-pro-bolsonaro-e-contra-stf","status":"publish","type":"post","link":"https:\/\/serrafm879.com.br\/serrafm\/2025\/08\/tarcisio-zema-caiado-e-ratinho-jr-se-ausentam-de-ato-pro-bolsonaro-e-contra-stf\/","title":{"rendered":"Tarc\u00edsio, Zema, Caiado e Ratinho Jr. se ausentam de ato pr\u00f3-Bolsonaro e contra STF"},"content":{"rendered":"<p>Governadores esvaziam manifesta\u00e7\u00f5es marcadas para domingo em meio a escalada institucional e \u00e0 crise com os EUA<\/p>\n<p>Os principais governadores cotados para disputar a Presid\u00eancia da Rep\u00fablica em 2026 n\u00e3o estar\u00e3o presentes nas manifesta\u00e7\u00f5es convocadas por aliados de Jair Bolsonaro (PL) em diversas cidades do pa\u00eds, no pr\u00f3ximo domingo (3).<\/p>\n<p>Tarc\u00edsio de Freitas (Republicanos), Romeu Zema (Novo), Ronaldo Caiado (Uni\u00e3o Brasil) e Ratinho J\u00fanior (PSD) decidiram n\u00e3o aderir aos atos que miram o Supremo Tribunal Federal (STF) e buscam pressionar contra as medidas impostas ao ex-presidente.<\/p>\n<p>O movimento de afastamento ocorre num momento em que o bolsonarismo testa sua capacidade de mobiliza\u00e7\u00e3o popular em meio ao avan\u00e7o do julgamento sobre a tentativa de golpe de 2022, ao desgaste judicial de Bolsonaro e \u00e0 crise diplom\u00e1tica com os Estados Unidos, deflagrada ap\u00f3s o\u00a0<a href=\"https:\/\/www.infomoney.com.br\/mundo\/decreto-de-trump-adia-por-sete-dias-implementacao-de-tarifas-de-50-sobre-o-brasil\/\">tarifa\u00e7o de 50% imposto por Donald Trump sobre produtos brasileiros<\/a>.<\/p>\n<p>&nbsp;<\/p>\n<p>Fonte: Site\u00a0 InfoMoney<\/p>\n","protected":false},"excerpt":{"rendered":"<p>Governadores esvaziam manifesta\u00e7\u00f5es marcadas para domingo em meio a escalada institucional e \u00e0 crise com os EUA Os principais governadores cotados para disputar a Presid\u00eancia da Rep\u00fablica em 2026 n\u00e3o estar\u00e3o presentes nas manifesta\u00e7\u00f5es convocadas por aliados de Jair Bolsonaro (PL) em diversas cidades do pa\u00eds, no pr\u00f3ximo domingo (3). Tarc\u00edsio de Freitas (Republicanos), Romeu Zema (Novo), Ronaldo Caiado (Uni\u00e3o Brasil) e Ratinho J\u00fanior (PSD) decidiram n\u00e3o aderir aos atos que miram o Supremo Tribunal Federal (STF) e buscam pressionar contra as medidas impostas ao ex-presidente. O movimento de afastamento ocorre num momento em que o bolsonarismo testa sua capacidade [&hellip;]<\/p>\n","protected":false},"author":2,"featured_media":23582,"comment_status":"open","ping_status":"open","sticky":false,"template":"","format":"standard","meta":{"_jetpack_newsletter_access":"","_jetpack_dont_email_post_to_subs":false,"_jetpack_newsletter_tier_id":0,"_jetpack_memberships_contains_paywalled_content":false,"_jetpack_feature_clip_id":0,"_jetpack_memberships_contains_paid_content":false,"footnotes":"","jetpack_publicize_message":"","jetpack_publicize_feature_enabled":true,"jetpack_social_post_already_shared":true,"jetpack_social_options":{"image_generator_settings":{"template":"highway","default_image_id":0,"font":"","enabled":false},"version":2},"jetpack_post_was_ever_published":false},"categories":[2],"tags":[],"class_list":["post-23581","post","type-post","status-publish","format-standard","has-post-thumbnail","hentry","category-noticias"],"aioseo_notices":[],"aioseo_head":"\n\t\t<!-- All in One SEO 4.9.10 - aioseo.com -->\n\t<meta name=\"description\" content=\"Governadores esvaziam manifesta\u00e7\u00f5es marcadas para domingo em meio a escalada institucional e \u00e0 crise com os EUA Os principais governadores cotados para disputar a Presid\u00eancia da Rep\u00fablica em 2026 n\u00e3o estar\u00e3o presentes nas manifesta\u00e7\u00f5es convocadas por aliados de Jair Bolsonaro (PL) em diversas cidades do pa\u00eds, no pr\u00f3ximo domingo (3). Tarc\u00edsio de Freitas (Republicanos), Romeu\" \/>\n\t<meta name=\"robots\" content=\"max-image-preview:large\" \/>\n\t<meta name=\"author\" content=\"serrafm87\"\/>\n\t<link rel=\"canonical\" href=\"https:\/\/serrafm879.com.br\/serrafm\/2025\/08\/tarcisio-zema-caiado-e-ratinho-jr-se-ausentam-de-ato-pro-bolsonaro-e-contra-stf\/\" \/>\n\t<meta name=\"generator\" content=\"All in One SEO (AIOSEO) 4.9.10\" \/>\n\t\t<meta name=\"twitter:card\" content=\"summary_large_image\" \/>\n\t\t<meta name=\"twitter:title\" content=\"Tarc\u00edsio, Zema, Caiado e Ratinho Jr. se ausentam de ato pr\u00f3-Bolsonaro e contra STF - Serra FM 87,9\" \/>\n\t\t<meta name=\"twitter:description\" content=\"Governadores esvaziam manifesta\u00e7\u00f5es marcadas para domingo em meio a escalada institucional e \u00e0 crise com os EUA Os principais governadores cotados para disputar a Presid\u00eancia da Rep\u00fablica em 2026 n\u00e3o estar\u00e3o presentes nas manifesta\u00e7\u00f5es convocadas por aliados de Jair Bolsonaro (PL) em diversas cidades do pa\u00eds, no pr\u00f3ximo domingo (3). Tarc\u00edsio de Freitas (Republicanos), Romeu\" \/>\n\t\t<meta name=\"twitter:image\" content=\"https:\/\/serrafm879.com.br\/serrafm\/wp-content\/uploads\/2025\/08\/fotos-enquadramento-capa-2025-08-01t150932851.jpg\" \/>\n\t\t<script type=\"application\/ld+json\" class=\"aioseo-schema\">\n\t\t\t{\"@context\":\"https:\\\/\\\/schema.org\",\"@graph\":[{\"@type\":\"BlogPosting\",\"@id\":\"https:\\\/\\\/serrafm879.com.br\\\/serrafm\\\/2025\\\/08\\\/tarcisio-zema-caiado-e-ratinho-jr-se-ausentam-de-ato-pro-bolsonaro-e-contra-stf\\\/#blogposting\",\"name\":\"Tarc\\u00edsio, Zema, Caiado e Ratinho Jr. se ausentam de ato pr\\u00f3-Bolsonaro e contra STF - Serra FM 87,9\",\"headline\":\"Tarc\\u00edsio, Zema, Caiado e Ratinho Jr. se ausentam de ato pr\\u00f3-Bolsonaro e contra STF\",\"author\":{\"@id\":\"https:\\\/\\\/serrafm879.com.br\\\/serrafm\\\/author\\\/serrafm87\\\/#author\"},\"publisher\":{\"@id\":\"https:\\\/\\\/serrafm879.com.br\\\/serrafm\\\/#organization\"},\"image\":{\"@type\":\"ImageObject\",\"url\":\"https:\\\/\\\/serrafm879.com.br\\\/serrafm\\\/wp-content\\\/uploads\\\/2025\\\/08\\\/fotos-enquadramento-capa-2025-08-01t150932851.jpg\",\"width\":800,\"height\":600},\"datePublished\":\"2025-08-03T20:49:10-03:00\",\"dateModified\":\"2025-08-03T20:49:10-03:00\",\"inLanguage\":\"pt-BR\",\"mainEntityOfPage\":{\"@id\":\"https:\\\/\\\/serrafm879.com.br\\\/serrafm\\\/2025\\\/08\\\/tarcisio-zema-caiado-e-ratinho-jr-se-ausentam-de-ato-pro-bolsonaro-e-contra-stf\\\/#webpage\"},\"isPartOf\":{\"@id\":\"https:\\\/\\\/serrafm879.com.br\\\/serrafm\\\/2025\\\/08\\\/tarcisio-zema-caiado-e-ratinho-jr-se-ausentam-de-ato-pro-bolsonaro-e-contra-stf\\\/#webpage\"},\"articleSection\":\"Not\\u00edcias\"},{\"@type\":\"BreadcrumbList\",\"@id\":\"https:\\\/\\\/serrafm879.com.br\\\/serrafm\\\/2025\\\/08\\\/tarcisio-zema-caiado-e-ratinho-jr-se-ausentam-de-ato-pro-bolsonaro-e-contra-stf\\\/#breadcrumblist\",\"itemListElement\":[{\"@type\":\"ListItem\",\"@id\":\"https:\\\/\\\/serrafm879.com.br\\\/serrafm#listItem\",\"position\":1,\"name\":\"Home\",\"item\":\"https:\\\/\\\/serrafm879.com.br\\\/serrafm\",\"nextItem\":{\"@type\":\"ListItem\",\"@id\":\"https:\\\/\\\/serrafm879.com.br\\\/serrafm\\\/categoria\\\/noticias\\\/#listItem\",\"name\":\"Not\\u00edcias\"}},{\"@type\":\"ListItem\",\"@id\":\"https:\\\/\\\/serrafm879.com.br\\\/serrafm\\\/categoria\\\/noticias\\\/#listItem\",\"position\":2,\"name\":\"Not\\u00edcias\",\"item\":\"https:\\\/\\\/serrafm879.com.br\\\/serrafm\\\/categoria\\\/noticias\\\/\",\"nextItem\":{\"@type\":\"ListItem\",\"@id\":\"https:\\\/\\\/serrafm879.com.br\\\/serrafm\\\/2025\\\/08\\\/tarcisio-zema-caiado-e-ratinho-jr-se-ausentam-de-ato-pro-bolsonaro-e-contra-stf\\\/#listItem\",\"name\":\"Tarc\\u00edsio, Zema, Caiado e Ratinho Jr. se ausentam de ato pr\\u00f3-Bolsonaro e contra STF\"},\"previousItem\":{\"@type\":\"ListItem\",\"@id\":\"https:\\\/\\\/serrafm879.com.br\\\/serrafm#listItem\",\"name\":\"Home\"}},{\"@type\":\"ListItem\",\"@id\":\"https:\\\/\\\/serrafm879.com.br\\\/serrafm\\\/2025\\\/08\\\/tarcisio-zema-caiado-e-ratinho-jr-se-ausentam-de-ato-pro-bolsonaro-e-contra-stf\\\/#listItem\",\"position\":3,\"name\":\"Tarc\\u00edsio, Zema, Caiado e Ratinho Jr. se ausentam de ato pr\\u00f3-Bolsonaro e contra STF\",\"previousItem\":{\"@type\":\"ListItem\",\"@id\":\"https:\\\/\\\/serrafm879.com.br\\\/serrafm\\\/categoria\\\/noticias\\\/#listItem\",\"name\":\"Not\\u00edcias\"}}]},{\"@type\":\"Organization\",\"@id\":\"https:\\\/\\\/serrafm879.com.br\\\/serrafm\\\/#organization\",\"name\":\"Serra FM 87,9\",\"description\":\"O seu novo amor!\",\"url\":\"https:\\\/\\\/serrafm879.com.br\\\/serrafm\\\/\"},{\"@type\":\"Person\",\"@id\":\"https:\\\/\\\/serrafm879.com.br\\\/serrafm\\\/author\\\/serrafm87\\\/#author\",\"url\":\"https:\\\/\\\/serrafm879.com.br\\\/serrafm\\\/author\\\/serrafm87\\\/\",\"name\":\"serrafm87\",\"image\":{\"@type\":\"ImageObject\",\"@id\":\"https:\\\/\\\/serrafm879.com.br\\\/serrafm\\\/2025\\\/08\\\/tarcisio-zema-caiado-e-ratinho-jr-se-ausentam-de-ato-pro-bolsonaro-e-contra-stf\\\/#authorImage\",\"url\":\"https:\\\/\\\/secure.gravatar.com\\\/avatar\\\/a743233f1112d34f48bb3dc9559b76eb930bab8b27175856cba6362608736235?s=96&d=mm&r=g\",\"width\":96,\"height\":96,\"caption\":\"serrafm87\"}},{\"@type\":\"WebPage\",\"@id\":\"https:\\\/\\\/serrafm879.com.br\\\/serrafm\\\/2025\\\/08\\\/tarcisio-zema-caiado-e-ratinho-jr-se-ausentam-de-ato-pro-bolsonaro-e-contra-stf\\\/#webpage\",\"url\":\"https:\\\/\\\/serrafm879.com.br\\\/serrafm\\\/2025\\\/08\\\/tarcisio-zema-caiado-e-ratinho-jr-se-ausentam-de-ato-pro-bolsonaro-e-contra-stf\\\/\",\"name\":\"Tarc\\u00edsio, Zema, Caiado e Ratinho Jr. se ausentam de ato pr\\u00f3-Bolsonaro e contra STF - Serra FM 87,9\",\"description\":\"Governadores esvaziam manifesta\\u00e7\\u00f5es marcadas para domingo em meio a escalada institucional e \\u00e0 crise com os EUA Os principais governadores cotados para disputar a Presid\\u00eancia da Rep\\u00fablica em 2026 n\\u00e3o estar\\u00e3o presentes nas manifesta\\u00e7\\u00f5es convocadas por aliados de Jair Bolsonaro (PL) em diversas cidades do pa\\u00eds, no pr\\u00f3ximo domingo (3). Tarc\\u00edsio de Freitas (Republicanos), Romeu\",\"inLanguage\":\"pt-BR\",\"isPartOf\":{\"@id\":\"https:\\\/\\\/serrafm879.com.br\\\/serrafm\\\/#website\"},\"breadcrumb\":{\"@id\":\"https:\\\/\\\/serrafm879.com.br\\\/serrafm\\\/2025\\\/08\\\/tarcisio-zema-caiado-e-ratinho-jr-se-ausentam-de-ato-pro-bolsonaro-e-contra-stf\\\/#breadcrumblist\"},\"author\":{\"@id\":\"https:\\\/\\\/serrafm879.com.br\\\/serrafm\\\/author\\\/serrafm87\\\/#author\"},\"creator\":{\"@id\":\"https:\\\/\\\/serrafm879.com.br\\\/serrafm\\\/author\\\/serrafm87\\\/#author\"},\"image\":{\"@type\":\"ImageObject\",\"url\":\"https:\\\/\\\/serrafm879.com.br\\\/serrafm\\\/wp-content\\\/uploads\\\/2025\\\/08\\\/fotos-enquadramento-capa-2025-08-01t150932851.jpg\",\"@id\":\"https:\\\/\\\/serrafm879.com.br\\\/serrafm\\\/2025\\\/08\\\/tarcisio-zema-caiado-e-ratinho-jr-se-ausentam-de-ato-pro-bolsonaro-e-contra-stf\\\/#mainImage\",\"width\":800,\"height\":600},\"primaryImageOfPage\":{\"@id\":\"https:\\\/\\\/serrafm879.com.br\\\/serrafm\\\/2025\\\/08\\\/tarcisio-zema-caiado-e-ratinho-jr-se-ausentam-de-ato-pro-bolsonaro-e-contra-stf\\\/#mainImage\"},\"datePublished\":\"2025-08-03T20:49:10-03:00\",\"dateModified\":\"2025-08-03T20:49:10-03:00\"},{\"@type\":\"WebSite\",\"@id\":\"https:\\\/\\\/serrafm879.com.br\\\/serrafm\\\/#website\",\"url\":\"https:\\\/\\\/serrafm879.com.br\\\/serrafm\\\/\",\"name\":\"Serra FM 87,9\",\"description\":\"O seu novo amor!\",\"inLanguage\":\"pt-BR\",\"publisher\":{\"@id\":\"https:\\\/\\\/serrafm879.com.br\\\/serrafm\\\/#organization\"}}]}\n\t\t<\/script>\n\t\t<!-- All in One SEO -->\n\n","aioseo_head_json":{"title":"Tarc\u00edsio, Zema, Caiado e Ratinho Jr. se ausentam de ato pr\u00f3-Bolsonaro e contra STF - Serra FM 87,9","description":"Governadores esvaziam manifesta\u00e7\u00f5es marcadas para domingo em meio a escalada institucional e \u00e0 crise com os EUA Os principais governadores cotados para disputar a Presid\u00eancia da Rep\u00fablica em 2026 n\u00e3o estar\u00e3o presentes nas manifesta\u00e7\u00f5es convocadas por aliados de Jair Bolsonaro (PL) em diversas cidades do pa\u00eds, no pr\u00f3ximo domingo (3). Tarc\u00edsio de Freitas (Republicanos), Romeu","canonical_url":"https:\/\/serrafm879.com.br\/serrafm\/2025\/08\/tarcisio-zema-caiado-e-ratinho-jr-se-ausentam-de-ato-pro-bolsonaro-e-contra-stf\/","robots":"max-image-preview:large","keywords":"","webmasterTools":{"miscellaneous":""},"schema":{"@context":"https:\/\/schema.org","@graph":[{"@type":"BlogPosting","@id":"https:\/\/serrafm879.com.br\/serrafm\/2025\/08\/tarcisio-zema-caiado-e-ratinho-jr-se-ausentam-de-ato-pro-bolsonaro-e-contra-stf\/#blogposting","name":"Tarc\u00edsio, Zema, Caiado e Ratinho Jr. se ausentam de ato pr\u00f3-Bolsonaro e contra STF - Serra FM 87,9","headline":"Tarc\u00edsio, Zema, Caiado e Ratinho Jr. se ausentam de ato pr\u00f3-Bolsonaro e contra STF","author":{"@id":"https:\/\/serrafm879.com.br\/serrafm\/author\/serrafm87\/#author"},"publisher":{"@id":"https:\/\/serrafm879.com.br\/serrafm\/#organization"},"image":{"@type":"ImageObject","url":"https:\/\/serrafm879.com.br\/serrafm\/wp-content\/uploads\/2025\/08\/fotos-enquadramento-capa-2025-08-01t150932851.jpg","width":800,"height":600},"datePublished":"2025-08-03T20:49:10-03:00","dateModified":"2025-08-03T20:49:10-03:00","inLanguage":"pt-BR","mainEntityOfPage":{"@id":"https:\/\/serrafm879.com.br\/serrafm\/2025\/08\/tarcisio-zema-caiado-e-ratinho-jr-se-ausentam-de-ato-pro-bolsonaro-e-contra-stf\/#webpage"},"isPartOf":{"@id":"https:\/\/serrafm879.com.br\/serrafm\/2025\/08\/tarcisio-zema-caiado-e-ratinho-jr-se-ausentam-de-ato-pro-bolsonaro-e-contra-stf\/#webpage"},"articleSection":"Not\u00edcias"},{"@type":"BreadcrumbList","@id":"https:\/\/serrafm879.com.br\/serrafm\/2025\/08\/tarcisio-zema-caiado-e-ratinho-jr-se-ausentam-de-ato-pro-bolsonaro-e-contra-stf\/#breadcrumblist","itemListElement":[{"@type":"ListItem","@id":"https:\/\/serrafm879.com.br\/serrafm#listItem","position":1,"name":"Home","item":"https:\/\/serrafm879.com.br\/serrafm","nextItem":{"@type":"ListItem","@id":"https:\/\/serrafm879.com.br\/serrafm\/categoria\/noticias\/#listItem","name":"Not\u00edcias"}},{"@type":"ListItem","@id":"https:\/\/serrafm879.com.br\/serrafm\/categoria\/noticias\/#listItem","position":2,"name":"Not\u00edcias","item":"https:\/\/serrafm879.com.br\/serrafm\/categoria\/noticias\/","nextItem":{"@type":"ListItem","@id":"https:\/\/serrafm879.com.br\/serrafm\/2025\/08\/tarcisio-zema-caiado-e-ratinho-jr-se-ausentam-de-ato-pro-bolsonaro-e-contra-stf\/#listItem","name":"Tarc\u00edsio, Zema, Caiado e Ratinho Jr. se ausentam de ato pr\u00f3-Bolsonaro e contra STF"},"previousItem":{"@type":"ListItem","@id":"https:\/\/serrafm879.com.br\/serrafm#listItem","name":"Home"}},{"@type":"ListItem","@id":"https:\/\/serrafm879.com.br\/serrafm\/2025\/08\/tarcisio-zema-caiado-e-ratinho-jr-se-ausentam-de-ato-pro-bolsonaro-e-contra-stf\/#listItem","position":3,"name":"Tarc\u00edsio, Zema, Caiado e Ratinho Jr. se ausentam de ato pr\u00f3-Bolsonaro e contra STF","previousItem":{"@type":"ListItem","@id":"https:\/\/serrafm879.com.br\/serrafm\/categoria\/noticias\/#listItem","name":"Not\u00edcias"}}]},{"@type":"Organization","@id":"https:\/\/serrafm879.com.br\/serrafm\/#organization","name":"Serra FM 87,9","description":"O seu novo amor!","url":"https:\/\/serrafm879.com.br\/serrafm\/"},{"@type":"Person","@id":"https:\/\/serrafm879.com.br\/serrafm\/author\/serrafm87\/#author","url":"https:\/\/serrafm879.com.br\/serrafm\/author\/serrafm87\/","name":"serrafm87","image":{"@type":"ImageObject","@id":"https:\/\/serrafm879.com.br\/serrafm\/2025\/08\/tarcisio-zema-caiado-e-ratinho-jr-se-ausentam-de-ato-pro-bolsonaro-e-contra-stf\/#authorImage","url":"https:\/\/secure.gravatar.com\/avatar\/a743233f1112d34f48bb3dc9559b76eb930bab8b27175856cba6362608736235?s=96&d=mm&r=g","width":96,"height":96,"caption":"serrafm87"}},{"@type":"WebPage","@id":"https:\/\/serrafm879.com.br\/serrafm\/2025\/08\/tarcisio-zema-caiado-e-ratinho-jr-se-ausentam-de-ato-pro-bolsonaro-e-contra-stf\/#webpage","url":"https:\/\/serrafm879.com.br\/serrafm\/2025\/08\/tarcisio-zema-caiado-e-ratinho-jr-se-ausentam-de-ato-pro-bolsonaro-e-contra-stf\/","name":"Tarc\u00edsio, Zema, Caiado e Ratinho Jr. se ausentam de ato pr\u00f3-Bolsonaro e contra STF - Serra FM 87,9","description":"Governadores esvaziam manifesta\u00e7\u00f5es marcadas para domingo em meio a escalada institucional e \u00e0 crise com os EUA Os principais governadores cotados para disputar a Presid\u00eancia da Rep\u00fablica em 2026 n\u00e3o estar\u00e3o presentes nas manifesta\u00e7\u00f5es convocadas por aliados de Jair Bolsonaro (PL) em diversas cidades do pa\u00eds, no pr\u00f3ximo domingo (3). Tarc\u00edsio de Freitas (Republicanos), Romeu","inLanguage":"pt-BR","isPartOf":{"@id":"https:\/\/serrafm879.com.br\/serrafm\/#website"},"breadcrumb":{"@id":"https:\/\/serrafm879.com.br\/serrafm\/2025\/08\/tarcisio-zema-caiado-e-ratinho-jr-se-ausentam-de-ato-pro-bolsonaro-e-contra-stf\/#breadcrumblist"},"author":{"@id":"https:\/\/serrafm879.com.br\/serrafm\/author\/serrafm87\/#author"},"creator":{"@id":"https:\/\/serrafm879.com.br\/serrafm\/author\/serrafm87\/#author"},"image":{"@type":"ImageObject","url":"https:\/\/serrafm879.com.br\/serrafm\/wp-content\/uploads\/2025\/08\/fotos-enquadramento-capa-2025-08-01t150932851.jpg","@id":"https:\/\/serrafm879.com.br\/serrafm\/2025\/08\/tarcisio-zema-caiado-e-ratinho-jr-se-ausentam-de-ato-pro-bolsonaro-e-contra-stf\/#mainImage","width":800,"height":600},"primaryImageOfPage":{"@id":"https:\/\/serrafm879.com.br\/serrafm\/2025\/08\/tarcisio-zema-caiado-e-ratinho-jr-se-ausentam-de-ato-pro-bolsonaro-e-contra-stf\/#mainImage"},"datePublished":"2025-08-03T20:49:10-03:00","dateModified":"2025-08-03T20:49:10-03:00"},{"@type":"WebSite","@id":"https:\/\/serrafm879.com.br\/serrafm\/#website","url":"https:\/\/serrafm879.com.br\/serrafm\/","name":"Serra FM 87,9","description":"O seu novo amor!","inLanguage":"pt-BR","publisher":{"@id":"https:\/\/serrafm879.com.br\/serrafm\/#organization"}}]},"twitter:card":"summary_large_image","twitter:title":"Tarc\u00edsio, Zema, Caiado e Ratinho Jr. se ausentam de ato pr\u00f3-Bolsonaro e contra STF - Serra FM 87,9","twitter:description":"Governadores esvaziam manifesta\u00e7\u00f5es marcadas para domingo em meio a escalada institucional e \u00e0 crise com os EUA Os principais governadores cotados para disputar a Presid\u00eancia da Rep\u00fablica em 2026 n\u00e3o estar\u00e3o presentes nas manifesta\u00e7\u00f5es convocadas por aliados de Jair Bolsonaro (PL) em diversas cidades do pa\u00eds, no pr\u00f3ximo domingo (3). Tarc\u00edsio de Freitas (Republicanos), Romeu","twitter:image":"https:\/\/serrafm879.com.br\/serrafm\/wp-content\/uploads\/2025\/08\/fotos-enquadramento-capa-2025-08-01t150932851.jpg"},"aioseo_meta_data":{"post_id":"23581","title":null,"description":null,"keywords":null,"keyphrases":null,"primary_term":null,"canonical_url":null,"og_title":null,"og_description":null,"og_object_type":"default","og_image_type":"default","og_image_custom_url":null,"og_image_custom_fields":null,"og_image_url":null,"og_image_width":null,"og_image_height":null,"og_video":null,"og_custom_url":null,"og_article_section":null,"og_article_tags":null,"twitter_use_og":false,"twitter_card":"default","twitter_image_type":"default","twitter_image_custom_url":null,"twitter_image_custom_fields":null,"twitter_image_url":null,"twitter_title":null,"twitter_description":null,"schema_type":"default","schema_type_options":null,"schema":{"blockGraphs":[],"customGraphs":[],"default":{"data":{"Article":[],"Course":[],"Dataset":[],"FAQPage":[],"Movie":[],"Person":[],"Product":[],"ProductReview":[],"Car":[],"Recipe":[],"Service":[],"SoftwareApplication":[],"WebPage":[]},"graphName":"","isEnabled":true},"graphs":[]},"pillar_content":false,"robots_default":true,"robots_noindex":false,"robots_noarchive":false,"robots_nosnippet":false,"robots_nofollow":false,"robots_noimageindex":false,"robots_noodp":false,"robots_notranslate":false,"robots_max_snippet":null,"robots_max_videopreview":null,"robots_max_imagepreview":"large","priority":null,"frequency":null,"local_seo":null,"limit_modified_date":false,"ai":null,"breadcrumb_settings":null,"seo_analyzer_scan_date":null,"created":"2026-07-21 16:32:55","updated":"2026-07-21 16:32:55"},"aioseo_breadcrumb":"<div class=\"aioseo-breadcrumbs\"><span class=\"aioseo-breadcrumb\">\n\t\t\t<a href=\"https:\/\/serrafm879.com.br\/serrafm\" title=\"Home\">Home<\/a>\n\t\t<\/span><span class=\"aioseo-breadcrumb-separator\">&raquo;<\/span><span class=\"aioseo-breadcrumb\">\n\t\t\t<a href=\"https:\/\/serrafm879.com.br\/serrafm\/categoria\/noticias\/\" title=\"Not\u00edcias\">Not\u00edcias<\/a>\n\t\t<\/span><span class=\"aioseo-breadcrumb-separator\">&raquo;<\/span><span class=\"aioseo-breadcrumb\">\n\t\t\tTarc\u00edsio, Zema, Caiado e Ratinho Jr. se ausentam de ato pr\u00f3-Bolsonaro e contra STF\n\t\t<\/span><\/div>","aioseo_breadcrumb_json":[{"label":"Home","link":"https:\/\/serrafm879.com.br\/serrafm"},{"label":"Not\u00edcias","link":"https:\/\/serrafm879.com.br\/serrafm\/categoria\/noticias\/"},{"label":"Tarc\u00edsio, Zema, Caiado e Ratinho Jr. se ausentam de ato pr\u00f3-Bolsonaro e contra STF","link":"https:\/\/serrafm879.com.br\/serrafm\/2025\/08\/tarcisio-zema-caiado-e-ratinho-jr-se-ausentam-de-ato-pro-bolsonaro-e-contra-stf\/"}],"jetpack_publicize_connections":[],"jetpack_featured_media_url":"https:\/\/serrafm879.com.br\/serrafm\/wp-content\/uploads\/2025\/08\/fotos-enquadramento-capa-2025-08-01t150932851.jpg","jetpack_shortlink":"https:\/\/wp.me\/p7HyXg-68l","jetpack_sharing_enabled":true,"_links":{"self":[{"href":"https:\/\/serrafm879.com.br\/serrafm\/wp-json\/wp\/v2\/posts\/23581","targetHints":{"allow":["GET"]}}],"collection":[{"href":"https:\/\/serrafm879.com.br\/serrafm\/wp-json\/wp\/v2\/posts"}],"about":[{"href":"https:\/\/serrafm879.com.br\/serrafm\/wp-json\/wp\/v2\/types\/post"}],"author":[{"embeddable":true,"href":"https:\/\/serrafm879.com.br\/serrafm\/wp-json\/wp\/v2\/users\/2"}],"replies":[{"embeddable":true,"href":"https:\/\/serrafm879.com.br\/serrafm\/wp-json\/wp\/v2\/comments?post=23581"}],"version-history":[{"count":1,"href":"https:\/\/serrafm879.com.br\/serrafm\/wp-json\/wp\/v2\/posts\/23581\/revisions"}],"predecessor-version":[{"id":23583,"href":"https:\/\/serrafm879.com.br\/serrafm\/wp-json\/wp\/v2\/posts\/23581\/revisions\/23583"}],"wp:featuredmedia":[{"embeddable":true,"href":"https:\/\/serrafm879.com.br\/serrafm\/wp-json\/wp\/v2\/media\/23582"}],"wp:attachment":[{"href":"https:\/\/serrafm879.com.br\/serrafm\/wp-json\/wp\/v2\/media?parent=23581"}],"wp:term":[{"taxonomy":"category","embeddable":true,"href":"https:\/\/serrafm879.com.br\/serrafm\/wp-json\/wp\/v2\/categories?post=23581"},{"taxonomy":"post_tag","embeddable":true,"href":"https:\/\/serrafm879.com.br\/serrafm\/wp-json\/wp\/v2\/tags?post=23581"}],"curies":[{"name":"wp","href":"https:\/\/api.w.org\/{rel}","templated":true}]}}