{"id":23595,"date":"2025-08-04T11:21:21","date_gmt":"2025-08-04T14:21:21","guid":{"rendered":"https:\/\/serrafm879.com.br\/serrafm\/?p=23595"},"modified":"2025-08-04T11:21:21","modified_gmt":"2025-08-04T14:21:21","slug":"tres-regioes-de-pernambuco-tem-alerta-de-chuva-da-apac","status":"publish","type":"post","link":"https:\/\/serrafm879.com.br\/serrafm\/2025\/08\/tres-regioes-de-pernambuco-tem-alerta-de-chuva-da-apac\/","title":{"rendered":"Tr\u00eas regi\u00f5es de Pernambuco t\u00eam alerta de chuva da Apac"},"content":{"rendered":"<p><strong>Do Di\u00e1rio de Pernambuco<\/strong><\/p>\n<p>Tr\u00eas regi\u00f5es de\u00a0Pernambuco\u00a0est\u00e3o em estagio de observa\u00e7\u00e3o por causa das chuvas. \u00c9 o que aponta um alerta da Ag\u00eancia Pernambucana de \u00c1guas e Clima (Apac), divulgado no fim da noite de domingo (3).<\/p>\n<p>O alerta vale at\u00e9 as 23h38 desta segunda (4) para o Grande Recife e as Zonas da Mata Norte e Sul.<\/p>\n<p>Ainda segundo a Apac, est\u00e3o previstas chuvas moderadas nessas \u00e1reas.<\/p>\n<p>\u201cCanal de umidade dever\u00e1 favorecer a ocorr\u00eancia de pancadas de chuva nesta segunda-feira (04\/08) nas regi\u00f5es Metropolitana do Recife, Mata Norte e Mata Sul. Na regi\u00e3o do Agreste tamb\u00e9m tem previs\u00e3o de chuva, mas com intensidade de fraca a moderada\u201d, informou a ag\u00eancia, em suas redes sociais.<\/p>\n<h2>Maiores acumulados em 12 horas<\/h2>\n<p>A Apac registrou acumulados de chuva entre 17h de domingo e 5h desta segunda. Vejas os locais com mais precipita\u00e7\u00f5es no per\u00edodo.<\/p>\n<p>Barreiros | 100,2 mm (Hospital Municipal)<br \/>\nBarreiros | 57,05 mm (Banco Brasil)<br \/>\nTriunfo | 52,88 mm (COMPESA \u2013 APAC)<br \/>\nTamandar\u00e9 | 47,92 mm (Sau\u00e9 \u2013 APAC)<br \/>\nS\u00e3o Jos\u00e9 da Coroa Grande | 44,62 mm (Faz. Boca do Rio \u2013 APAC)<br \/>\nRio Formoso | 36,27 mm (Assentamento Minguito \u2013 APAC)<br \/>\nTamandar\u00e9 | 34,06 mm (PSF \u2013 APAC)<br \/>\nPaulista | 28,84 mm (Vila Torres Galv\u00e3o)<br \/>\nCust\u00f3dia | 28,35 mm (COMPESA \u2013 APAC)<br \/>\nFlores | 28,04 mm (R\u00e1dio Florescer \u2013 Apac)<br \/>\nXex\u00e9u | 27,25 mm (SAAE)<br \/>\nPalmares | 25,49 mm (Sto Antonio Palmares \u2013 APAC)<br \/>\nS\u00e3o Benedito do Sul | 25,21 mm (ETA Compesa)<br \/>\nIgarassu | 25,01 mm (Alto do C\u00e9u)<br \/>\nBonito | 22,96 mm (BONITO 2 \u2013 APAC)<br \/>\nSanta Terezinha | 22,28 mm (Posto de Sa\u00fade \u2013 Apac)<br \/>\nManari | 21,87 mm (Escola Maria Alzira \u2013 Apac)<br \/>\nSolid\u00e3o | 20,84 mm (SOLIDAO \u2013 APAC)<br \/>\nIgarassu | 20,55 mm (Cruz de Rebou\u00e7as*)<\/p>\n","protected":false},"excerpt":{"rendered":"<p>Do Di\u00e1rio de Pernambuco Tr\u00eas regi\u00f5es de\u00a0Pernambuco\u00a0est\u00e3o em estagio de observa\u00e7\u00e3o por causa das chuvas. \u00c9 o que aponta um alerta da Ag\u00eancia Pernambucana de \u00c1guas e Clima (Apac), divulgado no fim da noite de domingo (3). O alerta vale at\u00e9 as 23h38 desta segunda (4) para o Grande Recife e as Zonas da Mata Norte e Sul. Ainda segundo a Apac, est\u00e3o previstas chuvas moderadas nessas \u00e1reas. \u201cCanal de umidade dever\u00e1 favorecer a ocorr\u00eancia de pancadas de chuva nesta segunda-feira (04\/08) nas regi\u00f5es Metropolitana do Recife, Mata Norte e Mata Sul. Na regi\u00e3o do Agreste tamb\u00e9m tem previs\u00e3o de [&hellip;]<\/p>\n","protected":false},"author":2,"featured_media":20164,"comment_status":"open","ping_status":"open","sticky":false,"template":"","format":"standard","meta":{"_jetpack_newsletter_access":"","_jetpack_dont_email_post_to_subs":false,"_jetpack_newsletter_tier_id":0,"_jetpack_memberships_contains_paywalled_content":false,"_jetpack_feature_clip_id":0,"_jetpack_memberships_contains_paid_content":false,"footnotes":"","jetpack_publicize_message":"","jetpack_publicize_feature_enabled":true,"jetpack_social_post_already_shared":true,"jetpack_social_options":{"image_generator_settings":{"template":"highway","default_image_id":0,"font":"","enabled":false},"version":2},"jetpack_post_was_ever_published":false},"categories":[2],"tags":[],"class_list":["post-23595","post","type-post","status-publish","format-standard","has-post-thumbnail","hentry","category-noticias"],"aioseo_notices":[],"aioseo_head":"\n\t\t<!-- All in One SEO 4.9.10 - aioseo.com -->\n\t<meta name=\"description\" content=\"Do Di\u00e1rio de Pernambuco Tr\u00eas regi\u00f5es de Pernambuco est\u00e3o em estagio de observa\u00e7\u00e3o por causa das chuvas. \u00c9 o que aponta um alerta da Ag\u00eancia Pernambucana de \u00c1guas e Clima (Apac), divulgado no fim da noite de domingo (3). O alerta vale at\u00e9 as 23h38 desta segunda (4) para o Grande Recife e as Zonas da Mata\" \/>\n\t<meta name=\"robots\" content=\"max-image-preview:large\" \/>\n\t<meta name=\"author\" content=\"serrafm87\"\/>\n\t<link rel=\"canonical\" href=\"https:\/\/serrafm879.com.br\/serrafm\/2025\/08\/tres-regioes-de-pernambuco-tem-alerta-de-chuva-da-apac\/\" \/>\n\t<meta name=\"generator\" content=\"All in One SEO (AIOSEO) 4.9.10\" \/>\n\t\t<meta name=\"twitter:card\" content=\"summary_large_image\" \/>\n\t\t<meta name=\"twitter:title\" content=\"Tr\u00eas regi\u00f5es de Pernambuco t\u00eam alerta de chuva da Apac - Serra FM 87,9\" \/>\n\t\t<meta name=\"twitter:description\" content=\"Do Di\u00e1rio de Pernambuco Tr\u00eas regi\u00f5es de Pernambuco est\u00e3o em estagio de observa\u00e7\u00e3o por causa das chuvas. \u00c9 o que aponta um alerta da Ag\u00eancia Pernambucana de \u00c1guas e Clima (Apac), divulgado no fim da noite de domingo (3). O alerta vale at\u00e9 as 23h38 desta segunda (4) para o Grande Recife e as Zonas da Mata\" \/>\n\t\t<meta name=\"twitter:image\" content=\"https:\/\/serrafm879.com.br\/serrafm\/wp-content\/uploads\/2025\/01\/chuvas.jpg\" \/>\n\t\t<script type=\"application\/ld+json\" class=\"aioseo-schema\">\n\t\t\t{\"@context\":\"https:\\\/\\\/schema.org\",\"@graph\":[{\"@type\":\"BlogPosting\",\"@id\":\"https:\\\/\\\/serrafm879.com.br\\\/serrafm\\\/2025\\\/08\\\/tres-regioes-de-pernambuco-tem-alerta-de-chuva-da-apac\\\/#blogposting\",\"name\":\"Tr\\u00eas regi\\u00f5es de Pernambuco t\\u00eam alerta de chuva da Apac - Serra FM 87,9\",\"headline\":\"Tr\\u00eas regi\\u00f5es de Pernambuco t\\u00eam alerta de chuva da Apac\",\"author\":{\"@id\":\"https:\\\/\\\/serrafm879.com.br\\\/serrafm\\\/author\\\/serrafm87\\\/#author\"},\"publisher\":{\"@id\":\"https:\\\/\\\/serrafm879.com.br\\\/serrafm\\\/#organization\"},\"image\":{\"@type\":\"ImageObject\",\"url\":\"https:\\\/\\\/serrafm879.com.br\\\/serrafm\\\/wp-content\\\/uploads\\\/2025\\\/01\\\/chuvas.jpg\",\"width\":768,\"height\":427},\"datePublished\":\"2025-08-04T11:21:21-03:00\",\"dateModified\":\"2025-08-04T11:21:21-03:00\",\"inLanguage\":\"pt-BR\",\"mainEntityOfPage\":{\"@id\":\"https:\\\/\\\/serrafm879.com.br\\\/serrafm\\\/2025\\\/08\\\/tres-regioes-de-pernambuco-tem-alerta-de-chuva-da-apac\\\/#webpage\"},\"isPartOf\":{\"@id\":\"https:\\\/\\\/serrafm879.com.br\\\/serrafm\\\/2025\\\/08\\\/tres-regioes-de-pernambuco-tem-alerta-de-chuva-da-apac\\\/#webpage\"},\"articleSection\":\"Not\\u00edcias\"},{\"@type\":\"BreadcrumbList\",\"@id\":\"https:\\\/\\\/serrafm879.com.br\\\/serrafm\\\/2025\\\/08\\\/tres-regioes-de-pernambuco-tem-alerta-de-chuva-da-apac\\\/#breadcrumblist\",\"itemListElement\":[{\"@type\":\"ListItem\",\"@id\":\"https:\\\/\\\/serrafm879.com.br\\\/serrafm#listItem\",\"position\":1,\"name\":\"Home\",\"item\":\"https:\\\/\\\/serrafm879.com.br\\\/serrafm\",\"nextItem\":{\"@type\":\"ListItem\",\"@id\":\"https:\\\/\\\/serrafm879.com.br\\\/serrafm\\\/categoria\\\/noticias\\\/#listItem\",\"name\":\"Not\\u00edcias\"}},{\"@type\":\"ListItem\",\"@id\":\"https:\\\/\\\/serrafm879.com.br\\\/serrafm\\\/categoria\\\/noticias\\\/#listItem\",\"position\":2,\"name\":\"Not\\u00edcias\",\"item\":\"https:\\\/\\\/serrafm879.com.br\\\/serrafm\\\/categoria\\\/noticias\\\/\",\"nextItem\":{\"@type\":\"ListItem\",\"@id\":\"https:\\\/\\\/serrafm879.com.br\\\/serrafm\\\/2025\\\/08\\\/tres-regioes-de-pernambuco-tem-alerta-de-chuva-da-apac\\\/#listItem\",\"name\":\"Tr\\u00eas regi\\u00f5es de Pernambuco t\\u00eam alerta de chuva da Apac\"},\"previousItem\":{\"@type\":\"ListItem\",\"@id\":\"https:\\\/\\\/serrafm879.com.br\\\/serrafm#listItem\",\"name\":\"Home\"}},{\"@type\":\"ListItem\",\"@id\":\"https:\\\/\\\/serrafm879.com.br\\\/serrafm\\\/2025\\\/08\\\/tres-regioes-de-pernambuco-tem-alerta-de-chuva-da-apac\\\/#listItem\",\"position\":3,\"name\":\"Tr\\u00eas regi\\u00f5es de Pernambuco t\\u00eam alerta de chuva da Apac\",\"previousItem\":{\"@type\":\"ListItem\",\"@id\":\"https:\\\/\\\/serrafm879.com.br\\\/serrafm\\\/categoria\\\/noticias\\\/#listItem\",\"name\":\"Not\\u00edcias\"}}]},{\"@type\":\"Organization\",\"@id\":\"https:\\\/\\\/serrafm879.com.br\\\/serrafm\\\/#organization\",\"name\":\"Serra FM 87,9\",\"description\":\"O seu novo amor!\",\"url\":\"https:\\\/\\\/serrafm879.com.br\\\/serrafm\\\/\"},{\"@type\":\"Person\",\"@id\":\"https:\\\/\\\/serrafm879.com.br\\\/serrafm\\\/author\\\/serrafm87\\\/#author\",\"url\":\"https:\\\/\\\/serrafm879.com.br\\\/serrafm\\\/author\\\/serrafm87\\\/\",\"name\":\"serrafm87\",\"image\":{\"@type\":\"ImageObject\",\"@id\":\"https:\\\/\\\/serrafm879.com.br\\\/serrafm\\\/2025\\\/08\\\/tres-regioes-de-pernambuco-tem-alerta-de-chuva-da-apac\\\/#authorImage\",\"url\":\"https:\\\/\\\/secure.gravatar.com\\\/avatar\\\/a743233f1112d34f48bb3dc9559b76eb930bab8b27175856cba6362608736235?s=96&d=mm&r=g\",\"width\":96,\"height\":96,\"caption\":\"serrafm87\"}},{\"@type\":\"WebPage\",\"@id\":\"https:\\\/\\\/serrafm879.com.br\\\/serrafm\\\/2025\\\/08\\\/tres-regioes-de-pernambuco-tem-alerta-de-chuva-da-apac\\\/#webpage\",\"url\":\"https:\\\/\\\/serrafm879.com.br\\\/serrafm\\\/2025\\\/08\\\/tres-regioes-de-pernambuco-tem-alerta-de-chuva-da-apac\\\/\",\"name\":\"Tr\\u00eas regi\\u00f5es de Pernambuco t\\u00eam alerta de chuva da Apac - Serra FM 87,9\",\"description\":\"Do Di\\u00e1rio de Pernambuco Tr\\u00eas regi\\u00f5es de Pernambuco est\\u00e3o em estagio de observa\\u00e7\\u00e3o por causa das chuvas. \\u00c9 o que aponta um alerta da Ag\\u00eancia Pernambucana de \\u00c1guas e Clima (Apac), divulgado no fim da noite de domingo (3). O alerta vale at\\u00e9 as 23h38 desta segunda (4) para o Grande Recife e as Zonas da Mata\",\"inLanguage\":\"pt-BR\",\"isPartOf\":{\"@id\":\"https:\\\/\\\/serrafm879.com.br\\\/serrafm\\\/#website\"},\"breadcrumb\":{\"@id\":\"https:\\\/\\\/serrafm879.com.br\\\/serrafm\\\/2025\\\/08\\\/tres-regioes-de-pernambuco-tem-alerta-de-chuva-da-apac\\\/#breadcrumblist\"},\"author\":{\"@id\":\"https:\\\/\\\/serrafm879.com.br\\\/serrafm\\\/author\\\/serrafm87\\\/#author\"},\"creator\":{\"@id\":\"https:\\\/\\\/serrafm879.com.br\\\/serrafm\\\/author\\\/serrafm87\\\/#author\"},\"image\":{\"@type\":\"ImageObject\",\"url\":\"https:\\\/\\\/serrafm879.com.br\\\/serrafm\\\/wp-content\\\/uploads\\\/2025\\\/01\\\/chuvas.jpg\",\"@id\":\"https:\\\/\\\/serrafm879.com.br\\\/serrafm\\\/2025\\\/08\\\/tres-regioes-de-pernambuco-tem-alerta-de-chuva-da-apac\\\/#mainImage\",\"width\":768,\"height\":427},\"primaryImageOfPage\":{\"@id\":\"https:\\\/\\\/serrafm879.com.br\\\/serrafm\\\/2025\\\/08\\\/tres-regioes-de-pernambuco-tem-alerta-de-chuva-da-apac\\\/#mainImage\"},\"datePublished\":\"2025-08-04T11:21:21-03:00\",\"dateModified\":\"2025-08-04T11:21:21-03:00\"},{\"@type\":\"WebSite\",\"@id\":\"https:\\\/\\\/serrafm879.com.br\\\/serrafm\\\/#website\",\"url\":\"https:\\\/\\\/serrafm879.com.br\\\/serrafm\\\/\",\"name\":\"Serra FM 87,9\",\"description\":\"O seu novo amor!\",\"inLanguage\":\"pt-BR\",\"publisher\":{\"@id\":\"https:\\\/\\\/serrafm879.com.br\\\/serrafm\\\/#organization\"}}]}\n\t\t<\/script>\n\t\t<!-- All in One SEO -->\n\n","aioseo_head_json":{"title":"Tr\u00eas regi\u00f5es de Pernambuco t\u00eam alerta de chuva da Apac - Serra FM 87,9","description":"Do Di\u00e1rio de Pernambuco Tr\u00eas regi\u00f5es de Pernambuco est\u00e3o em estagio de observa\u00e7\u00e3o por causa das chuvas. \u00c9 o que aponta um alerta da Ag\u00eancia Pernambucana de \u00c1guas e Clima (Apac), divulgado no fim da noite de domingo (3). O alerta vale at\u00e9 as 23h38 desta segunda (4) para o Grande Recife e as Zonas da Mata","canonical_url":"https:\/\/serrafm879.com.br\/serrafm\/2025\/08\/tres-regioes-de-pernambuco-tem-alerta-de-chuva-da-apac\/","robots":"max-image-preview:large","keywords":"","webmasterTools":{"miscellaneous":""},"schema":{"@context":"https:\/\/schema.org","@graph":[{"@type":"BlogPosting","@id":"https:\/\/serrafm879.com.br\/serrafm\/2025\/08\/tres-regioes-de-pernambuco-tem-alerta-de-chuva-da-apac\/#blogposting","name":"Tr\u00eas regi\u00f5es de Pernambuco t\u00eam alerta de chuva da Apac - Serra FM 87,9","headline":"Tr\u00eas regi\u00f5es de Pernambuco t\u00eam alerta de chuva da Apac","author":{"@id":"https:\/\/serrafm879.com.br\/serrafm\/author\/serrafm87\/#author"},"publisher":{"@id":"https:\/\/serrafm879.com.br\/serrafm\/#organization"},"image":{"@type":"ImageObject","url":"https:\/\/serrafm879.com.br\/serrafm\/wp-content\/uploads\/2025\/01\/chuvas.jpg","width":768,"height":427},"datePublished":"2025-08-04T11:21:21-03:00","dateModified":"2025-08-04T11:21:21-03:00","inLanguage":"pt-BR","mainEntityOfPage":{"@id":"https:\/\/serrafm879.com.br\/serrafm\/2025\/08\/tres-regioes-de-pernambuco-tem-alerta-de-chuva-da-apac\/#webpage"},"isPartOf":{"@id":"https:\/\/serrafm879.com.br\/serrafm\/2025\/08\/tres-regioes-de-pernambuco-tem-alerta-de-chuva-da-apac\/#webpage"},"articleSection":"Not\u00edcias"},{"@type":"BreadcrumbList","@id":"https:\/\/serrafm879.com.br\/serrafm\/2025\/08\/tres-regioes-de-pernambuco-tem-alerta-de-chuva-da-apac\/#breadcrumblist","itemListElement":[{"@type":"ListItem","@id":"https:\/\/serrafm879.com.br\/serrafm#listItem","position":1,"name":"Home","item":"https:\/\/serrafm879.com.br\/serrafm","nextItem":{"@type":"ListItem","@id":"https:\/\/serrafm879.com.br\/serrafm\/categoria\/noticias\/#listItem","name":"Not\u00edcias"}},{"@type":"ListItem","@id":"https:\/\/serrafm879.com.br\/serrafm\/categoria\/noticias\/#listItem","position":2,"name":"Not\u00edcias","item":"https:\/\/serrafm879.com.br\/serrafm\/categoria\/noticias\/","nextItem":{"@type":"ListItem","@id":"https:\/\/serrafm879.com.br\/serrafm\/2025\/08\/tres-regioes-de-pernambuco-tem-alerta-de-chuva-da-apac\/#listItem","name":"Tr\u00eas regi\u00f5es de Pernambuco t\u00eam alerta de chuva da Apac"},"previousItem":{"@type":"ListItem","@id":"https:\/\/serrafm879.com.br\/serrafm#listItem","name":"Home"}},{"@type":"ListItem","@id":"https:\/\/serrafm879.com.br\/serrafm\/2025\/08\/tres-regioes-de-pernambuco-tem-alerta-de-chuva-da-apac\/#listItem","position":3,"name":"Tr\u00eas regi\u00f5es de Pernambuco t\u00eam alerta de chuva da Apac","previousItem":{"@type":"ListItem","@id":"https:\/\/serrafm879.com.br\/serrafm\/categoria\/noticias\/#listItem","name":"Not\u00edcias"}}]},{"@type":"Organization","@id":"https:\/\/serrafm879.com.br\/serrafm\/#organization","name":"Serra FM 87,9","description":"O seu novo amor!","url":"https:\/\/serrafm879.com.br\/serrafm\/"},{"@type":"Person","@id":"https:\/\/serrafm879.com.br\/serrafm\/author\/serrafm87\/#author","url":"https:\/\/serrafm879.com.br\/serrafm\/author\/serrafm87\/","name":"serrafm87","image":{"@type":"ImageObject","@id":"https:\/\/serrafm879.com.br\/serrafm\/2025\/08\/tres-regioes-de-pernambuco-tem-alerta-de-chuva-da-apac\/#authorImage","url":"https:\/\/secure.gravatar.com\/avatar\/a743233f1112d34f48bb3dc9559b76eb930bab8b27175856cba6362608736235?s=96&d=mm&r=g","width":96,"height":96,"caption":"serrafm87"}},{"@type":"WebPage","@id":"https:\/\/serrafm879.com.br\/serrafm\/2025\/08\/tres-regioes-de-pernambuco-tem-alerta-de-chuva-da-apac\/#webpage","url":"https:\/\/serrafm879.com.br\/serrafm\/2025\/08\/tres-regioes-de-pernambuco-tem-alerta-de-chuva-da-apac\/","name":"Tr\u00eas regi\u00f5es de Pernambuco t\u00eam alerta de chuva da Apac - Serra FM 87,9","description":"Do Di\u00e1rio de Pernambuco Tr\u00eas regi\u00f5es de Pernambuco est\u00e3o em estagio de observa\u00e7\u00e3o por causa das chuvas. \u00c9 o que aponta um alerta da Ag\u00eancia Pernambucana de \u00c1guas e Clima (Apac), divulgado no fim da noite de domingo (3). O alerta vale at\u00e9 as 23h38 desta segunda (4) para o Grande Recife e as Zonas da Mata","inLanguage":"pt-BR","isPartOf":{"@id":"https:\/\/serrafm879.com.br\/serrafm\/#website"},"breadcrumb":{"@id":"https:\/\/serrafm879.com.br\/serrafm\/2025\/08\/tres-regioes-de-pernambuco-tem-alerta-de-chuva-da-apac\/#breadcrumblist"},"author":{"@id":"https:\/\/serrafm879.com.br\/serrafm\/author\/serrafm87\/#author"},"creator":{"@id":"https:\/\/serrafm879.com.br\/serrafm\/author\/serrafm87\/#author"},"image":{"@type":"ImageObject","url":"https:\/\/serrafm879.com.br\/serrafm\/wp-content\/uploads\/2025\/01\/chuvas.jpg","@id":"https:\/\/serrafm879.com.br\/serrafm\/2025\/08\/tres-regioes-de-pernambuco-tem-alerta-de-chuva-da-apac\/#mainImage","width":768,"height":427},"primaryImageOfPage":{"@id":"https:\/\/serrafm879.com.br\/serrafm\/2025\/08\/tres-regioes-de-pernambuco-tem-alerta-de-chuva-da-apac\/#mainImage"},"datePublished":"2025-08-04T11:21:21-03:00","dateModified":"2025-08-04T11:21:21-03:00"},{"@type":"WebSite","@id":"https:\/\/serrafm879.com.br\/serrafm\/#website","url":"https:\/\/serrafm879.com.br\/serrafm\/","name":"Serra FM 87,9","description":"O seu novo amor!","inLanguage":"pt-BR","publisher":{"@id":"https:\/\/serrafm879.com.br\/serrafm\/#organization"}}]},"twitter:card":"summary_large_image","twitter:title":"Tr\u00eas regi\u00f5es de Pernambuco t\u00eam alerta de chuva da Apac - Serra FM 87,9","twitter:description":"Do Di\u00e1rio de Pernambuco Tr\u00eas regi\u00f5es de Pernambuco est\u00e3o em estagio de observa\u00e7\u00e3o por causa das chuvas. \u00c9 o que aponta um alerta da Ag\u00eancia Pernambucana de \u00c1guas e Clima (Apac), divulgado no fim da noite de domingo (3). O alerta vale at\u00e9 as 23h38 desta segunda (4) para o Grande Recife e as Zonas da Mata","twitter:image":"https:\/\/serrafm879.com.br\/serrafm\/wp-content\/uploads\/2025\/01\/chuvas.jpg"},"aioseo_meta_data":{"post_id":"23595","title":null,"description":null,"keywords":null,"keyphrases":null,"primary_term":null,"canonical_url":null,"og_title":null,"og_description":null,"og_object_type":"default","og_image_type":"default","og_image_custom_url":null,"og_image_custom_fields":null,"og_image_url":null,"og_image_width":null,"og_image_height":null,"og_video":null,"og_custom_url":null,"og_article_section":null,"og_article_tags":null,"twitter_use_og":false,"twitter_card":"default","twitter_image_type":"default","twitter_image_custom_url":null,"twitter_image_custom_fields":null,"twitter_image_url":null,"twitter_title":null,"twitter_description":null,"schema_type":"default","schema_type_options":null,"schema":{"blockGraphs":[],"customGraphs":[],"default":{"data":{"Article":[],"Course":[],"Dataset":[],"FAQPage":[],"Movie":[],"Person":[],"Product":[],"ProductReview":[],"Car":[],"Recipe":[],"Service":[],"SoftwareApplication":[],"WebPage":[]},"graphName":"","isEnabled":true},"graphs":[]},"pillar_content":false,"robots_default":true,"robots_noindex":false,"robots_noarchive":false,"robots_nosnippet":false,"robots_nofollow":false,"robots_noimageindex":false,"robots_noodp":false,"robots_notranslate":false,"robots_max_snippet":null,"robots_max_videopreview":null,"robots_max_imagepreview":"large","priority":null,"frequency":null,"local_seo":null,"limit_modified_date":false,"ai":null,"breadcrumb_settings":null,"seo_analyzer_scan_date":null,"created":"2026-07-21 16:32:55","updated":"2026-07-21 16:32:55"},"aioseo_breadcrumb":"<div class=\"aioseo-breadcrumbs\"><span class=\"aioseo-breadcrumb\">\n\t\t\t<a href=\"https:\/\/serrafm879.com.br\/serrafm\" title=\"Home\">Home<\/a>\n\t\t<\/span><span class=\"aioseo-breadcrumb-separator\">&raquo;<\/span><span class=\"aioseo-breadcrumb\">\n\t\t\t<a href=\"https:\/\/serrafm879.com.br\/serrafm\/categoria\/noticias\/\" title=\"Not\u00edcias\">Not\u00edcias<\/a>\n\t\t<\/span><span class=\"aioseo-breadcrumb-separator\">&raquo;<\/span><span class=\"aioseo-breadcrumb\">\n\t\t\tTr\u00eas regi\u00f5es de Pernambuco t\u00eam alerta de chuva da Apac\n\t\t<\/span><\/div>","aioseo_breadcrumb_json":[{"label":"Home","link":"https:\/\/serrafm879.com.br\/serrafm"},{"label":"Not\u00edcias","link":"https:\/\/serrafm879.com.br\/serrafm\/categoria\/noticias\/"},{"label":"Tr\u00eas regi\u00f5es de Pernambuco t\u00eam alerta de chuva da Apac","link":"https:\/\/serrafm879.com.br\/serrafm\/2025\/08\/tres-regioes-de-pernambuco-tem-alerta-de-chuva-da-apac\/"}],"jetpack_publicize_connections":[],"jetpack_featured_media_url":"https:\/\/serrafm879.com.br\/serrafm\/wp-content\/uploads\/2025\/01\/chuvas.jpg","jetpack_shortlink":"https:\/\/wp.me\/p7HyXg-68z","jetpack_sharing_enabled":true,"_links":{"self":[{"href":"https:\/\/serrafm879.com.br\/serrafm\/wp-json\/wp\/v2\/posts\/23595","targetHints":{"allow":["GET"]}}],"collection":[{"href":"https:\/\/serrafm879.com.br\/serrafm\/wp-json\/wp\/v2\/posts"}],"about":[{"href":"https:\/\/serrafm879.com.br\/serrafm\/wp-json\/wp\/v2\/types\/post"}],"author":[{"embeddable":true,"href":"https:\/\/serrafm879.com.br\/serrafm\/wp-json\/wp\/v2\/users\/2"}],"replies":[{"embeddable":true,"href":"https:\/\/serrafm879.com.br\/serrafm\/wp-json\/wp\/v2\/comments?post=23595"}],"version-history":[{"count":1,"href":"https:\/\/serrafm879.com.br\/serrafm\/wp-json\/wp\/v2\/posts\/23595\/revisions"}],"predecessor-version":[{"id":23596,"href":"https:\/\/serrafm879.com.br\/serrafm\/wp-json\/wp\/v2\/posts\/23595\/revisions\/23596"}],"wp:featuredmedia":[{"embeddable":true,"href":"https:\/\/serrafm879.com.br\/serrafm\/wp-json\/wp\/v2\/media\/20164"}],"wp:attachment":[{"href":"https:\/\/serrafm879.com.br\/serrafm\/wp-json\/wp\/v2\/media?parent=23595"}],"wp:term":[{"taxonomy":"category","embeddable":true,"href":"https:\/\/serrafm879.com.br\/serrafm\/wp-json\/wp\/v2\/categories?post=23595"},{"taxonomy":"post_tag","embeddable":true,"href":"https:\/\/serrafm879.com.br\/serrafm\/wp-json\/wp\/v2\/tags?post=23595"}],"curies":[{"name":"wp","href":"https:\/\/api.w.org\/{rel}","templated":true}]}}