{"id":23603,"date":"2025-08-04T11:47:01","date_gmt":"2025-08-04T14:47:01","guid":{"rendered":"https:\/\/serrafm879.com.br\/serrafm\/?p=23603"},"modified":"2025-08-04T11:47:01","modified_gmt":"2025-08-04T14:47:01","slug":"guarda-municipal-sofre-tiro-acidental-em-st-e-e-conduzido-ao-hospam","status":"publish","type":"post","link":"https:\/\/serrafm879.com.br\/serrafm\/2025\/08\/guarda-municipal-sofre-tiro-acidental-em-st-e-e-conduzido-ao-hospam\/","title":{"rendered":"Guarda Municipal sofre tiro acidental em ST e \u00e9 conduzido ao Hospam"},"content":{"rendered":"<p>Na noite desse domingo (3), um Guarda Municipal identificado como Auremar Pereira Nunes, de 55 anos, foi atingido por um disparo de arma de fogo em sua resid\u00eancia, na Rua Santos Dummont, em Serra Talhada.<\/p>\n<p>Ele informou \u00e0 pol\u00edcia que o disparo foi acidental, enquanto limpava a sua arma, ent\u00e3o ela disparou atingindo sua perna direita.<\/p>\n<p>De acordo com as informa\u00e7\u00f5es, Auremar Pereira chamou o filho para lev\u00e1-lo at\u00e9 o Hospital Regional Agamenon Magalh\u00e3es (Hospam), no Centro.<\/p>\n<p>O detalhe, segundo o boletim de ocorr\u00eancia, \u00e9 que a PM foi at\u00e9 a resid\u00eancia da v\u00edtima para averigua\u00e7\u00e3o, mas n\u00e3o encontrou a arma de fogo.<\/p>\n<p>Ap\u00f3s os primeiros atendimentos, o homem foi encaminhado para o bloco cir\u00fargico. O caso foi conduzido \u00e0 Delegacia de Pol\u00edcia local.<\/p>\n","protected":false},"excerpt":{"rendered":"<p>Na noite desse domingo (3), um Guarda Municipal identificado como Auremar Pereira Nunes, de 55 anos, foi atingido por um disparo de arma de fogo em sua resid\u00eancia, na Rua Santos Dummont, em Serra Talhada. Ele informou \u00e0 pol\u00edcia que o disparo foi acidental, enquanto limpava a sua arma, ent\u00e3o ela disparou atingindo sua perna direita. De acordo com as informa\u00e7\u00f5es, Auremar Pereira chamou o filho para lev\u00e1-lo at\u00e9 o Hospital Regional Agamenon Magalh\u00e3es (Hospam), no Centro. O detalhe, segundo o boletim de ocorr\u00eancia, \u00e9 que a PM foi at\u00e9 a resid\u00eancia da v\u00edtima para averigua\u00e7\u00e3o, mas n\u00e3o encontrou a [&hellip;]<\/p>\n","protected":false},"author":2,"featured_media":12683,"comment_status":"open","ping_status":"open","sticky":false,"template":"","format":"standard","meta":{"_jetpack_newsletter_access":"","_jetpack_dont_email_post_to_subs":false,"_jetpack_newsletter_tier_id":0,"_jetpack_memberships_contains_paywalled_content":false,"_jetpack_feature_clip_id":0,"_jetpack_memberships_contains_paid_content":false,"footnotes":"","jetpack_publicize_message":"","jetpack_publicize_feature_enabled":true,"jetpack_social_post_already_shared":true,"jetpack_social_options":{"image_generator_settings":{"template":"highway","default_image_id":0,"font":"","enabled":false},"version":2},"jetpack_post_was_ever_published":false},"categories":[2],"tags":[],"class_list":["post-23603","post","type-post","status-publish","format-standard","has-post-thumbnail","hentry","category-noticias"],"aioseo_notices":[],"aioseo_head":"\n\t\t<!-- All in One SEO 4.9.10 - aioseo.com -->\n\t<meta name=\"description\" content=\"Na noite desse domingo (3), um Guarda Municipal identificado como Auremar Pereira Nunes, de 55 anos, foi atingido por um disparo de arma de fogo em sua resid\u00eancia, na Rua Santos Dummont, em Serra Talhada. Ele informou \u00e0 pol\u00edcia que o disparo foi acidental, enquanto limpava a sua arma, ent\u00e3o ela disparou atingindo sua perna\" \/>\n\t<meta name=\"robots\" content=\"max-image-preview:large\" \/>\n\t<meta name=\"author\" content=\"serrafm87\"\/>\n\t<link rel=\"canonical\" href=\"https:\/\/serrafm879.com.br\/serrafm\/2025\/08\/guarda-municipal-sofre-tiro-acidental-em-st-e-e-conduzido-ao-hospam\/\" \/>\n\t<meta name=\"generator\" content=\"All in One SEO (AIOSEO) 4.9.10\" \/>\n\t\t<meta name=\"twitter:card\" content=\"summary_large_image\" \/>\n\t\t<meta name=\"twitter:title\" content=\"Guarda Municipal sofre tiro acidental em ST e \u00e9 conduzido ao Hospam - Serra FM 87,9\" \/>\n\t\t<meta name=\"twitter:description\" content=\"Na noite desse domingo (3), um Guarda Municipal identificado como Auremar Pereira Nunes, de 55 anos, foi atingido por um disparo de arma de fogo em sua resid\u00eancia, na Rua Santos Dummont, em Serra Talhada. Ele informou \u00e0 pol\u00edcia que o disparo foi acidental, enquanto limpava a sua arma, ent\u00e3o ela disparou atingindo sua perna\" \/>\n\t\t<meta name=\"twitter:image\" content=\"https:\/\/serrafm879.com.br\/serrafm\/wp-content\/uploads\/2023\/05\/hospam.jpg\" \/>\n\t\t<script type=\"application\/ld+json\" class=\"aioseo-schema\">\n\t\t\t{\"@context\":\"https:\\\/\\\/schema.org\",\"@graph\":[{\"@type\":\"BlogPosting\",\"@id\":\"https:\\\/\\\/serrafm879.com.br\\\/serrafm\\\/2025\\\/08\\\/guarda-municipal-sofre-tiro-acidental-em-st-e-e-conduzido-ao-hospam\\\/#blogposting\",\"name\":\"Guarda Municipal sofre tiro acidental em ST e \\u00e9 conduzido ao Hospam - Serra FM 87,9\",\"headline\":\"Guarda Municipal sofre tiro acidental em ST e \\u00e9 conduzido ao Hospam\",\"author\":{\"@id\":\"https:\\\/\\\/serrafm879.com.br\\\/serrafm\\\/author\\\/serrafm87\\\/#author\"},\"publisher\":{\"@id\":\"https:\\\/\\\/serrafm879.com.br\\\/serrafm\\\/#organization\"},\"image\":{\"@type\":\"ImageObject\",\"url\":\"https:\\\/\\\/serrafm879.com.br\\\/serrafm\\\/wp-content\\\/uploads\\\/2023\\\/05\\\/hospam.jpg\",\"width\":678,\"height\":452},\"datePublished\":\"2025-08-04T11:47:01-03:00\",\"dateModified\":\"2025-08-04T11:47:01-03:00\",\"inLanguage\":\"pt-BR\",\"mainEntityOfPage\":{\"@id\":\"https:\\\/\\\/serrafm879.com.br\\\/serrafm\\\/2025\\\/08\\\/guarda-municipal-sofre-tiro-acidental-em-st-e-e-conduzido-ao-hospam\\\/#webpage\"},\"isPartOf\":{\"@id\":\"https:\\\/\\\/serrafm879.com.br\\\/serrafm\\\/2025\\\/08\\\/guarda-municipal-sofre-tiro-acidental-em-st-e-e-conduzido-ao-hospam\\\/#webpage\"},\"articleSection\":\"Not\\u00edcias\"},{\"@type\":\"BreadcrumbList\",\"@id\":\"https:\\\/\\\/serrafm879.com.br\\\/serrafm\\\/2025\\\/08\\\/guarda-municipal-sofre-tiro-acidental-em-st-e-e-conduzido-ao-hospam\\\/#breadcrumblist\",\"itemListElement\":[{\"@type\":\"ListItem\",\"@id\":\"https:\\\/\\\/serrafm879.com.br\\\/serrafm#listItem\",\"position\":1,\"name\":\"Home\",\"item\":\"https:\\\/\\\/serrafm879.com.br\\\/serrafm\",\"nextItem\":{\"@type\":\"ListItem\",\"@id\":\"https:\\\/\\\/serrafm879.com.br\\\/serrafm\\\/categoria\\\/noticias\\\/#listItem\",\"name\":\"Not\\u00edcias\"}},{\"@type\":\"ListItem\",\"@id\":\"https:\\\/\\\/serrafm879.com.br\\\/serrafm\\\/categoria\\\/noticias\\\/#listItem\",\"position\":2,\"name\":\"Not\\u00edcias\",\"item\":\"https:\\\/\\\/serrafm879.com.br\\\/serrafm\\\/categoria\\\/noticias\\\/\",\"nextItem\":{\"@type\":\"ListItem\",\"@id\":\"https:\\\/\\\/serrafm879.com.br\\\/serrafm\\\/2025\\\/08\\\/guarda-municipal-sofre-tiro-acidental-em-st-e-e-conduzido-ao-hospam\\\/#listItem\",\"name\":\"Guarda Municipal sofre tiro acidental em ST e \\u00e9 conduzido ao Hospam\"},\"previousItem\":{\"@type\":\"ListItem\",\"@id\":\"https:\\\/\\\/serrafm879.com.br\\\/serrafm#listItem\",\"name\":\"Home\"}},{\"@type\":\"ListItem\",\"@id\":\"https:\\\/\\\/serrafm879.com.br\\\/serrafm\\\/2025\\\/08\\\/guarda-municipal-sofre-tiro-acidental-em-st-e-e-conduzido-ao-hospam\\\/#listItem\",\"position\":3,\"name\":\"Guarda Municipal sofre tiro acidental em ST e \\u00e9 conduzido ao Hospam\",\"previousItem\":{\"@type\":\"ListItem\",\"@id\":\"https:\\\/\\\/serrafm879.com.br\\\/serrafm\\\/categoria\\\/noticias\\\/#listItem\",\"name\":\"Not\\u00edcias\"}}]},{\"@type\":\"Organization\",\"@id\":\"https:\\\/\\\/serrafm879.com.br\\\/serrafm\\\/#organization\",\"name\":\"Serra FM 87,9\",\"description\":\"O seu novo amor!\",\"url\":\"https:\\\/\\\/serrafm879.com.br\\\/serrafm\\\/\"},{\"@type\":\"Person\",\"@id\":\"https:\\\/\\\/serrafm879.com.br\\\/serrafm\\\/author\\\/serrafm87\\\/#author\",\"url\":\"https:\\\/\\\/serrafm879.com.br\\\/serrafm\\\/author\\\/serrafm87\\\/\",\"name\":\"serrafm87\",\"image\":{\"@type\":\"ImageObject\",\"@id\":\"https:\\\/\\\/serrafm879.com.br\\\/serrafm\\\/2025\\\/08\\\/guarda-municipal-sofre-tiro-acidental-em-st-e-e-conduzido-ao-hospam\\\/#authorImage\",\"url\":\"https:\\\/\\\/secure.gravatar.com\\\/avatar\\\/a743233f1112d34f48bb3dc9559b76eb930bab8b27175856cba6362608736235?s=96&d=mm&r=g\",\"width\":96,\"height\":96,\"caption\":\"serrafm87\"}},{\"@type\":\"WebPage\",\"@id\":\"https:\\\/\\\/serrafm879.com.br\\\/serrafm\\\/2025\\\/08\\\/guarda-municipal-sofre-tiro-acidental-em-st-e-e-conduzido-ao-hospam\\\/#webpage\",\"url\":\"https:\\\/\\\/serrafm879.com.br\\\/serrafm\\\/2025\\\/08\\\/guarda-municipal-sofre-tiro-acidental-em-st-e-e-conduzido-ao-hospam\\\/\",\"name\":\"Guarda Municipal sofre tiro acidental em ST e \\u00e9 conduzido ao Hospam - Serra FM 87,9\",\"description\":\"Na noite desse domingo (3), um Guarda Municipal identificado como Auremar Pereira Nunes, de 55 anos, foi atingido por um disparo de arma de fogo em sua resid\\u00eancia, na Rua Santos Dummont, em Serra Talhada. Ele informou \\u00e0 pol\\u00edcia que o disparo foi acidental, enquanto limpava a sua arma, ent\\u00e3o ela disparou atingindo sua perna\",\"inLanguage\":\"pt-BR\",\"isPartOf\":{\"@id\":\"https:\\\/\\\/serrafm879.com.br\\\/serrafm\\\/#website\"},\"breadcrumb\":{\"@id\":\"https:\\\/\\\/serrafm879.com.br\\\/serrafm\\\/2025\\\/08\\\/guarda-municipal-sofre-tiro-acidental-em-st-e-e-conduzido-ao-hospam\\\/#breadcrumblist\"},\"author\":{\"@id\":\"https:\\\/\\\/serrafm879.com.br\\\/serrafm\\\/author\\\/serrafm87\\\/#author\"},\"creator\":{\"@id\":\"https:\\\/\\\/serrafm879.com.br\\\/serrafm\\\/author\\\/serrafm87\\\/#author\"},\"image\":{\"@type\":\"ImageObject\",\"url\":\"https:\\\/\\\/serrafm879.com.br\\\/serrafm\\\/wp-content\\\/uploads\\\/2023\\\/05\\\/hospam.jpg\",\"@id\":\"https:\\\/\\\/serrafm879.com.br\\\/serrafm\\\/2025\\\/08\\\/guarda-municipal-sofre-tiro-acidental-em-st-e-e-conduzido-ao-hospam\\\/#mainImage\",\"width\":678,\"height\":452},\"primaryImageOfPage\":{\"@id\":\"https:\\\/\\\/serrafm879.com.br\\\/serrafm\\\/2025\\\/08\\\/guarda-municipal-sofre-tiro-acidental-em-st-e-e-conduzido-ao-hospam\\\/#mainImage\"},\"datePublished\":\"2025-08-04T11:47:01-03:00\",\"dateModified\":\"2025-08-04T11:47:01-03:00\"},{\"@type\":\"WebSite\",\"@id\":\"https:\\\/\\\/serrafm879.com.br\\\/serrafm\\\/#website\",\"url\":\"https:\\\/\\\/serrafm879.com.br\\\/serrafm\\\/\",\"name\":\"Serra FM 87,9\",\"description\":\"O seu novo amor!\",\"inLanguage\":\"pt-BR\",\"publisher\":{\"@id\":\"https:\\\/\\\/serrafm879.com.br\\\/serrafm\\\/#organization\"}}]}\n\t\t<\/script>\n\t\t<!-- All in One SEO -->\n\n","aioseo_head_json":{"title":"Guarda Municipal sofre tiro acidental em ST e \u00e9 conduzido ao Hospam - Serra FM 87,9","description":"Na noite desse domingo (3), um Guarda Municipal identificado como Auremar Pereira Nunes, de 55 anos, foi atingido por um disparo de arma de fogo em sua resid\u00eancia, na Rua Santos Dummont, em Serra Talhada. Ele informou \u00e0 pol\u00edcia que o disparo foi acidental, enquanto limpava a sua arma, ent\u00e3o ela disparou atingindo sua perna","canonical_url":"https:\/\/serrafm879.com.br\/serrafm\/2025\/08\/guarda-municipal-sofre-tiro-acidental-em-st-e-e-conduzido-ao-hospam\/","robots":"max-image-preview:large","keywords":"","webmasterTools":{"miscellaneous":""},"schema":{"@context":"https:\/\/schema.org","@graph":[{"@type":"BlogPosting","@id":"https:\/\/serrafm879.com.br\/serrafm\/2025\/08\/guarda-municipal-sofre-tiro-acidental-em-st-e-e-conduzido-ao-hospam\/#blogposting","name":"Guarda Municipal sofre tiro acidental em ST e \u00e9 conduzido ao Hospam - Serra FM 87,9","headline":"Guarda Municipal sofre tiro acidental em ST e \u00e9 conduzido ao Hospam","author":{"@id":"https:\/\/serrafm879.com.br\/serrafm\/author\/serrafm87\/#author"},"publisher":{"@id":"https:\/\/serrafm879.com.br\/serrafm\/#organization"},"image":{"@type":"ImageObject","url":"https:\/\/serrafm879.com.br\/serrafm\/wp-content\/uploads\/2023\/05\/hospam.jpg","width":678,"height":452},"datePublished":"2025-08-04T11:47:01-03:00","dateModified":"2025-08-04T11:47:01-03:00","inLanguage":"pt-BR","mainEntityOfPage":{"@id":"https:\/\/serrafm879.com.br\/serrafm\/2025\/08\/guarda-municipal-sofre-tiro-acidental-em-st-e-e-conduzido-ao-hospam\/#webpage"},"isPartOf":{"@id":"https:\/\/serrafm879.com.br\/serrafm\/2025\/08\/guarda-municipal-sofre-tiro-acidental-em-st-e-e-conduzido-ao-hospam\/#webpage"},"articleSection":"Not\u00edcias"},{"@type":"BreadcrumbList","@id":"https:\/\/serrafm879.com.br\/serrafm\/2025\/08\/guarda-municipal-sofre-tiro-acidental-em-st-e-e-conduzido-ao-hospam\/#breadcrumblist","itemListElement":[{"@type":"ListItem","@id":"https:\/\/serrafm879.com.br\/serrafm#listItem","position":1,"name":"Home","item":"https:\/\/serrafm879.com.br\/serrafm","nextItem":{"@type":"ListItem","@id":"https:\/\/serrafm879.com.br\/serrafm\/categoria\/noticias\/#listItem","name":"Not\u00edcias"}},{"@type":"ListItem","@id":"https:\/\/serrafm879.com.br\/serrafm\/categoria\/noticias\/#listItem","position":2,"name":"Not\u00edcias","item":"https:\/\/serrafm879.com.br\/serrafm\/categoria\/noticias\/","nextItem":{"@type":"ListItem","@id":"https:\/\/serrafm879.com.br\/serrafm\/2025\/08\/guarda-municipal-sofre-tiro-acidental-em-st-e-e-conduzido-ao-hospam\/#listItem","name":"Guarda Municipal sofre tiro acidental em ST e \u00e9 conduzido ao Hospam"},"previousItem":{"@type":"ListItem","@id":"https:\/\/serrafm879.com.br\/serrafm#listItem","name":"Home"}},{"@type":"ListItem","@id":"https:\/\/serrafm879.com.br\/serrafm\/2025\/08\/guarda-municipal-sofre-tiro-acidental-em-st-e-e-conduzido-ao-hospam\/#listItem","position":3,"name":"Guarda Municipal sofre tiro acidental em ST e \u00e9 conduzido ao Hospam","previousItem":{"@type":"ListItem","@id":"https:\/\/serrafm879.com.br\/serrafm\/categoria\/noticias\/#listItem","name":"Not\u00edcias"}}]},{"@type":"Organization","@id":"https:\/\/serrafm879.com.br\/serrafm\/#organization","name":"Serra FM 87,9","description":"O seu novo amor!","url":"https:\/\/serrafm879.com.br\/serrafm\/"},{"@type":"Person","@id":"https:\/\/serrafm879.com.br\/serrafm\/author\/serrafm87\/#author","url":"https:\/\/serrafm879.com.br\/serrafm\/author\/serrafm87\/","name":"serrafm87","image":{"@type":"ImageObject","@id":"https:\/\/serrafm879.com.br\/serrafm\/2025\/08\/guarda-municipal-sofre-tiro-acidental-em-st-e-e-conduzido-ao-hospam\/#authorImage","url":"https:\/\/secure.gravatar.com\/avatar\/a743233f1112d34f48bb3dc9559b76eb930bab8b27175856cba6362608736235?s=96&d=mm&r=g","width":96,"height":96,"caption":"serrafm87"}},{"@type":"WebPage","@id":"https:\/\/serrafm879.com.br\/serrafm\/2025\/08\/guarda-municipal-sofre-tiro-acidental-em-st-e-e-conduzido-ao-hospam\/#webpage","url":"https:\/\/serrafm879.com.br\/serrafm\/2025\/08\/guarda-municipal-sofre-tiro-acidental-em-st-e-e-conduzido-ao-hospam\/","name":"Guarda Municipal sofre tiro acidental em ST e \u00e9 conduzido ao Hospam - Serra FM 87,9","description":"Na noite desse domingo (3), um Guarda Municipal identificado como Auremar Pereira Nunes, de 55 anos, foi atingido por um disparo de arma de fogo em sua resid\u00eancia, na Rua Santos Dummont, em Serra Talhada. Ele informou \u00e0 pol\u00edcia que o disparo foi acidental, enquanto limpava a sua arma, ent\u00e3o ela disparou atingindo sua perna","inLanguage":"pt-BR","isPartOf":{"@id":"https:\/\/serrafm879.com.br\/serrafm\/#website"},"breadcrumb":{"@id":"https:\/\/serrafm879.com.br\/serrafm\/2025\/08\/guarda-municipal-sofre-tiro-acidental-em-st-e-e-conduzido-ao-hospam\/#breadcrumblist"},"author":{"@id":"https:\/\/serrafm879.com.br\/serrafm\/author\/serrafm87\/#author"},"creator":{"@id":"https:\/\/serrafm879.com.br\/serrafm\/author\/serrafm87\/#author"},"image":{"@type":"ImageObject","url":"https:\/\/serrafm879.com.br\/serrafm\/wp-content\/uploads\/2023\/05\/hospam.jpg","@id":"https:\/\/serrafm879.com.br\/serrafm\/2025\/08\/guarda-municipal-sofre-tiro-acidental-em-st-e-e-conduzido-ao-hospam\/#mainImage","width":678,"height":452},"primaryImageOfPage":{"@id":"https:\/\/serrafm879.com.br\/serrafm\/2025\/08\/guarda-municipal-sofre-tiro-acidental-em-st-e-e-conduzido-ao-hospam\/#mainImage"},"datePublished":"2025-08-04T11:47:01-03:00","dateModified":"2025-08-04T11:47:01-03:00"},{"@type":"WebSite","@id":"https:\/\/serrafm879.com.br\/serrafm\/#website","url":"https:\/\/serrafm879.com.br\/serrafm\/","name":"Serra FM 87,9","description":"O seu novo amor!","inLanguage":"pt-BR","publisher":{"@id":"https:\/\/serrafm879.com.br\/serrafm\/#organization"}}]},"twitter:card":"summary_large_image","twitter:title":"Guarda Municipal sofre tiro acidental em ST e \u00e9 conduzido ao Hospam - Serra FM 87,9","twitter:description":"Na noite desse domingo (3), um Guarda Municipal identificado como Auremar Pereira Nunes, de 55 anos, foi atingido por um disparo de arma de fogo em sua resid\u00eancia, na Rua Santos Dummont, em Serra Talhada. Ele informou \u00e0 pol\u00edcia que o disparo foi acidental, enquanto limpava a sua arma, ent\u00e3o ela disparou atingindo sua perna","twitter:image":"https:\/\/serrafm879.com.br\/serrafm\/wp-content\/uploads\/2023\/05\/hospam.jpg"},"aioseo_meta_data":{"post_id":"23603","title":null,"description":null,"keywords":null,"keyphrases":null,"primary_term":null,"canonical_url":null,"og_title":null,"og_description":null,"og_object_type":"default","og_image_type":"default","og_image_custom_url":null,"og_image_custom_fields":null,"og_image_url":null,"og_image_width":null,"og_image_height":null,"og_video":null,"og_custom_url":null,"og_article_section":null,"og_article_tags":null,"twitter_use_og":false,"twitter_card":"default","twitter_image_type":"default","twitter_image_custom_url":null,"twitter_image_custom_fields":null,"twitter_image_url":null,"twitter_title":null,"twitter_description":null,"schema_type":"default","schema_type_options":null,"schema":{"blockGraphs":[],"customGraphs":[],"default":{"data":{"Article":[],"Course":[],"Dataset":[],"FAQPage":[],"Movie":[],"Person":[],"Product":[],"ProductReview":[],"Car":[],"Recipe":[],"Service":[],"SoftwareApplication":[],"WebPage":[]},"graphName":"","isEnabled":true},"graphs":[]},"pillar_content":false,"robots_default":true,"robots_noindex":false,"robots_noarchive":false,"robots_nosnippet":false,"robots_nofollow":false,"robots_noimageindex":false,"robots_noodp":false,"robots_notranslate":false,"robots_max_snippet":null,"robots_max_videopreview":null,"robots_max_imagepreview":"large","priority":null,"frequency":null,"local_seo":null,"limit_modified_date":false,"ai":null,"breadcrumb_settings":null,"seo_analyzer_scan_date":null,"created":"2026-07-21 16:32:55","updated":"2026-07-21 16:32:55"},"aioseo_breadcrumb":"<div class=\"aioseo-breadcrumbs\"><span class=\"aioseo-breadcrumb\">\n\t\t\t<a href=\"https:\/\/serrafm879.com.br\/serrafm\" title=\"Home\">Home<\/a>\n\t\t<\/span><span class=\"aioseo-breadcrumb-separator\">&raquo;<\/span><span class=\"aioseo-breadcrumb\">\n\t\t\t<a href=\"https:\/\/serrafm879.com.br\/serrafm\/categoria\/noticias\/\" title=\"Not\u00edcias\">Not\u00edcias<\/a>\n\t\t<\/span><span class=\"aioseo-breadcrumb-separator\">&raquo;<\/span><span class=\"aioseo-breadcrumb\">\n\t\t\tGuarda Municipal sofre tiro acidental em ST e \u00e9 conduzido ao Hospam\n\t\t<\/span><\/div>","aioseo_breadcrumb_json":[{"label":"Home","link":"https:\/\/serrafm879.com.br\/serrafm"},{"label":"Not\u00edcias","link":"https:\/\/serrafm879.com.br\/serrafm\/categoria\/noticias\/"},{"label":"Guarda Municipal sofre tiro acidental em ST e \u00e9 conduzido ao Hospam","link":"https:\/\/serrafm879.com.br\/serrafm\/2025\/08\/guarda-municipal-sofre-tiro-acidental-em-st-e-e-conduzido-ao-hospam\/"}],"jetpack_publicize_connections":[],"jetpack_featured_media_url":"https:\/\/serrafm879.com.br\/serrafm\/wp-content\/uploads\/2023\/05\/hospam.jpg","jetpack_shortlink":"https:\/\/wp.me\/p7HyXg-68H","jetpack_sharing_enabled":true,"_links":{"self":[{"href":"https:\/\/serrafm879.com.br\/serrafm\/wp-json\/wp\/v2\/posts\/23603","targetHints":{"allow":["GET"]}}],"collection":[{"href":"https:\/\/serrafm879.com.br\/serrafm\/wp-json\/wp\/v2\/posts"}],"about":[{"href":"https:\/\/serrafm879.com.br\/serrafm\/wp-json\/wp\/v2\/types\/post"}],"author":[{"embeddable":true,"href":"https:\/\/serrafm879.com.br\/serrafm\/wp-json\/wp\/v2\/users\/2"}],"replies":[{"embeddable":true,"href":"https:\/\/serrafm879.com.br\/serrafm\/wp-json\/wp\/v2\/comments?post=23603"}],"version-history":[{"count":1,"href":"https:\/\/serrafm879.com.br\/serrafm\/wp-json\/wp\/v2\/posts\/23603\/revisions"}],"predecessor-version":[{"id":23604,"href":"https:\/\/serrafm879.com.br\/serrafm\/wp-json\/wp\/v2\/posts\/23603\/revisions\/23604"}],"wp:featuredmedia":[{"embeddable":true,"href":"https:\/\/serrafm879.com.br\/serrafm\/wp-json\/wp\/v2\/media\/12683"}],"wp:attachment":[{"href":"https:\/\/serrafm879.com.br\/serrafm\/wp-json\/wp\/v2\/media?parent=23603"}],"wp:term":[{"taxonomy":"category","embeddable":true,"href":"https:\/\/serrafm879.com.br\/serrafm\/wp-json\/wp\/v2\/categories?post=23603"},{"taxonomy":"post_tag","embeddable":true,"href":"https:\/\/serrafm879.com.br\/serrafm\/wp-json\/wp\/v2\/tags?post=23603"}],"curies":[{"name":"wp","href":"https:\/\/api.w.org\/{rel}","templated":true}]}}