{"id":23648,"date":"2025-08-05T12:50:04","date_gmt":"2025-08-05T15:50:04","guid":{"rendered":"https:\/\/serrafm879.com.br\/serrafm\/?p=23648"},"modified":"2025-08-05T12:50:52","modified_gmt":"2025-08-05T15:50:52","slug":"danilo-esta-fora-da-sudene","status":"publish","type":"post","link":"https:\/\/serrafm879.com.br\/serrafm\/2025\/08\/danilo-esta-fora-da-sudene\/","title":{"rendered":"Danilo Cabral deixa comando da Sudene ap\u00f3s press\u00e3o pol\u00edtica de lideran\u00e7as cearenses"},"content":{"rendered":"<div id=\"ub-expand-full-9d2047af-1f47-4750-8c6e-c69605c34305\" class=\"ub-expand-portion ub-expand-partial wp-block-ub-expand-portion\" tabindex=\"0\" role=\"button\" aria-expanded=\"false\" aria-controls=\"ub-expand-full-9d2047af-1f47-4750-8c6e-c69605c34305\">\n<p>O at\u00e9 ent\u00e3o superintendente da Sudene, Danilo Cabral, enviou, h\u00e1 pouco, ao Blog, uma nota comunicando o seu desligamento oficial da entidade. Ap\u00f3s uma semana de tens\u00e3o, com a expectativa se ele seria mantido no cargo ou n\u00e3o, Danilo informou que foi comunicado da sua sa\u00edda esta manh\u00e3.\u00a0<strong>Confira!<\/strong><\/p>\n<p><strong>Nota oficial<\/strong><\/p>\n<p><em>Fui comunicado de meu desligamento da Superintend\u00eancia do Desenvolvimento do Nordeste (Sudene), ap\u00f3s dois anos e dois meses de intensa dedica\u00e7\u00e3o. Foi uma honra servir ao Brasil, em especial ao povo nordestino, nesse per\u00edodo desafiador e transformador.<\/em><\/p>\n<\/div>\n<div id=\"ub-expand-full-9d2047af-1f47-4750-8c6e-c69605c34305\" class=\"ub-expand-portion ub-expand-full wp-block-ub-expand-portion\" tabindex=\"0\" role=\"button\" aria-expanded=\"false\" aria-controls=\"ub-expand-full-9d2047af-1f47-4750-8c6e-c69605c34305\">\n<p><em>Agrade\u00e7o ao presidente Luiz In\u00e1cio Lula da Silva e ao ministro Waldez G\u00f3es pela confian\u00e7a, e \u00e0 valorosa equipe da Sudene pelo trabalho conjunto que realizamos.<\/em><\/p>\n<p><em>Deixo o cargo com a convic\u00e7\u00e3o do dever cumprido. A SUDENE VOLTOU.<\/em><\/p>\n<p><em>Agrade\u00e7o tamb\u00e9m a todas as manifesta\u00e7\u00f5es de apoio e solidariedade recebidas nos \u00faltimos dias. Continuarei atuando em favor do desenvolvimento do Nordeste \u2014 especialmente de Pernambuco, minha terra natal \u2014 com o olhar firme na supera\u00e7\u00e3o das desigualdades e na melhoria da qualidade de vida do nosso povo.<\/em><\/p>\n<p><em>A luta por Pernambuco \u00e9 minha miss\u00e3o de vida. Seguiremos juntos.<\/em><\/p>\n<p><strong>Danilo Cabral<\/strong><\/p>\n<\/div>\n","protected":false},"excerpt":{"rendered":"<p>O at\u00e9 ent\u00e3o superintendente da Sudene, Danilo Cabral, enviou, h\u00e1 pouco, ao Blog, uma nota comunicando o seu desligamento oficial da entidade. Ap\u00f3s uma semana de tens\u00e3o, com a expectativa se ele seria mantido no cargo ou n\u00e3o, Danilo informou que foi comunicado da sua sa\u00edda esta manh\u00e3.\u00a0Confira! Nota oficial Fui comunicado de meu desligamento da Superintend\u00eancia do Desenvolvimento do Nordeste (Sudene), ap\u00f3s dois anos e dois meses de intensa dedica\u00e7\u00e3o. Foi uma honra servir ao Brasil, em especial ao povo nordestino, nesse per\u00edodo desafiador e transformador. Agrade\u00e7o ao presidente Luiz In\u00e1cio Lula da Silva e ao ministro Waldez G\u00f3es [&hellip;]<\/p>\n","protected":false},"author":2,"featured_media":23649,"comment_status":"open","ping_status":"open","sticky":false,"template":"","format":"standard","meta":{"_jetpack_newsletter_access":"","_jetpack_dont_email_post_to_subs":false,"_jetpack_newsletter_tier_id":0,"_jetpack_memberships_contains_paywalled_content":false,"_jetpack_feature_clip_id":0,"_jetpack_memberships_contains_paid_content":false,"footnotes":"","jetpack_publicize_message":"","jetpack_publicize_feature_enabled":true,"jetpack_social_post_already_shared":true,"jetpack_social_options":{"image_generator_settings":{"template":"highway","default_image_id":0,"font":"","enabled":false},"version":2},"jetpack_post_was_ever_published":false},"categories":[2],"tags":[],"class_list":["post-23648","post","type-post","status-publish","format-standard","has-post-thumbnail","hentry","category-noticias"],"aioseo_notices":[],"aioseo_head":"\n\t\t<!-- All in One SEO 4.9.10 - aioseo.com -->\n\t<meta name=\"description\" content=\"O at\u00e9 ent\u00e3o superintendente da Sudene, Danilo Cabral, enviou, h\u00e1 pouco, ao Blog, uma nota comunicando o seu desligamento oficial da entidade. Ap\u00f3s uma semana de tens\u00e3o, com a expectativa se ele seria mantido no cargo ou n\u00e3o, Danilo informou que foi comunicado da sua sa\u00edda esta manh\u00e3. Confira! Nota oficial Fui comunicado de meu desligamento\" \/>\n\t<meta name=\"robots\" content=\"max-image-preview:large\" \/>\n\t<meta name=\"author\" content=\"serrafm87\"\/>\n\t<link rel=\"canonical\" href=\"https:\/\/serrafm879.com.br\/serrafm\/2025\/08\/danilo-esta-fora-da-sudene\/\" \/>\n\t<meta name=\"generator\" content=\"All in One SEO (AIOSEO) 4.9.10\" \/>\n\t\t<meta name=\"twitter:card\" content=\"summary_large_image\" \/>\n\t\t<meta name=\"twitter:title\" content=\"Danilo Cabral deixa comando da Sudene ap\u00f3s press\u00e3o pol\u00edtica de lideran\u00e7as cearenses - Serra FM 87,9\" \/>\n\t\t<meta name=\"twitter:description\" content=\"O at\u00e9 ent\u00e3o superintendente da Sudene, Danilo Cabral, enviou, h\u00e1 pouco, ao Blog, uma nota comunicando o seu desligamento oficial da entidade. Ap\u00f3s uma semana de tens\u00e3o, com a expectativa se ele seria mantido no cargo ou n\u00e3o, Danilo informou que foi comunicado da sua sa\u00edda esta manh\u00e3. Confira! Nota oficial Fui comunicado de meu desligamento\" \/>\n\t\t<meta name=\"twitter:image\" content=\"https:\/\/serrafm879.com.br\/serrafm\/wp-content\/uploads\/2025\/08\/download-3.jpg\" \/>\n\t\t<script type=\"application\/ld+json\" class=\"aioseo-schema\">\n\t\t\t{\"@context\":\"https:\\\/\\\/schema.org\",\"@graph\":[{\"@type\":\"BlogPosting\",\"@id\":\"https:\\\/\\\/serrafm879.com.br\\\/serrafm\\\/2025\\\/08\\\/danilo-esta-fora-da-sudene\\\/#blogposting\",\"name\":\"Danilo Cabral deixa comando da Sudene ap\\u00f3s press\\u00e3o pol\\u00edtica de lideran\\u00e7as cearenses - Serra FM 87,9\",\"headline\":\"Danilo Cabral deixa comando da Sudene ap\\u00f3s press\\u00e3o pol\\u00edtica de lideran\\u00e7as cearenses\",\"author\":{\"@id\":\"https:\\\/\\\/serrafm879.com.br\\\/serrafm\\\/author\\\/serrafm87\\\/#author\"},\"publisher\":{\"@id\":\"https:\\\/\\\/serrafm879.com.br\\\/serrafm\\\/#organization\"},\"image\":{\"@type\":\"ImageObject\",\"url\":\"https:\\\/\\\/serrafm879.com.br\\\/serrafm\\\/wp-content\\\/uploads\\\/2025\\\/08\\\/download-3.jpg\",\"width\":261,\"height\":193},\"datePublished\":\"2025-08-05T12:50:04-03:00\",\"dateModified\":\"2025-08-05T12:50:52-03:00\",\"inLanguage\":\"pt-BR\",\"mainEntityOfPage\":{\"@id\":\"https:\\\/\\\/serrafm879.com.br\\\/serrafm\\\/2025\\\/08\\\/danilo-esta-fora-da-sudene\\\/#webpage\"},\"isPartOf\":{\"@id\":\"https:\\\/\\\/serrafm879.com.br\\\/serrafm\\\/2025\\\/08\\\/danilo-esta-fora-da-sudene\\\/#webpage\"},\"articleSection\":\"Not\\u00edcias\"},{\"@type\":\"BreadcrumbList\",\"@id\":\"https:\\\/\\\/serrafm879.com.br\\\/serrafm\\\/2025\\\/08\\\/danilo-esta-fora-da-sudene\\\/#breadcrumblist\",\"itemListElement\":[{\"@type\":\"ListItem\",\"@id\":\"https:\\\/\\\/serrafm879.com.br\\\/serrafm#listItem\",\"position\":1,\"name\":\"Home\",\"item\":\"https:\\\/\\\/serrafm879.com.br\\\/serrafm\",\"nextItem\":{\"@type\":\"ListItem\",\"@id\":\"https:\\\/\\\/serrafm879.com.br\\\/serrafm\\\/categoria\\\/noticias\\\/#listItem\",\"name\":\"Not\\u00edcias\"}},{\"@type\":\"ListItem\",\"@id\":\"https:\\\/\\\/serrafm879.com.br\\\/serrafm\\\/categoria\\\/noticias\\\/#listItem\",\"position\":2,\"name\":\"Not\\u00edcias\",\"item\":\"https:\\\/\\\/serrafm879.com.br\\\/serrafm\\\/categoria\\\/noticias\\\/\",\"nextItem\":{\"@type\":\"ListItem\",\"@id\":\"https:\\\/\\\/serrafm879.com.br\\\/serrafm\\\/2025\\\/08\\\/danilo-esta-fora-da-sudene\\\/#listItem\",\"name\":\"Danilo Cabral deixa comando da Sudene ap\\u00f3s press\\u00e3o pol\\u00edtica de lideran\\u00e7as cearenses\"},\"previousItem\":{\"@type\":\"ListItem\",\"@id\":\"https:\\\/\\\/serrafm879.com.br\\\/serrafm#listItem\",\"name\":\"Home\"}},{\"@type\":\"ListItem\",\"@id\":\"https:\\\/\\\/serrafm879.com.br\\\/serrafm\\\/2025\\\/08\\\/danilo-esta-fora-da-sudene\\\/#listItem\",\"position\":3,\"name\":\"Danilo Cabral deixa comando da Sudene ap\\u00f3s press\\u00e3o pol\\u00edtica de lideran\\u00e7as cearenses\",\"previousItem\":{\"@type\":\"ListItem\",\"@id\":\"https:\\\/\\\/serrafm879.com.br\\\/serrafm\\\/categoria\\\/noticias\\\/#listItem\",\"name\":\"Not\\u00edcias\"}}]},{\"@type\":\"Organization\",\"@id\":\"https:\\\/\\\/serrafm879.com.br\\\/serrafm\\\/#organization\",\"name\":\"Serra FM 87,9\",\"description\":\"O seu novo amor!\",\"url\":\"https:\\\/\\\/serrafm879.com.br\\\/serrafm\\\/\"},{\"@type\":\"Person\",\"@id\":\"https:\\\/\\\/serrafm879.com.br\\\/serrafm\\\/author\\\/serrafm87\\\/#author\",\"url\":\"https:\\\/\\\/serrafm879.com.br\\\/serrafm\\\/author\\\/serrafm87\\\/\",\"name\":\"serrafm87\",\"image\":{\"@type\":\"ImageObject\",\"@id\":\"https:\\\/\\\/serrafm879.com.br\\\/serrafm\\\/2025\\\/08\\\/danilo-esta-fora-da-sudene\\\/#authorImage\",\"url\":\"https:\\\/\\\/secure.gravatar.com\\\/avatar\\\/a743233f1112d34f48bb3dc9559b76eb930bab8b27175856cba6362608736235?s=96&d=mm&r=g\",\"width\":96,\"height\":96,\"caption\":\"serrafm87\"}},{\"@type\":\"WebPage\",\"@id\":\"https:\\\/\\\/serrafm879.com.br\\\/serrafm\\\/2025\\\/08\\\/danilo-esta-fora-da-sudene\\\/#webpage\",\"url\":\"https:\\\/\\\/serrafm879.com.br\\\/serrafm\\\/2025\\\/08\\\/danilo-esta-fora-da-sudene\\\/\",\"name\":\"Danilo Cabral deixa comando da Sudene ap\\u00f3s press\\u00e3o pol\\u00edtica de lideran\\u00e7as cearenses - Serra FM 87,9\",\"description\":\"O at\\u00e9 ent\\u00e3o superintendente da Sudene, Danilo Cabral, enviou, h\\u00e1 pouco, ao Blog, uma nota comunicando o seu desligamento oficial da entidade. Ap\\u00f3s uma semana de tens\\u00e3o, com a expectativa se ele seria mantido no cargo ou n\\u00e3o, Danilo informou que foi comunicado da sua sa\\u00edda esta manh\\u00e3. Confira! Nota oficial Fui comunicado de meu desligamento\",\"inLanguage\":\"pt-BR\",\"isPartOf\":{\"@id\":\"https:\\\/\\\/serrafm879.com.br\\\/serrafm\\\/#website\"},\"breadcrumb\":{\"@id\":\"https:\\\/\\\/serrafm879.com.br\\\/serrafm\\\/2025\\\/08\\\/danilo-esta-fora-da-sudene\\\/#breadcrumblist\"},\"author\":{\"@id\":\"https:\\\/\\\/serrafm879.com.br\\\/serrafm\\\/author\\\/serrafm87\\\/#author\"},\"creator\":{\"@id\":\"https:\\\/\\\/serrafm879.com.br\\\/serrafm\\\/author\\\/serrafm87\\\/#author\"},\"image\":{\"@type\":\"ImageObject\",\"url\":\"https:\\\/\\\/serrafm879.com.br\\\/serrafm\\\/wp-content\\\/uploads\\\/2025\\\/08\\\/download-3.jpg\",\"@id\":\"https:\\\/\\\/serrafm879.com.br\\\/serrafm\\\/2025\\\/08\\\/danilo-esta-fora-da-sudene\\\/#mainImage\",\"width\":261,\"height\":193},\"primaryImageOfPage\":{\"@id\":\"https:\\\/\\\/serrafm879.com.br\\\/serrafm\\\/2025\\\/08\\\/danilo-esta-fora-da-sudene\\\/#mainImage\"},\"datePublished\":\"2025-08-05T12:50:04-03:00\",\"dateModified\":\"2025-08-05T12:50:52-03:00\"},{\"@type\":\"WebSite\",\"@id\":\"https:\\\/\\\/serrafm879.com.br\\\/serrafm\\\/#website\",\"url\":\"https:\\\/\\\/serrafm879.com.br\\\/serrafm\\\/\",\"name\":\"Serra FM 87,9\",\"description\":\"O seu novo amor!\",\"inLanguage\":\"pt-BR\",\"publisher\":{\"@id\":\"https:\\\/\\\/serrafm879.com.br\\\/serrafm\\\/#organization\"}}]}\n\t\t<\/script>\n\t\t<!-- All in One SEO -->\n\n","aioseo_head_json":{"title":"Danilo Cabral deixa comando da Sudene ap\u00f3s press\u00e3o pol\u00edtica de lideran\u00e7as cearenses - Serra FM 87,9","description":"O at\u00e9 ent\u00e3o superintendente da Sudene, Danilo Cabral, enviou, h\u00e1 pouco, ao Blog, uma nota comunicando o seu desligamento oficial da entidade. Ap\u00f3s uma semana de tens\u00e3o, com a expectativa se ele seria mantido no cargo ou n\u00e3o, Danilo informou que foi comunicado da sua sa\u00edda esta manh\u00e3. Confira! Nota oficial Fui comunicado de meu desligamento","canonical_url":"https:\/\/serrafm879.com.br\/serrafm\/2025\/08\/danilo-esta-fora-da-sudene\/","robots":"max-image-preview:large","keywords":"","webmasterTools":{"miscellaneous":""},"schema":{"@context":"https:\/\/schema.org","@graph":[{"@type":"BlogPosting","@id":"https:\/\/serrafm879.com.br\/serrafm\/2025\/08\/danilo-esta-fora-da-sudene\/#blogposting","name":"Danilo Cabral deixa comando da Sudene ap\u00f3s press\u00e3o pol\u00edtica de lideran\u00e7as cearenses - Serra FM 87,9","headline":"Danilo Cabral deixa comando da Sudene ap\u00f3s press\u00e3o pol\u00edtica de lideran\u00e7as cearenses","author":{"@id":"https:\/\/serrafm879.com.br\/serrafm\/author\/serrafm87\/#author"},"publisher":{"@id":"https:\/\/serrafm879.com.br\/serrafm\/#organization"},"image":{"@type":"ImageObject","url":"https:\/\/serrafm879.com.br\/serrafm\/wp-content\/uploads\/2025\/08\/download-3.jpg","width":261,"height":193},"datePublished":"2025-08-05T12:50:04-03:00","dateModified":"2025-08-05T12:50:52-03:00","inLanguage":"pt-BR","mainEntityOfPage":{"@id":"https:\/\/serrafm879.com.br\/serrafm\/2025\/08\/danilo-esta-fora-da-sudene\/#webpage"},"isPartOf":{"@id":"https:\/\/serrafm879.com.br\/serrafm\/2025\/08\/danilo-esta-fora-da-sudene\/#webpage"},"articleSection":"Not\u00edcias"},{"@type":"BreadcrumbList","@id":"https:\/\/serrafm879.com.br\/serrafm\/2025\/08\/danilo-esta-fora-da-sudene\/#breadcrumblist","itemListElement":[{"@type":"ListItem","@id":"https:\/\/serrafm879.com.br\/serrafm#listItem","position":1,"name":"Home","item":"https:\/\/serrafm879.com.br\/serrafm","nextItem":{"@type":"ListItem","@id":"https:\/\/serrafm879.com.br\/serrafm\/categoria\/noticias\/#listItem","name":"Not\u00edcias"}},{"@type":"ListItem","@id":"https:\/\/serrafm879.com.br\/serrafm\/categoria\/noticias\/#listItem","position":2,"name":"Not\u00edcias","item":"https:\/\/serrafm879.com.br\/serrafm\/categoria\/noticias\/","nextItem":{"@type":"ListItem","@id":"https:\/\/serrafm879.com.br\/serrafm\/2025\/08\/danilo-esta-fora-da-sudene\/#listItem","name":"Danilo Cabral deixa comando da Sudene ap\u00f3s press\u00e3o pol\u00edtica de lideran\u00e7as cearenses"},"previousItem":{"@type":"ListItem","@id":"https:\/\/serrafm879.com.br\/serrafm#listItem","name":"Home"}},{"@type":"ListItem","@id":"https:\/\/serrafm879.com.br\/serrafm\/2025\/08\/danilo-esta-fora-da-sudene\/#listItem","position":3,"name":"Danilo Cabral deixa comando da Sudene ap\u00f3s press\u00e3o pol\u00edtica de lideran\u00e7as cearenses","previousItem":{"@type":"ListItem","@id":"https:\/\/serrafm879.com.br\/serrafm\/categoria\/noticias\/#listItem","name":"Not\u00edcias"}}]},{"@type":"Organization","@id":"https:\/\/serrafm879.com.br\/serrafm\/#organization","name":"Serra FM 87,9","description":"O seu novo amor!","url":"https:\/\/serrafm879.com.br\/serrafm\/"},{"@type":"Person","@id":"https:\/\/serrafm879.com.br\/serrafm\/author\/serrafm87\/#author","url":"https:\/\/serrafm879.com.br\/serrafm\/author\/serrafm87\/","name":"serrafm87","image":{"@type":"ImageObject","@id":"https:\/\/serrafm879.com.br\/serrafm\/2025\/08\/danilo-esta-fora-da-sudene\/#authorImage","url":"https:\/\/secure.gravatar.com\/avatar\/a743233f1112d34f48bb3dc9559b76eb930bab8b27175856cba6362608736235?s=96&d=mm&r=g","width":96,"height":96,"caption":"serrafm87"}},{"@type":"WebPage","@id":"https:\/\/serrafm879.com.br\/serrafm\/2025\/08\/danilo-esta-fora-da-sudene\/#webpage","url":"https:\/\/serrafm879.com.br\/serrafm\/2025\/08\/danilo-esta-fora-da-sudene\/","name":"Danilo Cabral deixa comando da Sudene ap\u00f3s press\u00e3o pol\u00edtica de lideran\u00e7as cearenses - Serra FM 87,9","description":"O at\u00e9 ent\u00e3o superintendente da Sudene, Danilo Cabral, enviou, h\u00e1 pouco, ao Blog, uma nota comunicando o seu desligamento oficial da entidade. Ap\u00f3s uma semana de tens\u00e3o, com a expectativa se ele seria mantido no cargo ou n\u00e3o, Danilo informou que foi comunicado da sua sa\u00edda esta manh\u00e3. Confira! Nota oficial Fui comunicado de meu desligamento","inLanguage":"pt-BR","isPartOf":{"@id":"https:\/\/serrafm879.com.br\/serrafm\/#website"},"breadcrumb":{"@id":"https:\/\/serrafm879.com.br\/serrafm\/2025\/08\/danilo-esta-fora-da-sudene\/#breadcrumblist"},"author":{"@id":"https:\/\/serrafm879.com.br\/serrafm\/author\/serrafm87\/#author"},"creator":{"@id":"https:\/\/serrafm879.com.br\/serrafm\/author\/serrafm87\/#author"},"image":{"@type":"ImageObject","url":"https:\/\/serrafm879.com.br\/serrafm\/wp-content\/uploads\/2025\/08\/download-3.jpg","@id":"https:\/\/serrafm879.com.br\/serrafm\/2025\/08\/danilo-esta-fora-da-sudene\/#mainImage","width":261,"height":193},"primaryImageOfPage":{"@id":"https:\/\/serrafm879.com.br\/serrafm\/2025\/08\/danilo-esta-fora-da-sudene\/#mainImage"},"datePublished":"2025-08-05T12:50:04-03:00","dateModified":"2025-08-05T12:50:52-03:00"},{"@type":"WebSite","@id":"https:\/\/serrafm879.com.br\/serrafm\/#website","url":"https:\/\/serrafm879.com.br\/serrafm\/","name":"Serra FM 87,9","description":"O seu novo amor!","inLanguage":"pt-BR","publisher":{"@id":"https:\/\/serrafm879.com.br\/serrafm\/#organization"}}]},"twitter:card":"summary_large_image","twitter:title":"Danilo Cabral deixa comando da Sudene ap\u00f3s press\u00e3o pol\u00edtica de lideran\u00e7as cearenses - Serra FM 87,9","twitter:description":"O at\u00e9 ent\u00e3o superintendente da Sudene, Danilo Cabral, enviou, h\u00e1 pouco, ao Blog, uma nota comunicando o seu desligamento oficial da entidade. Ap\u00f3s uma semana de tens\u00e3o, com a expectativa se ele seria mantido no cargo ou n\u00e3o, Danilo informou que foi comunicado da sua sa\u00edda esta manh\u00e3. Confira! Nota oficial Fui comunicado de meu desligamento","twitter:image":"https:\/\/serrafm879.com.br\/serrafm\/wp-content\/uploads\/2025\/08\/download-3.jpg"},"aioseo_meta_data":{"post_id":"23648","title":null,"description":null,"keywords":null,"keyphrases":null,"primary_term":null,"canonical_url":null,"og_title":null,"og_description":null,"og_object_type":"default","og_image_type":"default","og_image_custom_url":null,"og_image_custom_fields":null,"og_image_url":null,"og_image_width":null,"og_image_height":null,"og_video":null,"og_custom_url":null,"og_article_section":null,"og_article_tags":null,"twitter_use_og":false,"twitter_card":"default","twitter_image_type":"default","twitter_image_custom_url":null,"twitter_image_custom_fields":null,"twitter_image_url":null,"twitter_title":null,"twitter_description":null,"schema_type":"default","schema_type_options":null,"schema":{"blockGraphs":[],"customGraphs":[],"default":{"data":{"Article":[],"Course":[],"Dataset":[],"FAQPage":[],"Movie":[],"Person":[],"Product":[],"ProductReview":[],"Car":[],"Recipe":[],"Service":[],"SoftwareApplication":[],"WebPage":[]},"graphName":"","isEnabled":true},"graphs":[]},"pillar_content":false,"robots_default":true,"robots_noindex":false,"robots_noarchive":false,"robots_nosnippet":false,"robots_nofollow":false,"robots_noimageindex":false,"robots_noodp":false,"robots_notranslate":false,"robots_max_snippet":null,"robots_max_videopreview":null,"robots_max_imagepreview":"large","priority":null,"frequency":null,"local_seo":null,"limit_modified_date":false,"ai":null,"breadcrumb_settings":null,"seo_analyzer_scan_date":null,"created":"2026-07-21 16:37:38","updated":"2026-07-21 16:37:38"},"aioseo_breadcrumb":"<div class=\"aioseo-breadcrumbs\"><span class=\"aioseo-breadcrumb\">\n\t\t\t<a href=\"https:\/\/serrafm879.com.br\/serrafm\" title=\"Home\">Home<\/a>\n\t\t<\/span><span class=\"aioseo-breadcrumb-separator\">&raquo;<\/span><span class=\"aioseo-breadcrumb\">\n\t\t\t<a href=\"https:\/\/serrafm879.com.br\/serrafm\/categoria\/noticias\/\" title=\"Not\u00edcias\">Not\u00edcias<\/a>\n\t\t<\/span><span class=\"aioseo-breadcrumb-separator\">&raquo;<\/span><span class=\"aioseo-breadcrumb\">\n\t\t\tDanilo Cabral deixa comando da Sudene ap\u00f3s press\u00e3o pol\u00edtica de lideran\u00e7as cearenses\n\t\t<\/span><\/div>","aioseo_breadcrumb_json":[{"label":"Home","link":"https:\/\/serrafm879.com.br\/serrafm"},{"label":"Not\u00edcias","link":"https:\/\/serrafm879.com.br\/serrafm\/categoria\/noticias\/"},{"label":"Danilo Cabral deixa comando da Sudene ap\u00f3s press\u00e3o pol\u00edtica de lideran\u00e7as cearenses","link":"https:\/\/serrafm879.com.br\/serrafm\/2025\/08\/danilo-esta-fora-da-sudene\/"}],"jetpack_publicize_connections":[],"jetpack_featured_media_url":"https:\/\/serrafm879.com.br\/serrafm\/wp-content\/uploads\/2025\/08\/download-3.jpg","jetpack_shortlink":"https:\/\/wp.me\/p7HyXg-69q","jetpack_sharing_enabled":true,"_links":{"self":[{"href":"https:\/\/serrafm879.com.br\/serrafm\/wp-json\/wp\/v2\/posts\/23648","targetHints":{"allow":["GET"]}}],"collection":[{"href":"https:\/\/serrafm879.com.br\/serrafm\/wp-json\/wp\/v2\/posts"}],"about":[{"href":"https:\/\/serrafm879.com.br\/serrafm\/wp-json\/wp\/v2\/types\/post"}],"author":[{"embeddable":true,"href":"https:\/\/serrafm879.com.br\/serrafm\/wp-json\/wp\/v2\/users\/2"}],"replies":[{"embeddable":true,"href":"https:\/\/serrafm879.com.br\/serrafm\/wp-json\/wp\/v2\/comments?post=23648"}],"version-history":[{"count":2,"href":"https:\/\/serrafm879.com.br\/serrafm\/wp-json\/wp\/v2\/posts\/23648\/revisions"}],"predecessor-version":[{"id":23651,"href":"https:\/\/serrafm879.com.br\/serrafm\/wp-json\/wp\/v2\/posts\/23648\/revisions\/23651"}],"wp:featuredmedia":[{"embeddable":true,"href":"https:\/\/serrafm879.com.br\/serrafm\/wp-json\/wp\/v2\/media\/23649"}],"wp:attachment":[{"href":"https:\/\/serrafm879.com.br\/serrafm\/wp-json\/wp\/v2\/media?parent=23648"}],"wp:term":[{"taxonomy":"category","embeddable":true,"href":"https:\/\/serrafm879.com.br\/serrafm\/wp-json\/wp\/v2\/categories?post=23648"},{"taxonomy":"post_tag","embeddable":true,"href":"https:\/\/serrafm879.com.br\/serrafm\/wp-json\/wp\/v2\/tags?post=23648"}],"curies":[{"name":"wp","href":"https:\/\/api.w.org\/{rel}","templated":true}]}}