{"id":23653,"date":"2025-08-06T10:20:56","date_gmt":"2025-08-06T13:20:56","guid":{"rendered":"https:\/\/serrafm879.com.br\/serrafm\/?p=23653"},"modified":"2025-08-06T10:20:56","modified_gmt":"2025-08-06T13:20:56","slug":"mais-de-nove-mil-estabelecimentos-sao-descredenciados-do-farmacia-popular","status":"publish","type":"post","link":"https:\/\/serrafm879.com.br\/serrafm\/2025\/08\/mais-de-nove-mil-estabelecimentos-sao-descredenciados-do-farmacia-popular\/","title":{"rendered":"Mais de nove mil estabelecimentos s\u00e3o descredenciados do Farm\u00e1cia Popular"},"content":{"rendered":"<p>Mais de nove mil estabelecimentos s\u00e3o descredenciados do Farm\u00e1cia Popular.<\/p>\n<p>\u00c9 o que informou o Minist\u00e9rio da Sa\u00fade ap\u00f3s a renova\u00e7\u00e3o anual obrigat\u00f3ria do sistema, que havia sido interrompida em 2018.<\/p>\n<p>No total, nove mil 180 estabelecimentos foram retirados do programa. Al\u00e9m disso, cinco mil tiveram as atividades suspensas pelo monitoramento que co\u00edbe irregularidades.<\/p>\n<p>De acordo com a pasta, 24 mil seguem no Farm\u00e1cia Popular. Hoje, o programa oferece 41 itens gratuitamente.<\/p>\n<p>Segundo o Minist\u00e9rio da Sa\u00fade, no primeiro semestre deste ano, quase 22 milh\u00f5es de pessoas foram beneficiadas com rem\u00e9dios de gra\u00e7a.<\/p>\n<p>O objetivo do governo \u00e9 atender 26 milh\u00f5es de cidad\u00e3os at\u00e9 o fim deste ano.<\/p>\n<p>No monitoramento s\u00e3o avaliados 25 indicadores. Entre eles est\u00e3o a frequ\u00eancia de retirada de medicamentos e uso indevido de CPFs.<\/p>\n<p>Nos primeiros tr\u00eas meses de 2025 foram bloqueadas mais de 12 milh\u00f5es e 700 mil tentativas de solicita\u00e7\u00f5es de rem\u00e9dios com ind\u00edcios de irregularidades no Farm\u00e1cia Popular.<\/p>\n","protected":false},"excerpt":{"rendered":"<p>Mais de nove mil estabelecimentos s\u00e3o descredenciados do Farm\u00e1cia Popular. \u00c9 o que informou o Minist\u00e9rio da Sa\u00fade ap\u00f3s a renova\u00e7\u00e3o anual obrigat\u00f3ria do sistema, que havia sido interrompida em 2018. No total, nove mil 180 estabelecimentos foram retirados do programa. Al\u00e9m disso, cinco mil tiveram as atividades suspensas pelo monitoramento que co\u00edbe irregularidades. De acordo com a pasta, 24 mil seguem no Farm\u00e1cia Popular. Hoje, o programa oferece 41 itens gratuitamente. Segundo o Minist\u00e9rio da Sa\u00fade, no primeiro semestre deste ano, quase 22 milh\u00f5es de pessoas foram beneficiadas com rem\u00e9dios de gra\u00e7a. O objetivo do governo \u00e9 atender 26 [&hellip;]<\/p>\n","protected":false},"author":2,"featured_media":23654,"comment_status":"open","ping_status":"open","sticky":false,"template":"","format":"standard","meta":{"_jetpack_newsletter_access":"","_jetpack_dont_email_post_to_subs":false,"_jetpack_newsletter_tier_id":0,"_jetpack_memberships_contains_paywalled_content":false,"_jetpack_feature_clip_id":0,"_jetpack_memberships_contains_paid_content":false,"footnotes":"","jetpack_publicize_message":"","jetpack_publicize_feature_enabled":true,"jetpack_social_post_already_shared":true,"jetpack_social_options":{"image_generator_settings":{"template":"highway","default_image_id":0,"font":"","enabled":false},"version":2},"jetpack_post_was_ever_published":false},"categories":[2],"tags":[],"class_list":["post-23653","post","type-post","status-publish","format-standard","has-post-thumbnail","hentry","category-noticias"],"aioseo_notices":[],"aioseo_head":"\n\t\t<!-- All in One SEO 4.9.10 - aioseo.com -->\n\t<meta name=\"description\" content=\"Mais de nove mil estabelecimentos s\u00e3o descredenciados do Farm\u00e1cia Popular. \u00c9 o que informou o Minist\u00e9rio da Sa\u00fade ap\u00f3s a renova\u00e7\u00e3o anual obrigat\u00f3ria do sistema, que havia sido interrompida em 2018. No total, nove mil 180 estabelecimentos foram retirados do programa. Al\u00e9m disso, cinco mil tiveram as atividades suspensas pelo monitoramento que co\u00edbe irregularidades. De\" \/>\n\t<meta name=\"robots\" content=\"max-image-preview:large\" \/>\n\t<meta name=\"author\" content=\"serrafm87\"\/>\n\t<link rel=\"canonical\" href=\"https:\/\/serrafm879.com.br\/serrafm\/2025\/08\/mais-de-nove-mil-estabelecimentos-sao-descredenciados-do-farmacia-popular\/\" \/>\n\t<meta name=\"generator\" content=\"All in One SEO (AIOSEO) 4.9.10\" \/>\n\t\t<meta name=\"twitter:card\" content=\"summary_large_image\" \/>\n\t\t<meta name=\"twitter:title\" content=\"Mais de nove mil estabelecimentos s\u00e3o descredenciados do Farm\u00e1cia Popular - Serra FM 87,9\" \/>\n\t\t<meta name=\"twitter:description\" content=\"Mais de nove mil estabelecimentos s\u00e3o descredenciados do Farm\u00e1cia Popular. \u00c9 o que informou o Minist\u00e9rio da Sa\u00fade ap\u00f3s a renova\u00e7\u00e3o anual obrigat\u00f3ria do sistema, que havia sido interrompida em 2018. No total, nove mil 180 estabelecimentos foram retirados do programa. Al\u00e9m disso, cinco mil tiveram as atividades suspensas pelo monitoramento que co\u00edbe irregularidades. De\" \/>\n\t\t<meta name=\"twitter:image\" content=\"https:\/\/serrafm879.com.br\/serrafm\/wp-content\/uploads\/2025\/08\/Captura-de-tela-2025-08-06-102212.png\" \/>\n\t\t<script type=\"application\/ld+json\" class=\"aioseo-schema\">\n\t\t\t{\"@context\":\"https:\\\/\\\/schema.org\",\"@graph\":[{\"@type\":\"BlogPosting\",\"@id\":\"https:\\\/\\\/serrafm879.com.br\\\/serrafm\\\/2025\\\/08\\\/mais-de-nove-mil-estabelecimentos-sao-descredenciados-do-farmacia-popular\\\/#blogposting\",\"name\":\"Mais de nove mil estabelecimentos s\\u00e3o descredenciados do Farm\\u00e1cia Popular - Serra FM 87,9\",\"headline\":\"Mais de nove mil estabelecimentos s\\u00e3o descredenciados do Farm\\u00e1cia Popular\",\"author\":{\"@id\":\"https:\\\/\\\/serrafm879.com.br\\\/serrafm\\\/author\\\/serrafm87\\\/#author\"},\"publisher\":{\"@id\":\"https:\\\/\\\/serrafm879.com.br\\\/serrafm\\\/#organization\"},\"image\":{\"@type\":\"ImageObject\",\"url\":\"https:\\\/\\\/serrafm879.com.br\\\/serrafm\\\/wp-content\\\/uploads\\\/2025\\\/08\\\/Captura-de-tela-2025-08-06-102212.png\",\"width\":761,\"height\":467},\"datePublished\":\"2025-08-06T10:20:56-03:00\",\"dateModified\":\"2025-08-06T10:20:56-03:00\",\"inLanguage\":\"pt-BR\",\"mainEntityOfPage\":{\"@id\":\"https:\\\/\\\/serrafm879.com.br\\\/serrafm\\\/2025\\\/08\\\/mais-de-nove-mil-estabelecimentos-sao-descredenciados-do-farmacia-popular\\\/#webpage\"},\"isPartOf\":{\"@id\":\"https:\\\/\\\/serrafm879.com.br\\\/serrafm\\\/2025\\\/08\\\/mais-de-nove-mil-estabelecimentos-sao-descredenciados-do-farmacia-popular\\\/#webpage\"},\"articleSection\":\"Not\\u00edcias\"},{\"@type\":\"BreadcrumbList\",\"@id\":\"https:\\\/\\\/serrafm879.com.br\\\/serrafm\\\/2025\\\/08\\\/mais-de-nove-mil-estabelecimentos-sao-descredenciados-do-farmacia-popular\\\/#breadcrumblist\",\"itemListElement\":[{\"@type\":\"ListItem\",\"@id\":\"https:\\\/\\\/serrafm879.com.br\\\/serrafm#listItem\",\"position\":1,\"name\":\"Home\",\"item\":\"https:\\\/\\\/serrafm879.com.br\\\/serrafm\",\"nextItem\":{\"@type\":\"ListItem\",\"@id\":\"https:\\\/\\\/serrafm879.com.br\\\/serrafm\\\/categoria\\\/noticias\\\/#listItem\",\"name\":\"Not\\u00edcias\"}},{\"@type\":\"ListItem\",\"@id\":\"https:\\\/\\\/serrafm879.com.br\\\/serrafm\\\/categoria\\\/noticias\\\/#listItem\",\"position\":2,\"name\":\"Not\\u00edcias\",\"item\":\"https:\\\/\\\/serrafm879.com.br\\\/serrafm\\\/categoria\\\/noticias\\\/\",\"nextItem\":{\"@type\":\"ListItem\",\"@id\":\"https:\\\/\\\/serrafm879.com.br\\\/serrafm\\\/2025\\\/08\\\/mais-de-nove-mil-estabelecimentos-sao-descredenciados-do-farmacia-popular\\\/#listItem\",\"name\":\"Mais de nove mil estabelecimentos s\\u00e3o descredenciados do Farm\\u00e1cia Popular\"},\"previousItem\":{\"@type\":\"ListItem\",\"@id\":\"https:\\\/\\\/serrafm879.com.br\\\/serrafm#listItem\",\"name\":\"Home\"}},{\"@type\":\"ListItem\",\"@id\":\"https:\\\/\\\/serrafm879.com.br\\\/serrafm\\\/2025\\\/08\\\/mais-de-nove-mil-estabelecimentos-sao-descredenciados-do-farmacia-popular\\\/#listItem\",\"position\":3,\"name\":\"Mais de nove mil estabelecimentos s\\u00e3o descredenciados do Farm\\u00e1cia Popular\",\"previousItem\":{\"@type\":\"ListItem\",\"@id\":\"https:\\\/\\\/serrafm879.com.br\\\/serrafm\\\/categoria\\\/noticias\\\/#listItem\",\"name\":\"Not\\u00edcias\"}}]},{\"@type\":\"Organization\",\"@id\":\"https:\\\/\\\/serrafm879.com.br\\\/serrafm\\\/#organization\",\"name\":\"Serra FM 87,9\",\"description\":\"O seu novo amor!\",\"url\":\"https:\\\/\\\/serrafm879.com.br\\\/serrafm\\\/\"},{\"@type\":\"Person\",\"@id\":\"https:\\\/\\\/serrafm879.com.br\\\/serrafm\\\/author\\\/serrafm87\\\/#author\",\"url\":\"https:\\\/\\\/serrafm879.com.br\\\/serrafm\\\/author\\\/serrafm87\\\/\",\"name\":\"serrafm87\",\"image\":{\"@type\":\"ImageObject\",\"@id\":\"https:\\\/\\\/serrafm879.com.br\\\/serrafm\\\/2025\\\/08\\\/mais-de-nove-mil-estabelecimentos-sao-descredenciados-do-farmacia-popular\\\/#authorImage\",\"url\":\"https:\\\/\\\/secure.gravatar.com\\\/avatar\\\/a743233f1112d34f48bb3dc9559b76eb930bab8b27175856cba6362608736235?s=96&d=mm&r=g\",\"width\":96,\"height\":96,\"caption\":\"serrafm87\"}},{\"@type\":\"WebPage\",\"@id\":\"https:\\\/\\\/serrafm879.com.br\\\/serrafm\\\/2025\\\/08\\\/mais-de-nove-mil-estabelecimentos-sao-descredenciados-do-farmacia-popular\\\/#webpage\",\"url\":\"https:\\\/\\\/serrafm879.com.br\\\/serrafm\\\/2025\\\/08\\\/mais-de-nove-mil-estabelecimentos-sao-descredenciados-do-farmacia-popular\\\/\",\"name\":\"Mais de nove mil estabelecimentos s\\u00e3o descredenciados do Farm\\u00e1cia Popular - Serra FM 87,9\",\"description\":\"Mais de nove mil estabelecimentos s\\u00e3o descredenciados do Farm\\u00e1cia Popular. \\u00c9 o que informou o Minist\\u00e9rio da Sa\\u00fade ap\\u00f3s a renova\\u00e7\\u00e3o anual obrigat\\u00f3ria do sistema, que havia sido interrompida em 2018. No total, nove mil 180 estabelecimentos foram retirados do programa. Al\\u00e9m disso, cinco mil tiveram as atividades suspensas pelo monitoramento que co\\u00edbe irregularidades. De\",\"inLanguage\":\"pt-BR\",\"isPartOf\":{\"@id\":\"https:\\\/\\\/serrafm879.com.br\\\/serrafm\\\/#website\"},\"breadcrumb\":{\"@id\":\"https:\\\/\\\/serrafm879.com.br\\\/serrafm\\\/2025\\\/08\\\/mais-de-nove-mil-estabelecimentos-sao-descredenciados-do-farmacia-popular\\\/#breadcrumblist\"},\"author\":{\"@id\":\"https:\\\/\\\/serrafm879.com.br\\\/serrafm\\\/author\\\/serrafm87\\\/#author\"},\"creator\":{\"@id\":\"https:\\\/\\\/serrafm879.com.br\\\/serrafm\\\/author\\\/serrafm87\\\/#author\"},\"image\":{\"@type\":\"ImageObject\",\"url\":\"https:\\\/\\\/serrafm879.com.br\\\/serrafm\\\/wp-content\\\/uploads\\\/2025\\\/08\\\/Captura-de-tela-2025-08-06-102212.png\",\"@id\":\"https:\\\/\\\/serrafm879.com.br\\\/serrafm\\\/2025\\\/08\\\/mais-de-nove-mil-estabelecimentos-sao-descredenciados-do-farmacia-popular\\\/#mainImage\",\"width\":761,\"height\":467},\"primaryImageOfPage\":{\"@id\":\"https:\\\/\\\/serrafm879.com.br\\\/serrafm\\\/2025\\\/08\\\/mais-de-nove-mil-estabelecimentos-sao-descredenciados-do-farmacia-popular\\\/#mainImage\"},\"datePublished\":\"2025-08-06T10:20:56-03:00\",\"dateModified\":\"2025-08-06T10:20:56-03:00\"},{\"@type\":\"WebSite\",\"@id\":\"https:\\\/\\\/serrafm879.com.br\\\/serrafm\\\/#website\",\"url\":\"https:\\\/\\\/serrafm879.com.br\\\/serrafm\\\/\",\"name\":\"Serra FM 87,9\",\"description\":\"O seu novo amor!\",\"inLanguage\":\"pt-BR\",\"publisher\":{\"@id\":\"https:\\\/\\\/serrafm879.com.br\\\/serrafm\\\/#organization\"}}]}\n\t\t<\/script>\n\t\t<!-- All in One SEO -->\n\n","aioseo_head_json":{"title":"Mais de nove mil estabelecimentos s\u00e3o descredenciados do Farm\u00e1cia Popular - Serra FM 87,9","description":"Mais de nove mil estabelecimentos s\u00e3o descredenciados do Farm\u00e1cia Popular. \u00c9 o que informou o Minist\u00e9rio da Sa\u00fade ap\u00f3s a renova\u00e7\u00e3o anual obrigat\u00f3ria do sistema, que havia sido interrompida em 2018. No total, nove mil 180 estabelecimentos foram retirados do programa. Al\u00e9m disso, cinco mil tiveram as atividades suspensas pelo monitoramento que co\u00edbe irregularidades. De","canonical_url":"https:\/\/serrafm879.com.br\/serrafm\/2025\/08\/mais-de-nove-mil-estabelecimentos-sao-descredenciados-do-farmacia-popular\/","robots":"max-image-preview:large","keywords":"","webmasterTools":{"miscellaneous":""},"schema":{"@context":"https:\/\/schema.org","@graph":[{"@type":"BlogPosting","@id":"https:\/\/serrafm879.com.br\/serrafm\/2025\/08\/mais-de-nove-mil-estabelecimentos-sao-descredenciados-do-farmacia-popular\/#blogposting","name":"Mais de nove mil estabelecimentos s\u00e3o descredenciados do Farm\u00e1cia Popular - Serra FM 87,9","headline":"Mais de nove mil estabelecimentos s\u00e3o descredenciados do Farm\u00e1cia Popular","author":{"@id":"https:\/\/serrafm879.com.br\/serrafm\/author\/serrafm87\/#author"},"publisher":{"@id":"https:\/\/serrafm879.com.br\/serrafm\/#organization"},"image":{"@type":"ImageObject","url":"https:\/\/serrafm879.com.br\/serrafm\/wp-content\/uploads\/2025\/08\/Captura-de-tela-2025-08-06-102212.png","width":761,"height":467},"datePublished":"2025-08-06T10:20:56-03:00","dateModified":"2025-08-06T10:20:56-03:00","inLanguage":"pt-BR","mainEntityOfPage":{"@id":"https:\/\/serrafm879.com.br\/serrafm\/2025\/08\/mais-de-nove-mil-estabelecimentos-sao-descredenciados-do-farmacia-popular\/#webpage"},"isPartOf":{"@id":"https:\/\/serrafm879.com.br\/serrafm\/2025\/08\/mais-de-nove-mil-estabelecimentos-sao-descredenciados-do-farmacia-popular\/#webpage"},"articleSection":"Not\u00edcias"},{"@type":"BreadcrumbList","@id":"https:\/\/serrafm879.com.br\/serrafm\/2025\/08\/mais-de-nove-mil-estabelecimentos-sao-descredenciados-do-farmacia-popular\/#breadcrumblist","itemListElement":[{"@type":"ListItem","@id":"https:\/\/serrafm879.com.br\/serrafm#listItem","position":1,"name":"Home","item":"https:\/\/serrafm879.com.br\/serrafm","nextItem":{"@type":"ListItem","@id":"https:\/\/serrafm879.com.br\/serrafm\/categoria\/noticias\/#listItem","name":"Not\u00edcias"}},{"@type":"ListItem","@id":"https:\/\/serrafm879.com.br\/serrafm\/categoria\/noticias\/#listItem","position":2,"name":"Not\u00edcias","item":"https:\/\/serrafm879.com.br\/serrafm\/categoria\/noticias\/","nextItem":{"@type":"ListItem","@id":"https:\/\/serrafm879.com.br\/serrafm\/2025\/08\/mais-de-nove-mil-estabelecimentos-sao-descredenciados-do-farmacia-popular\/#listItem","name":"Mais de nove mil estabelecimentos s\u00e3o descredenciados do Farm\u00e1cia Popular"},"previousItem":{"@type":"ListItem","@id":"https:\/\/serrafm879.com.br\/serrafm#listItem","name":"Home"}},{"@type":"ListItem","@id":"https:\/\/serrafm879.com.br\/serrafm\/2025\/08\/mais-de-nove-mil-estabelecimentos-sao-descredenciados-do-farmacia-popular\/#listItem","position":3,"name":"Mais de nove mil estabelecimentos s\u00e3o descredenciados do Farm\u00e1cia Popular","previousItem":{"@type":"ListItem","@id":"https:\/\/serrafm879.com.br\/serrafm\/categoria\/noticias\/#listItem","name":"Not\u00edcias"}}]},{"@type":"Organization","@id":"https:\/\/serrafm879.com.br\/serrafm\/#organization","name":"Serra FM 87,9","description":"O seu novo amor!","url":"https:\/\/serrafm879.com.br\/serrafm\/"},{"@type":"Person","@id":"https:\/\/serrafm879.com.br\/serrafm\/author\/serrafm87\/#author","url":"https:\/\/serrafm879.com.br\/serrafm\/author\/serrafm87\/","name":"serrafm87","image":{"@type":"ImageObject","@id":"https:\/\/serrafm879.com.br\/serrafm\/2025\/08\/mais-de-nove-mil-estabelecimentos-sao-descredenciados-do-farmacia-popular\/#authorImage","url":"https:\/\/secure.gravatar.com\/avatar\/a743233f1112d34f48bb3dc9559b76eb930bab8b27175856cba6362608736235?s=96&d=mm&r=g","width":96,"height":96,"caption":"serrafm87"}},{"@type":"WebPage","@id":"https:\/\/serrafm879.com.br\/serrafm\/2025\/08\/mais-de-nove-mil-estabelecimentos-sao-descredenciados-do-farmacia-popular\/#webpage","url":"https:\/\/serrafm879.com.br\/serrafm\/2025\/08\/mais-de-nove-mil-estabelecimentos-sao-descredenciados-do-farmacia-popular\/","name":"Mais de nove mil estabelecimentos s\u00e3o descredenciados do Farm\u00e1cia Popular - Serra FM 87,9","description":"Mais de nove mil estabelecimentos s\u00e3o descredenciados do Farm\u00e1cia Popular. \u00c9 o que informou o Minist\u00e9rio da Sa\u00fade ap\u00f3s a renova\u00e7\u00e3o anual obrigat\u00f3ria do sistema, que havia sido interrompida em 2018. No total, nove mil 180 estabelecimentos foram retirados do programa. Al\u00e9m disso, cinco mil tiveram as atividades suspensas pelo monitoramento que co\u00edbe irregularidades. De","inLanguage":"pt-BR","isPartOf":{"@id":"https:\/\/serrafm879.com.br\/serrafm\/#website"},"breadcrumb":{"@id":"https:\/\/serrafm879.com.br\/serrafm\/2025\/08\/mais-de-nove-mil-estabelecimentos-sao-descredenciados-do-farmacia-popular\/#breadcrumblist"},"author":{"@id":"https:\/\/serrafm879.com.br\/serrafm\/author\/serrafm87\/#author"},"creator":{"@id":"https:\/\/serrafm879.com.br\/serrafm\/author\/serrafm87\/#author"},"image":{"@type":"ImageObject","url":"https:\/\/serrafm879.com.br\/serrafm\/wp-content\/uploads\/2025\/08\/Captura-de-tela-2025-08-06-102212.png","@id":"https:\/\/serrafm879.com.br\/serrafm\/2025\/08\/mais-de-nove-mil-estabelecimentos-sao-descredenciados-do-farmacia-popular\/#mainImage","width":761,"height":467},"primaryImageOfPage":{"@id":"https:\/\/serrafm879.com.br\/serrafm\/2025\/08\/mais-de-nove-mil-estabelecimentos-sao-descredenciados-do-farmacia-popular\/#mainImage"},"datePublished":"2025-08-06T10:20:56-03:00","dateModified":"2025-08-06T10:20:56-03:00"},{"@type":"WebSite","@id":"https:\/\/serrafm879.com.br\/serrafm\/#website","url":"https:\/\/serrafm879.com.br\/serrafm\/","name":"Serra FM 87,9","description":"O seu novo amor!","inLanguage":"pt-BR","publisher":{"@id":"https:\/\/serrafm879.com.br\/serrafm\/#organization"}}]},"twitter:card":"summary_large_image","twitter:title":"Mais de nove mil estabelecimentos s\u00e3o descredenciados do Farm\u00e1cia Popular - Serra FM 87,9","twitter:description":"Mais de nove mil estabelecimentos s\u00e3o descredenciados do Farm\u00e1cia Popular. \u00c9 o que informou o Minist\u00e9rio da Sa\u00fade ap\u00f3s a renova\u00e7\u00e3o anual obrigat\u00f3ria do sistema, que havia sido interrompida em 2018. No total, nove mil 180 estabelecimentos foram retirados do programa. Al\u00e9m disso, cinco mil tiveram as atividades suspensas pelo monitoramento que co\u00edbe irregularidades. De","twitter:image":"https:\/\/serrafm879.com.br\/serrafm\/wp-content\/uploads\/2025\/08\/Captura-de-tela-2025-08-06-102212.png"},"aioseo_meta_data":{"post_id":"23653","title":null,"description":null,"keywords":null,"keyphrases":null,"primary_term":null,"canonical_url":null,"og_title":null,"og_description":null,"og_object_type":"default","og_image_type":"default","og_image_custom_url":null,"og_image_custom_fields":null,"og_image_url":null,"og_image_width":null,"og_image_height":null,"og_video":null,"og_custom_url":null,"og_article_section":null,"og_article_tags":null,"twitter_use_og":false,"twitter_card":"default","twitter_image_type":"default","twitter_image_custom_url":null,"twitter_image_custom_fields":null,"twitter_image_url":null,"twitter_title":null,"twitter_description":null,"schema_type":"default","schema_type_options":null,"schema":{"blockGraphs":[],"customGraphs":[],"default":{"data":{"Article":[],"Course":[],"Dataset":[],"FAQPage":[],"Movie":[],"Person":[],"Product":[],"ProductReview":[],"Car":[],"Recipe":[],"Service":[],"SoftwareApplication":[],"WebPage":[]},"graphName":"","isEnabled":true},"graphs":[]},"pillar_content":false,"robots_default":true,"robots_noindex":false,"robots_noarchive":false,"robots_nosnippet":false,"robots_nofollow":false,"robots_noimageindex":false,"robots_noodp":false,"robots_notranslate":false,"robots_max_snippet":null,"robots_max_videopreview":null,"robots_max_imagepreview":"large","priority":null,"frequency":null,"local_seo":null,"limit_modified_date":false,"ai":null,"breadcrumb_settings":null,"seo_analyzer_scan_date":null,"created":"2026-07-21 16:37:38","updated":"2026-07-21 16:37:38"},"aioseo_breadcrumb":"<div class=\"aioseo-breadcrumbs\"><span class=\"aioseo-breadcrumb\">\n\t\t\t<a href=\"https:\/\/serrafm879.com.br\/serrafm\" title=\"Home\">Home<\/a>\n\t\t<\/span><span class=\"aioseo-breadcrumb-separator\">&raquo;<\/span><span class=\"aioseo-breadcrumb\">\n\t\t\t<a href=\"https:\/\/serrafm879.com.br\/serrafm\/categoria\/noticias\/\" title=\"Not\u00edcias\">Not\u00edcias<\/a>\n\t\t<\/span><span class=\"aioseo-breadcrumb-separator\">&raquo;<\/span><span class=\"aioseo-breadcrumb\">\n\t\t\tMais de nove mil estabelecimentos s\u00e3o descredenciados do Farm\u00e1cia Popular\n\t\t<\/span><\/div>","aioseo_breadcrumb_json":[{"label":"Home","link":"https:\/\/serrafm879.com.br\/serrafm"},{"label":"Not\u00edcias","link":"https:\/\/serrafm879.com.br\/serrafm\/categoria\/noticias\/"},{"label":"Mais de nove mil estabelecimentos s\u00e3o descredenciados do Farm\u00e1cia Popular","link":"https:\/\/serrafm879.com.br\/serrafm\/2025\/08\/mais-de-nove-mil-estabelecimentos-sao-descredenciados-do-farmacia-popular\/"}],"jetpack_publicize_connections":[],"jetpack_featured_media_url":"https:\/\/serrafm879.com.br\/serrafm\/wp-content\/uploads\/2025\/08\/Captura-de-tela-2025-08-06-102212.png","jetpack_shortlink":"https:\/\/wp.me\/p7HyXg-69v","jetpack_sharing_enabled":true,"_links":{"self":[{"href":"https:\/\/serrafm879.com.br\/serrafm\/wp-json\/wp\/v2\/posts\/23653","targetHints":{"allow":["GET"]}}],"collection":[{"href":"https:\/\/serrafm879.com.br\/serrafm\/wp-json\/wp\/v2\/posts"}],"about":[{"href":"https:\/\/serrafm879.com.br\/serrafm\/wp-json\/wp\/v2\/types\/post"}],"author":[{"embeddable":true,"href":"https:\/\/serrafm879.com.br\/serrafm\/wp-json\/wp\/v2\/users\/2"}],"replies":[{"embeddable":true,"href":"https:\/\/serrafm879.com.br\/serrafm\/wp-json\/wp\/v2\/comments?post=23653"}],"version-history":[{"count":1,"href":"https:\/\/serrafm879.com.br\/serrafm\/wp-json\/wp\/v2\/posts\/23653\/revisions"}],"predecessor-version":[{"id":23655,"href":"https:\/\/serrafm879.com.br\/serrafm\/wp-json\/wp\/v2\/posts\/23653\/revisions\/23655"}],"wp:featuredmedia":[{"embeddable":true,"href":"https:\/\/serrafm879.com.br\/serrafm\/wp-json\/wp\/v2\/media\/23654"}],"wp:attachment":[{"href":"https:\/\/serrafm879.com.br\/serrafm\/wp-json\/wp\/v2\/media?parent=23653"}],"wp:term":[{"taxonomy":"category","embeddable":true,"href":"https:\/\/serrafm879.com.br\/serrafm\/wp-json\/wp\/v2\/categories?post=23653"},{"taxonomy":"post_tag","embeddable":true,"href":"https:\/\/serrafm879.com.br\/serrafm\/wp-json\/wp\/v2\/tags?post=23653"}],"curies":[{"name":"wp","href":"https:\/\/api.w.org\/{rel}","templated":true}]}}