{"id":23656,"date":"2025-08-06T10:23:05","date_gmt":"2025-08-06T13:23:05","guid":{"rendered":"https:\/\/serrafm879.com.br\/serrafm\/?p=23656"},"modified":"2025-08-06T10:23:05","modified_gmt":"2025-08-06T13:23:05","slug":"cidade-de-solidao-tem-o-pior-sistema-de-abastecimento-de-agua-de-pernambuco","status":"publish","type":"post","link":"https:\/\/serrafm879.com.br\/serrafm\/2025\/08\/cidade-de-solidao-tem-o-pior-sistema-de-abastecimento-de-agua-de-pernambuco\/","title":{"rendered":"Cidade de Solid\u00e3o tem o pior sistema de abastecimento de \u00e1gua de Pernambuco"},"content":{"rendered":"<p>A cidade de Solid\u00e3o, localizada no Sert\u00e3o do Paje\u00fa, enfrenta uma das situa\u00e7\u00f5es mais cr\u00edticas de abastecimento de \u00e1gua em todo o estado de Pernambuco. Segundo levantamento realizado pela equipe do deputado Pedro Campos, o munic\u00edpio figura entre os piores \u00edndices nesse quesito, revelando um cen\u00e1rio preocupante para a popula\u00e7\u00e3o local.<\/p>\n<p>Apesar da gravidade do problema, chama aten\u00e7\u00e3o o sil\u00eancio do prefeito Maycon diante da situa\u00e7\u00e3o. At\u00e9 o momento, n\u00e3o houve iniciativas concretas da gest\u00e3o municipal para buscar solu\u00e7\u00f5es ou, ao menos, reconhecer o sofrimento dos solidanenses. Em meio a um contexto de estiagem prolongada e dificuldade de acesso \u00e0 \u00e1gua pot\u00e1vel, a aus\u00eancia de lideran\u00e7a agrava ainda mais o sentimento de abandono.<\/p>\n<p>Diante disso, \u00e9 urgente que o poder p\u00fablico \u2013 municipal e estadual \u2013 unam esfor\u00e7os para garantir investimentos em infraestrutura h\u00eddrica, ampliar o acesso \u00e0 \u00e1gua de qualidade e, principalmente, ouvir a popula\u00e7\u00e3o de Solid\u00e3o. \u00c1gua \u00e9 um direito b\u00e1sico, e a sua escassez n\u00e3o pode continuar sendo tratada com descaso.<\/p>\n","protected":false},"excerpt":{"rendered":"<p>A cidade de Solid\u00e3o, localizada no Sert\u00e3o do Paje\u00fa, enfrenta uma das situa\u00e7\u00f5es mais cr\u00edticas de abastecimento de \u00e1gua em todo o estado de Pernambuco. Segundo levantamento realizado pela equipe do deputado Pedro Campos, o munic\u00edpio figura entre os piores \u00edndices nesse quesito, revelando um cen\u00e1rio preocupante para a popula\u00e7\u00e3o local. Apesar da gravidade do problema, chama aten\u00e7\u00e3o o sil\u00eancio do prefeito Maycon diante da situa\u00e7\u00e3o. At\u00e9 o momento, n\u00e3o houve iniciativas concretas da gest\u00e3o municipal para buscar solu\u00e7\u00f5es ou, ao menos, reconhecer o sofrimento dos solidanenses. Em meio a um contexto de estiagem prolongada e dificuldade de acesso \u00e0 [&hellip;]<\/p>\n","protected":false},"author":2,"featured_media":18940,"comment_status":"open","ping_status":"open","sticky":false,"template":"","format":"standard","meta":{"_jetpack_newsletter_access":"","_jetpack_dont_email_post_to_subs":false,"_jetpack_newsletter_tier_id":0,"_jetpack_memberships_contains_paywalled_content":false,"_jetpack_feature_clip_id":0,"_jetpack_memberships_contains_paid_content":false,"footnotes":"","jetpack_publicize_message":"","jetpack_publicize_feature_enabled":true,"jetpack_social_post_already_shared":true,"jetpack_social_options":{"image_generator_settings":{"template":"highway","default_image_id":0,"font":"","enabled":false},"version":2},"jetpack_post_was_ever_published":false},"categories":[2],"tags":[],"class_list":["post-23656","post","type-post","status-publish","format-standard","has-post-thumbnail","hentry","category-noticias"],"aioseo_notices":[],"aioseo_head":"\n\t\t<!-- All in One SEO 4.9.10 - aioseo.com -->\n\t<meta name=\"description\" content=\"A cidade de Solid\u00e3o, localizada no Sert\u00e3o do Paje\u00fa, enfrenta uma das situa\u00e7\u00f5es mais cr\u00edticas de abastecimento de \u00e1gua em todo o estado de Pernambuco. Segundo levantamento realizado pela equipe do deputado Pedro Campos, o munic\u00edpio figura entre os piores \u00edndices nesse quesito, revelando um cen\u00e1rio preocupante para a popula\u00e7\u00e3o local. Apesar da gravidade do\" \/>\n\t<meta name=\"robots\" content=\"max-image-preview:large\" \/>\n\t<meta name=\"author\" content=\"serrafm87\"\/>\n\t<link rel=\"canonical\" href=\"https:\/\/serrafm879.com.br\/serrafm\/2025\/08\/cidade-de-solidao-tem-o-pior-sistema-de-abastecimento-de-agua-de-pernambuco\/\" \/>\n\t<meta name=\"generator\" content=\"All in One SEO (AIOSEO) 4.9.10\" \/>\n\t\t<meta name=\"twitter:card\" content=\"summary_large_image\" \/>\n\t\t<meta name=\"twitter:title\" content=\"Cidade de Solid\u00e3o tem o pior sistema de abastecimento de \u00e1gua de Pernambuco - Serra FM 87,9\" \/>\n\t\t<meta name=\"twitter:description\" content=\"A cidade de Solid\u00e3o, localizada no Sert\u00e3o do Paje\u00fa, enfrenta uma das situa\u00e7\u00f5es mais cr\u00edticas de abastecimento de \u00e1gua em todo o estado de Pernambuco. Segundo levantamento realizado pela equipe do deputado Pedro Campos, o munic\u00edpio figura entre os piores \u00edndices nesse quesito, revelando um cen\u00e1rio preocupante para a popula\u00e7\u00e3o local. Apesar da gravidade do\" \/>\n\t\t<meta name=\"twitter:image\" content=\"https:\/\/serrafm879.com.br\/serrafm\/wp-content\/uploads\/2024\/11\/sem-agua-nas-torneiras-1024x682-1.jpg\" \/>\n\t\t<script type=\"application\/ld+json\" class=\"aioseo-schema\">\n\t\t\t{\"@context\":\"https:\\\/\\\/schema.org\",\"@graph\":[{\"@type\":\"BlogPosting\",\"@id\":\"https:\\\/\\\/serrafm879.com.br\\\/serrafm\\\/2025\\\/08\\\/cidade-de-solidao-tem-o-pior-sistema-de-abastecimento-de-agua-de-pernambuco\\\/#blogposting\",\"name\":\"Cidade de Solid\\u00e3o tem o pior sistema de abastecimento de \\u00e1gua de Pernambuco - Serra FM 87,9\",\"headline\":\"Cidade de Solid\\u00e3o tem o pior sistema de abastecimento de \\u00e1gua de Pernambuco\",\"author\":{\"@id\":\"https:\\\/\\\/serrafm879.com.br\\\/serrafm\\\/author\\\/serrafm87\\\/#author\"},\"publisher\":{\"@id\":\"https:\\\/\\\/serrafm879.com.br\\\/serrafm\\\/#organization\"},\"image\":{\"@type\":\"ImageObject\",\"url\":\"https:\\\/\\\/serrafm879.com.br\\\/serrafm\\\/wp-content\\\/uploads\\\/2024\\\/11\\\/sem-agua-nas-torneiras-1024x682-1.jpg\",\"width\":1024,\"height\":682},\"datePublished\":\"2025-08-06T10:23:05-03:00\",\"dateModified\":\"2025-08-06T10:23:05-03:00\",\"inLanguage\":\"pt-BR\",\"mainEntityOfPage\":{\"@id\":\"https:\\\/\\\/serrafm879.com.br\\\/serrafm\\\/2025\\\/08\\\/cidade-de-solidao-tem-o-pior-sistema-de-abastecimento-de-agua-de-pernambuco\\\/#webpage\"},\"isPartOf\":{\"@id\":\"https:\\\/\\\/serrafm879.com.br\\\/serrafm\\\/2025\\\/08\\\/cidade-de-solidao-tem-o-pior-sistema-de-abastecimento-de-agua-de-pernambuco\\\/#webpage\"},\"articleSection\":\"Not\\u00edcias\"},{\"@type\":\"BreadcrumbList\",\"@id\":\"https:\\\/\\\/serrafm879.com.br\\\/serrafm\\\/2025\\\/08\\\/cidade-de-solidao-tem-o-pior-sistema-de-abastecimento-de-agua-de-pernambuco\\\/#breadcrumblist\",\"itemListElement\":[{\"@type\":\"ListItem\",\"@id\":\"https:\\\/\\\/serrafm879.com.br\\\/serrafm#listItem\",\"position\":1,\"name\":\"Home\",\"item\":\"https:\\\/\\\/serrafm879.com.br\\\/serrafm\",\"nextItem\":{\"@type\":\"ListItem\",\"@id\":\"https:\\\/\\\/serrafm879.com.br\\\/serrafm\\\/categoria\\\/noticias\\\/#listItem\",\"name\":\"Not\\u00edcias\"}},{\"@type\":\"ListItem\",\"@id\":\"https:\\\/\\\/serrafm879.com.br\\\/serrafm\\\/categoria\\\/noticias\\\/#listItem\",\"position\":2,\"name\":\"Not\\u00edcias\",\"item\":\"https:\\\/\\\/serrafm879.com.br\\\/serrafm\\\/categoria\\\/noticias\\\/\",\"nextItem\":{\"@type\":\"ListItem\",\"@id\":\"https:\\\/\\\/serrafm879.com.br\\\/serrafm\\\/2025\\\/08\\\/cidade-de-solidao-tem-o-pior-sistema-de-abastecimento-de-agua-de-pernambuco\\\/#listItem\",\"name\":\"Cidade de Solid\\u00e3o tem o pior sistema de abastecimento de \\u00e1gua de Pernambuco\"},\"previousItem\":{\"@type\":\"ListItem\",\"@id\":\"https:\\\/\\\/serrafm879.com.br\\\/serrafm#listItem\",\"name\":\"Home\"}},{\"@type\":\"ListItem\",\"@id\":\"https:\\\/\\\/serrafm879.com.br\\\/serrafm\\\/2025\\\/08\\\/cidade-de-solidao-tem-o-pior-sistema-de-abastecimento-de-agua-de-pernambuco\\\/#listItem\",\"position\":3,\"name\":\"Cidade de Solid\\u00e3o tem o pior sistema de abastecimento de \\u00e1gua de Pernambuco\",\"previousItem\":{\"@type\":\"ListItem\",\"@id\":\"https:\\\/\\\/serrafm879.com.br\\\/serrafm\\\/categoria\\\/noticias\\\/#listItem\",\"name\":\"Not\\u00edcias\"}}]},{\"@type\":\"Organization\",\"@id\":\"https:\\\/\\\/serrafm879.com.br\\\/serrafm\\\/#organization\",\"name\":\"Serra FM 87,9\",\"description\":\"O seu novo amor!\",\"url\":\"https:\\\/\\\/serrafm879.com.br\\\/serrafm\\\/\"},{\"@type\":\"Person\",\"@id\":\"https:\\\/\\\/serrafm879.com.br\\\/serrafm\\\/author\\\/serrafm87\\\/#author\",\"url\":\"https:\\\/\\\/serrafm879.com.br\\\/serrafm\\\/author\\\/serrafm87\\\/\",\"name\":\"serrafm87\",\"image\":{\"@type\":\"ImageObject\",\"@id\":\"https:\\\/\\\/serrafm879.com.br\\\/serrafm\\\/2025\\\/08\\\/cidade-de-solidao-tem-o-pior-sistema-de-abastecimento-de-agua-de-pernambuco\\\/#authorImage\",\"url\":\"https:\\\/\\\/secure.gravatar.com\\\/avatar\\\/a743233f1112d34f48bb3dc9559b76eb930bab8b27175856cba6362608736235?s=96&d=mm&r=g\",\"width\":96,\"height\":96,\"caption\":\"serrafm87\"}},{\"@type\":\"WebPage\",\"@id\":\"https:\\\/\\\/serrafm879.com.br\\\/serrafm\\\/2025\\\/08\\\/cidade-de-solidao-tem-o-pior-sistema-de-abastecimento-de-agua-de-pernambuco\\\/#webpage\",\"url\":\"https:\\\/\\\/serrafm879.com.br\\\/serrafm\\\/2025\\\/08\\\/cidade-de-solidao-tem-o-pior-sistema-de-abastecimento-de-agua-de-pernambuco\\\/\",\"name\":\"Cidade de Solid\\u00e3o tem o pior sistema de abastecimento de \\u00e1gua de Pernambuco - Serra FM 87,9\",\"description\":\"A cidade de Solid\\u00e3o, localizada no Sert\\u00e3o do Paje\\u00fa, enfrenta uma das situa\\u00e7\\u00f5es mais cr\\u00edticas de abastecimento de \\u00e1gua em todo o estado de Pernambuco. Segundo levantamento realizado pela equipe do deputado Pedro Campos, o munic\\u00edpio figura entre os piores \\u00edndices nesse quesito, revelando um cen\\u00e1rio preocupante para a popula\\u00e7\\u00e3o local. Apesar da gravidade do\",\"inLanguage\":\"pt-BR\",\"isPartOf\":{\"@id\":\"https:\\\/\\\/serrafm879.com.br\\\/serrafm\\\/#website\"},\"breadcrumb\":{\"@id\":\"https:\\\/\\\/serrafm879.com.br\\\/serrafm\\\/2025\\\/08\\\/cidade-de-solidao-tem-o-pior-sistema-de-abastecimento-de-agua-de-pernambuco\\\/#breadcrumblist\"},\"author\":{\"@id\":\"https:\\\/\\\/serrafm879.com.br\\\/serrafm\\\/author\\\/serrafm87\\\/#author\"},\"creator\":{\"@id\":\"https:\\\/\\\/serrafm879.com.br\\\/serrafm\\\/author\\\/serrafm87\\\/#author\"},\"image\":{\"@type\":\"ImageObject\",\"url\":\"https:\\\/\\\/serrafm879.com.br\\\/serrafm\\\/wp-content\\\/uploads\\\/2024\\\/11\\\/sem-agua-nas-torneiras-1024x682-1.jpg\",\"@id\":\"https:\\\/\\\/serrafm879.com.br\\\/serrafm\\\/2025\\\/08\\\/cidade-de-solidao-tem-o-pior-sistema-de-abastecimento-de-agua-de-pernambuco\\\/#mainImage\",\"width\":1024,\"height\":682},\"primaryImageOfPage\":{\"@id\":\"https:\\\/\\\/serrafm879.com.br\\\/serrafm\\\/2025\\\/08\\\/cidade-de-solidao-tem-o-pior-sistema-de-abastecimento-de-agua-de-pernambuco\\\/#mainImage\"},\"datePublished\":\"2025-08-06T10:23:05-03:00\",\"dateModified\":\"2025-08-06T10:23:05-03:00\"},{\"@type\":\"WebSite\",\"@id\":\"https:\\\/\\\/serrafm879.com.br\\\/serrafm\\\/#website\",\"url\":\"https:\\\/\\\/serrafm879.com.br\\\/serrafm\\\/\",\"name\":\"Serra FM 87,9\",\"description\":\"O seu novo amor!\",\"inLanguage\":\"pt-BR\",\"publisher\":{\"@id\":\"https:\\\/\\\/serrafm879.com.br\\\/serrafm\\\/#organization\"}}]}\n\t\t<\/script>\n\t\t<!-- All in One SEO -->\n\n","aioseo_head_json":{"title":"Cidade de Solid\u00e3o tem o pior sistema de abastecimento de \u00e1gua de Pernambuco - Serra FM 87,9","description":"A cidade de Solid\u00e3o, localizada no Sert\u00e3o do Paje\u00fa, enfrenta uma das situa\u00e7\u00f5es mais cr\u00edticas de abastecimento de \u00e1gua em todo o estado de Pernambuco. Segundo levantamento realizado pela equipe do deputado Pedro Campos, o munic\u00edpio figura entre os piores \u00edndices nesse quesito, revelando um cen\u00e1rio preocupante para a popula\u00e7\u00e3o local. Apesar da gravidade do","canonical_url":"https:\/\/serrafm879.com.br\/serrafm\/2025\/08\/cidade-de-solidao-tem-o-pior-sistema-de-abastecimento-de-agua-de-pernambuco\/","robots":"max-image-preview:large","keywords":"","webmasterTools":{"miscellaneous":""},"schema":{"@context":"https:\/\/schema.org","@graph":[{"@type":"BlogPosting","@id":"https:\/\/serrafm879.com.br\/serrafm\/2025\/08\/cidade-de-solidao-tem-o-pior-sistema-de-abastecimento-de-agua-de-pernambuco\/#blogposting","name":"Cidade de Solid\u00e3o tem o pior sistema de abastecimento de \u00e1gua de Pernambuco - Serra FM 87,9","headline":"Cidade de Solid\u00e3o tem o pior sistema de abastecimento de \u00e1gua de Pernambuco","author":{"@id":"https:\/\/serrafm879.com.br\/serrafm\/author\/serrafm87\/#author"},"publisher":{"@id":"https:\/\/serrafm879.com.br\/serrafm\/#organization"},"image":{"@type":"ImageObject","url":"https:\/\/serrafm879.com.br\/serrafm\/wp-content\/uploads\/2024\/11\/sem-agua-nas-torneiras-1024x682-1.jpg","width":1024,"height":682},"datePublished":"2025-08-06T10:23:05-03:00","dateModified":"2025-08-06T10:23:05-03:00","inLanguage":"pt-BR","mainEntityOfPage":{"@id":"https:\/\/serrafm879.com.br\/serrafm\/2025\/08\/cidade-de-solidao-tem-o-pior-sistema-de-abastecimento-de-agua-de-pernambuco\/#webpage"},"isPartOf":{"@id":"https:\/\/serrafm879.com.br\/serrafm\/2025\/08\/cidade-de-solidao-tem-o-pior-sistema-de-abastecimento-de-agua-de-pernambuco\/#webpage"},"articleSection":"Not\u00edcias"},{"@type":"BreadcrumbList","@id":"https:\/\/serrafm879.com.br\/serrafm\/2025\/08\/cidade-de-solidao-tem-o-pior-sistema-de-abastecimento-de-agua-de-pernambuco\/#breadcrumblist","itemListElement":[{"@type":"ListItem","@id":"https:\/\/serrafm879.com.br\/serrafm#listItem","position":1,"name":"Home","item":"https:\/\/serrafm879.com.br\/serrafm","nextItem":{"@type":"ListItem","@id":"https:\/\/serrafm879.com.br\/serrafm\/categoria\/noticias\/#listItem","name":"Not\u00edcias"}},{"@type":"ListItem","@id":"https:\/\/serrafm879.com.br\/serrafm\/categoria\/noticias\/#listItem","position":2,"name":"Not\u00edcias","item":"https:\/\/serrafm879.com.br\/serrafm\/categoria\/noticias\/","nextItem":{"@type":"ListItem","@id":"https:\/\/serrafm879.com.br\/serrafm\/2025\/08\/cidade-de-solidao-tem-o-pior-sistema-de-abastecimento-de-agua-de-pernambuco\/#listItem","name":"Cidade de Solid\u00e3o tem o pior sistema de abastecimento de \u00e1gua de Pernambuco"},"previousItem":{"@type":"ListItem","@id":"https:\/\/serrafm879.com.br\/serrafm#listItem","name":"Home"}},{"@type":"ListItem","@id":"https:\/\/serrafm879.com.br\/serrafm\/2025\/08\/cidade-de-solidao-tem-o-pior-sistema-de-abastecimento-de-agua-de-pernambuco\/#listItem","position":3,"name":"Cidade de Solid\u00e3o tem o pior sistema de abastecimento de \u00e1gua de Pernambuco","previousItem":{"@type":"ListItem","@id":"https:\/\/serrafm879.com.br\/serrafm\/categoria\/noticias\/#listItem","name":"Not\u00edcias"}}]},{"@type":"Organization","@id":"https:\/\/serrafm879.com.br\/serrafm\/#organization","name":"Serra FM 87,9","description":"O seu novo amor!","url":"https:\/\/serrafm879.com.br\/serrafm\/"},{"@type":"Person","@id":"https:\/\/serrafm879.com.br\/serrafm\/author\/serrafm87\/#author","url":"https:\/\/serrafm879.com.br\/serrafm\/author\/serrafm87\/","name":"serrafm87","image":{"@type":"ImageObject","@id":"https:\/\/serrafm879.com.br\/serrafm\/2025\/08\/cidade-de-solidao-tem-o-pior-sistema-de-abastecimento-de-agua-de-pernambuco\/#authorImage","url":"https:\/\/secure.gravatar.com\/avatar\/a743233f1112d34f48bb3dc9559b76eb930bab8b27175856cba6362608736235?s=96&d=mm&r=g","width":96,"height":96,"caption":"serrafm87"}},{"@type":"WebPage","@id":"https:\/\/serrafm879.com.br\/serrafm\/2025\/08\/cidade-de-solidao-tem-o-pior-sistema-de-abastecimento-de-agua-de-pernambuco\/#webpage","url":"https:\/\/serrafm879.com.br\/serrafm\/2025\/08\/cidade-de-solidao-tem-o-pior-sistema-de-abastecimento-de-agua-de-pernambuco\/","name":"Cidade de Solid\u00e3o tem o pior sistema de abastecimento de \u00e1gua de Pernambuco - Serra FM 87,9","description":"A cidade de Solid\u00e3o, localizada no Sert\u00e3o do Paje\u00fa, enfrenta uma das situa\u00e7\u00f5es mais cr\u00edticas de abastecimento de \u00e1gua em todo o estado de Pernambuco. Segundo levantamento realizado pela equipe do deputado Pedro Campos, o munic\u00edpio figura entre os piores \u00edndices nesse quesito, revelando um cen\u00e1rio preocupante para a popula\u00e7\u00e3o local. Apesar da gravidade do","inLanguage":"pt-BR","isPartOf":{"@id":"https:\/\/serrafm879.com.br\/serrafm\/#website"},"breadcrumb":{"@id":"https:\/\/serrafm879.com.br\/serrafm\/2025\/08\/cidade-de-solidao-tem-o-pior-sistema-de-abastecimento-de-agua-de-pernambuco\/#breadcrumblist"},"author":{"@id":"https:\/\/serrafm879.com.br\/serrafm\/author\/serrafm87\/#author"},"creator":{"@id":"https:\/\/serrafm879.com.br\/serrafm\/author\/serrafm87\/#author"},"image":{"@type":"ImageObject","url":"https:\/\/serrafm879.com.br\/serrafm\/wp-content\/uploads\/2024\/11\/sem-agua-nas-torneiras-1024x682-1.jpg","@id":"https:\/\/serrafm879.com.br\/serrafm\/2025\/08\/cidade-de-solidao-tem-o-pior-sistema-de-abastecimento-de-agua-de-pernambuco\/#mainImage","width":1024,"height":682},"primaryImageOfPage":{"@id":"https:\/\/serrafm879.com.br\/serrafm\/2025\/08\/cidade-de-solidao-tem-o-pior-sistema-de-abastecimento-de-agua-de-pernambuco\/#mainImage"},"datePublished":"2025-08-06T10:23:05-03:00","dateModified":"2025-08-06T10:23:05-03:00"},{"@type":"WebSite","@id":"https:\/\/serrafm879.com.br\/serrafm\/#website","url":"https:\/\/serrafm879.com.br\/serrafm\/","name":"Serra FM 87,9","description":"O seu novo amor!","inLanguage":"pt-BR","publisher":{"@id":"https:\/\/serrafm879.com.br\/serrafm\/#organization"}}]},"twitter:card":"summary_large_image","twitter:title":"Cidade de Solid\u00e3o tem o pior sistema de abastecimento de \u00e1gua de Pernambuco - Serra FM 87,9","twitter:description":"A cidade de Solid\u00e3o, localizada no Sert\u00e3o do Paje\u00fa, enfrenta uma das situa\u00e7\u00f5es mais cr\u00edticas de abastecimento de \u00e1gua em todo o estado de Pernambuco. Segundo levantamento realizado pela equipe do deputado Pedro Campos, o munic\u00edpio figura entre os piores \u00edndices nesse quesito, revelando um cen\u00e1rio preocupante para a popula\u00e7\u00e3o local. Apesar da gravidade do","twitter:image":"https:\/\/serrafm879.com.br\/serrafm\/wp-content\/uploads\/2024\/11\/sem-agua-nas-torneiras-1024x682-1.jpg"},"aioseo_meta_data":{"post_id":"23656","title":null,"description":null,"keywords":null,"keyphrases":null,"primary_term":null,"canonical_url":null,"og_title":null,"og_description":null,"og_object_type":"default","og_image_type":"default","og_image_custom_url":null,"og_image_custom_fields":null,"og_image_url":null,"og_image_width":null,"og_image_height":null,"og_video":null,"og_custom_url":null,"og_article_section":null,"og_article_tags":null,"twitter_use_og":false,"twitter_card":"default","twitter_image_type":"default","twitter_image_custom_url":null,"twitter_image_custom_fields":null,"twitter_image_url":null,"twitter_title":null,"twitter_description":null,"schema_type":"default","schema_type_options":null,"schema":{"blockGraphs":[],"customGraphs":[],"default":{"data":{"Article":[],"Course":[],"Dataset":[],"FAQPage":[],"Movie":[],"Person":[],"Product":[],"ProductReview":[],"Car":[],"Recipe":[],"Service":[],"SoftwareApplication":[],"WebPage":[]},"graphName":"","isEnabled":true},"graphs":[]},"pillar_content":false,"robots_default":true,"robots_noindex":false,"robots_noarchive":false,"robots_nosnippet":false,"robots_nofollow":false,"robots_noimageindex":false,"robots_noodp":false,"robots_notranslate":false,"robots_max_snippet":null,"robots_max_videopreview":null,"robots_max_imagepreview":"large","priority":null,"frequency":null,"local_seo":null,"limit_modified_date":false,"ai":null,"breadcrumb_settings":null,"seo_analyzer_scan_date":null,"created":"2026-07-21 16:37:38","updated":"2026-07-21 16:37:38"},"aioseo_breadcrumb":"<div class=\"aioseo-breadcrumbs\"><span class=\"aioseo-breadcrumb\">\n\t\t\t<a href=\"https:\/\/serrafm879.com.br\/serrafm\" title=\"Home\">Home<\/a>\n\t\t<\/span><span class=\"aioseo-breadcrumb-separator\">&raquo;<\/span><span class=\"aioseo-breadcrumb\">\n\t\t\t<a href=\"https:\/\/serrafm879.com.br\/serrafm\/categoria\/noticias\/\" title=\"Not\u00edcias\">Not\u00edcias<\/a>\n\t\t<\/span><span class=\"aioseo-breadcrumb-separator\">&raquo;<\/span><span class=\"aioseo-breadcrumb\">\n\t\t\tCidade de Solid\u00e3o tem o pior sistema de abastecimento de \u00e1gua de Pernambuco\n\t\t<\/span><\/div>","aioseo_breadcrumb_json":[{"label":"Home","link":"https:\/\/serrafm879.com.br\/serrafm"},{"label":"Not\u00edcias","link":"https:\/\/serrafm879.com.br\/serrafm\/categoria\/noticias\/"},{"label":"Cidade de Solid\u00e3o tem o pior sistema de abastecimento de \u00e1gua de Pernambuco","link":"https:\/\/serrafm879.com.br\/serrafm\/2025\/08\/cidade-de-solidao-tem-o-pior-sistema-de-abastecimento-de-agua-de-pernambuco\/"}],"jetpack_publicize_connections":[],"jetpack_featured_media_url":"https:\/\/serrafm879.com.br\/serrafm\/wp-content\/uploads\/2024\/11\/sem-agua-nas-torneiras-1024x682-1.jpg","jetpack_shortlink":"https:\/\/wp.me\/p7HyXg-69y","jetpack_sharing_enabled":true,"_links":{"self":[{"href":"https:\/\/serrafm879.com.br\/serrafm\/wp-json\/wp\/v2\/posts\/23656","targetHints":{"allow":["GET"]}}],"collection":[{"href":"https:\/\/serrafm879.com.br\/serrafm\/wp-json\/wp\/v2\/posts"}],"about":[{"href":"https:\/\/serrafm879.com.br\/serrafm\/wp-json\/wp\/v2\/types\/post"}],"author":[{"embeddable":true,"href":"https:\/\/serrafm879.com.br\/serrafm\/wp-json\/wp\/v2\/users\/2"}],"replies":[{"embeddable":true,"href":"https:\/\/serrafm879.com.br\/serrafm\/wp-json\/wp\/v2\/comments?post=23656"}],"version-history":[{"count":1,"href":"https:\/\/serrafm879.com.br\/serrafm\/wp-json\/wp\/v2\/posts\/23656\/revisions"}],"predecessor-version":[{"id":23657,"href":"https:\/\/serrafm879.com.br\/serrafm\/wp-json\/wp\/v2\/posts\/23656\/revisions\/23657"}],"wp:featuredmedia":[{"embeddable":true,"href":"https:\/\/serrafm879.com.br\/serrafm\/wp-json\/wp\/v2\/media\/18940"}],"wp:attachment":[{"href":"https:\/\/serrafm879.com.br\/serrafm\/wp-json\/wp\/v2\/media?parent=23656"}],"wp:term":[{"taxonomy":"category","embeddable":true,"href":"https:\/\/serrafm879.com.br\/serrafm\/wp-json\/wp\/v2\/categories?post=23656"},{"taxonomy":"post_tag","embeddable":true,"href":"https:\/\/serrafm879.com.br\/serrafm\/wp-json\/wp\/v2\/tags?post=23656"}],"curies":[{"name":"wp","href":"https:\/\/api.w.org\/{rel}","templated":true}]}}