{"id":23662,"date":"2025-08-06T10:28:09","date_gmt":"2025-08-06T13:28:09","guid":{"rendered":"https:\/\/serrafm879.com.br\/serrafm\/?p=23662"},"modified":"2025-08-06T10:28:09","modified_gmt":"2025-08-06T13:28:09","slug":"datafolha-36-dos-brasileiros-reprovam-ministros-do-stf-29-sao-favoraveis","status":"publish","type":"post","link":"https:\/\/serrafm879.com.br\/serrafm\/2025\/08\/datafolha-36-dos-brasileiros-reprovam-ministros-do-stf-29-sao-favoraveis\/","title":{"rendered":"Datafolha: 36% dos brasileiros reprovam ministros do STF, 29% s\u00e3o favor\u00e1veis"},"content":{"rendered":"<p>A maior parte dos brasileiros reprova a atua\u00e7\u00e3o dos ministros do Supremo Tribunal Federal (STF). De acordo com pesquisa divulgada nesta ter\u00e7a-feira, 5, pelo Datafolha, 36% dos entrevistados consideram ruim ou p\u00e9ssimo o trabalho dos magistrados.<\/p>\n<p>O estudo tamb\u00e9m constatou que aqueles que consideram as decis\u00f5es dos ju\u00edzes s\u00e3o \u00f3timas ou boas somam 29%. Enquanto isso, 31% pensam que os ministros t\u00eam desempenho regular e 4% dos entrevistados n\u00e3o sabem opinar.<\/p>\n<p>Dentre os entrevistados, a maioria (68%) considerou que a Corte prioriza os pr\u00f3prios interesses e apenas 27% afirmaram que eles pensam em primeiro lugar na popula\u00e7\u00e3o.<\/p>\n<p>A medi\u00e7\u00e3o foi feita pelo instituto entre os dias 29 e 30 de julho, ou seja, antes da pris\u00e3o domiciliar do ex-presidente Jair Bolsonaro (PL), por desobedecer as medidas cautelares, ser decretada pelo ministro Alexandre de Moraes.<\/p>\n<p>Ap\u00f3s a pris\u00e3o do ex-presidente, seus apoiadores e filhos desferiram ataques contra a Corte, afirmando que o Tribunal minou a democracia brasileira e pedindo o impeachment de Moraes. Os deputados Luciano Zucco (PL-RS) e S\u00f3stenes Cavalcante (PL-RJ) incentivaram seguidores a usar os termos \u201cvingan\u00e7a n\u00e3o \u00e9 justi\u00e7a\u201d nas redes sociais, para atacar o STF.<\/p>\n<p>A pesquisa demonstrou que, dentre os bolsonaristas, 81% reprovam o trabalho dos ministros do STF e apenas 2% s\u00e3o favor\u00e1veis. Os petistas, por outro lado, s\u00e3o mais alinhados com a Corte: 59% t\u00eam avalia\u00e7\u00e3o positiva e 9% negativa.<\/p>\n<p>A reprova\u00e7\u00e3o do STF subiu desde a \u00faltima medi\u00e7\u00e3o realizada pelo Datafolha. Em mar\u00e7o de 2024, 28% dos brasileiros reprovavam a Corte e uma ligeira maioria, de 29% dos entrevistados, era a favor da atua\u00e7\u00e3o. Na ocasi\u00e3o, 40% dos participantes ainda consideraram os ministros com atua\u00e7\u00e3o regular e 3% n\u00e3o opinou<\/p>\n<p>Desde a data, os embates entre o Supremo e atores pol\u00edticos aumentaram. Oito magistrados da Corte chegaram a ser sancionados com a cassa\u00e7\u00e3o de seus vistos americanos em retalia\u00e7\u00e3o ao processo que conduzem contra Jair Bolsonaro, investigando a participa\u00e7\u00e3o do ex-presidente na tentativa de golpe de Estado. As informa\u00e7\u00f5es s\u00e3o do Estad\u00e3o Conte\u00fado.<\/p>\n","protected":false},"excerpt":{"rendered":"<p>A maior parte dos brasileiros reprova a atua\u00e7\u00e3o dos ministros do Supremo Tribunal Federal (STF). De acordo com pesquisa divulgada nesta ter\u00e7a-feira, 5, pelo Datafolha, 36% dos entrevistados consideram ruim ou p\u00e9ssimo o trabalho dos magistrados. O estudo tamb\u00e9m constatou que aqueles que consideram as decis\u00f5es dos ju\u00edzes s\u00e3o \u00f3timas ou boas somam 29%. Enquanto isso, 31% pensam que os ministros t\u00eam desempenho regular e 4% dos entrevistados n\u00e3o sabem opinar. Dentre os entrevistados, a maioria (68%) considerou que a Corte prioriza os pr\u00f3prios interesses e apenas 27% afirmaram que eles pensam em primeiro lugar na popula\u00e7\u00e3o. A medi\u00e7\u00e3o foi [&hellip;]<\/p>\n","protected":false},"author":2,"featured_media":8173,"comment_status":"open","ping_status":"open","sticky":false,"template":"","format":"standard","meta":{"_jetpack_newsletter_access":"","_jetpack_dont_email_post_to_subs":false,"_jetpack_newsletter_tier_id":0,"_jetpack_memberships_contains_paywalled_content":false,"_jetpack_feature_clip_id":0,"_jetpack_memberships_contains_paid_content":false,"footnotes":"","jetpack_publicize_message":"","jetpack_publicize_feature_enabled":true,"jetpack_social_post_already_shared":true,"jetpack_social_options":{"image_generator_settings":{"template":"highway","default_image_id":0,"font":"","enabled":false},"version":2},"jetpack_post_was_ever_published":false},"categories":[2],"tags":[],"class_list":["post-23662","post","type-post","status-publish","format-standard","has-post-thumbnail","hentry","category-noticias"],"aioseo_notices":[],"aioseo_head":"\n\t\t<!-- All in One SEO 4.9.10 - aioseo.com -->\n\t<meta name=\"description\" content=\"A maior parte dos brasileiros reprova a atua\u00e7\u00e3o dos ministros do Supremo Tribunal Federal (STF). De acordo com pesquisa divulgada nesta ter\u00e7a-feira, 5, pelo Datafolha, 36% dos entrevistados consideram ruim ou p\u00e9ssimo o trabalho dos magistrados. O estudo tamb\u00e9m constatou que aqueles que consideram as decis\u00f5es dos ju\u00edzes s\u00e3o \u00f3timas ou boas somam 29%. Enquanto\" \/>\n\t<meta name=\"robots\" content=\"max-image-preview:large\" \/>\n\t<meta name=\"author\" content=\"serrafm87\"\/>\n\t<link rel=\"canonical\" href=\"https:\/\/serrafm879.com.br\/serrafm\/2025\/08\/datafolha-36-dos-brasileiros-reprovam-ministros-do-stf-29-sao-favoraveis\/\" \/>\n\t<meta name=\"generator\" content=\"All in One SEO (AIOSEO) 4.9.10\" \/>\n\t\t<meta name=\"twitter:card\" content=\"summary_large_image\" \/>\n\t\t<meta name=\"twitter:title\" content=\"Datafolha: 36% dos brasileiros reprovam ministros do STF, 29% s\u00e3o favor\u00e1veis - Serra FM 87,9\" \/>\n\t\t<meta name=\"twitter:description\" content=\"A maior parte dos brasileiros reprova a atua\u00e7\u00e3o dos ministros do Supremo Tribunal Federal (STF). De acordo com pesquisa divulgada nesta ter\u00e7a-feira, 5, pelo Datafolha, 36% dos entrevistados consideram ruim ou p\u00e9ssimo o trabalho dos magistrados. O estudo tamb\u00e9m constatou que aqueles que consideram as decis\u00f5es dos ju\u00edzes s\u00e3o \u00f3timas ou boas somam 29%. Enquanto\" \/>\n\t\t<meta name=\"twitter:image\" content=\"https:\/\/serrafm879.com.br\/serrafm\/wp-content\/uploads\/2021\/11\/stf.jpg\" \/>\n\t\t<script type=\"application\/ld+json\" class=\"aioseo-schema\">\n\t\t\t{\"@context\":\"https:\\\/\\\/schema.org\",\"@graph\":[{\"@type\":\"BlogPosting\",\"@id\":\"https:\\\/\\\/serrafm879.com.br\\\/serrafm\\\/2025\\\/08\\\/datafolha-36-dos-brasileiros-reprovam-ministros-do-stf-29-sao-favoraveis\\\/#blogposting\",\"name\":\"Datafolha: 36% dos brasileiros reprovam ministros do STF, 29% s\\u00e3o favor\\u00e1veis - Serra FM 87,9\",\"headline\":\"Datafolha: 36% dos brasileiros reprovam ministros do STF, 29% s\\u00e3o favor\\u00e1veis\",\"author\":{\"@id\":\"https:\\\/\\\/serrafm879.com.br\\\/serrafm\\\/author\\\/serrafm87\\\/#author\"},\"publisher\":{\"@id\":\"https:\\\/\\\/serrafm879.com.br\\\/serrafm\\\/#organization\"},\"image\":{\"@type\":\"ImageObject\",\"url\":\"https:\\\/\\\/serrafm879.com.br\\\/serrafm\\\/wp-content\\\/uploads\\\/2021\\\/11\\\/stf.jpg\",\"width\":275,\"height\":183},\"datePublished\":\"2025-08-06T10:28:09-03:00\",\"dateModified\":\"2025-08-06T10:28:09-03:00\",\"inLanguage\":\"pt-BR\",\"mainEntityOfPage\":{\"@id\":\"https:\\\/\\\/serrafm879.com.br\\\/serrafm\\\/2025\\\/08\\\/datafolha-36-dos-brasileiros-reprovam-ministros-do-stf-29-sao-favoraveis\\\/#webpage\"},\"isPartOf\":{\"@id\":\"https:\\\/\\\/serrafm879.com.br\\\/serrafm\\\/2025\\\/08\\\/datafolha-36-dos-brasileiros-reprovam-ministros-do-stf-29-sao-favoraveis\\\/#webpage\"},\"articleSection\":\"Not\\u00edcias\"},{\"@type\":\"BreadcrumbList\",\"@id\":\"https:\\\/\\\/serrafm879.com.br\\\/serrafm\\\/2025\\\/08\\\/datafolha-36-dos-brasileiros-reprovam-ministros-do-stf-29-sao-favoraveis\\\/#breadcrumblist\",\"itemListElement\":[{\"@type\":\"ListItem\",\"@id\":\"https:\\\/\\\/serrafm879.com.br\\\/serrafm#listItem\",\"position\":1,\"name\":\"Home\",\"item\":\"https:\\\/\\\/serrafm879.com.br\\\/serrafm\",\"nextItem\":{\"@type\":\"ListItem\",\"@id\":\"https:\\\/\\\/serrafm879.com.br\\\/serrafm\\\/categoria\\\/noticias\\\/#listItem\",\"name\":\"Not\\u00edcias\"}},{\"@type\":\"ListItem\",\"@id\":\"https:\\\/\\\/serrafm879.com.br\\\/serrafm\\\/categoria\\\/noticias\\\/#listItem\",\"position\":2,\"name\":\"Not\\u00edcias\",\"item\":\"https:\\\/\\\/serrafm879.com.br\\\/serrafm\\\/categoria\\\/noticias\\\/\",\"nextItem\":{\"@type\":\"ListItem\",\"@id\":\"https:\\\/\\\/serrafm879.com.br\\\/serrafm\\\/2025\\\/08\\\/datafolha-36-dos-brasileiros-reprovam-ministros-do-stf-29-sao-favoraveis\\\/#listItem\",\"name\":\"Datafolha: 36% dos brasileiros reprovam ministros do STF, 29% s\\u00e3o favor\\u00e1veis\"},\"previousItem\":{\"@type\":\"ListItem\",\"@id\":\"https:\\\/\\\/serrafm879.com.br\\\/serrafm#listItem\",\"name\":\"Home\"}},{\"@type\":\"ListItem\",\"@id\":\"https:\\\/\\\/serrafm879.com.br\\\/serrafm\\\/2025\\\/08\\\/datafolha-36-dos-brasileiros-reprovam-ministros-do-stf-29-sao-favoraveis\\\/#listItem\",\"position\":3,\"name\":\"Datafolha: 36% dos brasileiros reprovam ministros do STF, 29% s\\u00e3o favor\\u00e1veis\",\"previousItem\":{\"@type\":\"ListItem\",\"@id\":\"https:\\\/\\\/serrafm879.com.br\\\/serrafm\\\/categoria\\\/noticias\\\/#listItem\",\"name\":\"Not\\u00edcias\"}}]},{\"@type\":\"Organization\",\"@id\":\"https:\\\/\\\/serrafm879.com.br\\\/serrafm\\\/#organization\",\"name\":\"Serra FM 87,9\",\"description\":\"O seu novo amor!\",\"url\":\"https:\\\/\\\/serrafm879.com.br\\\/serrafm\\\/\"},{\"@type\":\"Person\",\"@id\":\"https:\\\/\\\/serrafm879.com.br\\\/serrafm\\\/author\\\/serrafm87\\\/#author\",\"url\":\"https:\\\/\\\/serrafm879.com.br\\\/serrafm\\\/author\\\/serrafm87\\\/\",\"name\":\"serrafm87\",\"image\":{\"@type\":\"ImageObject\",\"@id\":\"https:\\\/\\\/serrafm879.com.br\\\/serrafm\\\/2025\\\/08\\\/datafolha-36-dos-brasileiros-reprovam-ministros-do-stf-29-sao-favoraveis\\\/#authorImage\",\"url\":\"https:\\\/\\\/secure.gravatar.com\\\/avatar\\\/a743233f1112d34f48bb3dc9559b76eb930bab8b27175856cba6362608736235?s=96&d=mm&r=g\",\"width\":96,\"height\":96,\"caption\":\"serrafm87\"}},{\"@type\":\"WebPage\",\"@id\":\"https:\\\/\\\/serrafm879.com.br\\\/serrafm\\\/2025\\\/08\\\/datafolha-36-dos-brasileiros-reprovam-ministros-do-stf-29-sao-favoraveis\\\/#webpage\",\"url\":\"https:\\\/\\\/serrafm879.com.br\\\/serrafm\\\/2025\\\/08\\\/datafolha-36-dos-brasileiros-reprovam-ministros-do-stf-29-sao-favoraveis\\\/\",\"name\":\"Datafolha: 36% dos brasileiros reprovam ministros do STF, 29% s\\u00e3o favor\\u00e1veis - Serra FM 87,9\",\"description\":\"A maior parte dos brasileiros reprova a atua\\u00e7\\u00e3o dos ministros do Supremo Tribunal Federal (STF). De acordo com pesquisa divulgada nesta ter\\u00e7a-feira, 5, pelo Datafolha, 36% dos entrevistados consideram ruim ou p\\u00e9ssimo o trabalho dos magistrados. O estudo tamb\\u00e9m constatou que aqueles que consideram as decis\\u00f5es dos ju\\u00edzes s\\u00e3o \\u00f3timas ou boas somam 29%. Enquanto\",\"inLanguage\":\"pt-BR\",\"isPartOf\":{\"@id\":\"https:\\\/\\\/serrafm879.com.br\\\/serrafm\\\/#website\"},\"breadcrumb\":{\"@id\":\"https:\\\/\\\/serrafm879.com.br\\\/serrafm\\\/2025\\\/08\\\/datafolha-36-dos-brasileiros-reprovam-ministros-do-stf-29-sao-favoraveis\\\/#breadcrumblist\"},\"author\":{\"@id\":\"https:\\\/\\\/serrafm879.com.br\\\/serrafm\\\/author\\\/serrafm87\\\/#author\"},\"creator\":{\"@id\":\"https:\\\/\\\/serrafm879.com.br\\\/serrafm\\\/author\\\/serrafm87\\\/#author\"},\"image\":{\"@type\":\"ImageObject\",\"url\":\"https:\\\/\\\/serrafm879.com.br\\\/serrafm\\\/wp-content\\\/uploads\\\/2021\\\/11\\\/stf.jpg\",\"@id\":\"https:\\\/\\\/serrafm879.com.br\\\/serrafm\\\/2025\\\/08\\\/datafolha-36-dos-brasileiros-reprovam-ministros-do-stf-29-sao-favoraveis\\\/#mainImage\",\"width\":275,\"height\":183},\"primaryImageOfPage\":{\"@id\":\"https:\\\/\\\/serrafm879.com.br\\\/serrafm\\\/2025\\\/08\\\/datafolha-36-dos-brasileiros-reprovam-ministros-do-stf-29-sao-favoraveis\\\/#mainImage\"},\"datePublished\":\"2025-08-06T10:28:09-03:00\",\"dateModified\":\"2025-08-06T10:28:09-03:00\"},{\"@type\":\"WebSite\",\"@id\":\"https:\\\/\\\/serrafm879.com.br\\\/serrafm\\\/#website\",\"url\":\"https:\\\/\\\/serrafm879.com.br\\\/serrafm\\\/\",\"name\":\"Serra FM 87,9\",\"description\":\"O seu novo amor!\",\"inLanguage\":\"pt-BR\",\"publisher\":{\"@id\":\"https:\\\/\\\/serrafm879.com.br\\\/serrafm\\\/#organization\"}}]}\n\t\t<\/script>\n\t\t<!-- All in One SEO -->\n\n","aioseo_head_json":{"title":"Datafolha: 36% dos brasileiros reprovam ministros do STF, 29% s\u00e3o favor\u00e1veis - Serra FM 87,9","description":"A maior parte dos brasileiros reprova a atua\u00e7\u00e3o dos ministros do Supremo Tribunal Federal (STF). De acordo com pesquisa divulgada nesta ter\u00e7a-feira, 5, pelo Datafolha, 36% dos entrevistados consideram ruim ou p\u00e9ssimo o trabalho dos magistrados. O estudo tamb\u00e9m constatou que aqueles que consideram as decis\u00f5es dos ju\u00edzes s\u00e3o \u00f3timas ou boas somam 29%. Enquanto","canonical_url":"https:\/\/serrafm879.com.br\/serrafm\/2025\/08\/datafolha-36-dos-brasileiros-reprovam-ministros-do-stf-29-sao-favoraveis\/","robots":"max-image-preview:large","keywords":"","webmasterTools":{"miscellaneous":""},"schema":{"@context":"https:\/\/schema.org","@graph":[{"@type":"BlogPosting","@id":"https:\/\/serrafm879.com.br\/serrafm\/2025\/08\/datafolha-36-dos-brasileiros-reprovam-ministros-do-stf-29-sao-favoraveis\/#blogposting","name":"Datafolha: 36% dos brasileiros reprovam ministros do STF, 29% s\u00e3o favor\u00e1veis - Serra FM 87,9","headline":"Datafolha: 36% dos brasileiros reprovam ministros do STF, 29% s\u00e3o favor\u00e1veis","author":{"@id":"https:\/\/serrafm879.com.br\/serrafm\/author\/serrafm87\/#author"},"publisher":{"@id":"https:\/\/serrafm879.com.br\/serrafm\/#organization"},"image":{"@type":"ImageObject","url":"https:\/\/serrafm879.com.br\/serrafm\/wp-content\/uploads\/2021\/11\/stf.jpg","width":275,"height":183},"datePublished":"2025-08-06T10:28:09-03:00","dateModified":"2025-08-06T10:28:09-03:00","inLanguage":"pt-BR","mainEntityOfPage":{"@id":"https:\/\/serrafm879.com.br\/serrafm\/2025\/08\/datafolha-36-dos-brasileiros-reprovam-ministros-do-stf-29-sao-favoraveis\/#webpage"},"isPartOf":{"@id":"https:\/\/serrafm879.com.br\/serrafm\/2025\/08\/datafolha-36-dos-brasileiros-reprovam-ministros-do-stf-29-sao-favoraveis\/#webpage"},"articleSection":"Not\u00edcias"},{"@type":"BreadcrumbList","@id":"https:\/\/serrafm879.com.br\/serrafm\/2025\/08\/datafolha-36-dos-brasileiros-reprovam-ministros-do-stf-29-sao-favoraveis\/#breadcrumblist","itemListElement":[{"@type":"ListItem","@id":"https:\/\/serrafm879.com.br\/serrafm#listItem","position":1,"name":"Home","item":"https:\/\/serrafm879.com.br\/serrafm","nextItem":{"@type":"ListItem","@id":"https:\/\/serrafm879.com.br\/serrafm\/categoria\/noticias\/#listItem","name":"Not\u00edcias"}},{"@type":"ListItem","@id":"https:\/\/serrafm879.com.br\/serrafm\/categoria\/noticias\/#listItem","position":2,"name":"Not\u00edcias","item":"https:\/\/serrafm879.com.br\/serrafm\/categoria\/noticias\/","nextItem":{"@type":"ListItem","@id":"https:\/\/serrafm879.com.br\/serrafm\/2025\/08\/datafolha-36-dos-brasileiros-reprovam-ministros-do-stf-29-sao-favoraveis\/#listItem","name":"Datafolha: 36% dos brasileiros reprovam ministros do STF, 29% s\u00e3o favor\u00e1veis"},"previousItem":{"@type":"ListItem","@id":"https:\/\/serrafm879.com.br\/serrafm#listItem","name":"Home"}},{"@type":"ListItem","@id":"https:\/\/serrafm879.com.br\/serrafm\/2025\/08\/datafolha-36-dos-brasileiros-reprovam-ministros-do-stf-29-sao-favoraveis\/#listItem","position":3,"name":"Datafolha: 36% dos brasileiros reprovam ministros do STF, 29% s\u00e3o favor\u00e1veis","previousItem":{"@type":"ListItem","@id":"https:\/\/serrafm879.com.br\/serrafm\/categoria\/noticias\/#listItem","name":"Not\u00edcias"}}]},{"@type":"Organization","@id":"https:\/\/serrafm879.com.br\/serrafm\/#organization","name":"Serra FM 87,9","description":"O seu novo amor!","url":"https:\/\/serrafm879.com.br\/serrafm\/"},{"@type":"Person","@id":"https:\/\/serrafm879.com.br\/serrafm\/author\/serrafm87\/#author","url":"https:\/\/serrafm879.com.br\/serrafm\/author\/serrafm87\/","name":"serrafm87","image":{"@type":"ImageObject","@id":"https:\/\/serrafm879.com.br\/serrafm\/2025\/08\/datafolha-36-dos-brasileiros-reprovam-ministros-do-stf-29-sao-favoraveis\/#authorImage","url":"https:\/\/secure.gravatar.com\/avatar\/a743233f1112d34f48bb3dc9559b76eb930bab8b27175856cba6362608736235?s=96&d=mm&r=g","width":96,"height":96,"caption":"serrafm87"}},{"@type":"WebPage","@id":"https:\/\/serrafm879.com.br\/serrafm\/2025\/08\/datafolha-36-dos-brasileiros-reprovam-ministros-do-stf-29-sao-favoraveis\/#webpage","url":"https:\/\/serrafm879.com.br\/serrafm\/2025\/08\/datafolha-36-dos-brasileiros-reprovam-ministros-do-stf-29-sao-favoraveis\/","name":"Datafolha: 36% dos brasileiros reprovam ministros do STF, 29% s\u00e3o favor\u00e1veis - Serra FM 87,9","description":"A maior parte dos brasileiros reprova a atua\u00e7\u00e3o dos ministros do Supremo Tribunal Federal (STF). De acordo com pesquisa divulgada nesta ter\u00e7a-feira, 5, pelo Datafolha, 36% dos entrevistados consideram ruim ou p\u00e9ssimo o trabalho dos magistrados. O estudo tamb\u00e9m constatou que aqueles que consideram as decis\u00f5es dos ju\u00edzes s\u00e3o \u00f3timas ou boas somam 29%. Enquanto","inLanguage":"pt-BR","isPartOf":{"@id":"https:\/\/serrafm879.com.br\/serrafm\/#website"},"breadcrumb":{"@id":"https:\/\/serrafm879.com.br\/serrafm\/2025\/08\/datafolha-36-dos-brasileiros-reprovam-ministros-do-stf-29-sao-favoraveis\/#breadcrumblist"},"author":{"@id":"https:\/\/serrafm879.com.br\/serrafm\/author\/serrafm87\/#author"},"creator":{"@id":"https:\/\/serrafm879.com.br\/serrafm\/author\/serrafm87\/#author"},"image":{"@type":"ImageObject","url":"https:\/\/serrafm879.com.br\/serrafm\/wp-content\/uploads\/2021\/11\/stf.jpg","@id":"https:\/\/serrafm879.com.br\/serrafm\/2025\/08\/datafolha-36-dos-brasileiros-reprovam-ministros-do-stf-29-sao-favoraveis\/#mainImage","width":275,"height":183},"primaryImageOfPage":{"@id":"https:\/\/serrafm879.com.br\/serrafm\/2025\/08\/datafolha-36-dos-brasileiros-reprovam-ministros-do-stf-29-sao-favoraveis\/#mainImage"},"datePublished":"2025-08-06T10:28:09-03:00","dateModified":"2025-08-06T10:28:09-03:00"},{"@type":"WebSite","@id":"https:\/\/serrafm879.com.br\/serrafm\/#website","url":"https:\/\/serrafm879.com.br\/serrafm\/","name":"Serra FM 87,9","description":"O seu novo amor!","inLanguage":"pt-BR","publisher":{"@id":"https:\/\/serrafm879.com.br\/serrafm\/#organization"}}]},"twitter:card":"summary_large_image","twitter:title":"Datafolha: 36% dos brasileiros reprovam ministros do STF, 29% s\u00e3o favor\u00e1veis - Serra FM 87,9","twitter:description":"A maior parte dos brasileiros reprova a atua\u00e7\u00e3o dos ministros do Supremo Tribunal Federal (STF). De acordo com pesquisa divulgada nesta ter\u00e7a-feira, 5, pelo Datafolha, 36% dos entrevistados consideram ruim ou p\u00e9ssimo o trabalho dos magistrados. O estudo tamb\u00e9m constatou que aqueles que consideram as decis\u00f5es dos ju\u00edzes s\u00e3o \u00f3timas ou boas somam 29%. Enquanto","twitter:image":"https:\/\/serrafm879.com.br\/serrafm\/wp-content\/uploads\/2021\/11\/stf.jpg"},"aioseo_meta_data":{"post_id":"23662","title":null,"description":null,"keywords":null,"keyphrases":null,"primary_term":null,"canonical_url":null,"og_title":null,"og_description":null,"og_object_type":"default","og_image_type":"default","og_image_custom_url":null,"og_image_custom_fields":null,"og_image_url":null,"og_image_width":null,"og_image_height":null,"og_video":null,"og_custom_url":null,"og_article_section":null,"og_article_tags":null,"twitter_use_og":false,"twitter_card":"default","twitter_image_type":"default","twitter_image_custom_url":null,"twitter_image_custom_fields":null,"twitter_image_url":null,"twitter_title":null,"twitter_description":null,"schema_type":"default","schema_type_options":null,"schema":{"blockGraphs":[],"customGraphs":[],"default":{"data":{"Article":[],"Course":[],"Dataset":[],"FAQPage":[],"Movie":[],"Person":[],"Product":[],"ProductReview":[],"Car":[],"Recipe":[],"Service":[],"SoftwareApplication":[],"WebPage":[]},"graphName":"","isEnabled":true},"graphs":[]},"pillar_content":false,"robots_default":true,"robots_noindex":false,"robots_noarchive":false,"robots_nosnippet":false,"robots_nofollow":false,"robots_noimageindex":false,"robots_noodp":false,"robots_notranslate":false,"robots_max_snippet":null,"robots_max_videopreview":null,"robots_max_imagepreview":"large","priority":null,"frequency":null,"local_seo":null,"limit_modified_date":false,"ai":null,"breadcrumb_settings":null,"seo_analyzer_scan_date":null,"created":"2026-07-21 16:37:38","updated":"2026-07-21 16:37:38"},"aioseo_breadcrumb":"<div class=\"aioseo-breadcrumbs\"><span class=\"aioseo-breadcrumb\">\n\t\t\t<a href=\"https:\/\/serrafm879.com.br\/serrafm\" title=\"Home\">Home<\/a>\n\t\t<\/span><span class=\"aioseo-breadcrumb-separator\">&raquo;<\/span><span class=\"aioseo-breadcrumb\">\n\t\t\t<a href=\"https:\/\/serrafm879.com.br\/serrafm\/categoria\/noticias\/\" title=\"Not\u00edcias\">Not\u00edcias<\/a>\n\t\t<\/span><span class=\"aioseo-breadcrumb-separator\">&raquo;<\/span><span class=\"aioseo-breadcrumb\">\n\t\t\tDatafolha: 36% dos brasileiros reprovam ministros do STF, 29% s\u00e3o favor\u00e1veis\n\t\t<\/span><\/div>","aioseo_breadcrumb_json":[{"label":"Home","link":"https:\/\/serrafm879.com.br\/serrafm"},{"label":"Not\u00edcias","link":"https:\/\/serrafm879.com.br\/serrafm\/categoria\/noticias\/"},{"label":"Datafolha: 36% dos brasileiros reprovam ministros do STF, 29% s\u00e3o favor\u00e1veis","link":"https:\/\/serrafm879.com.br\/serrafm\/2025\/08\/datafolha-36-dos-brasileiros-reprovam-ministros-do-stf-29-sao-favoraveis\/"}],"jetpack_publicize_connections":[],"jetpack_featured_media_url":"https:\/\/serrafm879.com.br\/serrafm\/wp-content\/uploads\/2021\/11\/stf.jpg","jetpack_shortlink":"https:\/\/wp.me\/p7HyXg-69E","jetpack_sharing_enabled":true,"_links":{"self":[{"href":"https:\/\/serrafm879.com.br\/serrafm\/wp-json\/wp\/v2\/posts\/23662","targetHints":{"allow":["GET"]}}],"collection":[{"href":"https:\/\/serrafm879.com.br\/serrafm\/wp-json\/wp\/v2\/posts"}],"about":[{"href":"https:\/\/serrafm879.com.br\/serrafm\/wp-json\/wp\/v2\/types\/post"}],"author":[{"embeddable":true,"href":"https:\/\/serrafm879.com.br\/serrafm\/wp-json\/wp\/v2\/users\/2"}],"replies":[{"embeddable":true,"href":"https:\/\/serrafm879.com.br\/serrafm\/wp-json\/wp\/v2\/comments?post=23662"}],"version-history":[{"count":1,"href":"https:\/\/serrafm879.com.br\/serrafm\/wp-json\/wp\/v2\/posts\/23662\/revisions"}],"predecessor-version":[{"id":23663,"href":"https:\/\/serrafm879.com.br\/serrafm\/wp-json\/wp\/v2\/posts\/23662\/revisions\/23663"}],"wp:featuredmedia":[{"embeddable":true,"href":"https:\/\/serrafm879.com.br\/serrafm\/wp-json\/wp\/v2\/media\/8173"}],"wp:attachment":[{"href":"https:\/\/serrafm879.com.br\/serrafm\/wp-json\/wp\/v2\/media?parent=23662"}],"wp:term":[{"taxonomy":"category","embeddable":true,"href":"https:\/\/serrafm879.com.br\/serrafm\/wp-json\/wp\/v2\/categories?post=23662"},{"taxonomy":"post_tag","embeddable":true,"href":"https:\/\/serrafm879.com.br\/serrafm\/wp-json\/wp\/v2\/tags?post=23662"}],"curies":[{"name":"wp","href":"https:\/\/api.w.org\/{rel}","templated":true}]}}