{"id":23671,"date":"2025-08-06T17:02:24","date_gmt":"2025-08-06T20:02:24","guid":{"rendered":"https:\/\/serrafm879.com.br\/serrafm\/?p=23671"},"modified":"2025-08-06T17:02:24","modified_gmt":"2025-08-06T20:02:24","slug":"pm-prende-dois-homens-com-mandado-de-prisao-em-aberto","status":"publish","type":"post","link":"https:\/\/serrafm879.com.br\/serrafm\/2025\/08\/pm-prende-dois-homens-com-mandado-de-prisao-em-aberto\/","title":{"rendered":"PM prende dois homens com mandado de pris\u00e3o em aberto"},"content":{"rendered":"<p>Nesta ter\u00e7a-feira (5), Policiais militares da 1\u00aa CIPM realizavam abordagens durante patrulhamento, quando receberam informa\u00e7\u00f5es dois suspeitos que estariam com mandados de pris\u00e3o em aberto na cidade de\u00a0<a href=\"https:\/\/faroldenoticias.com.br\/categoria\/pernambuco\/\">Floresta<\/a>, no Sert\u00e3o de Itaparica.<\/p>\n<p>Por volta das 10h30min, na localidade de Tr\u00eas Marias, os policiais localizaram e prenderam um homem com mandado de pris\u00e3o civil. Ele foi conduzido \u00e0 Delegacia de Pol\u00edcia Civil para as provid\u00eancias cab\u00edveis.<\/p>\n<p>J\u00e1 por volta das 11h30min, na zona rural, nas proximidades da BR-316, outra equipe da 1\u00aa CIPM cumpriu mandado de pris\u00e3o criminal contra outro indiv\u00edduo, que tamb\u00e9m foi encaminhado \u00e0 delegacia local.<\/p>\n","protected":false},"excerpt":{"rendered":"<p>Nesta ter\u00e7a-feira (5), Policiais militares da 1\u00aa CIPM realizavam abordagens durante patrulhamento, quando receberam informa\u00e7\u00f5es dois suspeitos que estariam com mandados de pris\u00e3o em aberto na cidade de\u00a0Floresta, no Sert\u00e3o de Itaparica. Por volta das 10h30min, na localidade de Tr\u00eas Marias, os policiais localizaram e prenderam um homem com mandado de pris\u00e3o civil. Ele foi conduzido \u00e0 Delegacia de Pol\u00edcia Civil para as provid\u00eancias cab\u00edveis. J\u00e1 por volta das 11h30min, na zona rural, nas proximidades da BR-316, outra equipe da 1\u00aa CIPM cumpriu mandado de pris\u00e3o criminal contra outro indiv\u00edduo, que tamb\u00e9m foi encaminhado \u00e0 delegacia local.<\/p>\n","protected":false},"author":2,"featured_media":22931,"comment_status":"open","ping_status":"open","sticky":false,"template":"","format":"standard","meta":{"_jetpack_newsletter_access":"","_jetpack_dont_email_post_to_subs":false,"_jetpack_newsletter_tier_id":0,"_jetpack_memberships_contains_paywalled_content":false,"_jetpack_feature_clip_id":0,"_jetpack_memberships_contains_paid_content":false,"footnotes":"","jetpack_publicize_message":"","jetpack_publicize_feature_enabled":true,"jetpack_social_post_already_shared":true,"jetpack_social_options":{"image_generator_settings":{"template":"highway","default_image_id":0,"font":"","enabled":false},"version":2},"jetpack_post_was_ever_published":false},"categories":[2],"tags":[],"class_list":["post-23671","post","type-post","status-publish","format-standard","has-post-thumbnail","hentry","category-noticias"],"aioseo_notices":[],"aioseo_head":"\n\t\t<!-- All in One SEO 4.9.10 - aioseo.com -->\n\t<meta name=\"description\" content=\"Nesta ter\u00e7a-feira (5), Policiais militares da 1\u00aa CIPM realizavam abordagens durante patrulhamento, quando receberam informa\u00e7\u00f5es dois suspeitos que estariam com mandados de pris\u00e3o em aberto na cidade de Floresta, no Sert\u00e3o de Itaparica. Por volta das 10h30min, na localidade de Tr\u00eas Marias, os policiais localizaram e prenderam um homem com mandado de pris\u00e3o civil. Ele foi\" \/>\n\t<meta name=\"robots\" content=\"max-image-preview:large\" \/>\n\t<meta name=\"author\" content=\"serrafm87\"\/>\n\t<link rel=\"canonical\" href=\"https:\/\/serrafm879.com.br\/serrafm\/2025\/08\/pm-prende-dois-homens-com-mandado-de-prisao-em-aberto\/\" \/>\n\t<meta name=\"generator\" content=\"All in One SEO (AIOSEO) 4.9.10\" \/>\n\t\t<meta name=\"twitter:card\" content=\"summary_large_image\" \/>\n\t\t<meta name=\"twitter:title\" content=\"PM prende dois homens com mandado de pris\u00e3o em aberto - Serra FM 87,9\" \/>\n\t\t<meta name=\"twitter:description\" content=\"Nesta ter\u00e7a-feira (5), Policiais militares da 1\u00aa CIPM realizavam abordagens durante patrulhamento, quando receberam informa\u00e7\u00f5es dois suspeitos que estariam com mandados de pris\u00e3o em aberto na cidade de Floresta, no Sert\u00e3o de Itaparica. Por volta das 10h30min, na localidade de Tr\u00eas Marias, os policiais localizaram e prenderam um homem com mandado de pris\u00e3o civil. Ele foi\" \/>\n\t\t<meta name=\"twitter:image\" content=\"https:\/\/serrafm879.com.br\/serrafm\/wp-content\/uploads\/2025\/06\/algemado-preso-scaled-e1739390704243.jpg\" \/>\n\t\t<script type=\"application\/ld+json\" class=\"aioseo-schema\">\n\t\t\t{\"@context\":\"https:\\\/\\\/schema.org\",\"@graph\":[{\"@type\":\"BlogPosting\",\"@id\":\"https:\\\/\\\/serrafm879.com.br\\\/serrafm\\\/2025\\\/08\\\/pm-prende-dois-homens-com-mandado-de-prisao-em-aberto\\\/#blogposting\",\"name\":\"PM prende dois homens com mandado de pris\\u00e3o em aberto - Serra FM 87,9\",\"headline\":\"PM prende dois homens com mandado de pris\\u00e3o em aberto\",\"author\":{\"@id\":\"https:\\\/\\\/serrafm879.com.br\\\/serrafm\\\/author\\\/serrafm87\\\/#author\"},\"publisher\":{\"@id\":\"https:\\\/\\\/serrafm879.com.br\\\/serrafm\\\/#organization\"},\"image\":{\"@type\":\"ImageObject\",\"url\":\"https:\\\/\\\/serrafm879.com.br\\\/serrafm\\\/wp-content\\\/uploads\\\/2025\\\/06\\\/algemado-preso-scaled-e1739390704243.jpg\",\"width\":1707,\"height\":1540},\"datePublished\":\"2025-08-06T17:02:24-03:00\",\"dateModified\":\"2025-08-06T17:02:24-03:00\",\"inLanguage\":\"pt-BR\",\"mainEntityOfPage\":{\"@id\":\"https:\\\/\\\/serrafm879.com.br\\\/serrafm\\\/2025\\\/08\\\/pm-prende-dois-homens-com-mandado-de-prisao-em-aberto\\\/#webpage\"},\"isPartOf\":{\"@id\":\"https:\\\/\\\/serrafm879.com.br\\\/serrafm\\\/2025\\\/08\\\/pm-prende-dois-homens-com-mandado-de-prisao-em-aberto\\\/#webpage\"},\"articleSection\":\"Not\\u00edcias\"},{\"@type\":\"BreadcrumbList\",\"@id\":\"https:\\\/\\\/serrafm879.com.br\\\/serrafm\\\/2025\\\/08\\\/pm-prende-dois-homens-com-mandado-de-prisao-em-aberto\\\/#breadcrumblist\",\"itemListElement\":[{\"@type\":\"ListItem\",\"@id\":\"https:\\\/\\\/serrafm879.com.br\\\/serrafm#listItem\",\"position\":1,\"name\":\"Home\",\"item\":\"https:\\\/\\\/serrafm879.com.br\\\/serrafm\",\"nextItem\":{\"@type\":\"ListItem\",\"@id\":\"https:\\\/\\\/serrafm879.com.br\\\/serrafm\\\/categoria\\\/noticias\\\/#listItem\",\"name\":\"Not\\u00edcias\"}},{\"@type\":\"ListItem\",\"@id\":\"https:\\\/\\\/serrafm879.com.br\\\/serrafm\\\/categoria\\\/noticias\\\/#listItem\",\"position\":2,\"name\":\"Not\\u00edcias\",\"item\":\"https:\\\/\\\/serrafm879.com.br\\\/serrafm\\\/categoria\\\/noticias\\\/\",\"nextItem\":{\"@type\":\"ListItem\",\"@id\":\"https:\\\/\\\/serrafm879.com.br\\\/serrafm\\\/2025\\\/08\\\/pm-prende-dois-homens-com-mandado-de-prisao-em-aberto\\\/#listItem\",\"name\":\"PM prende dois homens com mandado de pris\\u00e3o em aberto\"},\"previousItem\":{\"@type\":\"ListItem\",\"@id\":\"https:\\\/\\\/serrafm879.com.br\\\/serrafm#listItem\",\"name\":\"Home\"}},{\"@type\":\"ListItem\",\"@id\":\"https:\\\/\\\/serrafm879.com.br\\\/serrafm\\\/2025\\\/08\\\/pm-prende-dois-homens-com-mandado-de-prisao-em-aberto\\\/#listItem\",\"position\":3,\"name\":\"PM prende dois homens com mandado de pris\\u00e3o em aberto\",\"previousItem\":{\"@type\":\"ListItem\",\"@id\":\"https:\\\/\\\/serrafm879.com.br\\\/serrafm\\\/categoria\\\/noticias\\\/#listItem\",\"name\":\"Not\\u00edcias\"}}]},{\"@type\":\"Organization\",\"@id\":\"https:\\\/\\\/serrafm879.com.br\\\/serrafm\\\/#organization\",\"name\":\"Serra FM 87,9\",\"description\":\"O seu novo amor!\",\"url\":\"https:\\\/\\\/serrafm879.com.br\\\/serrafm\\\/\"},{\"@type\":\"Person\",\"@id\":\"https:\\\/\\\/serrafm879.com.br\\\/serrafm\\\/author\\\/serrafm87\\\/#author\",\"url\":\"https:\\\/\\\/serrafm879.com.br\\\/serrafm\\\/author\\\/serrafm87\\\/\",\"name\":\"serrafm87\",\"image\":{\"@type\":\"ImageObject\",\"@id\":\"https:\\\/\\\/serrafm879.com.br\\\/serrafm\\\/2025\\\/08\\\/pm-prende-dois-homens-com-mandado-de-prisao-em-aberto\\\/#authorImage\",\"url\":\"https:\\\/\\\/secure.gravatar.com\\\/avatar\\\/a743233f1112d34f48bb3dc9559b76eb930bab8b27175856cba6362608736235?s=96&d=mm&r=g\",\"width\":96,\"height\":96,\"caption\":\"serrafm87\"}},{\"@type\":\"WebPage\",\"@id\":\"https:\\\/\\\/serrafm879.com.br\\\/serrafm\\\/2025\\\/08\\\/pm-prende-dois-homens-com-mandado-de-prisao-em-aberto\\\/#webpage\",\"url\":\"https:\\\/\\\/serrafm879.com.br\\\/serrafm\\\/2025\\\/08\\\/pm-prende-dois-homens-com-mandado-de-prisao-em-aberto\\\/\",\"name\":\"PM prende dois homens com mandado de pris\\u00e3o em aberto - Serra FM 87,9\",\"description\":\"Nesta ter\\u00e7a-feira (5), Policiais militares da 1\\u00aa CIPM realizavam abordagens durante patrulhamento, quando receberam informa\\u00e7\\u00f5es dois suspeitos que estariam com mandados de pris\\u00e3o em aberto na cidade de Floresta, no Sert\\u00e3o de Itaparica. Por volta das 10h30min, na localidade de Tr\\u00eas Marias, os policiais localizaram e prenderam um homem com mandado de pris\\u00e3o civil. Ele foi\",\"inLanguage\":\"pt-BR\",\"isPartOf\":{\"@id\":\"https:\\\/\\\/serrafm879.com.br\\\/serrafm\\\/#website\"},\"breadcrumb\":{\"@id\":\"https:\\\/\\\/serrafm879.com.br\\\/serrafm\\\/2025\\\/08\\\/pm-prende-dois-homens-com-mandado-de-prisao-em-aberto\\\/#breadcrumblist\"},\"author\":{\"@id\":\"https:\\\/\\\/serrafm879.com.br\\\/serrafm\\\/author\\\/serrafm87\\\/#author\"},\"creator\":{\"@id\":\"https:\\\/\\\/serrafm879.com.br\\\/serrafm\\\/author\\\/serrafm87\\\/#author\"},\"image\":{\"@type\":\"ImageObject\",\"url\":\"https:\\\/\\\/serrafm879.com.br\\\/serrafm\\\/wp-content\\\/uploads\\\/2025\\\/06\\\/algemado-preso-scaled-e1739390704243.jpg\",\"@id\":\"https:\\\/\\\/serrafm879.com.br\\\/serrafm\\\/2025\\\/08\\\/pm-prende-dois-homens-com-mandado-de-prisao-em-aberto\\\/#mainImage\",\"width\":1707,\"height\":1540},\"primaryImageOfPage\":{\"@id\":\"https:\\\/\\\/serrafm879.com.br\\\/serrafm\\\/2025\\\/08\\\/pm-prende-dois-homens-com-mandado-de-prisao-em-aberto\\\/#mainImage\"},\"datePublished\":\"2025-08-06T17:02:24-03:00\",\"dateModified\":\"2025-08-06T17:02:24-03:00\"},{\"@type\":\"WebSite\",\"@id\":\"https:\\\/\\\/serrafm879.com.br\\\/serrafm\\\/#website\",\"url\":\"https:\\\/\\\/serrafm879.com.br\\\/serrafm\\\/\",\"name\":\"Serra FM 87,9\",\"description\":\"O seu novo amor!\",\"inLanguage\":\"pt-BR\",\"publisher\":{\"@id\":\"https:\\\/\\\/serrafm879.com.br\\\/serrafm\\\/#organization\"}}]}\n\t\t<\/script>\n\t\t<!-- All in One SEO -->\n\n","aioseo_head_json":{"title":"PM prende dois homens com mandado de pris\u00e3o em aberto - Serra FM 87,9","description":"Nesta ter\u00e7a-feira (5), Policiais militares da 1\u00aa CIPM realizavam abordagens durante patrulhamento, quando receberam informa\u00e7\u00f5es dois suspeitos que estariam com mandados de pris\u00e3o em aberto na cidade de Floresta, no Sert\u00e3o de Itaparica. Por volta das 10h30min, na localidade de Tr\u00eas Marias, os policiais localizaram e prenderam um homem com mandado de pris\u00e3o civil. Ele foi","canonical_url":"https:\/\/serrafm879.com.br\/serrafm\/2025\/08\/pm-prende-dois-homens-com-mandado-de-prisao-em-aberto\/","robots":"max-image-preview:large","keywords":"","webmasterTools":{"miscellaneous":""},"schema":{"@context":"https:\/\/schema.org","@graph":[{"@type":"BlogPosting","@id":"https:\/\/serrafm879.com.br\/serrafm\/2025\/08\/pm-prende-dois-homens-com-mandado-de-prisao-em-aberto\/#blogposting","name":"PM prende dois homens com mandado de pris\u00e3o em aberto - Serra FM 87,9","headline":"PM prende dois homens com mandado de pris\u00e3o em aberto","author":{"@id":"https:\/\/serrafm879.com.br\/serrafm\/author\/serrafm87\/#author"},"publisher":{"@id":"https:\/\/serrafm879.com.br\/serrafm\/#organization"},"image":{"@type":"ImageObject","url":"https:\/\/serrafm879.com.br\/serrafm\/wp-content\/uploads\/2025\/06\/algemado-preso-scaled-e1739390704243.jpg","width":1707,"height":1540},"datePublished":"2025-08-06T17:02:24-03:00","dateModified":"2025-08-06T17:02:24-03:00","inLanguage":"pt-BR","mainEntityOfPage":{"@id":"https:\/\/serrafm879.com.br\/serrafm\/2025\/08\/pm-prende-dois-homens-com-mandado-de-prisao-em-aberto\/#webpage"},"isPartOf":{"@id":"https:\/\/serrafm879.com.br\/serrafm\/2025\/08\/pm-prende-dois-homens-com-mandado-de-prisao-em-aberto\/#webpage"},"articleSection":"Not\u00edcias"},{"@type":"BreadcrumbList","@id":"https:\/\/serrafm879.com.br\/serrafm\/2025\/08\/pm-prende-dois-homens-com-mandado-de-prisao-em-aberto\/#breadcrumblist","itemListElement":[{"@type":"ListItem","@id":"https:\/\/serrafm879.com.br\/serrafm#listItem","position":1,"name":"Home","item":"https:\/\/serrafm879.com.br\/serrafm","nextItem":{"@type":"ListItem","@id":"https:\/\/serrafm879.com.br\/serrafm\/categoria\/noticias\/#listItem","name":"Not\u00edcias"}},{"@type":"ListItem","@id":"https:\/\/serrafm879.com.br\/serrafm\/categoria\/noticias\/#listItem","position":2,"name":"Not\u00edcias","item":"https:\/\/serrafm879.com.br\/serrafm\/categoria\/noticias\/","nextItem":{"@type":"ListItem","@id":"https:\/\/serrafm879.com.br\/serrafm\/2025\/08\/pm-prende-dois-homens-com-mandado-de-prisao-em-aberto\/#listItem","name":"PM prende dois homens com mandado de pris\u00e3o em aberto"},"previousItem":{"@type":"ListItem","@id":"https:\/\/serrafm879.com.br\/serrafm#listItem","name":"Home"}},{"@type":"ListItem","@id":"https:\/\/serrafm879.com.br\/serrafm\/2025\/08\/pm-prende-dois-homens-com-mandado-de-prisao-em-aberto\/#listItem","position":3,"name":"PM prende dois homens com mandado de pris\u00e3o em aberto","previousItem":{"@type":"ListItem","@id":"https:\/\/serrafm879.com.br\/serrafm\/categoria\/noticias\/#listItem","name":"Not\u00edcias"}}]},{"@type":"Organization","@id":"https:\/\/serrafm879.com.br\/serrafm\/#organization","name":"Serra FM 87,9","description":"O seu novo amor!","url":"https:\/\/serrafm879.com.br\/serrafm\/"},{"@type":"Person","@id":"https:\/\/serrafm879.com.br\/serrafm\/author\/serrafm87\/#author","url":"https:\/\/serrafm879.com.br\/serrafm\/author\/serrafm87\/","name":"serrafm87","image":{"@type":"ImageObject","@id":"https:\/\/serrafm879.com.br\/serrafm\/2025\/08\/pm-prende-dois-homens-com-mandado-de-prisao-em-aberto\/#authorImage","url":"https:\/\/secure.gravatar.com\/avatar\/a743233f1112d34f48bb3dc9559b76eb930bab8b27175856cba6362608736235?s=96&d=mm&r=g","width":96,"height":96,"caption":"serrafm87"}},{"@type":"WebPage","@id":"https:\/\/serrafm879.com.br\/serrafm\/2025\/08\/pm-prende-dois-homens-com-mandado-de-prisao-em-aberto\/#webpage","url":"https:\/\/serrafm879.com.br\/serrafm\/2025\/08\/pm-prende-dois-homens-com-mandado-de-prisao-em-aberto\/","name":"PM prende dois homens com mandado de pris\u00e3o em aberto - Serra FM 87,9","description":"Nesta ter\u00e7a-feira (5), Policiais militares da 1\u00aa CIPM realizavam abordagens durante patrulhamento, quando receberam informa\u00e7\u00f5es dois suspeitos que estariam com mandados de pris\u00e3o em aberto na cidade de Floresta, no Sert\u00e3o de Itaparica. Por volta das 10h30min, na localidade de Tr\u00eas Marias, os policiais localizaram e prenderam um homem com mandado de pris\u00e3o civil. Ele foi","inLanguage":"pt-BR","isPartOf":{"@id":"https:\/\/serrafm879.com.br\/serrafm\/#website"},"breadcrumb":{"@id":"https:\/\/serrafm879.com.br\/serrafm\/2025\/08\/pm-prende-dois-homens-com-mandado-de-prisao-em-aberto\/#breadcrumblist"},"author":{"@id":"https:\/\/serrafm879.com.br\/serrafm\/author\/serrafm87\/#author"},"creator":{"@id":"https:\/\/serrafm879.com.br\/serrafm\/author\/serrafm87\/#author"},"image":{"@type":"ImageObject","url":"https:\/\/serrafm879.com.br\/serrafm\/wp-content\/uploads\/2025\/06\/algemado-preso-scaled-e1739390704243.jpg","@id":"https:\/\/serrafm879.com.br\/serrafm\/2025\/08\/pm-prende-dois-homens-com-mandado-de-prisao-em-aberto\/#mainImage","width":1707,"height":1540},"primaryImageOfPage":{"@id":"https:\/\/serrafm879.com.br\/serrafm\/2025\/08\/pm-prende-dois-homens-com-mandado-de-prisao-em-aberto\/#mainImage"},"datePublished":"2025-08-06T17:02:24-03:00","dateModified":"2025-08-06T17:02:24-03:00"},{"@type":"WebSite","@id":"https:\/\/serrafm879.com.br\/serrafm\/#website","url":"https:\/\/serrafm879.com.br\/serrafm\/","name":"Serra FM 87,9","description":"O seu novo amor!","inLanguage":"pt-BR","publisher":{"@id":"https:\/\/serrafm879.com.br\/serrafm\/#organization"}}]},"twitter:card":"summary_large_image","twitter:title":"PM prende dois homens com mandado de pris\u00e3o em aberto - Serra FM 87,9","twitter:description":"Nesta ter\u00e7a-feira (5), Policiais militares da 1\u00aa CIPM realizavam abordagens durante patrulhamento, quando receberam informa\u00e7\u00f5es dois suspeitos que estariam com mandados de pris\u00e3o em aberto na cidade de Floresta, no Sert\u00e3o de Itaparica. Por volta das 10h30min, na localidade de Tr\u00eas Marias, os policiais localizaram e prenderam um homem com mandado de pris\u00e3o civil. Ele foi","twitter:image":"https:\/\/serrafm879.com.br\/serrafm\/wp-content\/uploads\/2025\/06\/algemado-preso-scaled-e1739390704243.jpg"},"aioseo_meta_data":{"post_id":"23671","title":null,"description":null,"keywords":null,"keyphrases":null,"primary_term":null,"canonical_url":null,"og_title":null,"og_description":null,"og_object_type":"default","og_image_type":"default","og_image_custom_url":null,"og_image_custom_fields":null,"og_image_url":null,"og_image_width":null,"og_image_height":null,"og_video":null,"og_custom_url":null,"og_article_section":null,"og_article_tags":null,"twitter_use_og":false,"twitter_card":"default","twitter_image_type":"default","twitter_image_custom_url":null,"twitter_image_custom_fields":null,"twitter_image_url":null,"twitter_title":null,"twitter_description":null,"schema_type":"default","schema_type_options":null,"schema":{"blockGraphs":[],"customGraphs":[],"default":{"data":{"Article":[],"Course":[],"Dataset":[],"FAQPage":[],"Movie":[],"Person":[],"Product":[],"ProductReview":[],"Car":[],"Recipe":[],"Service":[],"SoftwareApplication":[],"WebPage":[]},"graphName":"","isEnabled":true},"graphs":[]},"pillar_content":false,"robots_default":true,"robots_noindex":false,"robots_noarchive":false,"robots_nosnippet":false,"robots_nofollow":false,"robots_noimageindex":false,"robots_noodp":false,"robots_notranslate":false,"robots_max_snippet":null,"robots_max_videopreview":null,"robots_max_imagepreview":"large","priority":null,"frequency":null,"local_seo":null,"limit_modified_date":false,"ai":null,"breadcrumb_settings":null,"seo_analyzer_scan_date":null,"created":"2026-07-21 16:39:49","updated":"2026-07-21 16:39:49"},"aioseo_breadcrumb":"<div class=\"aioseo-breadcrumbs\"><span class=\"aioseo-breadcrumb\">\n\t\t\t<a href=\"https:\/\/serrafm879.com.br\/serrafm\" title=\"Home\">Home<\/a>\n\t\t<\/span><span class=\"aioseo-breadcrumb-separator\">&raquo;<\/span><span class=\"aioseo-breadcrumb\">\n\t\t\t<a href=\"https:\/\/serrafm879.com.br\/serrafm\/categoria\/noticias\/\" title=\"Not\u00edcias\">Not\u00edcias<\/a>\n\t\t<\/span><span class=\"aioseo-breadcrumb-separator\">&raquo;<\/span><span class=\"aioseo-breadcrumb\">\n\t\t\tPM prende dois homens com mandado de pris\u00e3o em aberto\n\t\t<\/span><\/div>","aioseo_breadcrumb_json":[{"label":"Home","link":"https:\/\/serrafm879.com.br\/serrafm"},{"label":"Not\u00edcias","link":"https:\/\/serrafm879.com.br\/serrafm\/categoria\/noticias\/"},{"label":"PM prende dois homens com mandado de pris\u00e3o em aberto","link":"https:\/\/serrafm879.com.br\/serrafm\/2025\/08\/pm-prende-dois-homens-com-mandado-de-prisao-em-aberto\/"}],"jetpack_publicize_connections":[],"jetpack_featured_media_url":"https:\/\/serrafm879.com.br\/serrafm\/wp-content\/uploads\/2025\/06\/algemado-preso-scaled-e1739390704243.jpg","jetpack_shortlink":"https:\/\/wp.me\/p7HyXg-69N","jetpack_sharing_enabled":true,"_links":{"self":[{"href":"https:\/\/serrafm879.com.br\/serrafm\/wp-json\/wp\/v2\/posts\/23671","targetHints":{"allow":["GET"]}}],"collection":[{"href":"https:\/\/serrafm879.com.br\/serrafm\/wp-json\/wp\/v2\/posts"}],"about":[{"href":"https:\/\/serrafm879.com.br\/serrafm\/wp-json\/wp\/v2\/types\/post"}],"author":[{"embeddable":true,"href":"https:\/\/serrafm879.com.br\/serrafm\/wp-json\/wp\/v2\/users\/2"}],"replies":[{"embeddable":true,"href":"https:\/\/serrafm879.com.br\/serrafm\/wp-json\/wp\/v2\/comments?post=23671"}],"version-history":[{"count":1,"href":"https:\/\/serrafm879.com.br\/serrafm\/wp-json\/wp\/v2\/posts\/23671\/revisions"}],"predecessor-version":[{"id":23674,"href":"https:\/\/serrafm879.com.br\/serrafm\/wp-json\/wp\/v2\/posts\/23671\/revisions\/23674"}],"wp:featuredmedia":[{"embeddable":true,"href":"https:\/\/serrafm879.com.br\/serrafm\/wp-json\/wp\/v2\/media\/22931"}],"wp:attachment":[{"href":"https:\/\/serrafm879.com.br\/serrafm\/wp-json\/wp\/v2\/media?parent=23671"}],"wp:term":[{"taxonomy":"category","embeddable":true,"href":"https:\/\/serrafm879.com.br\/serrafm\/wp-json\/wp\/v2\/categories?post=23671"},{"taxonomy":"post_tag","embeddable":true,"href":"https:\/\/serrafm879.com.br\/serrafm\/wp-json\/wp\/v2\/tags?post=23671"}],"curies":[{"name":"wp","href":"https:\/\/api.w.org\/{rel}","templated":true}]}}