{"id":23678,"date":"2025-08-06T17:06:52","date_gmt":"2025-08-06T20:06:52","guid":{"rendered":"https:\/\/serrafm879.com.br\/serrafm\/?p=23678"},"modified":"2025-08-06T17:06:52","modified_gmt":"2025-08-06T20:06:52","slug":"morador-de-st-diz-que-e-do-pcc-e-ameaca-pm-apos-ser-detido-em-bloqueio","status":"publish","type":"post","link":"https:\/\/serrafm879.com.br\/serrafm\/2025\/08\/morador-de-st-diz-que-e-do-pcc-e-ameaca-pm-apos-ser-detido-em-bloqueio\/","title":{"rendered":"Morador de ST diz que \u00e9 do PCC e amea\u00e7a PM ap\u00f3s ser detido em bloqueio"},"content":{"rendered":"<div id=\"site\"><main id=\"content\"><\/p>\n<div class=\"content-container\">\n<section id=\"primary\" class=\"content\">\n<article id=\"post-677024\" class=\"post-677024 post type-post status-publish format-standard has-post-thumbnail hentry category-cotidiano category-destaques category-pagina-inicial category-policia category-serra-talhada\">\n<div class=\"post-content\">\n<p>Policiais Militares do 14\u00ba BPM tiveram uma surpresa durante um trabalho de bloqueio munic\u00edpio de Calumbi, Sert\u00e3o do Paje\u00fa, nessa ter\u00e7a-feira (5). Na Avenida Ailton de Br\u00e1s Souza deram ordem de parada a dois homens que vinham numa motocicleta modelo Honda Bross.<\/p>\n<p class=\"p1\">Segundo o boletim de ocorr\u00eancia, ao checarem o chassi da moto, foi constado que o ve\u00edculo havia sido roubado no Guaruj\u00e1, litoral de S\u00e3o Paulo.<\/p>\n<p>Por\u00e9m, a surpresa maior veio logo em seguida. Ao receber ordem de pris\u00e3o, um dos envolvidos, morador do bairro Bom Jesus, em Serra Talhada, foi agressivo e sapecou a \u2018carteirada do crime\u2019, amea\u00e7ando os policiais.<\/p>\n<p>Ele afirmou que era do Primeiro Comando da Capital (PCC), que estava de f\u00e9rias, e foi taxativo: \u201cIsso n\u00e3o vai ficar assim\u201d, disse o suspeito.<\/p>\n<p class=\"p1\">O homem foi conduzido \u00e0 Delegacia de Pol\u00edcia de Serra Talhada, onde foi autuado em flagrante por recepta\u00e7\u00e3o de ve\u00edculo roubado, amea\u00e7a e desacato aos policiais.<\/p>\n<\/div>\n<\/article>\n<\/section>\n<\/div>\n<p><\/main><\/div>\n","protected":false},"excerpt":{"rendered":"<p>Policiais Militares do 14\u00ba BPM tiveram uma surpresa durante um trabalho de bloqueio munic\u00edpio de Calumbi, Sert\u00e3o do Paje\u00fa, nessa ter\u00e7a-feira (5). Na Avenida Ailton de Br\u00e1s Souza deram ordem de parada a dois homens que vinham numa motocicleta modelo Honda Bross. Segundo o boletim de ocorr\u00eancia, ao checarem o chassi da moto, foi constado que o ve\u00edculo havia sido roubado no Guaruj\u00e1, litoral de S\u00e3o Paulo. Por\u00e9m, a surpresa maior veio logo em seguida. Ao receber ordem de pris\u00e3o, um dos envolvidos, morador do bairro Bom Jesus, em Serra Talhada, foi agressivo e sapecou a \u2018carteirada do crime\u2019, amea\u00e7ando [&hellip;]<\/p>\n","protected":false},"author":2,"featured_media":21079,"comment_status":"open","ping_status":"open","sticky":false,"template":"","format":"standard","meta":{"_jetpack_newsletter_access":"","_jetpack_dont_email_post_to_subs":false,"_jetpack_newsletter_tier_id":0,"_jetpack_memberships_contains_paywalled_content":false,"_jetpack_feature_clip_id":0,"_jetpack_memberships_contains_paid_content":false,"footnotes":"","jetpack_publicize_message":"","jetpack_publicize_feature_enabled":true,"jetpack_social_post_already_shared":true,"jetpack_social_options":{"image_generator_settings":{"template":"highway","default_image_id":0,"font":"","enabled":false},"version":2},"jetpack_post_was_ever_published":false},"categories":[2],"tags":[],"class_list":["post-23678","post","type-post","status-publish","format-standard","has-post-thumbnail","hentry","category-noticias"],"aioseo_notices":[],"aioseo_head":"\n\t\t<!-- All in One SEO 4.9.10 - aioseo.com -->\n\t<meta name=\"description\" content=\"Policiais Militares do 14\u00ba BPM tiveram uma surpresa durante um trabalho de bloqueio munic\u00edpio de Calumbi, Sert\u00e3o do Paje\u00fa, nessa ter\u00e7a-feira (5). Na Avenida Ailton de Br\u00e1s Souza deram ordem de parada a dois homens que vinham numa motocicleta modelo Honda Bross. Segundo o boletim de ocorr\u00eancia, ao checarem o chassi da moto, foi constado\" \/>\n\t<meta name=\"robots\" content=\"max-image-preview:large\" \/>\n\t<meta name=\"author\" content=\"serrafm87\"\/>\n\t<link rel=\"canonical\" href=\"https:\/\/serrafm879.com.br\/serrafm\/2025\/08\/morador-de-st-diz-que-e-do-pcc-e-ameaca-pm-apos-ser-detido-em-bloqueio\/\" \/>\n\t<meta name=\"generator\" content=\"All in One SEO (AIOSEO) 4.9.10\" \/>\n\t\t<meta name=\"twitter:card\" content=\"summary_large_image\" \/>\n\t\t<meta name=\"twitter:title\" content=\"Morador de ST diz que \u00e9 do PCC e amea\u00e7a PM ap\u00f3s ser detido em bloqueio - Serra FM 87,9\" \/>\n\t\t<meta name=\"twitter:description\" content=\"Policiais Militares do 14\u00ba BPM tiveram uma surpresa durante um trabalho de bloqueio munic\u00edpio de Calumbi, Sert\u00e3o do Paje\u00fa, nessa ter\u00e7a-feira (5). Na Avenida Ailton de Br\u00e1s Souza deram ordem de parada a dois homens que vinham numa motocicleta modelo Honda Bross. Segundo o boletim de ocorr\u00eancia, ao checarem o chassi da moto, foi constado\" \/>\n\t\t<meta name=\"twitter:image\" content=\"https:\/\/serrafm879.com.br\/serrafm\/wp-content\/uploads\/2025\/02\/preso-algemado.jpg\" \/>\n\t\t<script type=\"application\/ld+json\" class=\"aioseo-schema\">\n\t\t\t{\"@context\":\"https:\\\/\\\/schema.org\",\"@graph\":[{\"@type\":\"BlogPosting\",\"@id\":\"https:\\\/\\\/serrafm879.com.br\\\/serrafm\\\/2025\\\/08\\\/morador-de-st-diz-que-e-do-pcc-e-ameaca-pm-apos-ser-detido-em-bloqueio\\\/#blogposting\",\"name\":\"Morador de ST diz que \\u00e9 do PCC e amea\\u00e7a PM ap\\u00f3s ser detido em bloqueio - Serra FM 87,9\",\"headline\":\"Morador de ST diz que \\u00e9 do PCC e amea\\u00e7a PM ap\\u00f3s ser detido em bloqueio\",\"author\":{\"@id\":\"https:\\\/\\\/serrafm879.com.br\\\/serrafm\\\/author\\\/serrafm87\\\/#author\"},\"publisher\":{\"@id\":\"https:\\\/\\\/serrafm879.com.br\\\/serrafm\\\/#organization\"},\"image\":{\"@type\":\"ImageObject\",\"url\":\"https:\\\/\\\/serrafm879.com.br\\\/serrafm\\\/wp-content\\\/uploads\\\/2025\\\/02\\\/preso-algemado.jpg\",\"width\":626,\"height\":417},\"datePublished\":\"2025-08-06T17:06:52-03:00\",\"dateModified\":\"2025-08-06T17:06:52-03:00\",\"inLanguage\":\"pt-BR\",\"mainEntityOfPage\":{\"@id\":\"https:\\\/\\\/serrafm879.com.br\\\/serrafm\\\/2025\\\/08\\\/morador-de-st-diz-que-e-do-pcc-e-ameaca-pm-apos-ser-detido-em-bloqueio\\\/#webpage\"},\"isPartOf\":{\"@id\":\"https:\\\/\\\/serrafm879.com.br\\\/serrafm\\\/2025\\\/08\\\/morador-de-st-diz-que-e-do-pcc-e-ameaca-pm-apos-ser-detido-em-bloqueio\\\/#webpage\"},\"articleSection\":\"Not\\u00edcias\"},{\"@type\":\"BreadcrumbList\",\"@id\":\"https:\\\/\\\/serrafm879.com.br\\\/serrafm\\\/2025\\\/08\\\/morador-de-st-diz-que-e-do-pcc-e-ameaca-pm-apos-ser-detido-em-bloqueio\\\/#breadcrumblist\",\"itemListElement\":[{\"@type\":\"ListItem\",\"@id\":\"https:\\\/\\\/serrafm879.com.br\\\/serrafm#listItem\",\"position\":1,\"name\":\"Home\",\"item\":\"https:\\\/\\\/serrafm879.com.br\\\/serrafm\",\"nextItem\":{\"@type\":\"ListItem\",\"@id\":\"https:\\\/\\\/serrafm879.com.br\\\/serrafm\\\/categoria\\\/noticias\\\/#listItem\",\"name\":\"Not\\u00edcias\"}},{\"@type\":\"ListItem\",\"@id\":\"https:\\\/\\\/serrafm879.com.br\\\/serrafm\\\/categoria\\\/noticias\\\/#listItem\",\"position\":2,\"name\":\"Not\\u00edcias\",\"item\":\"https:\\\/\\\/serrafm879.com.br\\\/serrafm\\\/categoria\\\/noticias\\\/\",\"nextItem\":{\"@type\":\"ListItem\",\"@id\":\"https:\\\/\\\/serrafm879.com.br\\\/serrafm\\\/2025\\\/08\\\/morador-de-st-diz-que-e-do-pcc-e-ameaca-pm-apos-ser-detido-em-bloqueio\\\/#listItem\",\"name\":\"Morador de ST diz que \\u00e9 do PCC e amea\\u00e7a PM ap\\u00f3s ser detido em bloqueio\"},\"previousItem\":{\"@type\":\"ListItem\",\"@id\":\"https:\\\/\\\/serrafm879.com.br\\\/serrafm#listItem\",\"name\":\"Home\"}},{\"@type\":\"ListItem\",\"@id\":\"https:\\\/\\\/serrafm879.com.br\\\/serrafm\\\/2025\\\/08\\\/morador-de-st-diz-que-e-do-pcc-e-ameaca-pm-apos-ser-detido-em-bloqueio\\\/#listItem\",\"position\":3,\"name\":\"Morador de ST diz que \\u00e9 do PCC e amea\\u00e7a PM ap\\u00f3s ser detido em bloqueio\",\"previousItem\":{\"@type\":\"ListItem\",\"@id\":\"https:\\\/\\\/serrafm879.com.br\\\/serrafm\\\/categoria\\\/noticias\\\/#listItem\",\"name\":\"Not\\u00edcias\"}}]},{\"@type\":\"Organization\",\"@id\":\"https:\\\/\\\/serrafm879.com.br\\\/serrafm\\\/#organization\",\"name\":\"Serra FM 87,9\",\"description\":\"O seu novo amor!\",\"url\":\"https:\\\/\\\/serrafm879.com.br\\\/serrafm\\\/\"},{\"@type\":\"Person\",\"@id\":\"https:\\\/\\\/serrafm879.com.br\\\/serrafm\\\/author\\\/serrafm87\\\/#author\",\"url\":\"https:\\\/\\\/serrafm879.com.br\\\/serrafm\\\/author\\\/serrafm87\\\/\",\"name\":\"serrafm87\",\"image\":{\"@type\":\"ImageObject\",\"@id\":\"https:\\\/\\\/serrafm879.com.br\\\/serrafm\\\/2025\\\/08\\\/morador-de-st-diz-que-e-do-pcc-e-ameaca-pm-apos-ser-detido-em-bloqueio\\\/#authorImage\",\"url\":\"https:\\\/\\\/secure.gravatar.com\\\/avatar\\\/a743233f1112d34f48bb3dc9559b76eb930bab8b27175856cba6362608736235?s=96&d=mm&r=g\",\"width\":96,\"height\":96,\"caption\":\"serrafm87\"}},{\"@type\":\"WebPage\",\"@id\":\"https:\\\/\\\/serrafm879.com.br\\\/serrafm\\\/2025\\\/08\\\/morador-de-st-diz-que-e-do-pcc-e-ameaca-pm-apos-ser-detido-em-bloqueio\\\/#webpage\",\"url\":\"https:\\\/\\\/serrafm879.com.br\\\/serrafm\\\/2025\\\/08\\\/morador-de-st-diz-que-e-do-pcc-e-ameaca-pm-apos-ser-detido-em-bloqueio\\\/\",\"name\":\"Morador de ST diz que \\u00e9 do PCC e amea\\u00e7a PM ap\\u00f3s ser detido em bloqueio - Serra FM 87,9\",\"description\":\"Policiais Militares do 14\\u00ba BPM tiveram uma surpresa durante um trabalho de bloqueio munic\\u00edpio de Calumbi, Sert\\u00e3o do Paje\\u00fa, nessa ter\\u00e7a-feira (5). Na Avenida Ailton de Br\\u00e1s Souza deram ordem de parada a dois homens que vinham numa motocicleta modelo Honda Bross. Segundo o boletim de ocorr\\u00eancia, ao checarem o chassi da moto, foi constado\",\"inLanguage\":\"pt-BR\",\"isPartOf\":{\"@id\":\"https:\\\/\\\/serrafm879.com.br\\\/serrafm\\\/#website\"},\"breadcrumb\":{\"@id\":\"https:\\\/\\\/serrafm879.com.br\\\/serrafm\\\/2025\\\/08\\\/morador-de-st-diz-que-e-do-pcc-e-ameaca-pm-apos-ser-detido-em-bloqueio\\\/#breadcrumblist\"},\"author\":{\"@id\":\"https:\\\/\\\/serrafm879.com.br\\\/serrafm\\\/author\\\/serrafm87\\\/#author\"},\"creator\":{\"@id\":\"https:\\\/\\\/serrafm879.com.br\\\/serrafm\\\/author\\\/serrafm87\\\/#author\"},\"image\":{\"@type\":\"ImageObject\",\"url\":\"https:\\\/\\\/serrafm879.com.br\\\/serrafm\\\/wp-content\\\/uploads\\\/2025\\\/02\\\/preso-algemado.jpg\",\"@id\":\"https:\\\/\\\/serrafm879.com.br\\\/serrafm\\\/2025\\\/08\\\/morador-de-st-diz-que-e-do-pcc-e-ameaca-pm-apos-ser-detido-em-bloqueio\\\/#mainImage\",\"width\":626,\"height\":417},\"primaryImageOfPage\":{\"@id\":\"https:\\\/\\\/serrafm879.com.br\\\/serrafm\\\/2025\\\/08\\\/morador-de-st-diz-que-e-do-pcc-e-ameaca-pm-apos-ser-detido-em-bloqueio\\\/#mainImage\"},\"datePublished\":\"2025-08-06T17:06:52-03:00\",\"dateModified\":\"2025-08-06T17:06:52-03:00\"},{\"@type\":\"WebSite\",\"@id\":\"https:\\\/\\\/serrafm879.com.br\\\/serrafm\\\/#website\",\"url\":\"https:\\\/\\\/serrafm879.com.br\\\/serrafm\\\/\",\"name\":\"Serra FM 87,9\",\"description\":\"O seu novo amor!\",\"inLanguage\":\"pt-BR\",\"publisher\":{\"@id\":\"https:\\\/\\\/serrafm879.com.br\\\/serrafm\\\/#organization\"}}]}\n\t\t<\/script>\n\t\t<!-- All in One SEO -->\n\n","aioseo_head_json":{"title":"Morador de ST diz que \u00e9 do PCC e amea\u00e7a PM ap\u00f3s ser detido em bloqueio - Serra FM 87,9","description":"Policiais Militares do 14\u00ba BPM tiveram uma surpresa durante um trabalho de bloqueio munic\u00edpio de Calumbi, Sert\u00e3o do Paje\u00fa, nessa ter\u00e7a-feira (5). Na Avenida Ailton de Br\u00e1s Souza deram ordem de parada a dois homens que vinham numa motocicleta modelo Honda Bross. Segundo o boletim de ocorr\u00eancia, ao checarem o chassi da moto, foi constado","canonical_url":"https:\/\/serrafm879.com.br\/serrafm\/2025\/08\/morador-de-st-diz-que-e-do-pcc-e-ameaca-pm-apos-ser-detido-em-bloqueio\/","robots":"max-image-preview:large","keywords":"","webmasterTools":{"miscellaneous":""},"schema":{"@context":"https:\/\/schema.org","@graph":[{"@type":"BlogPosting","@id":"https:\/\/serrafm879.com.br\/serrafm\/2025\/08\/morador-de-st-diz-que-e-do-pcc-e-ameaca-pm-apos-ser-detido-em-bloqueio\/#blogposting","name":"Morador de ST diz que \u00e9 do PCC e amea\u00e7a PM ap\u00f3s ser detido em bloqueio - Serra FM 87,9","headline":"Morador de ST diz que \u00e9 do PCC e amea\u00e7a PM ap\u00f3s ser detido em bloqueio","author":{"@id":"https:\/\/serrafm879.com.br\/serrafm\/author\/serrafm87\/#author"},"publisher":{"@id":"https:\/\/serrafm879.com.br\/serrafm\/#organization"},"image":{"@type":"ImageObject","url":"https:\/\/serrafm879.com.br\/serrafm\/wp-content\/uploads\/2025\/02\/preso-algemado.jpg","width":626,"height":417},"datePublished":"2025-08-06T17:06:52-03:00","dateModified":"2025-08-06T17:06:52-03:00","inLanguage":"pt-BR","mainEntityOfPage":{"@id":"https:\/\/serrafm879.com.br\/serrafm\/2025\/08\/morador-de-st-diz-que-e-do-pcc-e-ameaca-pm-apos-ser-detido-em-bloqueio\/#webpage"},"isPartOf":{"@id":"https:\/\/serrafm879.com.br\/serrafm\/2025\/08\/morador-de-st-diz-que-e-do-pcc-e-ameaca-pm-apos-ser-detido-em-bloqueio\/#webpage"},"articleSection":"Not\u00edcias"},{"@type":"BreadcrumbList","@id":"https:\/\/serrafm879.com.br\/serrafm\/2025\/08\/morador-de-st-diz-que-e-do-pcc-e-ameaca-pm-apos-ser-detido-em-bloqueio\/#breadcrumblist","itemListElement":[{"@type":"ListItem","@id":"https:\/\/serrafm879.com.br\/serrafm#listItem","position":1,"name":"Home","item":"https:\/\/serrafm879.com.br\/serrafm","nextItem":{"@type":"ListItem","@id":"https:\/\/serrafm879.com.br\/serrafm\/categoria\/noticias\/#listItem","name":"Not\u00edcias"}},{"@type":"ListItem","@id":"https:\/\/serrafm879.com.br\/serrafm\/categoria\/noticias\/#listItem","position":2,"name":"Not\u00edcias","item":"https:\/\/serrafm879.com.br\/serrafm\/categoria\/noticias\/","nextItem":{"@type":"ListItem","@id":"https:\/\/serrafm879.com.br\/serrafm\/2025\/08\/morador-de-st-diz-que-e-do-pcc-e-ameaca-pm-apos-ser-detido-em-bloqueio\/#listItem","name":"Morador de ST diz que \u00e9 do PCC e amea\u00e7a PM ap\u00f3s ser detido em bloqueio"},"previousItem":{"@type":"ListItem","@id":"https:\/\/serrafm879.com.br\/serrafm#listItem","name":"Home"}},{"@type":"ListItem","@id":"https:\/\/serrafm879.com.br\/serrafm\/2025\/08\/morador-de-st-diz-que-e-do-pcc-e-ameaca-pm-apos-ser-detido-em-bloqueio\/#listItem","position":3,"name":"Morador de ST diz que \u00e9 do PCC e amea\u00e7a PM ap\u00f3s ser detido em bloqueio","previousItem":{"@type":"ListItem","@id":"https:\/\/serrafm879.com.br\/serrafm\/categoria\/noticias\/#listItem","name":"Not\u00edcias"}}]},{"@type":"Organization","@id":"https:\/\/serrafm879.com.br\/serrafm\/#organization","name":"Serra FM 87,9","description":"O seu novo amor!","url":"https:\/\/serrafm879.com.br\/serrafm\/"},{"@type":"Person","@id":"https:\/\/serrafm879.com.br\/serrafm\/author\/serrafm87\/#author","url":"https:\/\/serrafm879.com.br\/serrafm\/author\/serrafm87\/","name":"serrafm87","image":{"@type":"ImageObject","@id":"https:\/\/serrafm879.com.br\/serrafm\/2025\/08\/morador-de-st-diz-que-e-do-pcc-e-ameaca-pm-apos-ser-detido-em-bloqueio\/#authorImage","url":"https:\/\/secure.gravatar.com\/avatar\/a743233f1112d34f48bb3dc9559b76eb930bab8b27175856cba6362608736235?s=96&d=mm&r=g","width":96,"height":96,"caption":"serrafm87"}},{"@type":"WebPage","@id":"https:\/\/serrafm879.com.br\/serrafm\/2025\/08\/morador-de-st-diz-que-e-do-pcc-e-ameaca-pm-apos-ser-detido-em-bloqueio\/#webpage","url":"https:\/\/serrafm879.com.br\/serrafm\/2025\/08\/morador-de-st-diz-que-e-do-pcc-e-ameaca-pm-apos-ser-detido-em-bloqueio\/","name":"Morador de ST diz que \u00e9 do PCC e amea\u00e7a PM ap\u00f3s ser detido em bloqueio - Serra FM 87,9","description":"Policiais Militares do 14\u00ba BPM tiveram uma surpresa durante um trabalho de bloqueio munic\u00edpio de Calumbi, Sert\u00e3o do Paje\u00fa, nessa ter\u00e7a-feira (5). Na Avenida Ailton de Br\u00e1s Souza deram ordem de parada a dois homens que vinham numa motocicleta modelo Honda Bross. Segundo o boletim de ocorr\u00eancia, ao checarem o chassi da moto, foi constado","inLanguage":"pt-BR","isPartOf":{"@id":"https:\/\/serrafm879.com.br\/serrafm\/#website"},"breadcrumb":{"@id":"https:\/\/serrafm879.com.br\/serrafm\/2025\/08\/morador-de-st-diz-que-e-do-pcc-e-ameaca-pm-apos-ser-detido-em-bloqueio\/#breadcrumblist"},"author":{"@id":"https:\/\/serrafm879.com.br\/serrafm\/author\/serrafm87\/#author"},"creator":{"@id":"https:\/\/serrafm879.com.br\/serrafm\/author\/serrafm87\/#author"},"image":{"@type":"ImageObject","url":"https:\/\/serrafm879.com.br\/serrafm\/wp-content\/uploads\/2025\/02\/preso-algemado.jpg","@id":"https:\/\/serrafm879.com.br\/serrafm\/2025\/08\/morador-de-st-diz-que-e-do-pcc-e-ameaca-pm-apos-ser-detido-em-bloqueio\/#mainImage","width":626,"height":417},"primaryImageOfPage":{"@id":"https:\/\/serrafm879.com.br\/serrafm\/2025\/08\/morador-de-st-diz-que-e-do-pcc-e-ameaca-pm-apos-ser-detido-em-bloqueio\/#mainImage"},"datePublished":"2025-08-06T17:06:52-03:00","dateModified":"2025-08-06T17:06:52-03:00"},{"@type":"WebSite","@id":"https:\/\/serrafm879.com.br\/serrafm\/#website","url":"https:\/\/serrafm879.com.br\/serrafm\/","name":"Serra FM 87,9","description":"O seu novo amor!","inLanguage":"pt-BR","publisher":{"@id":"https:\/\/serrafm879.com.br\/serrafm\/#organization"}}]},"twitter:card":"summary_large_image","twitter:title":"Morador de ST diz que \u00e9 do PCC e amea\u00e7a PM ap\u00f3s ser detido em bloqueio - Serra FM 87,9","twitter:description":"Policiais Militares do 14\u00ba BPM tiveram uma surpresa durante um trabalho de bloqueio munic\u00edpio de Calumbi, Sert\u00e3o do Paje\u00fa, nessa ter\u00e7a-feira (5). Na Avenida Ailton de Br\u00e1s Souza deram ordem de parada a dois homens que vinham numa motocicleta modelo Honda Bross. Segundo o boletim de ocorr\u00eancia, ao checarem o chassi da moto, foi constado","twitter:image":"https:\/\/serrafm879.com.br\/serrafm\/wp-content\/uploads\/2025\/02\/preso-algemado.jpg"},"aioseo_meta_data":{"post_id":"23678","title":null,"description":null,"keywords":null,"keyphrases":null,"primary_term":null,"canonical_url":null,"og_title":null,"og_description":null,"og_object_type":"default","og_image_type":"default","og_image_custom_url":null,"og_image_custom_fields":null,"og_image_url":null,"og_image_width":null,"og_image_height":null,"og_video":null,"og_custom_url":null,"og_article_section":null,"og_article_tags":null,"twitter_use_og":false,"twitter_card":"default","twitter_image_type":"default","twitter_image_custom_url":null,"twitter_image_custom_fields":null,"twitter_image_url":null,"twitter_title":null,"twitter_description":null,"schema_type":"default","schema_type_options":null,"schema":{"blockGraphs":[],"customGraphs":[],"default":{"data":{"Article":[],"Course":[],"Dataset":[],"FAQPage":[],"Movie":[],"Person":[],"Product":[],"ProductReview":[],"Car":[],"Recipe":[],"Service":[],"SoftwareApplication":[],"WebPage":[]},"graphName":"","isEnabled":true},"graphs":[]},"pillar_content":false,"robots_default":true,"robots_noindex":false,"robots_noarchive":false,"robots_nosnippet":false,"robots_nofollow":false,"robots_noimageindex":false,"robots_noodp":false,"robots_notranslate":false,"robots_max_snippet":null,"robots_max_videopreview":null,"robots_max_imagepreview":"large","priority":null,"frequency":null,"local_seo":null,"limit_modified_date":false,"ai":null,"breadcrumb_settings":null,"seo_analyzer_scan_date":null,"created":"2026-07-21 16:39:49","updated":"2026-07-21 16:39:49"},"aioseo_breadcrumb":"<div class=\"aioseo-breadcrumbs\"><span class=\"aioseo-breadcrumb\">\n\t\t\t<a href=\"https:\/\/serrafm879.com.br\/serrafm\" title=\"Home\">Home<\/a>\n\t\t<\/span><span class=\"aioseo-breadcrumb-separator\">&raquo;<\/span><span class=\"aioseo-breadcrumb\">\n\t\t\t<a href=\"https:\/\/serrafm879.com.br\/serrafm\/categoria\/noticias\/\" title=\"Not\u00edcias\">Not\u00edcias<\/a>\n\t\t<\/span><span class=\"aioseo-breadcrumb-separator\">&raquo;<\/span><span class=\"aioseo-breadcrumb\">\n\t\t\tMorador de ST diz que \u00e9 do PCC e amea\u00e7a PM ap\u00f3s ser detido em bloqueio\n\t\t<\/span><\/div>","aioseo_breadcrumb_json":[{"label":"Home","link":"https:\/\/serrafm879.com.br\/serrafm"},{"label":"Not\u00edcias","link":"https:\/\/serrafm879.com.br\/serrafm\/categoria\/noticias\/"},{"label":"Morador de ST diz que \u00e9 do PCC e amea\u00e7a PM ap\u00f3s ser detido em bloqueio","link":"https:\/\/serrafm879.com.br\/serrafm\/2025\/08\/morador-de-st-diz-que-e-do-pcc-e-ameaca-pm-apos-ser-detido-em-bloqueio\/"}],"jetpack_publicize_connections":[],"jetpack_featured_media_url":"https:\/\/serrafm879.com.br\/serrafm\/wp-content\/uploads\/2025\/02\/preso-algemado.jpg","jetpack_shortlink":"https:\/\/wp.me\/p7HyXg-69U","jetpack_sharing_enabled":true,"_links":{"self":[{"href":"https:\/\/serrafm879.com.br\/serrafm\/wp-json\/wp\/v2\/posts\/23678","targetHints":{"allow":["GET"]}}],"collection":[{"href":"https:\/\/serrafm879.com.br\/serrafm\/wp-json\/wp\/v2\/posts"}],"about":[{"href":"https:\/\/serrafm879.com.br\/serrafm\/wp-json\/wp\/v2\/types\/post"}],"author":[{"embeddable":true,"href":"https:\/\/serrafm879.com.br\/serrafm\/wp-json\/wp\/v2\/users\/2"}],"replies":[{"embeddable":true,"href":"https:\/\/serrafm879.com.br\/serrafm\/wp-json\/wp\/v2\/comments?post=23678"}],"version-history":[{"count":1,"href":"https:\/\/serrafm879.com.br\/serrafm\/wp-json\/wp\/v2\/posts\/23678\/revisions"}],"predecessor-version":[{"id":23680,"href":"https:\/\/serrafm879.com.br\/serrafm\/wp-json\/wp\/v2\/posts\/23678\/revisions\/23680"}],"wp:featuredmedia":[{"embeddable":true,"href":"https:\/\/serrafm879.com.br\/serrafm\/wp-json\/wp\/v2\/media\/21079"}],"wp:attachment":[{"href":"https:\/\/serrafm879.com.br\/serrafm\/wp-json\/wp\/v2\/media?parent=23678"}],"wp:term":[{"taxonomy":"category","embeddable":true,"href":"https:\/\/serrafm879.com.br\/serrafm\/wp-json\/wp\/v2\/categories?post=23678"},{"taxonomy":"post_tag","embeddable":true,"href":"https:\/\/serrafm879.com.br\/serrafm\/wp-json\/wp\/v2\/tags?post=23678"}],"curies":[{"name":"wp","href":"https:\/\/api.w.org\/{rel}","templated":true}]}}