{"id":23679,"date":"2025-08-06T17:28:20","date_gmt":"2025-08-06T20:28:20","guid":{"rendered":"https:\/\/serrafm879.com.br\/serrafm\/?p=23679"},"modified":"2025-08-06T17:28:20","modified_gmt":"2025-08-06T20:28:20","slug":"marconi-santana-destaca-transformacao-promovida-por-raquel-lyra-e-reconhece-forma-honrosa-de-governar-pernambuco","status":"publish","type":"post","link":"https:\/\/serrafm879.com.br\/serrafm\/2025\/08\/marconi-santana-destaca-transformacao-promovida-por-raquel-lyra-e-reconhece-forma-honrosa-de-governar-pernambuco\/","title":{"rendered":"Marconi Santana destaca transforma\u00e7\u00e3o promovida por Raquel Lyra e reconhece forma honrosa de governar Pernambuco"},"content":{"rendered":"<p>O ex-prefeito de Flores, atual Secret\u00e1rio de Governo do munic\u00edpio e pr\u00e9-candidato a Deputado Estadual, Marconi Santana, destacou de forma enf\u00e1tica os avan\u00e7os que Pernambuco tem vivido sob a gest\u00e3o da governadora Raquel Lyra. Segundo Marconi, o estado tem experimentado uma mudan\u00e7a concreta na forma de fazer pol\u00edtica, com a\u00e7\u00f5es estruturadoras, investimentos cont\u00ednuos e um olhar sens\u00edvel \u00e0s necessidades do povo \u2014 especialmente no Sert\u00e3o.<br \/>\nEm declara\u00e7\u00f5es recentes, Marconi elogiou a postura da governadora e citou como exemplo as iniciativas nas \u00e1reas de gera\u00e7\u00e3o de empregos, atra\u00e7\u00e3o de ind\u00fastrias, abastecimento de \u00e1gua, educa\u00e7\u00e3o, seguran\u00e7a p\u00fablica e pol\u00edticas sociais, como o programa \u201cM\u00e3es de Pernambuco\u201d, que vem garantindo dignidade a milhares de fam\u00edlias em situa\u00e7\u00e3o de vulnerabilidade.<\/p>\n<p>\u201cA cada a\u00e7\u00e3o, a cada programa executado, vemos um governo que se compromete de verdade com o povo. Raquel Lyra tem feito uma gest\u00e3o moderna, eficiente, com aten\u00e7\u00e3o \u00e0s cidades do interior e presen\u00e7a constante no Sert\u00e3o. O sentimento que temos \u00e9 de que o Governo do Estado est\u00e1 mais pr\u00f3ximo de n\u00f3s, ouvindo, agindo e transformando realidades\u201d, afirmou.<\/p>\n<p>Marconi refor\u00e7ou que o trabalho da governadora tem sido decisivo para mudar a paisagem social e econ\u00f4mica de Pernambuco, com investimentos que alcan\u00e7am todas as regi\u00f5es e pol\u00edticas p\u00fablicas que respondem \u00e0s urg\u00eancias da popula\u00e7\u00e3o.<\/p>\n<p>\u201cA gente s\u00f3 tem a agradecer e parabenizar a governadora Raquel Lyra. Pernambuco est\u00e1 vivendo um novo tempo. E n\u00f3s, que fazemos parte dessa caminhada, seguimos firmes ao lado de quem trabalha com seriedade, sensibilidade e compromisso com o futuro do nosso estado\u201d, completou.<\/p>\n<p>Reconhecido por sua atua\u00e7\u00e3o pol\u00edtica articulada, Marconi Santana segue fortalecendo sua presen\u00e7a em diversas regi\u00f5es do estado, ampliando o di\u00e1logo com lideran\u00e7as e reafirmando seu compromisso com o desenvolvimento do Sert\u00e3o e de todo Pernambuco.<\/p>\n","protected":false},"excerpt":{"rendered":"<p>O ex-prefeito de Flores, atual Secret\u00e1rio de Governo do munic\u00edpio e pr\u00e9-candidato a Deputado Estadual, Marconi Santana, destacou de forma enf\u00e1tica os avan\u00e7os que Pernambuco tem vivido sob a gest\u00e3o da governadora Raquel Lyra. Segundo Marconi, o estado tem experimentado uma mudan\u00e7a concreta na forma de fazer pol\u00edtica, com a\u00e7\u00f5es estruturadoras, investimentos cont\u00ednuos e um olhar sens\u00edvel \u00e0s necessidades do povo \u2014 especialmente no Sert\u00e3o. Em declara\u00e7\u00f5es recentes, Marconi elogiou a postura da governadora e citou como exemplo as iniciativas nas \u00e1reas de gera\u00e7\u00e3o de empregos, atra\u00e7\u00e3o de ind\u00fastrias, abastecimento de \u00e1gua, educa\u00e7\u00e3o, seguran\u00e7a p\u00fablica e pol\u00edticas sociais, como o [&hellip;]<\/p>\n","protected":false},"author":2,"featured_media":23688,"comment_status":"open","ping_status":"open","sticky":false,"template":"","format":"standard","meta":{"_jetpack_newsletter_access":"","_jetpack_dont_email_post_to_subs":false,"_jetpack_newsletter_tier_id":0,"_jetpack_memberships_contains_paywalled_content":false,"_jetpack_feature_clip_id":0,"_jetpack_memberships_contains_paid_content":false,"footnotes":"","jetpack_publicize_message":"","jetpack_publicize_feature_enabled":true,"jetpack_social_post_already_shared":true,"jetpack_social_options":{"image_generator_settings":{"template":"highway","default_image_id":0,"font":"","enabled":false},"version":2},"jetpack_post_was_ever_published":false},"categories":[2],"tags":[],"class_list":["post-23679","post","type-post","status-publish","format-standard","has-post-thumbnail","hentry","category-noticias"],"aioseo_notices":[],"aioseo_head":"\n\t\t<!-- All in One SEO 4.9.10 - aioseo.com -->\n\t<meta name=\"description\" content=\"O ex-prefeito de Flores, atual Secret\u00e1rio de Governo do munic\u00edpio e pr\u00e9-candidato a Deputado Estadual, Marconi Santana, destacou de forma enf\u00e1tica os avan\u00e7os que Pernambuco tem vivido sob a gest\u00e3o da governadora Raquel Lyra. Segundo Marconi, o estado tem experimentado uma mudan\u00e7a concreta na forma de fazer pol\u00edtica, com a\u00e7\u00f5es estruturadoras, investimentos cont\u00ednuos e um\" \/>\n\t<meta name=\"robots\" content=\"max-image-preview:large\" \/>\n\t<meta name=\"author\" content=\"serrafm87\"\/>\n\t<link rel=\"canonical\" href=\"https:\/\/serrafm879.com.br\/serrafm\/2025\/08\/marconi-santana-destaca-transformacao-promovida-por-raquel-lyra-e-reconhece-forma-honrosa-de-governar-pernambuco\/\" \/>\n\t<meta name=\"generator\" content=\"All in One SEO (AIOSEO) 4.9.10\" \/>\n\t\t<meta name=\"twitter:card\" content=\"summary_large_image\" \/>\n\t\t<meta name=\"twitter:title\" content=\"Marconi Santana destaca transforma\u00e7\u00e3o promovida por Raquel Lyra e reconhece forma honrosa de governar Pernambuco - Serra FM 87,9\" \/>\n\t\t<meta name=\"twitter:description\" content=\"O ex-prefeito de Flores, atual Secret\u00e1rio de Governo do munic\u00edpio e pr\u00e9-candidato a Deputado Estadual, Marconi Santana, destacou de forma enf\u00e1tica os avan\u00e7os que Pernambuco tem vivido sob a gest\u00e3o da governadora Raquel Lyra. Segundo Marconi, o estado tem experimentado uma mudan\u00e7a concreta na forma de fazer pol\u00edtica, com a\u00e7\u00f5es estruturadoras, investimentos cont\u00ednuos e um\" \/>\n\t\t<meta name=\"twitter:image\" content=\"https:\/\/serrafm879.com.br\/serrafm\/wp-content\/uploads\/2025\/08\/PHOTO-2025-08-06-14-48-21.jpg\" \/>\n\t\t<script type=\"application\/ld+json\" class=\"aioseo-schema\">\n\t\t\t{\"@context\":\"https:\\\/\\\/schema.org\",\"@graph\":[{\"@type\":\"BlogPosting\",\"@id\":\"https:\\\/\\\/serrafm879.com.br\\\/serrafm\\\/2025\\\/08\\\/marconi-santana-destaca-transformacao-promovida-por-raquel-lyra-e-reconhece-forma-honrosa-de-governar-pernambuco\\\/#blogposting\",\"name\":\"Marconi Santana destaca transforma\\u00e7\\u00e3o promovida por Raquel Lyra e reconhece forma honrosa de governar Pernambuco - Serra FM 87,9\",\"headline\":\"Marconi Santana destaca transforma\\u00e7\\u00e3o promovida por Raquel Lyra e reconhece forma honrosa de governar Pernambuco\",\"author\":{\"@id\":\"https:\\\/\\\/serrafm879.com.br\\\/serrafm\\\/author\\\/serrafm87\\\/#author\"},\"publisher\":{\"@id\":\"https:\\\/\\\/serrafm879.com.br\\\/serrafm\\\/#organization\"},\"image\":{\"@type\":\"ImageObject\",\"url\":\"https:\\\/\\\/serrafm879.com.br\\\/serrafm\\\/wp-content\\\/uploads\\\/2025\\\/08\\\/PHOTO-2025-08-06-14-48-21.jpg\",\"width\":1282,\"height\":1600},\"datePublished\":\"2025-08-06T17:28:20-03:00\",\"dateModified\":\"2025-08-06T17:28:20-03:00\",\"inLanguage\":\"pt-BR\",\"mainEntityOfPage\":{\"@id\":\"https:\\\/\\\/serrafm879.com.br\\\/serrafm\\\/2025\\\/08\\\/marconi-santana-destaca-transformacao-promovida-por-raquel-lyra-e-reconhece-forma-honrosa-de-governar-pernambuco\\\/#webpage\"},\"isPartOf\":{\"@id\":\"https:\\\/\\\/serrafm879.com.br\\\/serrafm\\\/2025\\\/08\\\/marconi-santana-destaca-transformacao-promovida-por-raquel-lyra-e-reconhece-forma-honrosa-de-governar-pernambuco\\\/#webpage\"},\"articleSection\":\"Not\\u00edcias\"},{\"@type\":\"BreadcrumbList\",\"@id\":\"https:\\\/\\\/serrafm879.com.br\\\/serrafm\\\/2025\\\/08\\\/marconi-santana-destaca-transformacao-promovida-por-raquel-lyra-e-reconhece-forma-honrosa-de-governar-pernambuco\\\/#breadcrumblist\",\"itemListElement\":[{\"@type\":\"ListItem\",\"@id\":\"https:\\\/\\\/serrafm879.com.br\\\/serrafm#listItem\",\"position\":1,\"name\":\"Home\",\"item\":\"https:\\\/\\\/serrafm879.com.br\\\/serrafm\",\"nextItem\":{\"@type\":\"ListItem\",\"@id\":\"https:\\\/\\\/serrafm879.com.br\\\/serrafm\\\/categoria\\\/noticias\\\/#listItem\",\"name\":\"Not\\u00edcias\"}},{\"@type\":\"ListItem\",\"@id\":\"https:\\\/\\\/serrafm879.com.br\\\/serrafm\\\/categoria\\\/noticias\\\/#listItem\",\"position\":2,\"name\":\"Not\\u00edcias\",\"item\":\"https:\\\/\\\/serrafm879.com.br\\\/serrafm\\\/categoria\\\/noticias\\\/\",\"nextItem\":{\"@type\":\"ListItem\",\"@id\":\"https:\\\/\\\/serrafm879.com.br\\\/serrafm\\\/2025\\\/08\\\/marconi-santana-destaca-transformacao-promovida-por-raquel-lyra-e-reconhece-forma-honrosa-de-governar-pernambuco\\\/#listItem\",\"name\":\"Marconi Santana destaca transforma\\u00e7\\u00e3o promovida por Raquel Lyra e reconhece forma honrosa de governar Pernambuco\"},\"previousItem\":{\"@type\":\"ListItem\",\"@id\":\"https:\\\/\\\/serrafm879.com.br\\\/serrafm#listItem\",\"name\":\"Home\"}},{\"@type\":\"ListItem\",\"@id\":\"https:\\\/\\\/serrafm879.com.br\\\/serrafm\\\/2025\\\/08\\\/marconi-santana-destaca-transformacao-promovida-por-raquel-lyra-e-reconhece-forma-honrosa-de-governar-pernambuco\\\/#listItem\",\"position\":3,\"name\":\"Marconi Santana destaca transforma\\u00e7\\u00e3o promovida por Raquel Lyra e reconhece forma honrosa de governar Pernambuco\",\"previousItem\":{\"@type\":\"ListItem\",\"@id\":\"https:\\\/\\\/serrafm879.com.br\\\/serrafm\\\/categoria\\\/noticias\\\/#listItem\",\"name\":\"Not\\u00edcias\"}}]},{\"@type\":\"Organization\",\"@id\":\"https:\\\/\\\/serrafm879.com.br\\\/serrafm\\\/#organization\",\"name\":\"Serra FM 87,9\",\"description\":\"O seu novo amor!\",\"url\":\"https:\\\/\\\/serrafm879.com.br\\\/serrafm\\\/\"},{\"@type\":\"Person\",\"@id\":\"https:\\\/\\\/serrafm879.com.br\\\/serrafm\\\/author\\\/serrafm87\\\/#author\",\"url\":\"https:\\\/\\\/serrafm879.com.br\\\/serrafm\\\/author\\\/serrafm87\\\/\",\"name\":\"serrafm87\",\"image\":{\"@type\":\"ImageObject\",\"@id\":\"https:\\\/\\\/serrafm879.com.br\\\/serrafm\\\/2025\\\/08\\\/marconi-santana-destaca-transformacao-promovida-por-raquel-lyra-e-reconhece-forma-honrosa-de-governar-pernambuco\\\/#authorImage\",\"url\":\"https:\\\/\\\/secure.gravatar.com\\\/avatar\\\/a743233f1112d34f48bb3dc9559b76eb930bab8b27175856cba6362608736235?s=96&d=mm&r=g\",\"width\":96,\"height\":96,\"caption\":\"serrafm87\"}},{\"@type\":\"WebPage\",\"@id\":\"https:\\\/\\\/serrafm879.com.br\\\/serrafm\\\/2025\\\/08\\\/marconi-santana-destaca-transformacao-promovida-por-raquel-lyra-e-reconhece-forma-honrosa-de-governar-pernambuco\\\/#webpage\",\"url\":\"https:\\\/\\\/serrafm879.com.br\\\/serrafm\\\/2025\\\/08\\\/marconi-santana-destaca-transformacao-promovida-por-raquel-lyra-e-reconhece-forma-honrosa-de-governar-pernambuco\\\/\",\"name\":\"Marconi Santana destaca transforma\\u00e7\\u00e3o promovida por Raquel Lyra e reconhece forma honrosa de governar Pernambuco - Serra FM 87,9\",\"description\":\"O ex-prefeito de Flores, atual Secret\\u00e1rio de Governo do munic\\u00edpio e pr\\u00e9-candidato a Deputado Estadual, Marconi Santana, destacou de forma enf\\u00e1tica os avan\\u00e7os que Pernambuco tem vivido sob a gest\\u00e3o da governadora Raquel Lyra. Segundo Marconi, o estado tem experimentado uma mudan\\u00e7a concreta na forma de fazer pol\\u00edtica, com a\\u00e7\\u00f5es estruturadoras, investimentos cont\\u00ednuos e um\",\"inLanguage\":\"pt-BR\",\"isPartOf\":{\"@id\":\"https:\\\/\\\/serrafm879.com.br\\\/serrafm\\\/#website\"},\"breadcrumb\":{\"@id\":\"https:\\\/\\\/serrafm879.com.br\\\/serrafm\\\/2025\\\/08\\\/marconi-santana-destaca-transformacao-promovida-por-raquel-lyra-e-reconhece-forma-honrosa-de-governar-pernambuco\\\/#breadcrumblist\"},\"author\":{\"@id\":\"https:\\\/\\\/serrafm879.com.br\\\/serrafm\\\/author\\\/serrafm87\\\/#author\"},\"creator\":{\"@id\":\"https:\\\/\\\/serrafm879.com.br\\\/serrafm\\\/author\\\/serrafm87\\\/#author\"},\"image\":{\"@type\":\"ImageObject\",\"url\":\"https:\\\/\\\/serrafm879.com.br\\\/serrafm\\\/wp-content\\\/uploads\\\/2025\\\/08\\\/PHOTO-2025-08-06-14-48-21.jpg\",\"@id\":\"https:\\\/\\\/serrafm879.com.br\\\/serrafm\\\/2025\\\/08\\\/marconi-santana-destaca-transformacao-promovida-por-raquel-lyra-e-reconhece-forma-honrosa-de-governar-pernambuco\\\/#mainImage\",\"width\":1282,\"height\":1600},\"primaryImageOfPage\":{\"@id\":\"https:\\\/\\\/serrafm879.com.br\\\/serrafm\\\/2025\\\/08\\\/marconi-santana-destaca-transformacao-promovida-por-raquel-lyra-e-reconhece-forma-honrosa-de-governar-pernambuco\\\/#mainImage\"},\"datePublished\":\"2025-08-06T17:28:20-03:00\",\"dateModified\":\"2025-08-06T17:28:20-03:00\"},{\"@type\":\"WebSite\",\"@id\":\"https:\\\/\\\/serrafm879.com.br\\\/serrafm\\\/#website\",\"url\":\"https:\\\/\\\/serrafm879.com.br\\\/serrafm\\\/\",\"name\":\"Serra FM 87,9\",\"description\":\"O seu novo amor!\",\"inLanguage\":\"pt-BR\",\"publisher\":{\"@id\":\"https:\\\/\\\/serrafm879.com.br\\\/serrafm\\\/#organization\"}}]}\n\t\t<\/script>\n\t\t<!-- All in One SEO -->\n\n","aioseo_head_json":{"title":"Marconi Santana destaca transforma\u00e7\u00e3o promovida por Raquel Lyra e reconhece forma honrosa de governar Pernambuco - Serra FM 87,9","description":"O ex-prefeito de Flores, atual Secret\u00e1rio de Governo do munic\u00edpio e pr\u00e9-candidato a Deputado Estadual, Marconi Santana, destacou de forma enf\u00e1tica os avan\u00e7os que Pernambuco tem vivido sob a gest\u00e3o da governadora Raquel Lyra. Segundo Marconi, o estado tem experimentado uma mudan\u00e7a concreta na forma de fazer pol\u00edtica, com a\u00e7\u00f5es estruturadoras, investimentos cont\u00ednuos e um","canonical_url":"https:\/\/serrafm879.com.br\/serrafm\/2025\/08\/marconi-santana-destaca-transformacao-promovida-por-raquel-lyra-e-reconhece-forma-honrosa-de-governar-pernambuco\/","robots":"max-image-preview:large","keywords":"","webmasterTools":{"miscellaneous":""},"schema":{"@context":"https:\/\/schema.org","@graph":[{"@type":"BlogPosting","@id":"https:\/\/serrafm879.com.br\/serrafm\/2025\/08\/marconi-santana-destaca-transformacao-promovida-por-raquel-lyra-e-reconhece-forma-honrosa-de-governar-pernambuco\/#blogposting","name":"Marconi Santana destaca transforma\u00e7\u00e3o promovida por Raquel Lyra e reconhece forma honrosa de governar Pernambuco - Serra FM 87,9","headline":"Marconi Santana destaca transforma\u00e7\u00e3o promovida por Raquel Lyra e reconhece forma honrosa de governar Pernambuco","author":{"@id":"https:\/\/serrafm879.com.br\/serrafm\/author\/serrafm87\/#author"},"publisher":{"@id":"https:\/\/serrafm879.com.br\/serrafm\/#organization"},"image":{"@type":"ImageObject","url":"https:\/\/serrafm879.com.br\/serrafm\/wp-content\/uploads\/2025\/08\/PHOTO-2025-08-06-14-48-21.jpg","width":1282,"height":1600},"datePublished":"2025-08-06T17:28:20-03:00","dateModified":"2025-08-06T17:28:20-03:00","inLanguage":"pt-BR","mainEntityOfPage":{"@id":"https:\/\/serrafm879.com.br\/serrafm\/2025\/08\/marconi-santana-destaca-transformacao-promovida-por-raquel-lyra-e-reconhece-forma-honrosa-de-governar-pernambuco\/#webpage"},"isPartOf":{"@id":"https:\/\/serrafm879.com.br\/serrafm\/2025\/08\/marconi-santana-destaca-transformacao-promovida-por-raquel-lyra-e-reconhece-forma-honrosa-de-governar-pernambuco\/#webpage"},"articleSection":"Not\u00edcias"},{"@type":"BreadcrumbList","@id":"https:\/\/serrafm879.com.br\/serrafm\/2025\/08\/marconi-santana-destaca-transformacao-promovida-por-raquel-lyra-e-reconhece-forma-honrosa-de-governar-pernambuco\/#breadcrumblist","itemListElement":[{"@type":"ListItem","@id":"https:\/\/serrafm879.com.br\/serrafm#listItem","position":1,"name":"Home","item":"https:\/\/serrafm879.com.br\/serrafm","nextItem":{"@type":"ListItem","@id":"https:\/\/serrafm879.com.br\/serrafm\/categoria\/noticias\/#listItem","name":"Not\u00edcias"}},{"@type":"ListItem","@id":"https:\/\/serrafm879.com.br\/serrafm\/categoria\/noticias\/#listItem","position":2,"name":"Not\u00edcias","item":"https:\/\/serrafm879.com.br\/serrafm\/categoria\/noticias\/","nextItem":{"@type":"ListItem","@id":"https:\/\/serrafm879.com.br\/serrafm\/2025\/08\/marconi-santana-destaca-transformacao-promovida-por-raquel-lyra-e-reconhece-forma-honrosa-de-governar-pernambuco\/#listItem","name":"Marconi Santana destaca transforma\u00e7\u00e3o promovida por Raquel Lyra e reconhece forma honrosa de governar Pernambuco"},"previousItem":{"@type":"ListItem","@id":"https:\/\/serrafm879.com.br\/serrafm#listItem","name":"Home"}},{"@type":"ListItem","@id":"https:\/\/serrafm879.com.br\/serrafm\/2025\/08\/marconi-santana-destaca-transformacao-promovida-por-raquel-lyra-e-reconhece-forma-honrosa-de-governar-pernambuco\/#listItem","position":3,"name":"Marconi Santana destaca transforma\u00e7\u00e3o promovida por Raquel Lyra e reconhece forma honrosa de governar Pernambuco","previousItem":{"@type":"ListItem","@id":"https:\/\/serrafm879.com.br\/serrafm\/categoria\/noticias\/#listItem","name":"Not\u00edcias"}}]},{"@type":"Organization","@id":"https:\/\/serrafm879.com.br\/serrafm\/#organization","name":"Serra FM 87,9","description":"O seu novo amor!","url":"https:\/\/serrafm879.com.br\/serrafm\/"},{"@type":"Person","@id":"https:\/\/serrafm879.com.br\/serrafm\/author\/serrafm87\/#author","url":"https:\/\/serrafm879.com.br\/serrafm\/author\/serrafm87\/","name":"serrafm87","image":{"@type":"ImageObject","@id":"https:\/\/serrafm879.com.br\/serrafm\/2025\/08\/marconi-santana-destaca-transformacao-promovida-por-raquel-lyra-e-reconhece-forma-honrosa-de-governar-pernambuco\/#authorImage","url":"https:\/\/secure.gravatar.com\/avatar\/a743233f1112d34f48bb3dc9559b76eb930bab8b27175856cba6362608736235?s=96&d=mm&r=g","width":96,"height":96,"caption":"serrafm87"}},{"@type":"WebPage","@id":"https:\/\/serrafm879.com.br\/serrafm\/2025\/08\/marconi-santana-destaca-transformacao-promovida-por-raquel-lyra-e-reconhece-forma-honrosa-de-governar-pernambuco\/#webpage","url":"https:\/\/serrafm879.com.br\/serrafm\/2025\/08\/marconi-santana-destaca-transformacao-promovida-por-raquel-lyra-e-reconhece-forma-honrosa-de-governar-pernambuco\/","name":"Marconi Santana destaca transforma\u00e7\u00e3o promovida por Raquel Lyra e reconhece forma honrosa de governar Pernambuco - Serra FM 87,9","description":"O ex-prefeito de Flores, atual Secret\u00e1rio de Governo do munic\u00edpio e pr\u00e9-candidato a Deputado Estadual, Marconi Santana, destacou de forma enf\u00e1tica os avan\u00e7os que Pernambuco tem vivido sob a gest\u00e3o da governadora Raquel Lyra. Segundo Marconi, o estado tem experimentado uma mudan\u00e7a concreta na forma de fazer pol\u00edtica, com a\u00e7\u00f5es estruturadoras, investimentos cont\u00ednuos e um","inLanguage":"pt-BR","isPartOf":{"@id":"https:\/\/serrafm879.com.br\/serrafm\/#website"},"breadcrumb":{"@id":"https:\/\/serrafm879.com.br\/serrafm\/2025\/08\/marconi-santana-destaca-transformacao-promovida-por-raquel-lyra-e-reconhece-forma-honrosa-de-governar-pernambuco\/#breadcrumblist"},"author":{"@id":"https:\/\/serrafm879.com.br\/serrafm\/author\/serrafm87\/#author"},"creator":{"@id":"https:\/\/serrafm879.com.br\/serrafm\/author\/serrafm87\/#author"},"image":{"@type":"ImageObject","url":"https:\/\/serrafm879.com.br\/serrafm\/wp-content\/uploads\/2025\/08\/PHOTO-2025-08-06-14-48-21.jpg","@id":"https:\/\/serrafm879.com.br\/serrafm\/2025\/08\/marconi-santana-destaca-transformacao-promovida-por-raquel-lyra-e-reconhece-forma-honrosa-de-governar-pernambuco\/#mainImage","width":1282,"height":1600},"primaryImageOfPage":{"@id":"https:\/\/serrafm879.com.br\/serrafm\/2025\/08\/marconi-santana-destaca-transformacao-promovida-por-raquel-lyra-e-reconhece-forma-honrosa-de-governar-pernambuco\/#mainImage"},"datePublished":"2025-08-06T17:28:20-03:00","dateModified":"2025-08-06T17:28:20-03:00"},{"@type":"WebSite","@id":"https:\/\/serrafm879.com.br\/serrafm\/#website","url":"https:\/\/serrafm879.com.br\/serrafm\/","name":"Serra FM 87,9","description":"O seu novo amor!","inLanguage":"pt-BR","publisher":{"@id":"https:\/\/serrafm879.com.br\/serrafm\/#organization"}}]},"twitter:card":"summary_large_image","twitter:title":"Marconi Santana destaca transforma\u00e7\u00e3o promovida por Raquel Lyra e reconhece forma honrosa de governar Pernambuco - Serra FM 87,9","twitter:description":"O ex-prefeito de Flores, atual Secret\u00e1rio de Governo do munic\u00edpio e pr\u00e9-candidato a Deputado Estadual, Marconi Santana, destacou de forma enf\u00e1tica os avan\u00e7os que Pernambuco tem vivido sob a gest\u00e3o da governadora Raquel Lyra. Segundo Marconi, o estado tem experimentado uma mudan\u00e7a concreta na forma de fazer pol\u00edtica, com a\u00e7\u00f5es estruturadoras, investimentos cont\u00ednuos e um","twitter:image":"https:\/\/serrafm879.com.br\/serrafm\/wp-content\/uploads\/2025\/08\/PHOTO-2025-08-06-14-48-21.jpg"},"aioseo_meta_data":{"post_id":"23679","title":null,"description":null,"keywords":null,"keyphrases":null,"primary_term":null,"canonical_url":null,"og_title":null,"og_description":null,"og_object_type":"default","og_image_type":"default","og_image_custom_url":null,"og_image_custom_fields":null,"og_image_url":null,"og_image_width":null,"og_image_height":null,"og_video":null,"og_custom_url":null,"og_article_section":null,"og_article_tags":null,"twitter_use_og":false,"twitter_card":"default","twitter_image_type":"default","twitter_image_custom_url":null,"twitter_image_custom_fields":null,"twitter_image_url":null,"twitter_title":null,"twitter_description":null,"schema_type":"default","schema_type_options":null,"schema":{"blockGraphs":[],"customGraphs":[],"default":{"data":{"Article":[],"Course":[],"Dataset":[],"FAQPage":[],"Movie":[],"Person":[],"Product":[],"ProductReview":[],"Car":[],"Recipe":[],"Service":[],"SoftwareApplication":[],"WebPage":[]},"graphName":"","isEnabled":true},"graphs":[]},"pillar_content":false,"robots_default":true,"robots_noindex":false,"robots_noarchive":false,"robots_nosnippet":false,"robots_nofollow":false,"robots_noimageindex":false,"robots_noodp":false,"robots_notranslate":false,"robots_max_snippet":null,"robots_max_videopreview":null,"robots_max_imagepreview":"large","priority":null,"frequency":null,"local_seo":null,"limit_modified_date":false,"ai":null,"breadcrumb_settings":null,"seo_analyzer_scan_date":null,"created":"2026-07-21 16:39:49","updated":"2026-07-21 16:39:49"},"aioseo_breadcrumb":"<div class=\"aioseo-breadcrumbs\"><span class=\"aioseo-breadcrumb\">\n\t\t\t<a href=\"https:\/\/serrafm879.com.br\/serrafm\" title=\"Home\">Home<\/a>\n\t\t<\/span><span class=\"aioseo-breadcrumb-separator\">&raquo;<\/span><span class=\"aioseo-breadcrumb\">\n\t\t\t<a href=\"https:\/\/serrafm879.com.br\/serrafm\/categoria\/noticias\/\" title=\"Not\u00edcias\">Not\u00edcias<\/a>\n\t\t<\/span><span class=\"aioseo-breadcrumb-separator\">&raquo;<\/span><span class=\"aioseo-breadcrumb\">\n\t\t\tMarconi Santana destaca transforma\u00e7\u00e3o promovida por Raquel Lyra e reconhece forma honrosa de governar Pernambuco\n\t\t<\/span><\/div>","aioseo_breadcrumb_json":[{"label":"Home","link":"https:\/\/serrafm879.com.br\/serrafm"},{"label":"Not\u00edcias","link":"https:\/\/serrafm879.com.br\/serrafm\/categoria\/noticias\/"},{"label":"Marconi Santana destaca transforma\u00e7\u00e3o promovida por Raquel Lyra e reconhece forma honrosa de governar Pernambuco","link":"https:\/\/serrafm879.com.br\/serrafm\/2025\/08\/marconi-santana-destaca-transformacao-promovida-por-raquel-lyra-e-reconhece-forma-honrosa-de-governar-pernambuco\/"}],"jetpack_publicize_connections":[],"jetpack_featured_media_url":"https:\/\/serrafm879.com.br\/serrafm\/wp-content\/uploads\/2025\/08\/PHOTO-2025-08-06-14-48-21.jpg","jetpack_shortlink":"https:\/\/wp.me\/p7HyXg-69V","jetpack_sharing_enabled":true,"_links":{"self":[{"href":"https:\/\/serrafm879.com.br\/serrafm\/wp-json\/wp\/v2\/posts\/23679","targetHints":{"allow":["GET"]}}],"collection":[{"href":"https:\/\/serrafm879.com.br\/serrafm\/wp-json\/wp\/v2\/posts"}],"about":[{"href":"https:\/\/serrafm879.com.br\/serrafm\/wp-json\/wp\/v2\/types\/post"}],"author":[{"embeddable":true,"href":"https:\/\/serrafm879.com.br\/serrafm\/wp-json\/wp\/v2\/users\/2"}],"replies":[{"embeddable":true,"href":"https:\/\/serrafm879.com.br\/serrafm\/wp-json\/wp\/v2\/comments?post=23679"}],"version-history":[{"count":1,"href":"https:\/\/serrafm879.com.br\/serrafm\/wp-json\/wp\/v2\/posts\/23679\/revisions"}],"predecessor-version":[{"id":23689,"href":"https:\/\/serrafm879.com.br\/serrafm\/wp-json\/wp\/v2\/posts\/23679\/revisions\/23689"}],"wp:featuredmedia":[{"embeddable":true,"href":"https:\/\/serrafm879.com.br\/serrafm\/wp-json\/wp\/v2\/media\/23688"}],"wp:attachment":[{"href":"https:\/\/serrafm879.com.br\/serrafm\/wp-json\/wp\/v2\/media?parent=23679"}],"wp:term":[{"taxonomy":"category","embeddable":true,"href":"https:\/\/serrafm879.com.br\/serrafm\/wp-json\/wp\/v2\/categories?post=23679"},{"taxonomy":"post_tag","embeddable":true,"href":"https:\/\/serrafm879.com.br\/serrafm\/wp-json\/wp\/v2\/tags?post=23679"}],"curies":[{"name":"wp","href":"https:\/\/api.w.org\/{rel}","templated":true}]}}