{"id":23695,"date":"2025-08-07T11:48:38","date_gmt":"2025-08-07T14:48:38","guid":{"rendered":"https:\/\/serrafm879.com.br\/serrafm\/?p=23695"},"modified":"2025-08-07T11:48:38","modified_gmt":"2025-08-07T14:48:38","slug":"oposicao-pede-impeachment-de-moraes-e-enfrentam-obstaculos-juridicos","status":"publish","type":"post","link":"https:\/\/serrafm879.com.br\/serrafm\/2025\/08\/oposicao-pede-impeachment-de-moraes-e-enfrentam-obstaculos-juridicos\/","title":{"rendered":"Oposi\u00e7\u00e3o pede Impeachment de Moraes e enfrentam obst\u00e1culos jur\u00eddicos"},"content":{"rendered":"<p>Motivada pelo decreto de pris\u00e3o domiciliar de Jair Bolsonaro, determinada pelo ministro do Supremo Tribunal Federal (STF) Alexandre de Moraes, a oposi\u00e7\u00e3o ocupou as mesas diretoras do Senado e da C\u00e2mara, exigindo, entre outras pautas, o impeachment do ministro.<\/p>\n<p>A proposta de afastamento de Alexandre de Moraes, no entanto, enfrenta obst\u00e1culos pol\u00edticos e jur\u00eddicos.<\/p>\n<p>De acordo com o advogado e cientista pol\u00edtico Felipe Ferreira Lima, o impeachment de ministros do STF \u00e9 previsto na Constitui\u00e7\u00e3o, embora n\u00e3o explicitamente, e envolve uma combina\u00e7\u00e3o delicada entre fundamentos legais e viabilidade pol\u00edtica.<\/p>\n<p>\u201cQualquer ministro do STF pode ser alvo de um pedido de impeachment. Ocorre que o impeachment \u00e9 um processo muito mais pol\u00edtico do que jur\u00eddico\u201d, diz.<\/p>\n<p>Previs\u00e3o legal<\/p>\n<p>Lima ainda menciona o artigo 52 da Constitui\u00e7\u00e3o, que disp\u00f5e sobre as compet\u00eancias privativas do Senado Federal, como embasamento jur\u00eddico para um pedido de afastamento de um ministro do STF. Neste artigo, est\u00e1 a prerrogativa dos senadores de processar e julgar ministros do Supremo.<\/p>\n<p>\u201cNo artigo 52 (da Constitui\u00e7\u00e3o), inciso 2, n\u00e3o aparece a palavra \u2018impeachment\u2019 \u2013 nem \u2018impedimento\u2019, em portugu\u00eas. O texto fala em processar e julgar ministros do STF por crime de responsabilidade, o que pode levar ao impeachment. Ou seja, ele n\u00e3o usa a palavra \u2018impeachment\u2019 de forma expl\u00edcita, mas est\u00e1 se referindo ao procedimento que leva a ele\u201d, completa o especialista.<\/p>\n<p>A lei 1.079, de 1950, \u00e9 a que define quais s\u00e3o os crimes de responsabilidade para ministros do STF. A norma \u00e9 a mesma que trata do impeachment de presidentes da Rep\u00fablica.<\/p>\n<p>Lima aponta que a lista de crimes de responsabilidade inclui abuso de poder ou conduta incompat\u00edvel com o cargo, e acrescenta que o \u00eaxito da iniciativa depende sobretudo da correla\u00e7\u00e3o de for\u00e7as no Congresso. \u201cSe a oposi\u00e7\u00e3o conseguir ganhar um f\u00f4lego de robustez para influenciar os outros senadores, sobretudo do Centr\u00e3o, eles podem chegar a um resultado interessante\u201d, avalia.<\/p>\n<p>Segundo o especialista, a participa\u00e7\u00e3o dos presidentes das Casas Legislativas ser\u00e1 determinante para qualquer avan\u00e7o. \u201cSomente eles podem pautar o impeachment. \u00c9 uma prerrogativa do presidente e um gesto pol\u00edtico que marca a anu\u00eancia do Congresso\u201d, afirma.<\/p>\n<p>Cen\u00e1rio indefinido<\/p>\n<p>Por ora, o avan\u00e7o do pedido de impeachment depende de fatores ainda incertos. Como destaca Felipe Ferreira Lima, \u201ca vis\u00e3o ainda est\u00e1 muito turva para saber se o processo pode avan\u00e7ar\u201d.<\/p>\n<p>Embora a oposi\u00e7\u00e3o tenha mobiliza\u00e7\u00e3o popular e presen\u00e7a ativa no Congresso, n\u00e3o h\u00e1 maioria consolidada no Senado para viabilizar a tramita\u00e7\u00e3o. E o presidente do Senado, Davi Alcolumbre, ainda n\u00e3o se pronunciou oficialmente sobre o pedido.<\/p>\n<p>Risco de distor\u00e7\u00f5es<\/p>\n<p>Para o advogado e professor Andr\u00e9 Costa, doutor em Direito pela Universidade Federal de Pernambuco (UFPE), a oposi\u00e7\u00e3o tenta reinterpretar de forma el\u00e1stica o conceito de crime de responsabilidade para sustentar o pedido contra Moraes.<\/p>\n<p>\u201c\u00c9 imprescind\u00edvel um requisito jur\u00eddico, tem que tipificar o crime. E a\u00ed \u00e9 esse requisito que eles v\u00e3o tentar adaptar\u201d, explica.<\/p>\n<p>Al\u00e9m disso, os especialistas alertam que, apesar do espa\u00e7o para tensionamento pol\u00edtico, o instrumento do impeachment deve respeitar os limites constitucionais. \u201cN\u00e3o se pode transformar uma crise institucional em pretexto para o uso distorcido de ferramentas legais. O Supremo deve ser respeitado dentro de suas compet\u00eancias, e n\u00e3o atacado por decis\u00f5es que desagradem politicamente\u201d, finaliza Costa.<\/p>\n<p>Instrumentaliza\u00e7\u00e3o do processo<\/p>\n<p>Ele alerta que a movimenta\u00e7\u00e3o pode criar desgastes dentro da base aliada do governo e causar rupturas institucionais. \u201cIsso tensiona a harmonia entre os Poderes e pode fragilizar o que a Constitui\u00e7\u00e3o estabelece como Estado Democr\u00e1tico de Direito\u201d, diz.<\/p>\n<p>Na avalia\u00e7\u00e3o de Costa, o uso do impeachment como instrumento de press\u00e3o pol\u00edtica contra decis\u00f5es judiciais representa um desvio de finalidade.<\/p>\n<p>\u201cO que \u00e9 importante observar \u00e9 a instrumentaliza\u00e7\u00e3o que se faz do procedimento de impeachment. Qualquer decis\u00e3o judicial pode e deve ser questionada, mas isso n\u00e3o deslegitima a possibilidade do ministro proferi-la\u201d, afirma.<\/p>\n<p>Felipe Ferreira Lima acrescenta ainda que, caso n\u00e3o haja maioria consolidada, o simples debate p\u00fablico sobre o impeachment j\u00e1 rende ganhos simb\u00f3licos \u00e0 oposi\u00e7\u00e3o. \u201cS\u00f3 a ideia e a abertura do processo j\u00e1 \u00e9 um ganho pol\u00edtico, porque consegue potencializar a narrativa para as elei\u00e7\u00f5es de 2026\u201d, completa.<\/p>\n<p>Narrativa estrat\u00e9gica<\/p>\n<p>Ambos os especialistas enxergam nas a\u00e7\u00f5es da oposi\u00e7\u00e3o uma tentativa de consolidar capital pol\u00edtico em meio ao enfraquecimento de sua principal lideran\u00e7a. Para Costa, o movimento da oposi\u00e7\u00e3o tenta amplificar o impacto pol\u00edtico da pris\u00e3o domiciliar de Bolsonaro.<\/p>\n<p>\u201cA expectativa \u00e9 que isso continue a pautar o ambiente pol\u00edtico, as ruas, para fazer desse momento um fato preponderantemente pol\u00edtico\u201d, analisa.<\/p>\n<p>Segundo ele, a ret\u00f3rica antissistema impulsionada pelo grupo opositor cria um paradoxo: \u201cDefendem pautas antidemocr\u00e1ticas nas Casas Legislativas que foram chanceladas pelo voto. Isso \u00e9 uma incongru\u00eancia grave\u201d.<\/p>\n<p>Do Di\u00e1rio de Pernambuco<\/p>\n","protected":false},"excerpt":{"rendered":"<p>Motivada pelo decreto de pris\u00e3o domiciliar de Jair Bolsonaro, determinada pelo ministro do Supremo Tribunal Federal (STF) Alexandre de Moraes, a oposi\u00e7\u00e3o ocupou as mesas diretoras do Senado e da C\u00e2mara, exigindo, entre outras pautas, o impeachment do ministro. A proposta de afastamento de Alexandre de Moraes, no entanto, enfrenta obst\u00e1culos pol\u00edticos e jur\u00eddicos. De acordo com o advogado e cientista pol\u00edtico Felipe Ferreira Lima, o impeachment de ministros do STF \u00e9 previsto na Constitui\u00e7\u00e3o, embora n\u00e3o explicitamente, e envolve uma combina\u00e7\u00e3o delicada entre fundamentos legais e viabilidade pol\u00edtica. \u201cQualquer ministro do STF pode ser alvo de um pedido de [&hellip;]<\/p>\n","protected":false},"author":2,"featured_media":2491,"comment_status":"open","ping_status":"open","sticky":false,"template":"","format":"standard","meta":{"_jetpack_newsletter_access":"","_jetpack_dont_email_post_to_subs":false,"_jetpack_newsletter_tier_id":0,"_jetpack_memberships_contains_paywalled_content":false,"_jetpack_feature_clip_id":0,"_jetpack_memberships_contains_paid_content":false,"footnotes":"","jetpack_publicize_message":"","jetpack_publicize_feature_enabled":true,"jetpack_social_post_already_shared":true,"jetpack_social_options":{"image_generator_settings":{"template":"highway","default_image_id":0,"font":"","enabled":false},"version":2},"jetpack_post_was_ever_published":false},"categories":[149],"tags":[],"class_list":["post-23695","post","type-post","status-publish","format-standard","has-post-thumbnail","hentry","category-brasil"],"aioseo_notices":[],"aioseo_head":"\n\t\t<!-- All in One SEO 4.9.10 - aioseo.com -->\n\t<meta name=\"description\" content=\"Motivada pelo decreto de pris\u00e3o domiciliar de Jair Bolsonaro, determinada pelo ministro do Supremo Tribunal Federal (STF) Alexandre de Moraes, a oposi\u00e7\u00e3o ocupou as mesas diretoras do Senado e da C\u00e2mara, exigindo, entre outras pautas, o impeachment do ministro. A proposta de afastamento de Alexandre de Moraes, no entanto, enfrenta obst\u00e1culos pol\u00edticos e jur\u00eddicos. De\" \/>\n\t<meta name=\"robots\" content=\"max-image-preview:large\" \/>\n\t<meta name=\"author\" content=\"serrafm87\"\/>\n\t<link rel=\"canonical\" href=\"https:\/\/serrafm879.com.br\/serrafm\/2025\/08\/oposicao-pede-impeachment-de-moraes-e-enfrentam-obstaculos-juridicos\/\" \/>\n\t<meta name=\"generator\" content=\"All in One SEO (AIOSEO) 4.9.10\" \/>\n\t\t<meta name=\"twitter:card\" content=\"summary_large_image\" \/>\n\t\t<meta name=\"twitter:title\" content=\"Oposi\u00e7\u00e3o pede Impeachment de Moraes e enfrentam obst\u00e1culos jur\u00eddicos - Serra FM 87,9\" \/>\n\t\t<meta name=\"twitter:description\" content=\"Motivada pelo decreto de pris\u00e3o domiciliar de Jair Bolsonaro, determinada pelo ministro do Supremo Tribunal Federal (STF) Alexandre de Moraes, a oposi\u00e7\u00e3o ocupou as mesas diretoras do Senado e da C\u00e2mara, exigindo, entre outras pautas, o impeachment do ministro. A proposta de afastamento de Alexandre de Moraes, no entanto, enfrenta obst\u00e1culos pol\u00edticos e jur\u00eddicos. De\" \/>\n\t\t<meta name=\"twitter:image\" content=\"https:\/\/serrafm879.com.br\/serrafm\/wp-content\/uploads\/2020\/04\/alexandre-moraes-2019-2857.jpg_1.jpg\" \/>\n\t\t<script type=\"application\/ld+json\" class=\"aioseo-schema\">\n\t\t\t{\"@context\":\"https:\\\/\\\/schema.org\",\"@graph\":[{\"@type\":\"BlogPosting\",\"@id\":\"https:\\\/\\\/serrafm879.com.br\\\/serrafm\\\/2025\\\/08\\\/oposicao-pede-impeachment-de-moraes-e-enfrentam-obstaculos-juridicos\\\/#blogposting\",\"name\":\"Oposi\\u00e7\\u00e3o pede Impeachment de Moraes e enfrentam obst\\u00e1culos jur\\u00eddicos - Serra FM 87,9\",\"headline\":\"Oposi\\u00e7\\u00e3o pede Impeachment de Moraes e enfrentam obst\\u00e1culos jur\\u00eddicos\",\"author\":{\"@id\":\"https:\\\/\\\/serrafm879.com.br\\\/serrafm\\\/author\\\/serrafm87\\\/#author\"},\"publisher\":{\"@id\":\"https:\\\/\\\/serrafm879.com.br\\\/serrafm\\\/#organization\"},\"image\":{\"@type\":\"ImageObject\",\"url\":\"https:\\\/\\\/serrafm879.com.br\\\/serrafm\\\/wp-content\\\/uploads\\\/2020\\\/04\\\/alexandre-moraes-2019-2857.jpg_1.jpg\",\"width\":3000,\"height\":2000},\"datePublished\":\"2025-08-07T11:48:38-03:00\",\"dateModified\":\"2025-08-07T11:48:38-03:00\",\"inLanguage\":\"pt-BR\",\"mainEntityOfPage\":{\"@id\":\"https:\\\/\\\/serrafm879.com.br\\\/serrafm\\\/2025\\\/08\\\/oposicao-pede-impeachment-de-moraes-e-enfrentam-obstaculos-juridicos\\\/#webpage\"},\"isPartOf\":{\"@id\":\"https:\\\/\\\/serrafm879.com.br\\\/serrafm\\\/2025\\\/08\\\/oposicao-pede-impeachment-de-moraes-e-enfrentam-obstaculos-juridicos\\\/#webpage\"},\"articleSection\":\"Brasil\"},{\"@type\":\"BreadcrumbList\",\"@id\":\"https:\\\/\\\/serrafm879.com.br\\\/serrafm\\\/2025\\\/08\\\/oposicao-pede-impeachment-de-moraes-e-enfrentam-obstaculos-juridicos\\\/#breadcrumblist\",\"itemListElement\":[{\"@type\":\"ListItem\",\"@id\":\"https:\\\/\\\/serrafm879.com.br\\\/serrafm#listItem\",\"position\":1,\"name\":\"Home\",\"item\":\"https:\\\/\\\/serrafm879.com.br\\\/serrafm\",\"nextItem\":{\"@type\":\"ListItem\",\"@id\":\"https:\\\/\\\/serrafm879.com.br\\\/serrafm\\\/categoria\\\/brasil\\\/#listItem\",\"name\":\"Brasil\"}},{\"@type\":\"ListItem\",\"@id\":\"https:\\\/\\\/serrafm879.com.br\\\/serrafm\\\/categoria\\\/brasil\\\/#listItem\",\"position\":2,\"name\":\"Brasil\",\"item\":\"https:\\\/\\\/serrafm879.com.br\\\/serrafm\\\/categoria\\\/brasil\\\/\",\"nextItem\":{\"@type\":\"ListItem\",\"@id\":\"https:\\\/\\\/serrafm879.com.br\\\/serrafm\\\/2025\\\/08\\\/oposicao-pede-impeachment-de-moraes-e-enfrentam-obstaculos-juridicos\\\/#listItem\",\"name\":\"Oposi\\u00e7\\u00e3o pede Impeachment de Moraes e enfrentam obst\\u00e1culos jur\\u00eddicos\"},\"previousItem\":{\"@type\":\"ListItem\",\"@id\":\"https:\\\/\\\/serrafm879.com.br\\\/serrafm#listItem\",\"name\":\"Home\"}},{\"@type\":\"ListItem\",\"@id\":\"https:\\\/\\\/serrafm879.com.br\\\/serrafm\\\/2025\\\/08\\\/oposicao-pede-impeachment-de-moraes-e-enfrentam-obstaculos-juridicos\\\/#listItem\",\"position\":3,\"name\":\"Oposi\\u00e7\\u00e3o pede Impeachment de Moraes e enfrentam obst\\u00e1culos jur\\u00eddicos\",\"previousItem\":{\"@type\":\"ListItem\",\"@id\":\"https:\\\/\\\/serrafm879.com.br\\\/serrafm\\\/categoria\\\/brasil\\\/#listItem\",\"name\":\"Brasil\"}}]},{\"@type\":\"Organization\",\"@id\":\"https:\\\/\\\/serrafm879.com.br\\\/serrafm\\\/#organization\",\"name\":\"Serra FM 87,9\",\"description\":\"O seu novo amor!\",\"url\":\"https:\\\/\\\/serrafm879.com.br\\\/serrafm\\\/\"},{\"@type\":\"Person\",\"@id\":\"https:\\\/\\\/serrafm879.com.br\\\/serrafm\\\/author\\\/serrafm87\\\/#author\",\"url\":\"https:\\\/\\\/serrafm879.com.br\\\/serrafm\\\/author\\\/serrafm87\\\/\",\"name\":\"serrafm87\",\"image\":{\"@type\":\"ImageObject\",\"@id\":\"https:\\\/\\\/serrafm879.com.br\\\/serrafm\\\/2025\\\/08\\\/oposicao-pede-impeachment-de-moraes-e-enfrentam-obstaculos-juridicos\\\/#authorImage\",\"url\":\"https:\\\/\\\/secure.gravatar.com\\\/avatar\\\/a743233f1112d34f48bb3dc9559b76eb930bab8b27175856cba6362608736235?s=96&d=mm&r=g\",\"width\":96,\"height\":96,\"caption\":\"serrafm87\"}},{\"@type\":\"WebPage\",\"@id\":\"https:\\\/\\\/serrafm879.com.br\\\/serrafm\\\/2025\\\/08\\\/oposicao-pede-impeachment-de-moraes-e-enfrentam-obstaculos-juridicos\\\/#webpage\",\"url\":\"https:\\\/\\\/serrafm879.com.br\\\/serrafm\\\/2025\\\/08\\\/oposicao-pede-impeachment-de-moraes-e-enfrentam-obstaculos-juridicos\\\/\",\"name\":\"Oposi\\u00e7\\u00e3o pede Impeachment de Moraes e enfrentam obst\\u00e1culos jur\\u00eddicos - Serra FM 87,9\",\"description\":\"Motivada pelo decreto de pris\\u00e3o domiciliar de Jair Bolsonaro, determinada pelo ministro do Supremo Tribunal Federal (STF) Alexandre de Moraes, a oposi\\u00e7\\u00e3o ocupou as mesas diretoras do Senado e da C\\u00e2mara, exigindo, entre outras pautas, o impeachment do ministro. A proposta de afastamento de Alexandre de Moraes, no entanto, enfrenta obst\\u00e1culos pol\\u00edticos e jur\\u00eddicos. De\",\"inLanguage\":\"pt-BR\",\"isPartOf\":{\"@id\":\"https:\\\/\\\/serrafm879.com.br\\\/serrafm\\\/#website\"},\"breadcrumb\":{\"@id\":\"https:\\\/\\\/serrafm879.com.br\\\/serrafm\\\/2025\\\/08\\\/oposicao-pede-impeachment-de-moraes-e-enfrentam-obstaculos-juridicos\\\/#breadcrumblist\"},\"author\":{\"@id\":\"https:\\\/\\\/serrafm879.com.br\\\/serrafm\\\/author\\\/serrafm87\\\/#author\"},\"creator\":{\"@id\":\"https:\\\/\\\/serrafm879.com.br\\\/serrafm\\\/author\\\/serrafm87\\\/#author\"},\"image\":{\"@type\":\"ImageObject\",\"url\":\"https:\\\/\\\/serrafm879.com.br\\\/serrafm\\\/wp-content\\\/uploads\\\/2020\\\/04\\\/alexandre-moraes-2019-2857.jpg_1.jpg\",\"@id\":\"https:\\\/\\\/serrafm879.com.br\\\/serrafm\\\/2025\\\/08\\\/oposicao-pede-impeachment-de-moraes-e-enfrentam-obstaculos-juridicos\\\/#mainImage\",\"width\":3000,\"height\":2000},\"primaryImageOfPage\":{\"@id\":\"https:\\\/\\\/serrafm879.com.br\\\/serrafm\\\/2025\\\/08\\\/oposicao-pede-impeachment-de-moraes-e-enfrentam-obstaculos-juridicos\\\/#mainImage\"},\"datePublished\":\"2025-08-07T11:48:38-03:00\",\"dateModified\":\"2025-08-07T11:48:38-03:00\"},{\"@type\":\"WebSite\",\"@id\":\"https:\\\/\\\/serrafm879.com.br\\\/serrafm\\\/#website\",\"url\":\"https:\\\/\\\/serrafm879.com.br\\\/serrafm\\\/\",\"name\":\"Serra FM 87,9\",\"description\":\"O seu novo amor!\",\"inLanguage\":\"pt-BR\",\"publisher\":{\"@id\":\"https:\\\/\\\/serrafm879.com.br\\\/serrafm\\\/#organization\"}}]}\n\t\t<\/script>\n\t\t<!-- All in One SEO -->\n\n","aioseo_head_json":{"title":"Oposi\u00e7\u00e3o pede Impeachment de Moraes e enfrentam obst\u00e1culos jur\u00eddicos - Serra FM 87,9","description":"Motivada pelo decreto de pris\u00e3o domiciliar de Jair Bolsonaro, determinada pelo ministro do Supremo Tribunal Federal (STF) Alexandre de Moraes, a oposi\u00e7\u00e3o ocupou as mesas diretoras do Senado e da C\u00e2mara, exigindo, entre outras pautas, o impeachment do ministro. A proposta de afastamento de Alexandre de Moraes, no entanto, enfrenta obst\u00e1culos pol\u00edticos e jur\u00eddicos. De","canonical_url":"https:\/\/serrafm879.com.br\/serrafm\/2025\/08\/oposicao-pede-impeachment-de-moraes-e-enfrentam-obstaculos-juridicos\/","robots":"max-image-preview:large","keywords":"","webmasterTools":{"miscellaneous":""},"schema":{"@context":"https:\/\/schema.org","@graph":[{"@type":"BlogPosting","@id":"https:\/\/serrafm879.com.br\/serrafm\/2025\/08\/oposicao-pede-impeachment-de-moraes-e-enfrentam-obstaculos-juridicos\/#blogposting","name":"Oposi\u00e7\u00e3o pede Impeachment de Moraes e enfrentam obst\u00e1culos jur\u00eddicos - Serra FM 87,9","headline":"Oposi\u00e7\u00e3o pede Impeachment de Moraes e enfrentam obst\u00e1culos jur\u00eddicos","author":{"@id":"https:\/\/serrafm879.com.br\/serrafm\/author\/serrafm87\/#author"},"publisher":{"@id":"https:\/\/serrafm879.com.br\/serrafm\/#organization"},"image":{"@type":"ImageObject","url":"https:\/\/serrafm879.com.br\/serrafm\/wp-content\/uploads\/2020\/04\/alexandre-moraes-2019-2857.jpg_1.jpg","width":3000,"height":2000},"datePublished":"2025-08-07T11:48:38-03:00","dateModified":"2025-08-07T11:48:38-03:00","inLanguage":"pt-BR","mainEntityOfPage":{"@id":"https:\/\/serrafm879.com.br\/serrafm\/2025\/08\/oposicao-pede-impeachment-de-moraes-e-enfrentam-obstaculos-juridicos\/#webpage"},"isPartOf":{"@id":"https:\/\/serrafm879.com.br\/serrafm\/2025\/08\/oposicao-pede-impeachment-de-moraes-e-enfrentam-obstaculos-juridicos\/#webpage"},"articleSection":"Brasil"},{"@type":"BreadcrumbList","@id":"https:\/\/serrafm879.com.br\/serrafm\/2025\/08\/oposicao-pede-impeachment-de-moraes-e-enfrentam-obstaculos-juridicos\/#breadcrumblist","itemListElement":[{"@type":"ListItem","@id":"https:\/\/serrafm879.com.br\/serrafm#listItem","position":1,"name":"Home","item":"https:\/\/serrafm879.com.br\/serrafm","nextItem":{"@type":"ListItem","@id":"https:\/\/serrafm879.com.br\/serrafm\/categoria\/brasil\/#listItem","name":"Brasil"}},{"@type":"ListItem","@id":"https:\/\/serrafm879.com.br\/serrafm\/categoria\/brasil\/#listItem","position":2,"name":"Brasil","item":"https:\/\/serrafm879.com.br\/serrafm\/categoria\/brasil\/","nextItem":{"@type":"ListItem","@id":"https:\/\/serrafm879.com.br\/serrafm\/2025\/08\/oposicao-pede-impeachment-de-moraes-e-enfrentam-obstaculos-juridicos\/#listItem","name":"Oposi\u00e7\u00e3o pede Impeachment de Moraes e enfrentam obst\u00e1culos jur\u00eddicos"},"previousItem":{"@type":"ListItem","@id":"https:\/\/serrafm879.com.br\/serrafm#listItem","name":"Home"}},{"@type":"ListItem","@id":"https:\/\/serrafm879.com.br\/serrafm\/2025\/08\/oposicao-pede-impeachment-de-moraes-e-enfrentam-obstaculos-juridicos\/#listItem","position":3,"name":"Oposi\u00e7\u00e3o pede Impeachment de Moraes e enfrentam obst\u00e1culos jur\u00eddicos","previousItem":{"@type":"ListItem","@id":"https:\/\/serrafm879.com.br\/serrafm\/categoria\/brasil\/#listItem","name":"Brasil"}}]},{"@type":"Organization","@id":"https:\/\/serrafm879.com.br\/serrafm\/#organization","name":"Serra FM 87,9","description":"O seu novo amor!","url":"https:\/\/serrafm879.com.br\/serrafm\/"},{"@type":"Person","@id":"https:\/\/serrafm879.com.br\/serrafm\/author\/serrafm87\/#author","url":"https:\/\/serrafm879.com.br\/serrafm\/author\/serrafm87\/","name":"serrafm87","image":{"@type":"ImageObject","@id":"https:\/\/serrafm879.com.br\/serrafm\/2025\/08\/oposicao-pede-impeachment-de-moraes-e-enfrentam-obstaculos-juridicos\/#authorImage","url":"https:\/\/secure.gravatar.com\/avatar\/a743233f1112d34f48bb3dc9559b76eb930bab8b27175856cba6362608736235?s=96&d=mm&r=g","width":96,"height":96,"caption":"serrafm87"}},{"@type":"WebPage","@id":"https:\/\/serrafm879.com.br\/serrafm\/2025\/08\/oposicao-pede-impeachment-de-moraes-e-enfrentam-obstaculos-juridicos\/#webpage","url":"https:\/\/serrafm879.com.br\/serrafm\/2025\/08\/oposicao-pede-impeachment-de-moraes-e-enfrentam-obstaculos-juridicos\/","name":"Oposi\u00e7\u00e3o pede Impeachment de Moraes e enfrentam obst\u00e1culos jur\u00eddicos - Serra FM 87,9","description":"Motivada pelo decreto de pris\u00e3o domiciliar de Jair Bolsonaro, determinada pelo ministro do Supremo Tribunal Federal (STF) Alexandre de Moraes, a oposi\u00e7\u00e3o ocupou as mesas diretoras do Senado e da C\u00e2mara, exigindo, entre outras pautas, o impeachment do ministro. A proposta de afastamento de Alexandre de Moraes, no entanto, enfrenta obst\u00e1culos pol\u00edticos e jur\u00eddicos. De","inLanguage":"pt-BR","isPartOf":{"@id":"https:\/\/serrafm879.com.br\/serrafm\/#website"},"breadcrumb":{"@id":"https:\/\/serrafm879.com.br\/serrafm\/2025\/08\/oposicao-pede-impeachment-de-moraes-e-enfrentam-obstaculos-juridicos\/#breadcrumblist"},"author":{"@id":"https:\/\/serrafm879.com.br\/serrafm\/author\/serrafm87\/#author"},"creator":{"@id":"https:\/\/serrafm879.com.br\/serrafm\/author\/serrafm87\/#author"},"image":{"@type":"ImageObject","url":"https:\/\/serrafm879.com.br\/serrafm\/wp-content\/uploads\/2020\/04\/alexandre-moraes-2019-2857.jpg_1.jpg","@id":"https:\/\/serrafm879.com.br\/serrafm\/2025\/08\/oposicao-pede-impeachment-de-moraes-e-enfrentam-obstaculos-juridicos\/#mainImage","width":3000,"height":2000},"primaryImageOfPage":{"@id":"https:\/\/serrafm879.com.br\/serrafm\/2025\/08\/oposicao-pede-impeachment-de-moraes-e-enfrentam-obstaculos-juridicos\/#mainImage"},"datePublished":"2025-08-07T11:48:38-03:00","dateModified":"2025-08-07T11:48:38-03:00"},{"@type":"WebSite","@id":"https:\/\/serrafm879.com.br\/serrafm\/#website","url":"https:\/\/serrafm879.com.br\/serrafm\/","name":"Serra FM 87,9","description":"O seu novo amor!","inLanguage":"pt-BR","publisher":{"@id":"https:\/\/serrafm879.com.br\/serrafm\/#organization"}}]},"twitter:card":"summary_large_image","twitter:title":"Oposi\u00e7\u00e3o pede Impeachment de Moraes e enfrentam obst\u00e1culos jur\u00eddicos - Serra FM 87,9","twitter:description":"Motivada pelo decreto de pris\u00e3o domiciliar de Jair Bolsonaro, determinada pelo ministro do Supremo Tribunal Federal (STF) Alexandre de Moraes, a oposi\u00e7\u00e3o ocupou as mesas diretoras do Senado e da C\u00e2mara, exigindo, entre outras pautas, o impeachment do ministro. A proposta de afastamento de Alexandre de Moraes, no entanto, enfrenta obst\u00e1culos pol\u00edticos e jur\u00eddicos. De","twitter:image":"https:\/\/serrafm879.com.br\/serrafm\/wp-content\/uploads\/2020\/04\/alexandre-moraes-2019-2857.jpg_1.jpg"},"aioseo_meta_data":{"post_id":"23695","title":null,"description":null,"keywords":null,"keyphrases":null,"primary_term":null,"canonical_url":null,"og_title":null,"og_description":null,"og_object_type":"default","og_image_type":"default","og_image_custom_url":null,"og_image_custom_fields":null,"og_image_url":null,"og_image_width":null,"og_image_height":null,"og_video":null,"og_custom_url":null,"og_article_section":null,"og_article_tags":null,"twitter_use_og":false,"twitter_card":"default","twitter_image_type":"default","twitter_image_custom_url":null,"twitter_image_custom_fields":null,"twitter_image_url":null,"twitter_title":null,"twitter_description":null,"schema_type":"default","schema_type_options":null,"schema":{"blockGraphs":[],"customGraphs":[],"default":{"data":{"Article":[],"Course":[],"Dataset":[],"FAQPage":[],"Movie":[],"Person":[],"Product":[],"ProductReview":[],"Car":[],"Recipe":[],"Service":[],"SoftwareApplication":[],"WebPage":[]},"graphName":"","isEnabled":true},"graphs":[]},"pillar_content":false,"robots_default":true,"robots_noindex":false,"robots_noarchive":false,"robots_nosnippet":false,"robots_nofollow":false,"robots_noimageindex":false,"robots_noodp":false,"robots_notranslate":false,"robots_max_snippet":null,"robots_max_videopreview":null,"robots_max_imagepreview":"large","priority":null,"frequency":null,"local_seo":null,"limit_modified_date":false,"ai":null,"breadcrumb_settings":null,"seo_analyzer_scan_date":null,"created":"2026-07-21 16:39:49","updated":"2026-07-21 16:39:49"},"aioseo_breadcrumb":"<div class=\"aioseo-breadcrumbs\"><span class=\"aioseo-breadcrumb\">\n\t\t\t<a href=\"https:\/\/serrafm879.com.br\/serrafm\" title=\"Home\">Home<\/a>\n\t\t<\/span><span class=\"aioseo-breadcrumb-separator\">&raquo;<\/span><span class=\"aioseo-breadcrumb\">\n\t\t\t<a href=\"https:\/\/serrafm879.com.br\/serrafm\/categoria\/brasil\/\" title=\"Brasil\">Brasil<\/a>\n\t\t<\/span><span class=\"aioseo-breadcrumb-separator\">&raquo;<\/span><span class=\"aioseo-breadcrumb\">\n\t\t\tOposi\u00e7\u00e3o pede Impeachment de Moraes e enfrentam obst\u00e1culos jur\u00eddicos\n\t\t<\/span><\/div>","aioseo_breadcrumb_json":[{"label":"Home","link":"https:\/\/serrafm879.com.br\/serrafm"},{"label":"Brasil","link":"https:\/\/serrafm879.com.br\/serrafm\/categoria\/brasil\/"},{"label":"Oposi\u00e7\u00e3o pede Impeachment de Moraes e enfrentam obst\u00e1culos jur\u00eddicos","link":"https:\/\/serrafm879.com.br\/serrafm\/2025\/08\/oposicao-pede-impeachment-de-moraes-e-enfrentam-obstaculos-juridicos\/"}],"jetpack_publicize_connections":[],"jetpack_featured_media_url":"https:\/\/serrafm879.com.br\/serrafm\/wp-content\/uploads\/2020\/04\/alexandre-moraes-2019-2857.jpg_1.jpg","jetpack_shortlink":"https:\/\/wp.me\/p7HyXg-6ab","jetpack_sharing_enabled":true,"_links":{"self":[{"href":"https:\/\/serrafm879.com.br\/serrafm\/wp-json\/wp\/v2\/posts\/23695","targetHints":{"allow":["GET"]}}],"collection":[{"href":"https:\/\/serrafm879.com.br\/serrafm\/wp-json\/wp\/v2\/posts"}],"about":[{"href":"https:\/\/serrafm879.com.br\/serrafm\/wp-json\/wp\/v2\/types\/post"}],"author":[{"embeddable":true,"href":"https:\/\/serrafm879.com.br\/serrafm\/wp-json\/wp\/v2\/users\/2"}],"replies":[{"embeddable":true,"href":"https:\/\/serrafm879.com.br\/serrafm\/wp-json\/wp\/v2\/comments?post=23695"}],"version-history":[{"count":1,"href":"https:\/\/serrafm879.com.br\/serrafm\/wp-json\/wp\/v2\/posts\/23695\/revisions"}],"predecessor-version":[{"id":23696,"href":"https:\/\/serrafm879.com.br\/serrafm\/wp-json\/wp\/v2\/posts\/23695\/revisions\/23696"}],"wp:featuredmedia":[{"embeddable":true,"href":"https:\/\/serrafm879.com.br\/serrafm\/wp-json\/wp\/v2\/media\/2491"}],"wp:attachment":[{"href":"https:\/\/serrafm879.com.br\/serrafm\/wp-json\/wp\/v2\/media?parent=23695"}],"wp:term":[{"taxonomy":"category","embeddable":true,"href":"https:\/\/serrafm879.com.br\/serrafm\/wp-json\/wp\/v2\/categories?post=23695"},{"taxonomy":"post_tag","embeddable":true,"href":"https:\/\/serrafm879.com.br\/serrafm\/wp-json\/wp\/v2\/tags?post=23695"}],"curies":[{"name":"wp","href":"https:\/\/api.w.org\/{rel}","templated":true}]}}