{"id":23705,"date":"2025-08-07T12:16:41","date_gmt":"2025-08-07T15:16:41","guid":{"rendered":"https:\/\/serrafm879.com.br\/serrafm\/?p=23705"},"modified":"2025-08-07T12:20:40","modified_gmt":"2025-08-07T15:20:40","slug":"jovem-advogada-morre-em-acidente-de-carro-na-paraiba-nessa-quarta-feira-6","status":"publish","type":"post","link":"https:\/\/serrafm879.com.br\/serrafm\/2025\/08\/jovem-advogada-morre-em-acidente-de-carro-na-paraiba-nessa-quarta-feira-6\/","title":{"rendered":"Trag\u00e9dia: Jovem advogada morre em acidente de carro na Para\u00edba, nessa quarta-feira (6)"},"content":{"rendered":"<p>Faleceu na manh\u00e3 dessa quarta-feira (6) a advogada e assessora jur\u00eddica da Defensoria P\u00fablica da Para\u00edba, Ana Carolina Gomes Rabelo de Vasconcelos, de 26 anos, v\u00edtima de um tr\u00e1gico acidente automobil\u00edstico pr\u00f3ximo \u00e0 cidade de Boa Vista.<\/p>\n<p>Ela trabalhava no n\u00facleo da Defensoria em Campina Grande. Carol, como era chamada, vinha de sua terra natal, Monteiro, no Cariri, para Campina Grande, onde desenvolvia as suas fun\u00e7\u00f5es na Defensoria P\u00fablica.<\/p>\n<p>O ve\u00edculo era dirigido por um primo dela. Pr\u00f3ximo \u00e0 cidade de Boa Vista, ele foi surpreendido por uma carreta na contram\u00e3o; e ao tentar desviar saiu da pista e capotou. A advogada morreu no local e o motorista foi socorrido e est\u00e1 internado no Hospital de Emerg\u00eancia e Trauma Dom Luiz Gonzaga Fernandes de Campina Grande com algumas les\u00f5es e estado de sa\u00fade est\u00e1vel.<\/p>\n<p>O Samu esteve no local, onde constatou o \u00f3bito da advogada e socorreu oprimo para Campina Grande. A Pol\u00edcia Rodovi\u00e1ria Federal e a Pol\u00edcia Civil iniciaram as investiga\u00e7\u00f5es para apurar as causas do acidente, bem como identificar o causador da trag\u00e9dia.<\/p>\n<p>O N\u00facleo da Defensoria em Campina Grande divulgou uma nota de pesar, lamentando a morte de Carol e enaltecendo as qualidades profissionais e humana da advogada e se solidarizando com toda a fam\u00edlia.<\/p>\n","protected":false},"excerpt":{"rendered":"<p>Faleceu na manh\u00e3 dessa quarta-feira (6) a advogada e assessora jur\u00eddica da Defensoria P\u00fablica da Para\u00edba, Ana Carolina Gomes Rabelo de Vasconcelos, de 26 anos, v\u00edtima de um tr\u00e1gico acidente automobil\u00edstico pr\u00f3ximo \u00e0 cidade de Boa Vista. Ela trabalhava no n\u00facleo da Defensoria em Campina Grande. Carol, como era chamada, vinha de sua terra natal, Monteiro, no Cariri, para Campina Grande, onde desenvolvia as suas fun\u00e7\u00f5es na Defensoria P\u00fablica. O ve\u00edculo era dirigido por um primo dela. Pr\u00f3ximo \u00e0 cidade de Boa Vista, ele foi surpreendido por uma carreta na contram\u00e3o; e ao tentar desviar saiu da pista e capotou. [&hellip;]<\/p>\n","protected":false},"author":2,"featured_media":23706,"comment_status":"open","ping_status":"open","sticky":false,"template":"","format":"standard","meta":{"_jetpack_newsletter_access":"","_jetpack_dont_email_post_to_subs":false,"_jetpack_newsletter_tier_id":0,"_jetpack_memberships_contains_paywalled_content":false,"_jetpack_feature_clip_id":0,"_jetpack_memberships_contains_paid_content":false,"footnotes":"","jetpack_publicize_message":"","jetpack_publicize_feature_enabled":true,"jetpack_social_post_already_shared":true,"jetpack_social_options":{"image_generator_settings":{"template":"highway","default_image_id":0,"font":"","enabled":false},"version":2},"jetpack_post_was_ever_published":false},"categories":[2],"tags":[],"class_list":["post-23705","post","type-post","status-publish","format-standard","has-post-thumbnail","hentry","category-noticias"],"aioseo_notices":[],"aioseo_head":"\n\t\t<!-- All in One SEO 4.9.10 - aioseo.com -->\n\t<meta name=\"description\" content=\"Faleceu na manh\u00e3 dessa quarta-feira (6) a advogada e assessora jur\u00eddica da Defensoria P\u00fablica da Para\u00edba, Ana Carolina Gomes Rabelo de Vasconcelos, de 26 anos, v\u00edtima de um tr\u00e1gico acidente automobil\u00edstico pr\u00f3ximo \u00e0 cidade de Boa Vista. Ela trabalhava no n\u00facleo da Defensoria em Campina Grande. Carol, como era chamada, vinha de sua terra natal,\" \/>\n\t<meta name=\"robots\" content=\"max-image-preview:large\" \/>\n\t<meta name=\"author\" content=\"serrafm87\"\/>\n\t<link rel=\"canonical\" href=\"https:\/\/serrafm879.com.br\/serrafm\/2025\/08\/jovem-advogada-morre-em-acidente-de-carro-na-paraiba-nessa-quarta-feira-6\/\" \/>\n\t<meta name=\"generator\" content=\"All in One SEO (AIOSEO) 4.9.10\" \/>\n\t\t<meta name=\"twitter:card\" content=\"summary_large_image\" \/>\n\t\t<meta name=\"twitter:title\" content=\"Trag\u00e9dia: Jovem advogada morre em acidente de carro na Para\u00edba, nessa quarta-feira (6) - Serra FM 87,9\" \/>\n\t\t<meta name=\"twitter:description\" content=\"Faleceu na manh\u00e3 dessa quarta-feira (6) a advogada e assessora jur\u00eddica da Defensoria P\u00fablica da Para\u00edba, Ana Carolina Gomes Rabelo de Vasconcelos, de 26 anos, v\u00edtima de um tr\u00e1gico acidente automobil\u00edstico pr\u00f3ximo \u00e0 cidade de Boa Vista. Ela trabalhava no n\u00facleo da Defensoria em Campina Grande. Carol, como era chamada, vinha de sua terra natal,\" \/>\n\t\t<meta name=\"twitter:image\" content=\"https:\/\/serrafm879.com.br\/serrafm\/wp-content\/uploads\/2025\/08\/Captura-de-tela-2025-08-07-121701.png\" \/>\n\t\t<script type=\"application\/ld+json\" class=\"aioseo-schema\">\n\t\t\t{\"@context\":\"https:\\\/\\\/schema.org\",\"@graph\":[{\"@type\":\"BlogPosting\",\"@id\":\"https:\\\/\\\/serrafm879.com.br\\\/serrafm\\\/2025\\\/08\\\/jovem-advogada-morre-em-acidente-de-carro-na-paraiba-nessa-quarta-feira-6\\\/#blogposting\",\"name\":\"Trag\\u00e9dia: Jovem advogada morre em acidente de carro na Para\\u00edba, nessa quarta-feira (6) - Serra FM 87,9\",\"headline\":\"Trag\\u00e9dia: Jovem advogada morre em acidente de carro na Para\\u00edba, nessa quarta-feira (6)\",\"author\":{\"@id\":\"https:\\\/\\\/serrafm879.com.br\\\/serrafm\\\/author\\\/serrafm87\\\/#author\"},\"publisher\":{\"@id\":\"https:\\\/\\\/serrafm879.com.br\\\/serrafm\\\/#organization\"},\"image\":{\"@type\":\"ImageObject\",\"url\":\"https:\\\/\\\/serrafm879.com.br\\\/serrafm\\\/wp-content\\\/uploads\\\/2025\\\/08\\\/Captura-de-tela-2025-08-07-121701.png\",\"width\":324,\"height\":385},\"datePublished\":\"2025-08-07T12:16:41-03:00\",\"dateModified\":\"2025-08-07T12:20:40-03:00\",\"inLanguage\":\"pt-BR\",\"mainEntityOfPage\":{\"@id\":\"https:\\\/\\\/serrafm879.com.br\\\/serrafm\\\/2025\\\/08\\\/jovem-advogada-morre-em-acidente-de-carro-na-paraiba-nessa-quarta-feira-6\\\/#webpage\"},\"isPartOf\":{\"@id\":\"https:\\\/\\\/serrafm879.com.br\\\/serrafm\\\/2025\\\/08\\\/jovem-advogada-morre-em-acidente-de-carro-na-paraiba-nessa-quarta-feira-6\\\/#webpage\"},\"articleSection\":\"Not\\u00edcias\"},{\"@type\":\"BreadcrumbList\",\"@id\":\"https:\\\/\\\/serrafm879.com.br\\\/serrafm\\\/2025\\\/08\\\/jovem-advogada-morre-em-acidente-de-carro-na-paraiba-nessa-quarta-feira-6\\\/#breadcrumblist\",\"itemListElement\":[{\"@type\":\"ListItem\",\"@id\":\"https:\\\/\\\/serrafm879.com.br\\\/serrafm#listItem\",\"position\":1,\"name\":\"Home\",\"item\":\"https:\\\/\\\/serrafm879.com.br\\\/serrafm\",\"nextItem\":{\"@type\":\"ListItem\",\"@id\":\"https:\\\/\\\/serrafm879.com.br\\\/serrafm\\\/categoria\\\/noticias\\\/#listItem\",\"name\":\"Not\\u00edcias\"}},{\"@type\":\"ListItem\",\"@id\":\"https:\\\/\\\/serrafm879.com.br\\\/serrafm\\\/categoria\\\/noticias\\\/#listItem\",\"position\":2,\"name\":\"Not\\u00edcias\",\"item\":\"https:\\\/\\\/serrafm879.com.br\\\/serrafm\\\/categoria\\\/noticias\\\/\",\"nextItem\":{\"@type\":\"ListItem\",\"@id\":\"https:\\\/\\\/serrafm879.com.br\\\/serrafm\\\/2025\\\/08\\\/jovem-advogada-morre-em-acidente-de-carro-na-paraiba-nessa-quarta-feira-6\\\/#listItem\",\"name\":\"Trag\\u00e9dia: Jovem advogada morre em acidente de carro na Para\\u00edba, nessa quarta-feira (6)\"},\"previousItem\":{\"@type\":\"ListItem\",\"@id\":\"https:\\\/\\\/serrafm879.com.br\\\/serrafm#listItem\",\"name\":\"Home\"}},{\"@type\":\"ListItem\",\"@id\":\"https:\\\/\\\/serrafm879.com.br\\\/serrafm\\\/2025\\\/08\\\/jovem-advogada-morre-em-acidente-de-carro-na-paraiba-nessa-quarta-feira-6\\\/#listItem\",\"position\":3,\"name\":\"Trag\\u00e9dia: Jovem advogada morre em acidente de carro na Para\\u00edba, nessa quarta-feira (6)\",\"previousItem\":{\"@type\":\"ListItem\",\"@id\":\"https:\\\/\\\/serrafm879.com.br\\\/serrafm\\\/categoria\\\/noticias\\\/#listItem\",\"name\":\"Not\\u00edcias\"}}]},{\"@type\":\"Organization\",\"@id\":\"https:\\\/\\\/serrafm879.com.br\\\/serrafm\\\/#organization\",\"name\":\"Serra FM 87,9\",\"description\":\"O seu novo amor!\",\"url\":\"https:\\\/\\\/serrafm879.com.br\\\/serrafm\\\/\"},{\"@type\":\"Person\",\"@id\":\"https:\\\/\\\/serrafm879.com.br\\\/serrafm\\\/author\\\/serrafm87\\\/#author\",\"url\":\"https:\\\/\\\/serrafm879.com.br\\\/serrafm\\\/author\\\/serrafm87\\\/\",\"name\":\"serrafm87\",\"image\":{\"@type\":\"ImageObject\",\"@id\":\"https:\\\/\\\/serrafm879.com.br\\\/serrafm\\\/2025\\\/08\\\/jovem-advogada-morre-em-acidente-de-carro-na-paraiba-nessa-quarta-feira-6\\\/#authorImage\",\"url\":\"https:\\\/\\\/secure.gravatar.com\\\/avatar\\\/a743233f1112d34f48bb3dc9559b76eb930bab8b27175856cba6362608736235?s=96&d=mm&r=g\",\"width\":96,\"height\":96,\"caption\":\"serrafm87\"}},{\"@type\":\"WebPage\",\"@id\":\"https:\\\/\\\/serrafm879.com.br\\\/serrafm\\\/2025\\\/08\\\/jovem-advogada-morre-em-acidente-de-carro-na-paraiba-nessa-quarta-feira-6\\\/#webpage\",\"url\":\"https:\\\/\\\/serrafm879.com.br\\\/serrafm\\\/2025\\\/08\\\/jovem-advogada-morre-em-acidente-de-carro-na-paraiba-nessa-quarta-feira-6\\\/\",\"name\":\"Trag\\u00e9dia: Jovem advogada morre em acidente de carro na Para\\u00edba, nessa quarta-feira (6) - Serra FM 87,9\",\"description\":\"Faleceu na manh\\u00e3 dessa quarta-feira (6) a advogada e assessora jur\\u00eddica da Defensoria P\\u00fablica da Para\\u00edba, Ana Carolina Gomes Rabelo de Vasconcelos, de 26 anos, v\\u00edtima de um tr\\u00e1gico acidente automobil\\u00edstico pr\\u00f3ximo \\u00e0 cidade de Boa Vista. Ela trabalhava no n\\u00facleo da Defensoria em Campina Grande. Carol, como era chamada, vinha de sua terra natal,\",\"inLanguage\":\"pt-BR\",\"isPartOf\":{\"@id\":\"https:\\\/\\\/serrafm879.com.br\\\/serrafm\\\/#website\"},\"breadcrumb\":{\"@id\":\"https:\\\/\\\/serrafm879.com.br\\\/serrafm\\\/2025\\\/08\\\/jovem-advogada-morre-em-acidente-de-carro-na-paraiba-nessa-quarta-feira-6\\\/#breadcrumblist\"},\"author\":{\"@id\":\"https:\\\/\\\/serrafm879.com.br\\\/serrafm\\\/author\\\/serrafm87\\\/#author\"},\"creator\":{\"@id\":\"https:\\\/\\\/serrafm879.com.br\\\/serrafm\\\/author\\\/serrafm87\\\/#author\"},\"image\":{\"@type\":\"ImageObject\",\"url\":\"https:\\\/\\\/serrafm879.com.br\\\/serrafm\\\/wp-content\\\/uploads\\\/2025\\\/08\\\/Captura-de-tela-2025-08-07-121701.png\",\"@id\":\"https:\\\/\\\/serrafm879.com.br\\\/serrafm\\\/2025\\\/08\\\/jovem-advogada-morre-em-acidente-de-carro-na-paraiba-nessa-quarta-feira-6\\\/#mainImage\",\"width\":324,\"height\":385},\"primaryImageOfPage\":{\"@id\":\"https:\\\/\\\/serrafm879.com.br\\\/serrafm\\\/2025\\\/08\\\/jovem-advogada-morre-em-acidente-de-carro-na-paraiba-nessa-quarta-feira-6\\\/#mainImage\"},\"datePublished\":\"2025-08-07T12:16:41-03:00\",\"dateModified\":\"2025-08-07T12:20:40-03:00\"},{\"@type\":\"WebSite\",\"@id\":\"https:\\\/\\\/serrafm879.com.br\\\/serrafm\\\/#website\",\"url\":\"https:\\\/\\\/serrafm879.com.br\\\/serrafm\\\/\",\"name\":\"Serra FM 87,9\",\"description\":\"O seu novo amor!\",\"inLanguage\":\"pt-BR\",\"publisher\":{\"@id\":\"https:\\\/\\\/serrafm879.com.br\\\/serrafm\\\/#organization\"}}]}\n\t\t<\/script>\n\t\t<!-- All in One SEO -->\n\n","aioseo_head_json":{"title":"Trag\u00e9dia: Jovem advogada morre em acidente de carro na Para\u00edba, nessa quarta-feira (6) - Serra FM 87,9","description":"Faleceu na manh\u00e3 dessa quarta-feira (6) a advogada e assessora jur\u00eddica da Defensoria P\u00fablica da Para\u00edba, Ana Carolina Gomes Rabelo de Vasconcelos, de 26 anos, v\u00edtima de um tr\u00e1gico acidente automobil\u00edstico pr\u00f3ximo \u00e0 cidade de Boa Vista. Ela trabalhava no n\u00facleo da Defensoria em Campina Grande. Carol, como era chamada, vinha de sua terra natal,","canonical_url":"https:\/\/serrafm879.com.br\/serrafm\/2025\/08\/jovem-advogada-morre-em-acidente-de-carro-na-paraiba-nessa-quarta-feira-6\/","robots":"max-image-preview:large","keywords":"","webmasterTools":{"miscellaneous":""},"schema":{"@context":"https:\/\/schema.org","@graph":[{"@type":"BlogPosting","@id":"https:\/\/serrafm879.com.br\/serrafm\/2025\/08\/jovem-advogada-morre-em-acidente-de-carro-na-paraiba-nessa-quarta-feira-6\/#blogposting","name":"Trag\u00e9dia: Jovem advogada morre em acidente de carro na Para\u00edba, nessa quarta-feira (6) - Serra FM 87,9","headline":"Trag\u00e9dia: Jovem advogada morre em acidente de carro na Para\u00edba, nessa quarta-feira (6)","author":{"@id":"https:\/\/serrafm879.com.br\/serrafm\/author\/serrafm87\/#author"},"publisher":{"@id":"https:\/\/serrafm879.com.br\/serrafm\/#organization"},"image":{"@type":"ImageObject","url":"https:\/\/serrafm879.com.br\/serrafm\/wp-content\/uploads\/2025\/08\/Captura-de-tela-2025-08-07-121701.png","width":324,"height":385},"datePublished":"2025-08-07T12:16:41-03:00","dateModified":"2025-08-07T12:20:40-03:00","inLanguage":"pt-BR","mainEntityOfPage":{"@id":"https:\/\/serrafm879.com.br\/serrafm\/2025\/08\/jovem-advogada-morre-em-acidente-de-carro-na-paraiba-nessa-quarta-feira-6\/#webpage"},"isPartOf":{"@id":"https:\/\/serrafm879.com.br\/serrafm\/2025\/08\/jovem-advogada-morre-em-acidente-de-carro-na-paraiba-nessa-quarta-feira-6\/#webpage"},"articleSection":"Not\u00edcias"},{"@type":"BreadcrumbList","@id":"https:\/\/serrafm879.com.br\/serrafm\/2025\/08\/jovem-advogada-morre-em-acidente-de-carro-na-paraiba-nessa-quarta-feira-6\/#breadcrumblist","itemListElement":[{"@type":"ListItem","@id":"https:\/\/serrafm879.com.br\/serrafm#listItem","position":1,"name":"Home","item":"https:\/\/serrafm879.com.br\/serrafm","nextItem":{"@type":"ListItem","@id":"https:\/\/serrafm879.com.br\/serrafm\/categoria\/noticias\/#listItem","name":"Not\u00edcias"}},{"@type":"ListItem","@id":"https:\/\/serrafm879.com.br\/serrafm\/categoria\/noticias\/#listItem","position":2,"name":"Not\u00edcias","item":"https:\/\/serrafm879.com.br\/serrafm\/categoria\/noticias\/","nextItem":{"@type":"ListItem","@id":"https:\/\/serrafm879.com.br\/serrafm\/2025\/08\/jovem-advogada-morre-em-acidente-de-carro-na-paraiba-nessa-quarta-feira-6\/#listItem","name":"Trag\u00e9dia: Jovem advogada morre em acidente de carro na Para\u00edba, nessa quarta-feira (6)"},"previousItem":{"@type":"ListItem","@id":"https:\/\/serrafm879.com.br\/serrafm#listItem","name":"Home"}},{"@type":"ListItem","@id":"https:\/\/serrafm879.com.br\/serrafm\/2025\/08\/jovem-advogada-morre-em-acidente-de-carro-na-paraiba-nessa-quarta-feira-6\/#listItem","position":3,"name":"Trag\u00e9dia: Jovem advogada morre em acidente de carro na Para\u00edba, nessa quarta-feira (6)","previousItem":{"@type":"ListItem","@id":"https:\/\/serrafm879.com.br\/serrafm\/categoria\/noticias\/#listItem","name":"Not\u00edcias"}}]},{"@type":"Organization","@id":"https:\/\/serrafm879.com.br\/serrafm\/#organization","name":"Serra FM 87,9","description":"O seu novo amor!","url":"https:\/\/serrafm879.com.br\/serrafm\/"},{"@type":"Person","@id":"https:\/\/serrafm879.com.br\/serrafm\/author\/serrafm87\/#author","url":"https:\/\/serrafm879.com.br\/serrafm\/author\/serrafm87\/","name":"serrafm87","image":{"@type":"ImageObject","@id":"https:\/\/serrafm879.com.br\/serrafm\/2025\/08\/jovem-advogada-morre-em-acidente-de-carro-na-paraiba-nessa-quarta-feira-6\/#authorImage","url":"https:\/\/secure.gravatar.com\/avatar\/a743233f1112d34f48bb3dc9559b76eb930bab8b27175856cba6362608736235?s=96&d=mm&r=g","width":96,"height":96,"caption":"serrafm87"}},{"@type":"WebPage","@id":"https:\/\/serrafm879.com.br\/serrafm\/2025\/08\/jovem-advogada-morre-em-acidente-de-carro-na-paraiba-nessa-quarta-feira-6\/#webpage","url":"https:\/\/serrafm879.com.br\/serrafm\/2025\/08\/jovem-advogada-morre-em-acidente-de-carro-na-paraiba-nessa-quarta-feira-6\/","name":"Trag\u00e9dia: Jovem advogada morre em acidente de carro na Para\u00edba, nessa quarta-feira (6) - Serra FM 87,9","description":"Faleceu na manh\u00e3 dessa quarta-feira (6) a advogada e assessora jur\u00eddica da Defensoria P\u00fablica da Para\u00edba, Ana Carolina Gomes Rabelo de Vasconcelos, de 26 anos, v\u00edtima de um tr\u00e1gico acidente automobil\u00edstico pr\u00f3ximo \u00e0 cidade de Boa Vista. Ela trabalhava no n\u00facleo da Defensoria em Campina Grande. Carol, como era chamada, vinha de sua terra natal,","inLanguage":"pt-BR","isPartOf":{"@id":"https:\/\/serrafm879.com.br\/serrafm\/#website"},"breadcrumb":{"@id":"https:\/\/serrafm879.com.br\/serrafm\/2025\/08\/jovem-advogada-morre-em-acidente-de-carro-na-paraiba-nessa-quarta-feira-6\/#breadcrumblist"},"author":{"@id":"https:\/\/serrafm879.com.br\/serrafm\/author\/serrafm87\/#author"},"creator":{"@id":"https:\/\/serrafm879.com.br\/serrafm\/author\/serrafm87\/#author"},"image":{"@type":"ImageObject","url":"https:\/\/serrafm879.com.br\/serrafm\/wp-content\/uploads\/2025\/08\/Captura-de-tela-2025-08-07-121701.png","@id":"https:\/\/serrafm879.com.br\/serrafm\/2025\/08\/jovem-advogada-morre-em-acidente-de-carro-na-paraiba-nessa-quarta-feira-6\/#mainImage","width":324,"height":385},"primaryImageOfPage":{"@id":"https:\/\/serrafm879.com.br\/serrafm\/2025\/08\/jovem-advogada-morre-em-acidente-de-carro-na-paraiba-nessa-quarta-feira-6\/#mainImage"},"datePublished":"2025-08-07T12:16:41-03:00","dateModified":"2025-08-07T12:20:40-03:00"},{"@type":"WebSite","@id":"https:\/\/serrafm879.com.br\/serrafm\/#website","url":"https:\/\/serrafm879.com.br\/serrafm\/","name":"Serra FM 87,9","description":"O seu novo amor!","inLanguage":"pt-BR","publisher":{"@id":"https:\/\/serrafm879.com.br\/serrafm\/#organization"}}]},"twitter:card":"summary_large_image","twitter:title":"Trag\u00e9dia: Jovem advogada morre em acidente de carro na Para\u00edba, nessa quarta-feira (6) - Serra FM 87,9","twitter:description":"Faleceu na manh\u00e3 dessa quarta-feira (6) a advogada e assessora jur\u00eddica da Defensoria P\u00fablica da Para\u00edba, Ana Carolina Gomes Rabelo de Vasconcelos, de 26 anos, v\u00edtima de um tr\u00e1gico acidente automobil\u00edstico pr\u00f3ximo \u00e0 cidade de Boa Vista. Ela trabalhava no n\u00facleo da Defensoria em Campina Grande. Carol, como era chamada, vinha de sua terra natal,","twitter:image":"https:\/\/serrafm879.com.br\/serrafm\/wp-content\/uploads\/2025\/08\/Captura-de-tela-2025-08-07-121701.png"},"aioseo_meta_data":{"post_id":"23705","title":null,"description":null,"keywords":null,"keyphrases":null,"primary_term":null,"canonical_url":null,"og_title":null,"og_description":null,"og_object_type":"default","og_image_type":"default","og_image_custom_url":null,"og_image_custom_fields":null,"og_image_url":null,"og_image_width":null,"og_image_height":null,"og_video":null,"og_custom_url":null,"og_article_section":null,"og_article_tags":null,"twitter_use_og":false,"twitter_card":"default","twitter_image_type":"default","twitter_image_custom_url":null,"twitter_image_custom_fields":null,"twitter_image_url":null,"twitter_title":null,"twitter_description":null,"schema_type":"default","schema_type_options":null,"schema":{"blockGraphs":[],"customGraphs":[],"default":{"data":{"Article":[],"Course":[],"Dataset":[],"FAQPage":[],"Movie":[],"Person":[],"Product":[],"ProductReview":[],"Car":[],"Recipe":[],"Service":[],"SoftwareApplication":[],"WebPage":[]},"graphName":"","isEnabled":true},"graphs":[]},"pillar_content":false,"robots_default":true,"robots_noindex":false,"robots_noarchive":false,"robots_nosnippet":false,"robots_nofollow":false,"robots_noimageindex":false,"robots_noodp":false,"robots_notranslate":false,"robots_max_snippet":null,"robots_max_videopreview":null,"robots_max_imagepreview":"large","priority":null,"frequency":null,"local_seo":null,"limit_modified_date":false,"ai":null,"breadcrumb_settings":null,"seo_analyzer_scan_date":null,"created":"2026-07-21 16:39:49","updated":"2026-07-21 16:39:49"},"aioseo_breadcrumb":"<div class=\"aioseo-breadcrumbs\"><span class=\"aioseo-breadcrumb\">\n\t\t\t<a href=\"https:\/\/serrafm879.com.br\/serrafm\" title=\"Home\">Home<\/a>\n\t\t<\/span><span class=\"aioseo-breadcrumb-separator\">&raquo;<\/span><span class=\"aioseo-breadcrumb\">\n\t\t\t<a href=\"https:\/\/serrafm879.com.br\/serrafm\/categoria\/noticias\/\" title=\"Not\u00edcias\">Not\u00edcias<\/a>\n\t\t<\/span><span class=\"aioseo-breadcrumb-separator\">&raquo;<\/span><span class=\"aioseo-breadcrumb\">\n\t\t\tTrag\u00e9dia: Jovem advogada morre em acidente de carro na Para\u00edba, nessa quarta-feira (6)\n\t\t<\/span><\/div>","aioseo_breadcrumb_json":[{"label":"Home","link":"https:\/\/serrafm879.com.br\/serrafm"},{"label":"Not\u00edcias","link":"https:\/\/serrafm879.com.br\/serrafm\/categoria\/noticias\/"},{"label":"Trag\u00e9dia: Jovem advogada morre em acidente de carro na Para\u00edba, nessa quarta-feira (6)","link":"https:\/\/serrafm879.com.br\/serrafm\/2025\/08\/jovem-advogada-morre-em-acidente-de-carro-na-paraiba-nessa-quarta-feira-6\/"}],"jetpack_publicize_connections":[],"jetpack_featured_media_url":"https:\/\/serrafm879.com.br\/serrafm\/wp-content\/uploads\/2025\/08\/Captura-de-tela-2025-08-07-121701.png","jetpack_shortlink":"https:\/\/wp.me\/p7HyXg-6al","jetpack_sharing_enabled":true,"_links":{"self":[{"href":"https:\/\/serrafm879.com.br\/serrafm\/wp-json\/wp\/v2\/posts\/23705","targetHints":{"allow":["GET"]}}],"collection":[{"href":"https:\/\/serrafm879.com.br\/serrafm\/wp-json\/wp\/v2\/posts"}],"about":[{"href":"https:\/\/serrafm879.com.br\/serrafm\/wp-json\/wp\/v2\/types\/post"}],"author":[{"embeddable":true,"href":"https:\/\/serrafm879.com.br\/serrafm\/wp-json\/wp\/v2\/users\/2"}],"replies":[{"embeddable":true,"href":"https:\/\/serrafm879.com.br\/serrafm\/wp-json\/wp\/v2\/comments?post=23705"}],"version-history":[{"count":3,"href":"https:\/\/serrafm879.com.br\/serrafm\/wp-json\/wp\/v2\/posts\/23705\/revisions"}],"predecessor-version":[{"id":23709,"href":"https:\/\/serrafm879.com.br\/serrafm\/wp-json\/wp\/v2\/posts\/23705\/revisions\/23709"}],"wp:featuredmedia":[{"embeddable":true,"href":"https:\/\/serrafm879.com.br\/serrafm\/wp-json\/wp\/v2\/media\/23706"}],"wp:attachment":[{"href":"https:\/\/serrafm879.com.br\/serrafm\/wp-json\/wp\/v2\/media?parent=23705"}],"wp:term":[{"taxonomy":"category","embeddable":true,"href":"https:\/\/serrafm879.com.br\/serrafm\/wp-json\/wp\/v2\/categories?post=23705"},{"taxonomy":"post_tag","embeddable":true,"href":"https:\/\/serrafm879.com.br\/serrafm\/wp-json\/wp\/v2\/tags?post=23705"}],"curies":[{"name":"wp","href":"https:\/\/api.w.org\/{rel}","templated":true}]}}