{"id":23759,"date":"2025-08-09T17:38:47","date_gmt":"2025-08-09T20:38:47","guid":{"rendered":"https:\/\/serrafm879.com.br\/serrafm\/?p=23759"},"modified":"2025-08-09T17:38:47","modified_gmt":"2025-08-09T20:38:47","slug":"policia-deflagra-operacao-nordeste-integrado-carnaiba-quixaba-princesa-e-afogados-na-acao","status":"publish","type":"post","link":"https:\/\/serrafm879.com.br\/serrafm\/2025\/08\/policia-deflagra-operacao-nordeste-integrado-carnaiba-quixaba-princesa-e-afogados-na-acao\/","title":{"rendered":"Policia deflagra Opera\u00e7\u00e3o Nordeste Integrado. Carna\u00edba, Quixaba, Princesa e Afogados na a\u00e7\u00e3o"},"content":{"rendered":"<div class=\"x14z9mp xat24cr x1lziwak x1vvkbs xtlvy1s x126k92a\">\n<div dir=\"auto\">No dia 07 de agosto de 2025, o 23\u00ba Batalh\u00e3o da Pol\u00edcia Militar de Pernambuco, Pol\u00edcia Civil de Pernambuco, Corpo de Bombeiros Militar de Pernambuco e for\u00e7as Coirm\u00e3s da Para\u00edba \u2013 Pol\u00edcia Militar, Civil e Corpo de Bombeiros, deflagraram a\u00a0<strong>Opera\u00e7\u00e3o Nordeste Integrado<\/strong>, a\u00e7\u00e3o interestadual que visa combater o avan\u00e7o de fac\u00e7\u00f5es criminosas na regi\u00e3o, reduzir os \u00edndices de homic\u00eddios e ampliar a sensa\u00e7\u00e3o de seguran\u00e7a da popula\u00e7\u00e3o.<span style=\"font-size: 1.21429rem;\">A opera\u00e7\u00e3o contou com integra\u00e7\u00e3o estrat\u00e9gica entre as for\u00e7as de seguran\u00e7a de <\/span><strong style=\"font-size: 1.21429rem;\">Pernambuco e da Para\u00edba<\/strong><span style=\"font-size: 1.21429rem;\">, com planejamento conjunto e execu\u00e7\u00e3o coordenada em diversos munic\u00edpios da \u00e1rea do *23\u00ba BPM*, incluindo\u00a0<\/span><strong style=\"font-size: 1.21429rem;\">Afogados da Ingazeira, Tabira, S\u00e3o Jos\u00e9 do Egito, Carna\u00edba, Itapetim, Tuparetama, Quixaba e Brejinho<\/strong><span style=\"font-size: 1.21429rem;\">\u00a0do lado pernambucano, como tamb\u00e9m cidades paraibanas importantes como\u00a0<\/span><strong style=\"font-size: 1.21429rem;\">Princesa Isabel-PB, Teixeira-PB<\/strong><span style=\"font-size: 1.21429rem;\">, entre outras.<\/span><\/p>\n<\/div>\n<\/div>\n<div class=\"x14z9mp xat24cr x1lziwak x1vvkbs xtlvy1s x126k92a\">\n<div dir=\"auto\">\n<p><span style=\"font-size: 1.21429rem;\">A opera\u00e7\u00e3o mobilizou robusto esfor\u00e7o operacional, contando com o lan\u00e7amento de 54 Policiais, entre militares e civis, e o emprego de 22 viaturas quatro rodas e 06 motocicletas operacionais *(MO), distribu\u00eddos estrategicamente nos munic\u00edpios alvos desta opera\u00e7\u00e3o.<\/span><\/p>\n<\/div>\n<\/div>\n<div class=\"x14z9mp xat24cr x1lziwak x1vvkbs xtlvy1s x126k92a\">\n<div dir=\"auto\">\n<p><span style=\"font-size: 1.21429rem;\">Tal aparato foi essencial para assegurar a efetividade das a\u00e7\u00f5es e garantir pronta resposta \u00e0s ocorr\u00eancias relevantes.<\/span><\/p>\n<\/div>\n<\/div>\n<div class=\"x14z9mp xat24cr x1lziwak x1vvkbs xtlvy1s x126k92a\">\n<div dir=\"auto\">\n<p><em style=\"font-size: 1.21429rem;\"><strong>DURANTE A OPERA\u00c7\u00c3O, FORAM REALIZADOS:<\/strong><\/em><\/p>\n<\/div>\n<\/div>\n<div class=\"x14z9mp xat24cr x1lziwak x1vvkbs xtlvy1s x126k92a\">\n<div dir=\"auto\">\u2022 Cumprimento de mandados de pris\u00e3o e busca e apreens\u00e3o;<\/div>\n<div dir=\"auto\">\u2022 Abordagens a pessoas e ve\u00edculos com foco no combate ao tr\u00e1fico de drogas e porte ilegal de armas;<\/div>\n<div dir=\"auto\">\u2022 Blitz e bloqueios em pontos estrat\u00e9gicos, como a \u00e1rea de fronteira com a Para\u00edba;<\/div>\n<div dir=\"auto\">\u2022 A\u00e7\u00f5es de intelig\u00eancia e policiamento ostensivo visando a pris\u00e3o de foragidos da justi\u00e7a e apreens\u00e3o de materiais il\u00edcitos.<em style=\"font-size: 1.21429rem;\"><strong>RESULTADOS OPERACIONAIS DA A\u00c7\u00c3O CONJUNTA<\/strong><\/em><\/p>\n<\/div>\n<\/div>\n<div class=\"x14z9mp xat24cr x1lziwak x1vvkbs xtlvy1s x126k92a\">\n<div dir=\"auto\">\u2022 Mandados de pris\u00e3o expedidos: 4<\/div>\n<div dir=\"auto\">\u2022 Mandados de busca e apreens\u00e3o expedidos: 16<\/div>\n<div dir=\"auto\">\u2022 Mandados de pris\u00e3o cumpridos: 2<\/div>\n<div dir=\"auto\">\u2022 Mandados de busca e apreens\u00e3o cumpridos: 16<\/div>\n<div dir=\"auto\">\u2022 Autos de pris\u00e3o em flagrante delito (APFD): 3<strong style=\"font-size: 1.21429rem;\"><em>APREENS\u00d5ES<\/em><\/strong><\/p>\n<\/div>\n<\/div>\n<div class=\"x14z9mp xat24cr x1lziwak x1vvkbs xtlvy1s x126k92a\">\n<div dir=\"auto\">\u2022 Armas de fogo: 2<\/div>\n<div dir=\"auto\">\u2022 Armas brancas: 3<\/div>\n<div dir=\"auto\">\u2022 Muni\u00e7\u00f5es: 15<\/div>\n<div dir=\"auto\">\u2022 Explosivos: 0<\/div>\n<div dir=\"auto\">\u2022 Celulares: 12<\/div>\n<div dir=\"auto\">\u2022 Dinheiro (R$): 2.424,00<em style=\"font-size: 1.21429rem;\"><strong>DROGAS<\/strong><\/em><\/p>\n<\/div>\n<\/div>\n<div class=\"x14z9mp xat24cr x1lziwak x1vvkbs xtlvy1s x126k92a\">\n<div dir=\"auto\">\u2022 Maconha (kg): 2,086<\/div>\n<div dir=\"auto\">\u2022 Crack (g ou unidades): 24,6<\/div>\n<div dir=\"auto\">\u2022 Coca\u00edna (g): 11,4<strong style=\"font-size: 1.21429rem;\"><em>VE\u00cdCULOS<\/em><\/strong><\/p>\n<\/div>\n<\/div>\n<div class=\"x14z9mp xat24cr x1lziwak x1vvkbs xtlvy1s x126k92a\">\n<div dir=\"auto\">\u2022 Carros: 0<\/div>\n<div dir=\"auto\">\u2022 Caminh\u00f5es: 0<\/div>\n<div dir=\"auto\">\u2022 Motocicletas: 1 (op conjunta PM\/PC)<span style=\"font-size: 1.21429rem;\">A <\/span><strong style=\"font-size: 1.21429rem;\">Opera\u00e7\u00e3o Nordeste Integrado<\/strong><span style=\"font-size: 1.21429rem;\">\u00a0reafirma o compromisso da Pol\u00edcia Militar de Pernambuco com a seguran\u00e7a da popula\u00e7\u00e3o, a valoriza\u00e7\u00e3o do trabalho conjunto entre institui\u00e7\u00f5es policiais e a efetividade das a\u00e7\u00f5es repressivas qualificadas.<\/span><\/p>\n<\/div>\n<\/div>\n<div class=\"x14z9mp xat24cr x1lziwak x1vvkbs xtlvy1s x126k92a\">\n<div dir=\"auto\">\n<p><span style=\"font-size: 1.21429rem;\">O 23\u00ba BPM diz que segue firme no prop\u00f3sito de fortalecer a presen\u00e7a do estado nas \u00e1reas mais sens\u00edveis, combatendo o crime de forma estrat\u00e9gica, t\u00e9cnica e integrada.<\/span><\/p>\n<\/div>\n<p>Fonte : Blog Cau\u00ea Rodrigues<\/p>\n<\/div>\n","protected":false},"excerpt":{"rendered":"<p>No dia 07 de agosto de 2025, o 23\u00ba Batalh\u00e3o da Pol\u00edcia Militar de Pernambuco, Pol\u00edcia Civil de Pernambuco, Corpo de Bombeiros Militar de Pernambuco e for\u00e7as Coirm\u00e3s da Para\u00edba \u2013 Pol\u00edcia Militar, Civil e Corpo de Bombeiros, deflagraram a\u00a0Opera\u00e7\u00e3o Nordeste Integrado, a\u00e7\u00e3o interestadual que visa combater o avan\u00e7o de fac\u00e7\u00f5es criminosas na regi\u00e3o, reduzir os \u00edndices de homic\u00eddios e ampliar a sensa\u00e7\u00e3o de seguran\u00e7a da popula\u00e7\u00e3o.A opera\u00e7\u00e3o contou com integra\u00e7\u00e3o estrat\u00e9gica entre as for\u00e7as de seguran\u00e7a de Pernambuco e da Para\u00edba, com planejamento conjunto e execu\u00e7\u00e3o coordenada em diversos munic\u00edpios da \u00e1rea do *23\u00ba BPM*, incluindo\u00a0Afogados da Ingazeira, Tabira, [&hellip;]<\/p>\n","protected":false},"author":2,"featured_media":23760,"comment_status":"open","ping_status":"open","sticky":false,"template":"","format":"standard","meta":{"_jetpack_newsletter_access":"","_jetpack_dont_email_post_to_subs":false,"_jetpack_newsletter_tier_id":0,"_jetpack_memberships_contains_paywalled_content":false,"_jetpack_feature_clip_id":0,"_jetpack_memberships_contains_paid_content":false,"footnotes":"","jetpack_publicize_message":"","jetpack_publicize_feature_enabled":true,"jetpack_social_post_already_shared":true,"jetpack_social_options":{"image_generator_settings":{"template":"highway","default_image_id":0,"font":"","enabled":false},"version":2},"jetpack_post_was_ever_published":false},"categories":[2],"tags":[],"class_list":["post-23759","post","type-post","status-publish","format-standard","has-post-thumbnail","hentry","category-noticias"],"aioseo_notices":[],"aioseo_head":"\n\t\t<!-- All in One SEO 4.9.10 - aioseo.com -->\n\t<meta name=\"description\" content=\"No dia 07 de agosto de 2025, o 23\u00ba Batalh\u00e3o da Pol\u00edcia Militar de Pernambuco, Pol\u00edcia Civil de Pernambuco, Corpo de Bombeiros Militar de Pernambuco e for\u00e7as Coirm\u00e3s da Para\u00edba \u2013 Pol\u00edcia Militar, Civil e Corpo de Bombeiros, deflagraram a Opera\u00e7\u00e3o Nordeste Integrado, a\u00e7\u00e3o interestadual que visa combater o avan\u00e7o de fac\u00e7\u00f5es criminosas na regi\u00e3o, reduzir\" \/>\n\t<meta name=\"robots\" content=\"max-image-preview:large\" \/>\n\t<meta name=\"author\" content=\"serrafm87\"\/>\n\t<link rel=\"canonical\" href=\"https:\/\/serrafm879.com.br\/serrafm\/2025\/08\/policia-deflagra-operacao-nordeste-integrado-carnaiba-quixaba-princesa-e-afogados-na-acao\/\" \/>\n\t<meta name=\"generator\" content=\"All in One SEO (AIOSEO) 4.9.10\" \/>\n\t\t<meta name=\"twitter:card\" content=\"summary_large_image\" \/>\n\t\t<meta name=\"twitter:title\" content=\"Policia deflagra Opera\u00e7\u00e3o Nordeste Integrado. Carna\u00edba, Quixaba, Princesa e Afogados na a\u00e7\u00e3o - Serra FM 87,9\" \/>\n\t\t<meta name=\"twitter:description\" content=\"No dia 07 de agosto de 2025, o 23\u00ba Batalh\u00e3o da Pol\u00edcia Militar de Pernambuco, Pol\u00edcia Civil de Pernambuco, Corpo de Bombeiros Militar de Pernambuco e for\u00e7as Coirm\u00e3s da Para\u00edba \u2013 Pol\u00edcia Militar, Civil e Corpo de Bombeiros, deflagraram a Opera\u00e7\u00e3o Nordeste Integrado, a\u00e7\u00e3o interestadual que visa combater o avan\u00e7o de fac\u00e7\u00f5es criminosas na regi\u00e3o, reduzir\" \/>\n\t\t<meta name=\"twitter:image\" content=\"https:\/\/serrafm879.com.br\/serrafm\/wp-content\/uploads\/2025\/08\/529297309_122116969646943323_8653433835215238582_n.jpg\" \/>\n\t\t<script type=\"application\/ld+json\" class=\"aioseo-schema\">\n\t\t\t{\"@context\":\"https:\\\/\\\/schema.org\",\"@graph\":[{\"@type\":\"BlogPosting\",\"@id\":\"https:\\\/\\\/serrafm879.com.br\\\/serrafm\\\/2025\\\/08\\\/policia-deflagra-operacao-nordeste-integrado-carnaiba-quixaba-princesa-e-afogados-na-acao\\\/#blogposting\",\"name\":\"Policia deflagra Opera\\u00e7\\u00e3o Nordeste Integrado. Carna\\u00edba, Quixaba, Princesa e Afogados na a\\u00e7\\u00e3o - Serra FM 87,9\",\"headline\":\"Policia deflagra Opera\\u00e7\\u00e3o Nordeste Integrado. Carna\\u00edba, Quixaba, Princesa e Afogados na a\\u00e7\\u00e3o\",\"author\":{\"@id\":\"https:\\\/\\\/serrafm879.com.br\\\/serrafm\\\/author\\\/serrafm87\\\/#author\"},\"publisher\":{\"@id\":\"https:\\\/\\\/serrafm879.com.br\\\/serrafm\\\/#organization\"},\"image\":{\"@type\":\"ImageObject\",\"url\":\"https:\\\/\\\/serrafm879.com.br\\\/serrafm\\\/wp-content\\\/uploads\\\/2025\\\/08\\\/529297309_122116969646943323_8653433835215238582_n.jpg\",\"width\":1599,\"height\":899},\"datePublished\":\"2025-08-09T17:38:47-03:00\",\"dateModified\":\"2025-08-09T17:38:47-03:00\",\"inLanguage\":\"pt-BR\",\"mainEntityOfPage\":{\"@id\":\"https:\\\/\\\/serrafm879.com.br\\\/serrafm\\\/2025\\\/08\\\/policia-deflagra-operacao-nordeste-integrado-carnaiba-quixaba-princesa-e-afogados-na-acao\\\/#webpage\"},\"isPartOf\":{\"@id\":\"https:\\\/\\\/serrafm879.com.br\\\/serrafm\\\/2025\\\/08\\\/policia-deflagra-operacao-nordeste-integrado-carnaiba-quixaba-princesa-e-afogados-na-acao\\\/#webpage\"},\"articleSection\":\"Not\\u00edcias\"},{\"@type\":\"BreadcrumbList\",\"@id\":\"https:\\\/\\\/serrafm879.com.br\\\/serrafm\\\/2025\\\/08\\\/policia-deflagra-operacao-nordeste-integrado-carnaiba-quixaba-princesa-e-afogados-na-acao\\\/#breadcrumblist\",\"itemListElement\":[{\"@type\":\"ListItem\",\"@id\":\"https:\\\/\\\/serrafm879.com.br\\\/serrafm#listItem\",\"position\":1,\"name\":\"Home\",\"item\":\"https:\\\/\\\/serrafm879.com.br\\\/serrafm\",\"nextItem\":{\"@type\":\"ListItem\",\"@id\":\"https:\\\/\\\/serrafm879.com.br\\\/serrafm\\\/categoria\\\/noticias\\\/#listItem\",\"name\":\"Not\\u00edcias\"}},{\"@type\":\"ListItem\",\"@id\":\"https:\\\/\\\/serrafm879.com.br\\\/serrafm\\\/categoria\\\/noticias\\\/#listItem\",\"position\":2,\"name\":\"Not\\u00edcias\",\"item\":\"https:\\\/\\\/serrafm879.com.br\\\/serrafm\\\/categoria\\\/noticias\\\/\",\"nextItem\":{\"@type\":\"ListItem\",\"@id\":\"https:\\\/\\\/serrafm879.com.br\\\/serrafm\\\/2025\\\/08\\\/policia-deflagra-operacao-nordeste-integrado-carnaiba-quixaba-princesa-e-afogados-na-acao\\\/#listItem\",\"name\":\"Policia deflagra Opera\\u00e7\\u00e3o Nordeste Integrado. Carna\\u00edba, Quixaba, Princesa e Afogados na a\\u00e7\\u00e3o\"},\"previousItem\":{\"@type\":\"ListItem\",\"@id\":\"https:\\\/\\\/serrafm879.com.br\\\/serrafm#listItem\",\"name\":\"Home\"}},{\"@type\":\"ListItem\",\"@id\":\"https:\\\/\\\/serrafm879.com.br\\\/serrafm\\\/2025\\\/08\\\/policia-deflagra-operacao-nordeste-integrado-carnaiba-quixaba-princesa-e-afogados-na-acao\\\/#listItem\",\"position\":3,\"name\":\"Policia deflagra Opera\\u00e7\\u00e3o Nordeste Integrado. Carna\\u00edba, Quixaba, Princesa e Afogados na a\\u00e7\\u00e3o\",\"previousItem\":{\"@type\":\"ListItem\",\"@id\":\"https:\\\/\\\/serrafm879.com.br\\\/serrafm\\\/categoria\\\/noticias\\\/#listItem\",\"name\":\"Not\\u00edcias\"}}]},{\"@type\":\"Organization\",\"@id\":\"https:\\\/\\\/serrafm879.com.br\\\/serrafm\\\/#organization\",\"name\":\"Serra FM 87,9\",\"description\":\"O seu novo amor!\",\"url\":\"https:\\\/\\\/serrafm879.com.br\\\/serrafm\\\/\"},{\"@type\":\"Person\",\"@id\":\"https:\\\/\\\/serrafm879.com.br\\\/serrafm\\\/author\\\/serrafm87\\\/#author\",\"url\":\"https:\\\/\\\/serrafm879.com.br\\\/serrafm\\\/author\\\/serrafm87\\\/\",\"name\":\"serrafm87\",\"image\":{\"@type\":\"ImageObject\",\"@id\":\"https:\\\/\\\/serrafm879.com.br\\\/serrafm\\\/2025\\\/08\\\/policia-deflagra-operacao-nordeste-integrado-carnaiba-quixaba-princesa-e-afogados-na-acao\\\/#authorImage\",\"url\":\"https:\\\/\\\/secure.gravatar.com\\\/avatar\\\/a743233f1112d34f48bb3dc9559b76eb930bab8b27175856cba6362608736235?s=96&d=mm&r=g\",\"width\":96,\"height\":96,\"caption\":\"serrafm87\"}},{\"@type\":\"WebPage\",\"@id\":\"https:\\\/\\\/serrafm879.com.br\\\/serrafm\\\/2025\\\/08\\\/policia-deflagra-operacao-nordeste-integrado-carnaiba-quixaba-princesa-e-afogados-na-acao\\\/#webpage\",\"url\":\"https:\\\/\\\/serrafm879.com.br\\\/serrafm\\\/2025\\\/08\\\/policia-deflagra-operacao-nordeste-integrado-carnaiba-quixaba-princesa-e-afogados-na-acao\\\/\",\"name\":\"Policia deflagra Opera\\u00e7\\u00e3o Nordeste Integrado. Carna\\u00edba, Quixaba, Princesa e Afogados na a\\u00e7\\u00e3o - Serra FM 87,9\",\"description\":\"No dia 07 de agosto de 2025, o 23\\u00ba Batalh\\u00e3o da Pol\\u00edcia Militar de Pernambuco, Pol\\u00edcia Civil de Pernambuco, Corpo de Bombeiros Militar de Pernambuco e for\\u00e7as Coirm\\u00e3s da Para\\u00edba \\u2013 Pol\\u00edcia Militar, Civil e Corpo de Bombeiros, deflagraram a Opera\\u00e7\\u00e3o Nordeste Integrado, a\\u00e7\\u00e3o interestadual que visa combater o avan\\u00e7o de fac\\u00e7\\u00f5es criminosas na regi\\u00e3o, reduzir\",\"inLanguage\":\"pt-BR\",\"isPartOf\":{\"@id\":\"https:\\\/\\\/serrafm879.com.br\\\/serrafm\\\/#website\"},\"breadcrumb\":{\"@id\":\"https:\\\/\\\/serrafm879.com.br\\\/serrafm\\\/2025\\\/08\\\/policia-deflagra-operacao-nordeste-integrado-carnaiba-quixaba-princesa-e-afogados-na-acao\\\/#breadcrumblist\"},\"author\":{\"@id\":\"https:\\\/\\\/serrafm879.com.br\\\/serrafm\\\/author\\\/serrafm87\\\/#author\"},\"creator\":{\"@id\":\"https:\\\/\\\/serrafm879.com.br\\\/serrafm\\\/author\\\/serrafm87\\\/#author\"},\"image\":{\"@type\":\"ImageObject\",\"url\":\"https:\\\/\\\/serrafm879.com.br\\\/serrafm\\\/wp-content\\\/uploads\\\/2025\\\/08\\\/529297309_122116969646943323_8653433835215238582_n.jpg\",\"@id\":\"https:\\\/\\\/serrafm879.com.br\\\/serrafm\\\/2025\\\/08\\\/policia-deflagra-operacao-nordeste-integrado-carnaiba-quixaba-princesa-e-afogados-na-acao\\\/#mainImage\",\"width\":1599,\"height\":899},\"primaryImageOfPage\":{\"@id\":\"https:\\\/\\\/serrafm879.com.br\\\/serrafm\\\/2025\\\/08\\\/policia-deflagra-operacao-nordeste-integrado-carnaiba-quixaba-princesa-e-afogados-na-acao\\\/#mainImage\"},\"datePublished\":\"2025-08-09T17:38:47-03:00\",\"dateModified\":\"2025-08-09T17:38:47-03:00\"},{\"@type\":\"WebSite\",\"@id\":\"https:\\\/\\\/serrafm879.com.br\\\/serrafm\\\/#website\",\"url\":\"https:\\\/\\\/serrafm879.com.br\\\/serrafm\\\/\",\"name\":\"Serra FM 87,9\",\"description\":\"O seu novo amor!\",\"inLanguage\":\"pt-BR\",\"publisher\":{\"@id\":\"https:\\\/\\\/serrafm879.com.br\\\/serrafm\\\/#organization\"}}]}\n\t\t<\/script>\n\t\t<!-- All in One SEO -->\n\n","aioseo_head_json":{"title":"Policia deflagra Opera\u00e7\u00e3o Nordeste Integrado. Carna\u00edba, Quixaba, Princesa e Afogados na a\u00e7\u00e3o - Serra FM 87,9","description":"No dia 07 de agosto de 2025, o 23\u00ba Batalh\u00e3o da Pol\u00edcia Militar de Pernambuco, Pol\u00edcia Civil de Pernambuco, Corpo de Bombeiros Militar de Pernambuco e for\u00e7as Coirm\u00e3s da Para\u00edba \u2013 Pol\u00edcia Militar, Civil e Corpo de Bombeiros, deflagraram a Opera\u00e7\u00e3o Nordeste Integrado, a\u00e7\u00e3o interestadual que visa combater o avan\u00e7o de fac\u00e7\u00f5es criminosas na regi\u00e3o, reduzir","canonical_url":"https:\/\/serrafm879.com.br\/serrafm\/2025\/08\/policia-deflagra-operacao-nordeste-integrado-carnaiba-quixaba-princesa-e-afogados-na-acao\/","robots":"max-image-preview:large","keywords":"","webmasterTools":{"miscellaneous":""},"schema":{"@context":"https:\/\/schema.org","@graph":[{"@type":"BlogPosting","@id":"https:\/\/serrafm879.com.br\/serrafm\/2025\/08\/policia-deflagra-operacao-nordeste-integrado-carnaiba-quixaba-princesa-e-afogados-na-acao\/#blogposting","name":"Policia deflagra Opera\u00e7\u00e3o Nordeste Integrado. Carna\u00edba, Quixaba, Princesa e Afogados na a\u00e7\u00e3o - Serra FM 87,9","headline":"Policia deflagra Opera\u00e7\u00e3o Nordeste Integrado. Carna\u00edba, Quixaba, Princesa e Afogados na a\u00e7\u00e3o","author":{"@id":"https:\/\/serrafm879.com.br\/serrafm\/author\/serrafm87\/#author"},"publisher":{"@id":"https:\/\/serrafm879.com.br\/serrafm\/#organization"},"image":{"@type":"ImageObject","url":"https:\/\/serrafm879.com.br\/serrafm\/wp-content\/uploads\/2025\/08\/529297309_122116969646943323_8653433835215238582_n.jpg","width":1599,"height":899},"datePublished":"2025-08-09T17:38:47-03:00","dateModified":"2025-08-09T17:38:47-03:00","inLanguage":"pt-BR","mainEntityOfPage":{"@id":"https:\/\/serrafm879.com.br\/serrafm\/2025\/08\/policia-deflagra-operacao-nordeste-integrado-carnaiba-quixaba-princesa-e-afogados-na-acao\/#webpage"},"isPartOf":{"@id":"https:\/\/serrafm879.com.br\/serrafm\/2025\/08\/policia-deflagra-operacao-nordeste-integrado-carnaiba-quixaba-princesa-e-afogados-na-acao\/#webpage"},"articleSection":"Not\u00edcias"},{"@type":"BreadcrumbList","@id":"https:\/\/serrafm879.com.br\/serrafm\/2025\/08\/policia-deflagra-operacao-nordeste-integrado-carnaiba-quixaba-princesa-e-afogados-na-acao\/#breadcrumblist","itemListElement":[{"@type":"ListItem","@id":"https:\/\/serrafm879.com.br\/serrafm#listItem","position":1,"name":"Home","item":"https:\/\/serrafm879.com.br\/serrafm","nextItem":{"@type":"ListItem","@id":"https:\/\/serrafm879.com.br\/serrafm\/categoria\/noticias\/#listItem","name":"Not\u00edcias"}},{"@type":"ListItem","@id":"https:\/\/serrafm879.com.br\/serrafm\/categoria\/noticias\/#listItem","position":2,"name":"Not\u00edcias","item":"https:\/\/serrafm879.com.br\/serrafm\/categoria\/noticias\/","nextItem":{"@type":"ListItem","@id":"https:\/\/serrafm879.com.br\/serrafm\/2025\/08\/policia-deflagra-operacao-nordeste-integrado-carnaiba-quixaba-princesa-e-afogados-na-acao\/#listItem","name":"Policia deflagra Opera\u00e7\u00e3o Nordeste Integrado. Carna\u00edba, Quixaba, Princesa e Afogados na a\u00e7\u00e3o"},"previousItem":{"@type":"ListItem","@id":"https:\/\/serrafm879.com.br\/serrafm#listItem","name":"Home"}},{"@type":"ListItem","@id":"https:\/\/serrafm879.com.br\/serrafm\/2025\/08\/policia-deflagra-operacao-nordeste-integrado-carnaiba-quixaba-princesa-e-afogados-na-acao\/#listItem","position":3,"name":"Policia deflagra Opera\u00e7\u00e3o Nordeste Integrado. Carna\u00edba, Quixaba, Princesa e Afogados na a\u00e7\u00e3o","previousItem":{"@type":"ListItem","@id":"https:\/\/serrafm879.com.br\/serrafm\/categoria\/noticias\/#listItem","name":"Not\u00edcias"}}]},{"@type":"Organization","@id":"https:\/\/serrafm879.com.br\/serrafm\/#organization","name":"Serra FM 87,9","description":"O seu novo amor!","url":"https:\/\/serrafm879.com.br\/serrafm\/"},{"@type":"Person","@id":"https:\/\/serrafm879.com.br\/serrafm\/author\/serrafm87\/#author","url":"https:\/\/serrafm879.com.br\/serrafm\/author\/serrafm87\/","name":"serrafm87","image":{"@type":"ImageObject","@id":"https:\/\/serrafm879.com.br\/serrafm\/2025\/08\/policia-deflagra-operacao-nordeste-integrado-carnaiba-quixaba-princesa-e-afogados-na-acao\/#authorImage","url":"https:\/\/secure.gravatar.com\/avatar\/a743233f1112d34f48bb3dc9559b76eb930bab8b27175856cba6362608736235?s=96&d=mm&r=g","width":96,"height":96,"caption":"serrafm87"}},{"@type":"WebPage","@id":"https:\/\/serrafm879.com.br\/serrafm\/2025\/08\/policia-deflagra-operacao-nordeste-integrado-carnaiba-quixaba-princesa-e-afogados-na-acao\/#webpage","url":"https:\/\/serrafm879.com.br\/serrafm\/2025\/08\/policia-deflagra-operacao-nordeste-integrado-carnaiba-quixaba-princesa-e-afogados-na-acao\/","name":"Policia deflagra Opera\u00e7\u00e3o Nordeste Integrado. Carna\u00edba, Quixaba, Princesa e Afogados na a\u00e7\u00e3o - Serra FM 87,9","description":"No dia 07 de agosto de 2025, o 23\u00ba Batalh\u00e3o da Pol\u00edcia Militar de Pernambuco, Pol\u00edcia Civil de Pernambuco, Corpo de Bombeiros Militar de Pernambuco e for\u00e7as Coirm\u00e3s da Para\u00edba \u2013 Pol\u00edcia Militar, Civil e Corpo de Bombeiros, deflagraram a Opera\u00e7\u00e3o Nordeste Integrado, a\u00e7\u00e3o interestadual que visa combater o avan\u00e7o de fac\u00e7\u00f5es criminosas na regi\u00e3o, reduzir","inLanguage":"pt-BR","isPartOf":{"@id":"https:\/\/serrafm879.com.br\/serrafm\/#website"},"breadcrumb":{"@id":"https:\/\/serrafm879.com.br\/serrafm\/2025\/08\/policia-deflagra-operacao-nordeste-integrado-carnaiba-quixaba-princesa-e-afogados-na-acao\/#breadcrumblist"},"author":{"@id":"https:\/\/serrafm879.com.br\/serrafm\/author\/serrafm87\/#author"},"creator":{"@id":"https:\/\/serrafm879.com.br\/serrafm\/author\/serrafm87\/#author"},"image":{"@type":"ImageObject","url":"https:\/\/serrafm879.com.br\/serrafm\/wp-content\/uploads\/2025\/08\/529297309_122116969646943323_8653433835215238582_n.jpg","@id":"https:\/\/serrafm879.com.br\/serrafm\/2025\/08\/policia-deflagra-operacao-nordeste-integrado-carnaiba-quixaba-princesa-e-afogados-na-acao\/#mainImage","width":1599,"height":899},"primaryImageOfPage":{"@id":"https:\/\/serrafm879.com.br\/serrafm\/2025\/08\/policia-deflagra-operacao-nordeste-integrado-carnaiba-quixaba-princesa-e-afogados-na-acao\/#mainImage"},"datePublished":"2025-08-09T17:38:47-03:00","dateModified":"2025-08-09T17:38:47-03:00"},{"@type":"WebSite","@id":"https:\/\/serrafm879.com.br\/serrafm\/#website","url":"https:\/\/serrafm879.com.br\/serrafm\/","name":"Serra FM 87,9","description":"O seu novo amor!","inLanguage":"pt-BR","publisher":{"@id":"https:\/\/serrafm879.com.br\/serrafm\/#organization"}}]},"twitter:card":"summary_large_image","twitter:title":"Policia deflagra Opera\u00e7\u00e3o Nordeste Integrado. Carna\u00edba, Quixaba, Princesa e Afogados na a\u00e7\u00e3o - Serra FM 87,9","twitter:description":"No dia 07 de agosto de 2025, o 23\u00ba Batalh\u00e3o da Pol\u00edcia Militar de Pernambuco, Pol\u00edcia Civil de Pernambuco, Corpo de Bombeiros Militar de Pernambuco e for\u00e7as Coirm\u00e3s da Para\u00edba \u2013 Pol\u00edcia Militar, Civil e Corpo de Bombeiros, deflagraram a Opera\u00e7\u00e3o Nordeste Integrado, a\u00e7\u00e3o interestadual que visa combater o avan\u00e7o de fac\u00e7\u00f5es criminosas na regi\u00e3o, reduzir","twitter:image":"https:\/\/serrafm879.com.br\/serrafm\/wp-content\/uploads\/2025\/08\/529297309_122116969646943323_8653433835215238582_n.jpg"},"aioseo_meta_data":{"post_id":"23759","title":null,"description":null,"keywords":null,"keyphrases":null,"primary_term":null,"canonical_url":null,"og_title":null,"og_description":null,"og_object_type":"default","og_image_type":"default","og_image_custom_url":null,"og_image_custom_fields":null,"og_image_url":null,"og_image_width":null,"og_image_height":null,"og_video":null,"og_custom_url":null,"og_article_section":null,"og_article_tags":null,"twitter_use_og":false,"twitter_card":"default","twitter_image_type":"default","twitter_image_custom_url":null,"twitter_image_custom_fields":null,"twitter_image_url":null,"twitter_title":null,"twitter_description":null,"schema_type":"default","schema_type_options":null,"schema":{"blockGraphs":[],"customGraphs":[],"default":{"data":{"Article":[],"Course":[],"Dataset":[],"FAQPage":[],"Movie":[],"Person":[],"Product":[],"ProductReview":[],"Car":[],"Recipe":[],"Service":[],"SoftwareApplication":[],"WebPage":[]},"graphName":"","isEnabled":true},"graphs":[]},"pillar_content":false,"robots_default":true,"robots_noindex":false,"robots_noarchive":false,"robots_nosnippet":false,"robots_nofollow":false,"robots_noimageindex":false,"robots_noodp":false,"robots_notranslate":false,"robots_max_snippet":null,"robots_max_videopreview":null,"robots_max_imagepreview":"large","priority":null,"frequency":null,"local_seo":null,"limit_modified_date":false,"ai":null,"breadcrumb_settings":null,"seo_analyzer_scan_date":null,"created":"2026-07-21 16:41:38","updated":"2026-07-21 16:41:38"},"aioseo_breadcrumb":"<div class=\"aioseo-breadcrumbs\"><span class=\"aioseo-breadcrumb\">\n\t\t\t<a href=\"https:\/\/serrafm879.com.br\/serrafm\" title=\"Home\">Home<\/a>\n\t\t<\/span><span class=\"aioseo-breadcrumb-separator\">&raquo;<\/span><span class=\"aioseo-breadcrumb\">\n\t\t\t<a href=\"https:\/\/serrafm879.com.br\/serrafm\/categoria\/noticias\/\" title=\"Not\u00edcias\">Not\u00edcias<\/a>\n\t\t<\/span><span class=\"aioseo-breadcrumb-separator\">&raquo;<\/span><span class=\"aioseo-breadcrumb\">\n\t\t\tPolicia deflagra Opera\u00e7\u00e3o Nordeste Integrado. Carna\u00edba, Quixaba, Princesa e Afogados na a\u00e7\u00e3o\n\t\t<\/span><\/div>","aioseo_breadcrumb_json":[{"label":"Home","link":"https:\/\/serrafm879.com.br\/serrafm"},{"label":"Not\u00edcias","link":"https:\/\/serrafm879.com.br\/serrafm\/categoria\/noticias\/"},{"label":"Policia deflagra Opera\u00e7\u00e3o Nordeste Integrado. Carna\u00edba, Quixaba, Princesa e Afogados na a\u00e7\u00e3o","link":"https:\/\/serrafm879.com.br\/serrafm\/2025\/08\/policia-deflagra-operacao-nordeste-integrado-carnaiba-quixaba-princesa-e-afogados-na-acao\/"}],"jetpack_publicize_connections":[],"jetpack_featured_media_url":"https:\/\/serrafm879.com.br\/serrafm\/wp-content\/uploads\/2025\/08\/529297309_122116969646943323_8653433835215238582_n.jpg","jetpack_shortlink":"https:\/\/wp.me\/p7HyXg-6bd","jetpack_sharing_enabled":true,"_links":{"self":[{"href":"https:\/\/serrafm879.com.br\/serrafm\/wp-json\/wp\/v2\/posts\/23759","targetHints":{"allow":["GET"]}}],"collection":[{"href":"https:\/\/serrafm879.com.br\/serrafm\/wp-json\/wp\/v2\/posts"}],"about":[{"href":"https:\/\/serrafm879.com.br\/serrafm\/wp-json\/wp\/v2\/types\/post"}],"author":[{"embeddable":true,"href":"https:\/\/serrafm879.com.br\/serrafm\/wp-json\/wp\/v2\/users\/2"}],"replies":[{"embeddable":true,"href":"https:\/\/serrafm879.com.br\/serrafm\/wp-json\/wp\/v2\/comments?post=23759"}],"version-history":[{"count":1,"href":"https:\/\/serrafm879.com.br\/serrafm\/wp-json\/wp\/v2\/posts\/23759\/revisions"}],"predecessor-version":[{"id":23761,"href":"https:\/\/serrafm879.com.br\/serrafm\/wp-json\/wp\/v2\/posts\/23759\/revisions\/23761"}],"wp:featuredmedia":[{"embeddable":true,"href":"https:\/\/serrafm879.com.br\/serrafm\/wp-json\/wp\/v2\/media\/23760"}],"wp:attachment":[{"href":"https:\/\/serrafm879.com.br\/serrafm\/wp-json\/wp\/v2\/media?parent=23759"}],"wp:term":[{"taxonomy":"category","embeddable":true,"href":"https:\/\/serrafm879.com.br\/serrafm\/wp-json\/wp\/v2\/categories?post=23759"},{"taxonomy":"post_tag","embeddable":true,"href":"https:\/\/serrafm879.com.br\/serrafm\/wp-json\/wp\/v2\/tags?post=23759"}],"curies":[{"name":"wp","href":"https:\/\/api.w.org\/{rel}","templated":true}]}}