{"id":23778,"date":"2025-08-11T05:00:17","date_gmt":"2025-08-11T08:00:17","guid":{"rendered":"https:\/\/serrafm879.com.br\/serrafm\/?p=23778"},"modified":"2025-08-10T22:00:22","modified_gmt":"2025-08-11T01:00:22","slug":"igarassu-homem-e-preso-por-estupro-e-venda-de-conteudo-com-abuso-sexual-infantil-na-internet","status":"publish","type":"post","link":"https:\/\/serrafm879.com.br\/serrafm\/2025\/08\/igarassu-homem-e-preso-por-estupro-e-venda-de-conteudo-com-abuso-sexual-infantil-na-internet\/","title":{"rendered":"Igarassu: Homem \u00e9 preso por estupro e venda de conte\u00fado com abuso sexual infantil na internet"},"content":{"rendered":"<p>Um homem foi preso, em Igarassu, na Regi\u00e3o Metropolitana do Recife (RMR),\u00a0por\u00a0estupro de vulner\u00e1vel e divulga\u00e7\u00e3o de cenas de abuso sexual infantil na\u00a0internet.<\/p>\n<p>Al\u00e9m disso, o preso \u00e9 acusado ainda de\u00a0aliciamento de menor, produ\u00e7\u00e3o de imagens contendo cenas de abuso sexual infantil, armazenamento e exposi\u00e7\u00e3o \u00e0 venda do conte\u00fado.<\/p>\n<p>O inqu\u00e9rito foi iniciado a partir do recebimento de uma not\u00edcia an\u00f4nima, informando a exposi\u00e7\u00e3o a venda de material contendo cenas de abuso sexual infantil.<\/p>\n<p>Com o desdobramento das investiga\u00e7\u00f5es foi poss\u00edvel identificar o poss\u00edvel autor da divulga\u00e7\u00e3o e exposi\u00e7\u00e3o a venda do conte\u00fado il\u00edcito.<\/p>\n<p>Em acr\u00e9scimo, identificou-se esse mesmo suspeito como poss\u00edvel autor do estupro de vulner\u00e1vel, veiculado no arquivo em quest\u00e3o.<\/p>\n<p>A pris\u00e3o preventiva do suspeito foi realizada pela Pol\u00edcia Federal (PF) atrav\u00e9s da Delegacia\u00a0de Repress\u00e3o a Crimes Cibern\u00e9ticos da Superintend\u00eancia Regional da PF em Pernambuco na \u00faltima quinta-feira (7).<\/p>\n<p>Est\u00e1 sendo cumprido um\u00a0mandado de busca e apreens\u00e3o no munic\u00edpio de Igarassu com o\u00a0objetivo de\u00a0realizar o confisco\u00a0de computadores, notebooks, celulares e m\u00eddias com potencial de armazenamento de imagens e v\u00eddeos contendo cenas de abuso sexual de crian\u00e7as e\/ou adolescentes.<\/p>\n<p>Todo o material apreendido em cumprimento ao mandado de busca e apreens\u00e3o ser\u00e1 submetido a exame pericial com vistas a encontrar evid\u00eancias dos crimes relacionados ao abuso sexual infantil por meio da internet.<\/p>\n<p>A depender dos resultados das investiga\u00e7\u00f5es e dos exames periciais nos materiais apreendidos, o homem responder\u00e1 pela pr\u00e1tica dos crimes de aliciamento de menores para a pr\u00e1tica de atos libidinosos,\u00a0produ\u00e7\u00e3o de cenas de abuso sexual infantil,\u00a0estupro de vulner\u00e1vel, bem como aos crimes de armazenamento, compartilhamento e exposi\u00e7\u00e3o \u00e0 venda de conte\u00fado de abuso sexual infantil.<\/p>\n","protected":false},"excerpt":{"rendered":"<p>Um homem foi preso, em Igarassu, na Regi\u00e3o Metropolitana do Recife (RMR),\u00a0por\u00a0estupro de vulner\u00e1vel e divulga\u00e7\u00e3o de cenas de abuso sexual infantil na\u00a0internet. Al\u00e9m disso, o preso \u00e9 acusado ainda de\u00a0aliciamento de menor, produ\u00e7\u00e3o de imagens contendo cenas de abuso sexual infantil, armazenamento e exposi\u00e7\u00e3o \u00e0 venda do conte\u00fado. O inqu\u00e9rito foi iniciado a partir do recebimento de uma not\u00edcia an\u00f4nima, informando a exposi\u00e7\u00e3o a venda de material contendo cenas de abuso sexual infantil. Com o desdobramento das investiga\u00e7\u00f5es foi poss\u00edvel identificar o poss\u00edvel autor da divulga\u00e7\u00e3o e exposi\u00e7\u00e3o a venda do conte\u00fado il\u00edcito. Em acr\u00e9scimo, identificou-se esse mesmo suspeito [&hellip;]<\/p>\n","protected":false},"author":2,"featured_media":23779,"comment_status":"open","ping_status":"open","sticky":false,"template":"","format":"standard","meta":{"_jetpack_newsletter_access":"","_jetpack_dont_email_post_to_subs":false,"_jetpack_newsletter_tier_id":0,"_jetpack_memberships_contains_paywalled_content":false,"_jetpack_feature_clip_id":0,"_jetpack_memberships_contains_paid_content":false,"footnotes":"","jetpack_publicize_message":"","jetpack_publicize_feature_enabled":true,"jetpack_social_post_already_shared":true,"jetpack_social_options":{"image_generator_settings":{"template":"highway","default_image_id":0,"font":"","enabled":false},"version":2},"jetpack_post_was_ever_published":false},"categories":[2],"tags":[],"class_list":["post-23778","post","type-post","status-publish","format-standard","has-post-thumbnail","hentry","category-noticias"],"aioseo_notices":[],"aioseo_head":"\n\t\t<!-- All in One SEO 4.9.10 - aioseo.com -->\n\t<meta name=\"description\" content=\"Um homem foi preso, em Igarassu, na Regi\u00e3o Metropolitana do Recife (RMR), por estupro de vulner\u00e1vel e divulga\u00e7\u00e3o de cenas de abuso sexual infantil na internet. Al\u00e9m disso, o preso \u00e9 acusado ainda de aliciamento de menor, produ\u00e7\u00e3o de imagens contendo cenas de abuso sexual infantil, armazenamento e exposi\u00e7\u00e3o \u00e0 venda do conte\u00fado. O inqu\u00e9rito foi iniciado a partir\" \/>\n\t<meta name=\"robots\" content=\"max-image-preview:large\" \/>\n\t<meta name=\"author\" content=\"serrafm87\"\/>\n\t<link rel=\"canonical\" href=\"https:\/\/serrafm879.com.br\/serrafm\/2025\/08\/igarassu-homem-e-preso-por-estupro-e-venda-de-conteudo-com-abuso-sexual-infantil-na-internet\/\" \/>\n\t<meta name=\"generator\" content=\"All in One SEO (AIOSEO) 4.9.10\" \/>\n\t\t<meta name=\"twitter:card\" content=\"summary_large_image\" \/>\n\t\t<meta name=\"twitter:title\" content=\"Igarassu: Homem \u00e9 preso por estupro e venda de conte\u00fado com abuso sexual infantil na internet - Serra FM 87,9\" \/>\n\t\t<meta name=\"twitter:description\" content=\"Um homem foi preso, em Igarassu, na Regi\u00e3o Metropolitana do Recife (RMR), por estupro de vulner\u00e1vel e divulga\u00e7\u00e3o de cenas de abuso sexual infantil na internet. Al\u00e9m disso, o preso \u00e9 acusado ainda de aliciamento de menor, produ\u00e7\u00e3o de imagens contendo cenas de abuso sexual infantil, armazenamento e exposi\u00e7\u00e3o \u00e0 venda do conte\u00fado. O inqu\u00e9rito foi iniciado a partir\" \/>\n\t\t<meta name=\"twitter:image\" content=\"https:\/\/serrafm879.com.br\/serrafm\/wp-content\/uploads\/2025\/08\/design-sem-nome-8.png\" \/>\n\t\t<script type=\"application\/ld+json\" class=\"aioseo-schema\">\n\t\t\t{\"@context\":\"https:\\\/\\\/schema.org\",\"@graph\":[{\"@type\":\"BlogPosting\",\"@id\":\"https:\\\/\\\/serrafm879.com.br\\\/serrafm\\\/2025\\\/08\\\/igarassu-homem-e-preso-por-estupro-e-venda-de-conteudo-com-abuso-sexual-infantil-na-internet\\\/#blogposting\",\"name\":\"Igarassu: Homem \\u00e9 preso por estupro e venda de conte\\u00fado com abuso sexual infantil na internet - Serra FM 87,9\",\"headline\":\"Igarassu: Homem \\u00e9 preso por estupro e venda de conte\\u00fado com abuso sexual infantil na internet\",\"author\":{\"@id\":\"https:\\\/\\\/serrafm879.com.br\\\/serrafm\\\/author\\\/serrafm87\\\/#author\"},\"publisher\":{\"@id\":\"https:\\\/\\\/serrafm879.com.br\\\/serrafm\\\/#organization\"},\"image\":{\"@type\":\"ImageObject\",\"url\":\"https:\\\/\\\/serrafm879.com.br\\\/serrafm\\\/wp-content\\\/uploads\\\/2025\\\/08\\\/design-sem-nome-8.png\",\"width\":1100,\"height\":642},\"datePublished\":\"2025-08-11T05:00:17-03:00\",\"dateModified\":\"2025-08-10T22:00:22-03:00\",\"inLanguage\":\"pt-BR\",\"mainEntityOfPage\":{\"@id\":\"https:\\\/\\\/serrafm879.com.br\\\/serrafm\\\/2025\\\/08\\\/igarassu-homem-e-preso-por-estupro-e-venda-de-conteudo-com-abuso-sexual-infantil-na-internet\\\/#webpage\"},\"isPartOf\":{\"@id\":\"https:\\\/\\\/serrafm879.com.br\\\/serrafm\\\/2025\\\/08\\\/igarassu-homem-e-preso-por-estupro-e-venda-de-conteudo-com-abuso-sexual-infantil-na-internet\\\/#webpage\"},\"articleSection\":\"Not\\u00edcias\"},{\"@type\":\"BreadcrumbList\",\"@id\":\"https:\\\/\\\/serrafm879.com.br\\\/serrafm\\\/2025\\\/08\\\/igarassu-homem-e-preso-por-estupro-e-venda-de-conteudo-com-abuso-sexual-infantil-na-internet\\\/#breadcrumblist\",\"itemListElement\":[{\"@type\":\"ListItem\",\"@id\":\"https:\\\/\\\/serrafm879.com.br\\\/serrafm#listItem\",\"position\":1,\"name\":\"Home\",\"item\":\"https:\\\/\\\/serrafm879.com.br\\\/serrafm\",\"nextItem\":{\"@type\":\"ListItem\",\"@id\":\"https:\\\/\\\/serrafm879.com.br\\\/serrafm\\\/categoria\\\/noticias\\\/#listItem\",\"name\":\"Not\\u00edcias\"}},{\"@type\":\"ListItem\",\"@id\":\"https:\\\/\\\/serrafm879.com.br\\\/serrafm\\\/categoria\\\/noticias\\\/#listItem\",\"position\":2,\"name\":\"Not\\u00edcias\",\"item\":\"https:\\\/\\\/serrafm879.com.br\\\/serrafm\\\/categoria\\\/noticias\\\/\",\"nextItem\":{\"@type\":\"ListItem\",\"@id\":\"https:\\\/\\\/serrafm879.com.br\\\/serrafm\\\/2025\\\/08\\\/igarassu-homem-e-preso-por-estupro-e-venda-de-conteudo-com-abuso-sexual-infantil-na-internet\\\/#listItem\",\"name\":\"Igarassu: Homem \\u00e9 preso por estupro e venda de conte\\u00fado com abuso sexual infantil na internet\"},\"previousItem\":{\"@type\":\"ListItem\",\"@id\":\"https:\\\/\\\/serrafm879.com.br\\\/serrafm#listItem\",\"name\":\"Home\"}},{\"@type\":\"ListItem\",\"@id\":\"https:\\\/\\\/serrafm879.com.br\\\/serrafm\\\/2025\\\/08\\\/igarassu-homem-e-preso-por-estupro-e-venda-de-conteudo-com-abuso-sexual-infantil-na-internet\\\/#listItem\",\"position\":3,\"name\":\"Igarassu: Homem \\u00e9 preso por estupro e venda de conte\\u00fado com abuso sexual infantil na internet\",\"previousItem\":{\"@type\":\"ListItem\",\"@id\":\"https:\\\/\\\/serrafm879.com.br\\\/serrafm\\\/categoria\\\/noticias\\\/#listItem\",\"name\":\"Not\\u00edcias\"}}]},{\"@type\":\"Organization\",\"@id\":\"https:\\\/\\\/serrafm879.com.br\\\/serrafm\\\/#organization\",\"name\":\"Serra FM 87,9\",\"description\":\"O seu novo amor!\",\"url\":\"https:\\\/\\\/serrafm879.com.br\\\/serrafm\\\/\"},{\"@type\":\"Person\",\"@id\":\"https:\\\/\\\/serrafm879.com.br\\\/serrafm\\\/author\\\/serrafm87\\\/#author\",\"url\":\"https:\\\/\\\/serrafm879.com.br\\\/serrafm\\\/author\\\/serrafm87\\\/\",\"name\":\"serrafm87\",\"image\":{\"@type\":\"ImageObject\",\"@id\":\"https:\\\/\\\/serrafm879.com.br\\\/serrafm\\\/2025\\\/08\\\/igarassu-homem-e-preso-por-estupro-e-venda-de-conteudo-com-abuso-sexual-infantil-na-internet\\\/#authorImage\",\"url\":\"https:\\\/\\\/secure.gravatar.com\\\/avatar\\\/a743233f1112d34f48bb3dc9559b76eb930bab8b27175856cba6362608736235?s=96&d=mm&r=g\",\"width\":96,\"height\":96,\"caption\":\"serrafm87\"}},{\"@type\":\"WebPage\",\"@id\":\"https:\\\/\\\/serrafm879.com.br\\\/serrafm\\\/2025\\\/08\\\/igarassu-homem-e-preso-por-estupro-e-venda-de-conteudo-com-abuso-sexual-infantil-na-internet\\\/#webpage\",\"url\":\"https:\\\/\\\/serrafm879.com.br\\\/serrafm\\\/2025\\\/08\\\/igarassu-homem-e-preso-por-estupro-e-venda-de-conteudo-com-abuso-sexual-infantil-na-internet\\\/\",\"name\":\"Igarassu: Homem \\u00e9 preso por estupro e venda de conte\\u00fado com abuso sexual infantil na internet - Serra FM 87,9\",\"description\":\"Um homem foi preso, em Igarassu, na Regi\\u00e3o Metropolitana do Recife (RMR), por estupro de vulner\\u00e1vel e divulga\\u00e7\\u00e3o de cenas de abuso sexual infantil na internet. Al\\u00e9m disso, o preso \\u00e9 acusado ainda de aliciamento de menor, produ\\u00e7\\u00e3o de imagens contendo cenas de abuso sexual infantil, armazenamento e exposi\\u00e7\\u00e3o \\u00e0 venda do conte\\u00fado. O inqu\\u00e9rito foi iniciado a partir\",\"inLanguage\":\"pt-BR\",\"isPartOf\":{\"@id\":\"https:\\\/\\\/serrafm879.com.br\\\/serrafm\\\/#website\"},\"breadcrumb\":{\"@id\":\"https:\\\/\\\/serrafm879.com.br\\\/serrafm\\\/2025\\\/08\\\/igarassu-homem-e-preso-por-estupro-e-venda-de-conteudo-com-abuso-sexual-infantil-na-internet\\\/#breadcrumblist\"},\"author\":{\"@id\":\"https:\\\/\\\/serrafm879.com.br\\\/serrafm\\\/author\\\/serrafm87\\\/#author\"},\"creator\":{\"@id\":\"https:\\\/\\\/serrafm879.com.br\\\/serrafm\\\/author\\\/serrafm87\\\/#author\"},\"image\":{\"@type\":\"ImageObject\",\"url\":\"https:\\\/\\\/serrafm879.com.br\\\/serrafm\\\/wp-content\\\/uploads\\\/2025\\\/08\\\/design-sem-nome-8.png\",\"@id\":\"https:\\\/\\\/serrafm879.com.br\\\/serrafm\\\/2025\\\/08\\\/igarassu-homem-e-preso-por-estupro-e-venda-de-conteudo-com-abuso-sexual-infantil-na-internet\\\/#mainImage\",\"width\":1100,\"height\":642},\"primaryImageOfPage\":{\"@id\":\"https:\\\/\\\/serrafm879.com.br\\\/serrafm\\\/2025\\\/08\\\/igarassu-homem-e-preso-por-estupro-e-venda-de-conteudo-com-abuso-sexual-infantil-na-internet\\\/#mainImage\"},\"datePublished\":\"2025-08-11T05:00:17-03:00\",\"dateModified\":\"2025-08-10T22:00:22-03:00\"},{\"@type\":\"WebSite\",\"@id\":\"https:\\\/\\\/serrafm879.com.br\\\/serrafm\\\/#website\",\"url\":\"https:\\\/\\\/serrafm879.com.br\\\/serrafm\\\/\",\"name\":\"Serra FM 87,9\",\"description\":\"O seu novo amor!\",\"inLanguage\":\"pt-BR\",\"publisher\":{\"@id\":\"https:\\\/\\\/serrafm879.com.br\\\/serrafm\\\/#organization\"}}]}\n\t\t<\/script>\n\t\t<!-- All in One SEO -->\n\n","aioseo_head_json":{"title":"Igarassu: Homem \u00e9 preso por estupro e venda de conte\u00fado com abuso sexual infantil na internet - Serra FM 87,9","description":"Um homem foi preso, em Igarassu, na Regi\u00e3o Metropolitana do Recife (RMR), por estupro de vulner\u00e1vel e divulga\u00e7\u00e3o de cenas de abuso sexual infantil na internet. Al\u00e9m disso, o preso \u00e9 acusado ainda de aliciamento de menor, produ\u00e7\u00e3o de imagens contendo cenas de abuso sexual infantil, armazenamento e exposi\u00e7\u00e3o \u00e0 venda do conte\u00fado. O inqu\u00e9rito foi iniciado a partir","canonical_url":"https:\/\/serrafm879.com.br\/serrafm\/2025\/08\/igarassu-homem-e-preso-por-estupro-e-venda-de-conteudo-com-abuso-sexual-infantil-na-internet\/","robots":"max-image-preview:large","keywords":"","webmasterTools":{"miscellaneous":""},"schema":{"@context":"https:\/\/schema.org","@graph":[{"@type":"BlogPosting","@id":"https:\/\/serrafm879.com.br\/serrafm\/2025\/08\/igarassu-homem-e-preso-por-estupro-e-venda-de-conteudo-com-abuso-sexual-infantil-na-internet\/#blogposting","name":"Igarassu: Homem \u00e9 preso por estupro e venda de conte\u00fado com abuso sexual infantil na internet - Serra FM 87,9","headline":"Igarassu: Homem \u00e9 preso por estupro e venda de conte\u00fado com abuso sexual infantil na internet","author":{"@id":"https:\/\/serrafm879.com.br\/serrafm\/author\/serrafm87\/#author"},"publisher":{"@id":"https:\/\/serrafm879.com.br\/serrafm\/#organization"},"image":{"@type":"ImageObject","url":"https:\/\/serrafm879.com.br\/serrafm\/wp-content\/uploads\/2025\/08\/design-sem-nome-8.png","width":1100,"height":642},"datePublished":"2025-08-11T05:00:17-03:00","dateModified":"2025-08-10T22:00:22-03:00","inLanguage":"pt-BR","mainEntityOfPage":{"@id":"https:\/\/serrafm879.com.br\/serrafm\/2025\/08\/igarassu-homem-e-preso-por-estupro-e-venda-de-conteudo-com-abuso-sexual-infantil-na-internet\/#webpage"},"isPartOf":{"@id":"https:\/\/serrafm879.com.br\/serrafm\/2025\/08\/igarassu-homem-e-preso-por-estupro-e-venda-de-conteudo-com-abuso-sexual-infantil-na-internet\/#webpage"},"articleSection":"Not\u00edcias"},{"@type":"BreadcrumbList","@id":"https:\/\/serrafm879.com.br\/serrafm\/2025\/08\/igarassu-homem-e-preso-por-estupro-e-venda-de-conteudo-com-abuso-sexual-infantil-na-internet\/#breadcrumblist","itemListElement":[{"@type":"ListItem","@id":"https:\/\/serrafm879.com.br\/serrafm#listItem","position":1,"name":"Home","item":"https:\/\/serrafm879.com.br\/serrafm","nextItem":{"@type":"ListItem","@id":"https:\/\/serrafm879.com.br\/serrafm\/categoria\/noticias\/#listItem","name":"Not\u00edcias"}},{"@type":"ListItem","@id":"https:\/\/serrafm879.com.br\/serrafm\/categoria\/noticias\/#listItem","position":2,"name":"Not\u00edcias","item":"https:\/\/serrafm879.com.br\/serrafm\/categoria\/noticias\/","nextItem":{"@type":"ListItem","@id":"https:\/\/serrafm879.com.br\/serrafm\/2025\/08\/igarassu-homem-e-preso-por-estupro-e-venda-de-conteudo-com-abuso-sexual-infantil-na-internet\/#listItem","name":"Igarassu: Homem \u00e9 preso por estupro e venda de conte\u00fado com abuso sexual infantil na internet"},"previousItem":{"@type":"ListItem","@id":"https:\/\/serrafm879.com.br\/serrafm#listItem","name":"Home"}},{"@type":"ListItem","@id":"https:\/\/serrafm879.com.br\/serrafm\/2025\/08\/igarassu-homem-e-preso-por-estupro-e-venda-de-conteudo-com-abuso-sexual-infantil-na-internet\/#listItem","position":3,"name":"Igarassu: Homem \u00e9 preso por estupro e venda de conte\u00fado com abuso sexual infantil na internet","previousItem":{"@type":"ListItem","@id":"https:\/\/serrafm879.com.br\/serrafm\/categoria\/noticias\/#listItem","name":"Not\u00edcias"}}]},{"@type":"Organization","@id":"https:\/\/serrafm879.com.br\/serrafm\/#organization","name":"Serra FM 87,9","description":"O seu novo amor!","url":"https:\/\/serrafm879.com.br\/serrafm\/"},{"@type":"Person","@id":"https:\/\/serrafm879.com.br\/serrafm\/author\/serrafm87\/#author","url":"https:\/\/serrafm879.com.br\/serrafm\/author\/serrafm87\/","name":"serrafm87","image":{"@type":"ImageObject","@id":"https:\/\/serrafm879.com.br\/serrafm\/2025\/08\/igarassu-homem-e-preso-por-estupro-e-venda-de-conteudo-com-abuso-sexual-infantil-na-internet\/#authorImage","url":"https:\/\/secure.gravatar.com\/avatar\/a743233f1112d34f48bb3dc9559b76eb930bab8b27175856cba6362608736235?s=96&d=mm&r=g","width":96,"height":96,"caption":"serrafm87"}},{"@type":"WebPage","@id":"https:\/\/serrafm879.com.br\/serrafm\/2025\/08\/igarassu-homem-e-preso-por-estupro-e-venda-de-conteudo-com-abuso-sexual-infantil-na-internet\/#webpage","url":"https:\/\/serrafm879.com.br\/serrafm\/2025\/08\/igarassu-homem-e-preso-por-estupro-e-venda-de-conteudo-com-abuso-sexual-infantil-na-internet\/","name":"Igarassu: Homem \u00e9 preso por estupro e venda de conte\u00fado com abuso sexual infantil na internet - Serra FM 87,9","description":"Um homem foi preso, em Igarassu, na Regi\u00e3o Metropolitana do Recife (RMR), por estupro de vulner\u00e1vel e divulga\u00e7\u00e3o de cenas de abuso sexual infantil na internet. Al\u00e9m disso, o preso \u00e9 acusado ainda de aliciamento de menor, produ\u00e7\u00e3o de imagens contendo cenas de abuso sexual infantil, armazenamento e exposi\u00e7\u00e3o \u00e0 venda do conte\u00fado. O inqu\u00e9rito foi iniciado a partir","inLanguage":"pt-BR","isPartOf":{"@id":"https:\/\/serrafm879.com.br\/serrafm\/#website"},"breadcrumb":{"@id":"https:\/\/serrafm879.com.br\/serrafm\/2025\/08\/igarassu-homem-e-preso-por-estupro-e-venda-de-conteudo-com-abuso-sexual-infantil-na-internet\/#breadcrumblist"},"author":{"@id":"https:\/\/serrafm879.com.br\/serrafm\/author\/serrafm87\/#author"},"creator":{"@id":"https:\/\/serrafm879.com.br\/serrafm\/author\/serrafm87\/#author"},"image":{"@type":"ImageObject","url":"https:\/\/serrafm879.com.br\/serrafm\/wp-content\/uploads\/2025\/08\/design-sem-nome-8.png","@id":"https:\/\/serrafm879.com.br\/serrafm\/2025\/08\/igarassu-homem-e-preso-por-estupro-e-venda-de-conteudo-com-abuso-sexual-infantil-na-internet\/#mainImage","width":1100,"height":642},"primaryImageOfPage":{"@id":"https:\/\/serrafm879.com.br\/serrafm\/2025\/08\/igarassu-homem-e-preso-por-estupro-e-venda-de-conteudo-com-abuso-sexual-infantil-na-internet\/#mainImage"},"datePublished":"2025-08-11T05:00:17-03:00","dateModified":"2025-08-10T22:00:22-03:00"},{"@type":"WebSite","@id":"https:\/\/serrafm879.com.br\/serrafm\/#website","url":"https:\/\/serrafm879.com.br\/serrafm\/","name":"Serra FM 87,9","description":"O seu novo amor!","inLanguage":"pt-BR","publisher":{"@id":"https:\/\/serrafm879.com.br\/serrafm\/#organization"}}]},"twitter:card":"summary_large_image","twitter:title":"Igarassu: Homem \u00e9 preso por estupro e venda de conte\u00fado com abuso sexual infantil na internet - Serra FM 87,9","twitter:description":"Um homem foi preso, em Igarassu, na Regi\u00e3o Metropolitana do Recife (RMR), por estupro de vulner\u00e1vel e divulga\u00e7\u00e3o de cenas de abuso sexual infantil na internet. Al\u00e9m disso, o preso \u00e9 acusado ainda de aliciamento de menor, produ\u00e7\u00e3o de imagens contendo cenas de abuso sexual infantil, armazenamento e exposi\u00e7\u00e3o \u00e0 venda do conte\u00fado. O inqu\u00e9rito foi iniciado a partir","twitter:image":"https:\/\/serrafm879.com.br\/serrafm\/wp-content\/uploads\/2025\/08\/design-sem-nome-8.png"},"aioseo_meta_data":{"post_id":"23778","title":null,"description":null,"keywords":null,"keyphrases":null,"primary_term":null,"canonical_url":null,"og_title":null,"og_description":null,"og_object_type":"default","og_image_type":"default","og_image_custom_url":null,"og_image_custom_fields":null,"og_image_url":null,"og_image_width":null,"og_image_height":null,"og_video":null,"og_custom_url":null,"og_article_section":null,"og_article_tags":null,"twitter_use_og":false,"twitter_card":"default","twitter_image_type":"default","twitter_image_custom_url":null,"twitter_image_custom_fields":null,"twitter_image_url":null,"twitter_title":null,"twitter_description":null,"schema_type":"default","schema_type_options":null,"schema":{"blockGraphs":[],"customGraphs":[],"default":{"data":{"Article":[],"Course":[],"Dataset":[],"FAQPage":[],"Movie":[],"Person":[],"Product":[],"ProductReview":[],"Car":[],"Recipe":[],"Service":[],"SoftwareApplication":[],"WebPage":[]},"graphName":"","isEnabled":true},"graphs":[]},"pillar_content":false,"robots_default":true,"robots_noindex":false,"robots_noarchive":false,"robots_nosnippet":false,"robots_nofollow":false,"robots_noimageindex":false,"robots_noodp":false,"robots_notranslate":false,"robots_max_snippet":null,"robots_max_videopreview":null,"robots_max_imagepreview":"large","priority":null,"frequency":null,"local_seo":null,"limit_modified_date":false,"ai":null,"breadcrumb_settings":null,"seo_analyzer_scan_date":null,"created":"2026-07-21 16:43:07","updated":"2026-07-21 16:43:07"},"aioseo_breadcrumb":"<div class=\"aioseo-breadcrumbs\"><span class=\"aioseo-breadcrumb\">\n\t\t\t<a href=\"https:\/\/serrafm879.com.br\/serrafm\" title=\"Home\">Home<\/a>\n\t\t<\/span><span class=\"aioseo-breadcrumb-separator\">&raquo;<\/span><span class=\"aioseo-breadcrumb\">\n\t\t\t<a href=\"https:\/\/serrafm879.com.br\/serrafm\/categoria\/noticias\/\" title=\"Not\u00edcias\">Not\u00edcias<\/a>\n\t\t<\/span><span class=\"aioseo-breadcrumb-separator\">&raquo;<\/span><span class=\"aioseo-breadcrumb\">\n\t\t\tIgarassu: Homem \u00e9 preso por estupro e venda de conte\u00fado com abuso sexual infantil na internet\n\t\t<\/span><\/div>","aioseo_breadcrumb_json":[{"label":"Home","link":"https:\/\/serrafm879.com.br\/serrafm"},{"label":"Not\u00edcias","link":"https:\/\/serrafm879.com.br\/serrafm\/categoria\/noticias\/"},{"label":"Igarassu: Homem \u00e9 preso por estupro e venda de conte\u00fado com abuso sexual infantil na internet","link":"https:\/\/serrafm879.com.br\/serrafm\/2025\/08\/igarassu-homem-e-preso-por-estupro-e-venda-de-conteudo-com-abuso-sexual-infantil-na-internet\/"}],"jetpack_publicize_connections":[],"jetpack_featured_media_url":"https:\/\/serrafm879.com.br\/serrafm\/wp-content\/uploads\/2025\/08\/design-sem-nome-8.png","jetpack_shortlink":"https:\/\/wp.me\/p7HyXg-6bw","jetpack_sharing_enabled":true,"_links":{"self":[{"href":"https:\/\/serrafm879.com.br\/serrafm\/wp-json\/wp\/v2\/posts\/23778","targetHints":{"allow":["GET"]}}],"collection":[{"href":"https:\/\/serrafm879.com.br\/serrafm\/wp-json\/wp\/v2\/posts"}],"about":[{"href":"https:\/\/serrafm879.com.br\/serrafm\/wp-json\/wp\/v2\/types\/post"}],"author":[{"embeddable":true,"href":"https:\/\/serrafm879.com.br\/serrafm\/wp-json\/wp\/v2\/users\/2"}],"replies":[{"embeddable":true,"href":"https:\/\/serrafm879.com.br\/serrafm\/wp-json\/wp\/v2\/comments?post=23778"}],"version-history":[{"count":1,"href":"https:\/\/serrafm879.com.br\/serrafm\/wp-json\/wp\/v2\/posts\/23778\/revisions"}],"predecessor-version":[{"id":23780,"href":"https:\/\/serrafm879.com.br\/serrafm\/wp-json\/wp\/v2\/posts\/23778\/revisions\/23780"}],"wp:featuredmedia":[{"embeddable":true,"href":"https:\/\/serrafm879.com.br\/serrafm\/wp-json\/wp\/v2\/media\/23779"}],"wp:attachment":[{"href":"https:\/\/serrafm879.com.br\/serrafm\/wp-json\/wp\/v2\/media?parent=23778"}],"wp:term":[{"taxonomy":"category","embeddable":true,"href":"https:\/\/serrafm879.com.br\/serrafm\/wp-json\/wp\/v2\/categories?post=23778"},{"taxonomy":"post_tag","embeddable":true,"href":"https:\/\/serrafm879.com.br\/serrafm\/wp-json\/wp\/v2\/tags?post=23778"}],"curies":[{"name":"wp","href":"https:\/\/api.w.org\/{rel}","templated":true}]}}