{"id":24021,"date":"2025-08-29T17:24:38","date_gmt":"2025-08-29T20:24:38","guid":{"rendered":"https:\/\/serrafm879.com.br\/serrafm\/?p=24021"},"modified":"2025-08-29T17:24:38","modified_gmt":"2025-08-29T20:24:38","slug":"confira-programacao-religiosa-da-festa-da-penha-2025","status":"publish","type":"post","link":"https:\/\/serrafm879.com.br\/serrafm\/2025\/08\/confira-programacao-religiosa-da-festa-da-penha-2025\/","title":{"rendered":"Confira programa\u00e7\u00e3o religiosa da Festa da Penha 2025"},"content":{"rendered":"<p>De 29 de agosto a 8 de setembro deste ano, acontece a 235\u00ba Festa em honra a Nossa Senhora da Penha, celebrada na Concatedral, que recebe o mesmo nome da padroeira da cidade de\u00a0Serra Talhada.<\/p>\n<p>Todos os anos, o noven\u00e1rio \u00e9 bastante aguardado pelos fi\u00e9is que durante estes dez dias celebram sua f\u00e9 e devo\u00e7\u00e3o.<\/p>\n<p>A abertura in\u00edcia na sexta-feira (29), com o ter\u00e7o e prociss\u00e3o da bandeira, saindo da resid\u00eancia de Jo\u00e3o Miguel e fam\u00edlia guardi\u00e3, localizada na Rua Manoel Pereira Lins, 504-N. e seguindo em dire\u00e7\u00e3o a Concatedral, onde acontece a celebra\u00e7\u00e3o eucar\u00edstica, que ser\u00e1 presidida pelo bispo Dom Eg\u00eddio Bisol, \u00e0s 19h.<\/p>\n<h5>S\u00c1BADO \u2013 30\/08<\/h5>\n<p>Noite dedicada a Nossa Senhora da Penha pelas fam\u00edlias.<\/p>\n<p>19h00 Novena e Celebra\u00e7\u00e3o Eucar\u00edstica<br \/>\n<strong>Presid. Celebra\u00e7\u00e3o:<\/strong>\u00a0Pe. Wellington Luiz Jacinto.<\/p>\n<h5>DOMINGO 31\/08<\/h5>\n<p>Noite dedicada a Nossa Senhora da Penha pela juventude.<\/p>\n<p>15h00 Romaria da Juventude<br \/>\n19h00 Novena e Celebra\u00e7\u00e3o Eucar\u00edstica<br \/>\n<strong>Presid. Celebra\u00e7\u00e3o:<\/strong>\u00a0Dom Lu\u00edz da Silva Pepeo.<\/p>\n<h5>SEGUNDA-FEIRA 01\/09<\/h5>\n<p>Noite dedicada a Nossa Senhora da Penha pelos Servidores P\u00fablicos, Estaduais e Federais.<\/p>\n<p>19h00 Novena e Celebra\u00e7\u00e3o Eucar\u00edstica<br \/>\n<strong>Presid. Celebra\u00e7\u00e3o:<\/strong>\u00a0Pe. Josenildo Nunes de Oliveira.<\/p>\n<h5>TER\u00c7A-FEIRA 02\/09<\/h5>\n<p>Noite dedicada a Nossa Senhora da Penha pelos Profissionais Liberais.<\/p>\n<p>19h00 Novena e Celebra\u00e7\u00e3o Eucar\u00edstica<br \/>\n<strong>Presid. Celebra\u00e7\u00e3o:<\/strong>\u00a0Pe. Jorge Dias de Siqueira.<\/p>\n<h5>QUARTA-FEIRA 03\/09<\/h5>\n<p>Noite dedicada a Nossa Senhora da Penha pelas Comunidades Rurais.<\/p>\n<p>19h00 Novena e Celebra\u00e7\u00e3o Eucar\u00edstica<br \/>\nPresid. Celebra\u00e7\u00e3o: Pe. Jos\u00e9 C\u00edcero Alves de Lima.<\/p>\n<h5>QUINTA-FEIRA 04\/09<\/h5>\n<p>Noite dedicada a Nossa Senhora da Penha pela Educa\u00e7\u00e3o.<\/p>\n<p>19h00 Novena e Celebra\u00e7\u00e3o Eucar\u00edstica<br \/>\n<strong>Presid. Celebra\u00e7\u00e3o:<\/strong>\u00a0Pe. Elton Wilson Ferreira.<\/p>\n<h5>SEXTA-FEIRA 05\/09<\/h5>\n<p>Noite dedicada a Nossa Senhora da Penha pelo Com\u00e9rcio.<\/p>\n<p>19h00 Novena e Celebra\u00e7\u00e3o Eucar\u00edstica<br \/>\n<strong>Presid. Celebra\u00e7\u00e3o:<\/strong>\u00a0Pe. Miguel Nunes.<\/p>\n<h5>S\u00c1BADO 06\/09<\/h5>\n<p>Noite dedicada a Nossa Senhora da Penha pelo Ter\u00e7o dos Homens, Ter\u00e7o das Mulheres, Ter\u00e7o das Crian\u00e7as e M\u00e3es que oram pelos filhos.<\/p>\n<p>19h00 Novena e Celebra\u00e7\u00e3o Eucar\u00edstica<br \/>\n<strong>Presid. Celebra\u00e7\u00e3o:<\/strong>\u00a0Pe. Gilvan Bezerra.<\/p>\n<h5>DOMINGO 07\/09<\/h5>\n<p>Noite dedicada a Nossa Senhora da Penha pelos Filhos residentes em outras cidades e Irmandade.<\/p>\n<p>19h00 Novena e Celebra\u00e7\u00e3o Eucar\u00edstica<br \/>\n<strong>Presid. Celebra\u00e7\u00e3o:<\/strong>\u00a0Pe. Aldo Guedes.<\/p>\n<h5>SEGUNDA-FEIRA 08\/09<\/h5>\n<p>Festa da Natividade da Bem-Aventurada Virgem Maria<\/p>\n<p>9h \u2013 Celebra\u00e7\u00e3o Eucar\u00edstica, presidida por Dom Limacedo Ant\u00f4nio da Silva<\/p>\n<p>17h \u2013 Acolhida da Prociss\u00e3o, com anima\u00e7\u00e3o de Teto Fonseca<\/p>\n<p>&nbsp;<\/p>\n","protected":false},"excerpt":{"rendered":"<p>De 29 de agosto a 8 de setembro deste ano, acontece a 235\u00ba Festa em honra a Nossa Senhora da Penha, celebrada na Concatedral, que recebe o mesmo nome da padroeira da cidade de\u00a0Serra Talhada. Todos os anos, o noven\u00e1rio \u00e9 bastante aguardado pelos fi\u00e9is que durante estes dez dias celebram sua f\u00e9 e devo\u00e7\u00e3o. A abertura in\u00edcia na sexta-feira (29), com o ter\u00e7o e prociss\u00e3o da bandeira, saindo da resid\u00eancia de Jo\u00e3o Miguel e fam\u00edlia guardi\u00e3, localizada na Rua Manoel Pereira Lins, 504-N. e seguindo em dire\u00e7\u00e3o a Concatedral, onde acontece a celebra\u00e7\u00e3o eucar\u00edstica, que ser\u00e1 presidida pelo bispo [&hellip;]<\/p>\n","protected":false},"author":2,"featured_media":4027,"comment_status":"open","ping_status":"open","sticky":false,"template":"","format":"standard","meta":{"_jetpack_memberships_contains_paid_content":false,"footnotes":"","jetpack_publicize_message":"","jetpack_publicize_feature_enabled":true,"jetpack_social_post_already_shared":true,"jetpack_social_options":{"image_generator_settings":{"template":"highway","enabled":false},"version":2}},"categories":[2],"tags":[],"class_list":["post-24021","post","type-post","status-publish","format-standard","has-post-thumbnail","hentry","category-noticias"],"jetpack_publicize_connections":[],"yoast_head":"<!-- This site is optimized with the Yoast SEO plugin v24.7 - https:\/\/yoast.com\/wordpress\/plugins\/seo\/ -->\n<title>Confira programa\u00e7\u00e3o religiosa da Festa da Penha 2025 - Serra FM 87,9<\/title>\n<meta name=\"robots\" content=\"index, follow, max-snippet:-1, max-image-preview:large, max-video-preview:-1\" \/>\n<link rel=\"canonical\" href=\"https:\/\/serrafm879.com.br\/serrafm\/2025\/08\/confira-programacao-religiosa-da-festa-da-penha-2025\/\" \/>\n<meta property=\"og:locale\" content=\"pt_BR\" \/>\n<meta property=\"og:type\" content=\"article\" \/>\n<meta property=\"og:title\" content=\"Confira programa\u00e7\u00e3o religiosa da Festa da Penha 2025 - Serra FM 87,9\" \/>\n<meta property=\"og:description\" content=\"De 29 de agosto a 8 de setembro deste ano, acontece a 235\u00ba Festa em honra a Nossa Senhora da Penha, celebrada na Concatedral, que recebe o mesmo nome da padroeira da cidade de\u00a0Serra Talhada. Todos os anos, o noven\u00e1rio \u00e9 bastante aguardado pelos fi\u00e9is que durante estes dez dias celebram sua f\u00e9 e devo\u00e7\u00e3o. A abertura in\u00edcia na sexta-feira (29), com o ter\u00e7o e prociss\u00e3o da bandeira, saindo da resid\u00eancia de Jo\u00e3o Miguel e fam\u00edlia guardi\u00e3, localizada na Rua Manoel Pereira Lins, 504-N. e seguindo em dire\u00e7\u00e3o a Concatedral, onde acontece a celebra\u00e7\u00e3o eucar\u00edstica, que ser\u00e1 presidida pelo bispo [&hellip;]\" \/>\n<meta property=\"og:url\" content=\"https:\/\/serrafm879.com.br\/serrafm\/2025\/08\/confira-programacao-religiosa-da-festa-da-penha-2025\/\" \/>\n<meta property=\"og:site_name\" content=\"Serra FM 87,9\" \/>\n<meta property=\"article:published_time\" content=\"2025-08-29T20:24:38+00:00\" \/>\n<meta property=\"og:image\" content=\"http:\/\/serrafm879.com.br\/serrafm\/wp-content\/uploads\/2020\/11\/Serra-Talhada.jpg\" \/>\n\t<meta property=\"og:image:width\" content=\"730\" \/>\n\t<meta property=\"og:image:height\" content=\"411\" \/>\n\t<meta property=\"og:image:type\" content=\"image\/jpeg\" \/>\n<meta name=\"author\" content=\"serrafm87\" \/>\n<meta name=\"twitter:card\" content=\"summary_large_image\" \/>\n<meta name=\"twitter:label1\" content=\"Escrito por\" \/>\n\t<meta name=\"twitter:data1\" content=\"serrafm87\" \/>\n\t<meta name=\"twitter:label2\" content=\"Est. tempo de leitura\" \/>\n\t<meta name=\"twitter:data2\" content=\"3 minutos\" \/>\n<script type=\"application\/ld+json\" class=\"yoast-schema-graph\">{\"@context\":\"https:\/\/schema.org\",\"@graph\":[{\"@type\":\"WebPage\",\"@id\":\"https:\/\/serrafm879.com.br\/serrafm\/2025\/08\/confira-programacao-religiosa-da-festa-da-penha-2025\/\",\"url\":\"https:\/\/serrafm879.com.br\/serrafm\/2025\/08\/confira-programacao-religiosa-da-festa-da-penha-2025\/\",\"name\":\"Confira programa\u00e7\u00e3o religiosa da Festa da Penha 2025 - Serra FM 87,9\",\"isPartOf\":{\"@id\":\"https:\/\/serrafm879.com.br\/serrafm\/#website\"},\"primaryImageOfPage\":{\"@id\":\"https:\/\/serrafm879.com.br\/serrafm\/2025\/08\/confira-programacao-religiosa-da-festa-da-penha-2025\/#primaryimage\"},\"image\":{\"@id\":\"https:\/\/serrafm879.com.br\/serrafm\/2025\/08\/confira-programacao-religiosa-da-festa-da-penha-2025\/#primaryimage\"},\"thumbnailUrl\":\"https:\/\/serrafm879.com.br\/serrafm\/wp-content\/uploads\/2020\/11\/Serra-Talhada.jpg\",\"datePublished\":\"2025-08-29T20:24:38+00:00\",\"author\":{\"@id\":\"https:\/\/serrafm879.com.br\/serrafm\/#\/schema\/person\/c028a197030ff8b1c03c68dfba4a787a\"},\"breadcrumb\":{\"@id\":\"https:\/\/serrafm879.com.br\/serrafm\/2025\/08\/confira-programacao-religiosa-da-festa-da-penha-2025\/#breadcrumb\"},\"inLanguage\":\"pt-BR\",\"potentialAction\":[{\"@type\":\"ReadAction\",\"target\":[\"https:\/\/serrafm879.com.br\/serrafm\/2025\/08\/confira-programacao-religiosa-da-festa-da-penha-2025\/\"]}]},{\"@type\":\"ImageObject\",\"inLanguage\":\"pt-BR\",\"@id\":\"https:\/\/serrafm879.com.br\/serrafm\/2025\/08\/confira-programacao-religiosa-da-festa-da-penha-2025\/#primaryimage\",\"url\":\"https:\/\/serrafm879.com.br\/serrafm\/wp-content\/uploads\/2020\/11\/Serra-Talhada.jpg\",\"contentUrl\":\"https:\/\/serrafm879.com.br\/serrafm\/wp-content\/uploads\/2020\/11\/Serra-Talhada.jpg\",\"width\":730,\"height\":411},{\"@type\":\"BreadcrumbList\",\"@id\":\"https:\/\/serrafm879.com.br\/serrafm\/2025\/08\/confira-programacao-religiosa-da-festa-da-penha-2025\/#breadcrumb\",\"itemListElement\":[{\"@type\":\"ListItem\",\"position\":1,\"name\":\"In\u00edcio\",\"item\":\"https:\/\/serrafm879.com.br\/serrafm\/\"},{\"@type\":\"ListItem\",\"position\":2,\"name\":\"Confira programa\u00e7\u00e3o religiosa da Festa da Penha 2025\"}]},{\"@type\":\"WebSite\",\"@id\":\"https:\/\/serrafm879.com.br\/serrafm\/#website\",\"url\":\"https:\/\/serrafm879.com.br\/serrafm\/\",\"name\":\"Serra FM 87,9\",\"description\":\"O seu novo amor!\",\"potentialAction\":[{\"@type\":\"SearchAction\",\"target\":{\"@type\":\"EntryPoint\",\"urlTemplate\":\"https:\/\/serrafm879.com.br\/serrafm\/?s={search_term_string}\"},\"query-input\":{\"@type\":\"PropertyValueSpecification\",\"valueRequired\":true,\"valueName\":\"search_term_string\"}}],\"inLanguage\":\"pt-BR\"},{\"@type\":\"Person\",\"@id\":\"https:\/\/serrafm879.com.br\/serrafm\/#\/schema\/person\/c028a197030ff8b1c03c68dfba4a787a\",\"name\":\"serrafm87\",\"image\":{\"@type\":\"ImageObject\",\"inLanguage\":\"pt-BR\",\"@id\":\"https:\/\/serrafm879.com.br\/serrafm\/#\/schema\/person\/image\/\",\"url\":\"https:\/\/secure.gravatar.com\/avatar\/a743233f1112d34f48bb3dc9559b76eb930bab8b27175856cba6362608736235?s=96&d=mm&r=g\",\"contentUrl\":\"https:\/\/secure.gravatar.com\/avatar\/a743233f1112d34f48bb3dc9559b76eb930bab8b27175856cba6362608736235?s=96&d=mm&r=g\",\"caption\":\"serrafm87\"},\"sameAs\":[\"http:\/\/serrafm879.com.br\/\"],\"url\":\"https:\/\/serrafm879.com.br\/serrafm\/author\/serrafm87\/\"}]}<\/script>\n<!-- \/ Yoast SEO plugin. -->","yoast_head_json":{"title":"Confira programa\u00e7\u00e3o religiosa da Festa da Penha 2025 - Serra FM 87,9","robots":{"index":"index","follow":"follow","max-snippet":"max-snippet:-1","max-image-preview":"max-image-preview:large","max-video-preview":"max-video-preview:-1"},"canonical":"https:\/\/serrafm879.com.br\/serrafm\/2025\/08\/confira-programacao-religiosa-da-festa-da-penha-2025\/","og_locale":"pt_BR","og_type":"article","og_title":"Confira programa\u00e7\u00e3o religiosa da Festa da Penha 2025 - Serra FM 87,9","og_description":"De 29 de agosto a 8 de setembro deste ano, acontece a 235\u00ba Festa em honra a Nossa Senhora da Penha, celebrada na Concatedral, que recebe o mesmo nome da padroeira da cidade de\u00a0Serra Talhada. Todos os anos, o noven\u00e1rio \u00e9 bastante aguardado pelos fi\u00e9is que durante estes dez dias celebram sua f\u00e9 e devo\u00e7\u00e3o. A abertura in\u00edcia na sexta-feira (29), com o ter\u00e7o e prociss\u00e3o da bandeira, saindo da resid\u00eancia de Jo\u00e3o Miguel e fam\u00edlia guardi\u00e3, localizada na Rua Manoel Pereira Lins, 504-N. e seguindo em dire\u00e7\u00e3o a Concatedral, onde acontece a celebra\u00e7\u00e3o eucar\u00edstica, que ser\u00e1 presidida pelo bispo [&hellip;]","og_url":"https:\/\/serrafm879.com.br\/serrafm\/2025\/08\/confira-programacao-religiosa-da-festa-da-penha-2025\/","og_site_name":"Serra FM 87,9","article_published_time":"2025-08-29T20:24:38+00:00","og_image":[{"width":730,"height":411,"url":"http:\/\/serrafm879.com.br\/serrafm\/wp-content\/uploads\/2020\/11\/Serra-Talhada.jpg","type":"image\/jpeg"}],"author":"serrafm87","twitter_card":"summary_large_image","twitter_misc":{"Escrito por":"serrafm87","Est. tempo de leitura":"3 minutos"},"schema":{"@context":"https:\/\/schema.org","@graph":[{"@type":"WebPage","@id":"https:\/\/serrafm879.com.br\/serrafm\/2025\/08\/confira-programacao-religiosa-da-festa-da-penha-2025\/","url":"https:\/\/serrafm879.com.br\/serrafm\/2025\/08\/confira-programacao-religiosa-da-festa-da-penha-2025\/","name":"Confira programa\u00e7\u00e3o religiosa da Festa da Penha 2025 - Serra FM 87,9","isPartOf":{"@id":"https:\/\/serrafm879.com.br\/serrafm\/#website"},"primaryImageOfPage":{"@id":"https:\/\/serrafm879.com.br\/serrafm\/2025\/08\/confira-programacao-religiosa-da-festa-da-penha-2025\/#primaryimage"},"image":{"@id":"https:\/\/serrafm879.com.br\/serrafm\/2025\/08\/confira-programacao-religiosa-da-festa-da-penha-2025\/#primaryimage"},"thumbnailUrl":"https:\/\/serrafm879.com.br\/serrafm\/wp-content\/uploads\/2020\/11\/Serra-Talhada.jpg","datePublished":"2025-08-29T20:24:38+00:00","author":{"@id":"https:\/\/serrafm879.com.br\/serrafm\/#\/schema\/person\/c028a197030ff8b1c03c68dfba4a787a"},"breadcrumb":{"@id":"https:\/\/serrafm879.com.br\/serrafm\/2025\/08\/confira-programacao-religiosa-da-festa-da-penha-2025\/#breadcrumb"},"inLanguage":"pt-BR","potentialAction":[{"@type":"ReadAction","target":["https:\/\/serrafm879.com.br\/serrafm\/2025\/08\/confira-programacao-religiosa-da-festa-da-penha-2025\/"]}]},{"@type":"ImageObject","inLanguage":"pt-BR","@id":"https:\/\/serrafm879.com.br\/serrafm\/2025\/08\/confira-programacao-religiosa-da-festa-da-penha-2025\/#primaryimage","url":"https:\/\/serrafm879.com.br\/serrafm\/wp-content\/uploads\/2020\/11\/Serra-Talhada.jpg","contentUrl":"https:\/\/serrafm879.com.br\/serrafm\/wp-content\/uploads\/2020\/11\/Serra-Talhada.jpg","width":730,"height":411},{"@type":"BreadcrumbList","@id":"https:\/\/serrafm879.com.br\/serrafm\/2025\/08\/confira-programacao-religiosa-da-festa-da-penha-2025\/#breadcrumb","itemListElement":[{"@type":"ListItem","position":1,"name":"In\u00edcio","item":"https:\/\/serrafm879.com.br\/serrafm\/"},{"@type":"ListItem","position":2,"name":"Confira programa\u00e7\u00e3o religiosa da Festa da Penha 2025"}]},{"@type":"WebSite","@id":"https:\/\/serrafm879.com.br\/serrafm\/#website","url":"https:\/\/serrafm879.com.br\/serrafm\/","name":"Serra FM 87,9","description":"O seu novo amor!","potentialAction":[{"@type":"SearchAction","target":{"@type":"EntryPoint","urlTemplate":"https:\/\/serrafm879.com.br\/serrafm\/?s={search_term_string}"},"query-input":{"@type":"PropertyValueSpecification","valueRequired":true,"valueName":"search_term_string"}}],"inLanguage":"pt-BR"},{"@type":"Person","@id":"https:\/\/serrafm879.com.br\/serrafm\/#\/schema\/person\/c028a197030ff8b1c03c68dfba4a787a","name":"serrafm87","image":{"@type":"ImageObject","inLanguage":"pt-BR","@id":"https:\/\/serrafm879.com.br\/serrafm\/#\/schema\/person\/image\/","url":"https:\/\/secure.gravatar.com\/avatar\/a743233f1112d34f48bb3dc9559b76eb930bab8b27175856cba6362608736235?s=96&d=mm&r=g","contentUrl":"https:\/\/secure.gravatar.com\/avatar\/a743233f1112d34f48bb3dc9559b76eb930bab8b27175856cba6362608736235?s=96&d=mm&r=g","caption":"serrafm87"},"sameAs":["http:\/\/serrafm879.com.br\/"],"url":"https:\/\/serrafm879.com.br\/serrafm\/author\/serrafm87\/"}]}},"jetpack_featured_media_url":"https:\/\/serrafm879.com.br\/serrafm\/wp-content\/uploads\/2020\/11\/Serra-Talhada.jpg","jetpack_shortlink":"https:\/\/wp.me\/p7HyXg-6fr","jetpack_sharing_enabled":true,"_links":{"self":[{"href":"https:\/\/serrafm879.com.br\/serrafm\/wp-json\/wp\/v2\/posts\/24021","targetHints":{"allow":["GET"]}}],"collection":[{"href":"https:\/\/serrafm879.com.br\/serrafm\/wp-json\/wp\/v2\/posts"}],"about":[{"href":"https:\/\/serrafm879.com.br\/serrafm\/wp-json\/wp\/v2\/types\/post"}],"author":[{"embeddable":true,"href":"https:\/\/serrafm879.com.br\/serrafm\/wp-json\/wp\/v2\/users\/2"}],"replies":[{"embeddable":true,"href":"https:\/\/serrafm879.com.br\/serrafm\/wp-json\/wp\/v2\/comments?post=24021"}],"version-history":[{"count":1,"href":"https:\/\/serrafm879.com.br\/serrafm\/wp-json\/wp\/v2\/posts\/24021\/revisions"}],"predecessor-version":[{"id":24022,"href":"https:\/\/serrafm879.com.br\/serrafm\/wp-json\/wp\/v2\/posts\/24021\/revisions\/24022"}],"wp:featuredmedia":[{"embeddable":true,"href":"https:\/\/serrafm879.com.br\/serrafm\/wp-json\/wp\/v2\/media\/4027"}],"wp:attachment":[{"href":"https:\/\/serrafm879.com.br\/serrafm\/wp-json\/wp\/v2\/media?parent=24021"}],"wp:term":[{"taxonomy":"category","embeddable":true,"href":"https:\/\/serrafm879.com.br\/serrafm\/wp-json\/wp\/v2\/categories?post=24021"},{"taxonomy":"post_tag","embeddable":true,"href":"https:\/\/serrafm879.com.br\/serrafm\/wp-json\/wp\/v2\/tags?post=24021"}],"curies":[{"name":"wp","href":"https:\/\/api.w.org\/{rel}","templated":true}]}}