{"id":24023,"date":"2025-08-29T17:27:37","date_gmt":"2025-08-29T20:27:37","guid":{"rendered":"https:\/\/serrafm879.com.br\/serrafm\/?p=24023"},"modified":"2025-08-29T17:27:37","modified_gmt":"2025-08-29T20:27:37","slug":"longe-dos-palanques-do-governo-lula-raquel-lyra-se-aproxima-do-pl","status":"publish","type":"post","link":"https:\/\/serrafm879.com.br\/serrafm\/2025\/08\/longe-dos-palanques-do-governo-lula-raquel-lyra-se-aproxima-do-pl\/","title":{"rendered":"Longe dos palanques do Governo Lula, Raquel Lyra se aproxima do PL"},"content":{"rendered":"<p>Ausente nas \u00faltimas agendas do governo Lula em Pernambuco, a governadora Raquel Lyra (PSD) tem se reaproximado do PL de Anderson Ferreira. Junto ao deputado federal Eduardo da Fonte (PP), eles jantaram na casa do secret\u00e1rio estadual da Casa Civil, T\u00falio Vila\u00e7a, em Gravat\u00e1, no \u00faltimo s\u00e1bado (23). Ambos Ferreira e da Fonte s\u00e3o pr\u00e9-candidatos ao Senado Federal em 2026.<\/p>\n<p>Da Fonte seria o respons\u00e1vel por incitar a aproxima\u00e7\u00e3o. Aliados desde 2022, o PL rompeu com o Pal\u00e1cio depois que eles perderam o comando do Departamento Estadual de Tr\u00e2nsito (Detran) para o pr\u00f3prio \u2018Dudu\u2019, como \u00e9 conhecido o deputado federal.<\/p>\n<p>Apesar do racha, Ferreira j\u00e1 havia declarado interesse em reatar com Raquel. Ele participou dos eventos partid\u00e1rios do PSD e at\u00e9 filiou quadros do PL na sigla, como a primeira-dama de Jaboat\u00e3o dos Guararapes, Andrea Medeiros, que tamb\u00e9m \u00e9 sua cunhada. O \u00fanico impeditivo para uma alian\u00e7a seria Raquel dividir o palanque com Lula em 2026.<\/p>\n<p>Na Assembleia Legislativa (Alepe), as rela\u00e7\u00f5es da base com o PL tamb\u00e9m se estreitaram. O pal\u00e1cio recebeu quatro dos cinco deputados estaduais do partido para negociar a indica\u00e7\u00e3o de um parlamentar simpatizante de Raquel para tentar garantir a maioria governista na CPI da Publicidade.<\/p>\n<p>Esse di\u00e1logo de Raquel com a centro-direita se alinha com o projeto nacional do PSD. O presidente do partido, Gilberto Kassab, quer o governador de S\u00e3o Paulo, Tarc\u00edsio de Freitas (Republicanos) como candidato \u00e0 presid\u00eancia em 2026, o que pode ser um caminho para a pernambucana conseguir o voto conservador e afastar associa\u00e7\u00f5es ao bolsonarismo.<\/p>\n<p>Raquel alegou conflitos de agenda nos dois \u00faltimos compromissos do governo Lula no Estado. Na passagem do petista por Goiana, na Mata Norte, e pelo Recife no \u00faltimo dia 14, ela estava nos munic\u00edpios de Petrolina e Ouricuri, no Sert\u00e3o, inaugurando escutas populares do Ouvir Para Mudar. A gest\u00e3o estadual foi representada na agenda presencial pela vice-governadora Priscila Krause (PSD).<\/p>\n<p><em>Do Di\u00e1rio de Pernambuco<\/em><\/p>\n","protected":false},"excerpt":{"rendered":"<p>Ausente nas \u00faltimas agendas do governo Lula em Pernambuco, a governadora Raquel Lyra (PSD) tem se reaproximado do PL de Anderson Ferreira. Junto ao deputado federal Eduardo da Fonte (PP), eles jantaram na casa do secret\u00e1rio estadual da Casa Civil, T\u00falio Vila\u00e7a, em Gravat\u00e1, no \u00faltimo s\u00e1bado (23). Ambos Ferreira e da Fonte s\u00e3o pr\u00e9-candidatos ao Senado Federal em 2026. Da Fonte seria o respons\u00e1vel por incitar a aproxima\u00e7\u00e3o. Aliados desde 2022, o PL rompeu com o Pal\u00e1cio depois que eles perderam o comando do Departamento Estadual de Tr\u00e2nsito (Detran) para o pr\u00f3prio \u2018Dudu\u2019, como \u00e9 conhecido o deputado federal. [&hellip;]<\/p>\n","protected":false},"author":2,"featured_media":22311,"comment_status":"open","ping_status":"open","sticky":false,"template":"","format":"standard","meta":{"_jetpack_memberships_contains_paid_content":false,"footnotes":"","jetpack_publicize_message":"","jetpack_publicize_feature_enabled":true,"jetpack_social_post_already_shared":true,"jetpack_social_options":{"image_generator_settings":{"template":"highway","enabled":false},"version":2}},"categories":[2],"tags":[],"class_list":["post-24023","post","type-post","status-publish","format-standard","has-post-thumbnail","hentry","category-noticias"],"jetpack_publicize_connections":[],"yoast_head":"<!-- This site is optimized with the Yoast SEO plugin v24.7 - https:\/\/yoast.com\/wordpress\/plugins\/seo\/ -->\n<title>Longe dos palanques do Governo Lula, Raquel Lyra se aproxima do PL - Serra FM 87,9<\/title>\n<meta name=\"robots\" content=\"index, follow, max-snippet:-1, max-image-preview:large, max-video-preview:-1\" \/>\n<link rel=\"canonical\" href=\"https:\/\/serrafm879.com.br\/serrafm\/2025\/08\/longe-dos-palanques-do-governo-lula-raquel-lyra-se-aproxima-do-pl\/\" \/>\n<meta property=\"og:locale\" content=\"pt_BR\" \/>\n<meta property=\"og:type\" content=\"article\" \/>\n<meta property=\"og:title\" content=\"Longe dos palanques do Governo Lula, Raquel Lyra se aproxima do PL - Serra FM 87,9\" \/>\n<meta property=\"og:description\" content=\"Ausente nas \u00faltimas agendas do governo Lula em Pernambuco, a governadora Raquel Lyra (PSD) tem se reaproximado do PL de Anderson Ferreira. Junto ao deputado federal Eduardo da Fonte (PP), eles jantaram na casa do secret\u00e1rio estadual da Casa Civil, T\u00falio Vila\u00e7a, em Gravat\u00e1, no \u00faltimo s\u00e1bado (23). Ambos Ferreira e da Fonte s\u00e3o pr\u00e9-candidatos ao Senado Federal em 2026. Da Fonte seria o respons\u00e1vel por incitar a aproxima\u00e7\u00e3o. Aliados desde 2022, o PL rompeu com o Pal\u00e1cio depois que eles perderam o comando do Departamento Estadual de Tr\u00e2nsito (Detran) para o pr\u00f3prio \u2018Dudu\u2019, como \u00e9 conhecido o deputado federal. [&hellip;]\" \/>\n<meta property=\"og:url\" content=\"https:\/\/serrafm879.com.br\/serrafm\/2025\/08\/longe-dos-palanques-do-governo-lula-raquel-lyra-se-aproxima-do-pl\/\" \/>\n<meta property=\"og:site_name\" content=\"Serra FM 87,9\" \/>\n<meta property=\"article:published_time\" content=\"2025-08-29T20:27:37+00:00\" \/>\n<meta property=\"og:image\" content=\"http:\/\/serrafm879.com.br\/serrafm\/wp-content\/uploads\/2025\/05\/Raquel-Alepe-640x426-1.jpg\" \/>\n\t<meta property=\"og:image:width\" content=\"640\" \/>\n\t<meta property=\"og:image:height\" content=\"426\" \/>\n\t<meta property=\"og:image:type\" content=\"image\/jpeg\" \/>\n<meta name=\"author\" content=\"serrafm87\" \/>\n<meta name=\"twitter:card\" content=\"summary_large_image\" \/>\n<meta name=\"twitter:label1\" content=\"Escrito por\" \/>\n\t<meta name=\"twitter:data1\" content=\"serrafm87\" \/>\n\t<meta name=\"twitter:label2\" content=\"Est. tempo de leitura\" \/>\n\t<meta name=\"twitter:data2\" content=\"2 minutos\" \/>\n<script type=\"application\/ld+json\" class=\"yoast-schema-graph\">{\"@context\":\"https:\/\/schema.org\",\"@graph\":[{\"@type\":\"WebPage\",\"@id\":\"https:\/\/serrafm879.com.br\/serrafm\/2025\/08\/longe-dos-palanques-do-governo-lula-raquel-lyra-se-aproxima-do-pl\/\",\"url\":\"https:\/\/serrafm879.com.br\/serrafm\/2025\/08\/longe-dos-palanques-do-governo-lula-raquel-lyra-se-aproxima-do-pl\/\",\"name\":\"Longe dos palanques do Governo Lula, Raquel Lyra se aproxima do PL - Serra FM 87,9\",\"isPartOf\":{\"@id\":\"https:\/\/serrafm879.com.br\/serrafm\/#website\"},\"primaryImageOfPage\":{\"@id\":\"https:\/\/serrafm879.com.br\/serrafm\/2025\/08\/longe-dos-palanques-do-governo-lula-raquel-lyra-se-aproxima-do-pl\/#primaryimage\"},\"image\":{\"@id\":\"https:\/\/serrafm879.com.br\/serrafm\/2025\/08\/longe-dos-palanques-do-governo-lula-raquel-lyra-se-aproxima-do-pl\/#primaryimage\"},\"thumbnailUrl\":\"https:\/\/serrafm879.com.br\/serrafm\/wp-content\/uploads\/2025\/05\/Raquel-Alepe-640x426-1.jpg\",\"datePublished\":\"2025-08-29T20:27:37+00:00\",\"author\":{\"@id\":\"https:\/\/serrafm879.com.br\/serrafm\/#\/schema\/person\/c028a197030ff8b1c03c68dfba4a787a\"},\"breadcrumb\":{\"@id\":\"https:\/\/serrafm879.com.br\/serrafm\/2025\/08\/longe-dos-palanques-do-governo-lula-raquel-lyra-se-aproxima-do-pl\/#breadcrumb\"},\"inLanguage\":\"pt-BR\",\"potentialAction\":[{\"@type\":\"ReadAction\",\"target\":[\"https:\/\/serrafm879.com.br\/serrafm\/2025\/08\/longe-dos-palanques-do-governo-lula-raquel-lyra-se-aproxima-do-pl\/\"]}]},{\"@type\":\"ImageObject\",\"inLanguage\":\"pt-BR\",\"@id\":\"https:\/\/serrafm879.com.br\/serrafm\/2025\/08\/longe-dos-palanques-do-governo-lula-raquel-lyra-se-aproxima-do-pl\/#primaryimage\",\"url\":\"https:\/\/serrafm879.com.br\/serrafm\/wp-content\/uploads\/2025\/05\/Raquel-Alepe-640x426-1.jpg\",\"contentUrl\":\"https:\/\/serrafm879.com.br\/serrafm\/wp-content\/uploads\/2025\/05\/Raquel-Alepe-640x426-1.jpg\",\"width\":640,\"height\":426},{\"@type\":\"BreadcrumbList\",\"@id\":\"https:\/\/serrafm879.com.br\/serrafm\/2025\/08\/longe-dos-palanques-do-governo-lula-raquel-lyra-se-aproxima-do-pl\/#breadcrumb\",\"itemListElement\":[{\"@type\":\"ListItem\",\"position\":1,\"name\":\"In\u00edcio\",\"item\":\"https:\/\/serrafm879.com.br\/serrafm\/\"},{\"@type\":\"ListItem\",\"position\":2,\"name\":\"Longe dos palanques do Governo Lula, Raquel Lyra se aproxima do PL\"}]},{\"@type\":\"WebSite\",\"@id\":\"https:\/\/serrafm879.com.br\/serrafm\/#website\",\"url\":\"https:\/\/serrafm879.com.br\/serrafm\/\",\"name\":\"Serra FM 87,9\",\"description\":\"O seu novo amor!\",\"potentialAction\":[{\"@type\":\"SearchAction\",\"target\":{\"@type\":\"EntryPoint\",\"urlTemplate\":\"https:\/\/serrafm879.com.br\/serrafm\/?s={search_term_string}\"},\"query-input\":{\"@type\":\"PropertyValueSpecification\",\"valueRequired\":true,\"valueName\":\"search_term_string\"}}],\"inLanguage\":\"pt-BR\"},{\"@type\":\"Person\",\"@id\":\"https:\/\/serrafm879.com.br\/serrafm\/#\/schema\/person\/c028a197030ff8b1c03c68dfba4a787a\",\"name\":\"serrafm87\",\"image\":{\"@type\":\"ImageObject\",\"inLanguage\":\"pt-BR\",\"@id\":\"https:\/\/serrafm879.com.br\/serrafm\/#\/schema\/person\/image\/\",\"url\":\"https:\/\/secure.gravatar.com\/avatar\/a743233f1112d34f48bb3dc9559b76eb930bab8b27175856cba6362608736235?s=96&d=mm&r=g\",\"contentUrl\":\"https:\/\/secure.gravatar.com\/avatar\/a743233f1112d34f48bb3dc9559b76eb930bab8b27175856cba6362608736235?s=96&d=mm&r=g\",\"caption\":\"serrafm87\"},\"sameAs\":[\"http:\/\/serrafm879.com.br\/\"],\"url\":\"https:\/\/serrafm879.com.br\/serrafm\/author\/serrafm87\/\"}]}<\/script>\n<!-- \/ Yoast SEO plugin. -->","yoast_head_json":{"title":"Longe dos palanques do Governo Lula, Raquel Lyra se aproxima do PL - Serra FM 87,9","robots":{"index":"index","follow":"follow","max-snippet":"max-snippet:-1","max-image-preview":"max-image-preview:large","max-video-preview":"max-video-preview:-1"},"canonical":"https:\/\/serrafm879.com.br\/serrafm\/2025\/08\/longe-dos-palanques-do-governo-lula-raquel-lyra-se-aproxima-do-pl\/","og_locale":"pt_BR","og_type":"article","og_title":"Longe dos palanques do Governo Lula, Raquel Lyra se aproxima do PL - Serra FM 87,9","og_description":"Ausente nas \u00faltimas agendas do governo Lula em Pernambuco, a governadora Raquel Lyra (PSD) tem se reaproximado do PL de Anderson Ferreira. Junto ao deputado federal Eduardo da Fonte (PP), eles jantaram na casa do secret\u00e1rio estadual da Casa Civil, T\u00falio Vila\u00e7a, em Gravat\u00e1, no \u00faltimo s\u00e1bado (23). Ambos Ferreira e da Fonte s\u00e3o pr\u00e9-candidatos ao Senado Federal em 2026. Da Fonte seria o respons\u00e1vel por incitar a aproxima\u00e7\u00e3o. Aliados desde 2022, o PL rompeu com o Pal\u00e1cio depois que eles perderam o comando do Departamento Estadual de Tr\u00e2nsito (Detran) para o pr\u00f3prio \u2018Dudu\u2019, como \u00e9 conhecido o deputado federal. [&hellip;]","og_url":"https:\/\/serrafm879.com.br\/serrafm\/2025\/08\/longe-dos-palanques-do-governo-lula-raquel-lyra-se-aproxima-do-pl\/","og_site_name":"Serra FM 87,9","article_published_time":"2025-08-29T20:27:37+00:00","og_image":[{"width":640,"height":426,"url":"http:\/\/serrafm879.com.br\/serrafm\/wp-content\/uploads\/2025\/05\/Raquel-Alepe-640x426-1.jpg","type":"image\/jpeg"}],"author":"serrafm87","twitter_card":"summary_large_image","twitter_misc":{"Escrito por":"serrafm87","Est. tempo de leitura":"2 minutos"},"schema":{"@context":"https:\/\/schema.org","@graph":[{"@type":"WebPage","@id":"https:\/\/serrafm879.com.br\/serrafm\/2025\/08\/longe-dos-palanques-do-governo-lula-raquel-lyra-se-aproxima-do-pl\/","url":"https:\/\/serrafm879.com.br\/serrafm\/2025\/08\/longe-dos-palanques-do-governo-lula-raquel-lyra-se-aproxima-do-pl\/","name":"Longe dos palanques do Governo Lula, Raquel Lyra se aproxima do PL - Serra FM 87,9","isPartOf":{"@id":"https:\/\/serrafm879.com.br\/serrafm\/#website"},"primaryImageOfPage":{"@id":"https:\/\/serrafm879.com.br\/serrafm\/2025\/08\/longe-dos-palanques-do-governo-lula-raquel-lyra-se-aproxima-do-pl\/#primaryimage"},"image":{"@id":"https:\/\/serrafm879.com.br\/serrafm\/2025\/08\/longe-dos-palanques-do-governo-lula-raquel-lyra-se-aproxima-do-pl\/#primaryimage"},"thumbnailUrl":"https:\/\/serrafm879.com.br\/serrafm\/wp-content\/uploads\/2025\/05\/Raquel-Alepe-640x426-1.jpg","datePublished":"2025-08-29T20:27:37+00:00","author":{"@id":"https:\/\/serrafm879.com.br\/serrafm\/#\/schema\/person\/c028a197030ff8b1c03c68dfba4a787a"},"breadcrumb":{"@id":"https:\/\/serrafm879.com.br\/serrafm\/2025\/08\/longe-dos-palanques-do-governo-lula-raquel-lyra-se-aproxima-do-pl\/#breadcrumb"},"inLanguage":"pt-BR","potentialAction":[{"@type":"ReadAction","target":["https:\/\/serrafm879.com.br\/serrafm\/2025\/08\/longe-dos-palanques-do-governo-lula-raquel-lyra-se-aproxima-do-pl\/"]}]},{"@type":"ImageObject","inLanguage":"pt-BR","@id":"https:\/\/serrafm879.com.br\/serrafm\/2025\/08\/longe-dos-palanques-do-governo-lula-raquel-lyra-se-aproxima-do-pl\/#primaryimage","url":"https:\/\/serrafm879.com.br\/serrafm\/wp-content\/uploads\/2025\/05\/Raquel-Alepe-640x426-1.jpg","contentUrl":"https:\/\/serrafm879.com.br\/serrafm\/wp-content\/uploads\/2025\/05\/Raquel-Alepe-640x426-1.jpg","width":640,"height":426},{"@type":"BreadcrumbList","@id":"https:\/\/serrafm879.com.br\/serrafm\/2025\/08\/longe-dos-palanques-do-governo-lula-raquel-lyra-se-aproxima-do-pl\/#breadcrumb","itemListElement":[{"@type":"ListItem","position":1,"name":"In\u00edcio","item":"https:\/\/serrafm879.com.br\/serrafm\/"},{"@type":"ListItem","position":2,"name":"Longe dos palanques do Governo Lula, Raquel Lyra se aproxima do PL"}]},{"@type":"WebSite","@id":"https:\/\/serrafm879.com.br\/serrafm\/#website","url":"https:\/\/serrafm879.com.br\/serrafm\/","name":"Serra FM 87,9","description":"O seu novo amor!","potentialAction":[{"@type":"SearchAction","target":{"@type":"EntryPoint","urlTemplate":"https:\/\/serrafm879.com.br\/serrafm\/?s={search_term_string}"},"query-input":{"@type":"PropertyValueSpecification","valueRequired":true,"valueName":"search_term_string"}}],"inLanguage":"pt-BR"},{"@type":"Person","@id":"https:\/\/serrafm879.com.br\/serrafm\/#\/schema\/person\/c028a197030ff8b1c03c68dfba4a787a","name":"serrafm87","image":{"@type":"ImageObject","inLanguage":"pt-BR","@id":"https:\/\/serrafm879.com.br\/serrafm\/#\/schema\/person\/image\/","url":"https:\/\/secure.gravatar.com\/avatar\/a743233f1112d34f48bb3dc9559b76eb930bab8b27175856cba6362608736235?s=96&d=mm&r=g","contentUrl":"https:\/\/secure.gravatar.com\/avatar\/a743233f1112d34f48bb3dc9559b76eb930bab8b27175856cba6362608736235?s=96&d=mm&r=g","caption":"serrafm87"},"sameAs":["http:\/\/serrafm879.com.br\/"],"url":"https:\/\/serrafm879.com.br\/serrafm\/author\/serrafm87\/"}]}},"jetpack_featured_media_url":"https:\/\/serrafm879.com.br\/serrafm\/wp-content\/uploads\/2025\/05\/Raquel-Alepe-640x426-1.jpg","jetpack_shortlink":"https:\/\/wp.me\/p7HyXg-6ft","jetpack_sharing_enabled":true,"_links":{"self":[{"href":"https:\/\/serrafm879.com.br\/serrafm\/wp-json\/wp\/v2\/posts\/24023","targetHints":{"allow":["GET"]}}],"collection":[{"href":"https:\/\/serrafm879.com.br\/serrafm\/wp-json\/wp\/v2\/posts"}],"about":[{"href":"https:\/\/serrafm879.com.br\/serrafm\/wp-json\/wp\/v2\/types\/post"}],"author":[{"embeddable":true,"href":"https:\/\/serrafm879.com.br\/serrafm\/wp-json\/wp\/v2\/users\/2"}],"replies":[{"embeddable":true,"href":"https:\/\/serrafm879.com.br\/serrafm\/wp-json\/wp\/v2\/comments?post=24023"}],"version-history":[{"count":1,"href":"https:\/\/serrafm879.com.br\/serrafm\/wp-json\/wp\/v2\/posts\/24023\/revisions"}],"predecessor-version":[{"id":24024,"href":"https:\/\/serrafm879.com.br\/serrafm\/wp-json\/wp\/v2\/posts\/24023\/revisions\/24024"}],"wp:featuredmedia":[{"embeddable":true,"href":"https:\/\/serrafm879.com.br\/serrafm\/wp-json\/wp\/v2\/media\/22311"}],"wp:attachment":[{"href":"https:\/\/serrafm879.com.br\/serrafm\/wp-json\/wp\/v2\/media?parent=24023"}],"wp:term":[{"taxonomy":"category","embeddable":true,"href":"https:\/\/serrafm879.com.br\/serrafm\/wp-json\/wp\/v2\/categories?post=24023"},{"taxonomy":"post_tag","embeddable":true,"href":"https:\/\/serrafm879.com.br\/serrafm\/wp-json\/wp\/v2\/tags?post=24023"}],"curies":[{"name":"wp","href":"https:\/\/api.w.org\/{rel}","templated":true}]}}