{"id":24025,"date":"2025-08-30T08:36:35","date_gmt":"2025-08-30T11:36:35","guid":{"rendered":"https:\/\/serrafm879.com.br\/serrafm\/?p=24025"},"modified":"2025-08-30T08:37:02","modified_gmt":"2025-08-30T11:37:02","slug":"presidente-da-cdl-entrega-documento-com-reivindicacoes-do-setor-empresarial-de-serra-talhada-a-governadora-raquel-lyra","status":"publish","type":"post","link":"https:\/\/serrafm879.com.br\/serrafm\/2025\/08\/presidente-da-cdl-entrega-documento-com-reivindicacoes-do-setor-empresarial-de-serra-talhada-a-governadora-raquel-lyra\/","title":{"rendered":"Presidente da CDL entrega documento com reivindica\u00e7\u00f5es do setor empresarial de Serra Talhada \u00e0 governadora Raquel Lyra"},"content":{"rendered":"<p>O presidente da C\u00e2mara de Dirigentes Lojistas (CDL) de Serra Talhada, Maninho Ferreira, acompanhado de membros da diretoria e demais representantes de outras entidades empresariais locais, entregou \u00e0 governadora de Pernambuco, Raquel Lyra, um conjunto de pleitos considerados estrat\u00e9gicos para o desenvolvimento econ\u00f4mico do munic\u00edpio e de toda a regi\u00e3o do Sert\u00e3o do Paje\u00fa.<\/p>\n<p>No documento, os empres\u00e1rios ressaltam a import\u00e2ncia de obras e investimentos que possam acelerar o crescimento de Serra Talhada, que j\u00e1 apresenta indicadores acima da m\u00e9dia estadual e nacional. Entre as demandas, destacam-se:<\/p>\n<p>&#8211; Constru\u00e7\u00e3o de uma ponte sobre o Rio Paje\u00fa, interligando as \u00e1reas Norte e Sul da cidade, com impacto direto na mobilidade urbana e no escoamento de empreendimentos.<\/p>\n<p>&#8211; Agiliza\u00e7\u00e3o da instala\u00e7\u00e3o do Condom\u00ednio Industrial de Serra Talhada, fundamental para atrair novas ind\u00fastrias e expandir grupos empresariais locais.<\/p>\n<p>&#8211; Cria\u00e7\u00e3o do Sert\u00e3o Digital, parque tecnol\u00f3gico voltado para inova\u00e7\u00e3o, startups e empresas de tecnologia, aproveitando a capacidade acad\u00eamica instalada e a demanda crescente de servi\u00e7os no munic\u00edpio.<\/p>\n<p>&#8211; Pavimenta\u00e7\u00e3o de estradas rurais, ligando os distritos de Santa Rita a \u00c1gua Branca, e de Varzinha a Cai\u00e7arinha da Penha, iniciativa que pode se expandir como programa estadual.<\/p>\n<p>Segundo Maninho Ferreira, as pautas apresentadas refletem o compromisso do setor empresarial em contribuir ativamente para o desenvolvimento da cidade:<\/p>\n<p>\u201cSerra Talhada vive um momento de expans\u00e3o. Nosso papel \u00e9 garantir que esse crescimento seja acompanhado por infraestrutura, inova\u00e7\u00e3o e apoio ao empreendedorismo, e o di\u00e1logo com o Governo do Estado \u00e9 fundamental nesse processo, por isso resolvemos entregar essas pautas estrat\u00e9gicas \u00e0 governadora Raquel Lyra\u201d, destacou o presidente da CDL.<\/p>\n<p>A iniciativa contou tamb\u00e9m com a participa\u00e7\u00e3o de representantes do SINDCOM, SETSERT\u00c3O, CDI e SINDHOSPE, refor\u00e7ando a uni\u00e3o das entidades em defesa de um projeto coletivo de crescimento para Serra Talhada e regi\u00e3o.<\/p>\n","protected":false},"excerpt":{"rendered":"<p>O presidente da C\u00e2mara de Dirigentes Lojistas (CDL) de Serra Talhada, Maninho Ferreira, acompanhado de membros da diretoria e demais representantes de outras entidades empresariais locais, entregou \u00e0 governadora de Pernambuco, Raquel Lyra, um conjunto de pleitos considerados estrat\u00e9gicos para o desenvolvimento econ\u00f4mico do munic\u00edpio e de toda a regi\u00e3o do Sert\u00e3o do Paje\u00fa. No documento, os empres\u00e1rios ressaltam a import\u00e2ncia de obras e investimentos que possam acelerar o crescimento de Serra Talhada, que j\u00e1 apresenta indicadores acima da m\u00e9dia estadual e nacional. Entre as demandas, destacam-se: &#8211; Constru\u00e7\u00e3o de uma ponte sobre o Rio Paje\u00fa, interligando as \u00e1reas Norte [&hellip;]<\/p>\n","protected":false},"author":2,"featured_media":24026,"comment_status":"open","ping_status":"open","sticky":false,"template":"","format":"standard","meta":{"_jetpack_memberships_contains_paid_content":false,"footnotes":"","jetpack_publicize_message":"","jetpack_publicize_feature_enabled":true,"jetpack_social_post_already_shared":true,"jetpack_social_options":{"image_generator_settings":{"template":"highway","enabled":false},"version":2}},"categories":[2],"tags":[],"class_list":["post-24025","post","type-post","status-publish","format-standard","has-post-thumbnail","hentry","category-noticias"],"jetpack_publicize_connections":[],"yoast_head":"<!-- This site is optimized with the Yoast SEO plugin v24.7 - https:\/\/yoast.com\/wordpress\/plugins\/seo\/ -->\n<title>Presidente da CDL entrega documento com reivindica\u00e7\u00f5es do setor empresarial de Serra Talhada \u00e0 governadora Raquel Lyra - Serra FM 87,9<\/title>\n<meta name=\"robots\" content=\"index, follow, max-snippet:-1, max-image-preview:large, max-video-preview:-1\" \/>\n<link rel=\"canonical\" href=\"https:\/\/serrafm879.com.br\/serrafm\/2025\/08\/presidente-da-cdl-entrega-documento-com-reivindicacoes-do-setor-empresarial-de-serra-talhada-a-governadora-raquel-lyra\/\" \/>\n<meta property=\"og:locale\" content=\"pt_BR\" \/>\n<meta property=\"og:type\" content=\"article\" \/>\n<meta property=\"og:title\" content=\"Presidente da CDL entrega documento com reivindica\u00e7\u00f5es do setor empresarial de Serra Talhada \u00e0 governadora Raquel Lyra - Serra FM 87,9\" \/>\n<meta property=\"og:description\" content=\"O presidente da C\u00e2mara de Dirigentes Lojistas (CDL) de Serra Talhada, Maninho Ferreira, acompanhado de membros da diretoria e demais representantes de outras entidades empresariais locais, entregou \u00e0 governadora de Pernambuco, Raquel Lyra, um conjunto de pleitos considerados estrat\u00e9gicos para o desenvolvimento econ\u00f4mico do munic\u00edpio e de toda a regi\u00e3o do Sert\u00e3o do Paje\u00fa. No documento, os empres\u00e1rios ressaltam a import\u00e2ncia de obras e investimentos que possam acelerar o crescimento de Serra Talhada, que j\u00e1 apresenta indicadores acima da m\u00e9dia estadual e nacional. Entre as demandas, destacam-se: &#8211; Constru\u00e7\u00e3o de uma ponte sobre o Rio Paje\u00fa, interligando as \u00e1reas Norte [&hellip;]\" \/>\n<meta property=\"og:url\" content=\"https:\/\/serrafm879.com.br\/serrafm\/2025\/08\/presidente-da-cdl-entrega-documento-com-reivindicacoes-do-setor-empresarial-de-serra-talhada-a-governadora-raquel-lyra\/\" \/>\n<meta property=\"og:site_name\" content=\"Serra FM 87,9\" \/>\n<meta property=\"article:published_time\" content=\"2025-08-30T11:36:35+00:00\" \/>\n<meta property=\"article:modified_time\" content=\"2025-08-30T11:37:02+00:00\" \/>\n<meta property=\"og:image\" content=\"http:\/\/serrafm879.com.br\/serrafm\/wp-content\/uploads\/2025\/08\/PHOTO-2025-08-29-10-41-52.jpg\" \/>\n\t<meta property=\"og:image:width\" content=\"1600\" \/>\n\t<meta property=\"og:image:height\" content=\"1600\" \/>\n\t<meta property=\"og:image:type\" content=\"image\/jpeg\" \/>\n<meta name=\"author\" content=\"serrafm87\" \/>\n<meta name=\"twitter:card\" content=\"summary_large_image\" \/>\n<meta name=\"twitter:label1\" content=\"Escrito por\" \/>\n\t<meta name=\"twitter:data1\" content=\"serrafm87\" \/>\n\t<meta name=\"twitter:label2\" content=\"Est. tempo de leitura\" \/>\n\t<meta name=\"twitter:data2\" content=\"2 minutos\" \/>\n<script type=\"application\/ld+json\" class=\"yoast-schema-graph\">{\"@context\":\"https:\/\/schema.org\",\"@graph\":[{\"@type\":\"WebPage\",\"@id\":\"https:\/\/serrafm879.com.br\/serrafm\/2025\/08\/presidente-da-cdl-entrega-documento-com-reivindicacoes-do-setor-empresarial-de-serra-talhada-a-governadora-raquel-lyra\/\",\"url\":\"https:\/\/serrafm879.com.br\/serrafm\/2025\/08\/presidente-da-cdl-entrega-documento-com-reivindicacoes-do-setor-empresarial-de-serra-talhada-a-governadora-raquel-lyra\/\",\"name\":\"Presidente da CDL entrega documento com reivindica\u00e7\u00f5es do setor empresarial de Serra Talhada \u00e0 governadora Raquel Lyra - Serra FM 87,9\",\"isPartOf\":{\"@id\":\"https:\/\/serrafm879.com.br\/serrafm\/#website\"},\"primaryImageOfPage\":{\"@id\":\"https:\/\/serrafm879.com.br\/serrafm\/2025\/08\/presidente-da-cdl-entrega-documento-com-reivindicacoes-do-setor-empresarial-de-serra-talhada-a-governadora-raquel-lyra\/#primaryimage\"},\"image\":{\"@id\":\"https:\/\/serrafm879.com.br\/serrafm\/2025\/08\/presidente-da-cdl-entrega-documento-com-reivindicacoes-do-setor-empresarial-de-serra-talhada-a-governadora-raquel-lyra\/#primaryimage\"},\"thumbnailUrl\":\"https:\/\/serrafm879.com.br\/serrafm\/wp-content\/uploads\/2025\/08\/PHOTO-2025-08-29-10-41-52.jpg\",\"datePublished\":\"2025-08-30T11:36:35+00:00\",\"dateModified\":\"2025-08-30T11:37:02+00:00\",\"author\":{\"@id\":\"https:\/\/serrafm879.com.br\/serrafm\/#\/schema\/person\/c028a197030ff8b1c03c68dfba4a787a\"},\"breadcrumb\":{\"@id\":\"https:\/\/serrafm879.com.br\/serrafm\/2025\/08\/presidente-da-cdl-entrega-documento-com-reivindicacoes-do-setor-empresarial-de-serra-talhada-a-governadora-raquel-lyra\/#breadcrumb\"},\"inLanguage\":\"pt-BR\",\"potentialAction\":[{\"@type\":\"ReadAction\",\"target\":[\"https:\/\/serrafm879.com.br\/serrafm\/2025\/08\/presidente-da-cdl-entrega-documento-com-reivindicacoes-do-setor-empresarial-de-serra-talhada-a-governadora-raquel-lyra\/\"]}]},{\"@type\":\"ImageObject\",\"inLanguage\":\"pt-BR\",\"@id\":\"https:\/\/serrafm879.com.br\/serrafm\/2025\/08\/presidente-da-cdl-entrega-documento-com-reivindicacoes-do-setor-empresarial-de-serra-talhada-a-governadora-raquel-lyra\/#primaryimage\",\"url\":\"https:\/\/serrafm879.com.br\/serrafm\/wp-content\/uploads\/2025\/08\/PHOTO-2025-08-29-10-41-52.jpg\",\"contentUrl\":\"https:\/\/serrafm879.com.br\/serrafm\/wp-content\/uploads\/2025\/08\/PHOTO-2025-08-29-10-41-52.jpg\",\"width\":1600,\"height\":1600},{\"@type\":\"BreadcrumbList\",\"@id\":\"https:\/\/serrafm879.com.br\/serrafm\/2025\/08\/presidente-da-cdl-entrega-documento-com-reivindicacoes-do-setor-empresarial-de-serra-talhada-a-governadora-raquel-lyra\/#breadcrumb\",\"itemListElement\":[{\"@type\":\"ListItem\",\"position\":1,\"name\":\"In\u00edcio\",\"item\":\"https:\/\/serrafm879.com.br\/serrafm\/\"},{\"@type\":\"ListItem\",\"position\":2,\"name\":\"Presidente da CDL entrega documento com reivindica\u00e7\u00f5es do setor empresarial de Serra Talhada \u00e0 governadora Raquel Lyra\"}]},{\"@type\":\"WebSite\",\"@id\":\"https:\/\/serrafm879.com.br\/serrafm\/#website\",\"url\":\"https:\/\/serrafm879.com.br\/serrafm\/\",\"name\":\"Serra FM 87,9\",\"description\":\"O seu novo amor!\",\"potentialAction\":[{\"@type\":\"SearchAction\",\"target\":{\"@type\":\"EntryPoint\",\"urlTemplate\":\"https:\/\/serrafm879.com.br\/serrafm\/?s={search_term_string}\"},\"query-input\":{\"@type\":\"PropertyValueSpecification\",\"valueRequired\":true,\"valueName\":\"search_term_string\"}}],\"inLanguage\":\"pt-BR\"},{\"@type\":\"Person\",\"@id\":\"https:\/\/serrafm879.com.br\/serrafm\/#\/schema\/person\/c028a197030ff8b1c03c68dfba4a787a\",\"name\":\"serrafm87\",\"image\":{\"@type\":\"ImageObject\",\"inLanguage\":\"pt-BR\",\"@id\":\"https:\/\/serrafm879.com.br\/serrafm\/#\/schema\/person\/image\/\",\"url\":\"https:\/\/secure.gravatar.com\/avatar\/a743233f1112d34f48bb3dc9559b76eb930bab8b27175856cba6362608736235?s=96&d=mm&r=g\",\"contentUrl\":\"https:\/\/secure.gravatar.com\/avatar\/a743233f1112d34f48bb3dc9559b76eb930bab8b27175856cba6362608736235?s=96&d=mm&r=g\",\"caption\":\"serrafm87\"},\"sameAs\":[\"http:\/\/serrafm879.com.br\/\"],\"url\":\"https:\/\/serrafm879.com.br\/serrafm\/author\/serrafm87\/\"}]}<\/script>\n<!-- \/ Yoast SEO plugin. -->","yoast_head_json":{"title":"Presidente da CDL entrega documento com reivindica\u00e7\u00f5es do setor empresarial de Serra Talhada \u00e0 governadora Raquel Lyra - Serra FM 87,9","robots":{"index":"index","follow":"follow","max-snippet":"max-snippet:-1","max-image-preview":"max-image-preview:large","max-video-preview":"max-video-preview:-1"},"canonical":"https:\/\/serrafm879.com.br\/serrafm\/2025\/08\/presidente-da-cdl-entrega-documento-com-reivindicacoes-do-setor-empresarial-de-serra-talhada-a-governadora-raquel-lyra\/","og_locale":"pt_BR","og_type":"article","og_title":"Presidente da CDL entrega documento com reivindica\u00e7\u00f5es do setor empresarial de Serra Talhada \u00e0 governadora Raquel Lyra - Serra FM 87,9","og_description":"O presidente da C\u00e2mara de Dirigentes Lojistas (CDL) de Serra Talhada, Maninho Ferreira, acompanhado de membros da diretoria e demais representantes de outras entidades empresariais locais, entregou \u00e0 governadora de Pernambuco, Raquel Lyra, um conjunto de pleitos considerados estrat\u00e9gicos para o desenvolvimento econ\u00f4mico do munic\u00edpio e de toda a regi\u00e3o do Sert\u00e3o do Paje\u00fa. No documento, os empres\u00e1rios ressaltam a import\u00e2ncia de obras e investimentos que possam acelerar o crescimento de Serra Talhada, que j\u00e1 apresenta indicadores acima da m\u00e9dia estadual e nacional. Entre as demandas, destacam-se: &#8211; Constru\u00e7\u00e3o de uma ponte sobre o Rio Paje\u00fa, interligando as \u00e1reas Norte [&hellip;]","og_url":"https:\/\/serrafm879.com.br\/serrafm\/2025\/08\/presidente-da-cdl-entrega-documento-com-reivindicacoes-do-setor-empresarial-de-serra-talhada-a-governadora-raquel-lyra\/","og_site_name":"Serra FM 87,9","article_published_time":"2025-08-30T11:36:35+00:00","article_modified_time":"2025-08-30T11:37:02+00:00","og_image":[{"width":1600,"height":1600,"url":"http:\/\/serrafm879.com.br\/serrafm\/wp-content\/uploads\/2025\/08\/PHOTO-2025-08-29-10-41-52.jpg","type":"image\/jpeg"}],"author":"serrafm87","twitter_card":"summary_large_image","twitter_misc":{"Escrito por":"serrafm87","Est. tempo de leitura":"2 minutos"},"schema":{"@context":"https:\/\/schema.org","@graph":[{"@type":"WebPage","@id":"https:\/\/serrafm879.com.br\/serrafm\/2025\/08\/presidente-da-cdl-entrega-documento-com-reivindicacoes-do-setor-empresarial-de-serra-talhada-a-governadora-raquel-lyra\/","url":"https:\/\/serrafm879.com.br\/serrafm\/2025\/08\/presidente-da-cdl-entrega-documento-com-reivindicacoes-do-setor-empresarial-de-serra-talhada-a-governadora-raquel-lyra\/","name":"Presidente da CDL entrega documento com reivindica\u00e7\u00f5es do setor empresarial de Serra Talhada \u00e0 governadora Raquel Lyra - Serra FM 87,9","isPartOf":{"@id":"https:\/\/serrafm879.com.br\/serrafm\/#website"},"primaryImageOfPage":{"@id":"https:\/\/serrafm879.com.br\/serrafm\/2025\/08\/presidente-da-cdl-entrega-documento-com-reivindicacoes-do-setor-empresarial-de-serra-talhada-a-governadora-raquel-lyra\/#primaryimage"},"image":{"@id":"https:\/\/serrafm879.com.br\/serrafm\/2025\/08\/presidente-da-cdl-entrega-documento-com-reivindicacoes-do-setor-empresarial-de-serra-talhada-a-governadora-raquel-lyra\/#primaryimage"},"thumbnailUrl":"https:\/\/serrafm879.com.br\/serrafm\/wp-content\/uploads\/2025\/08\/PHOTO-2025-08-29-10-41-52.jpg","datePublished":"2025-08-30T11:36:35+00:00","dateModified":"2025-08-30T11:37:02+00:00","author":{"@id":"https:\/\/serrafm879.com.br\/serrafm\/#\/schema\/person\/c028a197030ff8b1c03c68dfba4a787a"},"breadcrumb":{"@id":"https:\/\/serrafm879.com.br\/serrafm\/2025\/08\/presidente-da-cdl-entrega-documento-com-reivindicacoes-do-setor-empresarial-de-serra-talhada-a-governadora-raquel-lyra\/#breadcrumb"},"inLanguage":"pt-BR","potentialAction":[{"@type":"ReadAction","target":["https:\/\/serrafm879.com.br\/serrafm\/2025\/08\/presidente-da-cdl-entrega-documento-com-reivindicacoes-do-setor-empresarial-de-serra-talhada-a-governadora-raquel-lyra\/"]}]},{"@type":"ImageObject","inLanguage":"pt-BR","@id":"https:\/\/serrafm879.com.br\/serrafm\/2025\/08\/presidente-da-cdl-entrega-documento-com-reivindicacoes-do-setor-empresarial-de-serra-talhada-a-governadora-raquel-lyra\/#primaryimage","url":"https:\/\/serrafm879.com.br\/serrafm\/wp-content\/uploads\/2025\/08\/PHOTO-2025-08-29-10-41-52.jpg","contentUrl":"https:\/\/serrafm879.com.br\/serrafm\/wp-content\/uploads\/2025\/08\/PHOTO-2025-08-29-10-41-52.jpg","width":1600,"height":1600},{"@type":"BreadcrumbList","@id":"https:\/\/serrafm879.com.br\/serrafm\/2025\/08\/presidente-da-cdl-entrega-documento-com-reivindicacoes-do-setor-empresarial-de-serra-talhada-a-governadora-raquel-lyra\/#breadcrumb","itemListElement":[{"@type":"ListItem","position":1,"name":"In\u00edcio","item":"https:\/\/serrafm879.com.br\/serrafm\/"},{"@type":"ListItem","position":2,"name":"Presidente da CDL entrega documento com reivindica\u00e7\u00f5es do setor empresarial de Serra Talhada \u00e0 governadora Raquel Lyra"}]},{"@type":"WebSite","@id":"https:\/\/serrafm879.com.br\/serrafm\/#website","url":"https:\/\/serrafm879.com.br\/serrafm\/","name":"Serra FM 87,9","description":"O seu novo amor!","potentialAction":[{"@type":"SearchAction","target":{"@type":"EntryPoint","urlTemplate":"https:\/\/serrafm879.com.br\/serrafm\/?s={search_term_string}"},"query-input":{"@type":"PropertyValueSpecification","valueRequired":true,"valueName":"search_term_string"}}],"inLanguage":"pt-BR"},{"@type":"Person","@id":"https:\/\/serrafm879.com.br\/serrafm\/#\/schema\/person\/c028a197030ff8b1c03c68dfba4a787a","name":"serrafm87","image":{"@type":"ImageObject","inLanguage":"pt-BR","@id":"https:\/\/serrafm879.com.br\/serrafm\/#\/schema\/person\/image\/","url":"https:\/\/secure.gravatar.com\/avatar\/a743233f1112d34f48bb3dc9559b76eb930bab8b27175856cba6362608736235?s=96&d=mm&r=g","contentUrl":"https:\/\/secure.gravatar.com\/avatar\/a743233f1112d34f48bb3dc9559b76eb930bab8b27175856cba6362608736235?s=96&d=mm&r=g","caption":"serrafm87"},"sameAs":["http:\/\/serrafm879.com.br\/"],"url":"https:\/\/serrafm879.com.br\/serrafm\/author\/serrafm87\/"}]}},"jetpack_featured_media_url":"https:\/\/serrafm879.com.br\/serrafm\/wp-content\/uploads\/2025\/08\/PHOTO-2025-08-29-10-41-52.jpg","jetpack_shortlink":"https:\/\/wp.me\/p7HyXg-6fv","jetpack_sharing_enabled":true,"_links":{"self":[{"href":"https:\/\/serrafm879.com.br\/serrafm\/wp-json\/wp\/v2\/posts\/24025","targetHints":{"allow":["GET"]}}],"collection":[{"href":"https:\/\/serrafm879.com.br\/serrafm\/wp-json\/wp\/v2\/posts"}],"about":[{"href":"https:\/\/serrafm879.com.br\/serrafm\/wp-json\/wp\/v2\/types\/post"}],"author":[{"embeddable":true,"href":"https:\/\/serrafm879.com.br\/serrafm\/wp-json\/wp\/v2\/users\/2"}],"replies":[{"embeddable":true,"href":"https:\/\/serrafm879.com.br\/serrafm\/wp-json\/wp\/v2\/comments?post=24025"}],"version-history":[{"count":1,"href":"https:\/\/serrafm879.com.br\/serrafm\/wp-json\/wp\/v2\/posts\/24025\/revisions"}],"predecessor-version":[{"id":24027,"href":"https:\/\/serrafm879.com.br\/serrafm\/wp-json\/wp\/v2\/posts\/24025\/revisions\/24027"}],"wp:featuredmedia":[{"embeddable":true,"href":"https:\/\/serrafm879.com.br\/serrafm\/wp-json\/wp\/v2\/media\/24026"}],"wp:attachment":[{"href":"https:\/\/serrafm879.com.br\/serrafm\/wp-json\/wp\/v2\/media?parent=24025"}],"wp:term":[{"taxonomy":"category","embeddable":true,"href":"https:\/\/serrafm879.com.br\/serrafm\/wp-json\/wp\/v2\/categories?post=24025"},{"taxonomy":"post_tag","embeddable":true,"href":"https:\/\/serrafm879.com.br\/serrafm\/wp-json\/wp\/v2\/tags?post=24025"}],"curies":[{"name":"wp","href":"https:\/\/api.w.org\/{rel}","templated":true}]}}