{"id":24590,"date":"2025-10-15T13:13:06","date_gmt":"2025-10-15T16:13:06","guid":{"rendered":"https:\/\/serrafm879.com.br\/serrafm\/?p=24590"},"modified":"2025-10-15T13:13:06","modified_gmt":"2025-10-15T16:13:06","slug":"marconi-santana-lidera-missao-estrategica-em-brasilia-e-garante-avancos-cruciais-para-todo-o-pernambuco","status":"publish","type":"post","link":"https:\/\/serrafm879.com.br\/serrafm\/2025\/10\/marconi-santana-lidera-missao-estrategica-em-brasilia-e-garante-avancos-cruciais-para-todo-o-pernambuco\/","title":{"rendered":"Marconi Santana lidera miss\u00e3o estrat\u00e9gica em Bras\u00edlia e garante avan\u00e7os cruciais para todo o Pernambuco"},"content":{"rendered":"<p>Bras\u00edlia, 14 de Outubro de 2025 \u2013 O l\u00edder pol\u00edtico Marconi Santana concluiu uma agenda de trabalho intensiva em Bras\u00edlia com resultados concretos e grande impacto para o munic\u00edpio de Flores, Paje\u00fa e todo Pernambuco. Acompanhado do Prefeito Gilberto Ribeiro e de outros importantes parceiros, Marconi articulou encontros estrat\u00e9gicos no Senado, no Minist\u00e9rio da Previd\u00eancia e no Fundo Nacional de Desenvolvimento da Educa\u00e7\u00e3o (FNDE), refor\u00e7ando seu papel como um articulador fundamental para o Pernambuco.<\/p>\n<p>*Foco na sa\u00fade com Humberto Costa: CAPS e Sistema de Sa\u00fade Estadual*<\/p>\n<p>Os compromissos no Senado Federal tiveram a sa\u00fade p\u00fablica como prioridade. Marconi Santana e o Prefeito Gilberto Ribeiro estiveram com o Senador Humberto Costa (PT-PE) para tratar de demandas vitais para o estado.<\/p>\n<p>A reuni\u00e3o focou na busca por recursos de custeio para o CAPS (Centro de Aten\u00e7\u00e3o Psicossocial) de Flores, uma estrutura crucial para a sa\u00fade mental regional, e no fortalecimento de todo o sistema de sa\u00fade do Paje\u00fa. Marconi, com sua vis\u00e3o ampla, destacou a import\u00e2ncia de pensar o estado de forma integrada:<\/p>\n<p>&#8220;A pauta de sa\u00fade que levamos tem impacto regional. Ao fortalecer o CAPS de Flores, estamos melhorando o atendimento a toda a popula\u00e7\u00e3o do Paje\u00fa. A sensibilidade do Senador Humberto Costa \u00e9 inestim\u00e1vel para que possamos ampliar o acesso e a qualidade da sa\u00fade em Pernambuco.&#8221;<\/p>\n<p>*Resultados concretos nos Minist\u00e9rios: Previd\u00eancia e Educa\u00e7\u00e3o com protagonismo de Lucas Ramos*<\/p>\n<p>Os compromissos em Minist\u00e9rios e Autarquias Federais foram marcados pelo sucesso na articula\u00e7\u00e3o e pela garantia de orienta\u00e7\u00f5es t\u00e9cnicas cruciais para a gest\u00e3o municipal e estadual.<\/p>\n<p>*Articula\u00e7\u00e3o com Lucas Ramos garante libera\u00e7\u00e3o de recursos no FNDE*<\/p>\n<p>Marconi Santana e Gilberto Ribeiro contaram com a articula\u00e7\u00e3o do Deputado Federal Lucas Ramos, cuja atua\u00e7\u00e3o foi determinante para as agendas no Minist\u00e9rio da Previd\u00eancia Social e no FNDE.<\/p>\n<p>No FNDE, a reuni\u00e3o com a Coordenadora-Geral de Rela\u00e7\u00f5es Institucionais, Adriane Carrara, e Viviane, resultou na confirma\u00e7\u00e3o da libera\u00e7\u00e3o de recursos que beneficiar\u00e3o diretamente a rede municipal de ensino.<\/p>\n<p>Marconi fez quest\u00e3o de destacar o papel essenciak do Deputado Lucas Ramos: \u201c\u00c9 gra\u00e7as a essa sinergia e ao empenho do Deputado que a educa\u00e7\u00e3o de Flores e de todo o nosso estado ganha um novo impulso. O Deputado Lucas Ramos foi decisivo para garantir este avan\u00e7o.&#8221;<\/p>\n","protected":false},"excerpt":{"rendered":"<p>Bras\u00edlia, 14 de Outubro de 2025 \u2013 O l\u00edder pol\u00edtico Marconi Santana concluiu uma agenda de trabalho intensiva em Bras\u00edlia com resultados concretos e grande impacto para o munic\u00edpio de Flores, Paje\u00fa e todo Pernambuco. Acompanhado do Prefeito Gilberto Ribeiro e de outros importantes parceiros, Marconi articulou encontros estrat\u00e9gicos no Senado, no Minist\u00e9rio da Previd\u00eancia e no Fundo Nacional de Desenvolvimento da Educa\u00e7\u00e3o (FNDE), refor\u00e7ando seu papel como um articulador fundamental para o Pernambuco. *Foco na sa\u00fade com Humberto Costa: CAPS e Sistema de Sa\u00fade Estadual* Os compromissos no Senado Federal tiveram a sa\u00fade p\u00fablica como prioridade. Marconi Santana e [&hellip;]<\/p>\n","protected":false},"author":2,"featured_media":24591,"comment_status":"open","ping_status":"open","sticky":false,"template":"","format":"standard","meta":{"_jetpack_newsletter_access":"","_jetpack_dont_email_post_to_subs":false,"_jetpack_newsletter_tier_id":0,"_jetpack_memberships_contains_paywalled_content":false,"_jetpack_feature_clip_id":0,"_jetpack_memberships_contains_paid_content":false,"footnotes":"","jetpack_publicize_message":"","jetpack_publicize_feature_enabled":true,"jetpack_social_post_already_shared":true,"jetpack_social_options":{"image_generator_settings":{"template":"highway","default_image_id":0,"font":"","enabled":false},"version":2},"jetpack_post_was_ever_published":false},"categories":[2],"tags":[],"class_list":["post-24590","post","type-post","status-publish","format-standard","has-post-thumbnail","hentry","category-noticias"],"aioseo_notices":[],"aioseo_head":"\n\t\t<!-- All in One SEO 4.9.10 - aioseo.com -->\n\t<meta name=\"description\" content=\"Bras\u00edlia, 14 de Outubro de 2025 \u2013 O l\u00edder pol\u00edtico Marconi Santana concluiu uma agenda de trabalho intensiva em Bras\u00edlia com resultados concretos e grande impacto para o munic\u00edpio de Flores, Paje\u00fa e todo Pernambuco. Acompanhado do Prefeito Gilberto Ribeiro e de outros importantes parceiros, Marconi articulou encontros estrat\u00e9gicos no Senado, no Minist\u00e9rio da Previd\u00eancia\" \/>\n\t<meta name=\"robots\" content=\"max-image-preview:large\" \/>\n\t<meta name=\"author\" content=\"serrafm87\"\/>\n\t<link rel=\"canonical\" href=\"https:\/\/serrafm879.com.br\/serrafm\/2025\/10\/marconi-santana-lidera-missao-estrategica-em-brasilia-e-garante-avancos-cruciais-para-todo-o-pernambuco\/\" \/>\n\t<meta name=\"generator\" content=\"All in One SEO (AIOSEO) 4.9.10\" \/>\n\t\t<meta name=\"twitter:card\" content=\"summary_large_image\" \/>\n\t\t<meta name=\"twitter:title\" content=\"Marconi Santana lidera miss\u00e3o estrat\u00e9gica em Bras\u00edlia e garante avan\u00e7os cruciais para todo o Pernambuco - Serra FM 87,9\" \/>\n\t\t<meta name=\"twitter:description\" content=\"Bras\u00edlia, 14 de Outubro de 2025 \u2013 O l\u00edder pol\u00edtico Marconi Santana concluiu uma agenda de trabalho intensiva em Bras\u00edlia com resultados concretos e grande impacto para o munic\u00edpio de Flores, Paje\u00fa e todo Pernambuco. Acompanhado do Prefeito Gilberto Ribeiro e de outros importantes parceiros, Marconi articulou encontros estrat\u00e9gicos no Senado, no Minist\u00e9rio da Previd\u00eancia\" \/>\n\t\t<meta name=\"twitter:image\" content=\"https:\/\/serrafm879.com.br\/serrafm\/wp-content\/uploads\/2025\/10\/PHOTO-2025-10-14-18-59-00.jpg\" \/>\n\t\t<script type=\"application\/ld+json\" class=\"aioseo-schema\">\n\t\t\t{\"@context\":\"https:\\\/\\\/schema.org\",\"@graph\":[{\"@type\":\"BlogPosting\",\"@id\":\"https:\\\/\\\/serrafm879.com.br\\\/serrafm\\\/2025\\\/10\\\/marconi-santana-lidera-missao-estrategica-em-brasilia-e-garante-avancos-cruciais-para-todo-o-pernambuco\\\/#blogposting\",\"name\":\"Marconi Santana lidera miss\\u00e3o estrat\\u00e9gica em Bras\\u00edlia e garante avan\\u00e7os cruciais para todo o Pernambuco - Serra FM 87,9\",\"headline\":\"Marconi Santana lidera miss\\u00e3o estrat\\u00e9gica em Bras\\u00edlia e garante avan\\u00e7os cruciais para todo o Pernambuco\",\"author\":{\"@id\":\"https:\\\/\\\/serrafm879.com.br\\\/serrafm\\\/author\\\/serrafm87\\\/#author\"},\"publisher\":{\"@id\":\"https:\\\/\\\/serrafm879.com.br\\\/serrafm\\\/#organization\"},\"image\":{\"@type\":\"ImageObject\",\"url\":\"https:\\\/\\\/serrafm879.com.br\\\/serrafm\\\/wp-content\\\/uploads\\\/2025\\\/10\\\/PHOTO-2025-10-14-18-59-00.jpg\",\"width\":1280,\"height\":854},\"datePublished\":\"2025-10-15T13:13:06-03:00\",\"dateModified\":\"2025-10-15T13:13:06-03:00\",\"inLanguage\":\"pt-BR\",\"mainEntityOfPage\":{\"@id\":\"https:\\\/\\\/serrafm879.com.br\\\/serrafm\\\/2025\\\/10\\\/marconi-santana-lidera-missao-estrategica-em-brasilia-e-garante-avancos-cruciais-para-todo-o-pernambuco\\\/#webpage\"},\"isPartOf\":{\"@id\":\"https:\\\/\\\/serrafm879.com.br\\\/serrafm\\\/2025\\\/10\\\/marconi-santana-lidera-missao-estrategica-em-brasilia-e-garante-avancos-cruciais-para-todo-o-pernambuco\\\/#webpage\"},\"articleSection\":\"Not\\u00edcias\"},{\"@type\":\"BreadcrumbList\",\"@id\":\"https:\\\/\\\/serrafm879.com.br\\\/serrafm\\\/2025\\\/10\\\/marconi-santana-lidera-missao-estrategica-em-brasilia-e-garante-avancos-cruciais-para-todo-o-pernambuco\\\/#breadcrumblist\",\"itemListElement\":[{\"@type\":\"ListItem\",\"@id\":\"https:\\\/\\\/serrafm879.com.br\\\/serrafm#listItem\",\"position\":1,\"name\":\"Home\",\"item\":\"https:\\\/\\\/serrafm879.com.br\\\/serrafm\",\"nextItem\":{\"@type\":\"ListItem\",\"@id\":\"https:\\\/\\\/serrafm879.com.br\\\/serrafm\\\/categoria\\\/noticias\\\/#listItem\",\"name\":\"Not\\u00edcias\"}},{\"@type\":\"ListItem\",\"@id\":\"https:\\\/\\\/serrafm879.com.br\\\/serrafm\\\/categoria\\\/noticias\\\/#listItem\",\"position\":2,\"name\":\"Not\\u00edcias\",\"item\":\"https:\\\/\\\/serrafm879.com.br\\\/serrafm\\\/categoria\\\/noticias\\\/\",\"nextItem\":{\"@type\":\"ListItem\",\"@id\":\"https:\\\/\\\/serrafm879.com.br\\\/serrafm\\\/2025\\\/10\\\/marconi-santana-lidera-missao-estrategica-em-brasilia-e-garante-avancos-cruciais-para-todo-o-pernambuco\\\/#listItem\",\"name\":\"Marconi Santana lidera miss\\u00e3o estrat\\u00e9gica em Bras\\u00edlia e garante avan\\u00e7os cruciais para todo o Pernambuco\"},\"previousItem\":{\"@type\":\"ListItem\",\"@id\":\"https:\\\/\\\/serrafm879.com.br\\\/serrafm#listItem\",\"name\":\"Home\"}},{\"@type\":\"ListItem\",\"@id\":\"https:\\\/\\\/serrafm879.com.br\\\/serrafm\\\/2025\\\/10\\\/marconi-santana-lidera-missao-estrategica-em-brasilia-e-garante-avancos-cruciais-para-todo-o-pernambuco\\\/#listItem\",\"position\":3,\"name\":\"Marconi Santana lidera miss\\u00e3o estrat\\u00e9gica em Bras\\u00edlia e garante avan\\u00e7os cruciais para todo o Pernambuco\",\"previousItem\":{\"@type\":\"ListItem\",\"@id\":\"https:\\\/\\\/serrafm879.com.br\\\/serrafm\\\/categoria\\\/noticias\\\/#listItem\",\"name\":\"Not\\u00edcias\"}}]},{\"@type\":\"Organization\",\"@id\":\"https:\\\/\\\/serrafm879.com.br\\\/serrafm\\\/#organization\",\"name\":\"Serra FM 87,9\",\"description\":\"O seu novo amor!\",\"url\":\"https:\\\/\\\/serrafm879.com.br\\\/serrafm\\\/\"},{\"@type\":\"Person\",\"@id\":\"https:\\\/\\\/serrafm879.com.br\\\/serrafm\\\/author\\\/serrafm87\\\/#author\",\"url\":\"https:\\\/\\\/serrafm879.com.br\\\/serrafm\\\/author\\\/serrafm87\\\/\",\"name\":\"serrafm87\",\"image\":{\"@type\":\"ImageObject\",\"@id\":\"https:\\\/\\\/serrafm879.com.br\\\/serrafm\\\/2025\\\/10\\\/marconi-santana-lidera-missao-estrategica-em-brasilia-e-garante-avancos-cruciais-para-todo-o-pernambuco\\\/#authorImage\",\"url\":\"https:\\\/\\\/secure.gravatar.com\\\/avatar\\\/a743233f1112d34f48bb3dc9559b76eb930bab8b27175856cba6362608736235?s=96&d=mm&r=g\",\"width\":96,\"height\":96,\"caption\":\"serrafm87\"}},{\"@type\":\"WebPage\",\"@id\":\"https:\\\/\\\/serrafm879.com.br\\\/serrafm\\\/2025\\\/10\\\/marconi-santana-lidera-missao-estrategica-em-brasilia-e-garante-avancos-cruciais-para-todo-o-pernambuco\\\/#webpage\",\"url\":\"https:\\\/\\\/serrafm879.com.br\\\/serrafm\\\/2025\\\/10\\\/marconi-santana-lidera-missao-estrategica-em-brasilia-e-garante-avancos-cruciais-para-todo-o-pernambuco\\\/\",\"name\":\"Marconi Santana lidera miss\\u00e3o estrat\\u00e9gica em Bras\\u00edlia e garante avan\\u00e7os cruciais para todo o Pernambuco - Serra FM 87,9\",\"description\":\"Bras\\u00edlia, 14 de Outubro de 2025 \\u2013 O l\\u00edder pol\\u00edtico Marconi Santana concluiu uma agenda de trabalho intensiva em Bras\\u00edlia com resultados concretos e grande impacto para o munic\\u00edpio de Flores, Paje\\u00fa e todo Pernambuco. Acompanhado do Prefeito Gilberto Ribeiro e de outros importantes parceiros, Marconi articulou encontros estrat\\u00e9gicos no Senado, no Minist\\u00e9rio da Previd\\u00eancia\",\"inLanguage\":\"pt-BR\",\"isPartOf\":{\"@id\":\"https:\\\/\\\/serrafm879.com.br\\\/serrafm\\\/#website\"},\"breadcrumb\":{\"@id\":\"https:\\\/\\\/serrafm879.com.br\\\/serrafm\\\/2025\\\/10\\\/marconi-santana-lidera-missao-estrategica-em-brasilia-e-garante-avancos-cruciais-para-todo-o-pernambuco\\\/#breadcrumblist\"},\"author\":{\"@id\":\"https:\\\/\\\/serrafm879.com.br\\\/serrafm\\\/author\\\/serrafm87\\\/#author\"},\"creator\":{\"@id\":\"https:\\\/\\\/serrafm879.com.br\\\/serrafm\\\/author\\\/serrafm87\\\/#author\"},\"image\":{\"@type\":\"ImageObject\",\"url\":\"https:\\\/\\\/serrafm879.com.br\\\/serrafm\\\/wp-content\\\/uploads\\\/2025\\\/10\\\/PHOTO-2025-10-14-18-59-00.jpg\",\"@id\":\"https:\\\/\\\/serrafm879.com.br\\\/serrafm\\\/2025\\\/10\\\/marconi-santana-lidera-missao-estrategica-em-brasilia-e-garante-avancos-cruciais-para-todo-o-pernambuco\\\/#mainImage\",\"width\":1280,\"height\":854},\"primaryImageOfPage\":{\"@id\":\"https:\\\/\\\/serrafm879.com.br\\\/serrafm\\\/2025\\\/10\\\/marconi-santana-lidera-missao-estrategica-em-brasilia-e-garante-avancos-cruciais-para-todo-o-pernambuco\\\/#mainImage\"},\"datePublished\":\"2025-10-15T13:13:06-03:00\",\"dateModified\":\"2025-10-15T13:13:06-03:00\"},{\"@type\":\"WebSite\",\"@id\":\"https:\\\/\\\/serrafm879.com.br\\\/serrafm\\\/#website\",\"url\":\"https:\\\/\\\/serrafm879.com.br\\\/serrafm\\\/\",\"name\":\"Serra FM 87,9\",\"description\":\"O seu novo amor!\",\"inLanguage\":\"pt-BR\",\"publisher\":{\"@id\":\"https:\\\/\\\/serrafm879.com.br\\\/serrafm\\\/#organization\"}}]}\n\t\t<\/script>\n\t\t<!-- All in One SEO -->\n\n","aioseo_head_json":{"title":"Marconi Santana lidera miss\u00e3o estrat\u00e9gica em Bras\u00edlia e garante avan\u00e7os cruciais para todo o Pernambuco - Serra FM 87,9","description":"Bras\u00edlia, 14 de Outubro de 2025 \u2013 O l\u00edder pol\u00edtico Marconi Santana concluiu uma agenda de trabalho intensiva em Bras\u00edlia com resultados concretos e grande impacto para o munic\u00edpio de Flores, Paje\u00fa e todo Pernambuco. Acompanhado do Prefeito Gilberto Ribeiro e de outros importantes parceiros, Marconi articulou encontros estrat\u00e9gicos no Senado, no Minist\u00e9rio da Previd\u00eancia","canonical_url":"https:\/\/serrafm879.com.br\/serrafm\/2025\/10\/marconi-santana-lidera-missao-estrategica-em-brasilia-e-garante-avancos-cruciais-para-todo-o-pernambuco\/","robots":"max-image-preview:large","keywords":"","webmasterTools":{"miscellaneous":""},"schema":{"@context":"https:\/\/schema.org","@graph":[{"@type":"BlogPosting","@id":"https:\/\/serrafm879.com.br\/serrafm\/2025\/10\/marconi-santana-lidera-missao-estrategica-em-brasilia-e-garante-avancos-cruciais-para-todo-o-pernambuco\/#blogposting","name":"Marconi Santana lidera miss\u00e3o estrat\u00e9gica em Bras\u00edlia e garante avan\u00e7os cruciais para todo o Pernambuco - Serra FM 87,9","headline":"Marconi Santana lidera miss\u00e3o estrat\u00e9gica em Bras\u00edlia e garante avan\u00e7os cruciais para todo o Pernambuco","author":{"@id":"https:\/\/serrafm879.com.br\/serrafm\/author\/serrafm87\/#author"},"publisher":{"@id":"https:\/\/serrafm879.com.br\/serrafm\/#organization"},"image":{"@type":"ImageObject","url":"https:\/\/serrafm879.com.br\/serrafm\/wp-content\/uploads\/2025\/10\/PHOTO-2025-10-14-18-59-00.jpg","width":1280,"height":854},"datePublished":"2025-10-15T13:13:06-03:00","dateModified":"2025-10-15T13:13:06-03:00","inLanguage":"pt-BR","mainEntityOfPage":{"@id":"https:\/\/serrafm879.com.br\/serrafm\/2025\/10\/marconi-santana-lidera-missao-estrategica-em-brasilia-e-garante-avancos-cruciais-para-todo-o-pernambuco\/#webpage"},"isPartOf":{"@id":"https:\/\/serrafm879.com.br\/serrafm\/2025\/10\/marconi-santana-lidera-missao-estrategica-em-brasilia-e-garante-avancos-cruciais-para-todo-o-pernambuco\/#webpage"},"articleSection":"Not\u00edcias"},{"@type":"BreadcrumbList","@id":"https:\/\/serrafm879.com.br\/serrafm\/2025\/10\/marconi-santana-lidera-missao-estrategica-em-brasilia-e-garante-avancos-cruciais-para-todo-o-pernambuco\/#breadcrumblist","itemListElement":[{"@type":"ListItem","@id":"https:\/\/serrafm879.com.br\/serrafm#listItem","position":1,"name":"Home","item":"https:\/\/serrafm879.com.br\/serrafm","nextItem":{"@type":"ListItem","@id":"https:\/\/serrafm879.com.br\/serrafm\/categoria\/noticias\/#listItem","name":"Not\u00edcias"}},{"@type":"ListItem","@id":"https:\/\/serrafm879.com.br\/serrafm\/categoria\/noticias\/#listItem","position":2,"name":"Not\u00edcias","item":"https:\/\/serrafm879.com.br\/serrafm\/categoria\/noticias\/","nextItem":{"@type":"ListItem","@id":"https:\/\/serrafm879.com.br\/serrafm\/2025\/10\/marconi-santana-lidera-missao-estrategica-em-brasilia-e-garante-avancos-cruciais-para-todo-o-pernambuco\/#listItem","name":"Marconi Santana lidera miss\u00e3o estrat\u00e9gica em Bras\u00edlia e garante avan\u00e7os cruciais para todo o Pernambuco"},"previousItem":{"@type":"ListItem","@id":"https:\/\/serrafm879.com.br\/serrafm#listItem","name":"Home"}},{"@type":"ListItem","@id":"https:\/\/serrafm879.com.br\/serrafm\/2025\/10\/marconi-santana-lidera-missao-estrategica-em-brasilia-e-garante-avancos-cruciais-para-todo-o-pernambuco\/#listItem","position":3,"name":"Marconi Santana lidera miss\u00e3o estrat\u00e9gica em Bras\u00edlia e garante avan\u00e7os cruciais para todo o Pernambuco","previousItem":{"@type":"ListItem","@id":"https:\/\/serrafm879.com.br\/serrafm\/categoria\/noticias\/#listItem","name":"Not\u00edcias"}}]},{"@type":"Organization","@id":"https:\/\/serrafm879.com.br\/serrafm\/#organization","name":"Serra FM 87,9","description":"O seu novo amor!","url":"https:\/\/serrafm879.com.br\/serrafm\/"},{"@type":"Person","@id":"https:\/\/serrafm879.com.br\/serrafm\/author\/serrafm87\/#author","url":"https:\/\/serrafm879.com.br\/serrafm\/author\/serrafm87\/","name":"serrafm87","image":{"@type":"ImageObject","@id":"https:\/\/serrafm879.com.br\/serrafm\/2025\/10\/marconi-santana-lidera-missao-estrategica-em-brasilia-e-garante-avancos-cruciais-para-todo-o-pernambuco\/#authorImage","url":"https:\/\/secure.gravatar.com\/avatar\/a743233f1112d34f48bb3dc9559b76eb930bab8b27175856cba6362608736235?s=96&d=mm&r=g","width":96,"height":96,"caption":"serrafm87"}},{"@type":"WebPage","@id":"https:\/\/serrafm879.com.br\/serrafm\/2025\/10\/marconi-santana-lidera-missao-estrategica-em-brasilia-e-garante-avancos-cruciais-para-todo-o-pernambuco\/#webpage","url":"https:\/\/serrafm879.com.br\/serrafm\/2025\/10\/marconi-santana-lidera-missao-estrategica-em-brasilia-e-garante-avancos-cruciais-para-todo-o-pernambuco\/","name":"Marconi Santana lidera miss\u00e3o estrat\u00e9gica em Bras\u00edlia e garante avan\u00e7os cruciais para todo o Pernambuco - Serra FM 87,9","description":"Bras\u00edlia, 14 de Outubro de 2025 \u2013 O l\u00edder pol\u00edtico Marconi Santana concluiu uma agenda de trabalho intensiva em Bras\u00edlia com resultados concretos e grande impacto para o munic\u00edpio de Flores, Paje\u00fa e todo Pernambuco. Acompanhado do Prefeito Gilberto Ribeiro e de outros importantes parceiros, Marconi articulou encontros estrat\u00e9gicos no Senado, no Minist\u00e9rio da Previd\u00eancia","inLanguage":"pt-BR","isPartOf":{"@id":"https:\/\/serrafm879.com.br\/serrafm\/#website"},"breadcrumb":{"@id":"https:\/\/serrafm879.com.br\/serrafm\/2025\/10\/marconi-santana-lidera-missao-estrategica-em-brasilia-e-garante-avancos-cruciais-para-todo-o-pernambuco\/#breadcrumblist"},"author":{"@id":"https:\/\/serrafm879.com.br\/serrafm\/author\/serrafm87\/#author"},"creator":{"@id":"https:\/\/serrafm879.com.br\/serrafm\/author\/serrafm87\/#author"},"image":{"@type":"ImageObject","url":"https:\/\/serrafm879.com.br\/serrafm\/wp-content\/uploads\/2025\/10\/PHOTO-2025-10-14-18-59-00.jpg","@id":"https:\/\/serrafm879.com.br\/serrafm\/2025\/10\/marconi-santana-lidera-missao-estrategica-em-brasilia-e-garante-avancos-cruciais-para-todo-o-pernambuco\/#mainImage","width":1280,"height":854},"primaryImageOfPage":{"@id":"https:\/\/serrafm879.com.br\/serrafm\/2025\/10\/marconi-santana-lidera-missao-estrategica-em-brasilia-e-garante-avancos-cruciais-para-todo-o-pernambuco\/#mainImage"},"datePublished":"2025-10-15T13:13:06-03:00","dateModified":"2025-10-15T13:13:06-03:00"},{"@type":"WebSite","@id":"https:\/\/serrafm879.com.br\/serrafm\/#website","url":"https:\/\/serrafm879.com.br\/serrafm\/","name":"Serra FM 87,9","description":"O seu novo amor!","inLanguage":"pt-BR","publisher":{"@id":"https:\/\/serrafm879.com.br\/serrafm\/#organization"}}]},"twitter:card":"summary_large_image","twitter:title":"Marconi Santana lidera miss\u00e3o estrat\u00e9gica em Bras\u00edlia e garante avan\u00e7os cruciais para todo o Pernambuco - Serra FM 87,9","twitter:description":"Bras\u00edlia, 14 de Outubro de 2025 \u2013 O l\u00edder pol\u00edtico Marconi Santana concluiu uma agenda de trabalho intensiva em Bras\u00edlia com resultados concretos e grande impacto para o munic\u00edpio de Flores, Paje\u00fa e todo Pernambuco. Acompanhado do Prefeito Gilberto Ribeiro e de outros importantes parceiros, Marconi articulou encontros estrat\u00e9gicos no Senado, no Minist\u00e9rio da Previd\u00eancia","twitter:image":"https:\/\/serrafm879.com.br\/serrafm\/wp-content\/uploads\/2025\/10\/PHOTO-2025-10-14-18-59-00.jpg"},"aioseo_meta_data":{"post_id":"24590","title":null,"description":null,"keywords":null,"keyphrases":null,"primary_term":null,"canonical_url":null,"og_title":null,"og_description":null,"og_object_type":"default","og_image_type":"default","og_image_custom_url":null,"og_image_custom_fields":null,"og_image_url":null,"og_image_width":null,"og_image_height":null,"og_video":null,"og_custom_url":null,"og_article_section":null,"og_article_tags":null,"twitter_use_og":false,"twitter_card":"default","twitter_image_type":"default","twitter_image_custom_url":null,"twitter_image_custom_fields":null,"twitter_image_url":null,"twitter_title":null,"twitter_description":null,"schema_type":"default","schema_type_options":null,"schema":{"blockGraphs":[],"customGraphs":[],"default":{"data":{"Article":[],"Course":[],"Dataset":[],"FAQPage":[],"Movie":[],"Person":[],"Product":[],"ProductReview":[],"Car":[],"Recipe":[],"Service":[],"SoftwareApplication":[],"WebPage":[]},"graphName":"","isEnabled":true},"graphs":[]},"pillar_content":false,"robots_default":true,"robots_noindex":false,"robots_noarchive":false,"robots_nosnippet":false,"robots_nofollow":false,"robots_noimageindex":false,"robots_noodp":false,"robots_notranslate":false,"robots_max_snippet":null,"robots_max_videopreview":null,"robots_max_imagepreview":"large","priority":null,"frequency":null,"local_seo":null,"limit_modified_date":false,"ai":null,"breadcrumb_settings":null,"seo_analyzer_scan_date":null,"created":"2026-07-21 17:28:12","updated":"2026-07-21 17:28:12"},"aioseo_breadcrumb":"<div class=\"aioseo-breadcrumbs\"><span class=\"aioseo-breadcrumb\">\n\t\t\t<a href=\"https:\/\/serrafm879.com.br\/serrafm\" title=\"Home\">Home<\/a>\n\t\t<\/span><span class=\"aioseo-breadcrumb-separator\">&raquo;<\/span><span class=\"aioseo-breadcrumb\">\n\t\t\t<a href=\"https:\/\/serrafm879.com.br\/serrafm\/categoria\/noticias\/\" title=\"Not\u00edcias\">Not\u00edcias<\/a>\n\t\t<\/span><span class=\"aioseo-breadcrumb-separator\">&raquo;<\/span><span class=\"aioseo-breadcrumb\">\n\t\t\tMarconi Santana lidera miss\u00e3o estrat\u00e9gica em Bras\u00edlia e garante avan\u00e7os cruciais para todo o Pernambuco\n\t\t<\/span><\/div>","aioseo_breadcrumb_json":[{"label":"Home","link":"https:\/\/serrafm879.com.br\/serrafm"},{"label":"Not\u00edcias","link":"https:\/\/serrafm879.com.br\/serrafm\/categoria\/noticias\/"},{"label":"Marconi Santana lidera miss\u00e3o estrat\u00e9gica em Bras\u00edlia e garante avan\u00e7os cruciais para todo o Pernambuco","link":"https:\/\/serrafm879.com.br\/serrafm\/2025\/10\/marconi-santana-lidera-missao-estrategica-em-brasilia-e-garante-avancos-cruciais-para-todo-o-pernambuco\/"}],"jetpack_publicize_connections":[],"jetpack_featured_media_url":"https:\/\/serrafm879.com.br\/serrafm\/wp-content\/uploads\/2025\/10\/PHOTO-2025-10-14-18-59-00.jpg","jetpack_shortlink":"https:\/\/wp.me\/p7HyXg-6oC","jetpack_sharing_enabled":true,"_links":{"self":[{"href":"https:\/\/serrafm879.com.br\/serrafm\/wp-json\/wp\/v2\/posts\/24590","targetHints":{"allow":["GET"]}}],"collection":[{"href":"https:\/\/serrafm879.com.br\/serrafm\/wp-json\/wp\/v2\/posts"}],"about":[{"href":"https:\/\/serrafm879.com.br\/serrafm\/wp-json\/wp\/v2\/types\/post"}],"author":[{"embeddable":true,"href":"https:\/\/serrafm879.com.br\/serrafm\/wp-json\/wp\/v2\/users\/2"}],"replies":[{"embeddable":true,"href":"https:\/\/serrafm879.com.br\/serrafm\/wp-json\/wp\/v2\/comments?post=24590"}],"version-history":[{"count":1,"href":"https:\/\/serrafm879.com.br\/serrafm\/wp-json\/wp\/v2\/posts\/24590\/revisions"}],"predecessor-version":[{"id":24592,"href":"https:\/\/serrafm879.com.br\/serrafm\/wp-json\/wp\/v2\/posts\/24590\/revisions\/24592"}],"wp:featuredmedia":[{"embeddable":true,"href":"https:\/\/serrafm879.com.br\/serrafm\/wp-json\/wp\/v2\/media\/24591"}],"wp:attachment":[{"href":"https:\/\/serrafm879.com.br\/serrafm\/wp-json\/wp\/v2\/media?parent=24590"}],"wp:term":[{"taxonomy":"category","embeddable":true,"href":"https:\/\/serrafm879.com.br\/serrafm\/wp-json\/wp\/v2\/categories?post=24590"},{"taxonomy":"post_tag","embeddable":true,"href":"https:\/\/serrafm879.com.br\/serrafm\/wp-json\/wp\/v2\/tags?post=24590"}],"curies":[{"name":"wp","href":"https:\/\/api.w.org\/{rel}","templated":true}]}}