{"id":24601,"date":"2025-10-15T16:21:00","date_gmt":"2025-10-15T19:21:00","guid":{"rendered":"https:\/\/serrafm879.com.br\/serrafm\/?p=24601"},"modified":"2025-10-16T16:24:04","modified_gmt":"2025-10-16T19:24:04","slug":"ministro-luis-roberto-barroso-apos-passar-mal-foi-levado-para-fazer-exames-medicos","status":"publish","type":"post","link":"https:\/\/serrafm879.com.br\/serrafm\/2025\/10\/ministro-luis-roberto-barroso-apos-passar-mal-foi-levado-para-fazer-exames-medicos\/","title":{"rendered":"Ministro Lu\u00eds Roberto Barroso ap\u00f3s passar mal foi levado para fazer exames m\u00e9dicos"},"content":{"rendered":"<p>O ministro do Supremo Tribunal Federal (STF) Lu\u00eds Roberto Barroso teve um mal-estar nesta quarta-feira (15), e foi levado para o Hospital S\u00edrio Liban\u00eas, em Bras\u00edlia. Ele estava na Corte quando houve uma queda de press\u00e3o.<\/p>\n<p>A suspeita inicial era de uma virose. O ministro est\u00e1 sendo submetido a exames. Ainda n\u00e3o h\u00e1 informa\u00e7\u00f5es sobre o diagn\u00f3stico. Ele ficar\u00e1 internado ao menos at\u00e9 amanh\u00e3.<\/p>\n<p>Barroso comunicou em plen\u00e1rio na quinta-feira, 9, a decis\u00e3o de antecipar a aposentadoria. A medida foi publicada nesta quarta-feira, 15, no Di\u00e1rio Oficial da Uni\u00e3o, com data de validade a partir de s\u00e1bado, 18.<\/p>\n<p>A sa\u00edda precoce de Barroso do tribunal abre a terceira vaga no atual mandato de Luiz In\u00e1cio Lula da Silva. Com a aposentadoria publicada, a expectativa \u00e9 que seja nomeado um novo ministro ainda nesta semana.<\/p>\n<p>Com informa\u00e7\u00f5es do Estad\u00e3o Conte\u00fado.<\/p>\n","protected":false},"excerpt":{"rendered":"<p>O ministro do Supremo Tribunal Federal (STF) Lu\u00eds Roberto Barroso teve um mal-estar nesta quarta-feira (15), e foi levado para o Hospital S\u00edrio Liban\u00eas, em Bras\u00edlia. Ele estava na Corte quando houve uma queda de press\u00e3o. A suspeita inicial era de uma virose. O ministro est\u00e1 sendo submetido a exames. Ainda n\u00e3o h\u00e1 informa\u00e7\u00f5es sobre o diagn\u00f3stico. Ele ficar\u00e1 internado ao menos at\u00e9 amanh\u00e3. Barroso comunicou em plen\u00e1rio na quinta-feira, 9, a decis\u00e3o de antecipar a aposentadoria. A medida foi publicada nesta quarta-feira, 15, no Di\u00e1rio Oficial da Uni\u00e3o, com data de validade a partir de s\u00e1bado, 18. A sa\u00edda [&hellip;]<\/p>\n","protected":false},"author":2,"featured_media":15731,"comment_status":"open","ping_status":"open","sticky":false,"template":"","format":"standard","meta":{"_jetpack_newsletter_access":"","_jetpack_dont_email_post_to_subs":false,"_jetpack_newsletter_tier_id":0,"_jetpack_memberships_contains_paywalled_content":false,"_jetpack_feature_clip_id":0,"_jetpack_memberships_contains_paid_content":false,"footnotes":"","jetpack_publicize_message":"","jetpack_publicize_feature_enabled":true,"jetpack_social_post_already_shared":true,"jetpack_social_options":{"image_generator_settings":{"template":"highway","default_image_id":0,"font":"","enabled":false},"version":2},"jetpack_post_was_ever_published":false},"categories":[144],"tags":[],"class_list":["post-24601","post","type-post","status-publish","format-standard","has-post-thumbnail","hentry","category-politica"],"aioseo_notices":[],"aioseo_head":"\n\t\t<!-- All in One SEO 4.9.10 - aioseo.com -->\n\t<meta name=\"description\" content=\"O ministro do Supremo Tribunal Federal (STF) Lu\u00eds Roberto Barroso teve um mal-estar nesta quarta-feira (15), e foi levado para o Hospital S\u00edrio Liban\u00eas, em Bras\u00edlia. Ele estava na Corte quando houve uma queda de press\u00e3o. A suspeita inicial era de uma virose. O ministro est\u00e1 sendo submetido a exames. Ainda n\u00e3o h\u00e1 informa\u00e7\u00f5es sobre\" \/>\n\t<meta name=\"robots\" content=\"max-image-preview:large\" \/>\n\t<meta name=\"author\" content=\"serrafm87\"\/>\n\t<link rel=\"canonical\" href=\"https:\/\/serrafm879.com.br\/serrafm\/2025\/10\/ministro-luis-roberto-barroso-apos-passar-mal-foi-levado-para-fazer-exames-medicos\/\" \/>\n\t<meta name=\"generator\" content=\"All in One SEO (AIOSEO) 4.9.10\" \/>\n\t\t<meta name=\"twitter:card\" content=\"summary_large_image\" \/>\n\t\t<meta name=\"twitter:title\" content=\"Ministro Lu\u00eds Roberto Barroso ap\u00f3s passar mal foi levado para fazer exames m\u00e9dicos - Serra FM 87,9\" \/>\n\t\t<meta name=\"twitter:description\" content=\"O ministro do Supremo Tribunal Federal (STF) Lu\u00eds Roberto Barroso teve um mal-estar nesta quarta-feira (15), e foi levado para o Hospital S\u00edrio Liban\u00eas, em Bras\u00edlia. Ele estava na Corte quando houve uma queda de press\u00e3o. A suspeita inicial era de uma virose. O ministro est\u00e1 sendo submetido a exames. Ainda n\u00e3o h\u00e1 informa\u00e7\u00f5es sobre\" \/>\n\t\t<meta name=\"twitter:image\" content=\"https:\/\/serrafm879.com.br\/serrafm\/wp-content\/uploads\/2024\/04\/barroso.jpg\" \/>\n\t\t<script type=\"application\/ld+json\" class=\"aioseo-schema\">\n\t\t\t{\"@context\":\"https:\\\/\\\/schema.org\",\"@graph\":[{\"@type\":\"BlogPosting\",\"@id\":\"https:\\\/\\\/serrafm879.com.br\\\/serrafm\\\/2025\\\/10\\\/ministro-luis-roberto-barroso-apos-passar-mal-foi-levado-para-fazer-exames-medicos\\\/#blogposting\",\"name\":\"Ministro Lu\\u00eds Roberto Barroso ap\\u00f3s passar mal foi levado para fazer exames m\\u00e9dicos - Serra FM 87,9\",\"headline\":\"Ministro Lu\\u00eds Roberto Barroso ap\\u00f3s passar mal foi levado para fazer exames m\\u00e9dicos\",\"author\":{\"@id\":\"https:\\\/\\\/serrafm879.com.br\\\/serrafm\\\/author\\\/serrafm87\\\/#author\"},\"publisher\":{\"@id\":\"https:\\\/\\\/serrafm879.com.br\\\/serrafm\\\/#organization\"},\"image\":{\"@type\":\"ImageObject\",\"url\":\"https:\\\/\\\/serrafm879.com.br\\\/serrafm\\\/wp-content\\\/uploads\\\/2024\\\/04\\\/barroso.jpg\",\"width\":281,\"height\":179},\"datePublished\":\"2025-10-15T16:21:00-03:00\",\"dateModified\":\"2025-10-16T16:24:04-03:00\",\"inLanguage\":\"pt-BR\",\"mainEntityOfPage\":{\"@id\":\"https:\\\/\\\/serrafm879.com.br\\\/serrafm\\\/2025\\\/10\\\/ministro-luis-roberto-barroso-apos-passar-mal-foi-levado-para-fazer-exames-medicos\\\/#webpage\"},\"isPartOf\":{\"@id\":\"https:\\\/\\\/serrafm879.com.br\\\/serrafm\\\/2025\\\/10\\\/ministro-luis-roberto-barroso-apos-passar-mal-foi-levado-para-fazer-exames-medicos\\\/#webpage\"},\"articleSection\":\"Pol\\u00edtica\"},{\"@type\":\"BreadcrumbList\",\"@id\":\"https:\\\/\\\/serrafm879.com.br\\\/serrafm\\\/2025\\\/10\\\/ministro-luis-roberto-barroso-apos-passar-mal-foi-levado-para-fazer-exames-medicos\\\/#breadcrumblist\",\"itemListElement\":[{\"@type\":\"ListItem\",\"@id\":\"https:\\\/\\\/serrafm879.com.br\\\/serrafm#listItem\",\"position\":1,\"name\":\"Home\",\"item\":\"https:\\\/\\\/serrafm879.com.br\\\/serrafm\",\"nextItem\":{\"@type\":\"ListItem\",\"@id\":\"https:\\\/\\\/serrafm879.com.br\\\/serrafm\\\/categoria\\\/politica\\\/#listItem\",\"name\":\"Pol\\u00edtica\"}},{\"@type\":\"ListItem\",\"@id\":\"https:\\\/\\\/serrafm879.com.br\\\/serrafm\\\/categoria\\\/politica\\\/#listItem\",\"position\":2,\"name\":\"Pol\\u00edtica\",\"item\":\"https:\\\/\\\/serrafm879.com.br\\\/serrafm\\\/categoria\\\/politica\\\/\",\"nextItem\":{\"@type\":\"ListItem\",\"@id\":\"https:\\\/\\\/serrafm879.com.br\\\/serrafm\\\/2025\\\/10\\\/ministro-luis-roberto-barroso-apos-passar-mal-foi-levado-para-fazer-exames-medicos\\\/#listItem\",\"name\":\"Ministro Lu\\u00eds Roberto Barroso ap\\u00f3s passar mal foi levado para fazer exames m\\u00e9dicos\"},\"previousItem\":{\"@type\":\"ListItem\",\"@id\":\"https:\\\/\\\/serrafm879.com.br\\\/serrafm#listItem\",\"name\":\"Home\"}},{\"@type\":\"ListItem\",\"@id\":\"https:\\\/\\\/serrafm879.com.br\\\/serrafm\\\/2025\\\/10\\\/ministro-luis-roberto-barroso-apos-passar-mal-foi-levado-para-fazer-exames-medicos\\\/#listItem\",\"position\":3,\"name\":\"Ministro Lu\\u00eds Roberto Barroso ap\\u00f3s passar mal foi levado para fazer exames m\\u00e9dicos\",\"previousItem\":{\"@type\":\"ListItem\",\"@id\":\"https:\\\/\\\/serrafm879.com.br\\\/serrafm\\\/categoria\\\/politica\\\/#listItem\",\"name\":\"Pol\\u00edtica\"}}]},{\"@type\":\"Organization\",\"@id\":\"https:\\\/\\\/serrafm879.com.br\\\/serrafm\\\/#organization\",\"name\":\"Serra FM 87,9\",\"description\":\"O seu novo amor!\",\"url\":\"https:\\\/\\\/serrafm879.com.br\\\/serrafm\\\/\"},{\"@type\":\"Person\",\"@id\":\"https:\\\/\\\/serrafm879.com.br\\\/serrafm\\\/author\\\/serrafm87\\\/#author\",\"url\":\"https:\\\/\\\/serrafm879.com.br\\\/serrafm\\\/author\\\/serrafm87\\\/\",\"name\":\"serrafm87\",\"image\":{\"@type\":\"ImageObject\",\"@id\":\"https:\\\/\\\/serrafm879.com.br\\\/serrafm\\\/2025\\\/10\\\/ministro-luis-roberto-barroso-apos-passar-mal-foi-levado-para-fazer-exames-medicos\\\/#authorImage\",\"url\":\"https:\\\/\\\/secure.gravatar.com\\\/avatar\\\/a743233f1112d34f48bb3dc9559b76eb930bab8b27175856cba6362608736235?s=96&d=mm&r=g\",\"width\":96,\"height\":96,\"caption\":\"serrafm87\"}},{\"@type\":\"WebPage\",\"@id\":\"https:\\\/\\\/serrafm879.com.br\\\/serrafm\\\/2025\\\/10\\\/ministro-luis-roberto-barroso-apos-passar-mal-foi-levado-para-fazer-exames-medicos\\\/#webpage\",\"url\":\"https:\\\/\\\/serrafm879.com.br\\\/serrafm\\\/2025\\\/10\\\/ministro-luis-roberto-barroso-apos-passar-mal-foi-levado-para-fazer-exames-medicos\\\/\",\"name\":\"Ministro Lu\\u00eds Roberto Barroso ap\\u00f3s passar mal foi levado para fazer exames m\\u00e9dicos - Serra FM 87,9\",\"description\":\"O ministro do Supremo Tribunal Federal (STF) Lu\\u00eds Roberto Barroso teve um mal-estar nesta quarta-feira (15), e foi levado para o Hospital S\\u00edrio Liban\\u00eas, em Bras\\u00edlia. Ele estava na Corte quando houve uma queda de press\\u00e3o. A suspeita inicial era de uma virose. O ministro est\\u00e1 sendo submetido a exames. Ainda n\\u00e3o h\\u00e1 informa\\u00e7\\u00f5es sobre\",\"inLanguage\":\"pt-BR\",\"isPartOf\":{\"@id\":\"https:\\\/\\\/serrafm879.com.br\\\/serrafm\\\/#website\"},\"breadcrumb\":{\"@id\":\"https:\\\/\\\/serrafm879.com.br\\\/serrafm\\\/2025\\\/10\\\/ministro-luis-roberto-barroso-apos-passar-mal-foi-levado-para-fazer-exames-medicos\\\/#breadcrumblist\"},\"author\":{\"@id\":\"https:\\\/\\\/serrafm879.com.br\\\/serrafm\\\/author\\\/serrafm87\\\/#author\"},\"creator\":{\"@id\":\"https:\\\/\\\/serrafm879.com.br\\\/serrafm\\\/author\\\/serrafm87\\\/#author\"},\"image\":{\"@type\":\"ImageObject\",\"url\":\"https:\\\/\\\/serrafm879.com.br\\\/serrafm\\\/wp-content\\\/uploads\\\/2024\\\/04\\\/barroso.jpg\",\"@id\":\"https:\\\/\\\/serrafm879.com.br\\\/serrafm\\\/2025\\\/10\\\/ministro-luis-roberto-barroso-apos-passar-mal-foi-levado-para-fazer-exames-medicos\\\/#mainImage\",\"width\":281,\"height\":179},\"primaryImageOfPage\":{\"@id\":\"https:\\\/\\\/serrafm879.com.br\\\/serrafm\\\/2025\\\/10\\\/ministro-luis-roberto-barroso-apos-passar-mal-foi-levado-para-fazer-exames-medicos\\\/#mainImage\"},\"datePublished\":\"2025-10-15T16:21:00-03:00\",\"dateModified\":\"2025-10-16T16:24:04-03:00\"},{\"@type\":\"WebSite\",\"@id\":\"https:\\\/\\\/serrafm879.com.br\\\/serrafm\\\/#website\",\"url\":\"https:\\\/\\\/serrafm879.com.br\\\/serrafm\\\/\",\"name\":\"Serra FM 87,9\",\"description\":\"O seu novo amor!\",\"inLanguage\":\"pt-BR\",\"publisher\":{\"@id\":\"https:\\\/\\\/serrafm879.com.br\\\/serrafm\\\/#organization\"}}]}\n\t\t<\/script>\n\t\t<!-- All in One SEO -->\n\n","aioseo_head_json":{"title":"Ministro Lu\u00eds Roberto Barroso ap\u00f3s passar mal foi levado para fazer exames m\u00e9dicos - Serra FM 87,9","description":"O ministro do Supremo Tribunal Federal (STF) Lu\u00eds Roberto Barroso teve um mal-estar nesta quarta-feira (15), e foi levado para o Hospital S\u00edrio Liban\u00eas, em Bras\u00edlia. Ele estava na Corte quando houve uma queda de press\u00e3o. A suspeita inicial era de uma virose. O ministro est\u00e1 sendo submetido a exames. Ainda n\u00e3o h\u00e1 informa\u00e7\u00f5es sobre","canonical_url":"https:\/\/serrafm879.com.br\/serrafm\/2025\/10\/ministro-luis-roberto-barroso-apos-passar-mal-foi-levado-para-fazer-exames-medicos\/","robots":"max-image-preview:large","keywords":"","webmasterTools":{"miscellaneous":""},"schema":{"@context":"https:\/\/schema.org","@graph":[{"@type":"BlogPosting","@id":"https:\/\/serrafm879.com.br\/serrafm\/2025\/10\/ministro-luis-roberto-barroso-apos-passar-mal-foi-levado-para-fazer-exames-medicos\/#blogposting","name":"Ministro Lu\u00eds Roberto Barroso ap\u00f3s passar mal foi levado para fazer exames m\u00e9dicos - Serra FM 87,9","headline":"Ministro Lu\u00eds Roberto Barroso ap\u00f3s passar mal foi levado para fazer exames m\u00e9dicos","author":{"@id":"https:\/\/serrafm879.com.br\/serrafm\/author\/serrafm87\/#author"},"publisher":{"@id":"https:\/\/serrafm879.com.br\/serrafm\/#organization"},"image":{"@type":"ImageObject","url":"https:\/\/serrafm879.com.br\/serrafm\/wp-content\/uploads\/2024\/04\/barroso.jpg","width":281,"height":179},"datePublished":"2025-10-15T16:21:00-03:00","dateModified":"2025-10-16T16:24:04-03:00","inLanguage":"pt-BR","mainEntityOfPage":{"@id":"https:\/\/serrafm879.com.br\/serrafm\/2025\/10\/ministro-luis-roberto-barroso-apos-passar-mal-foi-levado-para-fazer-exames-medicos\/#webpage"},"isPartOf":{"@id":"https:\/\/serrafm879.com.br\/serrafm\/2025\/10\/ministro-luis-roberto-barroso-apos-passar-mal-foi-levado-para-fazer-exames-medicos\/#webpage"},"articleSection":"Pol\u00edtica"},{"@type":"BreadcrumbList","@id":"https:\/\/serrafm879.com.br\/serrafm\/2025\/10\/ministro-luis-roberto-barroso-apos-passar-mal-foi-levado-para-fazer-exames-medicos\/#breadcrumblist","itemListElement":[{"@type":"ListItem","@id":"https:\/\/serrafm879.com.br\/serrafm#listItem","position":1,"name":"Home","item":"https:\/\/serrafm879.com.br\/serrafm","nextItem":{"@type":"ListItem","@id":"https:\/\/serrafm879.com.br\/serrafm\/categoria\/politica\/#listItem","name":"Pol\u00edtica"}},{"@type":"ListItem","@id":"https:\/\/serrafm879.com.br\/serrafm\/categoria\/politica\/#listItem","position":2,"name":"Pol\u00edtica","item":"https:\/\/serrafm879.com.br\/serrafm\/categoria\/politica\/","nextItem":{"@type":"ListItem","@id":"https:\/\/serrafm879.com.br\/serrafm\/2025\/10\/ministro-luis-roberto-barroso-apos-passar-mal-foi-levado-para-fazer-exames-medicos\/#listItem","name":"Ministro Lu\u00eds Roberto Barroso ap\u00f3s passar mal foi levado para fazer exames m\u00e9dicos"},"previousItem":{"@type":"ListItem","@id":"https:\/\/serrafm879.com.br\/serrafm#listItem","name":"Home"}},{"@type":"ListItem","@id":"https:\/\/serrafm879.com.br\/serrafm\/2025\/10\/ministro-luis-roberto-barroso-apos-passar-mal-foi-levado-para-fazer-exames-medicos\/#listItem","position":3,"name":"Ministro Lu\u00eds Roberto Barroso ap\u00f3s passar mal foi levado para fazer exames m\u00e9dicos","previousItem":{"@type":"ListItem","@id":"https:\/\/serrafm879.com.br\/serrafm\/categoria\/politica\/#listItem","name":"Pol\u00edtica"}}]},{"@type":"Organization","@id":"https:\/\/serrafm879.com.br\/serrafm\/#organization","name":"Serra FM 87,9","description":"O seu novo amor!","url":"https:\/\/serrafm879.com.br\/serrafm\/"},{"@type":"Person","@id":"https:\/\/serrafm879.com.br\/serrafm\/author\/serrafm87\/#author","url":"https:\/\/serrafm879.com.br\/serrafm\/author\/serrafm87\/","name":"serrafm87","image":{"@type":"ImageObject","@id":"https:\/\/serrafm879.com.br\/serrafm\/2025\/10\/ministro-luis-roberto-barroso-apos-passar-mal-foi-levado-para-fazer-exames-medicos\/#authorImage","url":"https:\/\/secure.gravatar.com\/avatar\/a743233f1112d34f48bb3dc9559b76eb930bab8b27175856cba6362608736235?s=96&d=mm&r=g","width":96,"height":96,"caption":"serrafm87"}},{"@type":"WebPage","@id":"https:\/\/serrafm879.com.br\/serrafm\/2025\/10\/ministro-luis-roberto-barroso-apos-passar-mal-foi-levado-para-fazer-exames-medicos\/#webpage","url":"https:\/\/serrafm879.com.br\/serrafm\/2025\/10\/ministro-luis-roberto-barroso-apos-passar-mal-foi-levado-para-fazer-exames-medicos\/","name":"Ministro Lu\u00eds Roberto Barroso ap\u00f3s passar mal foi levado para fazer exames m\u00e9dicos - Serra FM 87,9","description":"O ministro do Supremo Tribunal Federal (STF) Lu\u00eds Roberto Barroso teve um mal-estar nesta quarta-feira (15), e foi levado para o Hospital S\u00edrio Liban\u00eas, em Bras\u00edlia. Ele estava na Corte quando houve uma queda de press\u00e3o. A suspeita inicial era de uma virose. O ministro est\u00e1 sendo submetido a exames. Ainda n\u00e3o h\u00e1 informa\u00e7\u00f5es sobre","inLanguage":"pt-BR","isPartOf":{"@id":"https:\/\/serrafm879.com.br\/serrafm\/#website"},"breadcrumb":{"@id":"https:\/\/serrafm879.com.br\/serrafm\/2025\/10\/ministro-luis-roberto-barroso-apos-passar-mal-foi-levado-para-fazer-exames-medicos\/#breadcrumblist"},"author":{"@id":"https:\/\/serrafm879.com.br\/serrafm\/author\/serrafm87\/#author"},"creator":{"@id":"https:\/\/serrafm879.com.br\/serrafm\/author\/serrafm87\/#author"},"image":{"@type":"ImageObject","url":"https:\/\/serrafm879.com.br\/serrafm\/wp-content\/uploads\/2024\/04\/barroso.jpg","@id":"https:\/\/serrafm879.com.br\/serrafm\/2025\/10\/ministro-luis-roberto-barroso-apos-passar-mal-foi-levado-para-fazer-exames-medicos\/#mainImage","width":281,"height":179},"primaryImageOfPage":{"@id":"https:\/\/serrafm879.com.br\/serrafm\/2025\/10\/ministro-luis-roberto-barroso-apos-passar-mal-foi-levado-para-fazer-exames-medicos\/#mainImage"},"datePublished":"2025-10-15T16:21:00-03:00","dateModified":"2025-10-16T16:24:04-03:00"},{"@type":"WebSite","@id":"https:\/\/serrafm879.com.br\/serrafm\/#website","url":"https:\/\/serrafm879.com.br\/serrafm\/","name":"Serra FM 87,9","description":"O seu novo amor!","inLanguage":"pt-BR","publisher":{"@id":"https:\/\/serrafm879.com.br\/serrafm\/#organization"}}]},"twitter:card":"summary_large_image","twitter:title":"Ministro Lu\u00eds Roberto Barroso ap\u00f3s passar mal foi levado para fazer exames m\u00e9dicos - Serra FM 87,9","twitter:description":"O ministro do Supremo Tribunal Federal (STF) Lu\u00eds Roberto Barroso teve um mal-estar nesta quarta-feira (15), e foi levado para o Hospital S\u00edrio Liban\u00eas, em Bras\u00edlia. Ele estava na Corte quando houve uma queda de press\u00e3o. A suspeita inicial era de uma virose. O ministro est\u00e1 sendo submetido a exames. Ainda n\u00e3o h\u00e1 informa\u00e7\u00f5es sobre","twitter:image":"https:\/\/serrafm879.com.br\/serrafm\/wp-content\/uploads\/2024\/04\/barroso.jpg"},"aioseo_meta_data":{"post_id":"24601","title":null,"description":null,"keywords":null,"keyphrases":null,"primary_term":null,"canonical_url":null,"og_title":null,"og_description":null,"og_object_type":"default","og_image_type":"default","og_image_custom_url":null,"og_image_custom_fields":null,"og_image_url":null,"og_image_width":null,"og_image_height":null,"og_video":null,"og_custom_url":null,"og_article_section":null,"og_article_tags":null,"twitter_use_og":false,"twitter_card":"default","twitter_image_type":"default","twitter_image_custom_url":null,"twitter_image_custom_fields":null,"twitter_image_url":null,"twitter_title":null,"twitter_description":null,"schema_type":"default","schema_type_options":null,"schema":{"blockGraphs":[],"customGraphs":[],"default":{"data":{"Article":[],"Course":[],"Dataset":[],"FAQPage":[],"Movie":[],"Person":[],"Product":[],"ProductReview":[],"Car":[],"Recipe":[],"Service":[],"SoftwareApplication":[],"WebPage":[]},"graphName":"","isEnabled":true},"graphs":[]},"pillar_content":false,"robots_default":true,"robots_noindex":false,"robots_noarchive":false,"robots_nosnippet":false,"robots_nofollow":false,"robots_noimageindex":false,"robots_noodp":false,"robots_notranslate":false,"robots_max_snippet":null,"robots_max_videopreview":null,"robots_max_imagepreview":"large","priority":null,"frequency":null,"local_seo":null,"limit_modified_date":false,"ai":null,"breadcrumb_settings":null,"seo_analyzer_scan_date":null,"created":"2026-07-21 17:29:26","updated":"2026-07-21 17:29:26"},"aioseo_breadcrumb":"<div class=\"aioseo-breadcrumbs\"><span class=\"aioseo-breadcrumb\">\n\t\t\t<a href=\"https:\/\/serrafm879.com.br\/serrafm\" title=\"Home\">Home<\/a>\n\t\t<\/span><span class=\"aioseo-breadcrumb-separator\">&raquo;<\/span><span class=\"aioseo-breadcrumb\">\n\t\t\t<a href=\"https:\/\/serrafm879.com.br\/serrafm\/categoria\/politica\/\" title=\"Pol\u00edtica\">Pol\u00edtica<\/a>\n\t\t<\/span><span class=\"aioseo-breadcrumb-separator\">&raquo;<\/span><span class=\"aioseo-breadcrumb\">\n\t\t\tMinistro Lu\u00eds Roberto Barroso ap\u00f3s passar mal foi levado para fazer exames m\u00e9dicos\n\t\t<\/span><\/div>","aioseo_breadcrumb_json":[{"label":"Home","link":"https:\/\/serrafm879.com.br\/serrafm"},{"label":"Pol\u00edtica","link":"https:\/\/serrafm879.com.br\/serrafm\/categoria\/politica\/"},{"label":"Ministro Lu\u00eds Roberto Barroso ap\u00f3s passar mal foi levado para fazer exames m\u00e9dicos","link":"https:\/\/serrafm879.com.br\/serrafm\/2025\/10\/ministro-luis-roberto-barroso-apos-passar-mal-foi-levado-para-fazer-exames-medicos\/"}],"jetpack_publicize_connections":[],"jetpack_featured_media_url":"https:\/\/serrafm879.com.br\/serrafm\/wp-content\/uploads\/2024\/04\/barroso.jpg","jetpack_shortlink":"https:\/\/wp.me\/p7HyXg-6oN","jetpack_sharing_enabled":true,"_links":{"self":[{"href":"https:\/\/serrafm879.com.br\/serrafm\/wp-json\/wp\/v2\/posts\/24601","targetHints":{"allow":["GET"]}}],"collection":[{"href":"https:\/\/serrafm879.com.br\/serrafm\/wp-json\/wp\/v2\/posts"}],"about":[{"href":"https:\/\/serrafm879.com.br\/serrafm\/wp-json\/wp\/v2\/types\/post"}],"author":[{"embeddable":true,"href":"https:\/\/serrafm879.com.br\/serrafm\/wp-json\/wp\/v2\/users\/2"}],"replies":[{"embeddable":true,"href":"https:\/\/serrafm879.com.br\/serrafm\/wp-json\/wp\/v2\/comments?post=24601"}],"version-history":[{"count":1,"href":"https:\/\/serrafm879.com.br\/serrafm\/wp-json\/wp\/v2\/posts\/24601\/revisions"}],"predecessor-version":[{"id":24602,"href":"https:\/\/serrafm879.com.br\/serrafm\/wp-json\/wp\/v2\/posts\/24601\/revisions\/24602"}],"wp:featuredmedia":[{"embeddable":true,"href":"https:\/\/serrafm879.com.br\/serrafm\/wp-json\/wp\/v2\/media\/15731"}],"wp:attachment":[{"href":"https:\/\/serrafm879.com.br\/serrafm\/wp-json\/wp\/v2\/media?parent=24601"}],"wp:term":[{"taxonomy":"category","embeddable":true,"href":"https:\/\/serrafm879.com.br\/serrafm\/wp-json\/wp\/v2\/categories?post=24601"},{"taxonomy":"post_tag","embeddable":true,"href":"https:\/\/serrafm879.com.br\/serrafm\/wp-json\/wp\/v2\/tags?post=24601"}],"curies":[{"name":"wp","href":"https:\/\/api.w.org\/{rel}","templated":true}]}}