{"id":24653,"date":"2025-10-20T17:15:35","date_gmt":"2025-10-20T20:15:35","guid":{"rendered":"https:\/\/serrafm879.com.br\/serrafm\/?p=24653"},"modified":"2025-10-20T17:15:35","modified_gmt":"2025-10-20T20:15:35","slug":"prefeitura-de-flores-comunica-prorrogacao-de-inscricoes-do-concurso-publico","status":"publish","type":"post","link":"https:\/\/serrafm879.com.br\/serrafm\/2025\/10\/prefeitura-de-flores-comunica-prorrogacao-de-inscricoes-do-concurso-publico\/","title":{"rendered":"Prefeitura de Flores comunica prorroga\u00e7\u00e3o de inscri\u00e7\u00f5es do Concurso P\u00fablico"},"content":{"rendered":"<p>O Governo Municipal de Flores, no Sert\u00e3o do Paje\u00fa, comunica a prorroga\u00e7\u00e3o do prazo de inscri\u00e7\u00f5es para o Concurso P\u00fablico \u2013 Edital n\u00b0 001\/2025. O prazo final para se inscrever ser\u00e1 o dia 24 de novembro do ano corrente.<\/p>\n<p>O certame disponibiliza um total de 43 vagas para diversos n\u00edveis.<\/p>\n<p>S\u00e3o seis vagas para N\u00edvel Superior, incluindo\u00a0M\u00e9dico Psiquiatra,\u00a0M\u00e9dico Cardiologista,\u00a0Fonoaudi\u00f3logo,\u00a0Fisioterapeuta,\u00a0Nutricionista e\u00a0Psic\u00f3logo.<\/p>\n<p>Ao todo,\u00a0 37 vagas de n\u00edvel m\u00e9dio,\u00a0contemplando 5 vagas para Agente de Combate \u00e0s Endemias e\u00a09 vagas para Agente Municipal de Tr\u00e2nsito e\u00a023 vagas distribu\u00eddas entre diversas unidades para Agente Comunit\u00e1rio de Sa\u00fade (4 vagas para Ant\u00f4nio Pereira \u2013 5 para Manoel de Santana \u2013 3 para Matolagem \u2013 1 para F\u00e1tima I \u2013 2 para F\u00e1tima II \u2013 3 para S\u00edtio dos Nunes \u2013 2 para S\u00e3o Jo\u00e3o \u2013 3 para Saco do Rom\u00e3o.<\/p>\n","protected":false},"excerpt":{"rendered":"<p>O Governo Municipal de Flores, no Sert\u00e3o do Paje\u00fa, comunica a prorroga\u00e7\u00e3o do prazo de inscri\u00e7\u00f5es para o Concurso P\u00fablico \u2013 Edital n\u00b0 001\/2025. O prazo final para se inscrever ser\u00e1 o dia 24 de novembro do ano corrente. O certame disponibiliza um total de 43 vagas para diversos n\u00edveis. S\u00e3o seis vagas para N\u00edvel Superior, incluindo\u00a0M\u00e9dico Psiquiatra,\u00a0M\u00e9dico Cardiologista,\u00a0Fonoaudi\u00f3logo,\u00a0Fisioterapeuta,\u00a0Nutricionista e\u00a0Psic\u00f3logo. Ao todo,\u00a0 37 vagas de n\u00edvel m\u00e9dio,\u00a0contemplando 5 vagas para Agente de Combate \u00e0s Endemias e\u00a09 vagas para Agente Municipal de Tr\u00e2nsito e\u00a023 vagas distribu\u00eddas entre diversas unidades para Agente Comunit\u00e1rio de Sa\u00fade (4 vagas para Ant\u00f4nio Pereira \u2013 5 [&hellip;]<\/p>\n","protected":false},"author":2,"featured_media":24654,"comment_status":"open","ping_status":"open","sticky":false,"template":"","format":"standard","meta":{"_jetpack_newsletter_access":"","_jetpack_dont_email_post_to_subs":false,"_jetpack_newsletter_tier_id":0,"_jetpack_memberships_contains_paywalled_content":false,"_jetpack_feature_clip_id":0,"_jetpack_memberships_contains_paid_content":false,"footnotes":"","jetpack_publicize_message":"","jetpack_publicize_feature_enabled":true,"jetpack_social_post_already_shared":true,"jetpack_social_options":{"image_generator_settings":{"template":"highway","default_image_id":0,"font":"","enabled":false},"version":2},"jetpack_post_was_ever_published":false},"categories":[2],"tags":[],"class_list":["post-24653","post","type-post","status-publish","format-standard","has-post-thumbnail","hentry","category-noticias"],"aioseo_notices":[],"aioseo_head":"\n\t\t<!-- All in One SEO 4.9.10 - aioseo.com -->\n\t<meta name=\"description\" content=\"O Governo Municipal de Flores, no Sert\u00e3o do Paje\u00fa, comunica a prorroga\u00e7\u00e3o do prazo de inscri\u00e7\u00f5es para o Concurso P\u00fablico \u2013 Edital n\u00b0 001\/2025. O prazo final para se inscrever ser\u00e1 o dia 24 de novembro do ano corrente. O certame disponibiliza um total de 43 vagas para diversos n\u00edveis. S\u00e3o seis vagas para N\u00edvel\" \/>\n\t<meta name=\"robots\" content=\"max-image-preview:large\" \/>\n\t<meta name=\"author\" content=\"serrafm87\"\/>\n\t<link rel=\"canonical\" href=\"https:\/\/serrafm879.com.br\/serrafm\/2025\/10\/prefeitura-de-flores-comunica-prorrogacao-de-inscricoes-do-concurso-publico\/\" \/>\n\t<meta name=\"generator\" content=\"All in One SEO (AIOSEO) 4.9.10\" \/>\n\t\t<meta name=\"twitter:card\" content=\"summary_large_image\" \/>\n\t\t<meta name=\"twitter:title\" content=\"Prefeitura de Flores comunica prorroga\u00e7\u00e3o de inscri\u00e7\u00f5es do Concurso P\u00fablico - Serra FM 87,9\" \/>\n\t\t<meta name=\"twitter:description\" content=\"O Governo Municipal de Flores, no Sert\u00e3o do Paje\u00fa, comunica a prorroga\u00e7\u00e3o do prazo de inscri\u00e7\u00f5es para o Concurso P\u00fablico \u2013 Edital n\u00b0 001\/2025. O prazo final para se inscrever ser\u00e1 o dia 24 de novembro do ano corrente. O certame disponibiliza um total de 43 vagas para diversos n\u00edveis. S\u00e3o seis vagas para N\u00edvel\" \/>\n\t\t<meta name=\"twitter:image\" content=\"https:\/\/serrafm879.com.br\/serrafm\/wp-content\/uploads\/2025\/10\/download.jpg\" \/>\n\t\t<script type=\"application\/ld+json\" class=\"aioseo-schema\">\n\t\t\t{\"@context\":\"https:\\\/\\\/schema.org\",\"@graph\":[{\"@type\":\"BlogPosting\",\"@id\":\"https:\\\/\\\/serrafm879.com.br\\\/serrafm\\\/2025\\\/10\\\/prefeitura-de-flores-comunica-prorrogacao-de-inscricoes-do-concurso-publico\\\/#blogposting\",\"name\":\"Prefeitura de Flores comunica prorroga\\u00e7\\u00e3o de inscri\\u00e7\\u00f5es do Concurso P\\u00fablico - Serra FM 87,9\",\"headline\":\"Prefeitura de Flores comunica prorroga\\u00e7\\u00e3o de inscri\\u00e7\\u00f5es do Concurso P\\u00fablico\",\"author\":{\"@id\":\"https:\\\/\\\/serrafm879.com.br\\\/serrafm\\\/author\\\/serrafm87\\\/#author\"},\"publisher\":{\"@id\":\"https:\\\/\\\/serrafm879.com.br\\\/serrafm\\\/#organization\"},\"image\":{\"@type\":\"ImageObject\",\"url\":\"https:\\\/\\\/serrafm879.com.br\\\/serrafm\\\/wp-content\\\/uploads\\\/2025\\\/10\\\/download.jpg\",\"width\":300,\"height\":168},\"datePublished\":\"2025-10-20T17:15:35-03:00\",\"dateModified\":\"2025-10-20T17:15:35-03:00\",\"inLanguage\":\"pt-BR\",\"mainEntityOfPage\":{\"@id\":\"https:\\\/\\\/serrafm879.com.br\\\/serrafm\\\/2025\\\/10\\\/prefeitura-de-flores-comunica-prorrogacao-de-inscricoes-do-concurso-publico\\\/#webpage\"},\"isPartOf\":{\"@id\":\"https:\\\/\\\/serrafm879.com.br\\\/serrafm\\\/2025\\\/10\\\/prefeitura-de-flores-comunica-prorrogacao-de-inscricoes-do-concurso-publico\\\/#webpage\"},\"articleSection\":\"Not\\u00edcias\"},{\"@type\":\"BreadcrumbList\",\"@id\":\"https:\\\/\\\/serrafm879.com.br\\\/serrafm\\\/2025\\\/10\\\/prefeitura-de-flores-comunica-prorrogacao-de-inscricoes-do-concurso-publico\\\/#breadcrumblist\",\"itemListElement\":[{\"@type\":\"ListItem\",\"@id\":\"https:\\\/\\\/serrafm879.com.br\\\/serrafm#listItem\",\"position\":1,\"name\":\"Home\",\"item\":\"https:\\\/\\\/serrafm879.com.br\\\/serrafm\",\"nextItem\":{\"@type\":\"ListItem\",\"@id\":\"https:\\\/\\\/serrafm879.com.br\\\/serrafm\\\/categoria\\\/noticias\\\/#listItem\",\"name\":\"Not\\u00edcias\"}},{\"@type\":\"ListItem\",\"@id\":\"https:\\\/\\\/serrafm879.com.br\\\/serrafm\\\/categoria\\\/noticias\\\/#listItem\",\"position\":2,\"name\":\"Not\\u00edcias\",\"item\":\"https:\\\/\\\/serrafm879.com.br\\\/serrafm\\\/categoria\\\/noticias\\\/\",\"nextItem\":{\"@type\":\"ListItem\",\"@id\":\"https:\\\/\\\/serrafm879.com.br\\\/serrafm\\\/2025\\\/10\\\/prefeitura-de-flores-comunica-prorrogacao-de-inscricoes-do-concurso-publico\\\/#listItem\",\"name\":\"Prefeitura de Flores comunica prorroga\\u00e7\\u00e3o de inscri\\u00e7\\u00f5es do Concurso P\\u00fablico\"},\"previousItem\":{\"@type\":\"ListItem\",\"@id\":\"https:\\\/\\\/serrafm879.com.br\\\/serrafm#listItem\",\"name\":\"Home\"}},{\"@type\":\"ListItem\",\"@id\":\"https:\\\/\\\/serrafm879.com.br\\\/serrafm\\\/2025\\\/10\\\/prefeitura-de-flores-comunica-prorrogacao-de-inscricoes-do-concurso-publico\\\/#listItem\",\"position\":3,\"name\":\"Prefeitura de Flores comunica prorroga\\u00e7\\u00e3o de inscri\\u00e7\\u00f5es do Concurso P\\u00fablico\",\"previousItem\":{\"@type\":\"ListItem\",\"@id\":\"https:\\\/\\\/serrafm879.com.br\\\/serrafm\\\/categoria\\\/noticias\\\/#listItem\",\"name\":\"Not\\u00edcias\"}}]},{\"@type\":\"Organization\",\"@id\":\"https:\\\/\\\/serrafm879.com.br\\\/serrafm\\\/#organization\",\"name\":\"Serra FM 87,9\",\"description\":\"O seu novo amor!\",\"url\":\"https:\\\/\\\/serrafm879.com.br\\\/serrafm\\\/\"},{\"@type\":\"Person\",\"@id\":\"https:\\\/\\\/serrafm879.com.br\\\/serrafm\\\/author\\\/serrafm87\\\/#author\",\"url\":\"https:\\\/\\\/serrafm879.com.br\\\/serrafm\\\/author\\\/serrafm87\\\/\",\"name\":\"serrafm87\",\"image\":{\"@type\":\"ImageObject\",\"@id\":\"https:\\\/\\\/serrafm879.com.br\\\/serrafm\\\/2025\\\/10\\\/prefeitura-de-flores-comunica-prorrogacao-de-inscricoes-do-concurso-publico\\\/#authorImage\",\"url\":\"https:\\\/\\\/secure.gravatar.com\\\/avatar\\\/a743233f1112d34f48bb3dc9559b76eb930bab8b27175856cba6362608736235?s=96&d=mm&r=g\",\"width\":96,\"height\":96,\"caption\":\"serrafm87\"}},{\"@type\":\"WebPage\",\"@id\":\"https:\\\/\\\/serrafm879.com.br\\\/serrafm\\\/2025\\\/10\\\/prefeitura-de-flores-comunica-prorrogacao-de-inscricoes-do-concurso-publico\\\/#webpage\",\"url\":\"https:\\\/\\\/serrafm879.com.br\\\/serrafm\\\/2025\\\/10\\\/prefeitura-de-flores-comunica-prorrogacao-de-inscricoes-do-concurso-publico\\\/\",\"name\":\"Prefeitura de Flores comunica prorroga\\u00e7\\u00e3o de inscri\\u00e7\\u00f5es do Concurso P\\u00fablico - Serra FM 87,9\",\"description\":\"O Governo Municipal de Flores, no Sert\\u00e3o do Paje\\u00fa, comunica a prorroga\\u00e7\\u00e3o do prazo de inscri\\u00e7\\u00f5es para o Concurso P\\u00fablico \\u2013 Edital n\\u00b0 001\\\/2025. O prazo final para se inscrever ser\\u00e1 o dia 24 de novembro do ano corrente. O certame disponibiliza um total de 43 vagas para diversos n\\u00edveis. S\\u00e3o seis vagas para N\\u00edvel\",\"inLanguage\":\"pt-BR\",\"isPartOf\":{\"@id\":\"https:\\\/\\\/serrafm879.com.br\\\/serrafm\\\/#website\"},\"breadcrumb\":{\"@id\":\"https:\\\/\\\/serrafm879.com.br\\\/serrafm\\\/2025\\\/10\\\/prefeitura-de-flores-comunica-prorrogacao-de-inscricoes-do-concurso-publico\\\/#breadcrumblist\"},\"author\":{\"@id\":\"https:\\\/\\\/serrafm879.com.br\\\/serrafm\\\/author\\\/serrafm87\\\/#author\"},\"creator\":{\"@id\":\"https:\\\/\\\/serrafm879.com.br\\\/serrafm\\\/author\\\/serrafm87\\\/#author\"},\"image\":{\"@type\":\"ImageObject\",\"url\":\"https:\\\/\\\/serrafm879.com.br\\\/serrafm\\\/wp-content\\\/uploads\\\/2025\\\/10\\\/download.jpg\",\"@id\":\"https:\\\/\\\/serrafm879.com.br\\\/serrafm\\\/2025\\\/10\\\/prefeitura-de-flores-comunica-prorrogacao-de-inscricoes-do-concurso-publico\\\/#mainImage\",\"width\":300,\"height\":168},\"primaryImageOfPage\":{\"@id\":\"https:\\\/\\\/serrafm879.com.br\\\/serrafm\\\/2025\\\/10\\\/prefeitura-de-flores-comunica-prorrogacao-de-inscricoes-do-concurso-publico\\\/#mainImage\"},\"datePublished\":\"2025-10-20T17:15:35-03:00\",\"dateModified\":\"2025-10-20T17:15:35-03:00\"},{\"@type\":\"WebSite\",\"@id\":\"https:\\\/\\\/serrafm879.com.br\\\/serrafm\\\/#website\",\"url\":\"https:\\\/\\\/serrafm879.com.br\\\/serrafm\\\/\",\"name\":\"Serra FM 87,9\",\"description\":\"O seu novo amor!\",\"inLanguage\":\"pt-BR\",\"publisher\":{\"@id\":\"https:\\\/\\\/serrafm879.com.br\\\/serrafm\\\/#organization\"}}]}\n\t\t<\/script>\n\t\t<!-- All in One SEO -->\n\n","aioseo_head_json":{"title":"Prefeitura de Flores comunica prorroga\u00e7\u00e3o de inscri\u00e7\u00f5es do Concurso P\u00fablico - Serra FM 87,9","description":"O Governo Municipal de Flores, no Sert\u00e3o do Paje\u00fa, comunica a prorroga\u00e7\u00e3o do prazo de inscri\u00e7\u00f5es para o Concurso P\u00fablico \u2013 Edital n\u00b0 001\/2025. O prazo final para se inscrever ser\u00e1 o dia 24 de novembro do ano corrente. O certame disponibiliza um total de 43 vagas para diversos n\u00edveis. S\u00e3o seis vagas para N\u00edvel","canonical_url":"https:\/\/serrafm879.com.br\/serrafm\/2025\/10\/prefeitura-de-flores-comunica-prorrogacao-de-inscricoes-do-concurso-publico\/","robots":"max-image-preview:large","keywords":"","webmasterTools":{"miscellaneous":""},"schema":{"@context":"https:\/\/schema.org","@graph":[{"@type":"BlogPosting","@id":"https:\/\/serrafm879.com.br\/serrafm\/2025\/10\/prefeitura-de-flores-comunica-prorrogacao-de-inscricoes-do-concurso-publico\/#blogposting","name":"Prefeitura de Flores comunica prorroga\u00e7\u00e3o de inscri\u00e7\u00f5es do Concurso P\u00fablico - Serra FM 87,9","headline":"Prefeitura de Flores comunica prorroga\u00e7\u00e3o de inscri\u00e7\u00f5es do Concurso P\u00fablico","author":{"@id":"https:\/\/serrafm879.com.br\/serrafm\/author\/serrafm87\/#author"},"publisher":{"@id":"https:\/\/serrafm879.com.br\/serrafm\/#organization"},"image":{"@type":"ImageObject","url":"https:\/\/serrafm879.com.br\/serrafm\/wp-content\/uploads\/2025\/10\/download.jpg","width":300,"height":168},"datePublished":"2025-10-20T17:15:35-03:00","dateModified":"2025-10-20T17:15:35-03:00","inLanguage":"pt-BR","mainEntityOfPage":{"@id":"https:\/\/serrafm879.com.br\/serrafm\/2025\/10\/prefeitura-de-flores-comunica-prorrogacao-de-inscricoes-do-concurso-publico\/#webpage"},"isPartOf":{"@id":"https:\/\/serrafm879.com.br\/serrafm\/2025\/10\/prefeitura-de-flores-comunica-prorrogacao-de-inscricoes-do-concurso-publico\/#webpage"},"articleSection":"Not\u00edcias"},{"@type":"BreadcrumbList","@id":"https:\/\/serrafm879.com.br\/serrafm\/2025\/10\/prefeitura-de-flores-comunica-prorrogacao-de-inscricoes-do-concurso-publico\/#breadcrumblist","itemListElement":[{"@type":"ListItem","@id":"https:\/\/serrafm879.com.br\/serrafm#listItem","position":1,"name":"Home","item":"https:\/\/serrafm879.com.br\/serrafm","nextItem":{"@type":"ListItem","@id":"https:\/\/serrafm879.com.br\/serrafm\/categoria\/noticias\/#listItem","name":"Not\u00edcias"}},{"@type":"ListItem","@id":"https:\/\/serrafm879.com.br\/serrafm\/categoria\/noticias\/#listItem","position":2,"name":"Not\u00edcias","item":"https:\/\/serrafm879.com.br\/serrafm\/categoria\/noticias\/","nextItem":{"@type":"ListItem","@id":"https:\/\/serrafm879.com.br\/serrafm\/2025\/10\/prefeitura-de-flores-comunica-prorrogacao-de-inscricoes-do-concurso-publico\/#listItem","name":"Prefeitura de Flores comunica prorroga\u00e7\u00e3o de inscri\u00e7\u00f5es do Concurso P\u00fablico"},"previousItem":{"@type":"ListItem","@id":"https:\/\/serrafm879.com.br\/serrafm#listItem","name":"Home"}},{"@type":"ListItem","@id":"https:\/\/serrafm879.com.br\/serrafm\/2025\/10\/prefeitura-de-flores-comunica-prorrogacao-de-inscricoes-do-concurso-publico\/#listItem","position":3,"name":"Prefeitura de Flores comunica prorroga\u00e7\u00e3o de inscri\u00e7\u00f5es do Concurso P\u00fablico","previousItem":{"@type":"ListItem","@id":"https:\/\/serrafm879.com.br\/serrafm\/categoria\/noticias\/#listItem","name":"Not\u00edcias"}}]},{"@type":"Organization","@id":"https:\/\/serrafm879.com.br\/serrafm\/#organization","name":"Serra FM 87,9","description":"O seu novo amor!","url":"https:\/\/serrafm879.com.br\/serrafm\/"},{"@type":"Person","@id":"https:\/\/serrafm879.com.br\/serrafm\/author\/serrafm87\/#author","url":"https:\/\/serrafm879.com.br\/serrafm\/author\/serrafm87\/","name":"serrafm87","image":{"@type":"ImageObject","@id":"https:\/\/serrafm879.com.br\/serrafm\/2025\/10\/prefeitura-de-flores-comunica-prorrogacao-de-inscricoes-do-concurso-publico\/#authorImage","url":"https:\/\/secure.gravatar.com\/avatar\/a743233f1112d34f48bb3dc9559b76eb930bab8b27175856cba6362608736235?s=96&d=mm&r=g","width":96,"height":96,"caption":"serrafm87"}},{"@type":"WebPage","@id":"https:\/\/serrafm879.com.br\/serrafm\/2025\/10\/prefeitura-de-flores-comunica-prorrogacao-de-inscricoes-do-concurso-publico\/#webpage","url":"https:\/\/serrafm879.com.br\/serrafm\/2025\/10\/prefeitura-de-flores-comunica-prorrogacao-de-inscricoes-do-concurso-publico\/","name":"Prefeitura de Flores comunica prorroga\u00e7\u00e3o de inscri\u00e7\u00f5es do Concurso P\u00fablico - Serra FM 87,9","description":"O Governo Municipal de Flores, no Sert\u00e3o do Paje\u00fa, comunica a prorroga\u00e7\u00e3o do prazo de inscri\u00e7\u00f5es para o Concurso P\u00fablico \u2013 Edital n\u00b0 001\/2025. O prazo final para se inscrever ser\u00e1 o dia 24 de novembro do ano corrente. O certame disponibiliza um total de 43 vagas para diversos n\u00edveis. S\u00e3o seis vagas para N\u00edvel","inLanguage":"pt-BR","isPartOf":{"@id":"https:\/\/serrafm879.com.br\/serrafm\/#website"},"breadcrumb":{"@id":"https:\/\/serrafm879.com.br\/serrafm\/2025\/10\/prefeitura-de-flores-comunica-prorrogacao-de-inscricoes-do-concurso-publico\/#breadcrumblist"},"author":{"@id":"https:\/\/serrafm879.com.br\/serrafm\/author\/serrafm87\/#author"},"creator":{"@id":"https:\/\/serrafm879.com.br\/serrafm\/author\/serrafm87\/#author"},"image":{"@type":"ImageObject","url":"https:\/\/serrafm879.com.br\/serrafm\/wp-content\/uploads\/2025\/10\/download.jpg","@id":"https:\/\/serrafm879.com.br\/serrafm\/2025\/10\/prefeitura-de-flores-comunica-prorrogacao-de-inscricoes-do-concurso-publico\/#mainImage","width":300,"height":168},"primaryImageOfPage":{"@id":"https:\/\/serrafm879.com.br\/serrafm\/2025\/10\/prefeitura-de-flores-comunica-prorrogacao-de-inscricoes-do-concurso-publico\/#mainImage"},"datePublished":"2025-10-20T17:15:35-03:00","dateModified":"2025-10-20T17:15:35-03:00"},{"@type":"WebSite","@id":"https:\/\/serrafm879.com.br\/serrafm\/#website","url":"https:\/\/serrafm879.com.br\/serrafm\/","name":"Serra FM 87,9","description":"O seu novo amor!","inLanguage":"pt-BR","publisher":{"@id":"https:\/\/serrafm879.com.br\/serrafm\/#organization"}}]},"twitter:card":"summary_large_image","twitter:title":"Prefeitura de Flores comunica prorroga\u00e7\u00e3o de inscri\u00e7\u00f5es do Concurso P\u00fablico - Serra FM 87,9","twitter:description":"O Governo Municipal de Flores, no Sert\u00e3o do Paje\u00fa, comunica a prorroga\u00e7\u00e3o do prazo de inscri\u00e7\u00f5es para o Concurso P\u00fablico \u2013 Edital n\u00b0 001\/2025. O prazo final para se inscrever ser\u00e1 o dia 24 de novembro do ano corrente. O certame disponibiliza um total de 43 vagas para diversos n\u00edveis. S\u00e3o seis vagas para N\u00edvel","twitter:image":"https:\/\/serrafm879.com.br\/serrafm\/wp-content\/uploads\/2025\/10\/download.jpg"},"aioseo_meta_data":{"post_id":"24653","title":null,"description":null,"keywords":null,"keyphrases":null,"primary_term":null,"canonical_url":null,"og_title":null,"og_description":null,"og_object_type":"default","og_image_type":"default","og_image_custom_url":null,"og_image_custom_fields":null,"og_image_url":null,"og_image_width":null,"og_image_height":null,"og_video":null,"og_custom_url":null,"og_article_section":null,"og_article_tags":null,"twitter_use_og":false,"twitter_card":"default","twitter_image_type":"default","twitter_image_custom_url":null,"twitter_image_custom_fields":null,"twitter_image_url":null,"twitter_title":null,"twitter_description":null,"schema_type":"default","schema_type_options":null,"schema":{"blockGraphs":[],"customGraphs":[],"default":{"data":{"Article":[],"Course":[],"Dataset":[],"FAQPage":[],"Movie":[],"Person":[],"Product":[],"ProductReview":[],"Car":[],"Recipe":[],"Service":[],"SoftwareApplication":[],"WebPage":[]},"graphName":"","isEnabled":true},"graphs":[]},"pillar_content":false,"robots_default":true,"robots_noindex":false,"robots_noarchive":false,"robots_nosnippet":false,"robots_nofollow":false,"robots_noimageindex":false,"robots_noodp":false,"robots_notranslate":false,"robots_max_snippet":null,"robots_max_videopreview":null,"robots_max_imagepreview":"large","priority":null,"frequency":null,"local_seo":null,"limit_modified_date":false,"ai":null,"breadcrumb_settings":null,"seo_analyzer_scan_date":null,"created":"2026-07-21 17:30:28","updated":"2026-07-21 17:30:28"},"aioseo_breadcrumb":"<div class=\"aioseo-breadcrumbs\"><span class=\"aioseo-breadcrumb\">\n\t\t\t<a href=\"https:\/\/serrafm879.com.br\/serrafm\" title=\"Home\">Home<\/a>\n\t\t<\/span><span class=\"aioseo-breadcrumb-separator\">&raquo;<\/span><span class=\"aioseo-breadcrumb\">\n\t\t\t<a href=\"https:\/\/serrafm879.com.br\/serrafm\/categoria\/noticias\/\" title=\"Not\u00edcias\">Not\u00edcias<\/a>\n\t\t<\/span><span class=\"aioseo-breadcrumb-separator\">&raquo;<\/span><span class=\"aioseo-breadcrumb\">\n\t\t\tPrefeitura de Flores comunica prorroga\u00e7\u00e3o de inscri\u00e7\u00f5es do Concurso P\u00fablico\n\t\t<\/span><\/div>","aioseo_breadcrumb_json":[{"label":"Home","link":"https:\/\/serrafm879.com.br\/serrafm"},{"label":"Not\u00edcias","link":"https:\/\/serrafm879.com.br\/serrafm\/categoria\/noticias\/"},{"label":"Prefeitura de Flores comunica prorroga\u00e7\u00e3o de inscri\u00e7\u00f5es do Concurso P\u00fablico","link":"https:\/\/serrafm879.com.br\/serrafm\/2025\/10\/prefeitura-de-flores-comunica-prorrogacao-de-inscricoes-do-concurso-publico\/"}],"jetpack_publicize_connections":[],"jetpack_featured_media_url":"https:\/\/serrafm879.com.br\/serrafm\/wp-content\/uploads\/2025\/10\/download.jpg","jetpack_shortlink":"https:\/\/wp.me\/p7HyXg-6pD","jetpack_sharing_enabled":true,"_links":{"self":[{"href":"https:\/\/serrafm879.com.br\/serrafm\/wp-json\/wp\/v2\/posts\/24653","targetHints":{"allow":["GET"]}}],"collection":[{"href":"https:\/\/serrafm879.com.br\/serrafm\/wp-json\/wp\/v2\/posts"}],"about":[{"href":"https:\/\/serrafm879.com.br\/serrafm\/wp-json\/wp\/v2\/types\/post"}],"author":[{"embeddable":true,"href":"https:\/\/serrafm879.com.br\/serrafm\/wp-json\/wp\/v2\/users\/2"}],"replies":[{"embeddable":true,"href":"https:\/\/serrafm879.com.br\/serrafm\/wp-json\/wp\/v2\/comments?post=24653"}],"version-history":[{"count":1,"href":"https:\/\/serrafm879.com.br\/serrafm\/wp-json\/wp\/v2\/posts\/24653\/revisions"}],"predecessor-version":[{"id":24655,"href":"https:\/\/serrafm879.com.br\/serrafm\/wp-json\/wp\/v2\/posts\/24653\/revisions\/24655"}],"wp:featuredmedia":[{"embeddable":true,"href":"https:\/\/serrafm879.com.br\/serrafm\/wp-json\/wp\/v2\/media\/24654"}],"wp:attachment":[{"href":"https:\/\/serrafm879.com.br\/serrafm\/wp-json\/wp\/v2\/media?parent=24653"}],"wp:term":[{"taxonomy":"category","embeddable":true,"href":"https:\/\/serrafm879.com.br\/serrafm\/wp-json\/wp\/v2\/categories?post=24653"},{"taxonomy":"post_tag","embeddable":true,"href":"https:\/\/serrafm879.com.br\/serrafm\/wp-json\/wp\/v2\/tags?post=24653"}],"curies":[{"name":"wp","href":"https:\/\/api.w.org\/{rel}","templated":true}]}}