{"id":24658,"date":"2025-10-21T17:35:10","date_gmt":"2025-10-21T20:35:10","guid":{"rendered":"https:\/\/serrafm879.com.br\/serrafm\/?p=24658"},"modified":"2025-10-21T17:35:10","modified_gmt":"2025-10-21T20:35:10","slug":"lula-diz-a-alcolumbre-que-decidiu-por-messias-no-stf-mas-indicacao-fica-para-depois-da-asia","status":"publish","type":"post","link":"https:\/\/serrafm879.com.br\/serrafm\/2025\/10\/lula-diz-a-alcolumbre-que-decidiu-por-messias-no-stf-mas-indicacao-fica-para-depois-da-asia\/","title":{"rendered":"Lula diz a Alcolumbre que decidiu por Messias no STF, mas indica\u00e7\u00e3o fica para depois da \u00c1sia"},"content":{"rendered":"<p>O presidente da Rep\u00fablica,\u00a0Luiz In\u00e1cio Lula da Silva, comunicou ao presidente do Senado, Davi Alcolumbre (Uni\u00e3o Brasil-AP), que decidiu indicar o advogado-geral da Uni\u00e3o,\u00a0<strong>Jorge Messias<\/strong>, para a vaga de ministro do Supremo Tribunal Federal (STF).\u00a0Ele e Alcolumbre jantaram\u00a0na segunda-feira, 20, no Pal\u00e1cio da Alvorada.<\/p>\n<p>Lula quis ter a conversa com o senador antes de sua viagem para a \u00c1sia. Ele embarcou nesta ter\u00e7a-feira pela manh\u00e3 e s\u00f3 retornar\u00e1 no pr\u00f3ximo dia 28. N\u00e3o h\u00e1 prazo para que Lula fa\u00e7a a indica\u00e7\u00e3o ao STF, mas ministros confirmaram ao Estad\u00e3o que ele pretende anunciar a escolha na volta da viagem.<\/p>\n<p data-intext-processed=\"true\">Alcolumbre avalia que o ex-presidente do Senado Rodrigo Pacheco (PSD-MG) seria um nome mais forte para ocupar a vaga aberta com a aposentadoria de Lu\u00eds Roberto Barroso no STF, na semana passada. Al\u00e9m disso, teria mais tr\u00e2nsito no Congresso.<\/p>\n<p>Aliados de Lula observam, no entanto, que ele n\u00e3o parece disposto a voltar atr\u00e1s em sua decis\u00e3o. Confia muito em Messias, de quem se aproximou neste terceiro mandato. Mesmo assim, por uma quest\u00e3o de defer\u00eancia, vai conversar com Pacheco.<\/p>\n<p>No Pal\u00e1cio do Planalto, auxiliares do presidente afirmam, por sua vez, que Alcolumbre est\u00e1 bem contemplado. Mant\u00e9m seus indicados em minist\u00e9rios importantes, como Comunica\u00e7\u00f5es e Integra\u00e7\u00e3o e Desenvolvimento Regional, entre outros cargos.<\/p>\n<p data-intext-processed=\"true\">Al\u00e9m disso, o presidente do Senado conseguiu com que Lula o ajudasse a pressionar o Ibama a autorizar a Petrobras a fazer prospec\u00e7\u00e3o de petr\u00f3leo na Margem Equatorial, fronteira da costa brasileira que se estende do Amap\u00e1 ao Rio Grande do Norte, na foz do rio Amazonas.<\/p>\n<p>Em troca, Alcolumbre tem demonstrado boa vontade para adiar a sess\u00e3o do Congresso que pode derrubar os vetos de Lula ao projeto que flexibiliza as regras para o licenciamento ambiental<\/p>\n<p>O governo tem feito tudo para evitar uma derrota no projeto sobre licenciamento ambiental \u00e0s v\u00e9speras da Confer\u00eancia do Clima (COP-30) da ONU, que ser\u00e1 realizada em Bel\u00e9m, a partir de 10 de novembro.<\/p>\n<p data-intext-processed=\"true\">Lula prefere que Pacheco dispute o governo de Minas Gerais, mesmo porque precisa de um palanque forte para sua campanha por um novo mandato no Estado, segundo maior col\u00e9gio eleitoral do Pa\u00eds. O problema, por\u00e9m, \u00e9 que o PSD de Pacheco vai filiar no pr\u00f3ximo dia 27 o vice-governador de Minas, Mateus Sim\u00f5es, justamente para que ele concorra \u00e0 sucess\u00e3o de Romeu Zema (Novo), no ano que vem.<\/p>\n<div id=\"pads_intext-176107880314591\" data-premium=\"\" data-adunit=\"FOLHA_PE_INTEXT_03\" data-sizes-mobile=\"[[336,280],[320,320],[300,300],[300,250],[300,190],[250,250],[200,200]]\" data-sizes-desktop=\"[[336,280],[320,320],[300,300],[300,250],[250,250],[200,200]]\" data-type=\"intext\" data-count=\"3\" data-fetch=\"true\" data-google-query-id=\"CLKMvYOStpADFbIJHgAdbSsUhA\">A indica\u00e7\u00e3o de Lula para o STF ainda precisa passar pelo crivo da Comiss\u00e3o de Constitui\u00e7\u00e3o e Justi\u00e7a (CCJ) do Senado e do plen\u00e1rio da Casa. Em 2021, no governo de Jair Bolsonaro, Alcolumbre &#8211; ent\u00e3o presidente da CCJ &#8211; adiou por quase cinco meses a sabatina de Andr\u00e9 Mendon\u00e7a no colegiado por n\u00e3o concordar com a escolha. Interlocutores do presidente dizem, por\u00e9m, n\u00e3o acreditar que ele usar\u00e1 o mesmo m\u00e9todo com Lula.<\/div>\n","protected":false},"excerpt":{"rendered":"<p>O presidente da Rep\u00fablica,\u00a0Luiz In\u00e1cio Lula da Silva, comunicou ao presidente do Senado, Davi Alcolumbre (Uni\u00e3o Brasil-AP), que decidiu indicar o advogado-geral da Uni\u00e3o,\u00a0Jorge Messias, para a vaga de ministro do Supremo Tribunal Federal (STF).\u00a0Ele e Alcolumbre jantaram\u00a0na segunda-feira, 20, no Pal\u00e1cio da Alvorada. Lula quis ter a conversa com o senador antes de sua viagem para a \u00c1sia. Ele embarcou nesta ter\u00e7a-feira pela manh\u00e3 e s\u00f3 retornar\u00e1 no pr\u00f3ximo dia 28. N\u00e3o h\u00e1 prazo para que Lula fa\u00e7a a indica\u00e7\u00e3o ao STF, mas ministros confirmaram ao Estad\u00e3o que ele pretende anunciar a escolha na volta da viagem. Alcolumbre avalia [&hellip;]<\/p>\n","protected":false},"author":2,"featured_media":24659,"comment_status":"open","ping_status":"open","sticky":false,"template":"","format":"standard","meta":{"_jetpack_newsletter_access":"","_jetpack_dont_email_post_to_subs":false,"_jetpack_newsletter_tier_id":0,"_jetpack_memberships_contains_paywalled_content":false,"_jetpack_feature_clip_id":0,"_jetpack_memberships_contains_paid_content":false,"footnotes":"","jetpack_publicize_message":"","jetpack_publicize_feature_enabled":true,"jetpack_social_post_already_shared":true,"jetpack_social_options":{"image_generator_settings":{"template":"highway","default_image_id":0,"font":"","enabled":false},"version":2},"jetpack_post_was_ever_published":false},"categories":[149],"tags":[],"class_list":["post-24658","post","type-post","status-publish","format-standard","has-post-thumbnail","hentry","category-brasil"],"aioseo_notices":[],"aioseo_head":"\n\t\t<!-- All in One SEO 4.9.10 - aioseo.com -->\n\t<meta name=\"description\" content=\"O presidente da Rep\u00fablica, Luiz In\u00e1cio Lula da Silva, comunicou ao presidente do Senado, Davi Alcolumbre (Uni\u00e3o Brasil-AP), que decidiu indicar o advogado-geral da Uni\u00e3o, Jorge Messias, para a vaga de ministro do Supremo Tribunal Federal (STF). Ele e Alcolumbre jantaram na segunda-feira, 20, no Pal\u00e1cio da Alvorada. Lula quis ter a conversa com o senador antes de sua\" \/>\n\t<meta name=\"robots\" content=\"max-image-preview:large\" \/>\n\t<meta name=\"author\" content=\"serrafm87\"\/>\n\t<link rel=\"canonical\" href=\"https:\/\/serrafm879.com.br\/serrafm\/2025\/10\/lula-diz-a-alcolumbre-que-decidiu-por-messias-no-stf-mas-indicacao-fica-para-depois-da-asia\/\" \/>\n\t<meta name=\"generator\" content=\"All in One SEO (AIOSEO) 4.9.10\" \/>\n\t\t<meta name=\"twitter:card\" content=\"summary_large_image\" \/>\n\t\t<meta name=\"twitter:title\" content=\"Lula diz a Alcolumbre que decidiu por Messias no STF, mas indica\u00e7\u00e3o fica para depois da \u00c1sia - Serra FM 87,9\" \/>\n\t\t<meta name=\"twitter:description\" content=\"O presidente da Rep\u00fablica, Luiz In\u00e1cio Lula da Silva, comunicou ao presidente do Senado, Davi Alcolumbre (Uni\u00e3o Brasil-AP), que decidiu indicar o advogado-geral da Uni\u00e3o, Jorge Messias, para a vaga de ministro do Supremo Tribunal Federal (STF). Ele e Alcolumbre jantaram na segunda-feira, 20, no Pal\u00e1cio da Alvorada. Lula quis ter a conversa com o senador antes de sua\" \/>\n\t\t<meta name=\"twitter:image\" content=\"https:\/\/serrafm879.com.br\/serrafm\/wp-content\/uploads\/2025\/10\/Anotacao-2025-10-21-173343.png\" \/>\n\t\t<script type=\"application\/ld+json\" class=\"aioseo-schema\">\n\t\t\t{\"@context\":\"https:\\\/\\\/schema.org\",\"@graph\":[{\"@type\":\"BlogPosting\",\"@id\":\"https:\\\/\\\/serrafm879.com.br\\\/serrafm\\\/2025\\\/10\\\/lula-diz-a-alcolumbre-que-decidiu-por-messias-no-stf-mas-indicacao-fica-para-depois-da-asia\\\/#blogposting\",\"name\":\"Lula diz a Alcolumbre que decidiu por Messias no STF, mas indica\\u00e7\\u00e3o fica para depois da \\u00c1sia - Serra FM 87,9\",\"headline\":\"Lula diz a Alcolumbre que decidiu por Messias no STF, mas indica\\u00e7\\u00e3o fica para depois da \\u00c1sia\",\"author\":{\"@id\":\"https:\\\/\\\/serrafm879.com.br\\\/serrafm\\\/author\\\/serrafm87\\\/#author\"},\"publisher\":{\"@id\":\"https:\\\/\\\/serrafm879.com.br\\\/serrafm\\\/#organization\"},\"image\":{\"@type\":\"ImageObject\",\"url\":\"https:\\\/\\\/serrafm879.com.br\\\/serrafm\\\/wp-content\\\/uploads\\\/2025\\\/10\\\/Anotacao-2025-10-21-173343.png\",\"width\":935,\"height\":598},\"datePublished\":\"2025-10-21T17:35:10-03:00\",\"dateModified\":\"2025-10-21T17:35:10-03:00\",\"inLanguage\":\"pt-BR\",\"mainEntityOfPage\":{\"@id\":\"https:\\\/\\\/serrafm879.com.br\\\/serrafm\\\/2025\\\/10\\\/lula-diz-a-alcolumbre-que-decidiu-por-messias-no-stf-mas-indicacao-fica-para-depois-da-asia\\\/#webpage\"},\"isPartOf\":{\"@id\":\"https:\\\/\\\/serrafm879.com.br\\\/serrafm\\\/2025\\\/10\\\/lula-diz-a-alcolumbre-que-decidiu-por-messias-no-stf-mas-indicacao-fica-para-depois-da-asia\\\/#webpage\"},\"articleSection\":\"Brasil\"},{\"@type\":\"BreadcrumbList\",\"@id\":\"https:\\\/\\\/serrafm879.com.br\\\/serrafm\\\/2025\\\/10\\\/lula-diz-a-alcolumbre-que-decidiu-por-messias-no-stf-mas-indicacao-fica-para-depois-da-asia\\\/#breadcrumblist\",\"itemListElement\":[{\"@type\":\"ListItem\",\"@id\":\"https:\\\/\\\/serrafm879.com.br\\\/serrafm#listItem\",\"position\":1,\"name\":\"Home\",\"item\":\"https:\\\/\\\/serrafm879.com.br\\\/serrafm\",\"nextItem\":{\"@type\":\"ListItem\",\"@id\":\"https:\\\/\\\/serrafm879.com.br\\\/serrafm\\\/categoria\\\/brasil\\\/#listItem\",\"name\":\"Brasil\"}},{\"@type\":\"ListItem\",\"@id\":\"https:\\\/\\\/serrafm879.com.br\\\/serrafm\\\/categoria\\\/brasil\\\/#listItem\",\"position\":2,\"name\":\"Brasil\",\"item\":\"https:\\\/\\\/serrafm879.com.br\\\/serrafm\\\/categoria\\\/brasil\\\/\",\"nextItem\":{\"@type\":\"ListItem\",\"@id\":\"https:\\\/\\\/serrafm879.com.br\\\/serrafm\\\/2025\\\/10\\\/lula-diz-a-alcolumbre-que-decidiu-por-messias-no-stf-mas-indicacao-fica-para-depois-da-asia\\\/#listItem\",\"name\":\"Lula diz a Alcolumbre que decidiu por Messias no STF, mas indica\\u00e7\\u00e3o fica para depois da \\u00c1sia\"},\"previousItem\":{\"@type\":\"ListItem\",\"@id\":\"https:\\\/\\\/serrafm879.com.br\\\/serrafm#listItem\",\"name\":\"Home\"}},{\"@type\":\"ListItem\",\"@id\":\"https:\\\/\\\/serrafm879.com.br\\\/serrafm\\\/2025\\\/10\\\/lula-diz-a-alcolumbre-que-decidiu-por-messias-no-stf-mas-indicacao-fica-para-depois-da-asia\\\/#listItem\",\"position\":3,\"name\":\"Lula diz a Alcolumbre que decidiu por Messias no STF, mas indica\\u00e7\\u00e3o fica para depois da \\u00c1sia\",\"previousItem\":{\"@type\":\"ListItem\",\"@id\":\"https:\\\/\\\/serrafm879.com.br\\\/serrafm\\\/categoria\\\/brasil\\\/#listItem\",\"name\":\"Brasil\"}}]},{\"@type\":\"Organization\",\"@id\":\"https:\\\/\\\/serrafm879.com.br\\\/serrafm\\\/#organization\",\"name\":\"Serra FM 87,9\",\"description\":\"O seu novo amor!\",\"url\":\"https:\\\/\\\/serrafm879.com.br\\\/serrafm\\\/\"},{\"@type\":\"Person\",\"@id\":\"https:\\\/\\\/serrafm879.com.br\\\/serrafm\\\/author\\\/serrafm87\\\/#author\",\"url\":\"https:\\\/\\\/serrafm879.com.br\\\/serrafm\\\/author\\\/serrafm87\\\/\",\"name\":\"serrafm87\",\"image\":{\"@type\":\"ImageObject\",\"@id\":\"https:\\\/\\\/serrafm879.com.br\\\/serrafm\\\/2025\\\/10\\\/lula-diz-a-alcolumbre-que-decidiu-por-messias-no-stf-mas-indicacao-fica-para-depois-da-asia\\\/#authorImage\",\"url\":\"https:\\\/\\\/secure.gravatar.com\\\/avatar\\\/a743233f1112d34f48bb3dc9559b76eb930bab8b27175856cba6362608736235?s=96&d=mm&r=g\",\"width\":96,\"height\":96,\"caption\":\"serrafm87\"}},{\"@type\":\"WebPage\",\"@id\":\"https:\\\/\\\/serrafm879.com.br\\\/serrafm\\\/2025\\\/10\\\/lula-diz-a-alcolumbre-que-decidiu-por-messias-no-stf-mas-indicacao-fica-para-depois-da-asia\\\/#webpage\",\"url\":\"https:\\\/\\\/serrafm879.com.br\\\/serrafm\\\/2025\\\/10\\\/lula-diz-a-alcolumbre-que-decidiu-por-messias-no-stf-mas-indicacao-fica-para-depois-da-asia\\\/\",\"name\":\"Lula diz a Alcolumbre que decidiu por Messias no STF, mas indica\\u00e7\\u00e3o fica para depois da \\u00c1sia - Serra FM 87,9\",\"description\":\"O presidente da Rep\\u00fablica, Luiz In\\u00e1cio Lula da Silva, comunicou ao presidente do Senado, Davi Alcolumbre (Uni\\u00e3o Brasil-AP), que decidiu indicar o advogado-geral da Uni\\u00e3o, Jorge Messias, para a vaga de ministro do Supremo Tribunal Federal (STF). Ele e Alcolumbre jantaram na segunda-feira, 20, no Pal\\u00e1cio da Alvorada. Lula quis ter a conversa com o senador antes de sua\",\"inLanguage\":\"pt-BR\",\"isPartOf\":{\"@id\":\"https:\\\/\\\/serrafm879.com.br\\\/serrafm\\\/#website\"},\"breadcrumb\":{\"@id\":\"https:\\\/\\\/serrafm879.com.br\\\/serrafm\\\/2025\\\/10\\\/lula-diz-a-alcolumbre-que-decidiu-por-messias-no-stf-mas-indicacao-fica-para-depois-da-asia\\\/#breadcrumblist\"},\"author\":{\"@id\":\"https:\\\/\\\/serrafm879.com.br\\\/serrafm\\\/author\\\/serrafm87\\\/#author\"},\"creator\":{\"@id\":\"https:\\\/\\\/serrafm879.com.br\\\/serrafm\\\/author\\\/serrafm87\\\/#author\"},\"image\":{\"@type\":\"ImageObject\",\"url\":\"https:\\\/\\\/serrafm879.com.br\\\/serrafm\\\/wp-content\\\/uploads\\\/2025\\\/10\\\/Anotacao-2025-10-21-173343.png\",\"@id\":\"https:\\\/\\\/serrafm879.com.br\\\/serrafm\\\/2025\\\/10\\\/lula-diz-a-alcolumbre-que-decidiu-por-messias-no-stf-mas-indicacao-fica-para-depois-da-asia\\\/#mainImage\",\"width\":935,\"height\":598},\"primaryImageOfPage\":{\"@id\":\"https:\\\/\\\/serrafm879.com.br\\\/serrafm\\\/2025\\\/10\\\/lula-diz-a-alcolumbre-que-decidiu-por-messias-no-stf-mas-indicacao-fica-para-depois-da-asia\\\/#mainImage\"},\"datePublished\":\"2025-10-21T17:35:10-03:00\",\"dateModified\":\"2025-10-21T17:35:10-03:00\"},{\"@type\":\"WebSite\",\"@id\":\"https:\\\/\\\/serrafm879.com.br\\\/serrafm\\\/#website\",\"url\":\"https:\\\/\\\/serrafm879.com.br\\\/serrafm\\\/\",\"name\":\"Serra FM 87,9\",\"description\":\"O seu novo amor!\",\"inLanguage\":\"pt-BR\",\"publisher\":{\"@id\":\"https:\\\/\\\/serrafm879.com.br\\\/serrafm\\\/#organization\"}}]}\n\t\t<\/script>\n\t\t<!-- All in One SEO -->\n\n","aioseo_head_json":{"title":"Lula diz a Alcolumbre que decidiu por Messias no STF, mas indica\u00e7\u00e3o fica para depois da \u00c1sia - Serra FM 87,9","description":"O presidente da Rep\u00fablica, Luiz In\u00e1cio Lula da Silva, comunicou ao presidente do Senado, Davi Alcolumbre (Uni\u00e3o Brasil-AP), que decidiu indicar o advogado-geral da Uni\u00e3o, Jorge Messias, para a vaga de ministro do Supremo Tribunal Federal (STF). Ele e Alcolumbre jantaram na segunda-feira, 20, no Pal\u00e1cio da Alvorada. Lula quis ter a conversa com o senador antes de sua","canonical_url":"https:\/\/serrafm879.com.br\/serrafm\/2025\/10\/lula-diz-a-alcolumbre-que-decidiu-por-messias-no-stf-mas-indicacao-fica-para-depois-da-asia\/","robots":"max-image-preview:large","keywords":"","webmasterTools":{"miscellaneous":""},"schema":{"@context":"https:\/\/schema.org","@graph":[{"@type":"BlogPosting","@id":"https:\/\/serrafm879.com.br\/serrafm\/2025\/10\/lula-diz-a-alcolumbre-que-decidiu-por-messias-no-stf-mas-indicacao-fica-para-depois-da-asia\/#blogposting","name":"Lula diz a Alcolumbre que decidiu por Messias no STF, mas indica\u00e7\u00e3o fica para depois da \u00c1sia - Serra FM 87,9","headline":"Lula diz a Alcolumbre que decidiu por Messias no STF, mas indica\u00e7\u00e3o fica para depois da \u00c1sia","author":{"@id":"https:\/\/serrafm879.com.br\/serrafm\/author\/serrafm87\/#author"},"publisher":{"@id":"https:\/\/serrafm879.com.br\/serrafm\/#organization"},"image":{"@type":"ImageObject","url":"https:\/\/serrafm879.com.br\/serrafm\/wp-content\/uploads\/2025\/10\/Anotacao-2025-10-21-173343.png","width":935,"height":598},"datePublished":"2025-10-21T17:35:10-03:00","dateModified":"2025-10-21T17:35:10-03:00","inLanguage":"pt-BR","mainEntityOfPage":{"@id":"https:\/\/serrafm879.com.br\/serrafm\/2025\/10\/lula-diz-a-alcolumbre-que-decidiu-por-messias-no-stf-mas-indicacao-fica-para-depois-da-asia\/#webpage"},"isPartOf":{"@id":"https:\/\/serrafm879.com.br\/serrafm\/2025\/10\/lula-diz-a-alcolumbre-que-decidiu-por-messias-no-stf-mas-indicacao-fica-para-depois-da-asia\/#webpage"},"articleSection":"Brasil"},{"@type":"BreadcrumbList","@id":"https:\/\/serrafm879.com.br\/serrafm\/2025\/10\/lula-diz-a-alcolumbre-que-decidiu-por-messias-no-stf-mas-indicacao-fica-para-depois-da-asia\/#breadcrumblist","itemListElement":[{"@type":"ListItem","@id":"https:\/\/serrafm879.com.br\/serrafm#listItem","position":1,"name":"Home","item":"https:\/\/serrafm879.com.br\/serrafm","nextItem":{"@type":"ListItem","@id":"https:\/\/serrafm879.com.br\/serrafm\/categoria\/brasil\/#listItem","name":"Brasil"}},{"@type":"ListItem","@id":"https:\/\/serrafm879.com.br\/serrafm\/categoria\/brasil\/#listItem","position":2,"name":"Brasil","item":"https:\/\/serrafm879.com.br\/serrafm\/categoria\/brasil\/","nextItem":{"@type":"ListItem","@id":"https:\/\/serrafm879.com.br\/serrafm\/2025\/10\/lula-diz-a-alcolumbre-que-decidiu-por-messias-no-stf-mas-indicacao-fica-para-depois-da-asia\/#listItem","name":"Lula diz a Alcolumbre que decidiu por Messias no STF, mas indica\u00e7\u00e3o fica para depois da \u00c1sia"},"previousItem":{"@type":"ListItem","@id":"https:\/\/serrafm879.com.br\/serrafm#listItem","name":"Home"}},{"@type":"ListItem","@id":"https:\/\/serrafm879.com.br\/serrafm\/2025\/10\/lula-diz-a-alcolumbre-que-decidiu-por-messias-no-stf-mas-indicacao-fica-para-depois-da-asia\/#listItem","position":3,"name":"Lula diz a Alcolumbre que decidiu por Messias no STF, mas indica\u00e7\u00e3o fica para depois da \u00c1sia","previousItem":{"@type":"ListItem","@id":"https:\/\/serrafm879.com.br\/serrafm\/categoria\/brasil\/#listItem","name":"Brasil"}}]},{"@type":"Organization","@id":"https:\/\/serrafm879.com.br\/serrafm\/#organization","name":"Serra FM 87,9","description":"O seu novo amor!","url":"https:\/\/serrafm879.com.br\/serrafm\/"},{"@type":"Person","@id":"https:\/\/serrafm879.com.br\/serrafm\/author\/serrafm87\/#author","url":"https:\/\/serrafm879.com.br\/serrafm\/author\/serrafm87\/","name":"serrafm87","image":{"@type":"ImageObject","@id":"https:\/\/serrafm879.com.br\/serrafm\/2025\/10\/lula-diz-a-alcolumbre-que-decidiu-por-messias-no-stf-mas-indicacao-fica-para-depois-da-asia\/#authorImage","url":"https:\/\/secure.gravatar.com\/avatar\/a743233f1112d34f48bb3dc9559b76eb930bab8b27175856cba6362608736235?s=96&d=mm&r=g","width":96,"height":96,"caption":"serrafm87"}},{"@type":"WebPage","@id":"https:\/\/serrafm879.com.br\/serrafm\/2025\/10\/lula-diz-a-alcolumbre-que-decidiu-por-messias-no-stf-mas-indicacao-fica-para-depois-da-asia\/#webpage","url":"https:\/\/serrafm879.com.br\/serrafm\/2025\/10\/lula-diz-a-alcolumbre-que-decidiu-por-messias-no-stf-mas-indicacao-fica-para-depois-da-asia\/","name":"Lula diz a Alcolumbre que decidiu por Messias no STF, mas indica\u00e7\u00e3o fica para depois da \u00c1sia - Serra FM 87,9","description":"O presidente da Rep\u00fablica, Luiz In\u00e1cio Lula da Silva, comunicou ao presidente do Senado, Davi Alcolumbre (Uni\u00e3o Brasil-AP), que decidiu indicar o advogado-geral da Uni\u00e3o, Jorge Messias, para a vaga de ministro do Supremo Tribunal Federal (STF). Ele e Alcolumbre jantaram na segunda-feira, 20, no Pal\u00e1cio da Alvorada. Lula quis ter a conversa com o senador antes de sua","inLanguage":"pt-BR","isPartOf":{"@id":"https:\/\/serrafm879.com.br\/serrafm\/#website"},"breadcrumb":{"@id":"https:\/\/serrafm879.com.br\/serrafm\/2025\/10\/lula-diz-a-alcolumbre-que-decidiu-por-messias-no-stf-mas-indicacao-fica-para-depois-da-asia\/#breadcrumblist"},"author":{"@id":"https:\/\/serrafm879.com.br\/serrafm\/author\/serrafm87\/#author"},"creator":{"@id":"https:\/\/serrafm879.com.br\/serrafm\/author\/serrafm87\/#author"},"image":{"@type":"ImageObject","url":"https:\/\/serrafm879.com.br\/serrafm\/wp-content\/uploads\/2025\/10\/Anotacao-2025-10-21-173343.png","@id":"https:\/\/serrafm879.com.br\/serrafm\/2025\/10\/lula-diz-a-alcolumbre-que-decidiu-por-messias-no-stf-mas-indicacao-fica-para-depois-da-asia\/#mainImage","width":935,"height":598},"primaryImageOfPage":{"@id":"https:\/\/serrafm879.com.br\/serrafm\/2025\/10\/lula-diz-a-alcolumbre-que-decidiu-por-messias-no-stf-mas-indicacao-fica-para-depois-da-asia\/#mainImage"},"datePublished":"2025-10-21T17:35:10-03:00","dateModified":"2025-10-21T17:35:10-03:00"},{"@type":"WebSite","@id":"https:\/\/serrafm879.com.br\/serrafm\/#website","url":"https:\/\/serrafm879.com.br\/serrafm\/","name":"Serra FM 87,9","description":"O seu novo amor!","inLanguage":"pt-BR","publisher":{"@id":"https:\/\/serrafm879.com.br\/serrafm\/#organization"}}]},"twitter:card":"summary_large_image","twitter:title":"Lula diz a Alcolumbre que decidiu por Messias no STF, mas indica\u00e7\u00e3o fica para depois da \u00c1sia - Serra FM 87,9","twitter:description":"O presidente da Rep\u00fablica, Luiz In\u00e1cio Lula da Silva, comunicou ao presidente do Senado, Davi Alcolumbre (Uni\u00e3o Brasil-AP), que decidiu indicar o advogado-geral da Uni\u00e3o, Jorge Messias, para a vaga de ministro do Supremo Tribunal Federal (STF). Ele e Alcolumbre jantaram na segunda-feira, 20, no Pal\u00e1cio da Alvorada. Lula quis ter a conversa com o senador antes de sua","twitter:image":"https:\/\/serrafm879.com.br\/serrafm\/wp-content\/uploads\/2025\/10\/Anotacao-2025-10-21-173343.png"},"aioseo_meta_data":{"post_id":"24658","title":null,"description":null,"keywords":null,"keyphrases":null,"primary_term":null,"canonical_url":null,"og_title":null,"og_description":null,"og_object_type":"default","og_image_type":"default","og_image_custom_url":null,"og_image_custom_fields":null,"og_image_url":null,"og_image_width":null,"og_image_height":null,"og_video":null,"og_custom_url":null,"og_article_section":null,"og_article_tags":null,"twitter_use_og":false,"twitter_card":"default","twitter_image_type":"default","twitter_image_custom_url":null,"twitter_image_custom_fields":null,"twitter_image_url":null,"twitter_title":null,"twitter_description":null,"schema_type":"default","schema_type_options":null,"schema":{"blockGraphs":[],"customGraphs":[],"default":{"data":{"Article":[],"Course":[],"Dataset":[],"FAQPage":[],"Movie":[],"Person":[],"Product":[],"ProductReview":[],"Car":[],"Recipe":[],"Service":[],"SoftwareApplication":[],"WebPage":[]},"graphName":"","isEnabled":true},"graphs":[]},"pillar_content":false,"robots_default":true,"robots_noindex":false,"robots_noarchive":false,"robots_nosnippet":false,"robots_nofollow":false,"robots_noimageindex":false,"robots_noodp":false,"robots_notranslate":false,"robots_max_snippet":null,"robots_max_videopreview":null,"robots_max_imagepreview":"large","priority":null,"frequency":null,"local_seo":null,"limit_modified_date":false,"ai":null,"breadcrumb_settings":null,"seo_analyzer_scan_date":null,"created":"2026-07-21 17:33:12","updated":"2026-07-21 17:33:12"},"aioseo_breadcrumb":"<div class=\"aioseo-breadcrumbs\"><span class=\"aioseo-breadcrumb\">\n\t\t\t<a href=\"https:\/\/serrafm879.com.br\/serrafm\" title=\"Home\">Home<\/a>\n\t\t<\/span><span class=\"aioseo-breadcrumb-separator\">&raquo;<\/span><span class=\"aioseo-breadcrumb\">\n\t\t\t<a href=\"https:\/\/serrafm879.com.br\/serrafm\/categoria\/brasil\/\" title=\"Brasil\">Brasil<\/a>\n\t\t<\/span><span class=\"aioseo-breadcrumb-separator\">&raquo;<\/span><span class=\"aioseo-breadcrumb\">\n\t\t\tLula diz a Alcolumbre que decidiu por Messias no STF, mas indica\u00e7\u00e3o fica para depois da \u00c1sia\n\t\t<\/span><\/div>","aioseo_breadcrumb_json":[{"label":"Home","link":"https:\/\/serrafm879.com.br\/serrafm"},{"label":"Brasil","link":"https:\/\/serrafm879.com.br\/serrafm\/categoria\/brasil\/"},{"label":"Lula diz a Alcolumbre que decidiu por Messias no STF, mas indica\u00e7\u00e3o fica para depois da \u00c1sia","link":"https:\/\/serrafm879.com.br\/serrafm\/2025\/10\/lula-diz-a-alcolumbre-que-decidiu-por-messias-no-stf-mas-indicacao-fica-para-depois-da-asia\/"}],"jetpack_publicize_connections":[],"jetpack_featured_media_url":"https:\/\/serrafm879.com.br\/serrafm\/wp-content\/uploads\/2025\/10\/Anotacao-2025-10-21-173343.png","jetpack_shortlink":"https:\/\/wp.me\/p7HyXg-6pI","jetpack_sharing_enabled":true,"_links":{"self":[{"href":"https:\/\/serrafm879.com.br\/serrafm\/wp-json\/wp\/v2\/posts\/24658","targetHints":{"allow":["GET"]}}],"collection":[{"href":"https:\/\/serrafm879.com.br\/serrafm\/wp-json\/wp\/v2\/posts"}],"about":[{"href":"https:\/\/serrafm879.com.br\/serrafm\/wp-json\/wp\/v2\/types\/post"}],"author":[{"embeddable":true,"href":"https:\/\/serrafm879.com.br\/serrafm\/wp-json\/wp\/v2\/users\/2"}],"replies":[{"embeddable":true,"href":"https:\/\/serrafm879.com.br\/serrafm\/wp-json\/wp\/v2\/comments?post=24658"}],"version-history":[{"count":1,"href":"https:\/\/serrafm879.com.br\/serrafm\/wp-json\/wp\/v2\/posts\/24658\/revisions"}],"predecessor-version":[{"id":24660,"href":"https:\/\/serrafm879.com.br\/serrafm\/wp-json\/wp\/v2\/posts\/24658\/revisions\/24660"}],"wp:featuredmedia":[{"embeddable":true,"href":"https:\/\/serrafm879.com.br\/serrafm\/wp-json\/wp\/v2\/media\/24659"}],"wp:attachment":[{"href":"https:\/\/serrafm879.com.br\/serrafm\/wp-json\/wp\/v2\/media?parent=24658"}],"wp:term":[{"taxonomy":"category","embeddable":true,"href":"https:\/\/serrafm879.com.br\/serrafm\/wp-json\/wp\/v2\/categories?post=24658"},{"taxonomy":"post_tag","embeddable":true,"href":"https:\/\/serrafm879.com.br\/serrafm\/wp-json\/wp\/v2\/tags?post=24658"}],"curies":[{"name":"wp","href":"https:\/\/api.w.org\/{rel}","templated":true}]}}