{"id":24666,"date":"2025-10-21T17:41:03","date_gmt":"2025-10-21T20:41:03","guid":{"rendered":"https:\/\/serrafm879.com.br\/serrafm\/?p=24666"},"modified":"2025-10-21T17:41:03","modified_gmt":"2025-10-21T20:41:03","slug":"gasolina-vai-baixar-49-a-partir-desta-terca-feira-21","status":"publish","type":"post","link":"https:\/\/serrafm879.com.br\/serrafm\/2025\/10\/gasolina-vai-baixar-49-a-partir-desta-terca-feira-21\/","title":{"rendered":"Gasolina vai baixar 4,9% a partir desta ter\u00e7a-feira (21)"},"content":{"rendered":"<p>A\u00a0Petrobras\u00a0anunciou nesta segunda-feira que vai reduzir\u00a0em 4,9% o pre\u00e7o da gasolina A vendida \u00e0s distribuidoras.\u00a0O novo pre\u00e7o passa a\u00a0valer a partir desta ter\u00e7a-feira (21).<\/p>\n<p>A gasolina A \u00e9 o combust\u00edvel puro que sai das refinarias e \u00e9\u00a0misturado ao etanol pelas distribuidoras, para que possa ser vendido ao consumidor final nos postos de revenda.<\/p>\n<p>Com a redu\u00e7\u00e3o, o pre\u00e7o m\u00e9dio de venda da Petrobras para as distribuidoras passar\u00e1 a ser, em m\u00e9dia, de R$ 2,71 por litro,\u00a0uma redu\u00e7\u00e3o de R$ 0,14 por litro.<\/p>\n<p><strong>Segunda redu\u00e7\u00e3o\u00a0em 2025<\/strong><\/p>\n<p>Esta \u00e9 a segunda queda no pre\u00e7o promovida pela estatal em 2025.\u00a0Em 3 de junho, a Petrobras j\u00e1 havia diminu\u00eddo\u00a0o valor em\u00a05,6%.\u00a0No acumulado do ano, a redu\u00e7\u00e3o soma R$ 0,31 por litro, recuo de 10,3%.<\/p>\n<p>No comunicado que anunciou a mudan\u00e7a de valores, a empresa cita que,\u00a0desde dezembro de 2022, a queda no pre\u00e7o da gasolina chega a R$ 0,36 um recuo de 22,4%, j\u00e1 considerando a infla\u00e7\u00e3o do per\u00edodo.<\/p>\n<p>O movimento da Petrobras deve representar al\u00edvio na infla\u00e7\u00e3o do pa\u00eds, uma vez que o combust\u00edvel \u00e9 o com maior peso no \u00cdndice Nacional de Pre\u00e7os ao Consumidor Amplo (IPCA), indicador que apura a infla\u00e7\u00e3o oficial.<\/p>\n<p>Apesar de ser a maior produtora do combust\u00edvel no pa\u00eds,\u00a0o pre\u00e7o da gasolina nas bombas n\u00e3o depende apenas da Petrobras. Ap\u00f3s o produto ser vendido \u00e0s distribuidoras, sofre influ\u00eancias de outros custos, como o frete, mistura com o etanol, cobran\u00e7a de impostos e a margem de lucro dos postos.<\/p>\n<p><strong>Diesel<\/strong><\/p>\n<p>A Petrobras informou que o pre\u00e7o do diesel vendido \u00e0s distribuidoras n\u00e3o sofrer\u00e1 altera\u00e7\u00e3o. Desde mar\u00e7o deste ano, houve tr\u00eas redu\u00e7\u00f5es no \u00f3leo diesel, e o\u00a0combust\u00edvel apresenta recuo de 35,9% desde o fim de 2022.<\/p>\n","protected":false},"excerpt":{"rendered":"<p>A\u00a0Petrobras\u00a0anunciou nesta segunda-feira que vai reduzir\u00a0em 4,9% o pre\u00e7o da gasolina A vendida \u00e0s distribuidoras.\u00a0O novo pre\u00e7o passa a\u00a0valer a partir desta ter\u00e7a-feira (21). A gasolina A \u00e9 o combust\u00edvel puro que sai das refinarias e \u00e9\u00a0misturado ao etanol pelas distribuidoras, para que possa ser vendido ao consumidor final nos postos de revenda. Com a redu\u00e7\u00e3o, o pre\u00e7o m\u00e9dio de venda da Petrobras para as distribuidoras passar\u00e1 a ser, em m\u00e9dia, de R$ 2,71 por litro,\u00a0uma redu\u00e7\u00e3o de R$ 0,14 por litro. Segunda redu\u00e7\u00e3o\u00a0em 2025 Esta \u00e9 a segunda queda no pre\u00e7o promovida pela estatal em 2025.\u00a0Em 3 de junho, [&hellip;]<\/p>\n","protected":false},"author":2,"featured_media":5991,"comment_status":"open","ping_status":"open","sticky":false,"template":"","format":"standard","meta":{"_jetpack_memberships_contains_paid_content":false,"footnotes":"","jetpack_publicize_message":"","jetpack_publicize_feature_enabled":true,"jetpack_social_post_already_shared":true,"jetpack_social_options":{"image_generator_settings":{"template":"highway","enabled":false},"version":2}},"categories":[149],"tags":[],"class_list":["post-24666","post","type-post","status-publish","format-standard","has-post-thumbnail","hentry","category-brasil"],"jetpack_publicize_connections":[],"yoast_head":"<!-- This site is optimized with the Yoast SEO plugin v24.7 - https:\/\/yoast.com\/wordpress\/plugins\/seo\/ -->\n<title>Gasolina vai baixar 4,9% a partir desta ter\u00e7a-feira (21) - Serra FM 87,9<\/title>\n<meta name=\"robots\" content=\"index, follow, max-snippet:-1, max-image-preview:large, max-video-preview:-1\" \/>\n<link rel=\"canonical\" href=\"https:\/\/serrafm879.com.br\/serrafm\/2025\/10\/gasolina-vai-baixar-49-a-partir-desta-terca-feira-21\/\" \/>\n<meta property=\"og:locale\" content=\"pt_BR\" \/>\n<meta property=\"og:type\" content=\"article\" \/>\n<meta property=\"og:title\" content=\"Gasolina vai baixar 4,9% a partir desta ter\u00e7a-feira (21) - Serra FM 87,9\" \/>\n<meta property=\"og:description\" content=\"A\u00a0Petrobras\u00a0anunciou nesta segunda-feira que vai reduzir\u00a0em 4,9% o pre\u00e7o da gasolina A vendida \u00e0s distribuidoras.\u00a0O novo pre\u00e7o passa a\u00a0valer a partir desta ter\u00e7a-feira (21). A gasolina A \u00e9 o combust\u00edvel puro que sai das refinarias e \u00e9\u00a0misturado ao etanol pelas distribuidoras, para que possa ser vendido ao consumidor final nos postos de revenda. Com a redu\u00e7\u00e3o, o pre\u00e7o m\u00e9dio de venda da Petrobras para as distribuidoras passar\u00e1 a ser, em m\u00e9dia, de R$ 2,71 por litro,\u00a0uma redu\u00e7\u00e3o de R$ 0,14 por litro. Segunda redu\u00e7\u00e3o\u00a0em 2025 Esta \u00e9 a segunda queda no pre\u00e7o promovida pela estatal em 2025.\u00a0Em 3 de junho, [&hellip;]\" \/>\n<meta property=\"og:url\" content=\"https:\/\/serrafm879.com.br\/serrafm\/2025\/10\/gasolina-vai-baixar-49-a-partir-desta-terca-feira-21\/\" \/>\n<meta property=\"og:site_name\" content=\"Serra FM 87,9\" \/>\n<meta property=\"article:published_time\" content=\"2025-10-21T20:41:03+00:00\" \/>\n<meta property=\"og:image\" content=\"http:\/\/serrafm879.com.br\/serrafm\/wp-content\/uploads\/2021\/05\/gasolina.jpeg\" \/>\n\t<meta property=\"og:image:width\" content=\"806\" \/>\n\t<meta property=\"og:image:height\" content=\"443\" \/>\n\t<meta property=\"og:image:type\" content=\"image\/jpeg\" \/>\n<meta name=\"author\" content=\"serrafm87\" \/>\n<meta name=\"twitter:card\" content=\"summary_large_image\" \/>\n<meta name=\"twitter:label1\" content=\"Escrito por\" \/>\n\t<meta name=\"twitter:data1\" content=\"serrafm87\" \/>\n\t<meta name=\"twitter:label2\" content=\"Est. tempo de leitura\" \/>\n\t<meta name=\"twitter:data2\" content=\"2 minutos\" \/>\n<script type=\"application\/ld+json\" class=\"yoast-schema-graph\">{\"@context\":\"https:\/\/schema.org\",\"@graph\":[{\"@type\":\"WebPage\",\"@id\":\"https:\/\/serrafm879.com.br\/serrafm\/2025\/10\/gasolina-vai-baixar-49-a-partir-desta-terca-feira-21\/\",\"url\":\"https:\/\/serrafm879.com.br\/serrafm\/2025\/10\/gasolina-vai-baixar-49-a-partir-desta-terca-feira-21\/\",\"name\":\"Gasolina vai baixar 4,9% a partir desta ter\u00e7a-feira (21) - Serra FM 87,9\",\"isPartOf\":{\"@id\":\"https:\/\/serrafm879.com.br\/serrafm\/#website\"},\"primaryImageOfPage\":{\"@id\":\"https:\/\/serrafm879.com.br\/serrafm\/2025\/10\/gasolina-vai-baixar-49-a-partir-desta-terca-feira-21\/#primaryimage\"},\"image\":{\"@id\":\"https:\/\/serrafm879.com.br\/serrafm\/2025\/10\/gasolina-vai-baixar-49-a-partir-desta-terca-feira-21\/#primaryimage\"},\"thumbnailUrl\":\"https:\/\/serrafm879.com.br\/serrafm\/wp-content\/uploads\/2021\/05\/gasolina.jpeg\",\"datePublished\":\"2025-10-21T20:41:03+00:00\",\"author\":{\"@id\":\"https:\/\/serrafm879.com.br\/serrafm\/#\/schema\/person\/c028a197030ff8b1c03c68dfba4a787a\"},\"breadcrumb\":{\"@id\":\"https:\/\/serrafm879.com.br\/serrafm\/2025\/10\/gasolina-vai-baixar-49-a-partir-desta-terca-feira-21\/#breadcrumb\"},\"inLanguage\":\"pt-BR\",\"potentialAction\":[{\"@type\":\"ReadAction\",\"target\":[\"https:\/\/serrafm879.com.br\/serrafm\/2025\/10\/gasolina-vai-baixar-49-a-partir-desta-terca-feira-21\/\"]}]},{\"@type\":\"ImageObject\",\"inLanguage\":\"pt-BR\",\"@id\":\"https:\/\/serrafm879.com.br\/serrafm\/2025\/10\/gasolina-vai-baixar-49-a-partir-desta-terca-feira-21\/#primaryimage\",\"url\":\"https:\/\/serrafm879.com.br\/serrafm\/wp-content\/uploads\/2021\/05\/gasolina.jpeg\",\"contentUrl\":\"https:\/\/serrafm879.com.br\/serrafm\/wp-content\/uploads\/2021\/05\/gasolina.jpeg\",\"width\":806,\"height\":443},{\"@type\":\"BreadcrumbList\",\"@id\":\"https:\/\/serrafm879.com.br\/serrafm\/2025\/10\/gasolina-vai-baixar-49-a-partir-desta-terca-feira-21\/#breadcrumb\",\"itemListElement\":[{\"@type\":\"ListItem\",\"position\":1,\"name\":\"In\u00edcio\",\"item\":\"https:\/\/serrafm879.com.br\/serrafm\/\"},{\"@type\":\"ListItem\",\"position\":2,\"name\":\"Gasolina vai baixar 4,9% a partir desta ter\u00e7a-feira (21)\"}]},{\"@type\":\"WebSite\",\"@id\":\"https:\/\/serrafm879.com.br\/serrafm\/#website\",\"url\":\"https:\/\/serrafm879.com.br\/serrafm\/\",\"name\":\"Serra FM 87,9\",\"description\":\"O seu novo amor!\",\"potentialAction\":[{\"@type\":\"SearchAction\",\"target\":{\"@type\":\"EntryPoint\",\"urlTemplate\":\"https:\/\/serrafm879.com.br\/serrafm\/?s={search_term_string}\"},\"query-input\":{\"@type\":\"PropertyValueSpecification\",\"valueRequired\":true,\"valueName\":\"search_term_string\"}}],\"inLanguage\":\"pt-BR\"},{\"@type\":\"Person\",\"@id\":\"https:\/\/serrafm879.com.br\/serrafm\/#\/schema\/person\/c028a197030ff8b1c03c68dfba4a787a\",\"name\":\"serrafm87\",\"image\":{\"@type\":\"ImageObject\",\"inLanguage\":\"pt-BR\",\"@id\":\"https:\/\/serrafm879.com.br\/serrafm\/#\/schema\/person\/image\/\",\"url\":\"https:\/\/secure.gravatar.com\/avatar\/a743233f1112d34f48bb3dc9559b76eb930bab8b27175856cba6362608736235?s=96&d=mm&r=g\",\"contentUrl\":\"https:\/\/secure.gravatar.com\/avatar\/a743233f1112d34f48bb3dc9559b76eb930bab8b27175856cba6362608736235?s=96&d=mm&r=g\",\"caption\":\"serrafm87\"},\"sameAs\":[\"http:\/\/serrafm879.com.br\/\"],\"url\":\"https:\/\/serrafm879.com.br\/serrafm\/author\/serrafm87\/\"}]}<\/script>\n<!-- \/ Yoast SEO plugin. -->","yoast_head_json":{"title":"Gasolina vai baixar 4,9% a partir desta ter\u00e7a-feira (21) - Serra FM 87,9","robots":{"index":"index","follow":"follow","max-snippet":"max-snippet:-1","max-image-preview":"max-image-preview:large","max-video-preview":"max-video-preview:-1"},"canonical":"https:\/\/serrafm879.com.br\/serrafm\/2025\/10\/gasolina-vai-baixar-49-a-partir-desta-terca-feira-21\/","og_locale":"pt_BR","og_type":"article","og_title":"Gasolina vai baixar 4,9% a partir desta ter\u00e7a-feira (21) - Serra FM 87,9","og_description":"A\u00a0Petrobras\u00a0anunciou nesta segunda-feira que vai reduzir\u00a0em 4,9% o pre\u00e7o da gasolina A vendida \u00e0s distribuidoras.\u00a0O novo pre\u00e7o passa a\u00a0valer a partir desta ter\u00e7a-feira (21). A gasolina A \u00e9 o combust\u00edvel puro que sai das refinarias e \u00e9\u00a0misturado ao etanol pelas distribuidoras, para que possa ser vendido ao consumidor final nos postos de revenda. Com a redu\u00e7\u00e3o, o pre\u00e7o m\u00e9dio de venda da Petrobras para as distribuidoras passar\u00e1 a ser, em m\u00e9dia, de R$ 2,71 por litro,\u00a0uma redu\u00e7\u00e3o de R$ 0,14 por litro. Segunda redu\u00e7\u00e3o\u00a0em 2025 Esta \u00e9 a segunda queda no pre\u00e7o promovida pela estatal em 2025.\u00a0Em 3 de junho, [&hellip;]","og_url":"https:\/\/serrafm879.com.br\/serrafm\/2025\/10\/gasolina-vai-baixar-49-a-partir-desta-terca-feira-21\/","og_site_name":"Serra FM 87,9","article_published_time":"2025-10-21T20:41:03+00:00","og_image":[{"width":806,"height":443,"url":"http:\/\/serrafm879.com.br\/serrafm\/wp-content\/uploads\/2021\/05\/gasolina.jpeg","type":"image\/jpeg"}],"author":"serrafm87","twitter_card":"summary_large_image","twitter_misc":{"Escrito por":"serrafm87","Est. tempo de leitura":"2 minutos"},"schema":{"@context":"https:\/\/schema.org","@graph":[{"@type":"WebPage","@id":"https:\/\/serrafm879.com.br\/serrafm\/2025\/10\/gasolina-vai-baixar-49-a-partir-desta-terca-feira-21\/","url":"https:\/\/serrafm879.com.br\/serrafm\/2025\/10\/gasolina-vai-baixar-49-a-partir-desta-terca-feira-21\/","name":"Gasolina vai baixar 4,9% a partir desta ter\u00e7a-feira (21) - Serra FM 87,9","isPartOf":{"@id":"https:\/\/serrafm879.com.br\/serrafm\/#website"},"primaryImageOfPage":{"@id":"https:\/\/serrafm879.com.br\/serrafm\/2025\/10\/gasolina-vai-baixar-49-a-partir-desta-terca-feira-21\/#primaryimage"},"image":{"@id":"https:\/\/serrafm879.com.br\/serrafm\/2025\/10\/gasolina-vai-baixar-49-a-partir-desta-terca-feira-21\/#primaryimage"},"thumbnailUrl":"https:\/\/serrafm879.com.br\/serrafm\/wp-content\/uploads\/2021\/05\/gasolina.jpeg","datePublished":"2025-10-21T20:41:03+00:00","author":{"@id":"https:\/\/serrafm879.com.br\/serrafm\/#\/schema\/person\/c028a197030ff8b1c03c68dfba4a787a"},"breadcrumb":{"@id":"https:\/\/serrafm879.com.br\/serrafm\/2025\/10\/gasolina-vai-baixar-49-a-partir-desta-terca-feira-21\/#breadcrumb"},"inLanguage":"pt-BR","potentialAction":[{"@type":"ReadAction","target":["https:\/\/serrafm879.com.br\/serrafm\/2025\/10\/gasolina-vai-baixar-49-a-partir-desta-terca-feira-21\/"]}]},{"@type":"ImageObject","inLanguage":"pt-BR","@id":"https:\/\/serrafm879.com.br\/serrafm\/2025\/10\/gasolina-vai-baixar-49-a-partir-desta-terca-feira-21\/#primaryimage","url":"https:\/\/serrafm879.com.br\/serrafm\/wp-content\/uploads\/2021\/05\/gasolina.jpeg","contentUrl":"https:\/\/serrafm879.com.br\/serrafm\/wp-content\/uploads\/2021\/05\/gasolina.jpeg","width":806,"height":443},{"@type":"BreadcrumbList","@id":"https:\/\/serrafm879.com.br\/serrafm\/2025\/10\/gasolina-vai-baixar-49-a-partir-desta-terca-feira-21\/#breadcrumb","itemListElement":[{"@type":"ListItem","position":1,"name":"In\u00edcio","item":"https:\/\/serrafm879.com.br\/serrafm\/"},{"@type":"ListItem","position":2,"name":"Gasolina vai baixar 4,9% a partir desta ter\u00e7a-feira (21)"}]},{"@type":"WebSite","@id":"https:\/\/serrafm879.com.br\/serrafm\/#website","url":"https:\/\/serrafm879.com.br\/serrafm\/","name":"Serra FM 87,9","description":"O seu novo amor!","potentialAction":[{"@type":"SearchAction","target":{"@type":"EntryPoint","urlTemplate":"https:\/\/serrafm879.com.br\/serrafm\/?s={search_term_string}"},"query-input":{"@type":"PropertyValueSpecification","valueRequired":true,"valueName":"search_term_string"}}],"inLanguage":"pt-BR"},{"@type":"Person","@id":"https:\/\/serrafm879.com.br\/serrafm\/#\/schema\/person\/c028a197030ff8b1c03c68dfba4a787a","name":"serrafm87","image":{"@type":"ImageObject","inLanguage":"pt-BR","@id":"https:\/\/serrafm879.com.br\/serrafm\/#\/schema\/person\/image\/","url":"https:\/\/secure.gravatar.com\/avatar\/a743233f1112d34f48bb3dc9559b76eb930bab8b27175856cba6362608736235?s=96&d=mm&r=g","contentUrl":"https:\/\/secure.gravatar.com\/avatar\/a743233f1112d34f48bb3dc9559b76eb930bab8b27175856cba6362608736235?s=96&d=mm&r=g","caption":"serrafm87"},"sameAs":["http:\/\/serrafm879.com.br\/"],"url":"https:\/\/serrafm879.com.br\/serrafm\/author\/serrafm87\/"}]}},"jetpack_featured_media_url":"https:\/\/serrafm879.com.br\/serrafm\/wp-content\/uploads\/2021\/05\/gasolina.jpeg","jetpack_shortlink":"https:\/\/wp.me\/p7HyXg-6pQ","jetpack_sharing_enabled":true,"_links":{"self":[{"href":"https:\/\/serrafm879.com.br\/serrafm\/wp-json\/wp\/v2\/posts\/24666","targetHints":{"allow":["GET"]}}],"collection":[{"href":"https:\/\/serrafm879.com.br\/serrafm\/wp-json\/wp\/v2\/posts"}],"about":[{"href":"https:\/\/serrafm879.com.br\/serrafm\/wp-json\/wp\/v2\/types\/post"}],"author":[{"embeddable":true,"href":"https:\/\/serrafm879.com.br\/serrafm\/wp-json\/wp\/v2\/users\/2"}],"replies":[{"embeddable":true,"href":"https:\/\/serrafm879.com.br\/serrafm\/wp-json\/wp\/v2\/comments?post=24666"}],"version-history":[{"count":1,"href":"https:\/\/serrafm879.com.br\/serrafm\/wp-json\/wp\/v2\/posts\/24666\/revisions"}],"predecessor-version":[{"id":24667,"href":"https:\/\/serrafm879.com.br\/serrafm\/wp-json\/wp\/v2\/posts\/24666\/revisions\/24667"}],"wp:featuredmedia":[{"embeddable":true,"href":"https:\/\/serrafm879.com.br\/serrafm\/wp-json\/wp\/v2\/media\/5991"}],"wp:attachment":[{"href":"https:\/\/serrafm879.com.br\/serrafm\/wp-json\/wp\/v2\/media?parent=24666"}],"wp:term":[{"taxonomy":"category","embeddable":true,"href":"https:\/\/serrafm879.com.br\/serrafm\/wp-json\/wp\/v2\/categories?post=24666"},{"taxonomy":"post_tag","embeddable":true,"href":"https:\/\/serrafm879.com.br\/serrafm\/wp-json\/wp\/v2\/tags?post=24666"}],"curies":[{"name":"wp","href":"https:\/\/api.w.org\/{rel}","templated":true}]}}