{"id":24682,"date":"2025-10-23T17:09:53","date_gmt":"2025-10-23T20:09:53","guid":{"rendered":"https:\/\/serrafm879.com.br\/serrafm\/?p=24682"},"modified":"2025-10-23T17:09:53","modified_gmt":"2025-10-23T20:09:53","slug":"serra-talhada-recebe-acoes-de-conscientizacao-sobre-o-avc-e-cancer-de-mama","status":"publish","type":"post","link":"https:\/\/serrafm879.com.br\/serrafm\/2025\/10\/serra-talhada-recebe-acoes-de-conscientizacao-sobre-o-avc-e-cancer-de-mama\/","title":{"rendered":"Serra Talhada recebe a\u00e7\u00f5es de conscientiza\u00e7\u00e3o sobre o AVC e c\u00e2ncer de mama"},"content":{"rendered":"<p>Nesta quinta-feira (23), a cidade de Serra Talhada vai receber a\u00e7\u00f5es voltadas \u00e0 promo\u00e7\u00e3o da sa\u00fade e \u00e0 conscientiza\u00e7\u00e3o da popula\u00e7\u00e3o sobre as doen\u00e7as de Acidente Vascular Cerebral (AVC) e c\u00e2ncer de mama.<\/p>\n<p>Os eventos s\u00e3o promovidos pela Secretaria Estadual de Sa\u00fade de Pernambuco, Hospital Eduardo Campos (HEC), Hospital Agamenon Magalh\u00e3es (HOSPAM), XI Ger\u00eancia Regional de Sa\u00fade (GERES) e contam com apoio da Rede Angels e do SAMU.<\/p>\n<p>Programa\u00e7\u00e3o<br \/>\nA programa\u00e7\u00e3o come\u00e7a \u00e0s 18h, com a 3\u00aa Corrida e Caminhada pela Sa\u00fade da Mulher, saindo da Pra\u00e7a Bar\u00e3o do Paje\u00fa e com destino final na Pra\u00e7a dos Ip\u00eas. O objetivo da corrida \u00e9 incentivar o autocuidado e a pr\u00e1tica de atividades f\u00edsicas.<\/p>\n<p>Ap\u00f3s os participantes chegarem no destino, acontece a Feira de Sa\u00fade \u201cAngel\u2019s Day \u2013 Dia de Preven\u00e7\u00e3o ao AVC\u201d, a partir das 19h. A feira \u00e9 aberta ao p\u00fablico e vai orientar, esclarecer d\u00favidas sobre o AVC, al\u00e9m de promover h\u00e1bitos saud\u00e1veis e oferecer atividades pr\u00e1ticas e interativas.<\/p>\n<p>A programa\u00e7\u00e3o vai contar com tr\u00eas espa\u00e7os principais para os interessados, s\u00e3o eles:<\/p>\n<p>Educa\u00e7\u00e3o em Sa\u00fade \u2013 orienta\u00e7\u00f5es sobre o AVC, simulado com estudantes e aferi\u00e7\u00e3o de press\u00e3o arterial, glicemia, pulso e IMC;<br \/>\nTempo \u00e9 C\u00e9rebro \u2013 SAMU em A\u00e7\u00e3o \u2013 demonstra\u00e7\u00e3o pr\u00e1tica de atendimento pr\u00e9-hospitalar com simula\u00e7\u00e3o de v\u00edtima de AVC;<br \/>\nReabilita\u00e7\u00e3o e Atividade F\u00edsica \u2013 circuito funcional e orienta\u00e7\u00f5es sobre reabilita\u00e7\u00e3o p\u00f3s-AVC.<\/p>\n","protected":false},"excerpt":{"rendered":"<p>Nesta quinta-feira (23), a cidade de Serra Talhada vai receber a\u00e7\u00f5es voltadas \u00e0 promo\u00e7\u00e3o da sa\u00fade e \u00e0 conscientiza\u00e7\u00e3o da popula\u00e7\u00e3o sobre as doen\u00e7as de Acidente Vascular Cerebral (AVC) e c\u00e2ncer de mama. Os eventos s\u00e3o promovidos pela Secretaria Estadual de Sa\u00fade de Pernambuco, Hospital Eduardo Campos (HEC), Hospital Agamenon Magalh\u00e3es (HOSPAM), XI Ger\u00eancia Regional de Sa\u00fade (GERES) e contam com apoio da Rede Angels e do SAMU. Programa\u00e7\u00e3o A programa\u00e7\u00e3o come\u00e7a \u00e0s 18h, com a 3\u00aa Corrida e Caminhada pela Sa\u00fade da Mulher, saindo da Pra\u00e7a Bar\u00e3o do Paje\u00fa e com destino final na Pra\u00e7a dos Ip\u00eas. O objetivo [&hellip;]<\/p>\n","protected":false},"author":2,"featured_media":24683,"comment_status":"open","ping_status":"open","sticky":false,"template":"","format":"standard","meta":{"_jetpack_newsletter_access":"","_jetpack_dont_email_post_to_subs":false,"_jetpack_newsletter_tier_id":0,"_jetpack_memberships_contains_paywalled_content":false,"_jetpack_feature_clip_id":0,"_jetpack_memberships_contains_paid_content":false,"footnotes":"","jetpack_publicize_message":"","jetpack_publicize_feature_enabled":true,"jetpack_social_post_already_shared":true,"jetpack_social_options":{"image_generator_settings":{"template":"highway","default_image_id":0,"font":"","enabled":false},"version":2},"jetpack_post_was_ever_published":false},"categories":[290],"tags":[],"class_list":["post-24682","post","type-post","status-publish","format-standard","has-post-thumbnail","hentry","category-serra-talhada"],"aioseo_notices":[],"aioseo_head":"\n\t\t<!-- All in One SEO 4.9.10 - aioseo.com -->\n\t<meta name=\"description\" content=\"Nesta quinta-feira (23), a cidade de Serra Talhada vai receber a\u00e7\u00f5es voltadas \u00e0 promo\u00e7\u00e3o da sa\u00fade e \u00e0 conscientiza\u00e7\u00e3o da popula\u00e7\u00e3o sobre as doen\u00e7as de Acidente Vascular Cerebral (AVC) e c\u00e2ncer de mama. Os eventos s\u00e3o promovidos pela Secretaria Estadual de Sa\u00fade de Pernambuco, Hospital Eduardo Campos (HEC), Hospital Agamenon Magalh\u00e3es (HOSPAM), XI Ger\u00eancia Regional\" \/>\n\t<meta name=\"robots\" content=\"max-image-preview:large\" \/>\n\t<meta name=\"author\" content=\"serrafm87\"\/>\n\t<link rel=\"canonical\" href=\"https:\/\/serrafm879.com.br\/serrafm\/2025\/10\/serra-talhada-recebe-acoes-de-conscientizacao-sobre-o-avc-e-cancer-de-mama\/\" \/>\n\t<meta name=\"generator\" content=\"All in One SEO (AIOSEO) 4.9.10\" \/>\n\t\t<meta name=\"twitter:card\" content=\"summary_large_image\" \/>\n\t\t<meta name=\"twitter:title\" content=\"Serra Talhada recebe a\u00e7\u00f5es de conscientiza\u00e7\u00e3o sobre o AVC e c\u00e2ncer de mama - Serra FM 87,9\" \/>\n\t\t<meta name=\"twitter:description\" content=\"Nesta quinta-feira (23), a cidade de Serra Talhada vai receber a\u00e7\u00f5es voltadas \u00e0 promo\u00e7\u00e3o da sa\u00fade e \u00e0 conscientiza\u00e7\u00e3o da popula\u00e7\u00e3o sobre as doen\u00e7as de Acidente Vascular Cerebral (AVC) e c\u00e2ncer de mama. Os eventos s\u00e3o promovidos pela Secretaria Estadual de Sa\u00fade de Pernambuco, Hospital Eduardo Campos (HEC), Hospital Agamenon Magalh\u00e3es (HOSPAM), XI Ger\u00eancia Regional\" \/>\n\t\t<meta name=\"twitter:image\" content=\"https:\/\/serrafm879.com.br\/serrafm\/wp-content\/uploads\/2025\/10\/Anotacao-2025-10-23-170916.png\" \/>\n\t\t<script type=\"application\/ld+json\" class=\"aioseo-schema\">\n\t\t\t{\"@context\":\"https:\\\/\\\/schema.org\",\"@graph\":[{\"@type\":\"BlogPosting\",\"@id\":\"https:\\\/\\\/serrafm879.com.br\\\/serrafm\\\/2025\\\/10\\\/serra-talhada-recebe-acoes-de-conscientizacao-sobre-o-avc-e-cancer-de-mama\\\/#blogposting\",\"name\":\"Serra Talhada recebe a\\u00e7\\u00f5es de conscientiza\\u00e7\\u00e3o sobre o AVC e c\\u00e2ncer de mama - Serra FM 87,9\",\"headline\":\"Serra Talhada recebe a\\u00e7\\u00f5es de conscientiza\\u00e7\\u00e3o sobre o AVC e c\\u00e2ncer de mama\",\"author\":{\"@id\":\"https:\\\/\\\/serrafm879.com.br\\\/serrafm\\\/author\\\/serrafm87\\\/#author\"},\"publisher\":{\"@id\":\"https:\\\/\\\/serrafm879.com.br\\\/serrafm\\\/#organization\"},\"image\":{\"@type\":\"ImageObject\",\"url\":\"https:\\\/\\\/serrafm879.com.br\\\/serrafm\\\/wp-content\\\/uploads\\\/2025\\\/10\\\/Anotacao-2025-10-23-170916.png\",\"width\":648,\"height\":448},\"datePublished\":\"2025-10-23T17:09:53-03:00\",\"dateModified\":\"2025-10-23T17:09:53-03:00\",\"inLanguage\":\"pt-BR\",\"mainEntityOfPage\":{\"@id\":\"https:\\\/\\\/serrafm879.com.br\\\/serrafm\\\/2025\\\/10\\\/serra-talhada-recebe-acoes-de-conscientizacao-sobre-o-avc-e-cancer-de-mama\\\/#webpage\"},\"isPartOf\":{\"@id\":\"https:\\\/\\\/serrafm879.com.br\\\/serrafm\\\/2025\\\/10\\\/serra-talhada-recebe-acoes-de-conscientizacao-sobre-o-avc-e-cancer-de-mama\\\/#webpage\"},\"articleSection\":\"Serra Talhada\"},{\"@type\":\"BreadcrumbList\",\"@id\":\"https:\\\/\\\/serrafm879.com.br\\\/serrafm\\\/2025\\\/10\\\/serra-talhada-recebe-acoes-de-conscientizacao-sobre-o-avc-e-cancer-de-mama\\\/#breadcrumblist\",\"itemListElement\":[{\"@type\":\"ListItem\",\"@id\":\"https:\\\/\\\/serrafm879.com.br\\\/serrafm#listItem\",\"position\":1,\"name\":\"Home\",\"item\":\"https:\\\/\\\/serrafm879.com.br\\\/serrafm\",\"nextItem\":{\"@type\":\"ListItem\",\"@id\":\"https:\\\/\\\/serrafm879.com.br\\\/serrafm\\\/categoria\\\/serra-talhada\\\/#listItem\",\"name\":\"Serra Talhada\"}},{\"@type\":\"ListItem\",\"@id\":\"https:\\\/\\\/serrafm879.com.br\\\/serrafm\\\/categoria\\\/serra-talhada\\\/#listItem\",\"position\":2,\"name\":\"Serra Talhada\",\"item\":\"https:\\\/\\\/serrafm879.com.br\\\/serrafm\\\/categoria\\\/serra-talhada\\\/\",\"nextItem\":{\"@type\":\"ListItem\",\"@id\":\"https:\\\/\\\/serrafm879.com.br\\\/serrafm\\\/2025\\\/10\\\/serra-talhada-recebe-acoes-de-conscientizacao-sobre-o-avc-e-cancer-de-mama\\\/#listItem\",\"name\":\"Serra Talhada recebe a\\u00e7\\u00f5es de conscientiza\\u00e7\\u00e3o sobre o AVC e c\\u00e2ncer de mama\"},\"previousItem\":{\"@type\":\"ListItem\",\"@id\":\"https:\\\/\\\/serrafm879.com.br\\\/serrafm#listItem\",\"name\":\"Home\"}},{\"@type\":\"ListItem\",\"@id\":\"https:\\\/\\\/serrafm879.com.br\\\/serrafm\\\/2025\\\/10\\\/serra-talhada-recebe-acoes-de-conscientizacao-sobre-o-avc-e-cancer-de-mama\\\/#listItem\",\"position\":3,\"name\":\"Serra Talhada recebe a\\u00e7\\u00f5es de conscientiza\\u00e7\\u00e3o sobre o AVC e c\\u00e2ncer de mama\",\"previousItem\":{\"@type\":\"ListItem\",\"@id\":\"https:\\\/\\\/serrafm879.com.br\\\/serrafm\\\/categoria\\\/serra-talhada\\\/#listItem\",\"name\":\"Serra Talhada\"}}]},{\"@type\":\"Organization\",\"@id\":\"https:\\\/\\\/serrafm879.com.br\\\/serrafm\\\/#organization\",\"name\":\"Serra FM 87,9\",\"description\":\"O seu novo amor!\",\"url\":\"https:\\\/\\\/serrafm879.com.br\\\/serrafm\\\/\"},{\"@type\":\"Person\",\"@id\":\"https:\\\/\\\/serrafm879.com.br\\\/serrafm\\\/author\\\/serrafm87\\\/#author\",\"url\":\"https:\\\/\\\/serrafm879.com.br\\\/serrafm\\\/author\\\/serrafm87\\\/\",\"name\":\"serrafm87\",\"image\":{\"@type\":\"ImageObject\",\"@id\":\"https:\\\/\\\/serrafm879.com.br\\\/serrafm\\\/2025\\\/10\\\/serra-talhada-recebe-acoes-de-conscientizacao-sobre-o-avc-e-cancer-de-mama\\\/#authorImage\",\"url\":\"https:\\\/\\\/secure.gravatar.com\\\/avatar\\\/a743233f1112d34f48bb3dc9559b76eb930bab8b27175856cba6362608736235?s=96&d=mm&r=g\",\"width\":96,\"height\":96,\"caption\":\"serrafm87\"}},{\"@type\":\"WebPage\",\"@id\":\"https:\\\/\\\/serrafm879.com.br\\\/serrafm\\\/2025\\\/10\\\/serra-talhada-recebe-acoes-de-conscientizacao-sobre-o-avc-e-cancer-de-mama\\\/#webpage\",\"url\":\"https:\\\/\\\/serrafm879.com.br\\\/serrafm\\\/2025\\\/10\\\/serra-talhada-recebe-acoes-de-conscientizacao-sobre-o-avc-e-cancer-de-mama\\\/\",\"name\":\"Serra Talhada recebe a\\u00e7\\u00f5es de conscientiza\\u00e7\\u00e3o sobre o AVC e c\\u00e2ncer de mama - Serra FM 87,9\",\"description\":\"Nesta quinta-feira (23), a cidade de Serra Talhada vai receber a\\u00e7\\u00f5es voltadas \\u00e0 promo\\u00e7\\u00e3o da sa\\u00fade e \\u00e0 conscientiza\\u00e7\\u00e3o da popula\\u00e7\\u00e3o sobre as doen\\u00e7as de Acidente Vascular Cerebral (AVC) e c\\u00e2ncer de mama. Os eventos s\\u00e3o promovidos pela Secretaria Estadual de Sa\\u00fade de Pernambuco, Hospital Eduardo Campos (HEC), Hospital Agamenon Magalh\\u00e3es (HOSPAM), XI Ger\\u00eancia Regional\",\"inLanguage\":\"pt-BR\",\"isPartOf\":{\"@id\":\"https:\\\/\\\/serrafm879.com.br\\\/serrafm\\\/#website\"},\"breadcrumb\":{\"@id\":\"https:\\\/\\\/serrafm879.com.br\\\/serrafm\\\/2025\\\/10\\\/serra-talhada-recebe-acoes-de-conscientizacao-sobre-o-avc-e-cancer-de-mama\\\/#breadcrumblist\"},\"author\":{\"@id\":\"https:\\\/\\\/serrafm879.com.br\\\/serrafm\\\/author\\\/serrafm87\\\/#author\"},\"creator\":{\"@id\":\"https:\\\/\\\/serrafm879.com.br\\\/serrafm\\\/author\\\/serrafm87\\\/#author\"},\"image\":{\"@type\":\"ImageObject\",\"url\":\"https:\\\/\\\/serrafm879.com.br\\\/serrafm\\\/wp-content\\\/uploads\\\/2025\\\/10\\\/Anotacao-2025-10-23-170916.png\",\"@id\":\"https:\\\/\\\/serrafm879.com.br\\\/serrafm\\\/2025\\\/10\\\/serra-talhada-recebe-acoes-de-conscientizacao-sobre-o-avc-e-cancer-de-mama\\\/#mainImage\",\"width\":648,\"height\":448},\"primaryImageOfPage\":{\"@id\":\"https:\\\/\\\/serrafm879.com.br\\\/serrafm\\\/2025\\\/10\\\/serra-talhada-recebe-acoes-de-conscientizacao-sobre-o-avc-e-cancer-de-mama\\\/#mainImage\"},\"datePublished\":\"2025-10-23T17:09:53-03:00\",\"dateModified\":\"2025-10-23T17:09:53-03:00\"},{\"@type\":\"WebSite\",\"@id\":\"https:\\\/\\\/serrafm879.com.br\\\/serrafm\\\/#website\",\"url\":\"https:\\\/\\\/serrafm879.com.br\\\/serrafm\\\/\",\"name\":\"Serra FM 87,9\",\"description\":\"O seu novo amor!\",\"inLanguage\":\"pt-BR\",\"publisher\":{\"@id\":\"https:\\\/\\\/serrafm879.com.br\\\/serrafm\\\/#organization\"}}]}\n\t\t<\/script>\n\t\t<!-- All in One SEO -->\n\n","aioseo_head_json":{"title":"Serra Talhada recebe a\u00e7\u00f5es de conscientiza\u00e7\u00e3o sobre o AVC e c\u00e2ncer de mama - Serra FM 87,9","description":"Nesta quinta-feira (23), a cidade de Serra Talhada vai receber a\u00e7\u00f5es voltadas \u00e0 promo\u00e7\u00e3o da sa\u00fade e \u00e0 conscientiza\u00e7\u00e3o da popula\u00e7\u00e3o sobre as doen\u00e7as de Acidente Vascular Cerebral (AVC) e c\u00e2ncer de mama. Os eventos s\u00e3o promovidos pela Secretaria Estadual de Sa\u00fade de Pernambuco, Hospital Eduardo Campos (HEC), Hospital Agamenon Magalh\u00e3es (HOSPAM), XI Ger\u00eancia Regional","canonical_url":"https:\/\/serrafm879.com.br\/serrafm\/2025\/10\/serra-talhada-recebe-acoes-de-conscientizacao-sobre-o-avc-e-cancer-de-mama\/","robots":"max-image-preview:large","keywords":"","webmasterTools":{"miscellaneous":""},"schema":{"@context":"https:\/\/schema.org","@graph":[{"@type":"BlogPosting","@id":"https:\/\/serrafm879.com.br\/serrafm\/2025\/10\/serra-talhada-recebe-acoes-de-conscientizacao-sobre-o-avc-e-cancer-de-mama\/#blogposting","name":"Serra Talhada recebe a\u00e7\u00f5es de conscientiza\u00e7\u00e3o sobre o AVC e c\u00e2ncer de mama - Serra FM 87,9","headline":"Serra Talhada recebe a\u00e7\u00f5es de conscientiza\u00e7\u00e3o sobre o AVC e c\u00e2ncer de mama","author":{"@id":"https:\/\/serrafm879.com.br\/serrafm\/author\/serrafm87\/#author"},"publisher":{"@id":"https:\/\/serrafm879.com.br\/serrafm\/#organization"},"image":{"@type":"ImageObject","url":"https:\/\/serrafm879.com.br\/serrafm\/wp-content\/uploads\/2025\/10\/Anotacao-2025-10-23-170916.png","width":648,"height":448},"datePublished":"2025-10-23T17:09:53-03:00","dateModified":"2025-10-23T17:09:53-03:00","inLanguage":"pt-BR","mainEntityOfPage":{"@id":"https:\/\/serrafm879.com.br\/serrafm\/2025\/10\/serra-talhada-recebe-acoes-de-conscientizacao-sobre-o-avc-e-cancer-de-mama\/#webpage"},"isPartOf":{"@id":"https:\/\/serrafm879.com.br\/serrafm\/2025\/10\/serra-talhada-recebe-acoes-de-conscientizacao-sobre-o-avc-e-cancer-de-mama\/#webpage"},"articleSection":"Serra Talhada"},{"@type":"BreadcrumbList","@id":"https:\/\/serrafm879.com.br\/serrafm\/2025\/10\/serra-talhada-recebe-acoes-de-conscientizacao-sobre-o-avc-e-cancer-de-mama\/#breadcrumblist","itemListElement":[{"@type":"ListItem","@id":"https:\/\/serrafm879.com.br\/serrafm#listItem","position":1,"name":"Home","item":"https:\/\/serrafm879.com.br\/serrafm","nextItem":{"@type":"ListItem","@id":"https:\/\/serrafm879.com.br\/serrafm\/categoria\/serra-talhada\/#listItem","name":"Serra Talhada"}},{"@type":"ListItem","@id":"https:\/\/serrafm879.com.br\/serrafm\/categoria\/serra-talhada\/#listItem","position":2,"name":"Serra Talhada","item":"https:\/\/serrafm879.com.br\/serrafm\/categoria\/serra-talhada\/","nextItem":{"@type":"ListItem","@id":"https:\/\/serrafm879.com.br\/serrafm\/2025\/10\/serra-talhada-recebe-acoes-de-conscientizacao-sobre-o-avc-e-cancer-de-mama\/#listItem","name":"Serra Talhada recebe a\u00e7\u00f5es de conscientiza\u00e7\u00e3o sobre o AVC e c\u00e2ncer de mama"},"previousItem":{"@type":"ListItem","@id":"https:\/\/serrafm879.com.br\/serrafm#listItem","name":"Home"}},{"@type":"ListItem","@id":"https:\/\/serrafm879.com.br\/serrafm\/2025\/10\/serra-talhada-recebe-acoes-de-conscientizacao-sobre-o-avc-e-cancer-de-mama\/#listItem","position":3,"name":"Serra Talhada recebe a\u00e7\u00f5es de conscientiza\u00e7\u00e3o sobre o AVC e c\u00e2ncer de mama","previousItem":{"@type":"ListItem","@id":"https:\/\/serrafm879.com.br\/serrafm\/categoria\/serra-talhada\/#listItem","name":"Serra Talhada"}}]},{"@type":"Organization","@id":"https:\/\/serrafm879.com.br\/serrafm\/#organization","name":"Serra FM 87,9","description":"O seu novo amor!","url":"https:\/\/serrafm879.com.br\/serrafm\/"},{"@type":"Person","@id":"https:\/\/serrafm879.com.br\/serrafm\/author\/serrafm87\/#author","url":"https:\/\/serrafm879.com.br\/serrafm\/author\/serrafm87\/","name":"serrafm87","image":{"@type":"ImageObject","@id":"https:\/\/serrafm879.com.br\/serrafm\/2025\/10\/serra-talhada-recebe-acoes-de-conscientizacao-sobre-o-avc-e-cancer-de-mama\/#authorImage","url":"https:\/\/secure.gravatar.com\/avatar\/a743233f1112d34f48bb3dc9559b76eb930bab8b27175856cba6362608736235?s=96&d=mm&r=g","width":96,"height":96,"caption":"serrafm87"}},{"@type":"WebPage","@id":"https:\/\/serrafm879.com.br\/serrafm\/2025\/10\/serra-talhada-recebe-acoes-de-conscientizacao-sobre-o-avc-e-cancer-de-mama\/#webpage","url":"https:\/\/serrafm879.com.br\/serrafm\/2025\/10\/serra-talhada-recebe-acoes-de-conscientizacao-sobre-o-avc-e-cancer-de-mama\/","name":"Serra Talhada recebe a\u00e7\u00f5es de conscientiza\u00e7\u00e3o sobre o AVC e c\u00e2ncer de mama - Serra FM 87,9","description":"Nesta quinta-feira (23), a cidade de Serra Talhada vai receber a\u00e7\u00f5es voltadas \u00e0 promo\u00e7\u00e3o da sa\u00fade e \u00e0 conscientiza\u00e7\u00e3o da popula\u00e7\u00e3o sobre as doen\u00e7as de Acidente Vascular Cerebral (AVC) e c\u00e2ncer de mama. Os eventos s\u00e3o promovidos pela Secretaria Estadual de Sa\u00fade de Pernambuco, Hospital Eduardo Campos (HEC), Hospital Agamenon Magalh\u00e3es (HOSPAM), XI Ger\u00eancia Regional","inLanguage":"pt-BR","isPartOf":{"@id":"https:\/\/serrafm879.com.br\/serrafm\/#website"},"breadcrumb":{"@id":"https:\/\/serrafm879.com.br\/serrafm\/2025\/10\/serra-talhada-recebe-acoes-de-conscientizacao-sobre-o-avc-e-cancer-de-mama\/#breadcrumblist"},"author":{"@id":"https:\/\/serrafm879.com.br\/serrafm\/author\/serrafm87\/#author"},"creator":{"@id":"https:\/\/serrafm879.com.br\/serrafm\/author\/serrafm87\/#author"},"image":{"@type":"ImageObject","url":"https:\/\/serrafm879.com.br\/serrafm\/wp-content\/uploads\/2025\/10\/Anotacao-2025-10-23-170916.png","@id":"https:\/\/serrafm879.com.br\/serrafm\/2025\/10\/serra-talhada-recebe-acoes-de-conscientizacao-sobre-o-avc-e-cancer-de-mama\/#mainImage","width":648,"height":448},"primaryImageOfPage":{"@id":"https:\/\/serrafm879.com.br\/serrafm\/2025\/10\/serra-talhada-recebe-acoes-de-conscientizacao-sobre-o-avc-e-cancer-de-mama\/#mainImage"},"datePublished":"2025-10-23T17:09:53-03:00","dateModified":"2025-10-23T17:09:53-03:00"},{"@type":"WebSite","@id":"https:\/\/serrafm879.com.br\/serrafm\/#website","url":"https:\/\/serrafm879.com.br\/serrafm\/","name":"Serra FM 87,9","description":"O seu novo amor!","inLanguage":"pt-BR","publisher":{"@id":"https:\/\/serrafm879.com.br\/serrafm\/#organization"}}]},"twitter:card":"summary_large_image","twitter:title":"Serra Talhada recebe a\u00e7\u00f5es de conscientiza\u00e7\u00e3o sobre o AVC e c\u00e2ncer de mama - Serra FM 87,9","twitter:description":"Nesta quinta-feira (23), a cidade de Serra Talhada vai receber a\u00e7\u00f5es voltadas \u00e0 promo\u00e7\u00e3o da sa\u00fade e \u00e0 conscientiza\u00e7\u00e3o da popula\u00e7\u00e3o sobre as doen\u00e7as de Acidente Vascular Cerebral (AVC) e c\u00e2ncer de mama. Os eventos s\u00e3o promovidos pela Secretaria Estadual de Sa\u00fade de Pernambuco, Hospital Eduardo Campos (HEC), Hospital Agamenon Magalh\u00e3es (HOSPAM), XI Ger\u00eancia Regional","twitter:image":"https:\/\/serrafm879.com.br\/serrafm\/wp-content\/uploads\/2025\/10\/Anotacao-2025-10-23-170916.png"},"aioseo_meta_data":{"post_id":"24682","title":null,"description":null,"keywords":null,"keyphrases":null,"primary_term":null,"canonical_url":null,"og_title":null,"og_description":null,"og_object_type":"default","og_image_type":"default","og_image_custom_url":null,"og_image_custom_fields":null,"og_image_url":null,"og_image_width":null,"og_image_height":null,"og_video":null,"og_custom_url":null,"og_article_section":null,"og_article_tags":null,"twitter_use_og":false,"twitter_card":"default","twitter_image_type":"default","twitter_image_custom_url":null,"twitter_image_custom_fields":null,"twitter_image_url":null,"twitter_title":null,"twitter_description":null,"schema_type":"default","schema_type_options":null,"schema":{"blockGraphs":[],"customGraphs":[],"default":{"data":{"Article":[],"Course":[],"Dataset":[],"FAQPage":[],"Movie":[],"Person":[],"Product":[],"ProductReview":[],"Car":[],"Recipe":[],"Service":[],"SoftwareApplication":[],"WebPage":[]},"graphName":"","isEnabled":true},"graphs":[]},"pillar_content":false,"robots_default":true,"robots_noindex":false,"robots_noarchive":false,"robots_nosnippet":false,"robots_nofollow":false,"robots_noimageindex":false,"robots_noodp":false,"robots_notranslate":false,"robots_max_snippet":null,"robots_max_videopreview":null,"robots_max_imagepreview":"large","priority":null,"frequency":null,"local_seo":null,"limit_modified_date":false,"ai":null,"breadcrumb_settings":null,"seo_analyzer_scan_date":null,"created":"2026-07-21 17:34:45","updated":"2026-07-21 17:34:45"},"aioseo_breadcrumb":"<div class=\"aioseo-breadcrumbs\"><span class=\"aioseo-breadcrumb\">\n\t\t\t<a href=\"https:\/\/serrafm879.com.br\/serrafm\" title=\"Home\">Home<\/a>\n\t\t<\/span><span class=\"aioseo-breadcrumb-separator\">&raquo;<\/span><span class=\"aioseo-breadcrumb\">\n\t\t\t<a href=\"https:\/\/serrafm879.com.br\/serrafm\/categoria\/serra-talhada\/\" title=\"Serra Talhada\">Serra Talhada<\/a>\n\t\t<\/span><span class=\"aioseo-breadcrumb-separator\">&raquo;<\/span><span class=\"aioseo-breadcrumb\">\n\t\t\tSerra Talhada recebe a\u00e7\u00f5es de conscientiza\u00e7\u00e3o sobre o AVC e c\u00e2ncer de mama\n\t\t<\/span><\/div>","aioseo_breadcrumb_json":[{"label":"Home","link":"https:\/\/serrafm879.com.br\/serrafm"},{"label":"Serra Talhada","link":"https:\/\/serrafm879.com.br\/serrafm\/categoria\/serra-talhada\/"},{"label":"Serra Talhada recebe a\u00e7\u00f5es de conscientiza\u00e7\u00e3o sobre o AVC e c\u00e2ncer de mama","link":"https:\/\/serrafm879.com.br\/serrafm\/2025\/10\/serra-talhada-recebe-acoes-de-conscientizacao-sobre-o-avc-e-cancer-de-mama\/"}],"jetpack_publicize_connections":[],"jetpack_featured_media_url":"https:\/\/serrafm879.com.br\/serrafm\/wp-content\/uploads\/2025\/10\/Anotacao-2025-10-23-170916.png","jetpack_shortlink":"https:\/\/wp.me\/p7HyXg-6q6","jetpack_sharing_enabled":true,"_links":{"self":[{"href":"https:\/\/serrafm879.com.br\/serrafm\/wp-json\/wp\/v2\/posts\/24682","targetHints":{"allow":["GET"]}}],"collection":[{"href":"https:\/\/serrafm879.com.br\/serrafm\/wp-json\/wp\/v2\/posts"}],"about":[{"href":"https:\/\/serrafm879.com.br\/serrafm\/wp-json\/wp\/v2\/types\/post"}],"author":[{"embeddable":true,"href":"https:\/\/serrafm879.com.br\/serrafm\/wp-json\/wp\/v2\/users\/2"}],"replies":[{"embeddable":true,"href":"https:\/\/serrafm879.com.br\/serrafm\/wp-json\/wp\/v2\/comments?post=24682"}],"version-history":[{"count":1,"href":"https:\/\/serrafm879.com.br\/serrafm\/wp-json\/wp\/v2\/posts\/24682\/revisions"}],"predecessor-version":[{"id":24684,"href":"https:\/\/serrafm879.com.br\/serrafm\/wp-json\/wp\/v2\/posts\/24682\/revisions\/24684"}],"wp:featuredmedia":[{"embeddable":true,"href":"https:\/\/serrafm879.com.br\/serrafm\/wp-json\/wp\/v2\/media\/24683"}],"wp:attachment":[{"href":"https:\/\/serrafm879.com.br\/serrafm\/wp-json\/wp\/v2\/media?parent=24682"}],"wp:term":[{"taxonomy":"category","embeddable":true,"href":"https:\/\/serrafm879.com.br\/serrafm\/wp-json\/wp\/v2\/categories?post=24682"},{"taxonomy":"post_tag","embeddable":true,"href":"https:\/\/serrafm879.com.br\/serrafm\/wp-json\/wp\/v2\/tags?post=24682"}],"curies":[{"name":"wp","href":"https:\/\/api.w.org\/{rel}","templated":true}]}}