{"id":24685,"date":"2025-10-23T17:11:22","date_gmt":"2025-10-23T20:11:22","guid":{"rendered":"https:\/\/serrafm879.com.br\/serrafm\/?p=24685"},"modified":"2025-10-23T17:11:22","modified_gmt":"2025-10-23T20:11:22","slug":"dois-novos-casos-de-intoxicacao-por-metanol-sao-registrados-em-salgueiro","status":"publish","type":"post","link":"https:\/\/serrafm879.com.br\/serrafm\/2025\/10\/dois-novos-casos-de-intoxicacao-por-metanol-sao-registrados-em-salgueiro\/","title":{"rendered":"Dois novos casos de intoxica\u00e7\u00e3o por metanol s\u00e3o registrados em Salgueiro"},"content":{"rendered":"<p>A Secretaria de Defesa Social de Pernambuco e a Secretaria Estadual de Sa\u00fade (SES-PE) detalham, nesta quinta-feira (23), dois novos casos de intoxica\u00e7\u00e3o por\u00a0<strong>metanol<\/strong>, subst\u00e2ncia altamente t\u00f3xica, registrados no munic\u00edpio de\u00a0<strong>Salgueiro<\/strong>, no Sert\u00e3o do Estado.<\/p>\n<p>De acordo com as informa\u00e7\u00f5es,\u00a0<strong>uma das v\u00edtimas n\u00e3o resistiu e morreu<\/strong>, enquanto\u00a0<strong>outra pessoa recebeu atendimento m\u00e9dico e j\u00e1 teve alta hospitalar<\/strong>.<\/p>\n<p>A\u00a0<strong>Delegacia de Pol\u00edcia de Salgueiro<\/strong>\u00a0est\u00e1 conduzindo as investiga\u00e7\u00f5es para identificar a origem da subst\u00e2ncia e as circunst\u00e2ncias do consumo.<\/p>\n<p>O caso ser\u00e1 apresentado durante um\u00a0<strong>atendimento \u00e0 imprensa<\/strong>\u00a0que contar\u00e1 com representantes das\u00a0<strong>Pol\u00edcias Civil e Cient\u00edfica<\/strong>, al\u00e9m da\u00a0<strong>Secretaria Estadual de Sa\u00fade<\/strong>.<\/p>\n","protected":false},"excerpt":{"rendered":"<p>A Secretaria de Defesa Social de Pernambuco e a Secretaria Estadual de Sa\u00fade (SES-PE) detalham, nesta quinta-feira (23), dois novos casos de intoxica\u00e7\u00e3o por\u00a0metanol, subst\u00e2ncia altamente t\u00f3xica, registrados no munic\u00edpio de\u00a0Salgueiro, no Sert\u00e3o do Estado. De acordo com as informa\u00e7\u00f5es,\u00a0uma das v\u00edtimas n\u00e3o resistiu e morreu, enquanto\u00a0outra pessoa recebeu atendimento m\u00e9dico e j\u00e1 teve alta hospitalar. A\u00a0Delegacia de Pol\u00edcia de Salgueiro\u00a0est\u00e1 conduzindo as investiga\u00e7\u00f5es para identificar a origem da subst\u00e2ncia e as circunst\u00e2ncias do consumo. O caso ser\u00e1 apresentado durante um\u00a0atendimento \u00e0 imprensa\u00a0que contar\u00e1 com representantes das\u00a0Pol\u00edcias Civil e Cient\u00edfica, al\u00e9m da\u00a0Secretaria Estadual de Sa\u00fade.<\/p>\n","protected":false},"author":2,"featured_media":24686,"comment_status":"open","ping_status":"open","sticky":false,"template":"","format":"standard","meta":{"_jetpack_newsletter_access":"","_jetpack_dont_email_post_to_subs":false,"_jetpack_newsletter_tier_id":0,"_jetpack_memberships_contains_paywalled_content":false,"_jetpack_feature_clip_id":0,"_jetpack_memberships_contains_paid_content":false,"footnotes":"","jetpack_publicize_message":"","jetpack_publicize_feature_enabled":true,"jetpack_social_post_already_shared":true,"jetpack_social_options":{"image_generator_settings":{"template":"highway","default_image_id":0,"font":"","enabled":false},"version":2},"jetpack_post_was_ever_published":false},"categories":[288],"tags":[],"class_list":["post-24685","post","type-post","status-publish","format-standard","has-post-thumbnail","hentry","category-pernambuco"],"aioseo_notices":[],"aioseo_head":"\n\t\t<!-- All in One SEO 4.9.10 - aioseo.com -->\n\t<meta name=\"description\" content=\"A Secretaria de Defesa Social de Pernambuco e a Secretaria Estadual de Sa\u00fade (SES-PE) detalham, nesta quinta-feira (23), dois novos casos de intoxica\u00e7\u00e3o por metanol, subst\u00e2ncia altamente t\u00f3xica, registrados no munic\u00edpio de Salgueiro, no Sert\u00e3o do Estado. De acordo com as informa\u00e7\u00f5es, uma das v\u00edtimas n\u00e3o resistiu e morreu, enquanto outra pessoa recebeu atendimento m\u00e9dico e j\u00e1 teve alta\" \/>\n\t<meta name=\"robots\" content=\"max-image-preview:large\" \/>\n\t<meta name=\"author\" content=\"serrafm87\"\/>\n\t<link rel=\"canonical\" href=\"https:\/\/serrafm879.com.br\/serrafm\/2025\/10\/dois-novos-casos-de-intoxicacao-por-metanol-sao-registrados-em-salgueiro\/\" \/>\n\t<meta name=\"generator\" content=\"All in One SEO (AIOSEO) 4.9.10\" \/>\n\t\t<meta name=\"twitter:card\" content=\"summary_large_image\" \/>\n\t\t<meta name=\"twitter:title\" content=\"Dois novos casos de intoxica\u00e7\u00e3o por metanol s\u00e3o registrados em Salgueiro - Serra FM 87,9\" \/>\n\t\t<meta name=\"twitter:description\" content=\"A Secretaria de Defesa Social de Pernambuco e a Secretaria Estadual de Sa\u00fade (SES-PE) detalham, nesta quinta-feira (23), dois novos casos de intoxica\u00e7\u00e3o por metanol, subst\u00e2ncia altamente t\u00f3xica, registrados no munic\u00edpio de Salgueiro, no Sert\u00e3o do Estado. De acordo com as informa\u00e7\u00f5es, uma das v\u00edtimas n\u00e3o resistiu e morreu, enquanto outra pessoa recebeu atendimento m\u00e9dico e j\u00e1 teve alta\" \/>\n\t\t<meta name=\"twitter:image\" content=\"https:\/\/serrafm879.com.br\/serrafm\/wp-content\/uploads\/2025\/10\/Anotacao-2025-10-23-171052.png\" \/>\n\t\t<script type=\"application\/ld+json\" class=\"aioseo-schema\">\n\t\t\t{\"@context\":\"https:\\\/\\\/schema.org\",\"@graph\":[{\"@type\":\"BlogPosting\",\"@id\":\"https:\\\/\\\/serrafm879.com.br\\\/serrafm\\\/2025\\\/10\\\/dois-novos-casos-de-intoxicacao-por-metanol-sao-registrados-em-salgueiro\\\/#blogposting\",\"name\":\"Dois novos casos de intoxica\\u00e7\\u00e3o por metanol s\\u00e3o registrados em Salgueiro - Serra FM 87,9\",\"headline\":\"Dois novos casos de intoxica\\u00e7\\u00e3o por metanol s\\u00e3o registrados em Salgueiro\",\"author\":{\"@id\":\"https:\\\/\\\/serrafm879.com.br\\\/serrafm\\\/author\\\/serrafm87\\\/#author\"},\"publisher\":{\"@id\":\"https:\\\/\\\/serrafm879.com.br\\\/serrafm\\\/#organization\"},\"image\":{\"@type\":\"ImageObject\",\"url\":\"https:\\\/\\\/serrafm879.com.br\\\/serrafm\\\/wp-content\\\/uploads\\\/2025\\\/10\\\/Anotacao-2025-10-23-171052.png\",\"width\":268,\"height\":185},\"datePublished\":\"2025-10-23T17:11:22-03:00\",\"dateModified\":\"2025-10-23T17:11:22-03:00\",\"inLanguage\":\"pt-BR\",\"mainEntityOfPage\":{\"@id\":\"https:\\\/\\\/serrafm879.com.br\\\/serrafm\\\/2025\\\/10\\\/dois-novos-casos-de-intoxicacao-por-metanol-sao-registrados-em-salgueiro\\\/#webpage\"},\"isPartOf\":{\"@id\":\"https:\\\/\\\/serrafm879.com.br\\\/serrafm\\\/2025\\\/10\\\/dois-novos-casos-de-intoxicacao-por-metanol-sao-registrados-em-salgueiro\\\/#webpage\"},\"articleSection\":\"Pernambuco\"},{\"@type\":\"BreadcrumbList\",\"@id\":\"https:\\\/\\\/serrafm879.com.br\\\/serrafm\\\/2025\\\/10\\\/dois-novos-casos-de-intoxicacao-por-metanol-sao-registrados-em-salgueiro\\\/#breadcrumblist\",\"itemListElement\":[{\"@type\":\"ListItem\",\"@id\":\"https:\\\/\\\/serrafm879.com.br\\\/serrafm#listItem\",\"position\":1,\"name\":\"Home\",\"item\":\"https:\\\/\\\/serrafm879.com.br\\\/serrafm\",\"nextItem\":{\"@type\":\"ListItem\",\"@id\":\"https:\\\/\\\/serrafm879.com.br\\\/serrafm\\\/categoria\\\/pernambuco\\\/#listItem\",\"name\":\"Pernambuco\"}},{\"@type\":\"ListItem\",\"@id\":\"https:\\\/\\\/serrafm879.com.br\\\/serrafm\\\/categoria\\\/pernambuco\\\/#listItem\",\"position\":2,\"name\":\"Pernambuco\",\"item\":\"https:\\\/\\\/serrafm879.com.br\\\/serrafm\\\/categoria\\\/pernambuco\\\/\",\"nextItem\":{\"@type\":\"ListItem\",\"@id\":\"https:\\\/\\\/serrafm879.com.br\\\/serrafm\\\/2025\\\/10\\\/dois-novos-casos-de-intoxicacao-por-metanol-sao-registrados-em-salgueiro\\\/#listItem\",\"name\":\"Dois novos casos de intoxica\\u00e7\\u00e3o por metanol s\\u00e3o registrados em Salgueiro\"},\"previousItem\":{\"@type\":\"ListItem\",\"@id\":\"https:\\\/\\\/serrafm879.com.br\\\/serrafm#listItem\",\"name\":\"Home\"}},{\"@type\":\"ListItem\",\"@id\":\"https:\\\/\\\/serrafm879.com.br\\\/serrafm\\\/2025\\\/10\\\/dois-novos-casos-de-intoxicacao-por-metanol-sao-registrados-em-salgueiro\\\/#listItem\",\"position\":3,\"name\":\"Dois novos casos de intoxica\\u00e7\\u00e3o por metanol s\\u00e3o registrados em Salgueiro\",\"previousItem\":{\"@type\":\"ListItem\",\"@id\":\"https:\\\/\\\/serrafm879.com.br\\\/serrafm\\\/categoria\\\/pernambuco\\\/#listItem\",\"name\":\"Pernambuco\"}}]},{\"@type\":\"Organization\",\"@id\":\"https:\\\/\\\/serrafm879.com.br\\\/serrafm\\\/#organization\",\"name\":\"Serra FM 87,9\",\"description\":\"O seu novo amor!\",\"url\":\"https:\\\/\\\/serrafm879.com.br\\\/serrafm\\\/\"},{\"@type\":\"Person\",\"@id\":\"https:\\\/\\\/serrafm879.com.br\\\/serrafm\\\/author\\\/serrafm87\\\/#author\",\"url\":\"https:\\\/\\\/serrafm879.com.br\\\/serrafm\\\/author\\\/serrafm87\\\/\",\"name\":\"serrafm87\",\"image\":{\"@type\":\"ImageObject\",\"@id\":\"https:\\\/\\\/serrafm879.com.br\\\/serrafm\\\/2025\\\/10\\\/dois-novos-casos-de-intoxicacao-por-metanol-sao-registrados-em-salgueiro\\\/#authorImage\",\"url\":\"https:\\\/\\\/secure.gravatar.com\\\/avatar\\\/a743233f1112d34f48bb3dc9559b76eb930bab8b27175856cba6362608736235?s=96&d=mm&r=g\",\"width\":96,\"height\":96,\"caption\":\"serrafm87\"}},{\"@type\":\"WebPage\",\"@id\":\"https:\\\/\\\/serrafm879.com.br\\\/serrafm\\\/2025\\\/10\\\/dois-novos-casos-de-intoxicacao-por-metanol-sao-registrados-em-salgueiro\\\/#webpage\",\"url\":\"https:\\\/\\\/serrafm879.com.br\\\/serrafm\\\/2025\\\/10\\\/dois-novos-casos-de-intoxicacao-por-metanol-sao-registrados-em-salgueiro\\\/\",\"name\":\"Dois novos casos de intoxica\\u00e7\\u00e3o por metanol s\\u00e3o registrados em Salgueiro - Serra FM 87,9\",\"description\":\"A Secretaria de Defesa Social de Pernambuco e a Secretaria Estadual de Sa\\u00fade (SES-PE) detalham, nesta quinta-feira (23), dois novos casos de intoxica\\u00e7\\u00e3o por metanol, subst\\u00e2ncia altamente t\\u00f3xica, registrados no munic\\u00edpio de Salgueiro, no Sert\\u00e3o do Estado. De acordo com as informa\\u00e7\\u00f5es, uma das v\\u00edtimas n\\u00e3o resistiu e morreu, enquanto outra pessoa recebeu atendimento m\\u00e9dico e j\\u00e1 teve alta\",\"inLanguage\":\"pt-BR\",\"isPartOf\":{\"@id\":\"https:\\\/\\\/serrafm879.com.br\\\/serrafm\\\/#website\"},\"breadcrumb\":{\"@id\":\"https:\\\/\\\/serrafm879.com.br\\\/serrafm\\\/2025\\\/10\\\/dois-novos-casos-de-intoxicacao-por-metanol-sao-registrados-em-salgueiro\\\/#breadcrumblist\"},\"author\":{\"@id\":\"https:\\\/\\\/serrafm879.com.br\\\/serrafm\\\/author\\\/serrafm87\\\/#author\"},\"creator\":{\"@id\":\"https:\\\/\\\/serrafm879.com.br\\\/serrafm\\\/author\\\/serrafm87\\\/#author\"},\"image\":{\"@type\":\"ImageObject\",\"url\":\"https:\\\/\\\/serrafm879.com.br\\\/serrafm\\\/wp-content\\\/uploads\\\/2025\\\/10\\\/Anotacao-2025-10-23-171052.png\",\"@id\":\"https:\\\/\\\/serrafm879.com.br\\\/serrafm\\\/2025\\\/10\\\/dois-novos-casos-de-intoxicacao-por-metanol-sao-registrados-em-salgueiro\\\/#mainImage\",\"width\":268,\"height\":185},\"primaryImageOfPage\":{\"@id\":\"https:\\\/\\\/serrafm879.com.br\\\/serrafm\\\/2025\\\/10\\\/dois-novos-casos-de-intoxicacao-por-metanol-sao-registrados-em-salgueiro\\\/#mainImage\"},\"datePublished\":\"2025-10-23T17:11:22-03:00\",\"dateModified\":\"2025-10-23T17:11:22-03:00\"},{\"@type\":\"WebSite\",\"@id\":\"https:\\\/\\\/serrafm879.com.br\\\/serrafm\\\/#website\",\"url\":\"https:\\\/\\\/serrafm879.com.br\\\/serrafm\\\/\",\"name\":\"Serra FM 87,9\",\"description\":\"O seu novo amor!\",\"inLanguage\":\"pt-BR\",\"publisher\":{\"@id\":\"https:\\\/\\\/serrafm879.com.br\\\/serrafm\\\/#organization\"}}]}\n\t\t<\/script>\n\t\t<!-- All in One SEO -->\n\n","aioseo_head_json":{"title":"Dois novos casos de intoxica\u00e7\u00e3o por metanol s\u00e3o registrados em Salgueiro - Serra FM 87,9","description":"A Secretaria de Defesa Social de Pernambuco e a Secretaria Estadual de Sa\u00fade (SES-PE) detalham, nesta quinta-feira (23), dois novos casos de intoxica\u00e7\u00e3o por metanol, subst\u00e2ncia altamente t\u00f3xica, registrados no munic\u00edpio de Salgueiro, no Sert\u00e3o do Estado. De acordo com as informa\u00e7\u00f5es, uma das v\u00edtimas n\u00e3o resistiu e morreu, enquanto outra pessoa recebeu atendimento m\u00e9dico e j\u00e1 teve alta","canonical_url":"https:\/\/serrafm879.com.br\/serrafm\/2025\/10\/dois-novos-casos-de-intoxicacao-por-metanol-sao-registrados-em-salgueiro\/","robots":"max-image-preview:large","keywords":"","webmasterTools":{"miscellaneous":""},"schema":{"@context":"https:\/\/schema.org","@graph":[{"@type":"BlogPosting","@id":"https:\/\/serrafm879.com.br\/serrafm\/2025\/10\/dois-novos-casos-de-intoxicacao-por-metanol-sao-registrados-em-salgueiro\/#blogposting","name":"Dois novos casos de intoxica\u00e7\u00e3o por metanol s\u00e3o registrados em Salgueiro - Serra FM 87,9","headline":"Dois novos casos de intoxica\u00e7\u00e3o por metanol s\u00e3o registrados em Salgueiro","author":{"@id":"https:\/\/serrafm879.com.br\/serrafm\/author\/serrafm87\/#author"},"publisher":{"@id":"https:\/\/serrafm879.com.br\/serrafm\/#organization"},"image":{"@type":"ImageObject","url":"https:\/\/serrafm879.com.br\/serrafm\/wp-content\/uploads\/2025\/10\/Anotacao-2025-10-23-171052.png","width":268,"height":185},"datePublished":"2025-10-23T17:11:22-03:00","dateModified":"2025-10-23T17:11:22-03:00","inLanguage":"pt-BR","mainEntityOfPage":{"@id":"https:\/\/serrafm879.com.br\/serrafm\/2025\/10\/dois-novos-casos-de-intoxicacao-por-metanol-sao-registrados-em-salgueiro\/#webpage"},"isPartOf":{"@id":"https:\/\/serrafm879.com.br\/serrafm\/2025\/10\/dois-novos-casos-de-intoxicacao-por-metanol-sao-registrados-em-salgueiro\/#webpage"},"articleSection":"Pernambuco"},{"@type":"BreadcrumbList","@id":"https:\/\/serrafm879.com.br\/serrafm\/2025\/10\/dois-novos-casos-de-intoxicacao-por-metanol-sao-registrados-em-salgueiro\/#breadcrumblist","itemListElement":[{"@type":"ListItem","@id":"https:\/\/serrafm879.com.br\/serrafm#listItem","position":1,"name":"Home","item":"https:\/\/serrafm879.com.br\/serrafm","nextItem":{"@type":"ListItem","@id":"https:\/\/serrafm879.com.br\/serrafm\/categoria\/pernambuco\/#listItem","name":"Pernambuco"}},{"@type":"ListItem","@id":"https:\/\/serrafm879.com.br\/serrafm\/categoria\/pernambuco\/#listItem","position":2,"name":"Pernambuco","item":"https:\/\/serrafm879.com.br\/serrafm\/categoria\/pernambuco\/","nextItem":{"@type":"ListItem","@id":"https:\/\/serrafm879.com.br\/serrafm\/2025\/10\/dois-novos-casos-de-intoxicacao-por-metanol-sao-registrados-em-salgueiro\/#listItem","name":"Dois novos casos de intoxica\u00e7\u00e3o por metanol s\u00e3o registrados em Salgueiro"},"previousItem":{"@type":"ListItem","@id":"https:\/\/serrafm879.com.br\/serrafm#listItem","name":"Home"}},{"@type":"ListItem","@id":"https:\/\/serrafm879.com.br\/serrafm\/2025\/10\/dois-novos-casos-de-intoxicacao-por-metanol-sao-registrados-em-salgueiro\/#listItem","position":3,"name":"Dois novos casos de intoxica\u00e7\u00e3o por metanol s\u00e3o registrados em Salgueiro","previousItem":{"@type":"ListItem","@id":"https:\/\/serrafm879.com.br\/serrafm\/categoria\/pernambuco\/#listItem","name":"Pernambuco"}}]},{"@type":"Organization","@id":"https:\/\/serrafm879.com.br\/serrafm\/#organization","name":"Serra FM 87,9","description":"O seu novo amor!","url":"https:\/\/serrafm879.com.br\/serrafm\/"},{"@type":"Person","@id":"https:\/\/serrafm879.com.br\/serrafm\/author\/serrafm87\/#author","url":"https:\/\/serrafm879.com.br\/serrafm\/author\/serrafm87\/","name":"serrafm87","image":{"@type":"ImageObject","@id":"https:\/\/serrafm879.com.br\/serrafm\/2025\/10\/dois-novos-casos-de-intoxicacao-por-metanol-sao-registrados-em-salgueiro\/#authorImage","url":"https:\/\/secure.gravatar.com\/avatar\/a743233f1112d34f48bb3dc9559b76eb930bab8b27175856cba6362608736235?s=96&d=mm&r=g","width":96,"height":96,"caption":"serrafm87"}},{"@type":"WebPage","@id":"https:\/\/serrafm879.com.br\/serrafm\/2025\/10\/dois-novos-casos-de-intoxicacao-por-metanol-sao-registrados-em-salgueiro\/#webpage","url":"https:\/\/serrafm879.com.br\/serrafm\/2025\/10\/dois-novos-casos-de-intoxicacao-por-metanol-sao-registrados-em-salgueiro\/","name":"Dois novos casos de intoxica\u00e7\u00e3o por metanol s\u00e3o registrados em Salgueiro - Serra FM 87,9","description":"A Secretaria de Defesa Social de Pernambuco e a Secretaria Estadual de Sa\u00fade (SES-PE) detalham, nesta quinta-feira (23), dois novos casos de intoxica\u00e7\u00e3o por metanol, subst\u00e2ncia altamente t\u00f3xica, registrados no munic\u00edpio de Salgueiro, no Sert\u00e3o do Estado. De acordo com as informa\u00e7\u00f5es, uma das v\u00edtimas n\u00e3o resistiu e morreu, enquanto outra pessoa recebeu atendimento m\u00e9dico e j\u00e1 teve alta","inLanguage":"pt-BR","isPartOf":{"@id":"https:\/\/serrafm879.com.br\/serrafm\/#website"},"breadcrumb":{"@id":"https:\/\/serrafm879.com.br\/serrafm\/2025\/10\/dois-novos-casos-de-intoxicacao-por-metanol-sao-registrados-em-salgueiro\/#breadcrumblist"},"author":{"@id":"https:\/\/serrafm879.com.br\/serrafm\/author\/serrafm87\/#author"},"creator":{"@id":"https:\/\/serrafm879.com.br\/serrafm\/author\/serrafm87\/#author"},"image":{"@type":"ImageObject","url":"https:\/\/serrafm879.com.br\/serrafm\/wp-content\/uploads\/2025\/10\/Anotacao-2025-10-23-171052.png","@id":"https:\/\/serrafm879.com.br\/serrafm\/2025\/10\/dois-novos-casos-de-intoxicacao-por-metanol-sao-registrados-em-salgueiro\/#mainImage","width":268,"height":185},"primaryImageOfPage":{"@id":"https:\/\/serrafm879.com.br\/serrafm\/2025\/10\/dois-novos-casos-de-intoxicacao-por-metanol-sao-registrados-em-salgueiro\/#mainImage"},"datePublished":"2025-10-23T17:11:22-03:00","dateModified":"2025-10-23T17:11:22-03:00"},{"@type":"WebSite","@id":"https:\/\/serrafm879.com.br\/serrafm\/#website","url":"https:\/\/serrafm879.com.br\/serrafm\/","name":"Serra FM 87,9","description":"O seu novo amor!","inLanguage":"pt-BR","publisher":{"@id":"https:\/\/serrafm879.com.br\/serrafm\/#organization"}}]},"twitter:card":"summary_large_image","twitter:title":"Dois novos casos de intoxica\u00e7\u00e3o por metanol s\u00e3o registrados em Salgueiro - Serra FM 87,9","twitter:description":"A Secretaria de Defesa Social de Pernambuco e a Secretaria Estadual de Sa\u00fade (SES-PE) detalham, nesta quinta-feira (23), dois novos casos de intoxica\u00e7\u00e3o por metanol, subst\u00e2ncia altamente t\u00f3xica, registrados no munic\u00edpio de Salgueiro, no Sert\u00e3o do Estado. De acordo com as informa\u00e7\u00f5es, uma das v\u00edtimas n\u00e3o resistiu e morreu, enquanto outra pessoa recebeu atendimento m\u00e9dico e j\u00e1 teve alta","twitter:image":"https:\/\/serrafm879.com.br\/serrafm\/wp-content\/uploads\/2025\/10\/Anotacao-2025-10-23-171052.png"},"aioseo_meta_data":{"post_id":"24685","title":null,"description":null,"keywords":null,"keyphrases":null,"primary_term":null,"canonical_url":null,"og_title":null,"og_description":null,"og_object_type":"default","og_image_type":"default","og_image_custom_url":null,"og_image_custom_fields":null,"og_image_url":null,"og_image_width":null,"og_image_height":null,"og_video":null,"og_custom_url":null,"og_article_section":null,"og_article_tags":null,"twitter_use_og":false,"twitter_card":"default","twitter_image_type":"default","twitter_image_custom_url":null,"twitter_image_custom_fields":null,"twitter_image_url":null,"twitter_title":null,"twitter_description":null,"schema_type":"default","schema_type_options":null,"schema":{"blockGraphs":[],"customGraphs":[],"default":{"data":{"Article":[],"Course":[],"Dataset":[],"FAQPage":[],"Movie":[],"Person":[],"Product":[],"ProductReview":[],"Car":[],"Recipe":[],"Service":[],"SoftwareApplication":[],"WebPage":[]},"graphName":"","isEnabled":true},"graphs":[]},"pillar_content":false,"robots_default":true,"robots_noindex":false,"robots_noarchive":false,"robots_nosnippet":false,"robots_nofollow":false,"robots_noimageindex":false,"robots_noodp":false,"robots_notranslate":false,"robots_max_snippet":null,"robots_max_videopreview":null,"robots_max_imagepreview":"large","priority":null,"frequency":null,"local_seo":null,"limit_modified_date":false,"ai":null,"breadcrumb_settings":null,"seo_analyzer_scan_date":null,"created":"2026-07-21 17:34:45","updated":"2026-07-21 17:34:45"},"aioseo_breadcrumb":"<div class=\"aioseo-breadcrumbs\"><span class=\"aioseo-breadcrumb\">\n\t\t\t<a href=\"https:\/\/serrafm879.com.br\/serrafm\" title=\"Home\">Home<\/a>\n\t\t<\/span><span class=\"aioseo-breadcrumb-separator\">&raquo;<\/span><span class=\"aioseo-breadcrumb\">\n\t\t\t<a href=\"https:\/\/serrafm879.com.br\/serrafm\/categoria\/pernambuco\/\" title=\"Pernambuco\">Pernambuco<\/a>\n\t\t<\/span><span class=\"aioseo-breadcrumb-separator\">&raquo;<\/span><span class=\"aioseo-breadcrumb\">\n\t\t\tDois novos casos de intoxica\u00e7\u00e3o por metanol s\u00e3o registrados em Salgueiro\n\t\t<\/span><\/div>","aioseo_breadcrumb_json":[{"label":"Home","link":"https:\/\/serrafm879.com.br\/serrafm"},{"label":"Pernambuco","link":"https:\/\/serrafm879.com.br\/serrafm\/categoria\/pernambuco\/"},{"label":"Dois novos casos de intoxica\u00e7\u00e3o por metanol s\u00e3o registrados em Salgueiro","link":"https:\/\/serrafm879.com.br\/serrafm\/2025\/10\/dois-novos-casos-de-intoxicacao-por-metanol-sao-registrados-em-salgueiro\/"}],"jetpack_publicize_connections":[],"jetpack_featured_media_url":"https:\/\/serrafm879.com.br\/serrafm\/wp-content\/uploads\/2025\/10\/Anotacao-2025-10-23-171052.png","jetpack_shortlink":"https:\/\/wp.me\/p7HyXg-6q9","jetpack_sharing_enabled":true,"_links":{"self":[{"href":"https:\/\/serrafm879.com.br\/serrafm\/wp-json\/wp\/v2\/posts\/24685","targetHints":{"allow":["GET"]}}],"collection":[{"href":"https:\/\/serrafm879.com.br\/serrafm\/wp-json\/wp\/v2\/posts"}],"about":[{"href":"https:\/\/serrafm879.com.br\/serrafm\/wp-json\/wp\/v2\/types\/post"}],"author":[{"embeddable":true,"href":"https:\/\/serrafm879.com.br\/serrafm\/wp-json\/wp\/v2\/users\/2"}],"replies":[{"embeddable":true,"href":"https:\/\/serrafm879.com.br\/serrafm\/wp-json\/wp\/v2\/comments?post=24685"}],"version-history":[{"count":1,"href":"https:\/\/serrafm879.com.br\/serrafm\/wp-json\/wp\/v2\/posts\/24685\/revisions"}],"predecessor-version":[{"id":24687,"href":"https:\/\/serrafm879.com.br\/serrafm\/wp-json\/wp\/v2\/posts\/24685\/revisions\/24687"}],"wp:featuredmedia":[{"embeddable":true,"href":"https:\/\/serrafm879.com.br\/serrafm\/wp-json\/wp\/v2\/media\/24686"}],"wp:attachment":[{"href":"https:\/\/serrafm879.com.br\/serrafm\/wp-json\/wp\/v2\/media?parent=24685"}],"wp:term":[{"taxonomy":"category","embeddable":true,"href":"https:\/\/serrafm879.com.br\/serrafm\/wp-json\/wp\/v2\/categories?post=24685"},{"taxonomy":"post_tag","embeddable":true,"href":"https:\/\/serrafm879.com.br\/serrafm\/wp-json\/wp\/v2\/tags?post=24685"}],"curies":[{"name":"wp","href":"https:\/\/api.w.org\/{rel}","templated":true}]}}